{"id":102,"date":"2010-06-28T14:03:03","date_gmt":"2010-06-28T17:03:03","guid":{"rendered":"http:\/\/blog.panrotas.com.br\/distribuindoviagens\/?p=102"},"modified":"2010-06-28T14:03:03","modified_gmt":"2010-06-28T17:03:03","slug":"cargill-faz-45-anos-de-brasil","status":"publish","type":"post","link":"https:\/\/blog.panrotas.com.br\/b2btech\/2010\/06\/28\/cargill-faz-45-anos-de-brasil\/","title":{"rendered":"Cargill faz 45 anos de Brasil"},"content":{"rendered":"<p>A Cargill Agr\u00edcola S.A., corpora\u00e7\u00e3o multinacional com presen\u00e7a em 67 pa\u00edses, acaba de completar 45 anos de Brasil.<\/p>\n<p>Fundada em 1865 como um armaz\u00e9m de gr\u00e3os, emprega hoje 130.000 pessoas em todo o mundo e atua nos mercados de alimenta\u00e7\u00e3o, agricultura, financeiro e industrial.<\/p>\n<p>Algu\u00e9m pode pensar: e o que este assunto tem a ver com distribui\u00e7\u00e3o na ind\u00fastria de viagens?<\/p>\n<p>Bem, uma empresa que atua em tantos pa\u00edses e re\u00fane esta quantidade de colaboradores, certamente \u00e9 um grande comprador de viagens corporativas.<\/p>\n<p>Com caracter\u00edsticas muito pr\u00f3prias em seu modelo de gest\u00e3o estrat\u00e9gica, a inova\u00e7\u00e3o e o comprometimento da equipe s\u00e3o itens que fazem parte do esp\u00edrito da empresa.<\/p>\n<p>Tendo observado estes fatos de forma muito pessoal, ao longo de 5 anos de relacionamento, pude confirm\u00e1-los no evento que celebrou os 45 anos de sua presen\u00e7a no Brasil, em 24 de junho, em S\u00e3o Paulo, com a presen\u00e7a de clientes, parceiros, comunidades e funcion\u00e1rios.<\/p>\n<p>Aplicando na pr\u00e1tica o conceito de <a title=\"Ag\u00eancia e sistema: global ou local?\" href=\"http:\/\/blog.panrotas.com.br\/distribuindoviagens\/index.php\/2010\/05\/07\/agencia-e-sistema-global-ou-local\/\" target=\"_blank\" rel=\"noopener noreferrer\">pensar globalmente e atuar localmente<\/a>, com 6 mil colaboradores atuando em mais de 100 cidades brasileiras, a Cargill valoriza os fornecedores nacionais e estimula a inova\u00e7\u00e3o e o desenvolvimento de novas solu\u00e7\u00f5es para suas demandas internas.<\/p>\n<p>No caso dos fornecedores de servi\u00e7os relacionados \u00e0 gest\u00e3o de suas viagens corporativas, a Cargill tamb\u00e9m vem primando pela inova\u00e7\u00e3o, tendo sido a primeira empresa a implantar um SBT (<em>self-booking tool<\/em> ou sistema de reservas online) desenvolvido no Brasil e, agora, a estimular sua distribui\u00e7\u00e3o para outros pa\u00edses da Am\u00e9rica Latina.<\/p>\n<p>Visando o m\u00e9dio e longo prazos, a Cargill vem colhendo os resultados de sua <em>expertise<\/em> em gerenciamento de risco, reduzindo seus custos, com\u00a0maior controle nos gastos com viagens de seus colaboradores.<\/p>\n","protected":false},"excerpt":{"rendered":"<p>A Cargill Agr\u00edcola S.A., corpora\u00e7\u00e3o multinacional com presen\u00e7a em 67 pa\u00edses, acaba de completar 45 anos de Brasil. Fundada em 1865 como um armaz\u00e9m de gr\u00e3os, emprega hoje 130.000 pessoas em todo o mundo e atua nos mercados de alimenta\u00e7\u00e3o, agricultura, financeiro e industrial. Algu\u00e9m pode pensar: e o que este assunto tem a ver&hellip; <a class=\"more-link\" href=\"https:\/\/blog.panrotas.com.br\/b2btech\/2010\/06\/28\/cargill-faz-45-anos-de-brasil\/\">Continue reading &rarr;<\/a><\/p>\n","protected":false},"author":11,"featured_media":0,"comment_status":"open","ping_status":"open","sticky":false,"template":"","format":"standard","meta":{"spay_email":""},"categories":[8],"tags":[],"yoast_head":"<!-- This site is optimized with the Yoast SEO plugin v17.3 - https:\/\/yoast.com\/wordpress\/plugins\/seo\/ -->\n<title>Cargill faz 45 anos de Brasil - B2btech<\/title>\n<meta name=\"robots\" content=\"index, follow, max-snippet:-1, max-image-preview:large, max-video-preview:-1\" \/>\n<link rel=\"canonical\" href=\"https:\/\/blog.panrotas.com.br\/b2btech\/2010\/06\/28\/cargill-faz-45-anos-de-brasil\/\" \/>\n<meta property=\"og:locale\" content=\"pt_BR\" \/>\n<meta property=\"og:type\" content=\"article\" \/>\n<meta property=\"og:title\" content=\"Cargill faz 45 anos de Brasil - B2btech\" \/>\n<meta property=\"og:description\" content=\"A Cargill Agr\u00edcola S.A., corpora\u00e7\u00e3o multinacional com presen\u00e7a em 67 pa\u00edses, acaba de completar 45 anos de Brasil. Fundada em 1865 como um armaz\u00e9m de gr\u00e3os, emprega hoje 130.000 pessoas em todo o mundo e atua nos mercados de alimenta\u00e7\u00e3o, agricultura, financeiro e industrial. Algu\u00e9m pode pensar: e o que este assunto tem a ver&hellip; Continue reading &rarr;\" \/>\n<meta property=\"og:url\" content=\"https:\/\/blog.panrotas.com.br\/b2btech\/2010\/06\/28\/cargill-faz-45-anos-de-brasil\/\" \/>\n<meta property=\"og:site_name\" content=\"B2btech\" \/>\n<meta property=\"article:published_time\" content=\"2010-06-28T17:03:03+00:00\" \/>\n<meta name=\"twitter:card\" content=\"summary_large_image\" \/>\n<meta name=\"twitter:label1\" content=\"Escrito por\" \/>\n\t<meta name=\"twitter:data1\" content=\"Lu\u00eds Vabo\" \/>\n\t<meta name=\"twitter:label2\" content=\"Est. tempo de leitura\" \/>\n\t<meta name=\"twitter:data2\" content=\"2 minutos\" \/>\n<script type=\"application\/ld+json\" class=\"yoast-schema-graph\">{\"@context\":\"https:\/\/schema.org\",\"@graph\":[{\"@type\":\"WebSite\",\"@id\":\"https:\/\/blog.panrotas.com.br\/b2btech\/#website\",\"url\":\"https:\/\/blog.panrotas.com.br\/b2btech\/\",\"name\":\"B2btech\",\"description\":\"Blogosfera PANROTAS\",\"potentialAction\":[{\"@type\":\"SearchAction\",\"target\":{\"@type\":\"EntryPoint\",\"urlTemplate\":\"https:\/\/blog.panrotas.com.br\/b2btech\/?s={search_term_string}\"},\"query-input\":\"required name=search_term_string\"}],\"inLanguage\":\"pt-BR\"},{\"@type\":\"WebPage\",\"@id\":\"https:\/\/blog.panrotas.com.br\/b2btech\/2010\/06\/28\/cargill-faz-45-anos-de-brasil\/#webpage\",\"url\":\"https:\/\/blog.panrotas.com.br\/b2btech\/2010\/06\/28\/cargill-faz-45-anos-de-brasil\/\",\"name\":\"Cargill faz 45 anos de Brasil - B2btech\",\"isPartOf\":{\"@id\":\"https:\/\/blog.panrotas.com.br\/b2btech\/#website\"},\"datePublished\":\"2010-06-28T17:03:03+00:00\",\"dateModified\":\"2010-06-28T17:03:03+00:00\",\"author\":{\"@id\":\"https:\/\/blog.panrotas.com.br\/b2btech\/#\/schema\/person\/2d58abeacbdf1a9b93993c7f1b7406d6\"},\"breadcrumb\":{\"@id\":\"https:\/\/blog.panrotas.com.br\/b2btech\/2010\/06\/28\/cargill-faz-45-anos-de-brasil\/#breadcrumb\"},\"inLanguage\":\"pt-BR\",\"potentialAction\":[{\"@type\":\"ReadAction\",\"target\":[\"https:\/\/blog.panrotas.com.br\/b2btech\/2010\/06\/28\/cargill-faz-45-anos-de-brasil\/\"]}]},{\"@type\":\"BreadcrumbList\",\"@id\":\"https:\/\/blog.panrotas.com.br\/b2btech\/2010\/06\/28\/cargill-faz-45-anos-de-brasil\/#breadcrumb\",\"itemListElement\":[{\"@type\":\"ListItem\",\"position\":1,\"name\":\"In\\u00edcio\",\"item\":\"https:\/\/blog.panrotas.com.br\/b2btech\/\"},{\"@type\":\"ListItem\",\"position\":2,\"name\":\"Cargill faz 45 anos de Brasil\"}]},{\"@type\":\"Person\",\"@id\":\"https:\/\/blog.panrotas.com.br\/b2btech\/#\/schema\/person\/2d58abeacbdf1a9b93993c7f1b7406d6\",\"name\":\"Lu\\u00eds Vabo\",\"image\":{\"@type\":\"ImageObject\",\"@id\":\"https:\/\/blog.panrotas.com.br\/b2btech\/#personlogo\",\"inLanguage\":\"pt-BR\",\"url\":\"https:\/\/secure.gravatar.com\/avatar\/66c6e91231deb293ea586f1325cdda96?s=96&d=mm&r=g\",\"contentUrl\":\"https:\/\/secure.gravatar.com\/avatar\/66c6e91231deb293ea586f1325cdda96?s=96&d=mm&r=g\",\"caption\":\"Lu\\u00eds Vabo\"},\"description\":\"Entusiasta da inova\\u00e7\\u00e3o, do empreendedorismo e da alta performance, adepto da vida saud\\u00e1vel, dos amigos e da fam\\u00edlia, obstinado, volunt\\u00e1rio, esportista e apaixonado. S\\u00f3cio-CEO Reserve Systems \\ud83d\\udcca S\\u00f3cio-fundador Solid Gest\\u00e3o \\ud83d\\udcc8 S\\u00f3cio-CFO MyView Drones \\ud83d\\ude81 S\\u00f3cio Link School of Business \\ud83c\\udf93 Conselheiro Abracorp \\u2708\\ufe0f\",\"sameAs\":[\"http:\/\/www.reserve.com.br\"],\"url\":\"https:\/\/blog.panrotas.com.br\/b2btech\/author\/luisvabo\/\"}]}<\/script>\n<!-- \/ Yoast SEO plugin. -->","yoast_head_json":{"title":"Cargill faz 45 anos de Brasil - B2btech","robots":{"index":"index","follow":"follow","max-snippet":"max-snippet:-1","max-image-preview":"max-image-preview:large","max-video-preview":"max-video-preview:-1"},"canonical":"https:\/\/blog.panrotas.com.br\/b2btech\/2010\/06\/28\/cargill-faz-45-anos-de-brasil\/","og_locale":"pt_BR","og_type":"article","og_title":"Cargill faz 45 anos de Brasil - B2btech","og_description":"A Cargill Agr\u00edcola S.A., corpora\u00e7\u00e3o multinacional com presen\u00e7a em 67 pa\u00edses, acaba de completar 45 anos de Brasil. Fundada em 1865 como um armaz\u00e9m de gr\u00e3os, emprega hoje 130.000 pessoas em todo o mundo e atua nos mercados de alimenta\u00e7\u00e3o, agricultura, financeiro e industrial. Algu\u00e9m pode pensar: e o que este assunto tem a ver&hellip; Continue reading &rarr;","og_url":"https:\/\/blog.panrotas.com.br\/b2btech\/2010\/06\/28\/cargill-faz-45-anos-de-brasil\/","og_site_name":"B2btech","article_published_time":"2010-06-28T17:03:03+00:00","twitter_card":"summary_large_image","twitter_misc":{"Escrito por":"Lu\u00eds Vabo","Est. tempo de leitura":"2 minutos"},"schema":{"@context":"https:\/\/schema.org","@graph":[{"@type":"WebSite","@id":"https:\/\/blog.panrotas.com.br\/b2btech\/#website","url":"https:\/\/blog.panrotas.com.br\/b2btech\/","name":"B2btech","description":"Blogosfera PANROTAS","potentialAction":[{"@type":"SearchAction","target":{"@type":"EntryPoint","urlTemplate":"https:\/\/blog.panrotas.com.br\/b2btech\/?s={search_term_string}"},"query-input":"required name=search_term_string"}],"inLanguage":"pt-BR"},{"@type":"WebPage","@id":"https:\/\/blog.panrotas.com.br\/b2btech\/2010\/06\/28\/cargill-faz-45-anos-de-brasil\/#webpage","url":"https:\/\/blog.panrotas.com.br\/b2btech\/2010\/06\/28\/cargill-faz-45-anos-de-brasil\/","name":"Cargill faz 45 anos de Brasil - B2btech","isPartOf":{"@id":"https:\/\/blog.panrotas.com.br\/b2btech\/#website"},"datePublished":"2010-06-28T17:03:03+00:00","dateModified":"2010-06-28T17:03:03+00:00","author":{"@id":"https:\/\/blog.panrotas.com.br\/b2btech\/#\/schema\/person\/2d58abeacbdf1a9b93993c7f1b7406d6"},"breadcrumb":{"@id":"https:\/\/blog.panrotas.com.br\/b2btech\/2010\/06\/28\/cargill-faz-45-anos-de-brasil\/#breadcrumb"},"inLanguage":"pt-BR","potentialAction":[{"@type":"ReadAction","target":["https:\/\/blog.panrotas.com.br\/b2btech\/2010\/06\/28\/cargill-faz-45-anos-de-brasil\/"]}]},{"@type":"BreadcrumbList","@id":"https:\/\/blog.panrotas.com.br\/b2btech\/2010\/06\/28\/cargill-faz-45-anos-de-brasil\/#breadcrumb","itemListElement":[{"@type":"ListItem","position":1,"name":"In\u00edcio","item":"https:\/\/blog.panrotas.com.br\/b2btech\/"},{"@type":"ListItem","position":2,"name":"Cargill faz 45 anos de Brasil"}]},{"@type":"Person","@id":"https:\/\/blog.panrotas.com.br\/b2btech\/#\/schema\/person\/2d58abeacbdf1a9b93993c7f1b7406d6","name":"Lu\u00eds Vabo","image":{"@type":"ImageObject","@id":"https:\/\/blog.panrotas.com.br\/b2btech\/#personlogo","inLanguage":"pt-BR","url":"https:\/\/secure.gravatar.com\/avatar\/66c6e91231deb293ea586f1325cdda96?s=96&d=mm&r=g","contentUrl":"https:\/\/secure.gravatar.com\/avatar\/66c6e91231deb293ea586f1325cdda96?s=96&d=mm&r=g","caption":"Lu\u00eds Vabo"},"description":"Entusiasta da inova\u00e7\u00e3o, do empreendedorismo e da alta performance, adepto da vida saud\u00e1vel, dos amigos e da fam\u00edlia, obstinado, volunt\u00e1rio, esportista e apaixonado. S\u00f3cio-CEO Reserve Systems \ud83d\udcca S\u00f3cio-fundador Solid Gest\u00e3o \ud83d\udcc8 S\u00f3cio-CFO MyView Drones \ud83d\ude81 S\u00f3cio Link School of Business \ud83c\udf93 Conselheiro Abracorp \u2708\ufe0f","sameAs":["http:\/\/www.reserve.com.br"],"url":"https:\/\/blog.panrotas.com.br\/b2btech\/author\/luisvabo\/"}]}},"jetpack_featured_media_url":"","_links":{"self":[{"href":"https:\/\/blog.panrotas.com.br\/b2btech\/wp-json\/wp\/v2\/posts\/102"}],"collection":[{"href":"https:\/\/blog.panrotas.com.br\/b2btech\/wp-json\/wp\/v2\/posts"}],"about":[{"href":"https:\/\/blog.panrotas.com.br\/b2btech\/wp-json\/wp\/v2\/types\/post"}],"author":[{"embeddable":true,"href":"https:\/\/blog.panrotas.com.br\/b2btech\/wp-json\/wp\/v2\/users\/11"}],"replies":[{"embeddable":true,"href":"https:\/\/blog.panrotas.com.br\/b2btech\/wp-json\/wp\/v2\/comments?post=102"}],"version-history":[{"count":0,"href":"https:\/\/blog.panrotas.com.br\/b2btech\/wp-json\/wp\/v2\/posts\/102\/revisions"}],"wp:attachment":[{"href":"https:\/\/blog.panrotas.com.br\/b2btech\/wp-json\/wp\/v2\/media?parent=102"}],"wp:term":[{"taxonomy":"category","embeddable":true,"href":"https:\/\/blog.panrotas.com.br\/b2btech\/wp-json\/wp\/v2\/categories?post=102"},{"taxonomy":"post_tag","embeddable":true,"href":"https:\/\/blog.panrotas.com.br\/b2btech\/wp-json\/wp\/v2\/tags?post=102"}],"curies":[{"name":"wp","href":"https:\/\/api.w.org\/{rel}","templated":true}]}}