{"id":1032,"date":"2011-11-04T08:57:19","date_gmt":"2011-11-04T11:57:19","guid":{"rendered":"http:\/\/blog.panrotas.com.br\/distribuindoviagens\/?p=1032"},"modified":"2011-11-04T08:57:19","modified_gmt":"2011-11-04T11:57:19","slug":"cias-aereas-de-olho-no-rio","status":"publish","type":"post","link":"https:\/\/blog.panrotas.com.br\/b2btech\/2011\/11\/04\/cias-aereas-de-olho-no-rio\/","title":{"rendered":"CIAS. A\u00c9REAS DE OLHO NO RIO"},"content":{"rendered":"<p>Natural que todos os olhos estejam voltados pro Rio de Janeiro, das ag\u00eancias de publicidade, das construtoras, dos restaurantes, das redes hoteleiras, entre outros neg\u00f3cios e empreendimentos de turismo e de outros setores.<\/p>\n<p>Mas s\u00e3o as\u00a0cias. a\u00e9reas internacionais que, pela natureza de sua atividade, precisam antecipar movimentos estrat\u00e9gicos (pois demoram algum tempo a trazer resultados), que tem surpreendido o mercado com a iniciativa de marcar territ\u00f3rio na cidade.<\/p>\n<p>Bem ao contr\u00e1rio do que era comum no passado, quando uma cia. a\u00e9rea costumava amargar uma ou mais rotas deficit\u00e1rias por meses ou anos, atualmente os voos &#8220;batendo lata&#8221; n\u00e3o se sustentam por tanto tempo e s\u00e3o rapidamente suspensos.<\/p>\n<p>Na outra ponta, reativar uma rota internacional \u00e9 sinal claro de proporcional retomada do potencial econ\u00f4mico da cidade e\/ou de sua esperada capacidade de crescimento no curto prazo e denota credulidade, velocidade de rea\u00e7\u00e3o e arrojo comercial.<\/p>\n<p>Por isso, gostei de conversar com Peter Hartman, Presidente e CEO da KLM, em visita ao Rio de Janeiro para relan\u00e7ar o voo Rio &#8211; Amsterd\u00e3.<\/p>\n<p>&#8220;A KLM voa para o Rio de Janeiro h\u00e1 mais de 65 anos e, atrav\u00e9s da Air France, nunca deixou de voar&#8221;, apregoou aos agentes de viagens presentes ao evento no Jockey\u00a0Club, na G\u00e1vea.<\/p>\n<p>Com 40 anos de KLM, Peter, engenheiro mec\u00e2nico apaixonado por avia\u00e7\u00e3o, garantiu que a fus\u00e3o com a Air France trouxe o que h\u00e1 de melhor das duas empresas para uma mesma cia. a\u00e9rea, que manteve os dois nomes e as duas culturas, mas somou experi\u00eancias distintas.<\/p>\n<p>&#8220;Acredito que, no futuro, existam somente 3 ou 4 cias. a\u00e9reas globais&#8221;, comentou. &#8220;O desejo dos consumidores \u00e9 que pressiona a fus\u00e3o de cias. a\u00e9reas&#8221;, garantiu-me ele.<\/p>\n<p>Sobre o atual momento positivo no Brasil e, em especial, no Rio de Janeiro, a abordagem se refere mais \u00e0 taxa de crescimento da economia do que ao tamanho da economia em si.<\/p>\n<p>Afinal, de que adianta uma grande economia estagnada?<\/p>\n<p>O investimento procura oportunidades, e elas s\u00f3 existem onde h\u00e1 crescimento econ\u00f4mico com distribui\u00e7\u00e3o de renda, que gera a entrada de novos consumidores, ativo precioso no tabuleiro macroecon\u00f4mico.<\/p>\n<p>Neste momento, esta conjun\u00e7\u00e3o de fatores s\u00f3 est\u00e1 acontecendo no Brasil e em mais meia d\u00fazia de pa\u00edses no mundo, mas nenhum desses outros tem uma\u00a0Copa do Mundo e os Jogos Ol\u00edmpicos nos pr\u00f3ximos 5 anos&#8230;<\/p>\n<p>.<\/p>\n","protected":false},"excerpt":{"rendered":"<p>Natural que todos os olhos estejam voltados pro Rio de Janeiro, das ag\u00eancias de publicidade, das construtoras, dos restaurantes, das redes hoteleiras, entre outros neg\u00f3cios e empreendimentos de turismo e de outros setores. Mas s\u00e3o as\u00a0cias. a\u00e9reas internacionais que, pela natureza de sua atividade, precisam antecipar movimentos estrat\u00e9gicos (pois demoram algum tempo a trazer resultados),&hellip; <a class=\"more-link\" href=\"https:\/\/blog.panrotas.com.br\/b2btech\/2011\/11\/04\/cias-aereas-de-olho-no-rio\/\">Continue reading &rarr;<\/a><\/p>\n","protected":false},"author":11,"featured_media":0,"comment_status":"open","ping_status":"open","sticky":false,"template":"","format":"standard","meta":{"spay_email":""},"categories":[8],"tags":[],"yoast_head":"<!-- This site is optimized with the Yoast SEO plugin v17.3 - https:\/\/yoast.com\/wordpress\/plugins\/seo\/ -->\n<title>CIAS. A\u00c9REAS DE OLHO NO RIO - B2btech<\/title>\n<meta name=\"robots\" content=\"index, follow, max-snippet:-1, max-image-preview:large, max-video-preview:-1\" \/>\n<link rel=\"canonical\" href=\"https:\/\/blog.panrotas.com.br\/b2btech\/2011\/11\/04\/cias-aereas-de-olho-no-rio\/\" \/>\n<meta property=\"og:locale\" content=\"pt_BR\" \/>\n<meta property=\"og:type\" content=\"article\" \/>\n<meta property=\"og:title\" content=\"CIAS. A\u00c9REAS DE OLHO NO RIO - B2btech\" \/>\n<meta property=\"og:description\" content=\"Natural que todos os olhos estejam voltados pro Rio de Janeiro, das ag\u00eancias de publicidade, das construtoras, dos restaurantes, das redes hoteleiras, entre outros neg\u00f3cios e empreendimentos de turismo e de outros setores. Mas s\u00e3o as\u00a0cias. a\u00e9reas internacionais que, pela natureza de sua atividade, precisam antecipar movimentos estrat\u00e9gicos (pois demoram algum tempo a trazer resultados),&hellip; Continue reading &rarr;\" \/>\n<meta property=\"og:url\" content=\"https:\/\/blog.panrotas.com.br\/b2btech\/2011\/11\/04\/cias-aereas-de-olho-no-rio\/\" \/>\n<meta property=\"og:site_name\" content=\"B2btech\" \/>\n<meta property=\"article:published_time\" content=\"2011-11-04T11:57:19+00:00\" \/>\n<meta name=\"twitter:card\" content=\"summary_large_image\" \/>\n<meta name=\"twitter:label1\" content=\"Escrito por\" \/>\n\t<meta name=\"twitter:data1\" content=\"Lu\u00eds Vabo\" \/>\n\t<meta name=\"twitter:label2\" content=\"Est. tempo de leitura\" \/>\n\t<meta name=\"twitter:data2\" content=\"2 minutos\" \/>\n<script type=\"application\/ld+json\" class=\"yoast-schema-graph\">{\"@context\":\"https:\/\/schema.org\",\"@graph\":[{\"@type\":\"WebSite\",\"@id\":\"https:\/\/blog.panrotas.com.br\/b2btech\/#website\",\"url\":\"https:\/\/blog.panrotas.com.br\/b2btech\/\",\"name\":\"B2btech\",\"description\":\"Blogosfera PANROTAS\",\"potentialAction\":[{\"@type\":\"SearchAction\",\"target\":{\"@type\":\"EntryPoint\",\"urlTemplate\":\"https:\/\/blog.panrotas.com.br\/b2btech\/?s={search_term_string}\"},\"query-input\":\"required name=search_term_string\"}],\"inLanguage\":\"pt-BR\"},{\"@type\":\"WebPage\",\"@id\":\"https:\/\/blog.panrotas.com.br\/b2btech\/2011\/11\/04\/cias-aereas-de-olho-no-rio\/#webpage\",\"url\":\"https:\/\/blog.panrotas.com.br\/b2btech\/2011\/11\/04\/cias-aereas-de-olho-no-rio\/\",\"name\":\"CIAS. A\\u00c9REAS DE OLHO NO RIO - B2btech\",\"isPartOf\":{\"@id\":\"https:\/\/blog.panrotas.com.br\/b2btech\/#website\"},\"datePublished\":\"2011-11-04T11:57:19+00:00\",\"dateModified\":\"2011-11-04T11:57:19+00:00\",\"author\":{\"@id\":\"https:\/\/blog.panrotas.com.br\/b2btech\/#\/schema\/person\/2d58abeacbdf1a9b93993c7f1b7406d6\"},\"breadcrumb\":{\"@id\":\"https:\/\/blog.panrotas.com.br\/b2btech\/2011\/11\/04\/cias-aereas-de-olho-no-rio\/#breadcrumb\"},\"inLanguage\":\"pt-BR\",\"potentialAction\":[{\"@type\":\"ReadAction\",\"target\":[\"https:\/\/blog.panrotas.com.br\/b2btech\/2011\/11\/04\/cias-aereas-de-olho-no-rio\/\"]}]},{\"@type\":\"BreadcrumbList\",\"@id\":\"https:\/\/blog.panrotas.com.br\/b2btech\/2011\/11\/04\/cias-aereas-de-olho-no-rio\/#breadcrumb\",\"itemListElement\":[{\"@type\":\"ListItem\",\"position\":1,\"name\":\"In\\u00edcio\",\"item\":\"https:\/\/blog.panrotas.com.br\/b2btech\/\"},{\"@type\":\"ListItem\",\"position\":2,\"name\":\"CIAS. A\\u00c9REAS DE OLHO NO RIO\"}]},{\"@type\":\"Person\",\"@id\":\"https:\/\/blog.panrotas.com.br\/b2btech\/#\/schema\/person\/2d58abeacbdf1a9b93993c7f1b7406d6\",\"name\":\"Lu\\u00eds Vabo\",\"image\":{\"@type\":\"ImageObject\",\"@id\":\"https:\/\/blog.panrotas.com.br\/b2btech\/#personlogo\",\"inLanguage\":\"pt-BR\",\"url\":\"https:\/\/secure.gravatar.com\/avatar\/66c6e91231deb293ea586f1325cdda96?s=96&d=mm&r=g\",\"contentUrl\":\"https:\/\/secure.gravatar.com\/avatar\/66c6e91231deb293ea586f1325cdda96?s=96&d=mm&r=g\",\"caption\":\"Lu\\u00eds Vabo\"},\"description\":\"Entusiasta da inova\\u00e7\\u00e3o, do empreendedorismo e da alta performance, adepto da vida saud\\u00e1vel, dos amigos e da fam\\u00edlia, obstinado, volunt\\u00e1rio, esportista e apaixonado. S\\u00f3cio-CEO Reserve Systems \\ud83d\\udcca S\\u00f3cio-fundador Solid Gest\\u00e3o \\ud83d\\udcc8 S\\u00f3cio-CFO MyView Drones \\ud83d\\ude81 S\\u00f3cio Link School of Business \\ud83c\\udf93 Conselheiro Abracorp \\u2708\\ufe0f\",\"sameAs\":[\"http:\/\/www.reserve.com.br\"],\"url\":\"https:\/\/blog.panrotas.com.br\/b2btech\/author\/luisvabo\/\"}]}<\/script>\n<!-- \/ Yoast SEO plugin. -->","yoast_head_json":{"title":"CIAS. A\u00c9REAS DE OLHO NO RIO - B2btech","robots":{"index":"index","follow":"follow","max-snippet":"max-snippet:-1","max-image-preview":"max-image-preview:large","max-video-preview":"max-video-preview:-1"},"canonical":"https:\/\/blog.panrotas.com.br\/b2btech\/2011\/11\/04\/cias-aereas-de-olho-no-rio\/","og_locale":"pt_BR","og_type":"article","og_title":"CIAS. A\u00c9REAS DE OLHO NO RIO - B2btech","og_description":"Natural que todos os olhos estejam voltados pro Rio de Janeiro, das ag\u00eancias de publicidade, das construtoras, dos restaurantes, das redes hoteleiras, entre outros neg\u00f3cios e empreendimentos de turismo e de outros setores. Mas s\u00e3o as\u00a0cias. a\u00e9reas internacionais que, pela natureza de sua atividade, precisam antecipar movimentos estrat\u00e9gicos (pois demoram algum tempo a trazer resultados),&hellip; Continue reading &rarr;","og_url":"https:\/\/blog.panrotas.com.br\/b2btech\/2011\/11\/04\/cias-aereas-de-olho-no-rio\/","og_site_name":"B2btech","article_published_time":"2011-11-04T11:57:19+00:00","twitter_card":"summary_large_image","twitter_misc":{"Escrito por":"Lu\u00eds Vabo","Est. tempo de leitura":"2 minutos"},"schema":{"@context":"https:\/\/schema.org","@graph":[{"@type":"WebSite","@id":"https:\/\/blog.panrotas.com.br\/b2btech\/#website","url":"https:\/\/blog.panrotas.com.br\/b2btech\/","name":"B2btech","description":"Blogosfera PANROTAS","potentialAction":[{"@type":"SearchAction","target":{"@type":"EntryPoint","urlTemplate":"https:\/\/blog.panrotas.com.br\/b2btech\/?s={search_term_string}"},"query-input":"required name=search_term_string"}],"inLanguage":"pt-BR"},{"@type":"WebPage","@id":"https:\/\/blog.panrotas.com.br\/b2btech\/2011\/11\/04\/cias-aereas-de-olho-no-rio\/#webpage","url":"https:\/\/blog.panrotas.com.br\/b2btech\/2011\/11\/04\/cias-aereas-de-olho-no-rio\/","name":"CIAS. A\u00c9REAS DE OLHO NO RIO - B2btech","isPartOf":{"@id":"https:\/\/blog.panrotas.com.br\/b2btech\/#website"},"datePublished":"2011-11-04T11:57:19+00:00","dateModified":"2011-11-04T11:57:19+00:00","author":{"@id":"https:\/\/blog.panrotas.com.br\/b2btech\/#\/schema\/person\/2d58abeacbdf1a9b93993c7f1b7406d6"},"breadcrumb":{"@id":"https:\/\/blog.panrotas.com.br\/b2btech\/2011\/11\/04\/cias-aereas-de-olho-no-rio\/#breadcrumb"},"inLanguage":"pt-BR","potentialAction":[{"@type":"ReadAction","target":["https:\/\/blog.panrotas.com.br\/b2btech\/2011\/11\/04\/cias-aereas-de-olho-no-rio\/"]}]},{"@type":"BreadcrumbList","@id":"https:\/\/blog.panrotas.com.br\/b2btech\/2011\/11\/04\/cias-aereas-de-olho-no-rio\/#breadcrumb","itemListElement":[{"@type":"ListItem","position":1,"name":"In\u00edcio","item":"https:\/\/blog.panrotas.com.br\/b2btech\/"},{"@type":"ListItem","position":2,"name":"CIAS. A\u00c9REAS DE OLHO NO RIO"}]},{"@type":"Person","@id":"https:\/\/blog.panrotas.com.br\/b2btech\/#\/schema\/person\/2d58abeacbdf1a9b93993c7f1b7406d6","name":"Lu\u00eds Vabo","image":{"@type":"ImageObject","@id":"https:\/\/blog.panrotas.com.br\/b2btech\/#personlogo","inLanguage":"pt-BR","url":"https:\/\/secure.gravatar.com\/avatar\/66c6e91231deb293ea586f1325cdda96?s=96&d=mm&r=g","contentUrl":"https:\/\/secure.gravatar.com\/avatar\/66c6e91231deb293ea586f1325cdda96?s=96&d=mm&r=g","caption":"Lu\u00eds Vabo"},"description":"Entusiasta da inova\u00e7\u00e3o, do empreendedorismo e da alta performance, adepto da vida saud\u00e1vel, dos amigos e da fam\u00edlia, obstinado, volunt\u00e1rio, esportista e apaixonado. S\u00f3cio-CEO Reserve Systems \ud83d\udcca S\u00f3cio-fundador Solid Gest\u00e3o \ud83d\udcc8 S\u00f3cio-CFO MyView Drones \ud83d\ude81 S\u00f3cio Link School of Business \ud83c\udf93 Conselheiro Abracorp \u2708\ufe0f","sameAs":["http:\/\/www.reserve.com.br"],"url":"https:\/\/blog.panrotas.com.br\/b2btech\/author\/luisvabo\/"}]}},"jetpack_featured_media_url":"","_links":{"self":[{"href":"https:\/\/blog.panrotas.com.br\/b2btech\/wp-json\/wp\/v2\/posts\/1032"}],"collection":[{"href":"https:\/\/blog.panrotas.com.br\/b2btech\/wp-json\/wp\/v2\/posts"}],"about":[{"href":"https:\/\/blog.panrotas.com.br\/b2btech\/wp-json\/wp\/v2\/types\/post"}],"author":[{"embeddable":true,"href":"https:\/\/blog.panrotas.com.br\/b2btech\/wp-json\/wp\/v2\/users\/11"}],"replies":[{"embeddable":true,"href":"https:\/\/blog.panrotas.com.br\/b2btech\/wp-json\/wp\/v2\/comments?post=1032"}],"version-history":[{"count":0,"href":"https:\/\/blog.panrotas.com.br\/b2btech\/wp-json\/wp\/v2\/posts\/1032\/revisions"}],"wp:attachment":[{"href":"https:\/\/blog.panrotas.com.br\/b2btech\/wp-json\/wp\/v2\/media?parent=1032"}],"wp:term":[{"taxonomy":"category","embeddable":true,"href":"https:\/\/blog.panrotas.com.br\/b2btech\/wp-json\/wp\/v2\/categories?post=1032"},{"taxonomy":"post_tag","embeddable":true,"href":"https:\/\/blog.panrotas.com.br\/b2btech\/wp-json\/wp\/v2\/tags?post=1032"}],"curies":[{"name":"wp","href":"https:\/\/api.w.org\/{rel}","templated":true}]}}