{"id":1037,"date":"2011-11-09T08:57:09","date_gmt":"2011-11-09T11:57:09","guid":{"rendered":"http:\/\/blog.panrotas.com.br\/distribuindoviagens\/?p=1037"},"modified":"2011-11-09T08:57:09","modified_gmt":"2011-11-09T11:57:09","slug":"a-provavel-origem-das-ongs","status":"publish","type":"post","link":"https:\/\/blog.panrotas.com.br\/b2btech\/2011\/11\/09\/a-provavel-origem-das-ongs\/","title":{"rendered":"A PROV\u00c1VEL ORIGEM DAS ONGs"},"content":{"rendered":"<p>Espanto-me com as pessoas que ainda n\u00e3o entenderam para que serve uma ONG&#8230;<\/p>\n<p>Perdoo apenas o Jo\u00e3o Ubaldo Ribeiro, que por ser um artista do texto e da sensibilidade quase po\u00e9tica, questionou o termo Organiza\u00e7\u00e3o N\u00e3o Governamental, pelo fato de se referir a uma organiza\u00e7\u00e3o que, na realidade, depende do governo, j\u00e1 que \u00e9 financiada, na sua quase totalidade, por verbas p\u00fablicas.<\/p>\n<p>A verdade \u00e9 que o termo deveria ser OMG (Organiza\u00e7\u00e3o Muito Governamental), mas isso denunciaria o seu real prop\u00f3sito e inviabilizaria a real motiva\u00e7\u00e3o de sua cria\u00e7\u00e3o.<\/p>\n<p>Eu n\u00e3o estava l\u00e1, mas consigo imaginar a reuni\u00e3o em que um burocrata criativo (ou um pol\u00edtico, n\u00e3o lembro bem) sugeriu a cria\u00e7\u00e3o dessas organiza\u00e7\u00f5es.<\/p>\n<p>&#8220;Precisamos encontrar uma forma de agilizar as contrata\u00e7\u00f5es do governo&#8221;, disse o chefe de gabinete ao ministro. &#8220;A\u00a0lei 8666 engessa a nossa gest\u00e3o&#8221;, complementou desolado.<\/p>\n<p>Foi nesse cen\u00e1rio, que um &#8220;jabuti&#8221; do minist\u00e9rio disse: &#8220;Eu tenho pensado nisso h\u00e1 muitos anos, Sr. Ministro, e tive uma ideia que pode resolver o problema&#8221;.<\/p>\n<p>O ministro convocou o primeiro escal\u00e3o do minist\u00e9rio para ouvir a proposta daquele &#8220;servidor muito capaz&#8221;, que havia acabado de chegar ao minist\u00e9rio, indicado pelo titular de outra pasta e aceito em retribui\u00e7\u00e3o \u00e0 nomea\u00e7\u00e3o de sua afilhada&#8230;<\/p>\n<p>Ap\u00f3s uma apresenta\u00e7\u00e3o em &#8220;powerpoint&#8221; cheia de anima\u00e7\u00f5es, cores e imagens, o &#8220;jabuti&#8221; concluiu, praticando um pragmatismo acima do normal, com a solu\u00e7\u00e3o mostrada nos dois \u00faltimos\u00a0slides:<\/p>\n<p><strong>FATO: A lei de licita\u00e7\u00f5es deve ser aplicada \u00e0s contrata\u00e7\u00f5es feitas por todas as empresas p\u00fablicas e \u00f3rg\u00e3os do governo.<\/strong><\/p>\n<p>Diante deste slide, ele prosseguiu: &#8220;Existem 4 vari\u00e1veis nesta afirmativa (a lei, as contrata\u00e7\u00f5es, as empresas p\u00fablicas e os \u00f3rg\u00e3os de governo) e devemos analisar cada uma delas para verificar onde podemos atuar, sem infringir o esp\u00edrito da lei:<\/p>\n<p>1 &#8211; A lei de licita\u00e7\u00f5es: muito complexo e trabalhoso alterar uma lei no Brasil, em especial esta, que costuma atrair muita aten\u00e7\u00e3o da imprensa e, por conseguinte, da sociedade.<\/p>\n<p>2 &#8211; As contrata\u00e7\u00f5es: contratar abaixo do limite da lei s\u00f3 \u00e9 vi\u00e1vel para pequenos contratos, deixar de contratar \u00e9 invi\u00e1vel e depender das licita\u00e7\u00f5es \u00e9 o cerne do problema.<\/p>\n<p>3 &#8211; As empresas p\u00fablicas: para escapar da abrang\u00eancia da lei de licita\u00e7\u00f5es, pelo seu pr\u00f3prio enunciado, a empresa deve ser &#8220;n\u00e3o p\u00fablica&#8221;, o que caracteriza uma entidade j\u00e1 existente (a empresa privada) que, portanto, n\u00e3o se aplica a este estudo.<\/p>\n<p>4 &#8211; Os \u00f3rg\u00e3os de governo:\u00a0para escapar da abrang\u00eancia da lei de licita\u00e7\u00f5es, pelo seu pr\u00f3prio enunciado, o \u00f3rg\u00e3o deve ser &#8220;n\u00e3o de governo&#8221;, o que caracteriza uma nova entidade.&#8221;<\/p>\n<p>Bingo !<\/p>\n<p><strong>FATO NOVO: A lei de licita\u00e7\u00f5es n\u00e3o se aplica a \u00f3rg\u00e3os n\u00e3o governamentais, sendo necess\u00e1rio somente cri\u00e1-los e regulament\u00e1-los.<\/strong><\/p>\n<p>&#8220;Mas a sociedade vai aceitar isso?&#8221;, perguntou um advogado do minist\u00e9rio, antigo funcion\u00e1rio p\u00fablico prestes a se aposentar.<\/p>\n<p>&#8220;Bastar\u00e1 direcionar as Organiza\u00e7\u00f5es N\u00e3o Governamentais para atividades politicamente corretas&#8221;, respondeu prontamente o &#8220;jabuti&#8221;&#8230;<\/p>\n<p>&#8220;Afinal, quem vai se opor a uma institui\u00e7\u00e3o de cunho social, sem fins lucrativos, que ajuda crian\u00e7as, idosos e pessoas carentes?&#8221;, concluiu.<\/p>\n<p>O fato relatado pode ser verdadeiro, mas pode n\u00e3o ser. Por ser veross\u00edmel, parece encaixar-se nos \u00faltimos acontecimentos nos diferentes minist\u00e9rios, de diferentes partidos, que vem aplicando o conceito criado pelo &#8220;jabuti&#8221; acima, da forma mais pr\u00e1tica e objetiva poss\u00edvel.<\/p>\n<p>Para quem acredita que as ONGs s\u00e3o a face mais c\u00ednica e criativa da intelig\u00eancia a servi\u00e7o do uso desregulado de verbas p\u00fablicas, recomendo analisar o conceito das PPPs&#8230;<\/p>\n<p><em>Em tempo: &#8220;jabuti&#8221; \u00e9 uma corruptela da express\u00e3o &#8220;jabuti em cima da \u00e1rvore&#8221;, que significa aquele funcion\u00e1rio p\u00fablico em cargo de confian\u00e7a, que ningu\u00e9m entende como conseguiu ser al\u00e7ado \u00e0quele alto escal\u00e3o: assim como o &#8220;jabuti em cima da \u00e1rvore&#8221;, ele n\u00e3o chegou l\u00e1 sozinho&#8230;<\/em><\/p>\n","protected":false},"excerpt":{"rendered":"<p>Espanto-me com as pessoas que ainda n\u00e3o entenderam para que serve uma ONG&#8230; Perdoo apenas o Jo\u00e3o Ubaldo Ribeiro, que por ser um artista do texto e da sensibilidade quase po\u00e9tica, questionou o termo Organiza\u00e7\u00e3o N\u00e3o Governamental, pelo fato de se referir a uma organiza\u00e7\u00e3o que, na realidade, depende do governo, j\u00e1 que \u00e9 financiada,&hellip; <a class=\"more-link\" href=\"https:\/\/blog.panrotas.com.br\/b2btech\/2011\/11\/09\/a-provavel-origem-das-ongs\/\">Continue reading &rarr;<\/a><\/p>\n","protected":false},"author":11,"featured_media":0,"comment_status":"open","ping_status":"open","sticky":false,"template":"","format":"standard","meta":{"spay_email":""},"categories":[8],"tags":[],"yoast_head":"<!-- This site is optimized with the Yoast SEO plugin v17.3 - https:\/\/yoast.com\/wordpress\/plugins\/seo\/ -->\n<title>A PROV\u00c1VEL ORIGEM DAS ONGs - B2btech<\/title>\n<meta name=\"robots\" content=\"index, follow, max-snippet:-1, max-image-preview:large, max-video-preview:-1\" \/>\n<link rel=\"canonical\" href=\"https:\/\/blog.panrotas.com.br\/b2btech\/2011\/11\/09\/a-provavel-origem-das-ongs\/\" \/>\n<meta property=\"og:locale\" content=\"pt_BR\" \/>\n<meta property=\"og:type\" content=\"article\" \/>\n<meta property=\"og:title\" content=\"A PROV\u00c1VEL ORIGEM DAS ONGs - B2btech\" \/>\n<meta property=\"og:description\" content=\"Espanto-me com as pessoas que ainda n\u00e3o entenderam para que serve uma ONG&#8230; Perdoo apenas o Jo\u00e3o Ubaldo Ribeiro, que por ser um artista do texto e da sensibilidade quase po\u00e9tica, questionou o termo Organiza\u00e7\u00e3o N\u00e3o Governamental, pelo fato de se referir a uma organiza\u00e7\u00e3o que, na realidade, depende do governo, j\u00e1 que \u00e9 financiada,&hellip; Continue reading &rarr;\" \/>\n<meta property=\"og:url\" content=\"https:\/\/blog.panrotas.com.br\/b2btech\/2011\/11\/09\/a-provavel-origem-das-ongs\/\" \/>\n<meta property=\"og:site_name\" content=\"B2btech\" \/>\n<meta property=\"article:published_time\" content=\"2011-11-09T11:57:09+00:00\" \/>\n<meta name=\"twitter:card\" content=\"summary_large_image\" \/>\n<meta name=\"twitter:label1\" content=\"Escrito por\" \/>\n\t<meta name=\"twitter:data1\" content=\"Lu\u00eds Vabo\" \/>\n\t<meta name=\"twitter:label2\" content=\"Est. tempo de leitura\" \/>\n\t<meta name=\"twitter:data2\" content=\"3 minutos\" \/>\n<script type=\"application\/ld+json\" class=\"yoast-schema-graph\">{\"@context\":\"https:\/\/schema.org\",\"@graph\":[{\"@type\":\"WebSite\",\"@id\":\"https:\/\/blog.panrotas.com.br\/b2btech\/#website\",\"url\":\"https:\/\/blog.panrotas.com.br\/b2btech\/\",\"name\":\"B2btech\",\"description\":\"Blogosfera PANROTAS\",\"potentialAction\":[{\"@type\":\"SearchAction\",\"target\":{\"@type\":\"EntryPoint\",\"urlTemplate\":\"https:\/\/blog.panrotas.com.br\/b2btech\/?s={search_term_string}\"},\"query-input\":\"required name=search_term_string\"}],\"inLanguage\":\"pt-BR\"},{\"@type\":\"WebPage\",\"@id\":\"https:\/\/blog.panrotas.com.br\/b2btech\/2011\/11\/09\/a-provavel-origem-das-ongs\/#webpage\",\"url\":\"https:\/\/blog.panrotas.com.br\/b2btech\/2011\/11\/09\/a-provavel-origem-das-ongs\/\",\"name\":\"A PROV\\u00c1VEL ORIGEM DAS ONGs - B2btech\",\"isPartOf\":{\"@id\":\"https:\/\/blog.panrotas.com.br\/b2btech\/#website\"},\"datePublished\":\"2011-11-09T11:57:09+00:00\",\"dateModified\":\"2011-11-09T11:57:09+00:00\",\"author\":{\"@id\":\"https:\/\/blog.panrotas.com.br\/b2btech\/#\/schema\/person\/2d58abeacbdf1a9b93993c7f1b7406d6\"},\"breadcrumb\":{\"@id\":\"https:\/\/blog.panrotas.com.br\/b2btech\/2011\/11\/09\/a-provavel-origem-das-ongs\/#breadcrumb\"},\"inLanguage\":\"pt-BR\",\"potentialAction\":[{\"@type\":\"ReadAction\",\"target\":[\"https:\/\/blog.panrotas.com.br\/b2btech\/2011\/11\/09\/a-provavel-origem-das-ongs\/\"]}]},{\"@type\":\"BreadcrumbList\",\"@id\":\"https:\/\/blog.panrotas.com.br\/b2btech\/2011\/11\/09\/a-provavel-origem-das-ongs\/#breadcrumb\",\"itemListElement\":[{\"@type\":\"ListItem\",\"position\":1,\"name\":\"In\\u00edcio\",\"item\":\"https:\/\/blog.panrotas.com.br\/b2btech\/\"},{\"@type\":\"ListItem\",\"position\":2,\"name\":\"A PROV\\u00c1VEL ORIGEM DAS ONGs\"}]},{\"@type\":\"Person\",\"@id\":\"https:\/\/blog.panrotas.com.br\/b2btech\/#\/schema\/person\/2d58abeacbdf1a9b93993c7f1b7406d6\",\"name\":\"Lu\\u00eds Vabo\",\"image\":{\"@type\":\"ImageObject\",\"@id\":\"https:\/\/blog.panrotas.com.br\/b2btech\/#personlogo\",\"inLanguage\":\"pt-BR\",\"url\":\"https:\/\/secure.gravatar.com\/avatar\/66c6e91231deb293ea586f1325cdda96?s=96&d=mm&r=g\",\"contentUrl\":\"https:\/\/secure.gravatar.com\/avatar\/66c6e91231deb293ea586f1325cdda96?s=96&d=mm&r=g\",\"caption\":\"Lu\\u00eds Vabo\"},\"description\":\"Entusiasta da inova\\u00e7\\u00e3o, do empreendedorismo e da alta performance, adepto da vida saud\\u00e1vel, dos amigos e da fam\\u00edlia, obstinado, volunt\\u00e1rio, esportista e apaixonado. S\\u00f3cio-CEO Reserve Systems \\ud83d\\udcca S\\u00f3cio-fundador Solid Gest\\u00e3o \\ud83d\\udcc8 S\\u00f3cio-CFO MyView Drones \\ud83d\\ude81 S\\u00f3cio Link School of Business \\ud83c\\udf93 Conselheiro Abracorp \\u2708\\ufe0f\",\"sameAs\":[\"http:\/\/www.reserve.com.br\"],\"url\":\"https:\/\/blog.panrotas.com.br\/b2btech\/author\/luisvabo\/\"}]}<\/script>\n<!-- \/ Yoast SEO plugin. -->","yoast_head_json":{"title":"A PROV\u00c1VEL ORIGEM DAS ONGs - B2btech","robots":{"index":"index","follow":"follow","max-snippet":"max-snippet:-1","max-image-preview":"max-image-preview:large","max-video-preview":"max-video-preview:-1"},"canonical":"https:\/\/blog.panrotas.com.br\/b2btech\/2011\/11\/09\/a-provavel-origem-das-ongs\/","og_locale":"pt_BR","og_type":"article","og_title":"A PROV\u00c1VEL ORIGEM DAS ONGs - B2btech","og_description":"Espanto-me com as pessoas que ainda n\u00e3o entenderam para que serve uma ONG&#8230; Perdoo apenas o Jo\u00e3o Ubaldo Ribeiro, que por ser um artista do texto e da sensibilidade quase po\u00e9tica, questionou o termo Organiza\u00e7\u00e3o N\u00e3o Governamental, pelo fato de se referir a uma organiza\u00e7\u00e3o que, na realidade, depende do governo, j\u00e1 que \u00e9 financiada,&hellip; Continue reading &rarr;","og_url":"https:\/\/blog.panrotas.com.br\/b2btech\/2011\/11\/09\/a-provavel-origem-das-ongs\/","og_site_name":"B2btech","article_published_time":"2011-11-09T11:57:09+00:00","twitter_card":"summary_large_image","twitter_misc":{"Escrito por":"Lu\u00eds Vabo","Est. tempo de leitura":"3 minutos"},"schema":{"@context":"https:\/\/schema.org","@graph":[{"@type":"WebSite","@id":"https:\/\/blog.panrotas.com.br\/b2btech\/#website","url":"https:\/\/blog.panrotas.com.br\/b2btech\/","name":"B2btech","description":"Blogosfera PANROTAS","potentialAction":[{"@type":"SearchAction","target":{"@type":"EntryPoint","urlTemplate":"https:\/\/blog.panrotas.com.br\/b2btech\/?s={search_term_string}"},"query-input":"required name=search_term_string"}],"inLanguage":"pt-BR"},{"@type":"WebPage","@id":"https:\/\/blog.panrotas.com.br\/b2btech\/2011\/11\/09\/a-provavel-origem-das-ongs\/#webpage","url":"https:\/\/blog.panrotas.com.br\/b2btech\/2011\/11\/09\/a-provavel-origem-das-ongs\/","name":"A PROV\u00c1VEL ORIGEM DAS ONGs - B2btech","isPartOf":{"@id":"https:\/\/blog.panrotas.com.br\/b2btech\/#website"},"datePublished":"2011-11-09T11:57:09+00:00","dateModified":"2011-11-09T11:57:09+00:00","author":{"@id":"https:\/\/blog.panrotas.com.br\/b2btech\/#\/schema\/person\/2d58abeacbdf1a9b93993c7f1b7406d6"},"breadcrumb":{"@id":"https:\/\/blog.panrotas.com.br\/b2btech\/2011\/11\/09\/a-provavel-origem-das-ongs\/#breadcrumb"},"inLanguage":"pt-BR","potentialAction":[{"@type":"ReadAction","target":["https:\/\/blog.panrotas.com.br\/b2btech\/2011\/11\/09\/a-provavel-origem-das-ongs\/"]}]},{"@type":"BreadcrumbList","@id":"https:\/\/blog.panrotas.com.br\/b2btech\/2011\/11\/09\/a-provavel-origem-das-ongs\/#breadcrumb","itemListElement":[{"@type":"ListItem","position":1,"name":"In\u00edcio","item":"https:\/\/blog.panrotas.com.br\/b2btech\/"},{"@type":"ListItem","position":2,"name":"A PROV\u00c1VEL ORIGEM DAS ONGs"}]},{"@type":"Person","@id":"https:\/\/blog.panrotas.com.br\/b2btech\/#\/schema\/person\/2d58abeacbdf1a9b93993c7f1b7406d6","name":"Lu\u00eds Vabo","image":{"@type":"ImageObject","@id":"https:\/\/blog.panrotas.com.br\/b2btech\/#personlogo","inLanguage":"pt-BR","url":"https:\/\/secure.gravatar.com\/avatar\/66c6e91231deb293ea586f1325cdda96?s=96&d=mm&r=g","contentUrl":"https:\/\/secure.gravatar.com\/avatar\/66c6e91231deb293ea586f1325cdda96?s=96&d=mm&r=g","caption":"Lu\u00eds Vabo"},"description":"Entusiasta da inova\u00e7\u00e3o, do empreendedorismo e da alta performance, adepto da vida saud\u00e1vel, dos amigos e da fam\u00edlia, obstinado, volunt\u00e1rio, esportista e apaixonado. S\u00f3cio-CEO Reserve Systems \ud83d\udcca S\u00f3cio-fundador Solid Gest\u00e3o \ud83d\udcc8 S\u00f3cio-CFO MyView Drones \ud83d\ude81 S\u00f3cio Link School of Business \ud83c\udf93 Conselheiro Abracorp \u2708\ufe0f","sameAs":["http:\/\/www.reserve.com.br"],"url":"https:\/\/blog.panrotas.com.br\/b2btech\/author\/luisvabo\/"}]}},"jetpack_featured_media_url":"","_links":{"self":[{"href":"https:\/\/blog.panrotas.com.br\/b2btech\/wp-json\/wp\/v2\/posts\/1037"}],"collection":[{"href":"https:\/\/blog.panrotas.com.br\/b2btech\/wp-json\/wp\/v2\/posts"}],"about":[{"href":"https:\/\/blog.panrotas.com.br\/b2btech\/wp-json\/wp\/v2\/types\/post"}],"author":[{"embeddable":true,"href":"https:\/\/blog.panrotas.com.br\/b2btech\/wp-json\/wp\/v2\/users\/11"}],"replies":[{"embeddable":true,"href":"https:\/\/blog.panrotas.com.br\/b2btech\/wp-json\/wp\/v2\/comments?post=1037"}],"version-history":[{"count":0,"href":"https:\/\/blog.panrotas.com.br\/b2btech\/wp-json\/wp\/v2\/posts\/1037\/revisions"}],"wp:attachment":[{"href":"https:\/\/blog.panrotas.com.br\/b2btech\/wp-json\/wp\/v2\/media?parent=1037"}],"wp:term":[{"taxonomy":"category","embeddable":true,"href":"https:\/\/blog.panrotas.com.br\/b2btech\/wp-json\/wp\/v2\/categories?post=1037"},{"taxonomy":"post_tag","embeddable":true,"href":"https:\/\/blog.panrotas.com.br\/b2btech\/wp-json\/wp\/v2\/tags?post=1037"}],"curies":[{"name":"wp","href":"https:\/\/api.w.org\/{rel}","templated":true}]}}