{"id":109,"date":"2010-07-05T13:02:41","date_gmt":"2010-07-05T16:02:41","guid":{"rendered":"http:\/\/blog.panrotas.com.br\/distribuindoviagens\/?p=109"},"modified":"2010-07-05T13:02:41","modified_gmt":"2010-07-05T16:02:41","slug":"mudei-meu-voto-para-presidente","status":"publish","type":"post","link":"https:\/\/blog.panrotas.com.br\/b2btech\/2010\/07\/05\/mudei-meu-voto-para-presidente\/","title":{"rendered":"Mudei meu voto para presidente"},"content":{"rendered":"<p>Agora que a Copa do Mundo acabou para n\u00f3s e Dunga j\u00e1 est\u00e1 fora da sele\u00e7\u00e3o, as aten\u00e7\u00f5es da m\u00eddia estar\u00e3o voltadas para as elei\u00e7\u00f5es presidenciais.<\/p>\n<p>N\u00e3o \u00e9 minha inten\u00e7\u00e3o fazer apologia de qualquer candidato, em especial nesta elei\u00e7\u00e3o em que temos 3 boas alternativas para o Planalto, mas como sempre, desejo estimular o debate, mesmo n\u00e3o sendo a pol\u00edtica o tema principal deste Blog.<\/p>\n<p>Devo confessar que gostei muito do governo Lula. Como empres\u00e1rio, profissional, pai de fam\u00edlia e eleitor, afirmo com tranquilidade que vivemos 8 anos de avan\u00e7os no pa\u00eds.<\/p>\n<p>N\u00e3o consigo recordar um outro per\u00edodo semelhante, em que o Brasil tenha avan\u00e7ado tanto, em tantas \u00e1reas, e beneficiado tantas pessoas, de todas as classes sociais.<\/p>\n<p>N\u00e3o pretendo relacionar os pontos positivos, e tampouco os negativos, do governo que termina em 2010. Isso \u00e9 tarefa para a imprensa e os cientistas pol\u00edticos.<\/p>\n<p>Mas vou declarar meu voto, desde j\u00e1: votarei no Serra.<\/p>\n<p>E minhas raz\u00f5es s\u00e3o simples:<\/p>\n<p>&#8211; N\u00e3o acho que Dilma repita o feito de Lula, nem interna e nem externamente.<\/p>\n<p>&#8211; Serra, assim como Lula, est\u00e1 se preparando h\u00e1 mais tempo para ser presidente.<\/p>\n<p>&#8211; Acredito na altern\u00e2ncia do poder para o aprimoramento do processo democr\u00e1tico.<\/p>\n<p>&#8211; O PSDB \u00e9 a bola da vez e poder\u00e1 melhorar tudo o que o PT fez de bom.<\/p>\n<p>Apesar de todos esses motivos, at\u00e9 a semana passada eu ainda cogitava as eventuais vantagens da continuidade do governo Lula.<\/p>\n<p>Por incr\u00edvel que pare\u00e7a, a cartada decisiva para conquistar o meu voto, foi a compara\u00e7\u00e3o entre os 2 candidatos a vice-presidente, das chapas com mais chances de vencer: Michel Temer e \u00cdndio da Costa.<\/p>\n<p>O Serra conseguiu, para vice na chapa, um pol\u00edtico jovem (39 anos), sem v\u00edcios (primeiro mandato de deputado federal), com a ficha limpa (al\u00e9m de relator do projeto Ficha Limpa, que virou lei), especialista em administra\u00e7\u00e3o (2 vezes secret\u00e1rio de administra\u00e7\u00e3o da prefeitura do Rio), antenado (domina novas tecnologias, redes sociais, twitter, blogs etc.), inovador em gest\u00e3o p\u00fablica (economizou milh\u00f5es com redu\u00e7\u00e3o de processos na prefeitura do Rio) e vis\u00e3o de longo prazo (criador do INIRIO &#8211; Instituto de Novas Ideias para o Rio).<\/p>\n<p>A sociedade tem reclamado da necessidade de renova\u00e7\u00e3o na pol\u00edtica brasileira, como forma de aprimorar as pr\u00e1ticas da representatividade, de dar sangue novo \u00e0 democracia e de excluir os velhos e viciados atores do cen\u00e1rio pol\u00edtico nacional.<\/p>\n<p>Apesar do vice do Serra representar a resposta a este anseio da sociedade, logo vem algu\u00e9m dizer que \u00cdndio \u00e9 um pol\u00edtico \u201cdesconhecido e inexperiente\u201d&#8230;!!!<\/p>\n<p>Ora, a Dilma n\u00e3o foi eleita nem a s\u00edndico do pr\u00e9dio e \u00e9 candidata a presidente, n\u00e3o \u00e0 vice-presidente&#8230;<\/p>\n<p>Por isso, para facilitar a minha escolha, comparei as 3 chapas:<\/p>\n<p><strong>Chapa 1 &#8211; Serra e \u00cdndio<\/strong><br \/>\nPresidente: O Serra tem larga experi\u00eancia pol\u00edtica e em cargos executivos (dispensa apresenta\u00e7\u00f5es ou maiores an\u00e1lises).<br \/>\nVice: \u00cdndio da Costa tem boa experi\u00eancia pol\u00edtica e administrativa (venceu 4 elei\u00e7\u00f5es e ocupou cargos executivos).<\/p>\n<p><strong>Chapa 2 &#8211; Dilma e Temer<\/strong><br \/>\nPresidente: A Dilma tem ineg\u00e1vel experi\u00eancia administrativa, mas nenhuma experi\u00eancia pol\u00edtica (nunca foi eleita a nada).<br \/>\nVice: Michel Temer \u00e9 um pol\u00edtico muito, muito experiente, que sintetiza o conceito de velha raposa da pol\u00edtica nacional.<\/p>\n<p><strong>Chapa 3 &#8211; Marina e Guilherme<\/strong><br \/>\nPresidente: A Marina tem grande experi\u00eancia pol\u00edtica e administrativa, com uma bela hist\u00f3ria de vida e forte apelo junto ao eleitorado.<br \/>\nVice: Guilherme Leal tem capacidade administrativa (na iniciativa privada) e pretende copiar a dobradinha de Jos\u00e9 Alencar com Lula.<\/p>\n<p>N\u00e3o tenho mais d\u00favida: a vis\u00e3o do Serra em escolher o \u00cdndio da Costa, entre as alternativas apresentadas, convenceu-me definitivamente que ele (Serra) \u00e9 o mais preparado para um cargo em que ter\u00e1 que fazer as mais dif\u00edceis escolhas.<\/p>\n<p>Vou com Serra.<\/p>\n<p>.<\/p>\n","protected":false},"excerpt":{"rendered":"<p>Agora que a Copa do Mundo acabou para n\u00f3s e Dunga j\u00e1 est\u00e1 fora da sele\u00e7\u00e3o, as aten\u00e7\u00f5es da m\u00eddia estar\u00e3o voltadas para as elei\u00e7\u00f5es presidenciais. N\u00e3o \u00e9 minha inten\u00e7\u00e3o fazer apologia de qualquer candidato, em especial nesta elei\u00e7\u00e3o em que temos 3 boas alternativas para o Planalto, mas como sempre, desejo estimular o debate,&hellip; <a class=\"more-link\" href=\"https:\/\/blog.panrotas.com.br\/b2btech\/2010\/07\/05\/mudei-meu-voto-para-presidente\/\">Continue reading &rarr;<\/a><\/p>\n","protected":false},"author":11,"featured_media":0,"comment_status":"open","ping_status":"open","sticky":false,"template":"","format":"standard","meta":{"spay_email":""},"categories":[8],"tags":[],"yoast_head":"<!-- This site is optimized with the Yoast SEO plugin v17.3 - https:\/\/yoast.com\/wordpress\/plugins\/seo\/ -->\n<title>Mudei meu voto para presidente - B2btech<\/title>\n<meta name=\"robots\" content=\"index, follow, max-snippet:-1, max-image-preview:large, max-video-preview:-1\" \/>\n<link rel=\"canonical\" href=\"https:\/\/blog.panrotas.com.br\/b2btech\/2010\/07\/05\/mudei-meu-voto-para-presidente\/\" \/>\n<meta property=\"og:locale\" content=\"pt_BR\" \/>\n<meta property=\"og:type\" content=\"article\" \/>\n<meta property=\"og:title\" content=\"Mudei meu voto para presidente - B2btech\" \/>\n<meta property=\"og:description\" content=\"Agora que a Copa do Mundo acabou para n\u00f3s e Dunga j\u00e1 est\u00e1 fora da sele\u00e7\u00e3o, as aten\u00e7\u00f5es da m\u00eddia estar\u00e3o voltadas para as elei\u00e7\u00f5es presidenciais. N\u00e3o \u00e9 minha inten\u00e7\u00e3o fazer apologia de qualquer candidato, em especial nesta elei\u00e7\u00e3o em que temos 3 boas alternativas para o Planalto, mas como sempre, desejo estimular o debate,&hellip; Continue reading &rarr;\" \/>\n<meta property=\"og:url\" content=\"https:\/\/blog.panrotas.com.br\/b2btech\/2010\/07\/05\/mudei-meu-voto-para-presidente\/\" \/>\n<meta property=\"og:site_name\" content=\"B2btech\" \/>\n<meta property=\"article:published_time\" content=\"2010-07-05T16:02:41+00:00\" \/>\n<meta name=\"twitter:card\" content=\"summary_large_image\" \/>\n<meta name=\"twitter:label1\" content=\"Escrito por\" \/>\n\t<meta name=\"twitter:data1\" content=\"Lu\u00eds Vabo\" \/>\n\t<meta name=\"twitter:label2\" content=\"Est. tempo de leitura\" \/>\n\t<meta name=\"twitter:data2\" content=\"3 minutos\" \/>\n<script type=\"application\/ld+json\" class=\"yoast-schema-graph\">{\"@context\":\"https:\/\/schema.org\",\"@graph\":[{\"@type\":\"WebSite\",\"@id\":\"https:\/\/blog.panrotas.com.br\/b2btech\/#website\",\"url\":\"https:\/\/blog.panrotas.com.br\/b2btech\/\",\"name\":\"B2btech\",\"description\":\"Blogosfera PANROTAS\",\"potentialAction\":[{\"@type\":\"SearchAction\",\"target\":{\"@type\":\"EntryPoint\",\"urlTemplate\":\"https:\/\/blog.panrotas.com.br\/b2btech\/?s={search_term_string}\"},\"query-input\":\"required name=search_term_string\"}],\"inLanguage\":\"pt-BR\"},{\"@type\":\"WebPage\",\"@id\":\"https:\/\/blog.panrotas.com.br\/b2btech\/2010\/07\/05\/mudei-meu-voto-para-presidente\/#webpage\",\"url\":\"https:\/\/blog.panrotas.com.br\/b2btech\/2010\/07\/05\/mudei-meu-voto-para-presidente\/\",\"name\":\"Mudei meu voto para presidente - B2btech\",\"isPartOf\":{\"@id\":\"https:\/\/blog.panrotas.com.br\/b2btech\/#website\"},\"datePublished\":\"2010-07-05T16:02:41+00:00\",\"dateModified\":\"2010-07-05T16:02:41+00:00\",\"author\":{\"@id\":\"https:\/\/blog.panrotas.com.br\/b2btech\/#\/schema\/person\/2d58abeacbdf1a9b93993c7f1b7406d6\"},\"breadcrumb\":{\"@id\":\"https:\/\/blog.panrotas.com.br\/b2btech\/2010\/07\/05\/mudei-meu-voto-para-presidente\/#breadcrumb\"},\"inLanguage\":\"pt-BR\",\"potentialAction\":[{\"@type\":\"ReadAction\",\"target\":[\"https:\/\/blog.panrotas.com.br\/b2btech\/2010\/07\/05\/mudei-meu-voto-para-presidente\/\"]}]},{\"@type\":\"BreadcrumbList\",\"@id\":\"https:\/\/blog.panrotas.com.br\/b2btech\/2010\/07\/05\/mudei-meu-voto-para-presidente\/#breadcrumb\",\"itemListElement\":[{\"@type\":\"ListItem\",\"position\":1,\"name\":\"In\\u00edcio\",\"item\":\"https:\/\/blog.panrotas.com.br\/b2btech\/\"},{\"@type\":\"ListItem\",\"position\":2,\"name\":\"Mudei meu voto para presidente\"}]},{\"@type\":\"Person\",\"@id\":\"https:\/\/blog.panrotas.com.br\/b2btech\/#\/schema\/person\/2d58abeacbdf1a9b93993c7f1b7406d6\",\"name\":\"Lu\\u00eds Vabo\",\"image\":{\"@type\":\"ImageObject\",\"@id\":\"https:\/\/blog.panrotas.com.br\/b2btech\/#personlogo\",\"inLanguage\":\"pt-BR\",\"url\":\"https:\/\/secure.gravatar.com\/avatar\/66c6e91231deb293ea586f1325cdda96?s=96&d=mm&r=g\",\"contentUrl\":\"https:\/\/secure.gravatar.com\/avatar\/66c6e91231deb293ea586f1325cdda96?s=96&d=mm&r=g\",\"caption\":\"Lu\\u00eds Vabo\"},\"description\":\"Entusiasta da inova\\u00e7\\u00e3o, do empreendedorismo e da alta performance, adepto da vida saud\\u00e1vel, dos amigos e da fam\\u00edlia, obstinado, volunt\\u00e1rio, esportista e apaixonado. S\\u00f3cio-CEO Reserve Systems \\ud83d\\udcca S\\u00f3cio-fundador Solid Gest\\u00e3o \\ud83d\\udcc8 S\\u00f3cio-CFO MyView Drones \\ud83d\\ude81 S\\u00f3cio Link School of Business \\ud83c\\udf93 Conselheiro Abracorp \\u2708\\ufe0f\",\"sameAs\":[\"http:\/\/www.reserve.com.br\"],\"url\":\"https:\/\/blog.panrotas.com.br\/b2btech\/author\/luisvabo\/\"}]}<\/script>\n<!-- \/ Yoast SEO plugin. -->","yoast_head_json":{"title":"Mudei meu voto para presidente - B2btech","robots":{"index":"index","follow":"follow","max-snippet":"max-snippet:-1","max-image-preview":"max-image-preview:large","max-video-preview":"max-video-preview:-1"},"canonical":"https:\/\/blog.panrotas.com.br\/b2btech\/2010\/07\/05\/mudei-meu-voto-para-presidente\/","og_locale":"pt_BR","og_type":"article","og_title":"Mudei meu voto para presidente - B2btech","og_description":"Agora que a Copa do Mundo acabou para n\u00f3s e Dunga j\u00e1 est\u00e1 fora da sele\u00e7\u00e3o, as aten\u00e7\u00f5es da m\u00eddia estar\u00e3o voltadas para as elei\u00e7\u00f5es presidenciais. N\u00e3o \u00e9 minha inten\u00e7\u00e3o fazer apologia de qualquer candidato, em especial nesta elei\u00e7\u00e3o em que temos 3 boas alternativas para o Planalto, mas como sempre, desejo estimular o debate,&hellip; Continue reading &rarr;","og_url":"https:\/\/blog.panrotas.com.br\/b2btech\/2010\/07\/05\/mudei-meu-voto-para-presidente\/","og_site_name":"B2btech","article_published_time":"2010-07-05T16:02:41+00:00","twitter_card":"summary_large_image","twitter_misc":{"Escrito por":"Lu\u00eds Vabo","Est. tempo de leitura":"3 minutos"},"schema":{"@context":"https:\/\/schema.org","@graph":[{"@type":"WebSite","@id":"https:\/\/blog.panrotas.com.br\/b2btech\/#website","url":"https:\/\/blog.panrotas.com.br\/b2btech\/","name":"B2btech","description":"Blogosfera PANROTAS","potentialAction":[{"@type":"SearchAction","target":{"@type":"EntryPoint","urlTemplate":"https:\/\/blog.panrotas.com.br\/b2btech\/?s={search_term_string}"},"query-input":"required name=search_term_string"}],"inLanguage":"pt-BR"},{"@type":"WebPage","@id":"https:\/\/blog.panrotas.com.br\/b2btech\/2010\/07\/05\/mudei-meu-voto-para-presidente\/#webpage","url":"https:\/\/blog.panrotas.com.br\/b2btech\/2010\/07\/05\/mudei-meu-voto-para-presidente\/","name":"Mudei meu voto para presidente - B2btech","isPartOf":{"@id":"https:\/\/blog.panrotas.com.br\/b2btech\/#website"},"datePublished":"2010-07-05T16:02:41+00:00","dateModified":"2010-07-05T16:02:41+00:00","author":{"@id":"https:\/\/blog.panrotas.com.br\/b2btech\/#\/schema\/person\/2d58abeacbdf1a9b93993c7f1b7406d6"},"breadcrumb":{"@id":"https:\/\/blog.panrotas.com.br\/b2btech\/2010\/07\/05\/mudei-meu-voto-para-presidente\/#breadcrumb"},"inLanguage":"pt-BR","potentialAction":[{"@type":"ReadAction","target":["https:\/\/blog.panrotas.com.br\/b2btech\/2010\/07\/05\/mudei-meu-voto-para-presidente\/"]}]},{"@type":"BreadcrumbList","@id":"https:\/\/blog.panrotas.com.br\/b2btech\/2010\/07\/05\/mudei-meu-voto-para-presidente\/#breadcrumb","itemListElement":[{"@type":"ListItem","position":1,"name":"In\u00edcio","item":"https:\/\/blog.panrotas.com.br\/b2btech\/"},{"@type":"ListItem","position":2,"name":"Mudei meu voto para presidente"}]},{"@type":"Person","@id":"https:\/\/blog.panrotas.com.br\/b2btech\/#\/schema\/person\/2d58abeacbdf1a9b93993c7f1b7406d6","name":"Lu\u00eds Vabo","image":{"@type":"ImageObject","@id":"https:\/\/blog.panrotas.com.br\/b2btech\/#personlogo","inLanguage":"pt-BR","url":"https:\/\/secure.gravatar.com\/avatar\/66c6e91231deb293ea586f1325cdda96?s=96&d=mm&r=g","contentUrl":"https:\/\/secure.gravatar.com\/avatar\/66c6e91231deb293ea586f1325cdda96?s=96&d=mm&r=g","caption":"Lu\u00eds Vabo"},"description":"Entusiasta da inova\u00e7\u00e3o, do empreendedorismo e da alta performance, adepto da vida saud\u00e1vel, dos amigos e da fam\u00edlia, obstinado, volunt\u00e1rio, esportista e apaixonado. S\u00f3cio-CEO Reserve Systems \ud83d\udcca S\u00f3cio-fundador Solid Gest\u00e3o \ud83d\udcc8 S\u00f3cio-CFO MyView Drones \ud83d\ude81 S\u00f3cio Link School of Business \ud83c\udf93 Conselheiro Abracorp \u2708\ufe0f","sameAs":["http:\/\/www.reserve.com.br"],"url":"https:\/\/blog.panrotas.com.br\/b2btech\/author\/luisvabo\/"}]}},"jetpack_featured_media_url":"","_links":{"self":[{"href":"https:\/\/blog.panrotas.com.br\/b2btech\/wp-json\/wp\/v2\/posts\/109"}],"collection":[{"href":"https:\/\/blog.panrotas.com.br\/b2btech\/wp-json\/wp\/v2\/posts"}],"about":[{"href":"https:\/\/blog.panrotas.com.br\/b2btech\/wp-json\/wp\/v2\/types\/post"}],"author":[{"embeddable":true,"href":"https:\/\/blog.panrotas.com.br\/b2btech\/wp-json\/wp\/v2\/users\/11"}],"replies":[{"embeddable":true,"href":"https:\/\/blog.panrotas.com.br\/b2btech\/wp-json\/wp\/v2\/comments?post=109"}],"version-history":[{"count":0,"href":"https:\/\/blog.panrotas.com.br\/b2btech\/wp-json\/wp\/v2\/posts\/109\/revisions"}],"wp:attachment":[{"href":"https:\/\/blog.panrotas.com.br\/b2btech\/wp-json\/wp\/v2\/media?parent=109"}],"wp:term":[{"taxonomy":"category","embeddable":true,"href":"https:\/\/blog.panrotas.com.br\/b2btech\/wp-json\/wp\/v2\/categories?post=109"},{"taxonomy":"post_tag","embeddable":true,"href":"https:\/\/blog.panrotas.com.br\/b2btech\/wp-json\/wp\/v2\/tags?post=109"}],"curies":[{"name":"wp","href":"https:\/\/api.w.org\/{rel}","templated":true}]}}