{"id":136,"date":"2010-08-10T01:56:48","date_gmt":"2010-08-10T04:56:48","guid":{"rendered":"http:\/\/blog.panrotas.com.br\/distribuindoviagens\/?p=136"},"modified":"2010-08-10T01:56:48","modified_gmt":"2010-08-10T04:56:48","slug":"os-eua-nao-sao-o-centro-do-mundo-nbta-sera-gbta","status":"publish","type":"post","link":"https:\/\/blog.panrotas.com.br\/b2btech\/2010\/08\/10\/os-eua-nao-sao-o-centro-do-mundo-nbta-sera-gbta\/","title":{"rendered":"Os EUA n\u00e3o s\u00e3o o centro do mundo: NBTA ser\u00e1 GBTA !"},"content":{"rendered":"<p>Pelo 6\u00ba ano consecutivo, estamos participando do congresso da NBTA, seguramente o maior e mais importante evento de <em>corporate travel<\/em> no mundo que, apesar de organizado por uma associa\u00e7\u00e3o americana (a National Business Travel Association), atrai profissionais da ind\u00fastria de viagens corporativas do mundo inteiro.<\/p>\n<p>Com 65 representantes de ag\u00eancias de viagens, hot\u00e9is, cias. a\u00e9reas, empresas de tecnologia, imprensa, entre outros, a delega\u00e7\u00e3o brasileira organizada pela ABGEV (a nossa Associa\u00e7\u00e3o Brasileira dos Gestores de Eventos e Viagens Corporativas) figura sempre entre as maiores delega\u00e7\u00f5es estrangeiras (geralmente apenas as delega\u00e7\u00f5es canadense e inglesa s\u00e3o maiores em quantidade de pessoas).<\/p>\n<p>Durante esses 6 anos (San Diego, Chicago, Boston, Los Angeles, San Diego e Houston), Solange Vabo e eu buscamos na NBTA novidades e tend\u00eancias em tecnologia que pudessem ser aplicadas, adaptadas ou melhoradas para o mercado brasileiro, diferente do americano em in\u00fameros aspectos.<\/p>\n<p>Este ano, nos deparamos com uma constata\u00e7\u00e3o surpreendente, verbalizada pelo menos 3 vezes durante o primeiro dia do evento: os EUA j\u00e1 admitem n\u00e3o serem o centro do universo&#8230;<\/p>\n<p>Para entender o contexto desta percep\u00e7\u00e3o sobre a mudan\u00e7a de abordagem do americano a respeito da economia mundial, vamos come\u00e7ar do in\u00edcio:<\/p>\n<p>No painel <em><strong>Going global with limited resources<\/strong><\/em>, a Blackrock, multinacional com presen\u00e7a em dezenas de pa\u00edses, demonstrou que as empresas est\u00e3o preocupadas com sua autonomia em rela\u00e7\u00e3o \u00e0 fonte dos dados de viagens, em especial quando implementam um projeto global de gest\u00e3o de viagens corporativas, sendo mandat\u00f3rio que n\u00e3o dependam dos dados da ag\u00eancia de gest\u00e3o de viagens corporativas (ou TMC), nem dos dados do cart\u00e3o de cr\u00e9dito e nem mesmo dos dados dos GDS\u2019s. Dispor de seu pr\u00f3prio sistema de gest\u00e3o de dados de viagens \u00e9 estrat\u00e9gico para a companhia.<\/p>\n<p>Neste mesmo painel, a Convergys, outra multinacional presente em diversos pa\u00edses, focou nas dificuldades de relacionamento de seus colaboradores em cada pa\u00eds, em suas rela\u00e7\u00f5es com seus fornecedores locais, e por isso, procura respeitar as especificidades de cada regi\u00e3o.<\/p>\n<p>Por fim, a Booz &amp; Co, corpora\u00e7\u00e3o entre as mais tradicionais empresas de consultoria do mundo, optou por apresentar uma vis\u00e3o estrat\u00e9gica sobre os objetivos de um projeto de globaliza\u00e7\u00e3o da \u00e1rea de viagens, comparando o ganho de oportunidade que se pode obter com a gest\u00e3o global, versus uma abordagem mais estrat\u00e9gica, que considera a gest\u00e3o local das viagens em cada regi\u00e3o ou pa\u00eds.<\/p>\n<p>Neste contexto, foi proferida pela primeira vez a frase: <em>\u201cDo not think USA is the centre of the world, because it is not\u201d.<\/em><\/p>\n<p>O mais surpreendente foi a Condoleezza Rice, a ex-secret\u00e1ria de estado norteamericana, que apresentou, durante o almo\u00e7o, um discurso de quem tem projetos pol\u00edticos concretos para o futuro e, neste ambiente, esfor\u00e7ou-se para elevar o moral da tropa ao dizer que, embora os EUA n\u00e3o sejam o centro do universo, n\u00e3o h\u00e1 por que acreditar que a China v\u00e1 efetivamente conquistar a lideran\u00e7a global, como profetizam 10 em 10 economistas, americanos ou n\u00e3o.<\/p>\n<p>Apesar do inevit\u00e1vel tom de patriotismo exacerbado, resumido na frase \u201c<em>we are leaders in democracy, generosity and compassion (!?)<\/em>\u201d, Dr. Rice, como chamada pelo patrocinador da palestra, n\u00e3o conseguiu esconder uma certa preocupa\u00e7\u00e3o com o crescimento da China e de outras economias emergentes.<\/p>\n<p>Por \u00faltimo, o an\u00fancio da estrat\u00e9gia de globaliza\u00e7\u00e3o da NBTA, que deixar\u00e1 de ser uma entidade americana para se tornar efetivamente internacional, com representa\u00e7\u00f5es nos diversos pa\u00edses e regi\u00f5es em que o tema <em>business travel<\/em> tenha alguma relev\u00e2ncia na economia.<\/p>\n<p>Esta imprevista guinada estrat\u00e9gica da NBTA tamb\u00e9m foi motivada pela percep\u00e7\u00e3o de que cada pa\u00eds tem sua realidade, cada mercado tem seu tamanho e a retirada do N (<em>national<\/em>) da sigla NBTA, ser\u00e1 fundamental para a compreens\u00e3o de que a futura <strong>GBTA<\/strong> <em>(Global Business Travel Association)<\/em> n\u00e3o ser\u00e1 uma entidade dos EUA, mas uma institui\u00e7\u00e3o global, focada mais em um importante segmento da economia do que num determinado pa\u00eds.<\/p>\n<p>Aparentemente, os americanos est\u00e3o come\u00e7ando a perceber que o mundo existe al\u00e9m do hemisf\u00e9rio norte, o que \u00e9 muito bom para todos, inclusive para os EUA&#8230;<\/p>\n<p>.<\/p>\n","protected":false},"excerpt":{"rendered":"<p>Pelo 6\u00ba ano consecutivo, estamos participando do congresso da NBTA, seguramente o maior e mais importante evento de corporate travel no mundo que, apesar de organizado por uma associa\u00e7\u00e3o americana (a National Business Travel Association), atrai profissionais da ind\u00fastria de viagens corporativas do mundo inteiro. Com 65 representantes de ag\u00eancias de viagens, hot\u00e9is, cias. a\u00e9reas,&hellip; <a class=\"more-link\" href=\"https:\/\/blog.panrotas.com.br\/b2btech\/2010\/08\/10\/os-eua-nao-sao-o-centro-do-mundo-nbta-sera-gbta\/\">Continue reading &rarr;<\/a><\/p>\n","protected":false},"author":11,"featured_media":0,"comment_status":"open","ping_status":"open","sticky":false,"template":"","format":"standard","meta":{"spay_email":""},"categories":[8],"tags":[],"yoast_head":"<!-- This site is optimized with the Yoast SEO plugin v17.3 - https:\/\/yoast.com\/wordpress\/plugins\/seo\/ -->\n<title>Os EUA n\u00e3o s\u00e3o o centro do mundo: NBTA ser\u00e1 GBTA ! - B2btech<\/title>\n<meta name=\"robots\" content=\"index, follow, max-snippet:-1, max-image-preview:large, max-video-preview:-1\" \/>\n<link rel=\"canonical\" href=\"https:\/\/blog.panrotas.com.br\/b2btech\/2010\/08\/10\/os-eua-nao-sao-o-centro-do-mundo-nbta-sera-gbta\/\" \/>\n<meta property=\"og:locale\" content=\"pt_BR\" \/>\n<meta property=\"og:type\" content=\"article\" \/>\n<meta property=\"og:title\" content=\"Os EUA n\u00e3o s\u00e3o o centro do mundo: NBTA ser\u00e1 GBTA ! - B2btech\" \/>\n<meta property=\"og:description\" content=\"Pelo 6\u00ba ano consecutivo, estamos participando do congresso da NBTA, seguramente o maior e mais importante evento de corporate travel no mundo que, apesar de organizado por uma associa\u00e7\u00e3o americana (a National Business Travel Association), atrai profissionais da ind\u00fastria de viagens corporativas do mundo inteiro. Com 65 representantes de ag\u00eancias de viagens, hot\u00e9is, cias. a\u00e9reas,&hellip; Continue reading &rarr;\" \/>\n<meta property=\"og:url\" content=\"https:\/\/blog.panrotas.com.br\/b2btech\/2010\/08\/10\/os-eua-nao-sao-o-centro-do-mundo-nbta-sera-gbta\/\" \/>\n<meta property=\"og:site_name\" content=\"B2btech\" \/>\n<meta property=\"article:published_time\" content=\"2010-08-10T04:56:48+00:00\" \/>\n<meta name=\"twitter:card\" content=\"summary_large_image\" \/>\n<meta name=\"twitter:label1\" content=\"Escrito por\" \/>\n\t<meta name=\"twitter:data1\" content=\"Lu\u00eds Vabo\" \/>\n\t<meta name=\"twitter:label2\" content=\"Est. tempo de leitura\" \/>\n\t<meta name=\"twitter:data2\" content=\"4 minutos\" \/>\n<script type=\"application\/ld+json\" class=\"yoast-schema-graph\">{\"@context\":\"https:\/\/schema.org\",\"@graph\":[{\"@type\":\"WebSite\",\"@id\":\"https:\/\/blog.panrotas.com.br\/b2btech\/#website\",\"url\":\"https:\/\/blog.panrotas.com.br\/b2btech\/\",\"name\":\"B2btech\",\"description\":\"Blogosfera PANROTAS\",\"potentialAction\":[{\"@type\":\"SearchAction\",\"target\":{\"@type\":\"EntryPoint\",\"urlTemplate\":\"https:\/\/blog.panrotas.com.br\/b2btech\/?s={search_term_string}\"},\"query-input\":\"required name=search_term_string\"}],\"inLanguage\":\"pt-BR\"},{\"@type\":\"WebPage\",\"@id\":\"https:\/\/blog.panrotas.com.br\/b2btech\/2010\/08\/10\/os-eua-nao-sao-o-centro-do-mundo-nbta-sera-gbta\/#webpage\",\"url\":\"https:\/\/blog.panrotas.com.br\/b2btech\/2010\/08\/10\/os-eua-nao-sao-o-centro-do-mundo-nbta-sera-gbta\/\",\"name\":\"Os EUA n\\u00e3o s\\u00e3o o centro do mundo: NBTA ser\\u00e1 GBTA ! - B2btech\",\"isPartOf\":{\"@id\":\"https:\/\/blog.panrotas.com.br\/b2btech\/#website\"},\"datePublished\":\"2010-08-10T04:56:48+00:00\",\"dateModified\":\"2010-08-10T04:56:48+00:00\",\"author\":{\"@id\":\"https:\/\/blog.panrotas.com.br\/b2btech\/#\/schema\/person\/2d58abeacbdf1a9b93993c7f1b7406d6\"},\"breadcrumb\":{\"@id\":\"https:\/\/blog.panrotas.com.br\/b2btech\/2010\/08\/10\/os-eua-nao-sao-o-centro-do-mundo-nbta-sera-gbta\/#breadcrumb\"},\"inLanguage\":\"pt-BR\",\"potentialAction\":[{\"@type\":\"ReadAction\",\"target\":[\"https:\/\/blog.panrotas.com.br\/b2btech\/2010\/08\/10\/os-eua-nao-sao-o-centro-do-mundo-nbta-sera-gbta\/\"]}]},{\"@type\":\"BreadcrumbList\",\"@id\":\"https:\/\/blog.panrotas.com.br\/b2btech\/2010\/08\/10\/os-eua-nao-sao-o-centro-do-mundo-nbta-sera-gbta\/#breadcrumb\",\"itemListElement\":[{\"@type\":\"ListItem\",\"position\":1,\"name\":\"In\\u00edcio\",\"item\":\"https:\/\/blog.panrotas.com.br\/b2btech\/\"},{\"@type\":\"ListItem\",\"position\":2,\"name\":\"Os EUA n\\u00e3o s\\u00e3o o centro do mundo: NBTA ser\\u00e1 GBTA !\"}]},{\"@type\":\"Person\",\"@id\":\"https:\/\/blog.panrotas.com.br\/b2btech\/#\/schema\/person\/2d58abeacbdf1a9b93993c7f1b7406d6\",\"name\":\"Lu\\u00eds Vabo\",\"image\":{\"@type\":\"ImageObject\",\"@id\":\"https:\/\/blog.panrotas.com.br\/b2btech\/#personlogo\",\"inLanguage\":\"pt-BR\",\"url\":\"https:\/\/secure.gravatar.com\/avatar\/66c6e91231deb293ea586f1325cdda96?s=96&d=mm&r=g\",\"contentUrl\":\"https:\/\/secure.gravatar.com\/avatar\/66c6e91231deb293ea586f1325cdda96?s=96&d=mm&r=g\",\"caption\":\"Lu\\u00eds Vabo\"},\"description\":\"Entusiasta da inova\\u00e7\\u00e3o, do empreendedorismo e da alta performance, adepto da vida saud\\u00e1vel, dos amigos e da fam\\u00edlia, obstinado, volunt\\u00e1rio, esportista e apaixonado. S\\u00f3cio-CEO Reserve Systems \\ud83d\\udcca S\\u00f3cio-fundador Solid Gest\\u00e3o \\ud83d\\udcc8 S\\u00f3cio-CFO MyView Drones \\ud83d\\ude81 S\\u00f3cio Link School of Business \\ud83c\\udf93 Conselheiro Abracorp \\u2708\\ufe0f\",\"sameAs\":[\"http:\/\/www.reserve.com.br\"],\"url\":\"https:\/\/blog.panrotas.com.br\/b2btech\/author\/luisvabo\/\"}]}<\/script>\n<!-- \/ Yoast SEO plugin. -->","yoast_head_json":{"title":"Os EUA n\u00e3o s\u00e3o o centro do mundo: NBTA ser\u00e1 GBTA ! - B2btech","robots":{"index":"index","follow":"follow","max-snippet":"max-snippet:-1","max-image-preview":"max-image-preview:large","max-video-preview":"max-video-preview:-1"},"canonical":"https:\/\/blog.panrotas.com.br\/b2btech\/2010\/08\/10\/os-eua-nao-sao-o-centro-do-mundo-nbta-sera-gbta\/","og_locale":"pt_BR","og_type":"article","og_title":"Os EUA n\u00e3o s\u00e3o o centro do mundo: NBTA ser\u00e1 GBTA ! - B2btech","og_description":"Pelo 6\u00ba ano consecutivo, estamos participando do congresso da NBTA, seguramente o maior e mais importante evento de corporate travel no mundo que, apesar de organizado por uma associa\u00e7\u00e3o americana (a National Business Travel Association), atrai profissionais da ind\u00fastria de viagens corporativas do mundo inteiro. Com 65 representantes de ag\u00eancias de viagens, hot\u00e9is, cias. a\u00e9reas,&hellip; Continue reading &rarr;","og_url":"https:\/\/blog.panrotas.com.br\/b2btech\/2010\/08\/10\/os-eua-nao-sao-o-centro-do-mundo-nbta-sera-gbta\/","og_site_name":"B2btech","article_published_time":"2010-08-10T04:56:48+00:00","twitter_card":"summary_large_image","twitter_misc":{"Escrito por":"Lu\u00eds Vabo","Est. tempo de leitura":"4 minutos"},"schema":{"@context":"https:\/\/schema.org","@graph":[{"@type":"WebSite","@id":"https:\/\/blog.panrotas.com.br\/b2btech\/#website","url":"https:\/\/blog.panrotas.com.br\/b2btech\/","name":"B2btech","description":"Blogosfera PANROTAS","potentialAction":[{"@type":"SearchAction","target":{"@type":"EntryPoint","urlTemplate":"https:\/\/blog.panrotas.com.br\/b2btech\/?s={search_term_string}"},"query-input":"required name=search_term_string"}],"inLanguage":"pt-BR"},{"@type":"WebPage","@id":"https:\/\/blog.panrotas.com.br\/b2btech\/2010\/08\/10\/os-eua-nao-sao-o-centro-do-mundo-nbta-sera-gbta\/#webpage","url":"https:\/\/blog.panrotas.com.br\/b2btech\/2010\/08\/10\/os-eua-nao-sao-o-centro-do-mundo-nbta-sera-gbta\/","name":"Os EUA n\u00e3o s\u00e3o o centro do mundo: NBTA ser\u00e1 GBTA ! - B2btech","isPartOf":{"@id":"https:\/\/blog.panrotas.com.br\/b2btech\/#website"},"datePublished":"2010-08-10T04:56:48+00:00","dateModified":"2010-08-10T04:56:48+00:00","author":{"@id":"https:\/\/blog.panrotas.com.br\/b2btech\/#\/schema\/person\/2d58abeacbdf1a9b93993c7f1b7406d6"},"breadcrumb":{"@id":"https:\/\/blog.panrotas.com.br\/b2btech\/2010\/08\/10\/os-eua-nao-sao-o-centro-do-mundo-nbta-sera-gbta\/#breadcrumb"},"inLanguage":"pt-BR","potentialAction":[{"@type":"ReadAction","target":["https:\/\/blog.panrotas.com.br\/b2btech\/2010\/08\/10\/os-eua-nao-sao-o-centro-do-mundo-nbta-sera-gbta\/"]}]},{"@type":"BreadcrumbList","@id":"https:\/\/blog.panrotas.com.br\/b2btech\/2010\/08\/10\/os-eua-nao-sao-o-centro-do-mundo-nbta-sera-gbta\/#breadcrumb","itemListElement":[{"@type":"ListItem","position":1,"name":"In\u00edcio","item":"https:\/\/blog.panrotas.com.br\/b2btech\/"},{"@type":"ListItem","position":2,"name":"Os EUA n\u00e3o s\u00e3o o centro do mundo: NBTA ser\u00e1 GBTA !"}]},{"@type":"Person","@id":"https:\/\/blog.panrotas.com.br\/b2btech\/#\/schema\/person\/2d58abeacbdf1a9b93993c7f1b7406d6","name":"Lu\u00eds Vabo","image":{"@type":"ImageObject","@id":"https:\/\/blog.panrotas.com.br\/b2btech\/#personlogo","inLanguage":"pt-BR","url":"https:\/\/secure.gravatar.com\/avatar\/66c6e91231deb293ea586f1325cdda96?s=96&d=mm&r=g","contentUrl":"https:\/\/secure.gravatar.com\/avatar\/66c6e91231deb293ea586f1325cdda96?s=96&d=mm&r=g","caption":"Lu\u00eds Vabo"},"description":"Entusiasta da inova\u00e7\u00e3o, do empreendedorismo e da alta performance, adepto da vida saud\u00e1vel, dos amigos e da fam\u00edlia, obstinado, volunt\u00e1rio, esportista e apaixonado. S\u00f3cio-CEO Reserve Systems \ud83d\udcca S\u00f3cio-fundador Solid Gest\u00e3o \ud83d\udcc8 S\u00f3cio-CFO MyView Drones \ud83d\ude81 S\u00f3cio Link School of Business \ud83c\udf93 Conselheiro Abracorp \u2708\ufe0f","sameAs":["http:\/\/www.reserve.com.br"],"url":"https:\/\/blog.panrotas.com.br\/b2btech\/author\/luisvabo\/"}]}},"jetpack_featured_media_url":"","_links":{"self":[{"href":"https:\/\/blog.panrotas.com.br\/b2btech\/wp-json\/wp\/v2\/posts\/136"}],"collection":[{"href":"https:\/\/blog.panrotas.com.br\/b2btech\/wp-json\/wp\/v2\/posts"}],"about":[{"href":"https:\/\/blog.panrotas.com.br\/b2btech\/wp-json\/wp\/v2\/types\/post"}],"author":[{"embeddable":true,"href":"https:\/\/blog.panrotas.com.br\/b2btech\/wp-json\/wp\/v2\/users\/11"}],"replies":[{"embeddable":true,"href":"https:\/\/blog.panrotas.com.br\/b2btech\/wp-json\/wp\/v2\/comments?post=136"}],"version-history":[{"count":0,"href":"https:\/\/blog.panrotas.com.br\/b2btech\/wp-json\/wp\/v2\/posts\/136\/revisions"}],"wp:attachment":[{"href":"https:\/\/blog.panrotas.com.br\/b2btech\/wp-json\/wp\/v2\/media?parent=136"}],"wp:term":[{"taxonomy":"category","embeddable":true,"href":"https:\/\/blog.panrotas.com.br\/b2btech\/wp-json\/wp\/v2\/categories?post=136"},{"taxonomy":"post_tag","embeddable":true,"href":"https:\/\/blog.panrotas.com.br\/b2btech\/wp-json\/wp\/v2\/tags?post=136"}],"curies":[{"name":"wp","href":"https:\/\/api.w.org\/{rel}","templated":true}]}}