{"id":154,"date":"2010-08-20T12:29:44","date_gmt":"2010-08-20T15:29:44","guid":{"rendered":"http:\/\/blog.panrotas.com.br\/distribuindoviagens\/?p=154"},"modified":"2010-08-20T12:29:44","modified_gmt":"2010-08-20T15:29:44","slug":"tony-garcia-35-anos-de-mercado","status":"publish","type":"post","link":"https:\/\/blog.panrotas.com.br\/b2btech\/2010\/08\/20\/tony-garcia-35-anos-de-mercado\/","title":{"rendered":"Tony Garcia: 35 anos de mercado!"},"content":{"rendered":"<p>Na ind\u00fastria de viagens e turismo no Brasil, cheia de conflitos e opini\u00f5es divergentes, existem muito poucas unanimidades.<\/p>\n<p>Penso que o\u00a0Tony \u00e9 uma delas.<\/p>\n<p>O Tony \u00e9 aquela figura que passou por (quase) todas as fun\u00e7\u00f5es comerciais dentro de uma cia. a\u00e9rea, desde agente de reservas, promotor, executivo de contas, inspetor, supervisor, gerente, entre outras v\u00e1rias&#8230;<\/p>\n<p>Iniciou carreira exatamente em 20\/08\/1975 na Varig, onde atuou por 20 anos, quando ent\u00e3o transferiu-se para a Rio Sul, onde trabalhou at\u00e9 2002, ano e que foi contratado pela TAM.<\/p>\n<figure id=\"attachment_160\" aria-describedby=\"caption-attachment-160\" style=\"width: 450px\" class=\"wp-caption aligncenter\"><a href=\"http:\/\/panrotas.blog.br\/b2btech\/wp-content\/uploads\/sites\/7\/2010\/08\/DSC01260.jpg\"><img loading=\"lazy\" class=\"size-large wp-image-160\" title=\"Tony Garcia\" src=\"http:\/\/blog.panrotas.com.br\/distribuindoviagens\/wp-content\/uploads\/2010\/08\/DSC01260-1024x768.jpg\" alt=\"Tony Garcia\" width=\"450\" height=\"337\" srcset=\"https:\/\/blog.panrotas.com.br\/b2btech\/wp-content\/uploads\/sites\/7\/2010\/08\/DSC01260-1024x768.jpg 1024w, https:\/\/blog.panrotas.com.br\/b2btech\/wp-content\/uploads\/sites\/7\/2010\/08\/DSC01260-300x225.jpg 300w, https:\/\/blog.panrotas.com.br\/b2btech\/wp-content\/uploads\/sites\/7\/2010\/08\/DSC01260-768x576.jpg 768w, https:\/\/blog.panrotas.com.br\/b2btech\/wp-content\/uploads\/sites\/7\/2010\/08\/DSC01260-1568x1176.jpg 1568w\" sizes=\"(max-width: 450px) 100vw, 450px\" \/><\/a><figcaption id=\"caption-attachment-160\" class=\"wp-caption-text\">Carteira funcional do Tony, admitido em 20\/08\/1975 na Varig<\/figcaption><\/figure>\n<p>Atual &#8220;Key Account&#8221; da TAM para as\u00a0ag\u00eancias de viagens corporativas, o Tony \u00e9 aquele tipo de executivo que &#8220;resolve qualquer pepino&#8221; e, mesmo quando n\u00e3o existe uma solu\u00e7\u00e3o,\u00a0ele nos deixa a percep\u00e7\u00e3o de que empenhou-se de forma leg\u00edtima no assunto.<\/p>\n<p>Tony nos visitou, no Rio de Janeiro, no dia em que completava 8 anos na TAM e, com a simplicidade de sempre, comentou que faz hoje, 20\/08\/2010, 35 anos no mercado de avia\u00e7\u00e3o!<\/p>\n<figure id=\"attachment_158\" aria-describedby=\"caption-attachment-158\" style=\"width: 450px\" class=\"wp-caption aligncenter\"><a href=\"http:\/\/panrotas.blog.br\/b2btech\/wp-content\/uploads\/sites\/7\/2010\/08\/Tony-Garcia.jpg\"><img loading=\"lazy\" class=\"size-large wp-image-158\" title=\"Tony Garcia entre Maria Ac\u00e1cia, do Reserve, Carla Machado, da Solid e Solange Vabo\" src=\"http:\/\/blog.panrotas.com.br\/distribuindoviagens\/wp-content\/uploads\/2010\/08\/Tony-Garcia-1024x633.jpg\" alt=\"Tony Garcia entre Maria Ac\u00e1cia, do Reserve, Carla Machado, da Solid e Solange Vabo\" width=\"450\" height=\"278\" \/><\/a><figcaption id=\"caption-attachment-158\" class=\"wp-caption-text\">Tony Garcia entre Maria Ac\u00e1cia, do Reserve, Carla Machado, da Solid e Solange Vabo<\/figcaption><\/figure>\n<p>Ta\u00ed um parceiro e amigo que merece respeito, pela pessoa e pelo profissional que \u00e9.<\/p>\n<p>Parab\u00e9ns Tony, pelos 35 anos de dedica\u00e7\u00e3o ao mercado da avia\u00e7\u00e3o brasileira !<\/p>\n<p>.<\/p>\n","protected":false},"excerpt":{"rendered":"<p>Na ind\u00fastria de viagens e turismo no Brasil, cheia de conflitos e opini\u00f5es divergentes, existem muito poucas unanimidades. Penso que o\u00a0Tony \u00e9 uma delas. O Tony \u00e9 aquela figura que passou por (quase) todas as fun\u00e7\u00f5es comerciais dentro de uma cia. a\u00e9rea, desde agente de reservas, promotor, executivo de contas, inspetor, supervisor, gerente, entre outras&hellip; <a class=\"more-link\" href=\"https:\/\/blog.panrotas.com.br\/b2btech\/2010\/08\/20\/tony-garcia-35-anos-de-mercado\/\">Continue reading &rarr;<\/a><\/p>\n","protected":false},"author":11,"featured_media":0,"comment_status":"open","ping_status":"open","sticky":false,"template":"","format":"standard","meta":{"spay_email":""},"categories":[8],"tags":[],"yoast_head":"<!-- This site is optimized with the Yoast SEO plugin v17.3 - https:\/\/yoast.com\/wordpress\/plugins\/seo\/ -->\n<title>Tony Garcia: 35 anos de mercado! - B2btech<\/title>\n<meta name=\"robots\" content=\"index, follow, max-snippet:-1, max-image-preview:large, max-video-preview:-1\" \/>\n<link rel=\"canonical\" href=\"https:\/\/blog.panrotas.com.br\/b2btech\/2010\/08\/20\/tony-garcia-35-anos-de-mercado\/\" \/>\n<meta property=\"og:locale\" content=\"pt_BR\" \/>\n<meta property=\"og:type\" content=\"article\" \/>\n<meta property=\"og:title\" content=\"Tony Garcia: 35 anos de mercado! - B2btech\" \/>\n<meta property=\"og:description\" content=\"Na ind\u00fastria de viagens e turismo no Brasil, cheia de conflitos e opini\u00f5es divergentes, existem muito poucas unanimidades. Penso que o\u00a0Tony \u00e9 uma delas. O Tony \u00e9 aquela figura que passou por (quase) todas as fun\u00e7\u00f5es comerciais dentro de uma cia. a\u00e9rea, desde agente de reservas, promotor, executivo de contas, inspetor, supervisor, gerente, entre outras&hellip; Continue reading &rarr;\" \/>\n<meta property=\"og:url\" content=\"https:\/\/blog.panrotas.com.br\/b2btech\/2010\/08\/20\/tony-garcia-35-anos-de-mercado\/\" \/>\n<meta property=\"og:site_name\" content=\"B2btech\" \/>\n<meta property=\"article:published_time\" content=\"2010-08-20T15:29:44+00:00\" \/>\n<meta property=\"og:image\" content=\"http:\/\/blog.panrotas.com.br\/distribuindoviagens\/wp-content\/uploads\/2010\/08\/DSC01260-1024x768.jpg\" \/>\n<meta name=\"twitter:card\" content=\"summary_large_image\" \/>\n<meta name=\"twitter:label1\" content=\"Escrito por\" \/>\n\t<meta name=\"twitter:data1\" content=\"Lu\u00eds Vabo\" \/>\n\t<meta name=\"twitter:label2\" content=\"Est. tempo de leitura\" \/>\n\t<meta name=\"twitter:data2\" content=\"1 minuto\" \/>\n<script type=\"application\/ld+json\" class=\"yoast-schema-graph\">{\"@context\":\"https:\/\/schema.org\",\"@graph\":[{\"@type\":\"WebSite\",\"@id\":\"https:\/\/blog.panrotas.com.br\/b2btech\/#website\",\"url\":\"https:\/\/blog.panrotas.com.br\/b2btech\/\",\"name\":\"B2btech\",\"description\":\"Blogosfera PANROTAS\",\"potentialAction\":[{\"@type\":\"SearchAction\",\"target\":{\"@type\":\"EntryPoint\",\"urlTemplate\":\"https:\/\/blog.panrotas.com.br\/b2btech\/?s={search_term_string}\"},\"query-input\":\"required name=search_term_string\"}],\"inLanguage\":\"pt-BR\"},{\"@type\":\"ImageObject\",\"@id\":\"https:\/\/blog.panrotas.com.br\/b2btech\/2010\/08\/20\/tony-garcia-35-anos-de-mercado\/#primaryimage\",\"inLanguage\":\"pt-BR\",\"url\":\"http:\/\/blog.panrotas.com.br\/distribuindoviagens\/wp-content\/uploads\/2010\/08\/DSC01260-1024x768.jpg\",\"contentUrl\":\"http:\/\/blog.panrotas.com.br\/distribuindoviagens\/wp-content\/uploads\/2010\/08\/DSC01260-1024x768.jpg\"},{\"@type\":\"WebPage\",\"@id\":\"https:\/\/blog.panrotas.com.br\/b2btech\/2010\/08\/20\/tony-garcia-35-anos-de-mercado\/#webpage\",\"url\":\"https:\/\/blog.panrotas.com.br\/b2btech\/2010\/08\/20\/tony-garcia-35-anos-de-mercado\/\",\"name\":\"Tony Garcia: 35 anos de mercado! - B2btech\",\"isPartOf\":{\"@id\":\"https:\/\/blog.panrotas.com.br\/b2btech\/#website\"},\"primaryImageOfPage\":{\"@id\":\"https:\/\/blog.panrotas.com.br\/b2btech\/2010\/08\/20\/tony-garcia-35-anos-de-mercado\/#primaryimage\"},\"datePublished\":\"2010-08-20T15:29:44+00:00\",\"dateModified\":\"2010-08-20T15:29:44+00:00\",\"author\":{\"@id\":\"https:\/\/blog.panrotas.com.br\/b2btech\/#\/schema\/person\/2d58abeacbdf1a9b93993c7f1b7406d6\"},\"breadcrumb\":{\"@id\":\"https:\/\/blog.panrotas.com.br\/b2btech\/2010\/08\/20\/tony-garcia-35-anos-de-mercado\/#breadcrumb\"},\"inLanguage\":\"pt-BR\",\"potentialAction\":[{\"@type\":\"ReadAction\",\"target\":[\"https:\/\/blog.panrotas.com.br\/b2btech\/2010\/08\/20\/tony-garcia-35-anos-de-mercado\/\"]}]},{\"@type\":\"BreadcrumbList\",\"@id\":\"https:\/\/blog.panrotas.com.br\/b2btech\/2010\/08\/20\/tony-garcia-35-anos-de-mercado\/#breadcrumb\",\"itemListElement\":[{\"@type\":\"ListItem\",\"position\":1,\"name\":\"In\\u00edcio\",\"item\":\"https:\/\/blog.panrotas.com.br\/b2btech\/\"},{\"@type\":\"ListItem\",\"position\":2,\"name\":\"Tony Garcia: 35 anos de mercado!\"}]},{\"@type\":\"Person\",\"@id\":\"https:\/\/blog.panrotas.com.br\/b2btech\/#\/schema\/person\/2d58abeacbdf1a9b93993c7f1b7406d6\",\"name\":\"Lu\\u00eds Vabo\",\"image\":{\"@type\":\"ImageObject\",\"@id\":\"https:\/\/blog.panrotas.com.br\/b2btech\/#personlogo\",\"inLanguage\":\"pt-BR\",\"url\":\"https:\/\/secure.gravatar.com\/avatar\/66c6e91231deb293ea586f1325cdda96?s=96&d=mm&r=g\",\"contentUrl\":\"https:\/\/secure.gravatar.com\/avatar\/66c6e91231deb293ea586f1325cdda96?s=96&d=mm&r=g\",\"caption\":\"Lu\\u00eds Vabo\"},\"description\":\"Entusiasta da inova\\u00e7\\u00e3o, do empreendedorismo e da alta performance, adepto da vida saud\\u00e1vel, dos amigos e da fam\\u00edlia, obstinado, volunt\\u00e1rio, esportista e apaixonado. S\\u00f3cio-CEO Reserve Systems \\ud83d\\udcca S\\u00f3cio-fundador Solid Gest\\u00e3o \\ud83d\\udcc8 S\\u00f3cio-CFO MyView Drones \\ud83d\\ude81 S\\u00f3cio Link School of Business \\ud83c\\udf93 Conselheiro Abracorp \\u2708\\ufe0f\",\"sameAs\":[\"http:\/\/www.reserve.com.br\"],\"url\":\"https:\/\/blog.panrotas.com.br\/b2btech\/author\/luisvabo\/\"}]}<\/script>\n<!-- \/ Yoast SEO plugin. -->","yoast_head_json":{"title":"Tony Garcia: 35 anos de mercado! - B2btech","robots":{"index":"index","follow":"follow","max-snippet":"max-snippet:-1","max-image-preview":"max-image-preview:large","max-video-preview":"max-video-preview:-1"},"canonical":"https:\/\/blog.panrotas.com.br\/b2btech\/2010\/08\/20\/tony-garcia-35-anos-de-mercado\/","og_locale":"pt_BR","og_type":"article","og_title":"Tony Garcia: 35 anos de mercado! - B2btech","og_description":"Na ind\u00fastria de viagens e turismo no Brasil, cheia de conflitos e opini\u00f5es divergentes, existem muito poucas unanimidades. Penso que o\u00a0Tony \u00e9 uma delas. O Tony \u00e9 aquela figura que passou por (quase) todas as fun\u00e7\u00f5es comerciais dentro de uma cia. a\u00e9rea, desde agente de reservas, promotor, executivo de contas, inspetor, supervisor, gerente, entre outras&hellip; Continue reading &rarr;","og_url":"https:\/\/blog.panrotas.com.br\/b2btech\/2010\/08\/20\/tony-garcia-35-anos-de-mercado\/","og_site_name":"B2btech","article_published_time":"2010-08-20T15:29:44+00:00","og_image":[{"url":"http:\/\/blog.panrotas.com.br\/distribuindoviagens\/wp-content\/uploads\/2010\/08\/DSC01260-1024x768.jpg"}],"twitter_card":"summary_large_image","twitter_misc":{"Escrito por":"Lu\u00eds Vabo","Est. tempo de leitura":"1 minuto"},"schema":{"@context":"https:\/\/schema.org","@graph":[{"@type":"WebSite","@id":"https:\/\/blog.panrotas.com.br\/b2btech\/#website","url":"https:\/\/blog.panrotas.com.br\/b2btech\/","name":"B2btech","description":"Blogosfera PANROTAS","potentialAction":[{"@type":"SearchAction","target":{"@type":"EntryPoint","urlTemplate":"https:\/\/blog.panrotas.com.br\/b2btech\/?s={search_term_string}"},"query-input":"required name=search_term_string"}],"inLanguage":"pt-BR"},{"@type":"ImageObject","@id":"https:\/\/blog.panrotas.com.br\/b2btech\/2010\/08\/20\/tony-garcia-35-anos-de-mercado\/#primaryimage","inLanguage":"pt-BR","url":"http:\/\/blog.panrotas.com.br\/distribuindoviagens\/wp-content\/uploads\/2010\/08\/DSC01260-1024x768.jpg","contentUrl":"http:\/\/blog.panrotas.com.br\/distribuindoviagens\/wp-content\/uploads\/2010\/08\/DSC01260-1024x768.jpg"},{"@type":"WebPage","@id":"https:\/\/blog.panrotas.com.br\/b2btech\/2010\/08\/20\/tony-garcia-35-anos-de-mercado\/#webpage","url":"https:\/\/blog.panrotas.com.br\/b2btech\/2010\/08\/20\/tony-garcia-35-anos-de-mercado\/","name":"Tony Garcia: 35 anos de mercado! - B2btech","isPartOf":{"@id":"https:\/\/blog.panrotas.com.br\/b2btech\/#website"},"primaryImageOfPage":{"@id":"https:\/\/blog.panrotas.com.br\/b2btech\/2010\/08\/20\/tony-garcia-35-anos-de-mercado\/#primaryimage"},"datePublished":"2010-08-20T15:29:44+00:00","dateModified":"2010-08-20T15:29:44+00:00","author":{"@id":"https:\/\/blog.panrotas.com.br\/b2btech\/#\/schema\/person\/2d58abeacbdf1a9b93993c7f1b7406d6"},"breadcrumb":{"@id":"https:\/\/blog.panrotas.com.br\/b2btech\/2010\/08\/20\/tony-garcia-35-anos-de-mercado\/#breadcrumb"},"inLanguage":"pt-BR","potentialAction":[{"@type":"ReadAction","target":["https:\/\/blog.panrotas.com.br\/b2btech\/2010\/08\/20\/tony-garcia-35-anos-de-mercado\/"]}]},{"@type":"BreadcrumbList","@id":"https:\/\/blog.panrotas.com.br\/b2btech\/2010\/08\/20\/tony-garcia-35-anos-de-mercado\/#breadcrumb","itemListElement":[{"@type":"ListItem","position":1,"name":"In\u00edcio","item":"https:\/\/blog.panrotas.com.br\/b2btech\/"},{"@type":"ListItem","position":2,"name":"Tony Garcia: 35 anos de mercado!"}]},{"@type":"Person","@id":"https:\/\/blog.panrotas.com.br\/b2btech\/#\/schema\/person\/2d58abeacbdf1a9b93993c7f1b7406d6","name":"Lu\u00eds Vabo","image":{"@type":"ImageObject","@id":"https:\/\/blog.panrotas.com.br\/b2btech\/#personlogo","inLanguage":"pt-BR","url":"https:\/\/secure.gravatar.com\/avatar\/66c6e91231deb293ea586f1325cdda96?s=96&d=mm&r=g","contentUrl":"https:\/\/secure.gravatar.com\/avatar\/66c6e91231deb293ea586f1325cdda96?s=96&d=mm&r=g","caption":"Lu\u00eds Vabo"},"description":"Entusiasta da inova\u00e7\u00e3o, do empreendedorismo e da alta performance, adepto da vida saud\u00e1vel, dos amigos e da fam\u00edlia, obstinado, volunt\u00e1rio, esportista e apaixonado. S\u00f3cio-CEO Reserve Systems \ud83d\udcca S\u00f3cio-fundador Solid Gest\u00e3o \ud83d\udcc8 S\u00f3cio-CFO MyView Drones \ud83d\ude81 S\u00f3cio Link School of Business \ud83c\udf93 Conselheiro Abracorp \u2708\ufe0f","sameAs":["http:\/\/www.reserve.com.br"],"url":"https:\/\/blog.panrotas.com.br\/b2btech\/author\/luisvabo\/"}]}},"jetpack_featured_media_url":"","_links":{"self":[{"href":"https:\/\/blog.panrotas.com.br\/b2btech\/wp-json\/wp\/v2\/posts\/154"}],"collection":[{"href":"https:\/\/blog.panrotas.com.br\/b2btech\/wp-json\/wp\/v2\/posts"}],"about":[{"href":"https:\/\/blog.panrotas.com.br\/b2btech\/wp-json\/wp\/v2\/types\/post"}],"author":[{"embeddable":true,"href":"https:\/\/blog.panrotas.com.br\/b2btech\/wp-json\/wp\/v2\/users\/11"}],"replies":[{"embeddable":true,"href":"https:\/\/blog.panrotas.com.br\/b2btech\/wp-json\/wp\/v2\/comments?post=154"}],"version-history":[{"count":0,"href":"https:\/\/blog.panrotas.com.br\/b2btech\/wp-json\/wp\/v2\/posts\/154\/revisions"}],"wp:attachment":[{"href":"https:\/\/blog.panrotas.com.br\/b2btech\/wp-json\/wp\/v2\/media?parent=154"}],"wp:term":[{"taxonomy":"category","embeddable":true,"href":"https:\/\/blog.panrotas.com.br\/b2btech\/wp-json\/wp\/v2\/categories?post=154"},{"taxonomy":"post_tag","embeddable":true,"href":"https:\/\/blog.panrotas.com.br\/b2btech\/wp-json\/wp\/v2\/tags?post=154"}],"curies":[{"name":"wp","href":"https:\/\/api.w.org\/{rel}","templated":true}]}}