{"id":209,"date":"2010-10-18T01:03:02","date_gmt":"2010-10-18T04:03:02","guid":{"rendered":"http:\/\/blog.panrotas.com.br\/distribuindoviagens\/?p=209"},"modified":"2010-10-18T01:03:02","modified_gmt":"2010-10-18T04:03:02","slug":"o-maior-evento-de-gestao-de-viagens-corporativas-do-rio","status":"publish","type":"post","link":"https:\/\/blog.panrotas.com.br\/b2btech\/2010\/10\/18\/o-maior-evento-de-gestao-de-viagens-corporativas-do-rio\/","title":{"rendered":"O Maior Evento de Gest\u00e3o de Viagens Corporativas do Rio?"},"content":{"rendered":"<p>O Congresso e Feira da ABAV \u00e9, seguramente, o maior evento do turismo da Am\u00e9rica Latina, que atrai agentes de viagens e demais empres\u00e1rios de turismo de todo o Brasil e do mundo.<\/p>\n<p>No primeiro dia da Feira da ABAV, ap\u00f3s o encerramento dos trabalhos no Riocentro, costumamos receber nossos clientes, amigos e parceiros para um encontro, \u00e0 noite, no Rio de Janeiro.<\/p>\n<p>Este encontro, que iniciou em 2004, numa recep\u00e7\u00e3o familiar em nossa casa, transformou-se, ao longo dos anos, num grande evento focado em gest\u00e3o de viagens corporativas e sua evolu\u00e7\u00e3o \u00e9 uma amostra da for\u00e7a do setor, de como as viagens corporativas s\u00e3o mesmo a mola propulsora de nossa ind\u00fastria de viagens, apesar dela ser mais lembrada pelas viagens de turismo e lazer.<\/p>\n<p>\u00c0s vezes me pergunto como uma pequena reuni\u00e3o entre amigos acabou\u00a0se tornando um evento deste porte, com esse n\u00edvel de interesse e com esta qualidade de palestrantes&#8230; Confira como o Encontro dos Reservistas vem evoluindo ao longo dos anos:<\/p>\n<p>\u2022 Em 2004 fizemos uma pequena recep\u00e7\u00e3o em casa, para 20 pessoas.<\/p>\n<p>\u2022 Em 2005 recebemos 40 pessoas, num evento um pouco maior.<\/p>\n<p>\u2022 Em 2006 oferecemos um jantar italiano, para 80 pessoas.<\/p>\n<p>\u2022 Em 2007 produzimos uma festa (show de Alex Cohen), para 160 pessoas.<\/p>\n<p>\u2022 Em 2008 organizamos o evento numa casa de shows, com apresenta\u00e7\u00e3o dos Gar\u00e7ons Cantores, para 250 pessoas.<\/p>\n<p>\u2022 Em 2009 inventamos uma festa carioca na quadra da Escola de Samba Acad\u00eamicos da Rocinha, com bateria da escola, show de mulatas, mestre-sala e porta bandeira, e ainda um show de Diogo Nogueira, em que compareceram 450 pessoas.<\/p>\n<p>\u2022 Em 2010 receberemos convidados para um jantar no Restaurante Fratelli com show de Stand-Up Comedy com Marcos Veras (do Zorra Total e Com\u00e9dia em P\u00e9).<\/p>\n<p>De 2007 para c\u00e1, recebemos o apoio de fornecedores e parceiros do trade, que copatrocinam o evento e, desde o ano passado, contamos com o especial refor\u00e7o do Panrotas, que passou a coproduzir e tamb\u00e9m a batizar o evento, naquilo que chamamos de parceria entre amigos (agrade\u00e7o o Guillermo e todos os nossos amigos do Panrotas).<\/p>\n<p>Este ano, o <strong>2o.\u00a0Evento Reserve Panrotas<\/strong> tamb\u00e9m inclui, al\u00e9m do jantar e show mencionados acima, o 5o. Workshop Reserve de Tecnologia, que receber\u00e1 palestras de um tima\u00e7o de especialistas, como Claudia Pagnano, VP de Mercados da Gol, Luis Paulo Luppa, Presidente da Trend, Henrik Kjellberg, CEO da Expedia Affiliates Network e Mario Ponticelli, Country Manager do Amadeus no Brasil, entre outros.<\/p>\n<p>O workshop ser\u00e1 dia 20\/10, 4\u00aa feira, mas j\u00e1 recebemos alguns feed-backs sobre o programa e os palestrantes:<\/p>\n<p><em>\u201cParab\u00e9ns !! Talvez o melhor programa de palestras em tecnologia de turismo de 2010\u201d<\/em> (H\u00e9lio Matsuoka, diretor da Voetur de Brasilia).<\/p>\n<p><em>\u201cO Reserve est\u00e1 chegando ao n\u00edvel de Governan\u00e7a Corporativa com participa\u00e7\u00e3o direta do cliente. Isso \u00e9 maturidade e poucas empresas o fazem\u201d<\/em> (R\u00e9gis Abreu, diretor da Casablanca de Fortaleza).<\/p>\n<p><em>\u201cMuito bem acertado este palestrante. O Luppa \u00e9 muito bom!\u201d<\/em> (Luiz Strauss, presidente da ABAV-RJ e da Promotional do Rio de Janeiro).<\/p>\n<p>Agradecemos o apoio de todos e estamos prontos para corresponder a toda esta expectativa, dia 20 de outubro, 4\u00aa feira agora, na Cidade Maravilhosa.<\/p>\n<p>.<\/p>\n","protected":false},"excerpt":{"rendered":"<p>O Congresso e Feira da ABAV \u00e9, seguramente, o maior evento do turismo da Am\u00e9rica Latina, que atrai agentes de viagens e demais empres\u00e1rios de turismo de todo o Brasil e do mundo. No primeiro dia da Feira da ABAV, ap\u00f3s o encerramento dos trabalhos no Riocentro, costumamos receber nossos clientes, amigos e parceiros para&hellip; <a class=\"more-link\" href=\"https:\/\/blog.panrotas.com.br\/b2btech\/2010\/10\/18\/o-maior-evento-de-gestao-de-viagens-corporativas-do-rio\/\">Continue reading &rarr;<\/a><\/p>\n","protected":false},"author":11,"featured_media":0,"comment_status":"open","ping_status":"open","sticky":false,"template":"","format":"standard","meta":{"spay_email":""},"categories":[8],"tags":[],"yoast_head":"<!-- This site is optimized with the Yoast SEO plugin v17.3 - https:\/\/yoast.com\/wordpress\/plugins\/seo\/ -->\n<title>O Maior Evento de Gest\u00e3o de Viagens Corporativas do Rio? - B2btech<\/title>\n<meta name=\"robots\" content=\"index, follow, max-snippet:-1, max-image-preview:large, max-video-preview:-1\" \/>\n<link rel=\"canonical\" href=\"https:\/\/blog.panrotas.com.br\/b2btech\/2010\/10\/18\/o-maior-evento-de-gestao-de-viagens-corporativas-do-rio\/\" \/>\n<meta property=\"og:locale\" content=\"pt_BR\" \/>\n<meta property=\"og:type\" content=\"article\" \/>\n<meta property=\"og:title\" content=\"O Maior Evento de Gest\u00e3o de Viagens Corporativas do Rio? - B2btech\" \/>\n<meta property=\"og:description\" content=\"O Congresso e Feira da ABAV \u00e9, seguramente, o maior evento do turismo da Am\u00e9rica Latina, que atrai agentes de viagens e demais empres\u00e1rios de turismo de todo o Brasil e do mundo. No primeiro dia da Feira da ABAV, ap\u00f3s o encerramento dos trabalhos no Riocentro, costumamos receber nossos clientes, amigos e parceiros para&hellip; Continue reading &rarr;\" \/>\n<meta property=\"og:url\" content=\"https:\/\/blog.panrotas.com.br\/b2btech\/2010\/10\/18\/o-maior-evento-de-gestao-de-viagens-corporativas-do-rio\/\" \/>\n<meta property=\"og:site_name\" content=\"B2btech\" \/>\n<meta property=\"article:published_time\" content=\"2010-10-18T04:03:02+00:00\" \/>\n<meta name=\"twitter:card\" content=\"summary_large_image\" \/>\n<meta name=\"twitter:label1\" content=\"Escrito por\" \/>\n\t<meta name=\"twitter:data1\" content=\"Lu\u00eds Vabo\" \/>\n\t<meta name=\"twitter:label2\" content=\"Est. tempo de leitura\" \/>\n\t<meta name=\"twitter:data2\" content=\"3 minutos\" \/>\n<script type=\"application\/ld+json\" class=\"yoast-schema-graph\">{\"@context\":\"https:\/\/schema.org\",\"@graph\":[{\"@type\":\"WebSite\",\"@id\":\"https:\/\/blog.panrotas.com.br\/b2btech\/#website\",\"url\":\"https:\/\/blog.panrotas.com.br\/b2btech\/\",\"name\":\"B2btech\",\"description\":\"Blogosfera PANROTAS\",\"potentialAction\":[{\"@type\":\"SearchAction\",\"target\":{\"@type\":\"EntryPoint\",\"urlTemplate\":\"https:\/\/blog.panrotas.com.br\/b2btech\/?s={search_term_string}\"},\"query-input\":\"required name=search_term_string\"}],\"inLanguage\":\"pt-BR\"},{\"@type\":\"WebPage\",\"@id\":\"https:\/\/blog.panrotas.com.br\/b2btech\/2010\/10\/18\/o-maior-evento-de-gestao-de-viagens-corporativas-do-rio\/#webpage\",\"url\":\"https:\/\/blog.panrotas.com.br\/b2btech\/2010\/10\/18\/o-maior-evento-de-gestao-de-viagens-corporativas-do-rio\/\",\"name\":\"O Maior Evento de Gest\\u00e3o de Viagens Corporativas do Rio? - B2btech\",\"isPartOf\":{\"@id\":\"https:\/\/blog.panrotas.com.br\/b2btech\/#website\"},\"datePublished\":\"2010-10-18T04:03:02+00:00\",\"dateModified\":\"2010-10-18T04:03:02+00:00\",\"author\":{\"@id\":\"https:\/\/blog.panrotas.com.br\/b2btech\/#\/schema\/person\/2d58abeacbdf1a9b93993c7f1b7406d6\"},\"breadcrumb\":{\"@id\":\"https:\/\/blog.panrotas.com.br\/b2btech\/2010\/10\/18\/o-maior-evento-de-gestao-de-viagens-corporativas-do-rio\/#breadcrumb\"},\"inLanguage\":\"pt-BR\",\"potentialAction\":[{\"@type\":\"ReadAction\",\"target\":[\"https:\/\/blog.panrotas.com.br\/b2btech\/2010\/10\/18\/o-maior-evento-de-gestao-de-viagens-corporativas-do-rio\/\"]}]},{\"@type\":\"BreadcrumbList\",\"@id\":\"https:\/\/blog.panrotas.com.br\/b2btech\/2010\/10\/18\/o-maior-evento-de-gestao-de-viagens-corporativas-do-rio\/#breadcrumb\",\"itemListElement\":[{\"@type\":\"ListItem\",\"position\":1,\"name\":\"In\\u00edcio\",\"item\":\"https:\/\/blog.panrotas.com.br\/b2btech\/\"},{\"@type\":\"ListItem\",\"position\":2,\"name\":\"O Maior Evento de Gest\\u00e3o de Viagens Corporativas do Rio?\"}]},{\"@type\":\"Person\",\"@id\":\"https:\/\/blog.panrotas.com.br\/b2btech\/#\/schema\/person\/2d58abeacbdf1a9b93993c7f1b7406d6\",\"name\":\"Lu\\u00eds Vabo\",\"image\":{\"@type\":\"ImageObject\",\"@id\":\"https:\/\/blog.panrotas.com.br\/b2btech\/#personlogo\",\"inLanguage\":\"pt-BR\",\"url\":\"https:\/\/secure.gravatar.com\/avatar\/66c6e91231deb293ea586f1325cdda96?s=96&d=mm&r=g\",\"contentUrl\":\"https:\/\/secure.gravatar.com\/avatar\/66c6e91231deb293ea586f1325cdda96?s=96&d=mm&r=g\",\"caption\":\"Lu\\u00eds Vabo\"},\"description\":\"Entusiasta da inova\\u00e7\\u00e3o, do empreendedorismo e da alta performance, adepto da vida saud\\u00e1vel, dos amigos e da fam\\u00edlia, obstinado, volunt\\u00e1rio, esportista e apaixonado. S\\u00f3cio-CEO Reserve Systems \\ud83d\\udcca S\\u00f3cio-fundador Solid Gest\\u00e3o \\ud83d\\udcc8 S\\u00f3cio-CFO MyView Drones \\ud83d\\ude81 S\\u00f3cio Link School of Business \\ud83c\\udf93 Conselheiro Abracorp \\u2708\\ufe0f\",\"sameAs\":[\"http:\/\/www.reserve.com.br\"],\"url\":\"https:\/\/blog.panrotas.com.br\/b2btech\/author\/luisvabo\/\"}]}<\/script>\n<!-- \/ Yoast SEO plugin. -->","yoast_head_json":{"title":"O Maior Evento de Gest\u00e3o de Viagens Corporativas do Rio? - B2btech","robots":{"index":"index","follow":"follow","max-snippet":"max-snippet:-1","max-image-preview":"max-image-preview:large","max-video-preview":"max-video-preview:-1"},"canonical":"https:\/\/blog.panrotas.com.br\/b2btech\/2010\/10\/18\/o-maior-evento-de-gestao-de-viagens-corporativas-do-rio\/","og_locale":"pt_BR","og_type":"article","og_title":"O Maior Evento de Gest\u00e3o de Viagens Corporativas do Rio? - B2btech","og_description":"O Congresso e Feira da ABAV \u00e9, seguramente, o maior evento do turismo da Am\u00e9rica Latina, que atrai agentes de viagens e demais empres\u00e1rios de turismo de todo o Brasil e do mundo. No primeiro dia da Feira da ABAV, ap\u00f3s o encerramento dos trabalhos no Riocentro, costumamos receber nossos clientes, amigos e parceiros para&hellip; Continue reading &rarr;","og_url":"https:\/\/blog.panrotas.com.br\/b2btech\/2010\/10\/18\/o-maior-evento-de-gestao-de-viagens-corporativas-do-rio\/","og_site_name":"B2btech","article_published_time":"2010-10-18T04:03:02+00:00","twitter_card":"summary_large_image","twitter_misc":{"Escrito por":"Lu\u00eds Vabo","Est. tempo de leitura":"3 minutos"},"schema":{"@context":"https:\/\/schema.org","@graph":[{"@type":"WebSite","@id":"https:\/\/blog.panrotas.com.br\/b2btech\/#website","url":"https:\/\/blog.panrotas.com.br\/b2btech\/","name":"B2btech","description":"Blogosfera PANROTAS","potentialAction":[{"@type":"SearchAction","target":{"@type":"EntryPoint","urlTemplate":"https:\/\/blog.panrotas.com.br\/b2btech\/?s={search_term_string}"},"query-input":"required name=search_term_string"}],"inLanguage":"pt-BR"},{"@type":"WebPage","@id":"https:\/\/blog.panrotas.com.br\/b2btech\/2010\/10\/18\/o-maior-evento-de-gestao-de-viagens-corporativas-do-rio\/#webpage","url":"https:\/\/blog.panrotas.com.br\/b2btech\/2010\/10\/18\/o-maior-evento-de-gestao-de-viagens-corporativas-do-rio\/","name":"O Maior Evento de Gest\u00e3o de Viagens Corporativas do Rio? - B2btech","isPartOf":{"@id":"https:\/\/blog.panrotas.com.br\/b2btech\/#website"},"datePublished":"2010-10-18T04:03:02+00:00","dateModified":"2010-10-18T04:03:02+00:00","author":{"@id":"https:\/\/blog.panrotas.com.br\/b2btech\/#\/schema\/person\/2d58abeacbdf1a9b93993c7f1b7406d6"},"breadcrumb":{"@id":"https:\/\/blog.panrotas.com.br\/b2btech\/2010\/10\/18\/o-maior-evento-de-gestao-de-viagens-corporativas-do-rio\/#breadcrumb"},"inLanguage":"pt-BR","potentialAction":[{"@type":"ReadAction","target":["https:\/\/blog.panrotas.com.br\/b2btech\/2010\/10\/18\/o-maior-evento-de-gestao-de-viagens-corporativas-do-rio\/"]}]},{"@type":"BreadcrumbList","@id":"https:\/\/blog.panrotas.com.br\/b2btech\/2010\/10\/18\/o-maior-evento-de-gestao-de-viagens-corporativas-do-rio\/#breadcrumb","itemListElement":[{"@type":"ListItem","position":1,"name":"In\u00edcio","item":"https:\/\/blog.panrotas.com.br\/b2btech\/"},{"@type":"ListItem","position":2,"name":"O Maior Evento de Gest\u00e3o de Viagens Corporativas do Rio?"}]},{"@type":"Person","@id":"https:\/\/blog.panrotas.com.br\/b2btech\/#\/schema\/person\/2d58abeacbdf1a9b93993c7f1b7406d6","name":"Lu\u00eds Vabo","image":{"@type":"ImageObject","@id":"https:\/\/blog.panrotas.com.br\/b2btech\/#personlogo","inLanguage":"pt-BR","url":"https:\/\/secure.gravatar.com\/avatar\/66c6e91231deb293ea586f1325cdda96?s=96&d=mm&r=g","contentUrl":"https:\/\/secure.gravatar.com\/avatar\/66c6e91231deb293ea586f1325cdda96?s=96&d=mm&r=g","caption":"Lu\u00eds Vabo"},"description":"Entusiasta da inova\u00e7\u00e3o, do empreendedorismo e da alta performance, adepto da vida saud\u00e1vel, dos amigos e da fam\u00edlia, obstinado, volunt\u00e1rio, esportista e apaixonado. S\u00f3cio-CEO Reserve Systems \ud83d\udcca S\u00f3cio-fundador Solid Gest\u00e3o \ud83d\udcc8 S\u00f3cio-CFO MyView Drones \ud83d\ude81 S\u00f3cio Link School of Business \ud83c\udf93 Conselheiro Abracorp \u2708\ufe0f","sameAs":["http:\/\/www.reserve.com.br"],"url":"https:\/\/blog.panrotas.com.br\/b2btech\/author\/luisvabo\/"}]}},"jetpack_featured_media_url":"","_links":{"self":[{"href":"https:\/\/blog.panrotas.com.br\/b2btech\/wp-json\/wp\/v2\/posts\/209"}],"collection":[{"href":"https:\/\/blog.panrotas.com.br\/b2btech\/wp-json\/wp\/v2\/posts"}],"about":[{"href":"https:\/\/blog.panrotas.com.br\/b2btech\/wp-json\/wp\/v2\/types\/post"}],"author":[{"embeddable":true,"href":"https:\/\/blog.panrotas.com.br\/b2btech\/wp-json\/wp\/v2\/users\/11"}],"replies":[{"embeddable":true,"href":"https:\/\/blog.panrotas.com.br\/b2btech\/wp-json\/wp\/v2\/comments?post=209"}],"version-history":[{"count":0,"href":"https:\/\/blog.panrotas.com.br\/b2btech\/wp-json\/wp\/v2\/posts\/209\/revisions"}],"wp:attachment":[{"href":"https:\/\/blog.panrotas.com.br\/b2btech\/wp-json\/wp\/v2\/media?parent=209"}],"wp:term":[{"taxonomy":"category","embeddable":true,"href":"https:\/\/blog.panrotas.com.br\/b2btech\/wp-json\/wp\/v2\/categories?post=209"},{"taxonomy":"post_tag","embeddable":true,"href":"https:\/\/blog.panrotas.com.br\/b2btech\/wp-json\/wp\/v2\/tags?post=209"}],"curies":[{"name":"wp","href":"https:\/\/api.w.org\/{rel}","templated":true}]}}