{"id":221,"date":"2010-10-25T23:56:11","date_gmt":"2010-10-26T02:56:11","guid":{"rendered":"http:\/\/blog.panrotas.com.br\/distribuindoviagens\/?p=221"},"modified":"2010-10-25T23:56:11","modified_gmt":"2010-10-26T02:56:11","slug":"ainda-abav-o-que-ficara-registrado-na-memoria","status":"publish","type":"post","link":"https:\/\/blog.panrotas.com.br\/b2btech\/2010\/10\/25\/ainda-abav-o-que-ficara-registrado-na-memoria\/","title":{"rendered":"Ainda ABAV: o que ficar\u00e1 registrado na mem\u00f3ria"},"content":{"rendered":"<p>Se eu tivesse que resumir, em uma palavra, o que foi a semana da ABAV, eu diria: intensa.<\/p>\n<p>Todo per\u00edodo muito intenso da vida da gente, curto ou longo, acaba por deixar registrado em nossa mem\u00f3ria, somente alguns momentos realmente especiais, que podem ter ocorrido em poucos minutos, num mero instante ou mesmo num flash&#8230;<\/p>\n<p>Para mim, os seguintes momentos ficar\u00e3o registrados na mem\u00f3ria do que foi a semana da ABAV 2010:<\/p>\n<p>Na 3a. feira, 19\/10, por volta das 20:30h, me surpreendi ao participar, como convidado, de uma reuni\u00e3o do Luppa com sua equipe de vendas da Trend:<br \/>\n&#8211; Todos os cerca de 30 profissionais presentes, vestidos com camisetas de guerrilheiros, numa sala decorada como uma trincheira de guerra, sacos de campanha, redes, fuzis decorativos etc. Luppa nos ofereceu 20 a 30 minutos para falar sobre a parceria Reserve Trend, para uma equipe que j\u00e1 estava concentrada o dia inteiro, treinando para uma verdadeira guerra de vendas na feira da ABAV. Falamos por 1 hora e meia e n\u00e3o esquecerei esta experi\u00eancia.<\/p>\n<p>Na 4a. feira, 20\/10, recebemos 80 agentes de viagens para o 5o. Workshop Reserve de Tecnologia, no Windsor Barra, durante o qual 2 momentos ficar\u00e3o marcados:<br \/>\n&#8211; O CEO da Expedia, Henrik Kjellberg, em posi\u00e7\u00e3o solene com o bra\u00e7o direito erguido, dizendo &#8220;I swear&#8221;, ap\u00f3s press\u00e3o da Solange sobre se a interface XML da Hotels.com, que ser\u00e1 integrada ao Reserve, ter\u00e1 todas as mesmas funcionalidades do portal.<br \/>\n&#8211; A VP de Mercados da Gol, Cl\u00e1udia Pagnano, ap\u00f3s surpresa inicial, respondendo com fleuma brit\u00e2nica \u00e0 pergunta da Solange sobre se a Gol teria interesse em negociar com o rec\u00e9m criado Conselho de Licenciados Reserve: &#8220;Nos apresente uma proposta&#8221;.<\/p>\n<p>Na mesma 4a. feira, 20\/10, recebemos 280 Reservistas, parceiros e fornecedores, para o 2o. Evento Reserve Panrotas, quando ficar\u00e3o registrados os seguintes momentos:<br \/>\n&#8211; O Guillermo Alcorta, emocionado, destacando a \u00e9tica e a coer\u00eancia como ingredientes da parceria Reserve Panrotas.<br \/>\n&#8211; A emo\u00e7\u00e3o sincera do Rocco ao receber seu Trof\u00e9u Destaque Reserve.<br \/>\n&#8211; Os integrantes da equipe do Projeto Reserve na Vale, subindo juntos ao palco para receber seu Trof\u00e9u.<\/p>\n<p>Na 5a. e 6a. feiras, 21 e 22\/10, durante as palestras no Congresso da ABAV, na Sala Tem\u00e1tica Tecnologia, tamb\u00e9m 2 momentos ficar\u00e3o registrados:<br \/>\n&#8211; A resposta dos quase 300 agentes de viagens presentes (nos 2 dias), \u00e0 pergunta que fiz sobre quem j\u00e1 havia comprado um bilhete a\u00e9reo num portal de cia. a\u00e9rea: 80% levantou a m\u00e3o positivamente, dando-me o gancho para desenvolver o tema de valor agregado ao servi\u00e7o, de olhar para o futuro e deixar de lado o saudosismo.<br \/>\n&#8211; O William P\u00e9rico, presidente da AVIESP, levantando a bandeira do custo das novas tecnologias, como defensor do pequeno agente do interior. P\u00e9rico n\u00e3o esmorece e, diante da iminente mudan\u00e7a de cen\u00e1rio, percebeu a oportunidade de pleitear pre\u00e7os vi\u00e1veis, junto aos diversos fornecedores de tecnologia presentes.<\/p>\n<p>Durante a Feira da ABAV, o momento mais legal foi quando uma senhora, agente de viagens do Nordeste, muito simp\u00e1tica, aproximou-se de mim e disse: &#8220;Eu gosto muito de voc\u00ea. Conhe\u00e7o o seu modo de pensar&#8221;.<\/p>\n<p>Como leitora do Blog Distribuindo Viagens, ela demonstrava uma certa intimidade com meu texto e, por conseguinte, comigo.<\/p>\n<p>Me fez parar pra pensar&#8230;<\/p>\n<p>.<\/p>\n","protected":false},"excerpt":{"rendered":"<p>Se eu tivesse que resumir, em uma palavra, o que foi a semana da ABAV, eu diria: intensa. Todo per\u00edodo muito intenso da vida da gente, curto ou longo, acaba por deixar registrado em nossa mem\u00f3ria, somente alguns momentos realmente especiais, que podem ter ocorrido em poucos minutos, num mero instante ou mesmo num flash&#8230;&hellip; <a class=\"more-link\" href=\"https:\/\/blog.panrotas.com.br\/b2btech\/2010\/10\/25\/ainda-abav-o-que-ficara-registrado-na-memoria\/\">Continue reading &rarr;<\/a><\/p>\n","protected":false},"author":11,"featured_media":0,"comment_status":"open","ping_status":"open","sticky":false,"template":"","format":"standard","meta":{"spay_email":""},"categories":[8],"tags":[],"yoast_head":"<!-- This site is optimized with the Yoast SEO plugin v17.3 - https:\/\/yoast.com\/wordpress\/plugins\/seo\/ -->\n<title>Ainda ABAV: o que ficar\u00e1 registrado na mem\u00f3ria - B2btech<\/title>\n<meta name=\"robots\" content=\"index, follow, max-snippet:-1, max-image-preview:large, max-video-preview:-1\" \/>\n<link rel=\"canonical\" href=\"https:\/\/blog.panrotas.com.br\/b2btech\/2010\/10\/25\/ainda-abav-o-que-ficara-registrado-na-memoria\/\" \/>\n<meta property=\"og:locale\" content=\"pt_BR\" \/>\n<meta property=\"og:type\" content=\"article\" \/>\n<meta property=\"og:title\" content=\"Ainda ABAV: o que ficar\u00e1 registrado na mem\u00f3ria - B2btech\" \/>\n<meta property=\"og:description\" content=\"Se eu tivesse que resumir, em uma palavra, o que foi a semana da ABAV, eu diria: intensa. Todo per\u00edodo muito intenso da vida da gente, curto ou longo, acaba por deixar registrado em nossa mem\u00f3ria, somente alguns momentos realmente especiais, que podem ter ocorrido em poucos minutos, num mero instante ou mesmo num flash&#8230;&hellip; Continue reading &rarr;\" \/>\n<meta property=\"og:url\" content=\"https:\/\/blog.panrotas.com.br\/b2btech\/2010\/10\/25\/ainda-abav-o-que-ficara-registrado-na-memoria\/\" \/>\n<meta property=\"og:site_name\" content=\"B2btech\" \/>\n<meta property=\"article:published_time\" content=\"2010-10-26T02:56:11+00:00\" \/>\n<meta name=\"twitter:card\" content=\"summary_large_image\" \/>\n<meta name=\"twitter:label1\" content=\"Escrito por\" \/>\n\t<meta name=\"twitter:data1\" content=\"Lu\u00eds Vabo\" \/>\n\t<meta name=\"twitter:label2\" content=\"Est. tempo de leitura\" \/>\n\t<meta name=\"twitter:data2\" content=\"3 minutos\" \/>\n<script type=\"application\/ld+json\" class=\"yoast-schema-graph\">{\"@context\":\"https:\/\/schema.org\",\"@graph\":[{\"@type\":\"WebSite\",\"@id\":\"https:\/\/blog.panrotas.com.br\/b2btech\/#website\",\"url\":\"https:\/\/blog.panrotas.com.br\/b2btech\/\",\"name\":\"B2btech\",\"description\":\"Blogosfera PANROTAS\",\"potentialAction\":[{\"@type\":\"SearchAction\",\"target\":{\"@type\":\"EntryPoint\",\"urlTemplate\":\"https:\/\/blog.panrotas.com.br\/b2btech\/?s={search_term_string}\"},\"query-input\":\"required name=search_term_string\"}],\"inLanguage\":\"pt-BR\"},{\"@type\":\"WebPage\",\"@id\":\"https:\/\/blog.panrotas.com.br\/b2btech\/2010\/10\/25\/ainda-abav-o-que-ficara-registrado-na-memoria\/#webpage\",\"url\":\"https:\/\/blog.panrotas.com.br\/b2btech\/2010\/10\/25\/ainda-abav-o-que-ficara-registrado-na-memoria\/\",\"name\":\"Ainda ABAV: o que ficar\\u00e1 registrado na mem\\u00f3ria - B2btech\",\"isPartOf\":{\"@id\":\"https:\/\/blog.panrotas.com.br\/b2btech\/#website\"},\"datePublished\":\"2010-10-26T02:56:11+00:00\",\"dateModified\":\"2010-10-26T02:56:11+00:00\",\"author\":{\"@id\":\"https:\/\/blog.panrotas.com.br\/b2btech\/#\/schema\/person\/2d58abeacbdf1a9b93993c7f1b7406d6\"},\"breadcrumb\":{\"@id\":\"https:\/\/blog.panrotas.com.br\/b2btech\/2010\/10\/25\/ainda-abav-o-que-ficara-registrado-na-memoria\/#breadcrumb\"},\"inLanguage\":\"pt-BR\",\"potentialAction\":[{\"@type\":\"ReadAction\",\"target\":[\"https:\/\/blog.panrotas.com.br\/b2btech\/2010\/10\/25\/ainda-abav-o-que-ficara-registrado-na-memoria\/\"]}]},{\"@type\":\"BreadcrumbList\",\"@id\":\"https:\/\/blog.panrotas.com.br\/b2btech\/2010\/10\/25\/ainda-abav-o-que-ficara-registrado-na-memoria\/#breadcrumb\",\"itemListElement\":[{\"@type\":\"ListItem\",\"position\":1,\"name\":\"In\\u00edcio\",\"item\":\"https:\/\/blog.panrotas.com.br\/b2btech\/\"},{\"@type\":\"ListItem\",\"position\":2,\"name\":\"Ainda ABAV: o que ficar\\u00e1 registrado na mem\\u00f3ria\"}]},{\"@type\":\"Person\",\"@id\":\"https:\/\/blog.panrotas.com.br\/b2btech\/#\/schema\/person\/2d58abeacbdf1a9b93993c7f1b7406d6\",\"name\":\"Lu\\u00eds Vabo\",\"image\":{\"@type\":\"ImageObject\",\"@id\":\"https:\/\/blog.panrotas.com.br\/b2btech\/#personlogo\",\"inLanguage\":\"pt-BR\",\"url\":\"https:\/\/secure.gravatar.com\/avatar\/66c6e91231deb293ea586f1325cdda96?s=96&d=mm&r=g\",\"contentUrl\":\"https:\/\/secure.gravatar.com\/avatar\/66c6e91231deb293ea586f1325cdda96?s=96&d=mm&r=g\",\"caption\":\"Lu\\u00eds Vabo\"},\"description\":\"Entusiasta da inova\\u00e7\\u00e3o, do empreendedorismo e da alta performance, adepto da vida saud\\u00e1vel, dos amigos e da fam\\u00edlia, obstinado, volunt\\u00e1rio, esportista e apaixonado. S\\u00f3cio-CEO Reserve Systems \\ud83d\\udcca S\\u00f3cio-fundador Solid Gest\\u00e3o \\ud83d\\udcc8 S\\u00f3cio-CFO MyView Drones \\ud83d\\ude81 S\\u00f3cio Link School of Business \\ud83c\\udf93 Conselheiro Abracorp \\u2708\\ufe0f\",\"sameAs\":[\"http:\/\/www.reserve.com.br\"],\"url\":\"https:\/\/blog.panrotas.com.br\/b2btech\/author\/luisvabo\/\"}]}<\/script>\n<!-- \/ Yoast SEO plugin. -->","yoast_head_json":{"title":"Ainda ABAV: o que ficar\u00e1 registrado na mem\u00f3ria - B2btech","robots":{"index":"index","follow":"follow","max-snippet":"max-snippet:-1","max-image-preview":"max-image-preview:large","max-video-preview":"max-video-preview:-1"},"canonical":"https:\/\/blog.panrotas.com.br\/b2btech\/2010\/10\/25\/ainda-abav-o-que-ficara-registrado-na-memoria\/","og_locale":"pt_BR","og_type":"article","og_title":"Ainda ABAV: o que ficar\u00e1 registrado na mem\u00f3ria - B2btech","og_description":"Se eu tivesse que resumir, em uma palavra, o que foi a semana da ABAV, eu diria: intensa. Todo per\u00edodo muito intenso da vida da gente, curto ou longo, acaba por deixar registrado em nossa mem\u00f3ria, somente alguns momentos realmente especiais, que podem ter ocorrido em poucos minutos, num mero instante ou mesmo num flash&#8230;&hellip; Continue reading &rarr;","og_url":"https:\/\/blog.panrotas.com.br\/b2btech\/2010\/10\/25\/ainda-abav-o-que-ficara-registrado-na-memoria\/","og_site_name":"B2btech","article_published_time":"2010-10-26T02:56:11+00:00","twitter_card":"summary_large_image","twitter_misc":{"Escrito por":"Lu\u00eds Vabo","Est. tempo de leitura":"3 minutos"},"schema":{"@context":"https:\/\/schema.org","@graph":[{"@type":"WebSite","@id":"https:\/\/blog.panrotas.com.br\/b2btech\/#website","url":"https:\/\/blog.panrotas.com.br\/b2btech\/","name":"B2btech","description":"Blogosfera PANROTAS","potentialAction":[{"@type":"SearchAction","target":{"@type":"EntryPoint","urlTemplate":"https:\/\/blog.panrotas.com.br\/b2btech\/?s={search_term_string}"},"query-input":"required name=search_term_string"}],"inLanguage":"pt-BR"},{"@type":"WebPage","@id":"https:\/\/blog.panrotas.com.br\/b2btech\/2010\/10\/25\/ainda-abav-o-que-ficara-registrado-na-memoria\/#webpage","url":"https:\/\/blog.panrotas.com.br\/b2btech\/2010\/10\/25\/ainda-abav-o-que-ficara-registrado-na-memoria\/","name":"Ainda ABAV: o que ficar\u00e1 registrado na mem\u00f3ria - B2btech","isPartOf":{"@id":"https:\/\/blog.panrotas.com.br\/b2btech\/#website"},"datePublished":"2010-10-26T02:56:11+00:00","dateModified":"2010-10-26T02:56:11+00:00","author":{"@id":"https:\/\/blog.panrotas.com.br\/b2btech\/#\/schema\/person\/2d58abeacbdf1a9b93993c7f1b7406d6"},"breadcrumb":{"@id":"https:\/\/blog.panrotas.com.br\/b2btech\/2010\/10\/25\/ainda-abav-o-que-ficara-registrado-na-memoria\/#breadcrumb"},"inLanguage":"pt-BR","potentialAction":[{"@type":"ReadAction","target":["https:\/\/blog.panrotas.com.br\/b2btech\/2010\/10\/25\/ainda-abav-o-que-ficara-registrado-na-memoria\/"]}]},{"@type":"BreadcrumbList","@id":"https:\/\/blog.panrotas.com.br\/b2btech\/2010\/10\/25\/ainda-abav-o-que-ficara-registrado-na-memoria\/#breadcrumb","itemListElement":[{"@type":"ListItem","position":1,"name":"In\u00edcio","item":"https:\/\/blog.panrotas.com.br\/b2btech\/"},{"@type":"ListItem","position":2,"name":"Ainda ABAV: o que ficar\u00e1 registrado na mem\u00f3ria"}]},{"@type":"Person","@id":"https:\/\/blog.panrotas.com.br\/b2btech\/#\/schema\/person\/2d58abeacbdf1a9b93993c7f1b7406d6","name":"Lu\u00eds Vabo","image":{"@type":"ImageObject","@id":"https:\/\/blog.panrotas.com.br\/b2btech\/#personlogo","inLanguage":"pt-BR","url":"https:\/\/secure.gravatar.com\/avatar\/66c6e91231deb293ea586f1325cdda96?s=96&d=mm&r=g","contentUrl":"https:\/\/secure.gravatar.com\/avatar\/66c6e91231deb293ea586f1325cdda96?s=96&d=mm&r=g","caption":"Lu\u00eds Vabo"},"description":"Entusiasta da inova\u00e7\u00e3o, do empreendedorismo e da alta performance, adepto da vida saud\u00e1vel, dos amigos e da fam\u00edlia, obstinado, volunt\u00e1rio, esportista e apaixonado. S\u00f3cio-CEO Reserve Systems \ud83d\udcca S\u00f3cio-fundador Solid Gest\u00e3o \ud83d\udcc8 S\u00f3cio-CFO MyView Drones \ud83d\ude81 S\u00f3cio Link School of Business \ud83c\udf93 Conselheiro Abracorp \u2708\ufe0f","sameAs":["http:\/\/www.reserve.com.br"],"url":"https:\/\/blog.panrotas.com.br\/b2btech\/author\/luisvabo\/"}]}},"jetpack_featured_media_url":"","_links":{"self":[{"href":"https:\/\/blog.panrotas.com.br\/b2btech\/wp-json\/wp\/v2\/posts\/221"}],"collection":[{"href":"https:\/\/blog.panrotas.com.br\/b2btech\/wp-json\/wp\/v2\/posts"}],"about":[{"href":"https:\/\/blog.panrotas.com.br\/b2btech\/wp-json\/wp\/v2\/types\/post"}],"author":[{"embeddable":true,"href":"https:\/\/blog.panrotas.com.br\/b2btech\/wp-json\/wp\/v2\/users\/11"}],"replies":[{"embeddable":true,"href":"https:\/\/blog.panrotas.com.br\/b2btech\/wp-json\/wp\/v2\/comments?post=221"}],"version-history":[{"count":0,"href":"https:\/\/blog.panrotas.com.br\/b2btech\/wp-json\/wp\/v2\/posts\/221\/revisions"}],"wp:attachment":[{"href":"https:\/\/blog.panrotas.com.br\/b2btech\/wp-json\/wp\/v2\/media?parent=221"}],"wp:term":[{"taxonomy":"category","embeddable":true,"href":"https:\/\/blog.panrotas.com.br\/b2btech\/wp-json\/wp\/v2\/categories?post=221"},{"taxonomy":"post_tag","embeddable":true,"href":"https:\/\/blog.panrotas.com.br\/b2btech\/wp-json\/wp\/v2\/tags?post=221"}],"curies":[{"name":"wp","href":"https:\/\/api.w.org\/{rel}","templated":true}]}}