{"id":266,"date":"2010-11-18T08:28:42","date_gmt":"2010-11-18T11:28:42","guid":{"rendered":"http:\/\/blog.panrotas.com.br\/distribuindoviagens\/?p=266"},"modified":"2010-11-18T08:28:42","modified_gmt":"2010-11-18T11:28:42","slug":"ainda-a-tasf-o-corporativo-tambem-nao-precisa","status":"publish","type":"post","link":"https:\/\/blog.panrotas.com.br\/b2btech\/2010\/11\/18\/ainda-a-tasf-o-corporativo-tambem-nao-precisa\/","title":{"rendered":"Ainda a TASF: o corporativo tamb\u00e9m n\u00e3o precisa !"},"content":{"rendered":"<p>Os consolidadores foram r\u00e1pidos, muito r\u00e1pidos, e estabeleceram um modelo de remunera\u00e7\u00e3o para uso dos agentes de viagens.<\/p>\n<p>Como empres\u00e1rios comprometidos com seu neg\u00f3cio e com o neg\u00f3cio de seus clientes, reuniram-se e acordaram um padr\u00e3o para a sua ind\u00fastria, a das ag\u00eancias consolidadas.<\/p>\n<p>Desenvolveram o sistema de forma \u00e1gil, priorizando a pressa e focando numa solu\u00e7\u00e3o boa (o \u00f3timo leva tempo e pode ser aprimorado depois) e, desta forma, demonstraram mais uma vez a sua for\u00e7a, atuando em bloco frente \u00e0 uma amea\u00e7a que desafiava (e ainda desafia) todos, sem exce\u00e7\u00e3o.<\/p>\n<p>Da mesma forma como os consolidadores buscaram a sua solu\u00e7\u00e3o e n\u00e3o fixaram valores (indicaram uma refer\u00eancia) dentro de uma estrat\u00e9gia inteligente de preservar o livre mercado, as ag\u00eancias de viagens corporativas, que compram direto das cias. a\u00e9reas, e cobram direto de seus clientes, tamb\u00e9m n\u00e3o precisam da TASF.<\/p>\n<p>A rela\u00e7\u00e3o comercial entre as empresas e seus fornecedores TMCs (travel management companies ou simplesmente ag\u00eancias de viagens corporativas), j\u00e1 h\u00e1 alguns anos tem sido desenvolvida individualmente, geralmente baseada no valor por transa\u00e7\u00e3o (ou transaction fee).<\/p>\n<p>Este valor pode variar conforme o tipo de transa\u00e7\u00e3o e diversas outras vari\u00e1veis que podem ser consideradas na negocia\u00e7\u00e3o entre a corpora\u00e7\u00e3o e a ag\u00eancia, demandando um controle um tanto mais detalhado do que o desenvolvido para a RAV, por exemplo.<\/p>\n<p>Mesmo assim, penso que as ag\u00eancias corporativas n\u00e3o precisam mesmo da TASF, quer seja pelos seus m\u00faltiplos custos, ou pelo seu controle n\u00e3o fazer parte da rela\u00e7\u00e3o cliente\/ag\u00eancia, ou ainda pelo fato de, como taxa, n\u00e3o receber boa acolhida dos \u00f3rg\u00e3os reguladores (ver <a title=\"Blog Prevenindo\" href=\"http:\/\/blog.panrotas.com.br\/prevenindo\/\" target=\"_blank\" rel=\"noopener noreferrer\">Blog Prevenindo<\/a>), o que culminou no <a title=\"ABAV notifica IATA\" href=\"http:\/\/www.panrotas.com.br\/noticia-turismo\/mercado\/abav-envia-notificacao-a-iata-em-miami_63096.html\" target=\"_blank\" rel=\"noopener noreferrer\">conflito ABAV\/IATA Brasil<\/a>.<\/p>\n<p>A TASF n\u00e3o controlar\u00e1, por exemplo, se a reserva for feita por self-booking, item que impacta o valor da transa\u00e7\u00e3o, assim como o fato do voo ser nacional ou internacional, se for emitido pelo consultor da ag\u00eancia ou pelo pr\u00f3prio cliente em sistemas de self-tkt, entre outros itens formadores do valor da remunera\u00e7\u00e3o do agente corporativo.<\/p>\n<p>Por isso, penso que o sistema de cobran\u00e7a da remunera\u00e7\u00e3o da ag\u00eancia corporativa deve ser desenvolvido de forma customizada, integrado ao front-office, no caso de ag\u00eancias com alto \u00edndice de self-booking e\/ou ao back-office, para todas as outras.<\/p>\n<p>Dessa forma, estar\u00e1 assegurada tamb\u00e9m a agilidade necess\u00e1ria para ajustes no sistema que, certamente, ser\u00e3o demandados ao longo do tempo.<\/p>\n<p>Ou algu\u00e9m acredita que o mercado e suas regras atuais se estabilizar\u00e3o?<\/p>\n<p>.<\/p>\n","protected":false},"excerpt":{"rendered":"<p>Os consolidadores foram r\u00e1pidos, muito r\u00e1pidos, e estabeleceram um modelo de remunera\u00e7\u00e3o para uso dos agentes de viagens. Como empres\u00e1rios comprometidos com seu neg\u00f3cio e com o neg\u00f3cio de seus clientes, reuniram-se e acordaram um padr\u00e3o para a sua ind\u00fastria, a das ag\u00eancias consolidadas. Desenvolveram o sistema de forma \u00e1gil, priorizando a pressa e focando&hellip; <a class=\"more-link\" href=\"https:\/\/blog.panrotas.com.br\/b2btech\/2010\/11\/18\/ainda-a-tasf-o-corporativo-tambem-nao-precisa\/\">Continue reading &rarr;<\/a><\/p>\n","protected":false},"author":11,"featured_media":0,"comment_status":"open","ping_status":"open","sticky":false,"template":"","format":"standard","meta":{"spay_email":""},"categories":[8],"tags":[],"yoast_head":"<!-- This site is optimized with the Yoast SEO plugin v17.3 - https:\/\/yoast.com\/wordpress\/plugins\/seo\/ -->\n<title>Ainda a TASF: o corporativo tamb\u00e9m n\u00e3o precisa ! - B2btech<\/title>\n<meta name=\"robots\" content=\"index, follow, max-snippet:-1, max-image-preview:large, max-video-preview:-1\" \/>\n<link rel=\"canonical\" href=\"https:\/\/blog.panrotas.com.br\/b2btech\/2010\/11\/18\/ainda-a-tasf-o-corporativo-tambem-nao-precisa\/\" \/>\n<meta property=\"og:locale\" content=\"pt_BR\" \/>\n<meta property=\"og:type\" content=\"article\" \/>\n<meta property=\"og:title\" content=\"Ainda a TASF: o corporativo tamb\u00e9m n\u00e3o precisa ! - B2btech\" \/>\n<meta property=\"og:description\" content=\"Os consolidadores foram r\u00e1pidos, muito r\u00e1pidos, e estabeleceram um modelo de remunera\u00e7\u00e3o para uso dos agentes de viagens. Como empres\u00e1rios comprometidos com seu neg\u00f3cio e com o neg\u00f3cio de seus clientes, reuniram-se e acordaram um padr\u00e3o para a sua ind\u00fastria, a das ag\u00eancias consolidadas. Desenvolveram o sistema de forma \u00e1gil, priorizando a pressa e focando&hellip; Continue reading &rarr;\" \/>\n<meta property=\"og:url\" content=\"https:\/\/blog.panrotas.com.br\/b2btech\/2010\/11\/18\/ainda-a-tasf-o-corporativo-tambem-nao-precisa\/\" \/>\n<meta property=\"og:site_name\" content=\"B2btech\" \/>\n<meta property=\"article:published_time\" content=\"2010-11-18T11:28:42+00:00\" \/>\n<meta name=\"twitter:card\" content=\"summary_large_image\" \/>\n<meta name=\"twitter:label1\" content=\"Escrito por\" \/>\n\t<meta name=\"twitter:data1\" content=\"Lu\u00eds Vabo\" \/>\n\t<meta name=\"twitter:label2\" content=\"Est. tempo de leitura\" \/>\n\t<meta name=\"twitter:data2\" content=\"2 minutos\" \/>\n<script type=\"application\/ld+json\" class=\"yoast-schema-graph\">{\"@context\":\"https:\/\/schema.org\",\"@graph\":[{\"@type\":\"WebSite\",\"@id\":\"https:\/\/blog.panrotas.com.br\/b2btech\/#website\",\"url\":\"https:\/\/blog.panrotas.com.br\/b2btech\/\",\"name\":\"B2btech\",\"description\":\"Blogosfera PANROTAS\",\"potentialAction\":[{\"@type\":\"SearchAction\",\"target\":{\"@type\":\"EntryPoint\",\"urlTemplate\":\"https:\/\/blog.panrotas.com.br\/b2btech\/?s={search_term_string}\"},\"query-input\":\"required name=search_term_string\"}],\"inLanguage\":\"pt-BR\"},{\"@type\":\"WebPage\",\"@id\":\"https:\/\/blog.panrotas.com.br\/b2btech\/2010\/11\/18\/ainda-a-tasf-o-corporativo-tambem-nao-precisa\/#webpage\",\"url\":\"https:\/\/blog.panrotas.com.br\/b2btech\/2010\/11\/18\/ainda-a-tasf-o-corporativo-tambem-nao-precisa\/\",\"name\":\"Ainda a TASF: o corporativo tamb\\u00e9m n\\u00e3o precisa ! - B2btech\",\"isPartOf\":{\"@id\":\"https:\/\/blog.panrotas.com.br\/b2btech\/#website\"},\"datePublished\":\"2010-11-18T11:28:42+00:00\",\"dateModified\":\"2010-11-18T11:28:42+00:00\",\"author\":{\"@id\":\"https:\/\/blog.panrotas.com.br\/b2btech\/#\/schema\/person\/2d58abeacbdf1a9b93993c7f1b7406d6\"},\"breadcrumb\":{\"@id\":\"https:\/\/blog.panrotas.com.br\/b2btech\/2010\/11\/18\/ainda-a-tasf-o-corporativo-tambem-nao-precisa\/#breadcrumb\"},\"inLanguage\":\"pt-BR\",\"potentialAction\":[{\"@type\":\"ReadAction\",\"target\":[\"https:\/\/blog.panrotas.com.br\/b2btech\/2010\/11\/18\/ainda-a-tasf-o-corporativo-tambem-nao-precisa\/\"]}]},{\"@type\":\"BreadcrumbList\",\"@id\":\"https:\/\/blog.panrotas.com.br\/b2btech\/2010\/11\/18\/ainda-a-tasf-o-corporativo-tambem-nao-precisa\/#breadcrumb\",\"itemListElement\":[{\"@type\":\"ListItem\",\"position\":1,\"name\":\"In\\u00edcio\",\"item\":\"https:\/\/blog.panrotas.com.br\/b2btech\/\"},{\"@type\":\"ListItem\",\"position\":2,\"name\":\"Ainda a TASF: o corporativo tamb\\u00e9m n\\u00e3o precisa !\"}]},{\"@type\":\"Person\",\"@id\":\"https:\/\/blog.panrotas.com.br\/b2btech\/#\/schema\/person\/2d58abeacbdf1a9b93993c7f1b7406d6\",\"name\":\"Lu\\u00eds Vabo\",\"image\":{\"@type\":\"ImageObject\",\"@id\":\"https:\/\/blog.panrotas.com.br\/b2btech\/#personlogo\",\"inLanguage\":\"pt-BR\",\"url\":\"https:\/\/secure.gravatar.com\/avatar\/66c6e91231deb293ea586f1325cdda96?s=96&d=mm&r=g\",\"contentUrl\":\"https:\/\/secure.gravatar.com\/avatar\/66c6e91231deb293ea586f1325cdda96?s=96&d=mm&r=g\",\"caption\":\"Lu\\u00eds Vabo\"},\"description\":\"Entusiasta da inova\\u00e7\\u00e3o, do empreendedorismo e da alta performance, adepto da vida saud\\u00e1vel, dos amigos e da fam\\u00edlia, obstinado, volunt\\u00e1rio, esportista e apaixonado. S\\u00f3cio-CEO Reserve Systems \\ud83d\\udcca S\\u00f3cio-fundador Solid Gest\\u00e3o \\ud83d\\udcc8 S\\u00f3cio-CFO MyView Drones \\ud83d\\ude81 S\\u00f3cio Link School of Business \\ud83c\\udf93 Conselheiro Abracorp \\u2708\\ufe0f\",\"sameAs\":[\"http:\/\/www.reserve.com.br\"],\"url\":\"https:\/\/blog.panrotas.com.br\/b2btech\/author\/luisvabo\/\"}]}<\/script>\n<!-- \/ Yoast SEO plugin. -->","yoast_head_json":{"title":"Ainda a TASF: o corporativo tamb\u00e9m n\u00e3o precisa ! - B2btech","robots":{"index":"index","follow":"follow","max-snippet":"max-snippet:-1","max-image-preview":"max-image-preview:large","max-video-preview":"max-video-preview:-1"},"canonical":"https:\/\/blog.panrotas.com.br\/b2btech\/2010\/11\/18\/ainda-a-tasf-o-corporativo-tambem-nao-precisa\/","og_locale":"pt_BR","og_type":"article","og_title":"Ainda a TASF: o corporativo tamb\u00e9m n\u00e3o precisa ! - B2btech","og_description":"Os consolidadores foram r\u00e1pidos, muito r\u00e1pidos, e estabeleceram um modelo de remunera\u00e7\u00e3o para uso dos agentes de viagens. Como empres\u00e1rios comprometidos com seu neg\u00f3cio e com o neg\u00f3cio de seus clientes, reuniram-se e acordaram um padr\u00e3o para a sua ind\u00fastria, a das ag\u00eancias consolidadas. Desenvolveram o sistema de forma \u00e1gil, priorizando a pressa e focando&hellip; Continue reading &rarr;","og_url":"https:\/\/blog.panrotas.com.br\/b2btech\/2010\/11\/18\/ainda-a-tasf-o-corporativo-tambem-nao-precisa\/","og_site_name":"B2btech","article_published_time":"2010-11-18T11:28:42+00:00","twitter_card":"summary_large_image","twitter_misc":{"Escrito por":"Lu\u00eds Vabo","Est. tempo de leitura":"2 minutos"},"schema":{"@context":"https:\/\/schema.org","@graph":[{"@type":"WebSite","@id":"https:\/\/blog.panrotas.com.br\/b2btech\/#website","url":"https:\/\/blog.panrotas.com.br\/b2btech\/","name":"B2btech","description":"Blogosfera PANROTAS","potentialAction":[{"@type":"SearchAction","target":{"@type":"EntryPoint","urlTemplate":"https:\/\/blog.panrotas.com.br\/b2btech\/?s={search_term_string}"},"query-input":"required name=search_term_string"}],"inLanguage":"pt-BR"},{"@type":"WebPage","@id":"https:\/\/blog.panrotas.com.br\/b2btech\/2010\/11\/18\/ainda-a-tasf-o-corporativo-tambem-nao-precisa\/#webpage","url":"https:\/\/blog.panrotas.com.br\/b2btech\/2010\/11\/18\/ainda-a-tasf-o-corporativo-tambem-nao-precisa\/","name":"Ainda a TASF: o corporativo tamb\u00e9m n\u00e3o precisa ! - B2btech","isPartOf":{"@id":"https:\/\/blog.panrotas.com.br\/b2btech\/#website"},"datePublished":"2010-11-18T11:28:42+00:00","dateModified":"2010-11-18T11:28:42+00:00","author":{"@id":"https:\/\/blog.panrotas.com.br\/b2btech\/#\/schema\/person\/2d58abeacbdf1a9b93993c7f1b7406d6"},"breadcrumb":{"@id":"https:\/\/blog.panrotas.com.br\/b2btech\/2010\/11\/18\/ainda-a-tasf-o-corporativo-tambem-nao-precisa\/#breadcrumb"},"inLanguage":"pt-BR","potentialAction":[{"@type":"ReadAction","target":["https:\/\/blog.panrotas.com.br\/b2btech\/2010\/11\/18\/ainda-a-tasf-o-corporativo-tambem-nao-precisa\/"]}]},{"@type":"BreadcrumbList","@id":"https:\/\/blog.panrotas.com.br\/b2btech\/2010\/11\/18\/ainda-a-tasf-o-corporativo-tambem-nao-precisa\/#breadcrumb","itemListElement":[{"@type":"ListItem","position":1,"name":"In\u00edcio","item":"https:\/\/blog.panrotas.com.br\/b2btech\/"},{"@type":"ListItem","position":2,"name":"Ainda a TASF: o corporativo tamb\u00e9m n\u00e3o precisa !"}]},{"@type":"Person","@id":"https:\/\/blog.panrotas.com.br\/b2btech\/#\/schema\/person\/2d58abeacbdf1a9b93993c7f1b7406d6","name":"Lu\u00eds Vabo","image":{"@type":"ImageObject","@id":"https:\/\/blog.panrotas.com.br\/b2btech\/#personlogo","inLanguage":"pt-BR","url":"https:\/\/secure.gravatar.com\/avatar\/66c6e91231deb293ea586f1325cdda96?s=96&d=mm&r=g","contentUrl":"https:\/\/secure.gravatar.com\/avatar\/66c6e91231deb293ea586f1325cdda96?s=96&d=mm&r=g","caption":"Lu\u00eds Vabo"},"description":"Entusiasta da inova\u00e7\u00e3o, do empreendedorismo e da alta performance, adepto da vida saud\u00e1vel, dos amigos e da fam\u00edlia, obstinado, volunt\u00e1rio, esportista e apaixonado. S\u00f3cio-CEO Reserve Systems \ud83d\udcca S\u00f3cio-fundador Solid Gest\u00e3o \ud83d\udcc8 S\u00f3cio-CFO MyView Drones \ud83d\ude81 S\u00f3cio Link School of Business \ud83c\udf93 Conselheiro Abracorp \u2708\ufe0f","sameAs":["http:\/\/www.reserve.com.br"],"url":"https:\/\/blog.panrotas.com.br\/b2btech\/author\/luisvabo\/"}]}},"jetpack_featured_media_url":"","_links":{"self":[{"href":"https:\/\/blog.panrotas.com.br\/b2btech\/wp-json\/wp\/v2\/posts\/266"}],"collection":[{"href":"https:\/\/blog.panrotas.com.br\/b2btech\/wp-json\/wp\/v2\/posts"}],"about":[{"href":"https:\/\/blog.panrotas.com.br\/b2btech\/wp-json\/wp\/v2\/types\/post"}],"author":[{"embeddable":true,"href":"https:\/\/blog.panrotas.com.br\/b2btech\/wp-json\/wp\/v2\/users\/11"}],"replies":[{"embeddable":true,"href":"https:\/\/blog.panrotas.com.br\/b2btech\/wp-json\/wp\/v2\/comments?post=266"}],"version-history":[{"count":0,"href":"https:\/\/blog.panrotas.com.br\/b2btech\/wp-json\/wp\/v2\/posts\/266\/revisions"}],"wp:attachment":[{"href":"https:\/\/blog.panrotas.com.br\/b2btech\/wp-json\/wp\/v2\/media?parent=266"}],"wp:term":[{"taxonomy":"category","embeddable":true,"href":"https:\/\/blog.panrotas.com.br\/b2btech\/wp-json\/wp\/v2\/categories?post=266"},{"taxonomy":"post_tag","embeddable":true,"href":"https:\/\/blog.panrotas.com.br\/b2btech\/wp-json\/wp\/v2\/tags?post=266"}],"curies":[{"name":"wp","href":"https:\/\/api.w.org\/{rel}","templated":true}]}}