{"id":304,"date":"2010-12-06T10:50:32","date_gmt":"2010-12-06T13:50:32","guid":{"rendered":"http:\/\/blog.panrotas.com.br\/distribuindoviagens\/?p=304"},"modified":"2010-12-06T10:50:32","modified_gmt":"2010-12-06T13:50:32","slug":"caras-de-pau","status":"publish","type":"post","link":"https:\/\/blog.panrotas.com.br\/b2btech\/2010\/12\/06\/caras-de-pau\/","title":{"rendered":"Caras de pau"},"content":{"rendered":"<p>Acho engra\u00e7ados alguns termos cunhados por pol\u00edticos brasileiros, verdadeiras obras-primas do ilusionismo pol\u00edtico, em especial pela enorme dist\u00e2ncia entre o conceito que seus criadores pretendem emprestar \u00e0 express\u00e3o e o seu real significado.<\/p>\n<p>Nesta \u00e9poca de montagem da nova equipe de governo, em que rola um verdadeiro vale tudo por um lugar ao sol, os pol\u00edticos tentam disfar\u00e7ar seu voraz apetite por cargos, verbas e poder, utilizando o estado da arte em dissimula\u00e7\u00e3o.<\/p>\n<p>Selecionei apenas 3 express\u00f5es muito utilizadas nestes dias que antecedem a posse do novo governo:<\/p>\n<p>&#8220;Indica\u00e7\u00e3o t\u00e9cnica&#8221;<br \/>\n\u00c9 quando um pol\u00edtico justifica a escolha de um apadrinhado menos conhecido (com pouca ou nenhuma experi\u00eancia pol\u00edtica) para um cargo eminentemente pol\u00edtico. &#8220;Fulano de Tal foi uma indica\u00e7\u00e3o t\u00e9cnica&#8221;. O interessante \u00e9 que o termo \u00e9 usado como argumento politicamente correto, afinal &#8220;ningu\u00e9m gosta de pol\u00edtico&#8221;&#8230;<\/p>\n<p>&#8220;Luto pelo que acredito&#8221;<br \/>\nUsada quando o pol\u00edtico deseja justificar \u00e0 opini\u00e3o p\u00fablica uma decis\u00e3o estranhamente contr\u00e1ria \u00e0 maioria e ao bom senso. &#8220;Sei que posso ser mal interpretado, mas luto pelo que acredito&#8221;. S\u00e3o dessa mesma categoria o &#8220;Sou um homem de princ\u00edpios&#8221; e o &#8220;Tenho minhas pr\u00f3prias convic\u00e7\u00f5es&#8221;.<\/p>\n<p>&#8220;Cota pessoal&#8221;<br \/>\nEssa express\u00e3o, embora revestida de um esp\u00edrito de justi\u00e7a, (afinal pelo menos algu\u00e9m pode ser indicado por escolha individual do governante&#8230;) \u00e9 a que carrega a maior carga de esc\u00e1rnio. Nesta simples express\u00e3o est\u00e3o contidos o nepotismo, o toma-l\u00e1-d\u00e1-c\u00e1, a mesa de c\u00e2mbio da pol\u00edtica brasileira. &#8220;Ok, Beltrano j\u00e1 \u00e9 da cota pessoal, ent\u00e3o n\u00e3o abrimos m\u00e3o de X minist\u00e9rios&#8221;.<\/p>\n<p>Existem outras, muitas outras, mas eu considero essas 3, pelo seu uso indiscriminado por pol\u00edticos de diferentes partidos e tend\u00eancias, e pela pr\u00f3pria imprensa, um bom resumo do atual &#8220;pensamento pol\u00edtico nacional&#8221;&#8230;<\/p>\n<p>.<\/p>\n","protected":false},"excerpt":{"rendered":"<p>Acho engra\u00e7ados alguns termos cunhados por pol\u00edticos brasileiros, verdadeiras obras-primas do ilusionismo pol\u00edtico, em especial pela enorme dist\u00e2ncia entre o conceito que seus criadores pretendem emprestar \u00e0 express\u00e3o e o seu real significado. Nesta \u00e9poca de montagem da nova equipe de governo, em que rola um verdadeiro vale tudo por um lugar ao sol, os&hellip; <a class=\"more-link\" href=\"https:\/\/blog.panrotas.com.br\/b2btech\/2010\/12\/06\/caras-de-pau\/\">Continue reading &rarr;<\/a><\/p>\n","protected":false},"author":11,"featured_media":0,"comment_status":"open","ping_status":"open","sticky":false,"template":"","format":"standard","meta":{"spay_email":""},"categories":[8],"tags":[],"yoast_head":"<!-- This site is optimized with the Yoast SEO plugin v17.3 - https:\/\/yoast.com\/wordpress\/plugins\/seo\/ -->\n<title>Caras de pau - B2btech<\/title>\n<meta name=\"robots\" content=\"index, follow, max-snippet:-1, max-image-preview:large, max-video-preview:-1\" \/>\n<link rel=\"canonical\" href=\"https:\/\/blog.panrotas.com.br\/b2btech\/2010\/12\/06\/caras-de-pau\/\" \/>\n<meta property=\"og:locale\" content=\"pt_BR\" \/>\n<meta property=\"og:type\" content=\"article\" \/>\n<meta property=\"og:title\" content=\"Caras de pau - B2btech\" \/>\n<meta property=\"og:description\" content=\"Acho engra\u00e7ados alguns termos cunhados por pol\u00edticos brasileiros, verdadeiras obras-primas do ilusionismo pol\u00edtico, em especial pela enorme dist\u00e2ncia entre o conceito que seus criadores pretendem emprestar \u00e0 express\u00e3o e o seu real significado. Nesta \u00e9poca de montagem da nova equipe de governo, em que rola um verdadeiro vale tudo por um lugar ao sol, os&hellip; Continue reading &rarr;\" \/>\n<meta property=\"og:url\" content=\"https:\/\/blog.panrotas.com.br\/b2btech\/2010\/12\/06\/caras-de-pau\/\" \/>\n<meta property=\"og:site_name\" content=\"B2btech\" \/>\n<meta property=\"article:published_time\" content=\"2010-12-06T13:50:32+00:00\" \/>\n<meta name=\"twitter:card\" content=\"summary_large_image\" \/>\n<meta name=\"twitter:label1\" content=\"Escrito por\" \/>\n\t<meta name=\"twitter:data1\" content=\"Lu\u00eds Vabo\" \/>\n\t<meta name=\"twitter:label2\" content=\"Est. tempo de leitura\" \/>\n\t<meta name=\"twitter:data2\" content=\"2 minutos\" \/>\n<script type=\"application\/ld+json\" class=\"yoast-schema-graph\">{\"@context\":\"https:\/\/schema.org\",\"@graph\":[{\"@type\":\"WebSite\",\"@id\":\"https:\/\/blog.panrotas.com.br\/b2btech\/#website\",\"url\":\"https:\/\/blog.panrotas.com.br\/b2btech\/\",\"name\":\"B2btech\",\"description\":\"Blogosfera PANROTAS\",\"potentialAction\":[{\"@type\":\"SearchAction\",\"target\":{\"@type\":\"EntryPoint\",\"urlTemplate\":\"https:\/\/blog.panrotas.com.br\/b2btech\/?s={search_term_string}\"},\"query-input\":\"required name=search_term_string\"}],\"inLanguage\":\"pt-BR\"},{\"@type\":\"WebPage\",\"@id\":\"https:\/\/blog.panrotas.com.br\/b2btech\/2010\/12\/06\/caras-de-pau\/#webpage\",\"url\":\"https:\/\/blog.panrotas.com.br\/b2btech\/2010\/12\/06\/caras-de-pau\/\",\"name\":\"Caras de pau - B2btech\",\"isPartOf\":{\"@id\":\"https:\/\/blog.panrotas.com.br\/b2btech\/#website\"},\"datePublished\":\"2010-12-06T13:50:32+00:00\",\"dateModified\":\"2010-12-06T13:50:32+00:00\",\"author\":{\"@id\":\"https:\/\/blog.panrotas.com.br\/b2btech\/#\/schema\/person\/2d58abeacbdf1a9b93993c7f1b7406d6\"},\"breadcrumb\":{\"@id\":\"https:\/\/blog.panrotas.com.br\/b2btech\/2010\/12\/06\/caras-de-pau\/#breadcrumb\"},\"inLanguage\":\"pt-BR\",\"potentialAction\":[{\"@type\":\"ReadAction\",\"target\":[\"https:\/\/blog.panrotas.com.br\/b2btech\/2010\/12\/06\/caras-de-pau\/\"]}]},{\"@type\":\"BreadcrumbList\",\"@id\":\"https:\/\/blog.panrotas.com.br\/b2btech\/2010\/12\/06\/caras-de-pau\/#breadcrumb\",\"itemListElement\":[{\"@type\":\"ListItem\",\"position\":1,\"name\":\"In\\u00edcio\",\"item\":\"https:\/\/blog.panrotas.com.br\/b2btech\/\"},{\"@type\":\"ListItem\",\"position\":2,\"name\":\"Caras de pau\"}]},{\"@type\":\"Person\",\"@id\":\"https:\/\/blog.panrotas.com.br\/b2btech\/#\/schema\/person\/2d58abeacbdf1a9b93993c7f1b7406d6\",\"name\":\"Lu\\u00eds Vabo\",\"image\":{\"@type\":\"ImageObject\",\"@id\":\"https:\/\/blog.panrotas.com.br\/b2btech\/#personlogo\",\"inLanguage\":\"pt-BR\",\"url\":\"https:\/\/secure.gravatar.com\/avatar\/66c6e91231deb293ea586f1325cdda96?s=96&d=mm&r=g\",\"contentUrl\":\"https:\/\/secure.gravatar.com\/avatar\/66c6e91231deb293ea586f1325cdda96?s=96&d=mm&r=g\",\"caption\":\"Lu\\u00eds Vabo\"},\"description\":\"Entusiasta da inova\\u00e7\\u00e3o, do empreendedorismo e da alta performance, adepto da vida saud\\u00e1vel, dos amigos e da fam\\u00edlia, obstinado, volunt\\u00e1rio, esportista e apaixonado. S\\u00f3cio-CEO Reserve Systems \\ud83d\\udcca S\\u00f3cio-fundador Solid Gest\\u00e3o \\ud83d\\udcc8 S\\u00f3cio-CFO MyView Drones \\ud83d\\ude81 S\\u00f3cio Link School of Business \\ud83c\\udf93 Conselheiro Abracorp \\u2708\\ufe0f\",\"sameAs\":[\"http:\/\/www.reserve.com.br\"],\"url\":\"https:\/\/blog.panrotas.com.br\/b2btech\/author\/luisvabo\/\"}]}<\/script>\n<!-- \/ Yoast SEO plugin. -->","yoast_head_json":{"title":"Caras de pau - B2btech","robots":{"index":"index","follow":"follow","max-snippet":"max-snippet:-1","max-image-preview":"max-image-preview:large","max-video-preview":"max-video-preview:-1"},"canonical":"https:\/\/blog.panrotas.com.br\/b2btech\/2010\/12\/06\/caras-de-pau\/","og_locale":"pt_BR","og_type":"article","og_title":"Caras de pau - B2btech","og_description":"Acho engra\u00e7ados alguns termos cunhados por pol\u00edticos brasileiros, verdadeiras obras-primas do ilusionismo pol\u00edtico, em especial pela enorme dist\u00e2ncia entre o conceito que seus criadores pretendem emprestar \u00e0 express\u00e3o e o seu real significado. Nesta \u00e9poca de montagem da nova equipe de governo, em que rola um verdadeiro vale tudo por um lugar ao sol, os&hellip; Continue reading &rarr;","og_url":"https:\/\/blog.panrotas.com.br\/b2btech\/2010\/12\/06\/caras-de-pau\/","og_site_name":"B2btech","article_published_time":"2010-12-06T13:50:32+00:00","twitter_card":"summary_large_image","twitter_misc":{"Escrito por":"Lu\u00eds Vabo","Est. tempo de leitura":"2 minutos"},"schema":{"@context":"https:\/\/schema.org","@graph":[{"@type":"WebSite","@id":"https:\/\/blog.panrotas.com.br\/b2btech\/#website","url":"https:\/\/blog.panrotas.com.br\/b2btech\/","name":"B2btech","description":"Blogosfera PANROTAS","potentialAction":[{"@type":"SearchAction","target":{"@type":"EntryPoint","urlTemplate":"https:\/\/blog.panrotas.com.br\/b2btech\/?s={search_term_string}"},"query-input":"required name=search_term_string"}],"inLanguage":"pt-BR"},{"@type":"WebPage","@id":"https:\/\/blog.panrotas.com.br\/b2btech\/2010\/12\/06\/caras-de-pau\/#webpage","url":"https:\/\/blog.panrotas.com.br\/b2btech\/2010\/12\/06\/caras-de-pau\/","name":"Caras de pau - B2btech","isPartOf":{"@id":"https:\/\/blog.panrotas.com.br\/b2btech\/#website"},"datePublished":"2010-12-06T13:50:32+00:00","dateModified":"2010-12-06T13:50:32+00:00","author":{"@id":"https:\/\/blog.panrotas.com.br\/b2btech\/#\/schema\/person\/2d58abeacbdf1a9b93993c7f1b7406d6"},"breadcrumb":{"@id":"https:\/\/blog.panrotas.com.br\/b2btech\/2010\/12\/06\/caras-de-pau\/#breadcrumb"},"inLanguage":"pt-BR","potentialAction":[{"@type":"ReadAction","target":["https:\/\/blog.panrotas.com.br\/b2btech\/2010\/12\/06\/caras-de-pau\/"]}]},{"@type":"BreadcrumbList","@id":"https:\/\/blog.panrotas.com.br\/b2btech\/2010\/12\/06\/caras-de-pau\/#breadcrumb","itemListElement":[{"@type":"ListItem","position":1,"name":"In\u00edcio","item":"https:\/\/blog.panrotas.com.br\/b2btech\/"},{"@type":"ListItem","position":2,"name":"Caras de pau"}]},{"@type":"Person","@id":"https:\/\/blog.panrotas.com.br\/b2btech\/#\/schema\/person\/2d58abeacbdf1a9b93993c7f1b7406d6","name":"Lu\u00eds Vabo","image":{"@type":"ImageObject","@id":"https:\/\/blog.panrotas.com.br\/b2btech\/#personlogo","inLanguage":"pt-BR","url":"https:\/\/secure.gravatar.com\/avatar\/66c6e91231deb293ea586f1325cdda96?s=96&d=mm&r=g","contentUrl":"https:\/\/secure.gravatar.com\/avatar\/66c6e91231deb293ea586f1325cdda96?s=96&d=mm&r=g","caption":"Lu\u00eds Vabo"},"description":"Entusiasta da inova\u00e7\u00e3o, do empreendedorismo e da alta performance, adepto da vida saud\u00e1vel, dos amigos e da fam\u00edlia, obstinado, volunt\u00e1rio, esportista e apaixonado. S\u00f3cio-CEO Reserve Systems \ud83d\udcca S\u00f3cio-fundador Solid Gest\u00e3o \ud83d\udcc8 S\u00f3cio-CFO MyView Drones \ud83d\ude81 S\u00f3cio Link School of Business \ud83c\udf93 Conselheiro Abracorp \u2708\ufe0f","sameAs":["http:\/\/www.reserve.com.br"],"url":"https:\/\/blog.panrotas.com.br\/b2btech\/author\/luisvabo\/"}]}},"jetpack_featured_media_url":"","_links":{"self":[{"href":"https:\/\/blog.panrotas.com.br\/b2btech\/wp-json\/wp\/v2\/posts\/304"}],"collection":[{"href":"https:\/\/blog.panrotas.com.br\/b2btech\/wp-json\/wp\/v2\/posts"}],"about":[{"href":"https:\/\/blog.panrotas.com.br\/b2btech\/wp-json\/wp\/v2\/types\/post"}],"author":[{"embeddable":true,"href":"https:\/\/blog.panrotas.com.br\/b2btech\/wp-json\/wp\/v2\/users\/11"}],"replies":[{"embeddable":true,"href":"https:\/\/blog.panrotas.com.br\/b2btech\/wp-json\/wp\/v2\/comments?post=304"}],"version-history":[{"count":0,"href":"https:\/\/blog.panrotas.com.br\/b2btech\/wp-json\/wp\/v2\/posts\/304\/revisions"}],"wp:attachment":[{"href":"https:\/\/blog.panrotas.com.br\/b2btech\/wp-json\/wp\/v2\/media?parent=304"}],"wp:term":[{"taxonomy":"category","embeddable":true,"href":"https:\/\/blog.panrotas.com.br\/b2btech\/wp-json\/wp\/v2\/categories?post=304"},{"taxonomy":"post_tag","embeddable":true,"href":"https:\/\/blog.panrotas.com.br\/b2btech\/wp-json\/wp\/v2\/tags?post=304"}],"curies":[{"name":"wp","href":"https:\/\/api.w.org\/{rel}","templated":true}]}}