{"id":308,"date":"2010-12-08T01:34:10","date_gmt":"2010-12-08T04:34:10","guid":{"rendered":"http:\/\/blog.panrotas.com.br\/distribuindoviagens\/?p=308"},"modified":"2010-12-08T01:34:10","modified_gmt":"2010-12-08T04:34:10","slug":"geracao-3d-dispersa-desfocada-e-distraida","status":"publish","type":"post","link":"https:\/\/blog.panrotas.com.br\/b2btech\/2010\/12\/08\/geracao-3d-dispersa-desfocada-e-distraida\/","title":{"rendered":"Gera\u00e7\u00e3o 3D: dispersa, desfocada e distra\u00edda?"},"content":{"rendered":"<p>H\u00e1 um embate mudo no ar.<\/p>\n<p>Gustavo, Sidney, Mauricio, Vivi\u00e2nne e eu, j\u00e1 postamos sobre a nova gera\u00e7\u00e3o de profissionais, com abordagens que mostram vantagens e desvantagens desses novos trabalhadores, para as empresas e para eles mesmos.<\/p>\n<p>Travo, volta e meia, di\u00e1logos estimulantes com meu filho, Vabo Jr., leg\u00edtimo integrante dessa nova gera\u00e7\u00e3o, sobre as diferen\u00e7as desses dois mundos, obrigados a conviver e compartilhar projetos, servi\u00e7os, produ\u00e7\u00e3o, relacionamentos etc. no dia-a-dia laboral e na vida.<\/p>\n<p>Agora o assunto tomou a aten\u00e7\u00e3o de 2 pesquisadores, ambos especialistas no tema: Steve Johnson, autor de &#8220;Where good ideas come from&#8221; e Nicholas Carr, que acaba de lan\u00e7ar &#8220;The Shallows&#8221;.<\/p>\n<p>Steve, um curioso criador de pol\u00eamicas, gosta de desmistificar as chamadas verdades absolutas e, com argumenta\u00e7\u00e3o e embasamento cient\u00edficos, garante que as grandes inven\u00e7\u00f5es da humanidade n\u00e3o s\u00e3o fruto de momentos de relaxamento e descontra\u00e7\u00e3o, como alardeiam os defensores do &#8220;\u00f3cio criativo&#8221;&#8230;<\/p>\n<p>Exemplificando com fatos e ideias geniais, como a teoria da relatividade ou a descoberta da gravidade, Steve comprova que essas e todas as grandes id\u00e9ias, inven\u00e7\u00f5es e descobertas da humanidade, diferentemente do que se imagina, foram fruto de muito esfor\u00e7o, trabalho e determina\u00e7\u00e3o.<\/p>\n<p>Indo al\u00e9m, o autor defende a tese de que o caos colabora para o processo de inova\u00e7\u00e3o, em especial quando propicia a participa\u00e7\u00e3o de mais pessoas, o que explicaria a enorme vantagem da internet como ferramenta estimuladora do processo criativo.<\/p>\n<p>J\u00e1 Nicholas Carr aborda a superficialidade desta nova gera\u00e7\u00e3o, todos multi-m\u00eddias e multi-funcionais, mas sem a necess\u00e1ria capacidade de aprofundar-se sobre determinado tema.<\/p>\n<p>Alega que a internet estimula a troca r\u00e1pida de informa\u00e7\u00f5es, o ilimitado compartilhamento de dados, a busca incessante por terabytes de conte\u00fado&#8230;<\/p>\n<p>Tudo muito bom, como todos sabemos, mas que estaria comprometendo a aten\u00e7\u00e3o e a capacidade de focar, analisar e refletir sobre quest\u00f5es mais complexas, prejudicando o pensamento cr\u00edtico, cognitivo, l\u00f3gico e conceitual.<\/p>\n<p>\u00c9 a vida levada em ritmo de video clipe.<\/p>\n<p>Mal come\u00e7amos a ler um email, toca o telefone celular. Antes de concluir a liga\u00e7\u00e3o, entra um torpedo (SMS) e uma mensagem no Skype. Quando estamos quase terminando de responder, algu\u00e9m entra na sala com um assunto urgente ou o telefone fixo toca. Ao atendermos, entra outra liga\u00e7\u00e3o na espera. A hora da reuni\u00e3o se aproxima, mas n\u00e3o se encontra espa\u00e7o para prepar\u00e1-la, enquanto as not\u00edcias s\u00e3o atualizadas a cada instante no Globo.com, no UOL, no Terra ou no Panrotas&#8230;<\/p>\n<p>Temos todos muito acesso a muitas informa\u00e7\u00f5es (online, on time, real time, full time) e usamos ferramentas que nos permitem realizar muitas coisas ao mesmo tempo, mas devido justamente \u00e0 velocidade e ao volume de dados e tarefas, acabamos nos dispersando, pois falta-nos a tranquilidade necess\u00e1ria \u00e0s an\u00e1lises e reflex\u00f5es, que subsidiam as grandes realiza\u00e7\u00f5es.<\/p>\n<p>Dif\u00edcil dizer quem est\u00e1 com a raz\u00e3o. Prefiro acreditar que ambos est\u00e3o certos&#8230; e errados&#8230;<\/p>\n<p>.<\/p>\n","protected":false},"excerpt":{"rendered":"<p>H\u00e1 um embate mudo no ar. Gustavo, Sidney, Mauricio, Vivi\u00e2nne e eu, j\u00e1 postamos sobre a nova gera\u00e7\u00e3o de profissionais, com abordagens que mostram vantagens e desvantagens desses novos trabalhadores, para as empresas e para eles mesmos. Travo, volta e meia, di\u00e1logos estimulantes com meu filho, Vabo Jr., leg\u00edtimo integrante dessa nova gera\u00e7\u00e3o, sobre as&hellip; <a class=\"more-link\" href=\"https:\/\/blog.panrotas.com.br\/b2btech\/2010\/12\/08\/geracao-3d-dispersa-desfocada-e-distraida\/\">Continue reading &rarr;<\/a><\/p>\n","protected":false},"author":11,"featured_media":0,"comment_status":"open","ping_status":"open","sticky":false,"template":"","format":"standard","meta":{"spay_email":""},"categories":[8],"tags":[],"yoast_head":"<!-- This site is optimized with the Yoast SEO plugin v17.3 - https:\/\/yoast.com\/wordpress\/plugins\/seo\/ -->\n<title>Gera\u00e7\u00e3o 3D: dispersa, desfocada e distra\u00edda? - B2btech<\/title>\n<meta name=\"robots\" content=\"index, follow, max-snippet:-1, max-image-preview:large, max-video-preview:-1\" \/>\n<link rel=\"canonical\" href=\"https:\/\/blog.panrotas.com.br\/b2btech\/2010\/12\/08\/geracao-3d-dispersa-desfocada-e-distraida\/\" \/>\n<meta property=\"og:locale\" content=\"pt_BR\" \/>\n<meta property=\"og:type\" content=\"article\" \/>\n<meta property=\"og:title\" content=\"Gera\u00e7\u00e3o 3D: dispersa, desfocada e distra\u00edda? - B2btech\" \/>\n<meta property=\"og:description\" content=\"H\u00e1 um embate mudo no ar. Gustavo, Sidney, Mauricio, Vivi\u00e2nne e eu, j\u00e1 postamos sobre a nova gera\u00e7\u00e3o de profissionais, com abordagens que mostram vantagens e desvantagens desses novos trabalhadores, para as empresas e para eles mesmos. Travo, volta e meia, di\u00e1logos estimulantes com meu filho, Vabo Jr., leg\u00edtimo integrante dessa nova gera\u00e7\u00e3o, sobre as&hellip; Continue reading &rarr;\" \/>\n<meta property=\"og:url\" content=\"https:\/\/blog.panrotas.com.br\/b2btech\/2010\/12\/08\/geracao-3d-dispersa-desfocada-e-distraida\/\" \/>\n<meta property=\"og:site_name\" content=\"B2btech\" \/>\n<meta property=\"article:published_time\" content=\"2010-12-08T04:34:10+00:00\" \/>\n<meta name=\"twitter:card\" content=\"summary_large_image\" \/>\n<meta name=\"twitter:label1\" content=\"Escrito por\" \/>\n\t<meta name=\"twitter:data1\" content=\"Lu\u00eds Vabo\" \/>\n\t<meta name=\"twitter:label2\" content=\"Est. tempo de leitura\" \/>\n\t<meta name=\"twitter:data2\" content=\"3 minutos\" \/>\n<script type=\"application\/ld+json\" class=\"yoast-schema-graph\">{\"@context\":\"https:\/\/schema.org\",\"@graph\":[{\"@type\":\"WebSite\",\"@id\":\"https:\/\/blog.panrotas.com.br\/b2btech\/#website\",\"url\":\"https:\/\/blog.panrotas.com.br\/b2btech\/\",\"name\":\"B2btech\",\"description\":\"Blogosfera PANROTAS\",\"potentialAction\":[{\"@type\":\"SearchAction\",\"target\":{\"@type\":\"EntryPoint\",\"urlTemplate\":\"https:\/\/blog.panrotas.com.br\/b2btech\/?s={search_term_string}\"},\"query-input\":\"required name=search_term_string\"}],\"inLanguage\":\"pt-BR\"},{\"@type\":\"WebPage\",\"@id\":\"https:\/\/blog.panrotas.com.br\/b2btech\/2010\/12\/08\/geracao-3d-dispersa-desfocada-e-distraida\/#webpage\",\"url\":\"https:\/\/blog.panrotas.com.br\/b2btech\/2010\/12\/08\/geracao-3d-dispersa-desfocada-e-distraida\/\",\"name\":\"Gera\\u00e7\\u00e3o 3D: dispersa, desfocada e distra\\u00edda? - B2btech\",\"isPartOf\":{\"@id\":\"https:\/\/blog.panrotas.com.br\/b2btech\/#website\"},\"datePublished\":\"2010-12-08T04:34:10+00:00\",\"dateModified\":\"2010-12-08T04:34:10+00:00\",\"author\":{\"@id\":\"https:\/\/blog.panrotas.com.br\/b2btech\/#\/schema\/person\/2d58abeacbdf1a9b93993c7f1b7406d6\"},\"breadcrumb\":{\"@id\":\"https:\/\/blog.panrotas.com.br\/b2btech\/2010\/12\/08\/geracao-3d-dispersa-desfocada-e-distraida\/#breadcrumb\"},\"inLanguage\":\"pt-BR\",\"potentialAction\":[{\"@type\":\"ReadAction\",\"target\":[\"https:\/\/blog.panrotas.com.br\/b2btech\/2010\/12\/08\/geracao-3d-dispersa-desfocada-e-distraida\/\"]}]},{\"@type\":\"BreadcrumbList\",\"@id\":\"https:\/\/blog.panrotas.com.br\/b2btech\/2010\/12\/08\/geracao-3d-dispersa-desfocada-e-distraida\/#breadcrumb\",\"itemListElement\":[{\"@type\":\"ListItem\",\"position\":1,\"name\":\"In\\u00edcio\",\"item\":\"https:\/\/blog.panrotas.com.br\/b2btech\/\"},{\"@type\":\"ListItem\",\"position\":2,\"name\":\"Gera\\u00e7\\u00e3o 3D: dispersa, desfocada e distra\\u00edda?\"}]},{\"@type\":\"Person\",\"@id\":\"https:\/\/blog.panrotas.com.br\/b2btech\/#\/schema\/person\/2d58abeacbdf1a9b93993c7f1b7406d6\",\"name\":\"Lu\\u00eds Vabo\",\"image\":{\"@type\":\"ImageObject\",\"@id\":\"https:\/\/blog.panrotas.com.br\/b2btech\/#personlogo\",\"inLanguage\":\"pt-BR\",\"url\":\"https:\/\/secure.gravatar.com\/avatar\/66c6e91231deb293ea586f1325cdda96?s=96&d=mm&r=g\",\"contentUrl\":\"https:\/\/secure.gravatar.com\/avatar\/66c6e91231deb293ea586f1325cdda96?s=96&d=mm&r=g\",\"caption\":\"Lu\\u00eds Vabo\"},\"description\":\"Entusiasta da inova\\u00e7\\u00e3o, do empreendedorismo e da alta performance, adepto da vida saud\\u00e1vel, dos amigos e da fam\\u00edlia, obstinado, volunt\\u00e1rio, esportista e apaixonado. S\\u00f3cio-CEO Reserve Systems \\ud83d\\udcca S\\u00f3cio-fundador Solid Gest\\u00e3o \\ud83d\\udcc8 S\\u00f3cio-CFO MyView Drones \\ud83d\\ude81 S\\u00f3cio Link School of Business \\ud83c\\udf93 Conselheiro Abracorp \\u2708\\ufe0f\",\"sameAs\":[\"http:\/\/www.reserve.com.br\"],\"url\":\"https:\/\/blog.panrotas.com.br\/b2btech\/author\/luisvabo\/\"}]}<\/script>\n<!-- \/ Yoast SEO plugin. -->","yoast_head_json":{"title":"Gera\u00e7\u00e3o 3D: dispersa, desfocada e distra\u00edda? - B2btech","robots":{"index":"index","follow":"follow","max-snippet":"max-snippet:-1","max-image-preview":"max-image-preview:large","max-video-preview":"max-video-preview:-1"},"canonical":"https:\/\/blog.panrotas.com.br\/b2btech\/2010\/12\/08\/geracao-3d-dispersa-desfocada-e-distraida\/","og_locale":"pt_BR","og_type":"article","og_title":"Gera\u00e7\u00e3o 3D: dispersa, desfocada e distra\u00edda? - B2btech","og_description":"H\u00e1 um embate mudo no ar. Gustavo, Sidney, Mauricio, Vivi\u00e2nne e eu, j\u00e1 postamos sobre a nova gera\u00e7\u00e3o de profissionais, com abordagens que mostram vantagens e desvantagens desses novos trabalhadores, para as empresas e para eles mesmos. Travo, volta e meia, di\u00e1logos estimulantes com meu filho, Vabo Jr., leg\u00edtimo integrante dessa nova gera\u00e7\u00e3o, sobre as&hellip; Continue reading &rarr;","og_url":"https:\/\/blog.panrotas.com.br\/b2btech\/2010\/12\/08\/geracao-3d-dispersa-desfocada-e-distraida\/","og_site_name":"B2btech","article_published_time":"2010-12-08T04:34:10+00:00","twitter_card":"summary_large_image","twitter_misc":{"Escrito por":"Lu\u00eds Vabo","Est. tempo de leitura":"3 minutos"},"schema":{"@context":"https:\/\/schema.org","@graph":[{"@type":"WebSite","@id":"https:\/\/blog.panrotas.com.br\/b2btech\/#website","url":"https:\/\/blog.panrotas.com.br\/b2btech\/","name":"B2btech","description":"Blogosfera PANROTAS","potentialAction":[{"@type":"SearchAction","target":{"@type":"EntryPoint","urlTemplate":"https:\/\/blog.panrotas.com.br\/b2btech\/?s={search_term_string}"},"query-input":"required name=search_term_string"}],"inLanguage":"pt-BR"},{"@type":"WebPage","@id":"https:\/\/blog.panrotas.com.br\/b2btech\/2010\/12\/08\/geracao-3d-dispersa-desfocada-e-distraida\/#webpage","url":"https:\/\/blog.panrotas.com.br\/b2btech\/2010\/12\/08\/geracao-3d-dispersa-desfocada-e-distraida\/","name":"Gera\u00e7\u00e3o 3D: dispersa, desfocada e distra\u00edda? - B2btech","isPartOf":{"@id":"https:\/\/blog.panrotas.com.br\/b2btech\/#website"},"datePublished":"2010-12-08T04:34:10+00:00","dateModified":"2010-12-08T04:34:10+00:00","author":{"@id":"https:\/\/blog.panrotas.com.br\/b2btech\/#\/schema\/person\/2d58abeacbdf1a9b93993c7f1b7406d6"},"breadcrumb":{"@id":"https:\/\/blog.panrotas.com.br\/b2btech\/2010\/12\/08\/geracao-3d-dispersa-desfocada-e-distraida\/#breadcrumb"},"inLanguage":"pt-BR","potentialAction":[{"@type":"ReadAction","target":["https:\/\/blog.panrotas.com.br\/b2btech\/2010\/12\/08\/geracao-3d-dispersa-desfocada-e-distraida\/"]}]},{"@type":"BreadcrumbList","@id":"https:\/\/blog.panrotas.com.br\/b2btech\/2010\/12\/08\/geracao-3d-dispersa-desfocada-e-distraida\/#breadcrumb","itemListElement":[{"@type":"ListItem","position":1,"name":"In\u00edcio","item":"https:\/\/blog.panrotas.com.br\/b2btech\/"},{"@type":"ListItem","position":2,"name":"Gera\u00e7\u00e3o 3D: dispersa, desfocada e distra\u00edda?"}]},{"@type":"Person","@id":"https:\/\/blog.panrotas.com.br\/b2btech\/#\/schema\/person\/2d58abeacbdf1a9b93993c7f1b7406d6","name":"Lu\u00eds Vabo","image":{"@type":"ImageObject","@id":"https:\/\/blog.panrotas.com.br\/b2btech\/#personlogo","inLanguage":"pt-BR","url":"https:\/\/secure.gravatar.com\/avatar\/66c6e91231deb293ea586f1325cdda96?s=96&d=mm&r=g","contentUrl":"https:\/\/secure.gravatar.com\/avatar\/66c6e91231deb293ea586f1325cdda96?s=96&d=mm&r=g","caption":"Lu\u00eds Vabo"},"description":"Entusiasta da inova\u00e7\u00e3o, do empreendedorismo e da alta performance, adepto da vida saud\u00e1vel, dos amigos e da fam\u00edlia, obstinado, volunt\u00e1rio, esportista e apaixonado. S\u00f3cio-CEO Reserve Systems \ud83d\udcca S\u00f3cio-fundador Solid Gest\u00e3o \ud83d\udcc8 S\u00f3cio-CFO MyView Drones \ud83d\ude81 S\u00f3cio Link School of Business \ud83c\udf93 Conselheiro Abracorp \u2708\ufe0f","sameAs":["http:\/\/www.reserve.com.br"],"url":"https:\/\/blog.panrotas.com.br\/b2btech\/author\/luisvabo\/"}]}},"jetpack_featured_media_url":"","_links":{"self":[{"href":"https:\/\/blog.panrotas.com.br\/b2btech\/wp-json\/wp\/v2\/posts\/308"}],"collection":[{"href":"https:\/\/blog.panrotas.com.br\/b2btech\/wp-json\/wp\/v2\/posts"}],"about":[{"href":"https:\/\/blog.panrotas.com.br\/b2btech\/wp-json\/wp\/v2\/types\/post"}],"author":[{"embeddable":true,"href":"https:\/\/blog.panrotas.com.br\/b2btech\/wp-json\/wp\/v2\/users\/11"}],"replies":[{"embeddable":true,"href":"https:\/\/blog.panrotas.com.br\/b2btech\/wp-json\/wp\/v2\/comments?post=308"}],"version-history":[{"count":0,"href":"https:\/\/blog.panrotas.com.br\/b2btech\/wp-json\/wp\/v2\/posts\/308\/revisions"}],"wp:attachment":[{"href":"https:\/\/blog.panrotas.com.br\/b2btech\/wp-json\/wp\/v2\/media?parent=308"}],"wp:term":[{"taxonomy":"category","embeddable":true,"href":"https:\/\/blog.panrotas.com.br\/b2btech\/wp-json\/wp\/v2\/categories?post=308"},{"taxonomy":"post_tag","embeddable":true,"href":"https:\/\/blog.panrotas.com.br\/b2btech\/wp-json\/wp\/v2\/tags?post=308"}],"curies":[{"name":"wp","href":"https:\/\/api.w.org\/{rel}","templated":true}]}}