{"id":4164,"date":"2014-09-17T01:34:31","date_gmt":"2014-09-17T04:34:31","guid":{"rendered":"http:\/\/blog.panrotas.com.br\/distribuindoviagens\/?p=4164"},"modified":"2014-09-17T01:34:31","modified_gmt":"2014-09-17T04:34:31","slug":"o-que-recomendo-na-abav-expo","status":"publish","type":"post","link":"https:\/\/blog.panrotas.com.br\/b2btech\/2014\/09\/17\/o-que-recomendo-na-abav-expo\/","title":{"rendered":"O QUE RECOMENDO NA ABAV EXPO&#8230;"},"content":{"rendered":"<p>Interessante a mudan\u00e7a do nome da feira, uma busca da internacionaliza\u00e7\u00e3o (Exposition) sem perder suas origens (Exposi\u00e7\u00e3o).<\/p>\n<p>A ideia da Feira da ABAV sempre foi buscar o viajante de lazer, do Brasil e do exterior, resultado do quanto a ABAV \u00e9 focada nas ag\u00eancias de viagens e turismo.<\/p>\n<p>Por isso, nada mais natural (e at\u00e9 demorou a cair essa ficha) do espa\u00e7o da Braztoa dentro da ABAV Expo, tudo a ver, economiza-se em eventos, fortalece-se o segmento e concentra-se esfor\u00e7os com prov\u00e1veis melhores resultados.<\/p>\n<p>Outro acerto tem sido a Ilha Corporativa da Abracorp (exceto o nome &#8220;ilha&#8221;, que denota separa\u00e7\u00e3o, isolamento, o oposto da proposta de aproxima\u00e7\u00e3o das TMCs &#8211; Travel Management Companies, do mercado), mas a ideia de um espa\u00e7o dedicado \u00e0 especializa\u00e7\u00e3o da gest\u00e3o de viagens corporativas, dentro da ABAV Expo, \u00e9 mesmo vencedora, tamanha a quantidade de expositores interessados em participar do espa\u00e7o, o que levou os organizadores a dobrar sua capacidade este ano.<\/p>\n<p>A primeira edi\u00e7\u00e3o, ainda no Riocentro em 2012, funcionou como um bal\u00e3o de ensaio, bem sucedido apesar da proposta de um ambiente fechado, exclusivo para os &#8220;hosted buyers&#8221; e associados Abracorp (talvez venha da\u00ed o nome &#8220;Ilha&#8221;), conceito devidamente revisado j\u00e1 no ano seguinte, no Anhembi em 2013, quando o espa\u00e7o, aberto e democr\u00e1tico, foi um verdadeiro sucesso de expositores, de p\u00fablico e de neg\u00f3cios, sempre com o importante apoio e patroc\u00ednio da Gol.<\/p>\n<p>Este ano, tudo indica que a Abracorp far\u00e1 bonito outra vez, com prometidos 1.000 &#8220;hosted buyers&#8221; convidados das 32 ag\u00eancias de gest\u00e3o de viagens corporativas associadas, que visitar\u00e3o toda a ABAV Expo e, em especial, a &#8220;Ilha&#8221; Corporativa Abracorp, onde cerca de 30 expositores (cias. a\u00e9reas, hot\u00e9is e outros servi\u00e7os, sobretudo os de tecnologia para gest\u00e3o de viagens corporativas) mostrar\u00e3o novidades e promo\u00e7\u00f5es exclusivas para a ABAV Expo.<\/p>\n<p>A Vila do Saber \u00e9 outra iniciativa que tem melhorado a cada ano e, nesta edi\u00e7\u00e3o, convido-os a assistir ao painel:<\/p>\n<p><strong>Debate: Sustentabilidade, Certifica\u00e7\u00f5es e o Agenciamento de Viagens<\/strong><\/p>\n<p>Quarta-Feira, 24\/09\/14, na Sala 06, das 10:30h \u00e0s 12:00h<\/p>\n<p>Debate sobre os reais resultados dos processos de certfica\u00e7\u00e3o de qualidade e sustentabilidade para os agentes e seus clientes corporativos, moderado pelo maior especialista brasileiro no assunto, o Jo\u00e3o Carlos Noronha, com quem contribuirei como debatedor, baseado na trajet\u00f3ria da Solid Corporate Travel, certificada ISO 9001:2008 desde 2010, e que tem ZERO incid\u00eancia de &#8220;N\u00e3o Conformidades&#8221; em todas as Auditorias de recertifica\u00e7\u00e3o.<\/p>\n<p>Outro painel que destaco e indico na Vila do Saber:<\/p>\n<p><strong>Mobilidade &amp; TI: At\u00e9 que Ponto a Tecnologia \u00e9 o Real Diferencial Competitivo?<\/strong><\/p>\n<p>Quinta-Feira, 25\/09\/14, na Sala 06, das 16:00h \u00e0s 17:00h<\/p>\n<p>Debate sobre a evolu\u00e7\u00e3o tecnol\u00f3gica no setor, abordando os riscos e benef\u00edcios das inova\u00e7\u00f5es para TMCs e Clientes, moderado pelo Tadeu Cunha, Diretor de Neg\u00f3cios Travel do Reserve, Conselheiro da Alagev e Coordenador do Comit\u00ea de Tecnologia e Inova\u00e7\u00e3o da Abracorp e Alagev.<\/p>\n<p>Meu resumo da \u00f3pera sobre o que ser\u00e1 esta ABAV Expo: Braztoa, Abracorp, Vila do Saber e a participa\u00e7\u00e3o ativa do Ministro do Turismo j\u00e1 valem o ingresso.<\/p>\n<p>\u00daltima dica: n\u00e3o deixe de visitar a Ilha Corporativa Abracorp.<\/p>\n<p>Boas novidades aguardam voc\u00ea l\u00e1.<\/p>\n<p>.<\/p>\n","protected":false},"excerpt":{"rendered":"<p>Interessante a mudan\u00e7a do nome da feira, uma busca da internacionaliza\u00e7\u00e3o (Exposition) sem perder suas origens (Exposi\u00e7\u00e3o). A ideia da Feira da ABAV sempre foi buscar o viajante de lazer, do Brasil e do exterior, resultado do quanto a ABAV \u00e9 focada nas ag\u00eancias de viagens e turismo. Por isso, nada mais natural (e at\u00e9&hellip; <a class=\"more-link\" href=\"https:\/\/blog.panrotas.com.br\/b2btech\/2014\/09\/17\/o-que-recomendo-na-abav-expo\/\">Continue reading &rarr;<\/a><\/p>\n","protected":false},"author":11,"featured_media":0,"comment_status":"open","ping_status":"open","sticky":false,"template":"","format":"standard","meta":{"spay_email":""},"categories":[8],"tags":[],"yoast_head":"<!-- This site is optimized with the Yoast SEO plugin v17.3 - https:\/\/yoast.com\/wordpress\/plugins\/seo\/ -->\n<title>O QUE RECOMENDO NA ABAV EXPO... - B2btech<\/title>\n<meta name=\"robots\" content=\"index, follow, max-snippet:-1, max-image-preview:large, max-video-preview:-1\" \/>\n<link rel=\"canonical\" href=\"https:\/\/blog.panrotas.com.br\/b2btech\/2014\/09\/17\/o-que-recomendo-na-abav-expo\/\" \/>\n<meta property=\"og:locale\" content=\"pt_BR\" \/>\n<meta property=\"og:type\" content=\"article\" \/>\n<meta property=\"og:title\" content=\"O QUE RECOMENDO NA ABAV EXPO... - B2btech\" \/>\n<meta property=\"og:description\" content=\"Interessante a mudan\u00e7a do nome da feira, uma busca da internacionaliza\u00e7\u00e3o (Exposition) sem perder suas origens (Exposi\u00e7\u00e3o). A ideia da Feira da ABAV sempre foi buscar o viajante de lazer, do Brasil e do exterior, resultado do quanto a ABAV \u00e9 focada nas ag\u00eancias de viagens e turismo. Por isso, nada mais natural (e at\u00e9&hellip; Continue reading &rarr;\" \/>\n<meta property=\"og:url\" content=\"https:\/\/blog.panrotas.com.br\/b2btech\/2014\/09\/17\/o-que-recomendo-na-abav-expo\/\" \/>\n<meta property=\"og:site_name\" content=\"B2btech\" \/>\n<meta property=\"article:published_time\" content=\"2014-09-17T04:34:31+00:00\" \/>\n<meta name=\"twitter:card\" content=\"summary_large_image\" \/>\n<meta name=\"twitter:label1\" content=\"Escrito por\" \/>\n\t<meta name=\"twitter:data1\" content=\"Lu\u00eds Vabo\" \/>\n\t<meta name=\"twitter:label2\" content=\"Est. tempo de leitura\" \/>\n\t<meta name=\"twitter:data2\" content=\"3 minutos\" \/>\n<script type=\"application\/ld+json\" class=\"yoast-schema-graph\">{\"@context\":\"https:\/\/schema.org\",\"@graph\":[{\"@type\":\"WebSite\",\"@id\":\"https:\/\/blog.panrotas.com.br\/b2btech\/#website\",\"url\":\"https:\/\/blog.panrotas.com.br\/b2btech\/\",\"name\":\"B2btech\",\"description\":\"Blogosfera PANROTAS\",\"potentialAction\":[{\"@type\":\"SearchAction\",\"target\":{\"@type\":\"EntryPoint\",\"urlTemplate\":\"https:\/\/blog.panrotas.com.br\/b2btech\/?s={search_term_string}\"},\"query-input\":\"required name=search_term_string\"}],\"inLanguage\":\"pt-BR\"},{\"@type\":\"WebPage\",\"@id\":\"https:\/\/blog.panrotas.com.br\/b2btech\/2014\/09\/17\/o-que-recomendo-na-abav-expo\/#webpage\",\"url\":\"https:\/\/blog.panrotas.com.br\/b2btech\/2014\/09\/17\/o-que-recomendo-na-abav-expo\/\",\"name\":\"O QUE RECOMENDO NA ABAV EXPO... - B2btech\",\"isPartOf\":{\"@id\":\"https:\/\/blog.panrotas.com.br\/b2btech\/#website\"},\"datePublished\":\"2014-09-17T04:34:31+00:00\",\"dateModified\":\"2014-09-17T04:34:31+00:00\",\"author\":{\"@id\":\"https:\/\/blog.panrotas.com.br\/b2btech\/#\/schema\/person\/2d58abeacbdf1a9b93993c7f1b7406d6\"},\"breadcrumb\":{\"@id\":\"https:\/\/blog.panrotas.com.br\/b2btech\/2014\/09\/17\/o-que-recomendo-na-abav-expo\/#breadcrumb\"},\"inLanguage\":\"pt-BR\",\"potentialAction\":[{\"@type\":\"ReadAction\",\"target\":[\"https:\/\/blog.panrotas.com.br\/b2btech\/2014\/09\/17\/o-que-recomendo-na-abav-expo\/\"]}]},{\"@type\":\"BreadcrumbList\",\"@id\":\"https:\/\/blog.panrotas.com.br\/b2btech\/2014\/09\/17\/o-que-recomendo-na-abav-expo\/#breadcrumb\",\"itemListElement\":[{\"@type\":\"ListItem\",\"position\":1,\"name\":\"In\\u00edcio\",\"item\":\"https:\/\/blog.panrotas.com.br\/b2btech\/\"},{\"@type\":\"ListItem\",\"position\":2,\"name\":\"O QUE RECOMENDO NA ABAV EXPO&#8230;\"}]},{\"@type\":\"Person\",\"@id\":\"https:\/\/blog.panrotas.com.br\/b2btech\/#\/schema\/person\/2d58abeacbdf1a9b93993c7f1b7406d6\",\"name\":\"Lu\\u00eds Vabo\",\"image\":{\"@type\":\"ImageObject\",\"@id\":\"https:\/\/blog.panrotas.com.br\/b2btech\/#personlogo\",\"inLanguage\":\"pt-BR\",\"url\":\"https:\/\/secure.gravatar.com\/avatar\/66c6e91231deb293ea586f1325cdda96?s=96&d=mm&r=g\",\"contentUrl\":\"https:\/\/secure.gravatar.com\/avatar\/66c6e91231deb293ea586f1325cdda96?s=96&d=mm&r=g\",\"caption\":\"Lu\\u00eds Vabo\"},\"description\":\"Entusiasta da inova\\u00e7\\u00e3o, do empreendedorismo e da alta performance, adepto da vida saud\\u00e1vel, dos amigos e da fam\\u00edlia, obstinado, volunt\\u00e1rio, esportista e apaixonado. S\\u00f3cio-CEO Reserve Systems \\ud83d\\udcca S\\u00f3cio-fundador Solid Gest\\u00e3o \\ud83d\\udcc8 S\\u00f3cio-CFO MyView Drones \\ud83d\\ude81 S\\u00f3cio Link School of Business \\ud83c\\udf93 Conselheiro Abracorp \\u2708\\ufe0f\",\"sameAs\":[\"http:\/\/www.reserve.com.br\"],\"url\":\"https:\/\/blog.panrotas.com.br\/b2btech\/author\/luisvabo\/\"}]}<\/script>\n<!-- \/ Yoast SEO plugin. -->","yoast_head_json":{"title":"O QUE RECOMENDO NA ABAV EXPO... - B2btech","robots":{"index":"index","follow":"follow","max-snippet":"max-snippet:-1","max-image-preview":"max-image-preview:large","max-video-preview":"max-video-preview:-1"},"canonical":"https:\/\/blog.panrotas.com.br\/b2btech\/2014\/09\/17\/o-que-recomendo-na-abav-expo\/","og_locale":"pt_BR","og_type":"article","og_title":"O QUE RECOMENDO NA ABAV EXPO... - B2btech","og_description":"Interessante a mudan\u00e7a do nome da feira, uma busca da internacionaliza\u00e7\u00e3o (Exposition) sem perder suas origens (Exposi\u00e7\u00e3o). A ideia da Feira da ABAV sempre foi buscar o viajante de lazer, do Brasil e do exterior, resultado do quanto a ABAV \u00e9 focada nas ag\u00eancias de viagens e turismo. Por isso, nada mais natural (e at\u00e9&hellip; Continue reading &rarr;","og_url":"https:\/\/blog.panrotas.com.br\/b2btech\/2014\/09\/17\/o-que-recomendo-na-abav-expo\/","og_site_name":"B2btech","article_published_time":"2014-09-17T04:34:31+00:00","twitter_card":"summary_large_image","twitter_misc":{"Escrito por":"Lu\u00eds Vabo","Est. tempo de leitura":"3 minutos"},"schema":{"@context":"https:\/\/schema.org","@graph":[{"@type":"WebSite","@id":"https:\/\/blog.panrotas.com.br\/b2btech\/#website","url":"https:\/\/blog.panrotas.com.br\/b2btech\/","name":"B2btech","description":"Blogosfera PANROTAS","potentialAction":[{"@type":"SearchAction","target":{"@type":"EntryPoint","urlTemplate":"https:\/\/blog.panrotas.com.br\/b2btech\/?s={search_term_string}"},"query-input":"required name=search_term_string"}],"inLanguage":"pt-BR"},{"@type":"WebPage","@id":"https:\/\/blog.panrotas.com.br\/b2btech\/2014\/09\/17\/o-que-recomendo-na-abav-expo\/#webpage","url":"https:\/\/blog.panrotas.com.br\/b2btech\/2014\/09\/17\/o-que-recomendo-na-abav-expo\/","name":"O QUE RECOMENDO NA ABAV EXPO... - B2btech","isPartOf":{"@id":"https:\/\/blog.panrotas.com.br\/b2btech\/#website"},"datePublished":"2014-09-17T04:34:31+00:00","dateModified":"2014-09-17T04:34:31+00:00","author":{"@id":"https:\/\/blog.panrotas.com.br\/b2btech\/#\/schema\/person\/2d58abeacbdf1a9b93993c7f1b7406d6"},"breadcrumb":{"@id":"https:\/\/blog.panrotas.com.br\/b2btech\/2014\/09\/17\/o-que-recomendo-na-abav-expo\/#breadcrumb"},"inLanguage":"pt-BR","potentialAction":[{"@type":"ReadAction","target":["https:\/\/blog.panrotas.com.br\/b2btech\/2014\/09\/17\/o-que-recomendo-na-abav-expo\/"]}]},{"@type":"BreadcrumbList","@id":"https:\/\/blog.panrotas.com.br\/b2btech\/2014\/09\/17\/o-que-recomendo-na-abav-expo\/#breadcrumb","itemListElement":[{"@type":"ListItem","position":1,"name":"In\u00edcio","item":"https:\/\/blog.panrotas.com.br\/b2btech\/"},{"@type":"ListItem","position":2,"name":"O QUE RECOMENDO NA ABAV EXPO&#8230;"}]},{"@type":"Person","@id":"https:\/\/blog.panrotas.com.br\/b2btech\/#\/schema\/person\/2d58abeacbdf1a9b93993c7f1b7406d6","name":"Lu\u00eds Vabo","image":{"@type":"ImageObject","@id":"https:\/\/blog.panrotas.com.br\/b2btech\/#personlogo","inLanguage":"pt-BR","url":"https:\/\/secure.gravatar.com\/avatar\/66c6e91231deb293ea586f1325cdda96?s=96&d=mm&r=g","contentUrl":"https:\/\/secure.gravatar.com\/avatar\/66c6e91231deb293ea586f1325cdda96?s=96&d=mm&r=g","caption":"Lu\u00eds Vabo"},"description":"Entusiasta da inova\u00e7\u00e3o, do empreendedorismo e da alta performance, adepto da vida saud\u00e1vel, dos amigos e da fam\u00edlia, obstinado, volunt\u00e1rio, esportista e apaixonado. S\u00f3cio-CEO Reserve Systems \ud83d\udcca S\u00f3cio-fundador Solid Gest\u00e3o \ud83d\udcc8 S\u00f3cio-CFO MyView Drones \ud83d\ude81 S\u00f3cio Link School of Business \ud83c\udf93 Conselheiro Abracorp \u2708\ufe0f","sameAs":["http:\/\/www.reserve.com.br"],"url":"https:\/\/blog.panrotas.com.br\/b2btech\/author\/luisvabo\/"}]}},"jetpack_featured_media_url":"","_links":{"self":[{"href":"https:\/\/blog.panrotas.com.br\/b2btech\/wp-json\/wp\/v2\/posts\/4164"}],"collection":[{"href":"https:\/\/blog.panrotas.com.br\/b2btech\/wp-json\/wp\/v2\/posts"}],"about":[{"href":"https:\/\/blog.panrotas.com.br\/b2btech\/wp-json\/wp\/v2\/types\/post"}],"author":[{"embeddable":true,"href":"https:\/\/blog.panrotas.com.br\/b2btech\/wp-json\/wp\/v2\/users\/11"}],"replies":[{"embeddable":true,"href":"https:\/\/blog.panrotas.com.br\/b2btech\/wp-json\/wp\/v2\/comments?post=4164"}],"version-history":[{"count":0,"href":"https:\/\/blog.panrotas.com.br\/b2btech\/wp-json\/wp\/v2\/posts\/4164\/revisions"}],"wp:attachment":[{"href":"https:\/\/blog.panrotas.com.br\/b2btech\/wp-json\/wp\/v2\/media?parent=4164"}],"wp:term":[{"taxonomy":"category","embeddable":true,"href":"https:\/\/blog.panrotas.com.br\/b2btech\/wp-json\/wp\/v2\/categories?post=4164"},{"taxonomy":"post_tag","embeddable":true,"href":"https:\/\/blog.panrotas.com.br\/b2btech\/wp-json\/wp\/v2\/tags?post=4164"}],"curies":[{"name":"wp","href":"https:\/\/api.w.org\/{rel}","templated":true}]}}