{"id":493,"date":"2011-04-25T09:54:48","date_gmt":"2011-04-25T12:54:48","guid":{"rendered":"http:\/\/blog.panrotas.com.br\/distribuindoviagens\/?p=493"},"modified":"2011-04-25T09:54:48","modified_gmt":"2011-04-25T12:54:48","slug":"3-blogueiros-no-forum-de-viagens-corporativas-em-campinas","status":"publish","type":"post","link":"https:\/\/blog.panrotas.com.br\/b2btech\/2011\/04\/25\/3-blogueiros-no-forum-de-viagens-corporativas-em-campinas\/","title":{"rendered":"3 Blogueiros no F\u00f3rum de Viagens Corporativas, em Campinas"},"content":{"rendered":"<p>Quando Walter Nery, da Terra Turismo, ag\u00eancia de viagens corporativas de Belo Horizonte, promoveu em 2010 o 1o. F\u00f3rum Mineiro de Viagens Corporativas, evento de um dia com palestras e debates sobre gest\u00e3o, tecnologia, pr\u00e1ticas, processos e solu\u00e7\u00f5es relacionadas ao tema, mostrou na pr\u00e1tica que h\u00e1 espa\u00e7o para eventos deste tipo fora do eixo Rio\/S\u00e3o Paulo.<\/p>\n<p>Outras importantes ag\u00eancias de viagens tem se interessado em reproduzir o modelo em suas cidades, como Porto Alegre e Bras\u00edlia, e, com investimento pr\u00f3prio, divulgar a import\u00e2ncia da gest\u00e3o de viagens corporativas entre as empresas de sua cidade e, ao mesmo tempo, associar sua marca em sua regi\u00e3o de abrang\u00eancia.<\/p>\n<p>Mas ser\u00e1 a <strong>Costa Brava<\/strong>, de Campinas, a ag\u00eancia a promover um f\u00f3rum focado no mercado local, o <strong><a title=\"1o. F\u00f3rum Costa Brava de Gest\u00e3o de Viagens Corporativas\" href=\"http:\/\/www.wix.com\/forumcostabrava\/forumcostabrava#\" target=\"_blank\" rel=\"noopener noreferrer\">1o. F\u00f3rum Costa Brava de Gest\u00e3o de Viagens Corporativas<\/a><\/strong>, apresentando debates sobre assuntos do interesse de todos os <em>players<\/em> da sua regi\u00e3o, refor\u00e7ando mais uma vez, a for\u00e7a econ\u00f4mica do interior.<\/p>\n<p>Entre os palestrantes, 3 blogueiros do Panrotas (Vivi\u00e2nne Martins, Sidney Alonso e eu), participar\u00e3o com apresenta\u00e7\u00f5es relacionadas \u00e0s suas \u00e1reas de atua\u00e7\u00e3o, gest\u00e3o de viagens, viagens de incentivo e tecnologia para gest\u00e3o de viagens, respectivamente.<\/p>\n<p>David Neeleman e Pedro Janot, da Azul, Luis Norberto Paschoal, da DPaschoal, Marcio Feitosa, da TX, Ant\u00f4nio P\u00e1dua Teixeira, da Funda\u00e7\u00e3o Dom Cabral e Antonio Dias, do Royal Palm Plaza, tamb\u00e9m contribuir\u00e3o como palestrantes, cabendo aos anfitri\u00f5es, Mauro e Rubens Schwartzmann, as palestras de abertura e encerramento.<\/p>\n<p>Um evento que promete discuss\u00f5es sobre temas importantes, numa \u00e1rea que est\u00e1 em constante muta\u00e7\u00e3o, dever\u00e1 atrair <em>travel managers<\/em>, gerentes de <em>procurement<\/em>, gestores de contratos, especialistas em compras, entre outros profissionais com poder de decis\u00e3o e formadores de opini\u00e3o.<\/p>\n<p>Para quem n\u00e3o puder comparecer ao evento, nesta 3a. feira 26\/04, no Royal Palm Plaza em Campinas, recomendo acompanhar a cobertura do Portal Panrotas e dos Blogs Panrotas.<\/p>\n<p>.<\/p>\n","protected":false},"excerpt":{"rendered":"<p>Quando Walter Nery, da Terra Turismo, ag\u00eancia de viagens corporativas de Belo Horizonte, promoveu em 2010 o 1o. F\u00f3rum Mineiro de Viagens Corporativas, evento de um dia com palestras e debates sobre gest\u00e3o, tecnologia, pr\u00e1ticas, processos e solu\u00e7\u00f5es relacionadas ao tema, mostrou na pr\u00e1tica que h\u00e1 espa\u00e7o para eventos deste tipo fora do eixo Rio\/S\u00e3o&hellip; <a class=\"more-link\" href=\"https:\/\/blog.panrotas.com.br\/b2btech\/2011\/04\/25\/3-blogueiros-no-forum-de-viagens-corporativas-em-campinas\/\">Continue reading &rarr;<\/a><\/p>\n","protected":false},"author":11,"featured_media":0,"comment_status":"open","ping_status":"open","sticky":false,"template":"","format":"standard","meta":{"spay_email":""},"categories":[8],"tags":[],"yoast_head":"<!-- This site is optimized with the Yoast SEO plugin v17.3 - https:\/\/yoast.com\/wordpress\/plugins\/seo\/ -->\n<title>3 Blogueiros no F\u00f3rum de Viagens Corporativas, em Campinas - B2btech<\/title>\n<meta name=\"robots\" content=\"index, follow, max-snippet:-1, max-image-preview:large, max-video-preview:-1\" \/>\n<link rel=\"canonical\" href=\"https:\/\/blog.panrotas.com.br\/b2btech\/2011\/04\/25\/3-blogueiros-no-forum-de-viagens-corporativas-em-campinas\/\" \/>\n<meta property=\"og:locale\" content=\"pt_BR\" \/>\n<meta property=\"og:type\" content=\"article\" \/>\n<meta property=\"og:title\" content=\"3 Blogueiros no F\u00f3rum de Viagens Corporativas, em Campinas - B2btech\" \/>\n<meta property=\"og:description\" content=\"Quando Walter Nery, da Terra Turismo, ag\u00eancia de viagens corporativas de Belo Horizonte, promoveu em 2010 o 1o. F\u00f3rum Mineiro de Viagens Corporativas, evento de um dia com palestras e debates sobre gest\u00e3o, tecnologia, pr\u00e1ticas, processos e solu\u00e7\u00f5es relacionadas ao tema, mostrou na pr\u00e1tica que h\u00e1 espa\u00e7o para eventos deste tipo fora do eixo Rio\/S\u00e3o&hellip; Continue reading &rarr;\" \/>\n<meta property=\"og:url\" content=\"https:\/\/blog.panrotas.com.br\/b2btech\/2011\/04\/25\/3-blogueiros-no-forum-de-viagens-corporativas-em-campinas\/\" \/>\n<meta property=\"og:site_name\" content=\"B2btech\" \/>\n<meta property=\"article:published_time\" content=\"2011-04-25T12:54:48+00:00\" \/>\n<meta name=\"twitter:card\" content=\"summary_large_image\" \/>\n<meta name=\"twitter:label1\" content=\"Escrito por\" \/>\n\t<meta name=\"twitter:data1\" content=\"Lu\u00eds Vabo\" \/>\n\t<meta name=\"twitter:label2\" content=\"Est. tempo de leitura\" \/>\n\t<meta name=\"twitter:data2\" content=\"2 minutos\" \/>\n<script type=\"application\/ld+json\" class=\"yoast-schema-graph\">{\"@context\":\"https:\/\/schema.org\",\"@graph\":[{\"@type\":\"WebSite\",\"@id\":\"https:\/\/blog.panrotas.com.br\/b2btech\/#website\",\"url\":\"https:\/\/blog.panrotas.com.br\/b2btech\/\",\"name\":\"B2btech\",\"description\":\"Blogosfera PANROTAS\",\"potentialAction\":[{\"@type\":\"SearchAction\",\"target\":{\"@type\":\"EntryPoint\",\"urlTemplate\":\"https:\/\/blog.panrotas.com.br\/b2btech\/?s={search_term_string}\"},\"query-input\":\"required name=search_term_string\"}],\"inLanguage\":\"pt-BR\"},{\"@type\":\"WebPage\",\"@id\":\"https:\/\/blog.panrotas.com.br\/b2btech\/2011\/04\/25\/3-blogueiros-no-forum-de-viagens-corporativas-em-campinas\/#webpage\",\"url\":\"https:\/\/blog.panrotas.com.br\/b2btech\/2011\/04\/25\/3-blogueiros-no-forum-de-viagens-corporativas-em-campinas\/\",\"name\":\"3 Blogueiros no F\\u00f3rum de Viagens Corporativas, em Campinas - B2btech\",\"isPartOf\":{\"@id\":\"https:\/\/blog.panrotas.com.br\/b2btech\/#website\"},\"datePublished\":\"2011-04-25T12:54:48+00:00\",\"dateModified\":\"2011-04-25T12:54:48+00:00\",\"author\":{\"@id\":\"https:\/\/blog.panrotas.com.br\/b2btech\/#\/schema\/person\/2d58abeacbdf1a9b93993c7f1b7406d6\"},\"breadcrumb\":{\"@id\":\"https:\/\/blog.panrotas.com.br\/b2btech\/2011\/04\/25\/3-blogueiros-no-forum-de-viagens-corporativas-em-campinas\/#breadcrumb\"},\"inLanguage\":\"pt-BR\",\"potentialAction\":[{\"@type\":\"ReadAction\",\"target\":[\"https:\/\/blog.panrotas.com.br\/b2btech\/2011\/04\/25\/3-blogueiros-no-forum-de-viagens-corporativas-em-campinas\/\"]}]},{\"@type\":\"BreadcrumbList\",\"@id\":\"https:\/\/blog.panrotas.com.br\/b2btech\/2011\/04\/25\/3-blogueiros-no-forum-de-viagens-corporativas-em-campinas\/#breadcrumb\",\"itemListElement\":[{\"@type\":\"ListItem\",\"position\":1,\"name\":\"In\\u00edcio\",\"item\":\"https:\/\/blog.panrotas.com.br\/b2btech\/\"},{\"@type\":\"ListItem\",\"position\":2,\"name\":\"3 Blogueiros no F\\u00f3rum de Viagens Corporativas, em Campinas\"}]},{\"@type\":\"Person\",\"@id\":\"https:\/\/blog.panrotas.com.br\/b2btech\/#\/schema\/person\/2d58abeacbdf1a9b93993c7f1b7406d6\",\"name\":\"Lu\\u00eds Vabo\",\"image\":{\"@type\":\"ImageObject\",\"@id\":\"https:\/\/blog.panrotas.com.br\/b2btech\/#personlogo\",\"inLanguage\":\"pt-BR\",\"url\":\"https:\/\/secure.gravatar.com\/avatar\/66c6e91231deb293ea586f1325cdda96?s=96&d=mm&r=g\",\"contentUrl\":\"https:\/\/secure.gravatar.com\/avatar\/66c6e91231deb293ea586f1325cdda96?s=96&d=mm&r=g\",\"caption\":\"Lu\\u00eds Vabo\"},\"description\":\"Entusiasta da inova\\u00e7\\u00e3o, do empreendedorismo e da alta performance, adepto da vida saud\\u00e1vel, dos amigos e da fam\\u00edlia, obstinado, volunt\\u00e1rio, esportista e apaixonado. S\\u00f3cio-CEO Reserve Systems \\ud83d\\udcca S\\u00f3cio-fundador Solid Gest\\u00e3o \\ud83d\\udcc8 S\\u00f3cio-CFO MyView Drones \\ud83d\\ude81 S\\u00f3cio Link School of Business \\ud83c\\udf93 Conselheiro Abracorp \\u2708\\ufe0f\",\"sameAs\":[\"http:\/\/www.reserve.com.br\"],\"url\":\"https:\/\/blog.panrotas.com.br\/b2btech\/author\/luisvabo\/\"}]}<\/script>\n<!-- \/ Yoast SEO plugin. -->","yoast_head_json":{"title":"3 Blogueiros no F\u00f3rum de Viagens Corporativas, em Campinas - B2btech","robots":{"index":"index","follow":"follow","max-snippet":"max-snippet:-1","max-image-preview":"max-image-preview:large","max-video-preview":"max-video-preview:-1"},"canonical":"https:\/\/blog.panrotas.com.br\/b2btech\/2011\/04\/25\/3-blogueiros-no-forum-de-viagens-corporativas-em-campinas\/","og_locale":"pt_BR","og_type":"article","og_title":"3 Blogueiros no F\u00f3rum de Viagens Corporativas, em Campinas - B2btech","og_description":"Quando Walter Nery, da Terra Turismo, ag\u00eancia de viagens corporativas de Belo Horizonte, promoveu em 2010 o 1o. F\u00f3rum Mineiro de Viagens Corporativas, evento de um dia com palestras e debates sobre gest\u00e3o, tecnologia, pr\u00e1ticas, processos e solu\u00e7\u00f5es relacionadas ao tema, mostrou na pr\u00e1tica que h\u00e1 espa\u00e7o para eventos deste tipo fora do eixo Rio\/S\u00e3o&hellip; Continue reading &rarr;","og_url":"https:\/\/blog.panrotas.com.br\/b2btech\/2011\/04\/25\/3-blogueiros-no-forum-de-viagens-corporativas-em-campinas\/","og_site_name":"B2btech","article_published_time":"2011-04-25T12:54:48+00:00","twitter_card":"summary_large_image","twitter_misc":{"Escrito por":"Lu\u00eds Vabo","Est. tempo de leitura":"2 minutos"},"schema":{"@context":"https:\/\/schema.org","@graph":[{"@type":"WebSite","@id":"https:\/\/blog.panrotas.com.br\/b2btech\/#website","url":"https:\/\/blog.panrotas.com.br\/b2btech\/","name":"B2btech","description":"Blogosfera PANROTAS","potentialAction":[{"@type":"SearchAction","target":{"@type":"EntryPoint","urlTemplate":"https:\/\/blog.panrotas.com.br\/b2btech\/?s={search_term_string}"},"query-input":"required name=search_term_string"}],"inLanguage":"pt-BR"},{"@type":"WebPage","@id":"https:\/\/blog.panrotas.com.br\/b2btech\/2011\/04\/25\/3-blogueiros-no-forum-de-viagens-corporativas-em-campinas\/#webpage","url":"https:\/\/blog.panrotas.com.br\/b2btech\/2011\/04\/25\/3-blogueiros-no-forum-de-viagens-corporativas-em-campinas\/","name":"3 Blogueiros no F\u00f3rum de Viagens Corporativas, em Campinas - B2btech","isPartOf":{"@id":"https:\/\/blog.panrotas.com.br\/b2btech\/#website"},"datePublished":"2011-04-25T12:54:48+00:00","dateModified":"2011-04-25T12:54:48+00:00","author":{"@id":"https:\/\/blog.panrotas.com.br\/b2btech\/#\/schema\/person\/2d58abeacbdf1a9b93993c7f1b7406d6"},"breadcrumb":{"@id":"https:\/\/blog.panrotas.com.br\/b2btech\/2011\/04\/25\/3-blogueiros-no-forum-de-viagens-corporativas-em-campinas\/#breadcrumb"},"inLanguage":"pt-BR","potentialAction":[{"@type":"ReadAction","target":["https:\/\/blog.panrotas.com.br\/b2btech\/2011\/04\/25\/3-blogueiros-no-forum-de-viagens-corporativas-em-campinas\/"]}]},{"@type":"BreadcrumbList","@id":"https:\/\/blog.panrotas.com.br\/b2btech\/2011\/04\/25\/3-blogueiros-no-forum-de-viagens-corporativas-em-campinas\/#breadcrumb","itemListElement":[{"@type":"ListItem","position":1,"name":"In\u00edcio","item":"https:\/\/blog.panrotas.com.br\/b2btech\/"},{"@type":"ListItem","position":2,"name":"3 Blogueiros no F\u00f3rum de Viagens Corporativas, em Campinas"}]},{"@type":"Person","@id":"https:\/\/blog.panrotas.com.br\/b2btech\/#\/schema\/person\/2d58abeacbdf1a9b93993c7f1b7406d6","name":"Lu\u00eds Vabo","image":{"@type":"ImageObject","@id":"https:\/\/blog.panrotas.com.br\/b2btech\/#personlogo","inLanguage":"pt-BR","url":"https:\/\/secure.gravatar.com\/avatar\/66c6e91231deb293ea586f1325cdda96?s=96&d=mm&r=g","contentUrl":"https:\/\/secure.gravatar.com\/avatar\/66c6e91231deb293ea586f1325cdda96?s=96&d=mm&r=g","caption":"Lu\u00eds Vabo"},"description":"Entusiasta da inova\u00e7\u00e3o, do empreendedorismo e da alta performance, adepto da vida saud\u00e1vel, dos amigos e da fam\u00edlia, obstinado, volunt\u00e1rio, esportista e apaixonado. S\u00f3cio-CEO Reserve Systems \ud83d\udcca S\u00f3cio-fundador Solid Gest\u00e3o \ud83d\udcc8 S\u00f3cio-CFO MyView Drones \ud83d\ude81 S\u00f3cio Link School of Business \ud83c\udf93 Conselheiro Abracorp \u2708\ufe0f","sameAs":["http:\/\/www.reserve.com.br"],"url":"https:\/\/blog.panrotas.com.br\/b2btech\/author\/luisvabo\/"}]}},"jetpack_featured_media_url":"","_links":{"self":[{"href":"https:\/\/blog.panrotas.com.br\/b2btech\/wp-json\/wp\/v2\/posts\/493"}],"collection":[{"href":"https:\/\/blog.panrotas.com.br\/b2btech\/wp-json\/wp\/v2\/posts"}],"about":[{"href":"https:\/\/blog.panrotas.com.br\/b2btech\/wp-json\/wp\/v2\/types\/post"}],"author":[{"embeddable":true,"href":"https:\/\/blog.panrotas.com.br\/b2btech\/wp-json\/wp\/v2\/users\/11"}],"replies":[{"embeddable":true,"href":"https:\/\/blog.panrotas.com.br\/b2btech\/wp-json\/wp\/v2\/comments?post=493"}],"version-history":[{"count":0,"href":"https:\/\/blog.panrotas.com.br\/b2btech\/wp-json\/wp\/v2\/posts\/493\/revisions"}],"wp:attachment":[{"href":"https:\/\/blog.panrotas.com.br\/b2btech\/wp-json\/wp\/v2\/media?parent=493"}],"wp:term":[{"taxonomy":"category","embeddable":true,"href":"https:\/\/blog.panrotas.com.br\/b2btech\/wp-json\/wp\/v2\/categories?post=493"},{"taxonomy":"post_tag","embeddable":true,"href":"https:\/\/blog.panrotas.com.br\/b2btech\/wp-json\/wp\/v2\/tags?post=493"}],"curies":[{"name":"wp","href":"https:\/\/api.w.org\/{rel}","templated":true}]}}