{"id":502,"date":"2011-05-03T09:54:48","date_gmt":"2011-05-03T12:54:48","guid":{"rendered":"http:\/\/blog.panrotas.com.br\/distribuindoviagens\/?p=502"},"modified":"2011-05-03T09:54:48","modified_gmt":"2011-05-03T12:54:48","slug":"o-turismo-e-dividido-fragment-desunido-e-repleto-de-vaidades","status":"publish","type":"post","link":"https:\/\/blog.panrotas.com.br\/b2btech\/2011\/05\/03\/o-turismo-e-dividido-fragment-desunido-e-repleto-de-vaidades\/","title":{"rendered":"O TURISMO \u00c9 DIVIDIDO, FRAGMENT, DESUNIDO E REPLETO DE VAIDADES"},"content":{"rendered":"<p>Foi com esta frase direta, seca e dura que o Artur comentou, embora tardiamente, o meu post anterior &#8211; <a title=\"MAIS UMA ENTIDADE NO TRADE ???\" href=\"http:\/\/blog.panrotas.com.br\/distribuindoviagens\/index.php\/2011\/04\/28\/mais-uma-entidade-no-trade\" target=\"_blank\" rel=\"noopener noreferrer\"><strong>Mais uma entidade no trade ???<\/strong><\/a> &#8211; sobre a iniciativa de ABGEV e ABRACORP unirem seus Comit\u00eas de Tecnologia e Inova\u00e7\u00e3o em um \u00fanico comit\u00ea.<\/p>\n<p>Ap\u00f3s lembrar e repetir que \u201cNENHUMA (o <em>caps lock<\/em> \u00e9 dele) entidade brasileira de turismo representa 100% a classe que diz ou julga representar\u201d, Artur segue louvando os consolidadores porque \u201cs\u00e3o unidos (ao menos os maiores), s\u00e3o um grupo informal, e deixam as entidades pagarem mico com seu \u201cpoder\u201d\u2026\u201d<\/p>\n<p>N\u00e3o pretendo polemizar com nosso editor chefe (n\u00e3o sou louco) sobre sua curiosa abordagem: um grupo informal ser mais unido e ainda deixar as entidades pagarem mico&#8230;<\/p>\n<p>Mas n\u00e3o vou ficar em cima do muro e, por isso, pergunto: qual entidade brasileira de qualquer segmento econ\u00f4mico efetivamente representa 100% a sua classe?<\/p>\n<p>As entidades s\u00e3o constitu\u00eddas de associados, reunidos sob a \u00e9gide de um estatuto, que escolhem, atrav\u00e9s do voto, l\u00edderes entre seus pares, para represent\u00e1-los perante o mercado e a sociedade, tudo em respeito \u00e0 lei e em benef\u00edcio do aprimoramento da pr\u00e1tica democr\u00e1tica.<\/p>\n<p>Ent\u00e3o, onde exatamente est\u00e3o os problemas levantados pelo Artur? Nos associados, nos estatutos ou nos l\u00edderes? Ou os problemas estar\u00e3o no mercado ou na pr\u00f3pria sociedade? Ou ainda, nas leis ou na pr\u00e1tica democr\u00e1tica?<\/p>\n<p>E o que um grupo informal unido pode representar a n\u00e3o ser o interesse de seus pr\u00f3prios integrantes?<\/p>\n<p>Tudo normal, dentro do esp\u00edrito democr\u00e1tico, pois ambas s\u00e3o formas leg\u00edtimas de associa\u00e7\u00e3o (a organizada como entidade e a informal com interesses afins).<\/p>\n<p>Mas ser\u00e1 mesmo um grupo informal mais forte ou unido do que nossas ABAV, ABRACORP, ABGEV, AVIESP, BRAZTOA, entre outras?<\/p>\n<p>Penso que a multiplicidade de entidades reflete uma tend\u00eancia democr\u00e1tica da sociedade brasileira, repleta tamb\u00e9m de partidos pol\u00edticos e sindicatos, ora com matizes bastante diversificadas, ora com t\u00eanues diferen\u00e7as&#8230;<\/p>\n<p>N\u00e3o estou seguro de que uma \u00fanica entidade significaria mais for\u00e7a e representatividade ou se concentraria demasiado poder associativo, ao mesmo tempo em que percebo que a multiplicidade de entidades nada mais \u00e9 do que a oportunidade de especializa\u00e7\u00e3o, da segmenta\u00e7\u00e3o da pr\u00e1tica associativa.<\/p>\n<p>Portanto, penso diferente do Artur, democraticamente.<\/p>\n<p>.<\/p>\n","protected":false},"excerpt":{"rendered":"<p>Foi com esta frase direta, seca e dura que o Artur comentou, embora tardiamente, o meu post anterior &#8211; Mais uma entidade no trade ??? &#8211; sobre a iniciativa de ABGEV e ABRACORP unirem seus Comit\u00eas de Tecnologia e Inova\u00e7\u00e3o em um \u00fanico comit\u00ea. Ap\u00f3s lembrar e repetir que \u201cNENHUMA (o caps lock \u00e9 dele)&hellip; <a class=\"more-link\" href=\"https:\/\/blog.panrotas.com.br\/b2btech\/2011\/05\/03\/o-turismo-e-dividido-fragment-desunido-e-repleto-de-vaidades\/\">Continue reading &rarr;<\/a><\/p>\n","protected":false},"author":11,"featured_media":0,"comment_status":"open","ping_status":"open","sticky":false,"template":"","format":"standard","meta":{"spay_email":""},"categories":[8],"tags":[],"yoast_head":"<!-- This site is optimized with the Yoast SEO plugin v17.3 - https:\/\/yoast.com\/wordpress\/plugins\/seo\/ -->\n<title>O TURISMO \u00c9 DIVIDIDO, FRAGMENT, DESUNIDO E REPLETO DE VAIDADES - B2btech<\/title>\n<meta name=\"robots\" content=\"index, follow, max-snippet:-1, max-image-preview:large, max-video-preview:-1\" \/>\n<link rel=\"canonical\" href=\"https:\/\/blog.panrotas.com.br\/b2btech\/2011\/05\/03\/o-turismo-e-dividido-fragment-desunido-e-repleto-de-vaidades\/\" \/>\n<meta property=\"og:locale\" content=\"pt_BR\" \/>\n<meta property=\"og:type\" content=\"article\" \/>\n<meta property=\"og:title\" content=\"O TURISMO \u00c9 DIVIDIDO, FRAGMENT, DESUNIDO E REPLETO DE VAIDADES - B2btech\" \/>\n<meta property=\"og:description\" content=\"Foi com esta frase direta, seca e dura que o Artur comentou, embora tardiamente, o meu post anterior &#8211; Mais uma entidade no trade ??? &#8211; sobre a iniciativa de ABGEV e ABRACORP unirem seus Comit\u00eas de Tecnologia e Inova\u00e7\u00e3o em um \u00fanico comit\u00ea. Ap\u00f3s lembrar e repetir que \u201cNENHUMA (o caps lock \u00e9 dele)&hellip; Continue reading &rarr;\" \/>\n<meta property=\"og:url\" content=\"https:\/\/blog.panrotas.com.br\/b2btech\/2011\/05\/03\/o-turismo-e-dividido-fragment-desunido-e-repleto-de-vaidades\/\" \/>\n<meta property=\"og:site_name\" content=\"B2btech\" \/>\n<meta property=\"article:published_time\" content=\"2011-05-03T12:54:48+00:00\" \/>\n<meta name=\"twitter:card\" content=\"summary_large_image\" \/>\n<meta name=\"twitter:label1\" content=\"Escrito por\" \/>\n\t<meta name=\"twitter:data1\" content=\"Lu\u00eds Vabo\" \/>\n\t<meta name=\"twitter:label2\" content=\"Est. tempo de leitura\" \/>\n\t<meta name=\"twitter:data2\" content=\"2 minutos\" \/>\n<script type=\"application\/ld+json\" class=\"yoast-schema-graph\">{\"@context\":\"https:\/\/schema.org\",\"@graph\":[{\"@type\":\"WebSite\",\"@id\":\"https:\/\/blog.panrotas.com.br\/b2btech\/#website\",\"url\":\"https:\/\/blog.panrotas.com.br\/b2btech\/\",\"name\":\"B2btech\",\"description\":\"Blogosfera PANROTAS\",\"potentialAction\":[{\"@type\":\"SearchAction\",\"target\":{\"@type\":\"EntryPoint\",\"urlTemplate\":\"https:\/\/blog.panrotas.com.br\/b2btech\/?s={search_term_string}\"},\"query-input\":\"required name=search_term_string\"}],\"inLanguage\":\"pt-BR\"},{\"@type\":\"WebPage\",\"@id\":\"https:\/\/blog.panrotas.com.br\/b2btech\/2011\/05\/03\/o-turismo-e-dividido-fragment-desunido-e-repleto-de-vaidades\/#webpage\",\"url\":\"https:\/\/blog.panrotas.com.br\/b2btech\/2011\/05\/03\/o-turismo-e-dividido-fragment-desunido-e-repleto-de-vaidades\/\",\"name\":\"O TURISMO \\u00c9 DIVIDIDO, FRAGMENT, DESUNIDO E REPLETO DE VAIDADES - B2btech\",\"isPartOf\":{\"@id\":\"https:\/\/blog.panrotas.com.br\/b2btech\/#website\"},\"datePublished\":\"2011-05-03T12:54:48+00:00\",\"dateModified\":\"2011-05-03T12:54:48+00:00\",\"author\":{\"@id\":\"https:\/\/blog.panrotas.com.br\/b2btech\/#\/schema\/person\/2d58abeacbdf1a9b93993c7f1b7406d6\"},\"breadcrumb\":{\"@id\":\"https:\/\/blog.panrotas.com.br\/b2btech\/2011\/05\/03\/o-turismo-e-dividido-fragment-desunido-e-repleto-de-vaidades\/#breadcrumb\"},\"inLanguage\":\"pt-BR\",\"potentialAction\":[{\"@type\":\"ReadAction\",\"target\":[\"https:\/\/blog.panrotas.com.br\/b2btech\/2011\/05\/03\/o-turismo-e-dividido-fragment-desunido-e-repleto-de-vaidades\/\"]}]},{\"@type\":\"BreadcrumbList\",\"@id\":\"https:\/\/blog.panrotas.com.br\/b2btech\/2011\/05\/03\/o-turismo-e-dividido-fragment-desunido-e-repleto-de-vaidades\/#breadcrumb\",\"itemListElement\":[{\"@type\":\"ListItem\",\"position\":1,\"name\":\"In\\u00edcio\",\"item\":\"https:\/\/blog.panrotas.com.br\/b2btech\/\"},{\"@type\":\"ListItem\",\"position\":2,\"name\":\"O TURISMO \\u00c9 DIVIDIDO, FRAGMENT, DESUNIDO E REPLETO DE VAIDADES\"}]},{\"@type\":\"Person\",\"@id\":\"https:\/\/blog.panrotas.com.br\/b2btech\/#\/schema\/person\/2d58abeacbdf1a9b93993c7f1b7406d6\",\"name\":\"Lu\\u00eds Vabo\",\"image\":{\"@type\":\"ImageObject\",\"@id\":\"https:\/\/blog.panrotas.com.br\/b2btech\/#personlogo\",\"inLanguage\":\"pt-BR\",\"url\":\"https:\/\/secure.gravatar.com\/avatar\/66c6e91231deb293ea586f1325cdda96?s=96&d=mm&r=g\",\"contentUrl\":\"https:\/\/secure.gravatar.com\/avatar\/66c6e91231deb293ea586f1325cdda96?s=96&d=mm&r=g\",\"caption\":\"Lu\\u00eds Vabo\"},\"description\":\"Entusiasta da inova\\u00e7\\u00e3o, do empreendedorismo e da alta performance, adepto da vida saud\\u00e1vel, dos amigos e da fam\\u00edlia, obstinado, volunt\\u00e1rio, esportista e apaixonado. S\\u00f3cio-CEO Reserve Systems \\ud83d\\udcca S\\u00f3cio-fundador Solid Gest\\u00e3o \\ud83d\\udcc8 S\\u00f3cio-CFO MyView Drones \\ud83d\\ude81 S\\u00f3cio Link School of Business \\ud83c\\udf93 Conselheiro Abracorp \\u2708\\ufe0f\",\"sameAs\":[\"http:\/\/www.reserve.com.br\"],\"url\":\"https:\/\/blog.panrotas.com.br\/b2btech\/author\/luisvabo\/\"}]}<\/script>\n<!-- \/ Yoast SEO plugin. -->","yoast_head_json":{"title":"O TURISMO \u00c9 DIVIDIDO, FRAGMENT, DESUNIDO E REPLETO DE VAIDADES - B2btech","robots":{"index":"index","follow":"follow","max-snippet":"max-snippet:-1","max-image-preview":"max-image-preview:large","max-video-preview":"max-video-preview:-1"},"canonical":"https:\/\/blog.panrotas.com.br\/b2btech\/2011\/05\/03\/o-turismo-e-dividido-fragment-desunido-e-repleto-de-vaidades\/","og_locale":"pt_BR","og_type":"article","og_title":"O TURISMO \u00c9 DIVIDIDO, FRAGMENT, DESUNIDO E REPLETO DE VAIDADES - B2btech","og_description":"Foi com esta frase direta, seca e dura que o Artur comentou, embora tardiamente, o meu post anterior &#8211; Mais uma entidade no trade ??? &#8211; sobre a iniciativa de ABGEV e ABRACORP unirem seus Comit\u00eas de Tecnologia e Inova\u00e7\u00e3o em um \u00fanico comit\u00ea. Ap\u00f3s lembrar e repetir que \u201cNENHUMA (o caps lock \u00e9 dele)&hellip; Continue reading &rarr;","og_url":"https:\/\/blog.panrotas.com.br\/b2btech\/2011\/05\/03\/o-turismo-e-dividido-fragment-desunido-e-repleto-de-vaidades\/","og_site_name":"B2btech","article_published_time":"2011-05-03T12:54:48+00:00","twitter_card":"summary_large_image","twitter_misc":{"Escrito por":"Lu\u00eds Vabo","Est. tempo de leitura":"2 minutos"},"schema":{"@context":"https:\/\/schema.org","@graph":[{"@type":"WebSite","@id":"https:\/\/blog.panrotas.com.br\/b2btech\/#website","url":"https:\/\/blog.panrotas.com.br\/b2btech\/","name":"B2btech","description":"Blogosfera PANROTAS","potentialAction":[{"@type":"SearchAction","target":{"@type":"EntryPoint","urlTemplate":"https:\/\/blog.panrotas.com.br\/b2btech\/?s={search_term_string}"},"query-input":"required name=search_term_string"}],"inLanguage":"pt-BR"},{"@type":"WebPage","@id":"https:\/\/blog.panrotas.com.br\/b2btech\/2011\/05\/03\/o-turismo-e-dividido-fragment-desunido-e-repleto-de-vaidades\/#webpage","url":"https:\/\/blog.panrotas.com.br\/b2btech\/2011\/05\/03\/o-turismo-e-dividido-fragment-desunido-e-repleto-de-vaidades\/","name":"O TURISMO \u00c9 DIVIDIDO, FRAGMENT, DESUNIDO E REPLETO DE VAIDADES - B2btech","isPartOf":{"@id":"https:\/\/blog.panrotas.com.br\/b2btech\/#website"},"datePublished":"2011-05-03T12:54:48+00:00","dateModified":"2011-05-03T12:54:48+00:00","author":{"@id":"https:\/\/blog.panrotas.com.br\/b2btech\/#\/schema\/person\/2d58abeacbdf1a9b93993c7f1b7406d6"},"breadcrumb":{"@id":"https:\/\/blog.panrotas.com.br\/b2btech\/2011\/05\/03\/o-turismo-e-dividido-fragment-desunido-e-repleto-de-vaidades\/#breadcrumb"},"inLanguage":"pt-BR","potentialAction":[{"@type":"ReadAction","target":["https:\/\/blog.panrotas.com.br\/b2btech\/2011\/05\/03\/o-turismo-e-dividido-fragment-desunido-e-repleto-de-vaidades\/"]}]},{"@type":"BreadcrumbList","@id":"https:\/\/blog.panrotas.com.br\/b2btech\/2011\/05\/03\/o-turismo-e-dividido-fragment-desunido-e-repleto-de-vaidades\/#breadcrumb","itemListElement":[{"@type":"ListItem","position":1,"name":"In\u00edcio","item":"https:\/\/blog.panrotas.com.br\/b2btech\/"},{"@type":"ListItem","position":2,"name":"O TURISMO \u00c9 DIVIDIDO, FRAGMENT, DESUNIDO E REPLETO DE VAIDADES"}]},{"@type":"Person","@id":"https:\/\/blog.panrotas.com.br\/b2btech\/#\/schema\/person\/2d58abeacbdf1a9b93993c7f1b7406d6","name":"Lu\u00eds Vabo","image":{"@type":"ImageObject","@id":"https:\/\/blog.panrotas.com.br\/b2btech\/#personlogo","inLanguage":"pt-BR","url":"https:\/\/secure.gravatar.com\/avatar\/66c6e91231deb293ea586f1325cdda96?s=96&d=mm&r=g","contentUrl":"https:\/\/secure.gravatar.com\/avatar\/66c6e91231deb293ea586f1325cdda96?s=96&d=mm&r=g","caption":"Lu\u00eds Vabo"},"description":"Entusiasta da inova\u00e7\u00e3o, do empreendedorismo e da alta performance, adepto da vida saud\u00e1vel, dos amigos e da fam\u00edlia, obstinado, volunt\u00e1rio, esportista e apaixonado. S\u00f3cio-CEO Reserve Systems \ud83d\udcca S\u00f3cio-fundador Solid Gest\u00e3o \ud83d\udcc8 S\u00f3cio-CFO MyView Drones \ud83d\ude81 S\u00f3cio Link School of Business \ud83c\udf93 Conselheiro Abracorp \u2708\ufe0f","sameAs":["http:\/\/www.reserve.com.br"],"url":"https:\/\/blog.panrotas.com.br\/b2btech\/author\/luisvabo\/"}]}},"jetpack_featured_media_url":"","_links":{"self":[{"href":"https:\/\/blog.panrotas.com.br\/b2btech\/wp-json\/wp\/v2\/posts\/502"}],"collection":[{"href":"https:\/\/blog.panrotas.com.br\/b2btech\/wp-json\/wp\/v2\/posts"}],"about":[{"href":"https:\/\/blog.panrotas.com.br\/b2btech\/wp-json\/wp\/v2\/types\/post"}],"author":[{"embeddable":true,"href":"https:\/\/blog.panrotas.com.br\/b2btech\/wp-json\/wp\/v2\/users\/11"}],"replies":[{"embeddable":true,"href":"https:\/\/blog.panrotas.com.br\/b2btech\/wp-json\/wp\/v2\/comments?post=502"}],"version-history":[{"count":0,"href":"https:\/\/blog.panrotas.com.br\/b2btech\/wp-json\/wp\/v2\/posts\/502\/revisions"}],"wp:attachment":[{"href":"https:\/\/blog.panrotas.com.br\/b2btech\/wp-json\/wp\/v2\/media?parent=502"}],"wp:term":[{"taxonomy":"category","embeddable":true,"href":"https:\/\/blog.panrotas.com.br\/b2btech\/wp-json\/wp\/v2\/categories?post=502"},{"taxonomy":"post_tag","embeddable":true,"href":"https:\/\/blog.panrotas.com.br\/b2btech\/wp-json\/wp\/v2\/tags?post=502"}],"curies":[{"name":"wp","href":"https:\/\/api.w.org\/{rel}","templated":true}]}}