{"id":653,"date":"2011-07-14T15:21:57","date_gmt":"2011-07-14T18:21:57","guid":{"rendered":"http:\/\/blog.panrotas.com.br\/distribuindoviagens\/?p=653"},"modified":"2011-07-14T15:21:57","modified_gmt":"2011-07-14T18:21:57","slug":"gestao-e-arte-em-poa","status":"publish","type":"post","link":"https:\/\/blog.panrotas.com.br\/b2btech\/2011\/07\/14\/gestao-e-arte-em-poa\/","title":{"rendered":"GEST\u00c3O \u00c9 ARTE EM POA"},"content":{"rendered":"<p>No ano passado, o 1o. Forum Mineiro de Gest\u00e3o de Viagens Corporativas, que inaugurou um novo modelo de evento sobre gest\u00e3o de viagens, recebeu cerca de 80 gestores de empresas mineiras e de outros estados.<\/p>\n<p>Produzido pela Terra Viagens de BH, o conceito, que parecia arriscado pelo fato de n\u00e3o ser promovido por uma entidade neutra, acabou revelando-se um sucesso, comprovando que quando o assunto \u00e9 capacita\u00e7\u00e3o, profissionaliza\u00e7\u00e3o e dissemina\u00e7\u00e3o do conhecimento, haver\u00e1 sempre um grande contingente de interessados.<\/p>\n<p>O 2o. Forum Mineiro de Gest\u00e3o Viagens Corporativas j\u00e1 tem data marcada, em\u00a027 de setembro de 2011, com previs\u00e3o de receber o triplo de participantes.<\/p>\n<p>No in\u00edcio deste ano, a Costa Brava, ag\u00eancia corporativa de Campinas, realizou o 1o. Forum Costa Brava de Gest\u00e3o de Viagens Corporativas, outro sucesso, em que o interior de S\u00e3o Paulo mostrou outra vez a sua for\u00e7a, tanto na presen\u00e7a expressiva de mais de 150 gestores de viagens, quanto na organiza\u00e7\u00e3o impec\u00e1vel do evento.<\/p>\n<p>Na pr\u00f3xima 4a. feira, 20\/07, ser\u00e1 a vez da Porto Brasil, ag\u00eancia corporativa de Porto Alegre, promover o curso <strong>&#8220;A Arte de Gerenciar Viagens Corporativas&#8221;<\/strong>, um modelo de evento com estrutura similar e mesmos objetivos dos foruns de Belo Horizonte e Campinas.<\/p>\n<p>Em Porto Alegre, ser\u00e3o quatro encontros,\u00a0ministrados por profissionais do nosso mercado, como Elizabeth Wada que falar\u00e1, em 31\/08, sobre o c\u00e1lculo de ROI em eventos,\u00a0Heloisa Prass que abordar\u00e1 as tarifas din\u00e2micas na hotelaria, em 05\/10,\u00a0e Julio Verna, cuja palestra, em\u00a023\/11, ter\u00e1 como tema os processos para escolha de uma ag\u00eancia de gest\u00e3o de viagens corportivas.<\/p>\n<p>Tamb\u00e9m estarei em POA, apresentando, em 20\/07, a import\u00e2ncia e o resultado da gest\u00e3o de viagens corporativas, atrav\u00e9s da utiliza\u00e7\u00e3o de tecnologia de auto-reserva.<\/p>\n<p>Os encontros acontecer\u00e3o no Sheraton Porto Alegre\u00a0e, para maiores informa\u00e7\u00f5es, acesse: <strong><a href=\"http:\/\/www.portobrasil.com.br\/artedegerenciar\">A Arte de Gerenciar<\/a><\/strong><\/p>\n<p>.<\/p>\n","protected":false},"excerpt":{"rendered":"<p>No ano passado, o 1o. Forum Mineiro de Gest\u00e3o de Viagens Corporativas, que inaugurou um novo modelo de evento sobre gest\u00e3o de viagens, recebeu cerca de 80 gestores de empresas mineiras e de outros estados. Produzido pela Terra Viagens de BH, o conceito, que parecia arriscado pelo fato de n\u00e3o ser promovido por uma entidade&hellip; <a class=\"more-link\" href=\"https:\/\/blog.panrotas.com.br\/b2btech\/2011\/07\/14\/gestao-e-arte-em-poa\/\">Continue reading &rarr;<\/a><\/p>\n","protected":false},"author":11,"featured_media":0,"comment_status":"open","ping_status":"open","sticky":false,"template":"","format":"standard","meta":{"spay_email":""},"categories":[8],"tags":[],"yoast_head":"<!-- This site is optimized with the Yoast SEO plugin v17.3 - https:\/\/yoast.com\/wordpress\/plugins\/seo\/ -->\n<title>GEST\u00c3O \u00c9 ARTE EM POA - B2btech<\/title>\n<meta name=\"robots\" content=\"index, follow, max-snippet:-1, max-image-preview:large, max-video-preview:-1\" \/>\n<link rel=\"canonical\" href=\"https:\/\/blog.panrotas.com.br\/b2btech\/2011\/07\/14\/gestao-e-arte-em-poa\/\" \/>\n<meta property=\"og:locale\" content=\"pt_BR\" \/>\n<meta property=\"og:type\" content=\"article\" \/>\n<meta property=\"og:title\" content=\"GEST\u00c3O \u00c9 ARTE EM POA - B2btech\" \/>\n<meta property=\"og:description\" content=\"No ano passado, o 1o. Forum Mineiro de Gest\u00e3o de Viagens Corporativas, que inaugurou um novo modelo de evento sobre gest\u00e3o de viagens, recebeu cerca de 80 gestores de empresas mineiras e de outros estados. Produzido pela Terra Viagens de BH, o conceito, que parecia arriscado pelo fato de n\u00e3o ser promovido por uma entidade&hellip; Continue reading &rarr;\" \/>\n<meta property=\"og:url\" content=\"https:\/\/blog.panrotas.com.br\/b2btech\/2011\/07\/14\/gestao-e-arte-em-poa\/\" \/>\n<meta property=\"og:site_name\" content=\"B2btech\" \/>\n<meta property=\"article:published_time\" content=\"2011-07-14T18:21:57+00:00\" \/>\n<meta name=\"twitter:card\" content=\"summary_large_image\" \/>\n<meta name=\"twitter:label1\" content=\"Escrito por\" \/>\n\t<meta name=\"twitter:data1\" content=\"Lu\u00eds Vabo\" \/>\n\t<meta name=\"twitter:label2\" content=\"Est. tempo de leitura\" \/>\n\t<meta name=\"twitter:data2\" content=\"2 minutos\" \/>\n<script type=\"application\/ld+json\" class=\"yoast-schema-graph\">{\"@context\":\"https:\/\/schema.org\",\"@graph\":[{\"@type\":\"WebSite\",\"@id\":\"https:\/\/blog.panrotas.com.br\/b2btech\/#website\",\"url\":\"https:\/\/blog.panrotas.com.br\/b2btech\/\",\"name\":\"B2btech\",\"description\":\"Blogosfera PANROTAS\",\"potentialAction\":[{\"@type\":\"SearchAction\",\"target\":{\"@type\":\"EntryPoint\",\"urlTemplate\":\"https:\/\/blog.panrotas.com.br\/b2btech\/?s={search_term_string}\"},\"query-input\":\"required name=search_term_string\"}],\"inLanguage\":\"pt-BR\"},{\"@type\":\"WebPage\",\"@id\":\"https:\/\/blog.panrotas.com.br\/b2btech\/2011\/07\/14\/gestao-e-arte-em-poa\/#webpage\",\"url\":\"https:\/\/blog.panrotas.com.br\/b2btech\/2011\/07\/14\/gestao-e-arte-em-poa\/\",\"name\":\"GEST\\u00c3O \\u00c9 ARTE EM POA - B2btech\",\"isPartOf\":{\"@id\":\"https:\/\/blog.panrotas.com.br\/b2btech\/#website\"},\"datePublished\":\"2011-07-14T18:21:57+00:00\",\"dateModified\":\"2011-07-14T18:21:57+00:00\",\"author\":{\"@id\":\"https:\/\/blog.panrotas.com.br\/b2btech\/#\/schema\/person\/2d58abeacbdf1a9b93993c7f1b7406d6\"},\"breadcrumb\":{\"@id\":\"https:\/\/blog.panrotas.com.br\/b2btech\/2011\/07\/14\/gestao-e-arte-em-poa\/#breadcrumb\"},\"inLanguage\":\"pt-BR\",\"potentialAction\":[{\"@type\":\"ReadAction\",\"target\":[\"https:\/\/blog.panrotas.com.br\/b2btech\/2011\/07\/14\/gestao-e-arte-em-poa\/\"]}]},{\"@type\":\"BreadcrumbList\",\"@id\":\"https:\/\/blog.panrotas.com.br\/b2btech\/2011\/07\/14\/gestao-e-arte-em-poa\/#breadcrumb\",\"itemListElement\":[{\"@type\":\"ListItem\",\"position\":1,\"name\":\"In\\u00edcio\",\"item\":\"https:\/\/blog.panrotas.com.br\/b2btech\/\"},{\"@type\":\"ListItem\",\"position\":2,\"name\":\"GEST\\u00c3O \\u00c9 ARTE EM POA\"}]},{\"@type\":\"Person\",\"@id\":\"https:\/\/blog.panrotas.com.br\/b2btech\/#\/schema\/person\/2d58abeacbdf1a9b93993c7f1b7406d6\",\"name\":\"Lu\\u00eds Vabo\",\"image\":{\"@type\":\"ImageObject\",\"@id\":\"https:\/\/blog.panrotas.com.br\/b2btech\/#personlogo\",\"inLanguage\":\"pt-BR\",\"url\":\"https:\/\/secure.gravatar.com\/avatar\/66c6e91231deb293ea586f1325cdda96?s=96&d=mm&r=g\",\"contentUrl\":\"https:\/\/secure.gravatar.com\/avatar\/66c6e91231deb293ea586f1325cdda96?s=96&d=mm&r=g\",\"caption\":\"Lu\\u00eds Vabo\"},\"description\":\"Entusiasta da inova\\u00e7\\u00e3o, do empreendedorismo e da alta performance, adepto da vida saud\\u00e1vel, dos amigos e da fam\\u00edlia, obstinado, volunt\\u00e1rio, esportista e apaixonado. S\\u00f3cio-CEO Reserve Systems \\ud83d\\udcca S\\u00f3cio-fundador Solid Gest\\u00e3o \\ud83d\\udcc8 S\\u00f3cio-CFO MyView Drones \\ud83d\\ude81 S\\u00f3cio Link School of Business \\ud83c\\udf93 Conselheiro Abracorp \\u2708\\ufe0f\",\"sameAs\":[\"http:\/\/www.reserve.com.br\"],\"url\":\"https:\/\/blog.panrotas.com.br\/b2btech\/author\/luisvabo\/\"}]}<\/script>\n<!-- \/ Yoast SEO plugin. -->","yoast_head_json":{"title":"GEST\u00c3O \u00c9 ARTE EM POA - B2btech","robots":{"index":"index","follow":"follow","max-snippet":"max-snippet:-1","max-image-preview":"max-image-preview:large","max-video-preview":"max-video-preview:-1"},"canonical":"https:\/\/blog.panrotas.com.br\/b2btech\/2011\/07\/14\/gestao-e-arte-em-poa\/","og_locale":"pt_BR","og_type":"article","og_title":"GEST\u00c3O \u00c9 ARTE EM POA - B2btech","og_description":"No ano passado, o 1o. Forum Mineiro de Gest\u00e3o de Viagens Corporativas, que inaugurou um novo modelo de evento sobre gest\u00e3o de viagens, recebeu cerca de 80 gestores de empresas mineiras e de outros estados. Produzido pela Terra Viagens de BH, o conceito, que parecia arriscado pelo fato de n\u00e3o ser promovido por uma entidade&hellip; Continue reading &rarr;","og_url":"https:\/\/blog.panrotas.com.br\/b2btech\/2011\/07\/14\/gestao-e-arte-em-poa\/","og_site_name":"B2btech","article_published_time":"2011-07-14T18:21:57+00:00","twitter_card":"summary_large_image","twitter_misc":{"Escrito por":"Lu\u00eds Vabo","Est. tempo de leitura":"2 minutos"},"schema":{"@context":"https:\/\/schema.org","@graph":[{"@type":"WebSite","@id":"https:\/\/blog.panrotas.com.br\/b2btech\/#website","url":"https:\/\/blog.panrotas.com.br\/b2btech\/","name":"B2btech","description":"Blogosfera PANROTAS","potentialAction":[{"@type":"SearchAction","target":{"@type":"EntryPoint","urlTemplate":"https:\/\/blog.panrotas.com.br\/b2btech\/?s={search_term_string}"},"query-input":"required name=search_term_string"}],"inLanguage":"pt-BR"},{"@type":"WebPage","@id":"https:\/\/blog.panrotas.com.br\/b2btech\/2011\/07\/14\/gestao-e-arte-em-poa\/#webpage","url":"https:\/\/blog.panrotas.com.br\/b2btech\/2011\/07\/14\/gestao-e-arte-em-poa\/","name":"GEST\u00c3O \u00c9 ARTE EM POA - B2btech","isPartOf":{"@id":"https:\/\/blog.panrotas.com.br\/b2btech\/#website"},"datePublished":"2011-07-14T18:21:57+00:00","dateModified":"2011-07-14T18:21:57+00:00","author":{"@id":"https:\/\/blog.panrotas.com.br\/b2btech\/#\/schema\/person\/2d58abeacbdf1a9b93993c7f1b7406d6"},"breadcrumb":{"@id":"https:\/\/blog.panrotas.com.br\/b2btech\/2011\/07\/14\/gestao-e-arte-em-poa\/#breadcrumb"},"inLanguage":"pt-BR","potentialAction":[{"@type":"ReadAction","target":["https:\/\/blog.panrotas.com.br\/b2btech\/2011\/07\/14\/gestao-e-arte-em-poa\/"]}]},{"@type":"BreadcrumbList","@id":"https:\/\/blog.panrotas.com.br\/b2btech\/2011\/07\/14\/gestao-e-arte-em-poa\/#breadcrumb","itemListElement":[{"@type":"ListItem","position":1,"name":"In\u00edcio","item":"https:\/\/blog.panrotas.com.br\/b2btech\/"},{"@type":"ListItem","position":2,"name":"GEST\u00c3O \u00c9 ARTE EM POA"}]},{"@type":"Person","@id":"https:\/\/blog.panrotas.com.br\/b2btech\/#\/schema\/person\/2d58abeacbdf1a9b93993c7f1b7406d6","name":"Lu\u00eds Vabo","image":{"@type":"ImageObject","@id":"https:\/\/blog.panrotas.com.br\/b2btech\/#personlogo","inLanguage":"pt-BR","url":"https:\/\/secure.gravatar.com\/avatar\/66c6e91231deb293ea586f1325cdda96?s=96&d=mm&r=g","contentUrl":"https:\/\/secure.gravatar.com\/avatar\/66c6e91231deb293ea586f1325cdda96?s=96&d=mm&r=g","caption":"Lu\u00eds Vabo"},"description":"Entusiasta da inova\u00e7\u00e3o, do empreendedorismo e da alta performance, adepto da vida saud\u00e1vel, dos amigos e da fam\u00edlia, obstinado, volunt\u00e1rio, esportista e apaixonado. S\u00f3cio-CEO Reserve Systems \ud83d\udcca S\u00f3cio-fundador Solid Gest\u00e3o \ud83d\udcc8 S\u00f3cio-CFO MyView Drones \ud83d\ude81 S\u00f3cio Link School of Business \ud83c\udf93 Conselheiro Abracorp \u2708\ufe0f","sameAs":["http:\/\/www.reserve.com.br"],"url":"https:\/\/blog.panrotas.com.br\/b2btech\/author\/luisvabo\/"}]}},"jetpack_featured_media_url":"","_links":{"self":[{"href":"https:\/\/blog.panrotas.com.br\/b2btech\/wp-json\/wp\/v2\/posts\/653"}],"collection":[{"href":"https:\/\/blog.panrotas.com.br\/b2btech\/wp-json\/wp\/v2\/posts"}],"about":[{"href":"https:\/\/blog.panrotas.com.br\/b2btech\/wp-json\/wp\/v2\/types\/post"}],"author":[{"embeddable":true,"href":"https:\/\/blog.panrotas.com.br\/b2btech\/wp-json\/wp\/v2\/users\/11"}],"replies":[{"embeddable":true,"href":"https:\/\/blog.panrotas.com.br\/b2btech\/wp-json\/wp\/v2\/comments?post=653"}],"version-history":[{"count":0,"href":"https:\/\/blog.panrotas.com.br\/b2btech\/wp-json\/wp\/v2\/posts\/653\/revisions"}],"wp:attachment":[{"href":"https:\/\/blog.panrotas.com.br\/b2btech\/wp-json\/wp\/v2\/media?parent=653"}],"wp:term":[{"taxonomy":"category","embeddable":true,"href":"https:\/\/blog.panrotas.com.br\/b2btech\/wp-json\/wp\/v2\/categories?post=653"},{"taxonomy":"post_tag","embeddable":true,"href":"https:\/\/blog.panrotas.com.br\/b2btech\/wp-json\/wp\/v2\/tags?post=653"}],"curies":[{"name":"wp","href":"https:\/\/api.w.org\/{rel}","templated":true}]}}