{"id":7047,"date":"2019-03-21T12:19:48","date_gmt":"2019-03-21T15:19:48","guid":{"rendered":"http:\/\/blog.panrotas.com.br\/b2btech\/?p=7047"},"modified":"2019-03-21T12:19:48","modified_gmt":"2019-03-21T15:19:48","slug":"tivemos-2-forum-panrotas-em-2019-fofura-x-politica","status":"publish","type":"post","link":"https:\/\/blog.panrotas.com.br\/b2btech\/2019\/03\/21\/tivemos-2-forum-panrotas-em-2019-fofura-x-politica\/","title":{"rendered":"TIVEMOS 2 F\u00d3RUM PANROTAS EM 2019: FOFURA X POL\u00cdTICA"},"content":{"rendered":"\n<p>Parece mesmo que assistimos a 2 F\u00f3rum Panrotas em 2019 !<\/p>\n\n\n\n<p>O primeiro foi em 19\/03, caracterizado pela amenidade dos pain\u00e9is, dos palestrantes e dos \u201cdebates\u201d, tudo muito fofo&#8230;<\/p>\n\n\n\n<p>O segundo foi em 20\/03 e teve a pol\u00edtica como mola mestra dos pain\u00e9is, com o atuante Ministro do Turismo, o animado Governador do Estado do Rio de Janeiro e o m\u00edtico Procurador da Rep\u00fablica.<\/p>\n\n\n\n<p><strong>O F\u00d3RUM PANROTAS 2019.1<\/strong><\/p>\n\n\n\n<p><span><b>Esquenta<\/b><\/span><\/p>\n\n\n\n<p>A abertura com m\u00fasica ao vivo e a participa\u00e7\u00e3o especial do The Voice Kid Pedro Miranda j\u00e1 deu o tom de fofura deste primeiro dia do F\u00f3rum Panrotas 2019.<\/p>\n\n\n\n<p>Foi um esquenta sensacional.<\/p>\n\n\n\n<p><span><b>Abertura&nbsp;do&nbsp;F\u00f3rum<\/b><\/span><\/p>\n\n\n\n<p>A tradicional palestra de boas-vindas do anfitri\u00e3o Guillermo Alcorta, sempre entremeada da mais pura emo\u00e7\u00e3o em todos as 17 edi\u00e7\u00f5es do evento, ganhou propor\u00e7\u00f5es maiores quando ele anunciou, do alto de seus 80 anos e de sua bel\u00edssima trajet\u00f3ria como empres\u00e1rio de comunica\u00e7\u00e3o, que assim como j\u00e1 vem acontecendo na Editora Panrotas, o seu filho Jos\u00e9 Guilherme Alcorta assumiria o protagonismo e a lideran\u00e7a tamb\u00e9m do F\u00f3rum Panrotas.<\/p>\n\n\n\n<figure class=\"wp-block-image\"><img loading=\"lazy\" width=\"1024\" height=\"989\" src=\"http:\/\/panrotas.blog.br\/b2btech\/wp-content\/uploads\/sites\/7\/2019\/03\/53372A89-D191-49C7-888F-6B9EB25FBE44-1024x989.jpeg\" alt=\"\" class=\"wp-image-7057\" srcset=\"https:\/\/blog.panrotas.com.br\/b2btech\/wp-content\/uploads\/sites\/7\/2019\/03\/53372A89-D191-49C7-888F-6B9EB25FBE44-1024x989.jpeg 1024w, https:\/\/blog.panrotas.com.br\/b2btech\/wp-content\/uploads\/sites\/7\/2019\/03\/53372A89-D191-49C7-888F-6B9EB25FBE44-300x290.jpeg 300w, https:\/\/blog.panrotas.com.br\/b2btech\/wp-content\/uploads\/sites\/7\/2019\/03\/53372A89-D191-49C7-888F-6B9EB25FBE44-768x742.jpeg 768w, https:\/\/blog.panrotas.com.br\/b2btech\/wp-content\/uploads\/sites\/7\/2019\/03\/53372A89-D191-49C7-888F-6B9EB25FBE44-1568x1515.jpeg 1568w\" sizes=\"(max-width: 1024px) 100vw, 1024px\" \/><figcaption>Ap\u00f3s um discurso emocionante do Guillermo Alcorta, seu filho Jos\u00e9 Guilherme Alcorta assumiu de vez a lideran\u00e7a da Editora e do F\u00f3rum Panrotas<\/figcaption><\/figure>\n\n\n\n<p>Foi a conclus\u00e3o mais transparente de um processo sucess\u00f3rio que eu j\u00e1 testemunhei, compartilhada ao vivo para as principais lideran\u00e7as e influenciadores do mercado de viagens e turismo brasileiro.<\/p>\n\n\n\n<p>Uma abertura carinhosa e inesquec\u00edvel, ponto forte do evento deste ano.<\/p>\n\n\n\n<p><b>Cen\u00e1rio Brasil \u2013 at\u00e9 onde vai a confian\u00e7a do brasileiro?<\/b><\/p>\n\n\n\n<p>Palestrante j\u00e1 conhecido e aprovado pelo p\u00fablico do F\u00f3rum Panrotas, Renato Meirelles nos fez pensar sobre a forma equivocada como os estrategistas de marketing abordam o p\u00fablico nas campanhas publicit\u00e1rias.<\/p>\n\n\n\n<p>Uma palestra gostosa de assistir.<\/p>\n\n\n\n<p><span><b>O que falta para o turismo ser protagonista?<\/b><\/span><\/p>\n\n\n\n<p>Com um tema do interesse de todos, o que seria um debate tornou-se um agrad\u00e1vel bate-papo entre parceiros e nem tanto. Alexandre Moshe, Bruno Ladanski, Eduardo Bernardes e Luis Foga\u00e7a n\u00e3o divergiram, n\u00e3o tiveram nenhum contradit\u00f3rio, n\u00e3o apresentaram nenhuma provoca\u00e7\u00e3o.<\/p>\n\n\n\n<p>At\u00e9 as respostas \u00e0 pergunta final pareceram formar um jogral ensaiado, de tanta sintonia entre os painelistas.<\/p>\n\n\n\n<p>Um painel quase amoroso.<\/p>\n\n\n\n<p><strong>Manu<\/strong><\/p>\n\n\n\n<p>Nada mais fofo do que a participa\u00e7\u00e3o da Manu Vazquez como assistente de fot\u00f3grafo do Emerson, participando ativamente das atividades do querido Remi.<\/p>\n\n\n\n<p>Manu brilhou.<\/p>\n\n\n\n<p><b>Transforma\u00e7\u00e3o digital<\/b><\/p>\n\n\n\n<p>A palestra do Hamilton Berteli foi interessante, abordou um tema que, apesar de n\u00e3o ser novo, requer uma rean\u00e1lise de tempos em tempos.<\/p>\n\n\n\n<p>O executivo deu o seu recado.<\/p>\n\n\n\n<p><span><b>O varejo online, offline e h\u00edbrido: como outros setores transformam a experi\u00eancia de compra<\/b><\/span><\/p>\n\n\n\n<p>O painel moderado pela Adriana Cavalcanti encontrou muito conte\u00fado na Beth Furtado, uma estudiosa do assunto, em contraponto \u00e0s experi\u00eancias vitoriosas, mas monocrom\u00e1ticas, da empreendedora digital Gabryella Correa e do empres\u00e1rio offline Marcelo Carvalho.<\/p>\n\n\n\n<p>Apesar de ter sido um painel dif\u00edcil de moderar, devido \u00e0 disparidade entre as trajet\u00f3rias e os perfis dos debatedores, Adriana mandou bem.<\/p>\n\n\n\n<p><strong>NDC: A transforma\u00e7\u00e3o na distribui\u00e7\u00e3o a\u00e9rea e experi\u00eancia do viajante<\/strong><\/p>\n\n\n\n<p>A texana Kathy Morgan discorreu, pela vis\u00e3o GDS, sobre o New Distribution Capability da IATA. Apesar de demonstrar conhecer profundamente o assunto, em alguns momentos suas opini\u00f5es n\u00e3o deixaram claro se os GDSs apoiam mesmo ou est\u00e3o sendo levados \u00e0 investir no novo padr\u00e3o da IATA.<\/p>\n\n\n\n<p>Deixou sem resposta minha pergunta sobre a tentativa dos GDSs de manter o controle estrat\u00e9gico da distribui\u00e7\u00e3o atrav\u00e9s da aquisi\u00e7\u00e3o dos principais players do NDC ao confirmar que n\u00e3o foi o GDS Sabre que comprou a Farelogix, mas sim o Sabre Airline Solutions&#8230;<\/p>\n\n\n\n<p>Ah, ent\u00e3o t\u00e1&#8230;<\/p>\n\n\n\n<figure class=\"wp-block-image\"><img loading=\"lazy\" width=\"1024\" height=\"572\" src=\"http:\/\/panrotas.blog.br\/b2btech\/wp-content\/uploads\/sites\/7\/2019\/03\/C102494A-4D1A-4920-A64C-AEA734394F99-1024x572.jpeg\" alt=\"\" class=\"wp-image-7062\" srcset=\"https:\/\/blog.panrotas.com.br\/b2btech\/wp-content\/uploads\/sites\/7\/2019\/03\/C102494A-4D1A-4920-A64C-AEA734394F99-1024x572.jpeg 1024w, https:\/\/blog.panrotas.com.br\/b2btech\/wp-content\/uploads\/sites\/7\/2019\/03\/C102494A-4D1A-4920-A64C-AEA734394F99-300x168.jpeg 300w, https:\/\/blog.panrotas.com.br\/b2btech\/wp-content\/uploads\/sites\/7\/2019\/03\/C102494A-4D1A-4920-A64C-AEA734394F99-768x429.jpeg 768w, https:\/\/blog.panrotas.com.br\/b2btech\/wp-content\/uploads\/sites\/7\/2019\/03\/C102494A-4D1A-4920-A64C-AEA734394F99-1568x876.jpeg 1568w\" sizes=\"(max-width: 1024px) 100vw, 1024px\" \/><figcaption>Solange Vabo, inspirada na Manu, fotografou parte da equipe do Panrotas &#8211; ambiente de muitos amigos no F\u00f3rum Panrotas<\/figcaption><\/figure>\n\n\n\n<p><b>A relev\u00e2ncia do influenciador na decis\u00e3o de compra<\/b><\/p>\n\n\n\n<p>Para quem n\u00e3o lembra, Maisa Silva foi aquela atriz-mirim (ou atriz-beb\u00ea) que contracenava no programa do Raul Gil e, posteriormente, no de Silvio Santos, dos 3 aos 4 anos de idade. Uma menina prod\u00edgio da comunica\u00e7\u00e3o que foi muit\u00edssimo bem assessorada e surfou como ningu\u00e9m a onda dos influenciadores digitais.<\/p>\n\n\n\n<p>Hoje aos 16 anos de idade, com mais de 30 milh\u00f5es de seguidores no Instagram, arrebatou a plateia com sua espontaneidade adolescente. Moderada por German Carmona, a participa\u00e7\u00e3o da Maisa resumiu bem o primeiro dia do FP 2019:<\/p>\n\n\n\n<p>Um F\u00f3rum Panrotas fofo&#8230;<\/p>\n\n\n\n<p><strong>O F\u00d3RUM PANROTAS 2019.2<\/strong><\/p>\n\n\n\n<p><strong>O ministro do turismo Marcelo \u00c1lvaro Antonio<\/strong> s\u00f3 trouxe boas not\u00edcias, tanto em rela\u00e7\u00e3o a planos e metas futuras, quanto \u00e0 realiza\u00e7\u00f5es concretas nestes poucos dias de governo, com destaque para a isen\u00e7\u00e3o de vistos para turistas norte-americanos, canadenses, japoneses e australianos, a partir de junho de 2019, com potencial de dobrar o fluxo de turistas estrangeiros ao Brasil, at\u00e9 2022.<\/p>\n\n\n\n<p>Ponto para o governo Bolsonaro.<\/p>\n\n\n\n<p><span><b>Seguran\u00e7a e Turismo: combina\u00e7\u00e3o que atrai investimentos e turistas<\/b><\/span><\/p>\n\n\n\n<p>O governador Wilson Witzel foi pontual, apresentou-se com positividade, firmeza e otimismo, mostrando suas recentes a\u00e7\u00f5es na \u00e1rea de seguran\u00e7a p\u00fablica no estado do Rio de Janeiro, que trouxeram resultados expressivos nos menos de 3 meses do novo governo, condi\u00e7\u00e3o b\u00e1sica para a amplia\u00e7\u00e3o do fluxo tur\u00edstico, dom\u00e9stico e estrangeiro, para a Cidade Maravilhosa.<\/p>\n\n\n\n<p>Ponto para o governador do Rio de Janeiro.<\/p>\n\n\n\n<figure class=\"wp-block-image\"><img loading=\"lazy\" width=\"1024\" height=\"587\" src=\"http:\/\/panrotas.blog.br\/b2btech\/wp-content\/uploads\/sites\/7\/2019\/03\/F80E3EAD-F283-4B14-B0B9-8195255D6EC5-1024x587.jpeg\" alt=\"\" class=\"wp-image-7056\" srcset=\"https:\/\/blog.panrotas.com.br\/b2btech\/wp-content\/uploads\/sites\/7\/2019\/03\/F80E3EAD-F283-4B14-B0B9-8195255D6EC5-1024x587.jpeg 1024w, https:\/\/blog.panrotas.com.br\/b2btech\/wp-content\/uploads\/sites\/7\/2019\/03\/F80E3EAD-F283-4B14-B0B9-8195255D6EC5-300x172.jpeg 300w, https:\/\/blog.panrotas.com.br\/b2btech\/wp-content\/uploads\/sites\/7\/2019\/03\/F80E3EAD-F283-4B14-B0B9-8195255D6EC5-768x441.jpeg 768w, https:\/\/blog.panrotas.com.br\/b2btech\/wp-content\/uploads\/sites\/7\/2019\/03\/F80E3EAD-F283-4B14-B0B9-8195255D6EC5-1568x899.jpeg 1568w\" sizes=\"(max-width: 1024px) 100vw, 1024px\" \/><figcaption>O governador do estado do Rio de Janeiro, Wilson Witzel, mostrou efic\u00e1cia em a\u00e7\u00f5es objetivas na \u00e1rea de seguran\u00e7a p\u00fablica<\/figcaption><\/figure>\n\n\n\n<p>As palestras do Henrique Portugal &#8211; <strong>Inova\u00e7\u00e3o \u00e9 uma quest\u00e3o de talento?<\/strong> &#8211;&nbsp; e da Mariana Aldrigui &#8211; <strong>Uma nova an\u00e1lise dos n\u00fameros do turismo brasileiro<\/strong> &#8211; foram faces distintas de moedas diferentes.<\/p>\n\n\n\n<p>Portugal fez uma apresenta\u00e7\u00e3o l\u00fadica e cativante sobre os impactos da tecnologia sobre a ind\u00fastria musical, quase um recado \u00e0 plateia de executivos do mercado de viagens e turismo: \u201cN\u00e3o, voc\u00eas n\u00e3o foram os \u00fanicos impactados\u201d.<\/p>\n\n\n\n<p>J\u00e1 Mariana, uma estudiosa por excel\u00eancia (como reafirmou e j\u00e1 sab\u00edamos), fez uma apresenta\u00e7\u00e3o interessante ao propor uma nova abordagem para a leitura dos dados estat\u00edsticos do turismo brasileiro. Uma an\u00e1lise t\u00e9cnica que nos fez refletir sobre o quanto os \u00faltimos governos fracassaram nas pol\u00edticas e estrat\u00e9gias para desenvolvimento do turismo brasileiro. H\u00e1 que se comparar os dados, sob esta mesma \u00f3tica proposta por Mariana, nos pr\u00f3ximos 4 anos deste novo governo.<\/p>\n\n\n\n<p><span><b>Os desafios das cias. a\u00e9reas brasileiras<\/b><\/span><\/p>\n\n\n\n<p>William Waack moderou o bate-papo com os presidentes da Azul, Latam e Abrear sobre um tema t\u00e3o intenso e complexo, que os 30 minutos reservados para o painel pareciam insuficientes. Com sua objetividade e franqueza, as respostas do gringo John Rodgerson, da Azul, conquistaram a plateia, um caso raro de sintonia \u00e0 primeira vista, j\u00e1 que este parece ter sido o primeiro contato direto do presidente da Azul com o p\u00fablico.<\/p>\n\n\n\n<p>Jerome Cadier, da Latam, acompanhava a plateia ao aplaudir respeitosamente o concorrente, o que levou Eduardo Sanovicz, da Abear, a discorrer sobre a uni\u00e3o das cias. a\u00e9reas durante as reuni\u00f5es da Abear, sempre quando tratando de temas importantes comuns a todas, como seguran\u00e7a. \u201cDepois elas quebram o pau como qualquer concorrente\u201d, afirmou.<\/p>\n\n\n\n<p>Um painel entre associados.<\/p>\n\n\n\n<p><span><b>Tempos de mudan\u00e7as: a evolu\u00e7\u00e3o do combate \u00e0 corrup\u00e7\u00e3o e da promo\u00e7\u00e3o da \u00e9tica no Brasil<\/b><\/span><\/p>\n\n\n\n<p>Deltan Dallagnol, em sua segunda participa\u00e7\u00e3o consecutiva no F\u00f3rum Panrotas, conquistou a plateia outra vez. Assistido com aten\u00e7\u00e3o e certa rever\u00eancia pelo p\u00fablico, que o admira e tieta escancaradamente, o procurador s\u00edmbolo da Lava-Jato surpreendeu ao manter o tom aguerrido e otimista a respeito dos rumos das investiga\u00e7\u00f5es, apesar da recente e frustrante decis\u00e3o do STF sobre a juridi\u00e7\u00e3o dos crimes associados \u00e0s campanhas eleitorais.<\/p>\n\n\n\n<figure class=\"wp-block-image\"><img loading=\"lazy\" width=\"1024\" height=\"634\" src=\"http:\/\/panrotas.blog.br\/b2btech\/wp-content\/uploads\/sites\/7\/2019\/03\/03F46B2C-0E61-44E0-97B2-F9A622B58CD0-1024x634.jpeg\" alt=\"\" class=\"wp-image-7059\" srcset=\"https:\/\/blog.panrotas.com.br\/b2btech\/wp-content\/uploads\/sites\/7\/2019\/03\/03F46B2C-0E61-44E0-97B2-F9A622B58CD0-1024x634.jpeg 1024w, https:\/\/blog.panrotas.com.br\/b2btech\/wp-content\/uploads\/sites\/7\/2019\/03\/03F46B2C-0E61-44E0-97B2-F9A622B58CD0-300x186.jpeg 300w, https:\/\/blog.panrotas.com.br\/b2btech\/wp-content\/uploads\/sites\/7\/2019\/03\/03F46B2C-0E61-44E0-97B2-F9A622B58CD0-768x476.jpeg 768w, https:\/\/blog.panrotas.com.br\/b2btech\/wp-content\/uploads\/sites\/7\/2019\/03\/03F46B2C-0E61-44E0-97B2-F9A622B58CD0.jpeg 1125w\" sizes=\"(max-width: 1024px) 100vw, 1024px\" \/><figcaption>Integridade acima de tudo: o CEO do Reserve, Sidney Lima Filho, fez quest\u00e3o de uma foto com o Procurador da Rep\u00fablica, Deltan Dallagnol<\/figcaption><\/figure>\n\n\n\n<p>A for\u00e7a da Lava-Jato reside em profissionais como Deltan, hoje literalmente idolatrado pelos cidad\u00e3os brasileiros. Parab\u00e9ns ao Panrotas por trazer, de novo, uma figura da envergadura de Deltan Dallagnol para palestrar no F\u00f3rum.<\/p>\n\n\n\n<p>A luta continua !<br><\/p>\n","protected":false},"excerpt":{"rendered":"<p>Parece mesmo que assistimos a 2 F\u00f3rum Panrotas em 2019 ! O primeiro foi em 19\/03, caracterizado pela amenidade dos pain\u00e9is, dos palestrantes e dos \u201cdebates\u201d, tudo muito fofo&#8230; O segundo foi em 20\/03 e teve a pol\u00edtica como mola mestra dos pain\u00e9is, com o atuante Ministro do Turismo, o animado Governador do Estado do&hellip; <a class=\"more-link\" href=\"https:\/\/blog.panrotas.com.br\/b2btech\/2019\/03\/21\/tivemos-2-forum-panrotas-em-2019-fofura-x-politica\/\">Continue reading &rarr;<\/a><\/p>\n","protected":false},"author":11,"featured_media":7068,"comment_status":"open","ping_status":"open","sticky":false,"template":"","format":"standard","meta":{"spay_email":""},"categories":[3,5,7,8,9,10,11,13,14,15,18,19],"tags":[],"yoast_head":"<!-- This site is optimized with the Yoast SEO plugin v17.3 - https:\/\/yoast.com\/wordpress\/plugins\/seo\/ -->\n<title>TIVEMOS 2 F\u00d3RUM PANROTAS EM 2019: FOFURA X POL\u00cdTICA - B2btech<\/title>\n<meta name=\"robots\" content=\"index, follow, max-snippet:-1, max-image-preview:large, max-video-preview:-1\" \/>\n<link rel=\"canonical\" href=\"https:\/\/blog.panrotas.com.br\/b2btech\/2019\/03\/21\/tivemos-2-forum-panrotas-em-2019-fofura-x-politica\/\" \/>\n<meta property=\"og:locale\" content=\"pt_BR\" \/>\n<meta property=\"og:type\" content=\"article\" \/>\n<meta property=\"og:title\" content=\"TIVEMOS 2 F\u00d3RUM PANROTAS EM 2019: FOFURA X POL\u00cdTICA - B2btech\" \/>\n<meta property=\"og:description\" content=\"Parece mesmo que assistimos a 2 F\u00f3rum Panrotas em 2019 ! O primeiro foi em 19\/03, caracterizado pela amenidade dos pain\u00e9is, dos palestrantes e dos \u201cdebates\u201d, tudo muito fofo&#8230; O segundo foi em 20\/03 e teve a pol\u00edtica como mola mestra dos pain\u00e9is, com o atuante Ministro do Turismo, o animado Governador do Estado do&hellip; Continue reading &rarr;\" \/>\n<meta property=\"og:url\" content=\"https:\/\/blog.panrotas.com.br\/b2btech\/2019\/03\/21\/tivemos-2-forum-panrotas-em-2019-fofura-x-politica\/\" \/>\n<meta property=\"og:site_name\" content=\"B2btech\" \/>\n<meta property=\"article:published_time\" content=\"2019-03-21T15:19:48+00:00\" \/>\n<meta property=\"og:image\" content=\"https:\/\/blog.panrotas.com.br\/b2btech\/wp-content\/uploads\/sites\/7\/2019\/03\/Hel\u00f4-no-F\u00f3rum-Panrotas-2019.jpg\" \/>\n\t<meta property=\"og:image:width\" content=\"3088\" \/>\n\t<meta property=\"og:image:height\" content=\"2008\" \/>\n<meta name=\"twitter:card\" content=\"summary_large_image\" \/>\n<meta name=\"twitter:label1\" content=\"Escrito por\" \/>\n\t<meta name=\"twitter:data1\" content=\"Lu\u00eds Vabo\" \/>\n\t<meta name=\"twitter:label2\" content=\"Est. tempo de leitura\" \/>\n\t<meta name=\"twitter:data2\" content=\"7 minutos\" \/>\n<script type=\"application\/ld+json\" class=\"yoast-schema-graph\">{\"@context\":\"https:\/\/schema.org\",\"@graph\":[{\"@type\":\"WebSite\",\"@id\":\"https:\/\/blog.panrotas.com.br\/b2btech\/#website\",\"url\":\"https:\/\/blog.panrotas.com.br\/b2btech\/\",\"name\":\"B2btech\",\"description\":\"Blogosfera PANROTAS\",\"potentialAction\":[{\"@type\":\"SearchAction\",\"target\":{\"@type\":\"EntryPoint\",\"urlTemplate\":\"https:\/\/blog.panrotas.com.br\/b2btech\/?s={search_term_string}\"},\"query-input\":\"required name=search_term_string\"}],\"inLanguage\":\"pt-BR\"},{\"@type\":\"ImageObject\",\"@id\":\"https:\/\/blog.panrotas.com.br\/b2btech\/2019\/03\/21\/tivemos-2-forum-panrotas-em-2019-fofura-x-politica\/#primaryimage\",\"inLanguage\":\"pt-BR\",\"url\":\"https:\/\/blog.panrotas.com.br\/b2btech\/wp-content\/uploads\/sites\/7\/2019\/03\/Hel\\u00f4-no-F\\u00f3rum-Panrotas-2019.jpg\",\"contentUrl\":\"https:\/\/blog.panrotas.com.br\/b2btech\/wp-content\/uploads\/sites\/7\/2019\/03\/Hel\\u00f4-no-F\\u00f3rum-Panrotas-2019.jpg\",\"width\":3088,\"height\":2008},{\"@type\":\"WebPage\",\"@id\":\"https:\/\/blog.panrotas.com.br\/b2btech\/2019\/03\/21\/tivemos-2-forum-panrotas-em-2019-fofura-x-politica\/#webpage\",\"url\":\"https:\/\/blog.panrotas.com.br\/b2btech\/2019\/03\/21\/tivemos-2-forum-panrotas-em-2019-fofura-x-politica\/\",\"name\":\"TIVEMOS 2 F\\u00d3RUM PANROTAS EM 2019: FOFURA X POL\\u00cdTICA - B2btech\",\"isPartOf\":{\"@id\":\"https:\/\/blog.panrotas.com.br\/b2btech\/#website\"},\"primaryImageOfPage\":{\"@id\":\"https:\/\/blog.panrotas.com.br\/b2btech\/2019\/03\/21\/tivemos-2-forum-panrotas-em-2019-fofura-x-politica\/#primaryimage\"},\"datePublished\":\"2019-03-21T15:19:48+00:00\",\"dateModified\":\"2019-03-21T15:19:48+00:00\",\"author\":{\"@id\":\"https:\/\/blog.panrotas.com.br\/b2btech\/#\/schema\/person\/2d58abeacbdf1a9b93993c7f1b7406d6\"},\"breadcrumb\":{\"@id\":\"https:\/\/blog.panrotas.com.br\/b2btech\/2019\/03\/21\/tivemos-2-forum-panrotas-em-2019-fofura-x-politica\/#breadcrumb\"},\"inLanguage\":\"pt-BR\",\"potentialAction\":[{\"@type\":\"ReadAction\",\"target\":[\"https:\/\/blog.panrotas.com.br\/b2btech\/2019\/03\/21\/tivemos-2-forum-panrotas-em-2019-fofura-x-politica\/\"]}]},{\"@type\":\"BreadcrumbList\",\"@id\":\"https:\/\/blog.panrotas.com.br\/b2btech\/2019\/03\/21\/tivemos-2-forum-panrotas-em-2019-fofura-x-politica\/#breadcrumb\",\"itemListElement\":[{\"@type\":\"ListItem\",\"position\":1,\"name\":\"In\\u00edcio\",\"item\":\"https:\/\/blog.panrotas.com.br\/b2btech\/\"},{\"@type\":\"ListItem\",\"position\":2,\"name\":\"TIVEMOS 2 F\\u00d3RUM PANROTAS EM 2019: FOFURA X POL\\u00cdTICA\"}]},{\"@type\":\"Person\",\"@id\":\"https:\/\/blog.panrotas.com.br\/b2btech\/#\/schema\/person\/2d58abeacbdf1a9b93993c7f1b7406d6\",\"name\":\"Lu\\u00eds Vabo\",\"image\":{\"@type\":\"ImageObject\",\"@id\":\"https:\/\/blog.panrotas.com.br\/b2btech\/#personlogo\",\"inLanguage\":\"pt-BR\",\"url\":\"https:\/\/secure.gravatar.com\/avatar\/66c6e91231deb293ea586f1325cdda96?s=96&d=mm&r=g\",\"contentUrl\":\"https:\/\/secure.gravatar.com\/avatar\/66c6e91231deb293ea586f1325cdda96?s=96&d=mm&r=g\",\"caption\":\"Lu\\u00eds Vabo\"},\"description\":\"Entusiasta da inova\\u00e7\\u00e3o, do empreendedorismo e da alta performance, adepto da vida saud\\u00e1vel, dos amigos e da fam\\u00edlia, obstinado, volunt\\u00e1rio, esportista e apaixonado. S\\u00f3cio-CEO Reserve Systems \\ud83d\\udcca S\\u00f3cio-fundador Solid Gest\\u00e3o \\ud83d\\udcc8 S\\u00f3cio-CFO MyView Drones \\ud83d\\ude81 S\\u00f3cio Link School of Business \\ud83c\\udf93 Conselheiro Abracorp \\u2708\\ufe0f\",\"sameAs\":[\"http:\/\/www.reserve.com.br\"],\"url\":\"https:\/\/blog.panrotas.com.br\/b2btech\/author\/luisvabo\/\"}]}<\/script>\n<!-- \/ Yoast SEO plugin. -->","yoast_head_json":{"title":"TIVEMOS 2 F\u00d3RUM PANROTAS EM 2019: FOFURA X POL\u00cdTICA - B2btech","robots":{"index":"index","follow":"follow","max-snippet":"max-snippet:-1","max-image-preview":"max-image-preview:large","max-video-preview":"max-video-preview:-1"},"canonical":"https:\/\/blog.panrotas.com.br\/b2btech\/2019\/03\/21\/tivemos-2-forum-panrotas-em-2019-fofura-x-politica\/","og_locale":"pt_BR","og_type":"article","og_title":"TIVEMOS 2 F\u00d3RUM PANROTAS EM 2019: FOFURA X POL\u00cdTICA - B2btech","og_description":"Parece mesmo que assistimos a 2 F\u00f3rum Panrotas em 2019 ! O primeiro foi em 19\/03, caracterizado pela amenidade dos pain\u00e9is, dos palestrantes e dos \u201cdebates\u201d, tudo muito fofo&#8230; O segundo foi em 20\/03 e teve a pol\u00edtica como mola mestra dos pain\u00e9is, com o atuante Ministro do Turismo, o animado Governador do Estado do&hellip; Continue reading &rarr;","og_url":"https:\/\/blog.panrotas.com.br\/b2btech\/2019\/03\/21\/tivemos-2-forum-panrotas-em-2019-fofura-x-politica\/","og_site_name":"B2btech","article_published_time":"2019-03-21T15:19:48+00:00","og_image":[{"width":3088,"height":2008,"url":"https:\/\/blog.panrotas.com.br\/b2btech\/wp-content\/uploads\/sites\/7\/2019\/03\/Hel\u00f4-no-F\u00f3rum-Panrotas-2019.jpg","type":"image\/jpeg"}],"twitter_card":"summary_large_image","twitter_misc":{"Escrito por":"Lu\u00eds Vabo","Est. tempo de leitura":"7 minutos"},"schema":{"@context":"https:\/\/schema.org","@graph":[{"@type":"WebSite","@id":"https:\/\/blog.panrotas.com.br\/b2btech\/#website","url":"https:\/\/blog.panrotas.com.br\/b2btech\/","name":"B2btech","description":"Blogosfera PANROTAS","potentialAction":[{"@type":"SearchAction","target":{"@type":"EntryPoint","urlTemplate":"https:\/\/blog.panrotas.com.br\/b2btech\/?s={search_term_string}"},"query-input":"required name=search_term_string"}],"inLanguage":"pt-BR"},{"@type":"ImageObject","@id":"https:\/\/blog.panrotas.com.br\/b2btech\/2019\/03\/21\/tivemos-2-forum-panrotas-em-2019-fofura-x-politica\/#primaryimage","inLanguage":"pt-BR","url":"https:\/\/blog.panrotas.com.br\/b2btech\/wp-content\/uploads\/sites\/7\/2019\/03\/Hel\u00f4-no-F\u00f3rum-Panrotas-2019.jpg","contentUrl":"https:\/\/blog.panrotas.com.br\/b2btech\/wp-content\/uploads\/sites\/7\/2019\/03\/Hel\u00f4-no-F\u00f3rum-Panrotas-2019.jpg","width":3088,"height":2008},{"@type":"WebPage","@id":"https:\/\/blog.panrotas.com.br\/b2btech\/2019\/03\/21\/tivemos-2-forum-panrotas-em-2019-fofura-x-politica\/#webpage","url":"https:\/\/blog.panrotas.com.br\/b2btech\/2019\/03\/21\/tivemos-2-forum-panrotas-em-2019-fofura-x-politica\/","name":"TIVEMOS 2 F\u00d3RUM PANROTAS EM 2019: FOFURA X POL\u00cdTICA - B2btech","isPartOf":{"@id":"https:\/\/blog.panrotas.com.br\/b2btech\/#website"},"primaryImageOfPage":{"@id":"https:\/\/blog.panrotas.com.br\/b2btech\/2019\/03\/21\/tivemos-2-forum-panrotas-em-2019-fofura-x-politica\/#primaryimage"},"datePublished":"2019-03-21T15:19:48+00:00","dateModified":"2019-03-21T15:19:48+00:00","author":{"@id":"https:\/\/blog.panrotas.com.br\/b2btech\/#\/schema\/person\/2d58abeacbdf1a9b93993c7f1b7406d6"},"breadcrumb":{"@id":"https:\/\/blog.panrotas.com.br\/b2btech\/2019\/03\/21\/tivemos-2-forum-panrotas-em-2019-fofura-x-politica\/#breadcrumb"},"inLanguage":"pt-BR","potentialAction":[{"@type":"ReadAction","target":["https:\/\/blog.panrotas.com.br\/b2btech\/2019\/03\/21\/tivemos-2-forum-panrotas-em-2019-fofura-x-politica\/"]}]},{"@type":"BreadcrumbList","@id":"https:\/\/blog.panrotas.com.br\/b2btech\/2019\/03\/21\/tivemos-2-forum-panrotas-em-2019-fofura-x-politica\/#breadcrumb","itemListElement":[{"@type":"ListItem","position":1,"name":"In\u00edcio","item":"https:\/\/blog.panrotas.com.br\/b2btech\/"},{"@type":"ListItem","position":2,"name":"TIVEMOS 2 F\u00d3RUM PANROTAS EM 2019: FOFURA X POL\u00cdTICA"}]},{"@type":"Person","@id":"https:\/\/blog.panrotas.com.br\/b2btech\/#\/schema\/person\/2d58abeacbdf1a9b93993c7f1b7406d6","name":"Lu\u00eds Vabo","image":{"@type":"ImageObject","@id":"https:\/\/blog.panrotas.com.br\/b2btech\/#personlogo","inLanguage":"pt-BR","url":"https:\/\/secure.gravatar.com\/avatar\/66c6e91231deb293ea586f1325cdda96?s=96&d=mm&r=g","contentUrl":"https:\/\/secure.gravatar.com\/avatar\/66c6e91231deb293ea586f1325cdda96?s=96&d=mm&r=g","caption":"Lu\u00eds Vabo"},"description":"Entusiasta da inova\u00e7\u00e3o, do empreendedorismo e da alta performance, adepto da vida saud\u00e1vel, dos amigos e da fam\u00edlia, obstinado, volunt\u00e1rio, esportista e apaixonado. S\u00f3cio-CEO Reserve Systems \ud83d\udcca S\u00f3cio-fundador Solid Gest\u00e3o \ud83d\udcc8 S\u00f3cio-CFO MyView Drones \ud83d\ude81 S\u00f3cio Link School of Business \ud83c\udf93 Conselheiro Abracorp \u2708\ufe0f","sameAs":["http:\/\/www.reserve.com.br"],"url":"https:\/\/blog.panrotas.com.br\/b2btech\/author\/luisvabo\/"}]}},"jetpack_featured_media_url":"https:\/\/blog.panrotas.com.br\/b2btech\/wp-content\/uploads\/sites\/7\/2019\/03\/Hel\u00f4-no-F\u00f3rum-Panrotas-2019.jpg","_links":{"self":[{"href":"https:\/\/blog.panrotas.com.br\/b2btech\/wp-json\/wp\/v2\/posts\/7047"}],"collection":[{"href":"https:\/\/blog.panrotas.com.br\/b2btech\/wp-json\/wp\/v2\/posts"}],"about":[{"href":"https:\/\/blog.panrotas.com.br\/b2btech\/wp-json\/wp\/v2\/types\/post"}],"author":[{"embeddable":true,"href":"https:\/\/blog.panrotas.com.br\/b2btech\/wp-json\/wp\/v2\/users\/11"}],"replies":[{"embeddable":true,"href":"https:\/\/blog.panrotas.com.br\/b2btech\/wp-json\/wp\/v2\/comments?post=7047"}],"version-history":[{"count":0,"href":"https:\/\/blog.panrotas.com.br\/b2btech\/wp-json\/wp\/v2\/posts\/7047\/revisions"}],"wp:featuredmedia":[{"embeddable":true,"href":"https:\/\/blog.panrotas.com.br\/b2btech\/wp-json\/wp\/v2\/media\/7068"}],"wp:attachment":[{"href":"https:\/\/blog.panrotas.com.br\/b2btech\/wp-json\/wp\/v2\/media?parent=7047"}],"wp:term":[{"taxonomy":"category","embeddable":true,"href":"https:\/\/blog.panrotas.com.br\/b2btech\/wp-json\/wp\/v2\/categories?post=7047"},{"taxonomy":"post_tag","embeddable":true,"href":"https:\/\/blog.panrotas.com.br\/b2btech\/wp-json\/wp\/v2\/tags?post=7047"}],"curies":[{"name":"wp","href":"https:\/\/api.w.org\/{rel}","templated":true}]}}