{"id":7177,"date":"2019-07-25T19:23:19","date_gmt":"2019-07-25T22:23:19","guid":{"rendered":"http:\/\/blog.panrotas.com.br\/b2btech\/?p=7177"},"modified":"2019-07-25T19:40:28","modified_gmt":"2019-07-25T22:40:28","slug":"abav-mais-poderosa","status":"publish","type":"post","link":"https:\/\/blog.panrotas.com.br\/b2btech\/2019\/07\/25\/abav-mais-poderosa\/","title":{"rendered":"ABAV MAIS PODEROSA"},"content":{"rendered":"\n<p>Este texto \u00e9 continuidade do que postei em abril 2019, intitulado&nbsp;<strong><a rel=\"noreferrer noopener\" aria-label=\"ABAV CADA VEZ MAIS INCLUSIVA (opens in a new tab)\" href=\"https:\/\/blog.panrotas.com.br\/b2btech\/2019\/04\/24\/abav-cada-vez-mais-inclusiva\/\" target=\"_blank\">ABAV CADA VEZ MAIS INCLUSIVA<\/a><\/strong>, o qual conclu\u00ed com uma frase cat\u00e1rtica: \u201c&#8230;estamos diante de uma oportunidade singular de iniciar a virada deste jogo e transformar a ABAV na&nbsp;<strong>maior associa\u00e7\u00e3o empresarial<\/strong> do pa\u00eds, em quantidade de associados, for\u00e7a pol\u00edtica e resultados\u201d.<\/p>\n\n\n\n<p>N\u00e3o tenho d\u00favidas de que muitos leitores tiveram a estranha sensa\u00e7\u00e3o de que eu estava exagerando, pois \u00e0s vezes pode parecer que a nossa ABAV parece longe de ser a maior associa\u00e7\u00e3o empresarial do pa\u00eds&#8230;<\/p>\n\n\n\n<p>Ser\u00e1 mesmo?<\/p>\n\n\n\n<p>Sou associado ABAV desde 1995 e, desde ent\u00e3o, acompanho com interesse o trabalho das diversas diretorias que por ali passaram, todas com caracter\u00edsticas diferentes entre si, mas sempre movidas por tocar adiante o mais importante prop\u00f3sito que uma associa\u00e7\u00e3o empresarial deve ter:&nbsp;<em>manter a perpetuidade da atividade empresarial e o crescimento cont\u00ednuo da entidade<\/em>, nesta ordem.<\/p>\n\n\n\n<p>Assim como a quase totalidade dos associados, sempre mantive um olhar cr\u00edtico para algumas a\u00e7\u00f5es da ABAV, mas dispunha, na \u00e9poca, de pouca ou nenhuma oportunidade de expor as minhas ideias a respeito da gest\u00e3o da entidade.<\/p>\n\n\n\n<p>Somente ap\u00f3s come\u00e7ar a escrever, em mar\u00e7o de 2010, o blog <strong>Distribuindo Viagens<\/strong> (antecessor do atual <strong>B2B Tech<\/strong>), que tornei p\u00fablicas algumas ideias e opini\u00f5es sobre nossa associa\u00e7\u00e3o e, em especial, sobre nosso evento maior, a ABAV Expo, sempre buscando tecer coment\u00e1rios, cr\u00edticos ou elogiosos, t\u00e3o isentos quanto me pareciam poss\u00edvel, visando influenciar, de alguma forma, o objetivo de aprimorar tanto a entidade quanto o evento.<\/p>\n\n\n\n<p>Mas foi na gest\u00e3o do Antonio Azevedo que tive a chance de aproximar-me do grupo de agentes de viagens que a dirigiam \u00e0 \u00e9poca, a partir do interesse do ent\u00e3o presidente nas cr\u00edticas e sugest\u00f5es que eu fazia no Blog sobre a ABAV Expo, coment\u00e1rios que eu formulava enquanto agente de viagens associado, expositor de tecnologia e palestrante convidado para alguns dos eventos.<\/p>\n\n\n\n<p>A partir da\u00ed, a minha rela\u00e7\u00e3o direta com a ABAV Nacional come\u00e7ou a crescer, at\u00e9 que o Edmar Bull convidou-me a integrar sua chapa no final de 2015, depois o Carlos Palmeira, em seguida o Geraldo Rocha e, dando prosseguimento \u00e0 gest\u00e3o do Geraldo, participo atualmente da diretoria da Magda Nassar, onde enfrentamos o gigantesco desafio da moderniza\u00e7\u00e3o do estatuto como a principal forma de&nbsp;<em>manter o crescimento cont\u00ednuo da entidade.<\/em><\/p>\n\n\n\n<p>Ou seja, assim como nossa atividade de agenciamento de viagens est\u00e1 em risco, tamb\u00e9m est\u00e1 a nossa entidade maior, respresentante associativa e, portanto, dependente da sobreviv\u00eancia do agente de viagens.<\/p>\n\n\n\n<p>Mas o que todos n\u00f3s agentes de viagens precisamos alinhar \u00e9 que, com a ABAV maior e mais fortalecida, aumentam consideravelmente as nossas chances de&nbsp;<em>manter a perpetuidade da atividade empresarial.<\/em><\/p>\n\n\n\n<p>E o curioso \u00e9 que estamos num momento crucial de decis\u00e3o, uma daquelas raras oportunidades hist\u00f3ricas em que \u00e9 preciso chacoalhar absolutamente tudo,&nbsp;<strong>a come\u00e7ar pelo estatuto da ABAV<\/strong>, um conjunto de normas e regulamentos que, apesar de sua import\u00e2ncia at\u00e9 este momento, atualmente engessam sua governan\u00e7a, dificultam a busca de seus objetivos e complicam sua forma de atuar.<\/p>\n\n\n\n<p>Acredito que tudo pode e deve ser objeto de revis\u00e3o cr\u00edtica, num amplo debate com a participa\u00e7\u00e3o dos agentes de viagens de todos os estados da federa\u00e7\u00e3o, de todos os segmentos, de todas as associa\u00e7\u00f5es cong\u00eaneres, de todas as for\u00e7as pol\u00edticas.<\/p>\n\n\n\n<p>N\u00e3o d\u00e1 pra ficar de fora.<\/p>\n\n\n\n<p>Eu acredito mesmo que a sobreviv\u00eancia da atividade de agenciamento de viagens e turismo no Brasil passa pelo resultado desta revis\u00e3o, que mostra-se mais urgente do que nunca, e j\u00e1 come\u00e7ou&#8230;<\/p>\n\n\n\n<p>.<\/p>\n","protected":false},"excerpt":{"rendered":"<p>Este texto \u00e9 continuidade do que postei em abril 2019, intitulado&nbsp;ABAV CADA VEZ MAIS INCLUSIVA, o qual conclu\u00ed com uma frase cat\u00e1rtica: \u201c&#8230;estamos diante de uma oportunidade singular de iniciar a virada deste jogo e transformar a ABAV na&nbsp;maior associa\u00e7\u00e3o empresarial do pa\u00eds, em quantidade de associados, for\u00e7a pol\u00edtica e resultados\u201d. N\u00e3o tenho d\u00favidas de&hellip; <a class=\"more-link\" href=\"https:\/\/blog.panrotas.com.br\/b2btech\/2019\/07\/25\/abav-mais-poderosa\/\">Continue reading &rarr;<\/a><\/p>\n","protected":false},"author":11,"featured_media":7181,"comment_status":"open","ping_status":"open","sticky":false,"template":"","format":"standard","meta":{"spay_email":""},"categories":[2,3,4,5,6,7,8,10,11,14,15],"tags":[20,21,24,143,37,142,59,65,114,144],"yoast_head":"<!-- This site is optimized with the Yoast SEO plugin v17.3 - https:\/\/yoast.com\/wordpress\/plugins\/seo\/ -->\n<title>ABAV MAIS PODEROSA - B2btech<\/title>\n<meta name=\"robots\" content=\"index, follow, max-snippet:-1, max-image-preview:large, max-video-preview:-1\" \/>\n<link rel=\"canonical\" href=\"https:\/\/blog.panrotas.com.br\/b2btech\/2019\/07\/25\/abav-mais-poderosa\/\" \/>\n<meta property=\"og:locale\" content=\"pt_BR\" \/>\n<meta property=\"og:type\" content=\"article\" \/>\n<meta property=\"og:title\" content=\"ABAV MAIS PODEROSA - B2btech\" \/>\n<meta property=\"og:description\" content=\"Este texto \u00e9 continuidade do que postei em abril 2019, intitulado&nbsp;ABAV CADA VEZ MAIS INCLUSIVA, o qual conclu\u00ed com uma frase cat\u00e1rtica: \u201c&#8230;estamos diante de uma oportunidade singular de iniciar a virada deste jogo e transformar a ABAV na&nbsp;maior associa\u00e7\u00e3o empresarial do pa\u00eds, em quantidade de associados, for\u00e7a pol\u00edtica e resultados\u201d. N\u00e3o tenho d\u00favidas de&hellip; Continue reading &rarr;\" \/>\n<meta property=\"og:url\" content=\"https:\/\/blog.panrotas.com.br\/b2btech\/2019\/07\/25\/abav-mais-poderosa\/\" \/>\n<meta property=\"og:site_name\" content=\"B2btech\" \/>\n<meta property=\"article:published_time\" content=\"2019-07-25T22:23:19+00:00\" \/>\n<meta property=\"article:modified_time\" content=\"2019-07-25T22:40:28+00:00\" \/>\n<meta property=\"og:image\" content=\"https:\/\/blog.panrotas.com.br\/b2btech\/wp-content\/uploads\/sites\/7\/2019\/07\/d5a95c00-cc44-4dc6-aeb5-4bd61af6aa71.jpeg\" \/>\n\t<meta property=\"og:image:width\" content=\"670\" \/>\n\t<meta property=\"og:image:height\" content=\"400\" \/>\n<meta name=\"twitter:card\" content=\"summary_large_image\" \/>\n<meta name=\"twitter:label1\" content=\"Escrito por\" \/>\n\t<meta name=\"twitter:data1\" content=\"Lu\u00eds Vabo\" \/>\n\t<meta name=\"twitter:label2\" content=\"Est. tempo de leitura\" \/>\n\t<meta name=\"twitter:data2\" content=\"3 minutos\" \/>\n<script type=\"application\/ld+json\" class=\"yoast-schema-graph\">{\"@context\":\"https:\/\/schema.org\",\"@graph\":[{\"@type\":\"WebSite\",\"@id\":\"https:\/\/blog.panrotas.com.br\/b2btech\/#website\",\"url\":\"https:\/\/blog.panrotas.com.br\/b2btech\/\",\"name\":\"B2btech\",\"description\":\"Blogosfera PANROTAS\",\"potentialAction\":[{\"@type\":\"SearchAction\",\"target\":{\"@type\":\"EntryPoint\",\"urlTemplate\":\"https:\/\/blog.panrotas.com.br\/b2btech\/?s={search_term_string}\"},\"query-input\":\"required name=search_term_string\"}],\"inLanguage\":\"pt-BR\"},{\"@type\":\"ImageObject\",\"@id\":\"https:\/\/blog.panrotas.com.br\/b2btech\/2019\/07\/25\/abav-mais-poderosa\/#primaryimage\",\"inLanguage\":\"pt-BR\",\"url\":\"https:\/\/blog.panrotas.com.br\/b2btech\/wp-content\/uploads\/sites\/7\/2019\/07\/d5a95c00-cc44-4dc6-aeb5-4bd61af6aa71.jpeg\",\"contentUrl\":\"https:\/\/blog.panrotas.com.br\/b2btech\/wp-content\/uploads\/sites\/7\/2019\/07\/d5a95c00-cc44-4dc6-aeb5-4bd61af6aa71.jpeg\",\"width\":670,\"height\":400},{\"@type\":\"WebPage\",\"@id\":\"https:\/\/blog.panrotas.com.br\/b2btech\/2019\/07\/25\/abav-mais-poderosa\/#webpage\",\"url\":\"https:\/\/blog.panrotas.com.br\/b2btech\/2019\/07\/25\/abav-mais-poderosa\/\",\"name\":\"ABAV MAIS PODEROSA - B2btech\",\"isPartOf\":{\"@id\":\"https:\/\/blog.panrotas.com.br\/b2btech\/#website\"},\"primaryImageOfPage\":{\"@id\":\"https:\/\/blog.panrotas.com.br\/b2btech\/2019\/07\/25\/abav-mais-poderosa\/#primaryimage\"},\"datePublished\":\"2019-07-25T22:23:19+00:00\",\"dateModified\":\"2019-07-25T22:40:28+00:00\",\"author\":{\"@id\":\"https:\/\/blog.panrotas.com.br\/b2btech\/#\/schema\/person\/2d58abeacbdf1a9b93993c7f1b7406d6\"},\"breadcrumb\":{\"@id\":\"https:\/\/blog.panrotas.com.br\/b2btech\/2019\/07\/25\/abav-mais-poderosa\/#breadcrumb\"},\"inLanguage\":\"pt-BR\",\"potentialAction\":[{\"@type\":\"ReadAction\",\"target\":[\"https:\/\/blog.panrotas.com.br\/b2btech\/2019\/07\/25\/abav-mais-poderosa\/\"]}]},{\"@type\":\"BreadcrumbList\",\"@id\":\"https:\/\/blog.panrotas.com.br\/b2btech\/2019\/07\/25\/abav-mais-poderosa\/#breadcrumb\",\"itemListElement\":[{\"@type\":\"ListItem\",\"position\":1,\"name\":\"In\\u00edcio\",\"item\":\"https:\/\/blog.panrotas.com.br\/b2btech\/\"},{\"@type\":\"ListItem\",\"position\":2,\"name\":\"ABAV MAIS PODEROSA\"}]},{\"@type\":\"Person\",\"@id\":\"https:\/\/blog.panrotas.com.br\/b2btech\/#\/schema\/person\/2d58abeacbdf1a9b93993c7f1b7406d6\",\"name\":\"Lu\\u00eds Vabo\",\"image\":{\"@type\":\"ImageObject\",\"@id\":\"https:\/\/blog.panrotas.com.br\/b2btech\/#personlogo\",\"inLanguage\":\"pt-BR\",\"url\":\"https:\/\/secure.gravatar.com\/avatar\/66c6e91231deb293ea586f1325cdda96?s=96&d=mm&r=g\",\"contentUrl\":\"https:\/\/secure.gravatar.com\/avatar\/66c6e91231deb293ea586f1325cdda96?s=96&d=mm&r=g\",\"caption\":\"Lu\\u00eds Vabo\"},\"description\":\"Entusiasta da inova\\u00e7\\u00e3o, do empreendedorismo e da alta performance, adepto da vida saud\\u00e1vel, dos amigos e da fam\\u00edlia, obstinado, volunt\\u00e1rio, esportista e apaixonado. S\\u00f3cio-CEO Reserve Systems \\ud83d\\udcca S\\u00f3cio-fundador Solid Gest\\u00e3o \\ud83d\\udcc8 S\\u00f3cio-CFO MyView Drones \\ud83d\\ude81 S\\u00f3cio Link School of Business \\ud83c\\udf93 Conselheiro Abracorp \\u2708\\ufe0f\",\"sameAs\":[\"http:\/\/www.reserve.com.br\"],\"url\":\"https:\/\/blog.panrotas.com.br\/b2btech\/author\/luisvabo\/\"}]}<\/script>\n<!-- \/ Yoast SEO plugin. -->","yoast_head_json":{"title":"ABAV MAIS PODEROSA - B2btech","robots":{"index":"index","follow":"follow","max-snippet":"max-snippet:-1","max-image-preview":"max-image-preview:large","max-video-preview":"max-video-preview:-1"},"canonical":"https:\/\/blog.panrotas.com.br\/b2btech\/2019\/07\/25\/abav-mais-poderosa\/","og_locale":"pt_BR","og_type":"article","og_title":"ABAV MAIS PODEROSA - B2btech","og_description":"Este texto \u00e9 continuidade do que postei em abril 2019, intitulado&nbsp;ABAV CADA VEZ MAIS INCLUSIVA, o qual conclu\u00ed com uma frase cat\u00e1rtica: \u201c&#8230;estamos diante de uma oportunidade singular de iniciar a virada deste jogo e transformar a ABAV na&nbsp;maior associa\u00e7\u00e3o empresarial do pa\u00eds, em quantidade de associados, for\u00e7a pol\u00edtica e resultados\u201d. N\u00e3o tenho d\u00favidas de&hellip; Continue reading &rarr;","og_url":"https:\/\/blog.panrotas.com.br\/b2btech\/2019\/07\/25\/abav-mais-poderosa\/","og_site_name":"B2btech","article_published_time":"2019-07-25T22:23:19+00:00","article_modified_time":"2019-07-25T22:40:28+00:00","og_image":[{"width":670,"height":400,"url":"https:\/\/blog.panrotas.com.br\/b2btech\/wp-content\/uploads\/sites\/7\/2019\/07\/d5a95c00-cc44-4dc6-aeb5-4bd61af6aa71.jpeg","type":"image\/jpeg"}],"twitter_card":"summary_large_image","twitter_misc":{"Escrito por":"Lu\u00eds Vabo","Est. tempo de leitura":"3 minutos"},"schema":{"@context":"https:\/\/schema.org","@graph":[{"@type":"WebSite","@id":"https:\/\/blog.panrotas.com.br\/b2btech\/#website","url":"https:\/\/blog.panrotas.com.br\/b2btech\/","name":"B2btech","description":"Blogosfera PANROTAS","potentialAction":[{"@type":"SearchAction","target":{"@type":"EntryPoint","urlTemplate":"https:\/\/blog.panrotas.com.br\/b2btech\/?s={search_term_string}"},"query-input":"required name=search_term_string"}],"inLanguage":"pt-BR"},{"@type":"ImageObject","@id":"https:\/\/blog.panrotas.com.br\/b2btech\/2019\/07\/25\/abav-mais-poderosa\/#primaryimage","inLanguage":"pt-BR","url":"https:\/\/blog.panrotas.com.br\/b2btech\/wp-content\/uploads\/sites\/7\/2019\/07\/d5a95c00-cc44-4dc6-aeb5-4bd61af6aa71.jpeg","contentUrl":"https:\/\/blog.panrotas.com.br\/b2btech\/wp-content\/uploads\/sites\/7\/2019\/07\/d5a95c00-cc44-4dc6-aeb5-4bd61af6aa71.jpeg","width":670,"height":400},{"@type":"WebPage","@id":"https:\/\/blog.panrotas.com.br\/b2btech\/2019\/07\/25\/abav-mais-poderosa\/#webpage","url":"https:\/\/blog.panrotas.com.br\/b2btech\/2019\/07\/25\/abav-mais-poderosa\/","name":"ABAV MAIS PODEROSA - B2btech","isPartOf":{"@id":"https:\/\/blog.panrotas.com.br\/b2btech\/#website"},"primaryImageOfPage":{"@id":"https:\/\/blog.panrotas.com.br\/b2btech\/2019\/07\/25\/abav-mais-poderosa\/#primaryimage"},"datePublished":"2019-07-25T22:23:19+00:00","dateModified":"2019-07-25T22:40:28+00:00","author":{"@id":"https:\/\/blog.panrotas.com.br\/b2btech\/#\/schema\/person\/2d58abeacbdf1a9b93993c7f1b7406d6"},"breadcrumb":{"@id":"https:\/\/blog.panrotas.com.br\/b2btech\/2019\/07\/25\/abav-mais-poderosa\/#breadcrumb"},"inLanguage":"pt-BR","potentialAction":[{"@type":"ReadAction","target":["https:\/\/blog.panrotas.com.br\/b2btech\/2019\/07\/25\/abav-mais-poderosa\/"]}]},{"@type":"BreadcrumbList","@id":"https:\/\/blog.panrotas.com.br\/b2btech\/2019\/07\/25\/abav-mais-poderosa\/#breadcrumb","itemListElement":[{"@type":"ListItem","position":1,"name":"In\u00edcio","item":"https:\/\/blog.panrotas.com.br\/b2btech\/"},{"@type":"ListItem","position":2,"name":"ABAV MAIS PODEROSA"}]},{"@type":"Person","@id":"https:\/\/blog.panrotas.com.br\/b2btech\/#\/schema\/person\/2d58abeacbdf1a9b93993c7f1b7406d6","name":"Lu\u00eds Vabo","image":{"@type":"ImageObject","@id":"https:\/\/blog.panrotas.com.br\/b2btech\/#personlogo","inLanguage":"pt-BR","url":"https:\/\/secure.gravatar.com\/avatar\/66c6e91231deb293ea586f1325cdda96?s=96&d=mm&r=g","contentUrl":"https:\/\/secure.gravatar.com\/avatar\/66c6e91231deb293ea586f1325cdda96?s=96&d=mm&r=g","caption":"Lu\u00eds Vabo"},"description":"Entusiasta da inova\u00e7\u00e3o, do empreendedorismo e da alta performance, adepto da vida saud\u00e1vel, dos amigos e da fam\u00edlia, obstinado, volunt\u00e1rio, esportista e apaixonado. S\u00f3cio-CEO Reserve Systems \ud83d\udcca S\u00f3cio-fundador Solid Gest\u00e3o \ud83d\udcc8 S\u00f3cio-CFO MyView Drones \ud83d\ude81 S\u00f3cio Link School of Business \ud83c\udf93 Conselheiro Abracorp \u2708\ufe0f","sameAs":["http:\/\/www.reserve.com.br"],"url":"https:\/\/blog.panrotas.com.br\/b2btech\/author\/luisvabo\/"}]}},"jetpack_featured_media_url":"https:\/\/blog.panrotas.com.br\/b2btech\/wp-content\/uploads\/sites\/7\/2019\/07\/d5a95c00-cc44-4dc6-aeb5-4bd61af6aa71.jpeg","_links":{"self":[{"href":"https:\/\/blog.panrotas.com.br\/b2btech\/wp-json\/wp\/v2\/posts\/7177"}],"collection":[{"href":"https:\/\/blog.panrotas.com.br\/b2btech\/wp-json\/wp\/v2\/posts"}],"about":[{"href":"https:\/\/blog.panrotas.com.br\/b2btech\/wp-json\/wp\/v2\/types\/post"}],"author":[{"embeddable":true,"href":"https:\/\/blog.panrotas.com.br\/b2btech\/wp-json\/wp\/v2\/users\/11"}],"replies":[{"embeddable":true,"href":"https:\/\/blog.panrotas.com.br\/b2btech\/wp-json\/wp\/v2\/comments?post=7177"}],"version-history":[{"count":4,"href":"https:\/\/blog.panrotas.com.br\/b2btech\/wp-json\/wp\/v2\/posts\/7177\/revisions"}],"predecessor-version":[{"id":7183,"href":"https:\/\/blog.panrotas.com.br\/b2btech\/wp-json\/wp\/v2\/posts\/7177\/revisions\/7183"}],"wp:featuredmedia":[{"embeddable":true,"href":"https:\/\/blog.panrotas.com.br\/b2btech\/wp-json\/wp\/v2\/media\/7181"}],"wp:attachment":[{"href":"https:\/\/blog.panrotas.com.br\/b2btech\/wp-json\/wp\/v2\/media?parent=7177"}],"wp:term":[{"taxonomy":"category","embeddable":true,"href":"https:\/\/blog.panrotas.com.br\/b2btech\/wp-json\/wp\/v2\/categories?post=7177"},{"taxonomy":"post_tag","embeddable":true,"href":"https:\/\/blog.panrotas.com.br\/b2btech\/wp-json\/wp\/v2\/tags?post=7177"}],"curies":[{"name":"wp","href":"https:\/\/api.w.org\/{rel}","templated":true}]}}