{"id":7185,"date":"2019-08-20T11:20:04","date_gmt":"2019-08-20T14:20:04","guid":{"rendered":"http:\/\/blog.panrotas.com.br\/b2btech\/?p=7185"},"modified":"2019-08-21T14:52:39","modified_gmt":"2019-08-21T17:52:39","slug":"abracorp-onipresente","status":"publish","type":"post","link":"https:\/\/blog.panrotas.com.br\/b2btech\/2019\/08\/20\/abracorp-onipresente\/","title":{"rendered":"ABRACORP ONIPRESENTE"},"content":{"rendered":"\n<p>A Associa\u00e7\u00e3o Brasileira de Ag\u00eancias de Viagens Corporativas, que re\u00fane 29 das mais importantes TMCs do Brasil, sempre foi identificada com profissionalismo, relev\u00e2ncia e refer\u00eancia de mercado, desde a sua funda\u00e7\u00e3o, e n\u00e3o h\u00e1 nenhuma novidade nisso.<\/p>\n\n\n\n<p>Mas algo vem mudando recentemente, e pra melhor&#8230;<\/p>\n\n\n\n<p>Sob orienta\u00e7\u00e3o do Conselho de Administra\u00e7\u00e3o, que deu continuidade aos projetos estrat\u00e9gicos de longo prazo lan\u00e7ados nas gest\u00f5es anteriores, fato \u00e9 que o retorno do Gervasio Tanabe, nosso experiente diretor executivo, tem feito uma grande diferen\u00e7a nos resultados da entidade.<\/p>\n\n\n\n<p>Transpar\u00eancia e equil\u00edbrio s\u00e3o caracter\u00edsticas da governan\u00e7a moderna e respons\u00e1vel da Abracorp, capitaneada pelo Tanabe com a maestria de quem conhece o mercado (clientes e fornecedores), respeita o associado (s\u00e3o 29 chefes) e foca no futuro de forma obstinada (o hoje eu j\u00e1 tenho), com apoio de uma equipe t\u00e3o reduzida quanto eficaz.<\/p>\n\n\n\n<p>Os n\u00fameros da Abracorp s\u00e3o, inquestionavelmente, a mais importante refer\u00eancia do mercado de gest\u00e3o de viagens corporativas brasileiro, divulgados pela imprensa especializada desde sempre e, mais recentemente, considerados por toda a grande imprensa (TVs, jornais, revistas, internet, m\u00eddias socias etc), de uma forma abrangente e intensa, no Brasil e no exterior.<\/p>\n\n\n\n<p>Fruto de um trabalho que mescla reputa\u00e7\u00e3o e prest\u00edgio (conquistas de longo prazo) com seriedade e coer\u00eancia (pr\u00e1ticas do dia-a-dia).<\/p>\n\n\n\n<p>O \u00e1pice vis\u00edvel de todo este denodo com que cuidamos da Abracorp, pode ser visto atrav\u00e9s da postagem do presidente da Rep\u00fablica a respeito do crescimento do mercado de viagens corporativas no primeiro semestre de 2019, festejado como os primeiros sinais da recupera\u00e7\u00e3o econ\u00f4mica que, hoje, ningu\u00e9m mais duvida que est\u00e1 chegando j\u00e1 no pr\u00f3ximo ano.<\/p>\n\n\n\n<figure class=\"wp-block-image\"><img loading=\"lazy\" width=\"743\" height=\"1024\" src=\"http:\/\/blog.panrotas.com.br\/b2btech\/wp-content\/uploads\/sites\/7\/2019\/08\/c9538d34-dc04-4b44-a332-7c2a992136f4-743x1024.jpeg\" alt=\"\" class=\"wp-image-7189\" srcset=\"https:\/\/blog.panrotas.com.br\/b2btech\/wp-content\/uploads\/sites\/7\/2019\/08\/c9538d34-dc04-4b44-a332-7c2a992136f4-743x1024.jpeg 743w, https:\/\/blog.panrotas.com.br\/b2btech\/wp-content\/uploads\/sites\/7\/2019\/08\/c9538d34-dc04-4b44-a332-7c2a992136f4-218x300.jpeg 218w, https:\/\/blog.panrotas.com.br\/b2btech\/wp-content\/uploads\/sites\/7\/2019\/08\/c9538d34-dc04-4b44-a332-7c2a992136f4-768x1058.jpeg 768w, https:\/\/blog.panrotas.com.br\/b2btech\/wp-content\/uploads\/sites\/7\/2019\/08\/c9538d34-dc04-4b44-a332-7c2a992136f4-740x1020.jpeg 740w, https:\/\/blog.panrotas.com.br\/b2btech\/wp-content\/uploads\/sites\/7\/2019\/08\/c9538d34-dc04-4b44-a332-7c2a992136f4.jpeg 1125w\" sizes=\"(max-width: 743px) 100vw, 743px\" \/><figcaption>Presidente referencia dados da Abracorp para mostrar primeiros sinais de crescimento econ\u00f4mico<\/figcaption><\/figure>\n\n\n\n<p>O trabalho em 2018 e 2019 tem sido intenso, culminando com o lan\u00e7amento dos programas\u00a0<strong><a rel=\"noreferrer noopener\" aria-label=\"IHC Abracorp (de Inova\u00e7\u00e3o, Habilidades e Compet\u00eancias) (opens in a new tab)\" href=\"https:\/\/m.panrotas.com.br\/viagens-corporativas\/tmcs\/2019\/07\/abracorp-lanca-projeto-de-capacitacao-para-associados-o-ihc\/166203\" target=\"_blank\">IHC Abracorp<\/a><\/strong><a rel=\"noreferrer noopener\" aria-label=\"IHC Abracorp (de Inova\u00e7\u00e3o, Habilidades e Compet\u00eancias) (opens in a new tab)\" href=\"https:\/\/m.panrotas.com.br\/viagens-corporativas\/tmcs\/2019\/07\/abracorp-lanca-projeto-de-capacitacao-para-associados-o-ihc\/166203\" target=\"_blank\"> (de Inova\u00e7\u00e3o, Habilidades e Compet\u00eancias)<\/a> em parceria com a 4C Solutions e Universidade Anhembi Morumbi, cursos de capacita\u00e7\u00e3o abertos aos colaboradores das empresas clientes, das ag\u00eancias associadas e tamb\u00e9m para n\u00e3o associadas Abracorp, e\u00a0<strong>Parceiro de Valor Abracorp<\/strong>, evento anual que premiar\u00e1 os principais fornecedores do mercado brasileiro de viagens corporativas, segundo 6 crit\u00e9rios qualitativos e objetivos de desempenho:<\/p>\n\n\n\n<ul><li>Guia de boas pr\u00e1ticas Abracorp<\/li><li>Competitividade comercial<\/li><li>Efici\u00eancia e qualidade no atendimento operacional<\/li><li>Tecnologia e inova\u00e7\u00e3o<\/li><li>Diferencia\u00e7\u00e3o na oferta de benef\u00edcios<\/li><li>Atratividade de produtos<\/li><\/ul>\n\n\n\n<p>Caso voc\u00ea ainda n\u00e3o tenha assistido, conhe\u00e7a alguns detalhes destes programas, que chegam para impactar a ind\u00fastria de gest\u00e3o de viagens corporativas, nesta <a href=\"https:\/\/youtu.be\/zZeOcNiZa3U\" target=\"_blank\" rel=\"noreferrer noopener\" aria-label=\"entrevista do diretor executivo da Abracorp ao editor-chefe e CCO da Panrotas. (opens in a new tab)\">entrevista do diretor executivo da Abracorp ao editor-chefe e CCO da Panrotas.<\/a><\/p>\n\n\n\n<p><\/p>\n\n\n\n<figure class=\"wp-block-image\"><img loading=\"lazy\" width=\"1024\" height=\"780\" src=\"http:\/\/blog.panrotas.com.br\/b2btech\/wp-content\/uploads\/sites\/7\/2019\/08\/fa96cd9f-2428-4c1b-9390-988471844d3d-1024x780.jpeg\" alt=\"\" class=\"wp-image-7191\" srcset=\"https:\/\/blog.panrotas.com.br\/b2btech\/wp-content\/uploads\/sites\/7\/2019\/08\/fa96cd9f-2428-4c1b-9390-988471844d3d-1024x780.jpeg 1024w, https:\/\/blog.panrotas.com.br\/b2btech\/wp-content\/uploads\/sites\/7\/2019\/08\/fa96cd9f-2428-4c1b-9390-988471844d3d-300x229.jpeg 300w, https:\/\/blog.panrotas.com.br\/b2btech\/wp-content\/uploads\/sites\/7\/2019\/08\/fa96cd9f-2428-4c1b-9390-988471844d3d-768x585.jpeg 768w, https:\/\/blog.panrotas.com.br\/b2btech\/wp-content\/uploads\/sites\/7\/2019\/08\/fa96cd9f-2428-4c1b-9390-988471844d3d-740x564.jpeg 740w, https:\/\/blog.panrotas.com.br\/b2btech\/wp-content\/uploads\/sites\/7\/2019\/08\/fa96cd9f-2428-4c1b-9390-988471844d3d.jpeg 1125w\" sizes=\"(max-width: 1024px) 100vw, 1024px\" \/><\/figure>\n\n\n\n<p>Al\u00e9m dessas iniciativas, o\u00a0<strong><a rel=\"noreferrer noopener\" aria-label=\"5o. Forum Abracorp (opens in a new tab)\" href=\"https:\/\/www.panrotas.com.br\/viagens-corporativas\/eventos\/2019\/08\/veja-detalhes-da-participacao-da-abracorp-na-abav-expo_166793.html\" target=\"_blank\">5o. Forum Abracorp<\/a><\/strong>, que ocorrer\u00e1 dentro da ABAV Expo 2019, no Expo Center Norte, promete debates de alt\u00edssimo n\u00edvel com a participa\u00e7\u00e3o de especialistas atuantes no mercado de gest\u00e3o de viagens corporativas, al\u00e9m da <strong><a rel=\"noreferrer noopener\" aria-label=\"Ilha Corporativa Abracorp (opens in a new tab)\" href=\"https:\/\/www.panrotas.com.br\/viagens-corporativas\/eventos\/2019\/08\/veja-detalhes-da-participacao-da-abracorp-na-abav-expo_166793.html\" target=\"_blank\">Ilha Corporativa Abracorp<\/a><\/strong> que, em parceria com a GOL, aglutinar\u00e1 tamb\u00e9m na ABAV Expo 2019, os expositores dedicados ao mercado de gest\u00e3o de viagens corporativas.<\/p>\n\n\n\n<p>Voc\u00ea n\u00e3o pode perder !<\/p>\n\n\n\n<p>.<\/p>\n","protected":false},"excerpt":{"rendered":"<p>A Associa\u00e7\u00e3o Brasileira de Ag\u00eancias de Viagens Corporativas, que re\u00fane 29 das mais importantes TMCs do Brasil, sempre foi identificada com profissionalismo, relev\u00e2ncia e refer\u00eancia de mercado, desde a sua funda\u00e7\u00e3o, e n\u00e3o h\u00e1 nenhuma novidade nisso. Mas algo vem mudando recentemente, e pra melhor&#8230; Sob orienta\u00e7\u00e3o do Conselho de Administra\u00e7\u00e3o, que deu continuidade aos&hellip; <a class=\"more-link\" href=\"https:\/\/blog.panrotas.com.br\/b2btech\/2019\/08\/20\/abracorp-onipresente\/\">Continue reading &rarr;<\/a><\/p>\n","protected":false},"author":11,"featured_media":7197,"comment_status":"open","ping_status":"open","sticky":false,"template":"","format":"standard","meta":{"spay_email":""},"categories":[2,3,4,5,6,8,10,11,14,15],"tags":[20,21,24,143,37,65,114],"yoast_head":"<!-- This site is optimized with the Yoast SEO plugin v17.3 - https:\/\/yoast.com\/wordpress\/plugins\/seo\/ -->\n<title>ABRACORP ONIPRESENTE - B2btech<\/title>\n<meta name=\"robots\" content=\"index, follow, max-snippet:-1, max-image-preview:large, max-video-preview:-1\" \/>\n<link rel=\"canonical\" href=\"https:\/\/blog.panrotas.com.br\/b2btech\/2019\/08\/20\/abracorp-onipresente\/\" \/>\n<meta property=\"og:locale\" content=\"pt_BR\" \/>\n<meta property=\"og:type\" content=\"article\" \/>\n<meta property=\"og:title\" content=\"ABRACORP ONIPRESENTE - B2btech\" \/>\n<meta property=\"og:description\" content=\"A Associa\u00e7\u00e3o Brasileira de Ag\u00eancias de Viagens Corporativas, que re\u00fane 29 das mais importantes TMCs do Brasil, sempre foi identificada com profissionalismo, relev\u00e2ncia e refer\u00eancia de mercado, desde a sua funda\u00e7\u00e3o, e n\u00e3o h\u00e1 nenhuma novidade nisso. Mas algo vem mudando recentemente, e pra melhor&#8230; Sob orienta\u00e7\u00e3o do Conselho de Administra\u00e7\u00e3o, que deu continuidade aos&hellip; Continue reading &rarr;\" \/>\n<meta property=\"og:url\" content=\"https:\/\/blog.panrotas.com.br\/b2btech\/2019\/08\/20\/abracorp-onipresente\/\" \/>\n<meta property=\"og:site_name\" content=\"B2btech\" \/>\n<meta property=\"article:published_time\" content=\"2019-08-20T14:20:04+00:00\" \/>\n<meta property=\"article:modified_time\" content=\"2019-08-21T17:52:39+00:00\" \/>\n<meta property=\"og:image\" content=\"https:\/\/blog.panrotas.com.br\/b2btech\/wp-content\/uploads\/sites\/7\/2019\/08\/23b0759d-9da1-4635-8c8d-b908b8db289e.jpeg\" \/>\n\t<meta property=\"og:image:width\" content=\"3926\" \/>\n\t<meta property=\"og:image:height\" content=\"2343\" \/>\n<meta name=\"twitter:card\" content=\"summary_large_image\" \/>\n<meta name=\"twitter:label1\" content=\"Escrito por\" \/>\n\t<meta name=\"twitter:data1\" content=\"Lu\u00eds Vabo\" \/>\n\t<meta name=\"twitter:label2\" content=\"Est. tempo de leitura\" \/>\n\t<meta name=\"twitter:data2\" content=\"3 minutos\" \/>\n<script type=\"application\/ld+json\" class=\"yoast-schema-graph\">{\"@context\":\"https:\/\/schema.org\",\"@graph\":[{\"@type\":\"WebSite\",\"@id\":\"https:\/\/blog.panrotas.com.br\/b2btech\/#website\",\"url\":\"https:\/\/blog.panrotas.com.br\/b2btech\/\",\"name\":\"B2btech\",\"description\":\"Blogosfera PANROTAS\",\"potentialAction\":[{\"@type\":\"SearchAction\",\"target\":{\"@type\":\"EntryPoint\",\"urlTemplate\":\"https:\/\/blog.panrotas.com.br\/b2btech\/?s={search_term_string}\"},\"query-input\":\"required name=search_term_string\"}],\"inLanguage\":\"pt-BR\"},{\"@type\":\"ImageObject\",\"@id\":\"https:\/\/blog.panrotas.com.br\/b2btech\/2019\/08\/20\/abracorp-onipresente\/#primaryimage\",\"inLanguage\":\"pt-BR\",\"url\":\"https:\/\/blog.panrotas.com.br\/b2btech\/wp-content\/uploads\/sites\/7\/2019\/08\/23b0759d-9da1-4635-8c8d-b908b8db289e.jpeg\",\"contentUrl\":\"https:\/\/blog.panrotas.com.br\/b2btech\/wp-content\/uploads\/sites\/7\/2019\/08\/23b0759d-9da1-4635-8c8d-b908b8db289e.jpeg\",\"width\":3926,\"height\":2343},{\"@type\":\"WebPage\",\"@id\":\"https:\/\/blog.panrotas.com.br\/b2btech\/2019\/08\/20\/abracorp-onipresente\/#webpage\",\"url\":\"https:\/\/blog.panrotas.com.br\/b2btech\/2019\/08\/20\/abracorp-onipresente\/\",\"name\":\"ABRACORP ONIPRESENTE - B2btech\",\"isPartOf\":{\"@id\":\"https:\/\/blog.panrotas.com.br\/b2btech\/#website\"},\"primaryImageOfPage\":{\"@id\":\"https:\/\/blog.panrotas.com.br\/b2btech\/2019\/08\/20\/abracorp-onipresente\/#primaryimage\"},\"datePublished\":\"2019-08-20T14:20:04+00:00\",\"dateModified\":\"2019-08-21T17:52:39+00:00\",\"author\":{\"@id\":\"https:\/\/blog.panrotas.com.br\/b2btech\/#\/schema\/person\/2d58abeacbdf1a9b93993c7f1b7406d6\"},\"breadcrumb\":{\"@id\":\"https:\/\/blog.panrotas.com.br\/b2btech\/2019\/08\/20\/abracorp-onipresente\/#breadcrumb\"},\"inLanguage\":\"pt-BR\",\"potentialAction\":[{\"@type\":\"ReadAction\",\"target\":[\"https:\/\/blog.panrotas.com.br\/b2btech\/2019\/08\/20\/abracorp-onipresente\/\"]}]},{\"@type\":\"BreadcrumbList\",\"@id\":\"https:\/\/blog.panrotas.com.br\/b2btech\/2019\/08\/20\/abracorp-onipresente\/#breadcrumb\",\"itemListElement\":[{\"@type\":\"ListItem\",\"position\":1,\"name\":\"In\\u00edcio\",\"item\":\"https:\/\/blog.panrotas.com.br\/b2btech\/\"},{\"@type\":\"ListItem\",\"position\":2,\"name\":\"ABRACORP ONIPRESENTE\"}]},{\"@type\":\"Person\",\"@id\":\"https:\/\/blog.panrotas.com.br\/b2btech\/#\/schema\/person\/2d58abeacbdf1a9b93993c7f1b7406d6\",\"name\":\"Lu\\u00eds Vabo\",\"image\":{\"@type\":\"ImageObject\",\"@id\":\"https:\/\/blog.panrotas.com.br\/b2btech\/#personlogo\",\"inLanguage\":\"pt-BR\",\"url\":\"https:\/\/secure.gravatar.com\/avatar\/66c6e91231deb293ea586f1325cdda96?s=96&d=mm&r=g\",\"contentUrl\":\"https:\/\/secure.gravatar.com\/avatar\/66c6e91231deb293ea586f1325cdda96?s=96&d=mm&r=g\",\"caption\":\"Lu\\u00eds Vabo\"},\"description\":\"Entusiasta da inova\\u00e7\\u00e3o, do empreendedorismo e da alta performance, adepto da vida saud\\u00e1vel, dos amigos e da fam\\u00edlia, obstinado, volunt\\u00e1rio, esportista e apaixonado. S\\u00f3cio-CEO Reserve Systems \\ud83d\\udcca S\\u00f3cio-fundador Solid Gest\\u00e3o \\ud83d\\udcc8 S\\u00f3cio-CFO MyView Drones \\ud83d\\ude81 S\\u00f3cio Link School of Business \\ud83c\\udf93 Conselheiro Abracorp \\u2708\\ufe0f\",\"sameAs\":[\"http:\/\/www.reserve.com.br\"],\"url\":\"https:\/\/blog.panrotas.com.br\/b2btech\/author\/luisvabo\/\"}]}<\/script>\n<!-- \/ Yoast SEO plugin. -->","yoast_head_json":{"title":"ABRACORP ONIPRESENTE - B2btech","robots":{"index":"index","follow":"follow","max-snippet":"max-snippet:-1","max-image-preview":"max-image-preview:large","max-video-preview":"max-video-preview:-1"},"canonical":"https:\/\/blog.panrotas.com.br\/b2btech\/2019\/08\/20\/abracorp-onipresente\/","og_locale":"pt_BR","og_type":"article","og_title":"ABRACORP ONIPRESENTE - B2btech","og_description":"A Associa\u00e7\u00e3o Brasileira de Ag\u00eancias de Viagens Corporativas, que re\u00fane 29 das mais importantes TMCs do Brasil, sempre foi identificada com profissionalismo, relev\u00e2ncia e refer\u00eancia de mercado, desde a sua funda\u00e7\u00e3o, e n\u00e3o h\u00e1 nenhuma novidade nisso. Mas algo vem mudando recentemente, e pra melhor&#8230; Sob orienta\u00e7\u00e3o do Conselho de Administra\u00e7\u00e3o, que deu continuidade aos&hellip; Continue reading &rarr;","og_url":"https:\/\/blog.panrotas.com.br\/b2btech\/2019\/08\/20\/abracorp-onipresente\/","og_site_name":"B2btech","article_published_time":"2019-08-20T14:20:04+00:00","article_modified_time":"2019-08-21T17:52:39+00:00","og_image":[{"width":3926,"height":2343,"url":"https:\/\/blog.panrotas.com.br\/b2btech\/wp-content\/uploads\/sites\/7\/2019\/08\/23b0759d-9da1-4635-8c8d-b908b8db289e.jpeg","type":"image\/jpeg"}],"twitter_card":"summary_large_image","twitter_misc":{"Escrito por":"Lu\u00eds Vabo","Est. tempo de leitura":"3 minutos"},"schema":{"@context":"https:\/\/schema.org","@graph":[{"@type":"WebSite","@id":"https:\/\/blog.panrotas.com.br\/b2btech\/#website","url":"https:\/\/blog.panrotas.com.br\/b2btech\/","name":"B2btech","description":"Blogosfera PANROTAS","potentialAction":[{"@type":"SearchAction","target":{"@type":"EntryPoint","urlTemplate":"https:\/\/blog.panrotas.com.br\/b2btech\/?s={search_term_string}"},"query-input":"required name=search_term_string"}],"inLanguage":"pt-BR"},{"@type":"ImageObject","@id":"https:\/\/blog.panrotas.com.br\/b2btech\/2019\/08\/20\/abracorp-onipresente\/#primaryimage","inLanguage":"pt-BR","url":"https:\/\/blog.panrotas.com.br\/b2btech\/wp-content\/uploads\/sites\/7\/2019\/08\/23b0759d-9da1-4635-8c8d-b908b8db289e.jpeg","contentUrl":"https:\/\/blog.panrotas.com.br\/b2btech\/wp-content\/uploads\/sites\/7\/2019\/08\/23b0759d-9da1-4635-8c8d-b908b8db289e.jpeg","width":3926,"height":2343},{"@type":"WebPage","@id":"https:\/\/blog.panrotas.com.br\/b2btech\/2019\/08\/20\/abracorp-onipresente\/#webpage","url":"https:\/\/blog.panrotas.com.br\/b2btech\/2019\/08\/20\/abracorp-onipresente\/","name":"ABRACORP ONIPRESENTE - B2btech","isPartOf":{"@id":"https:\/\/blog.panrotas.com.br\/b2btech\/#website"},"primaryImageOfPage":{"@id":"https:\/\/blog.panrotas.com.br\/b2btech\/2019\/08\/20\/abracorp-onipresente\/#primaryimage"},"datePublished":"2019-08-20T14:20:04+00:00","dateModified":"2019-08-21T17:52:39+00:00","author":{"@id":"https:\/\/blog.panrotas.com.br\/b2btech\/#\/schema\/person\/2d58abeacbdf1a9b93993c7f1b7406d6"},"breadcrumb":{"@id":"https:\/\/blog.panrotas.com.br\/b2btech\/2019\/08\/20\/abracorp-onipresente\/#breadcrumb"},"inLanguage":"pt-BR","potentialAction":[{"@type":"ReadAction","target":["https:\/\/blog.panrotas.com.br\/b2btech\/2019\/08\/20\/abracorp-onipresente\/"]}]},{"@type":"BreadcrumbList","@id":"https:\/\/blog.panrotas.com.br\/b2btech\/2019\/08\/20\/abracorp-onipresente\/#breadcrumb","itemListElement":[{"@type":"ListItem","position":1,"name":"In\u00edcio","item":"https:\/\/blog.panrotas.com.br\/b2btech\/"},{"@type":"ListItem","position":2,"name":"ABRACORP ONIPRESENTE"}]},{"@type":"Person","@id":"https:\/\/blog.panrotas.com.br\/b2btech\/#\/schema\/person\/2d58abeacbdf1a9b93993c7f1b7406d6","name":"Lu\u00eds Vabo","image":{"@type":"ImageObject","@id":"https:\/\/blog.panrotas.com.br\/b2btech\/#personlogo","inLanguage":"pt-BR","url":"https:\/\/secure.gravatar.com\/avatar\/66c6e91231deb293ea586f1325cdda96?s=96&d=mm&r=g","contentUrl":"https:\/\/secure.gravatar.com\/avatar\/66c6e91231deb293ea586f1325cdda96?s=96&d=mm&r=g","caption":"Lu\u00eds Vabo"},"description":"Entusiasta da inova\u00e7\u00e3o, do empreendedorismo e da alta performance, adepto da vida saud\u00e1vel, dos amigos e da fam\u00edlia, obstinado, volunt\u00e1rio, esportista e apaixonado. S\u00f3cio-CEO Reserve Systems \ud83d\udcca S\u00f3cio-fundador Solid Gest\u00e3o \ud83d\udcc8 S\u00f3cio-CFO MyView Drones \ud83d\ude81 S\u00f3cio Link School of Business \ud83c\udf93 Conselheiro Abracorp \u2708\ufe0f","sameAs":["http:\/\/www.reserve.com.br"],"url":"https:\/\/blog.panrotas.com.br\/b2btech\/author\/luisvabo\/"}]}},"jetpack_featured_media_url":"https:\/\/blog.panrotas.com.br\/b2btech\/wp-content\/uploads\/sites\/7\/2019\/08\/23b0759d-9da1-4635-8c8d-b908b8db289e.jpeg","_links":{"self":[{"href":"https:\/\/blog.panrotas.com.br\/b2btech\/wp-json\/wp\/v2\/posts\/7185"}],"collection":[{"href":"https:\/\/blog.panrotas.com.br\/b2btech\/wp-json\/wp\/v2\/posts"}],"about":[{"href":"https:\/\/blog.panrotas.com.br\/b2btech\/wp-json\/wp\/v2\/types\/post"}],"author":[{"embeddable":true,"href":"https:\/\/blog.panrotas.com.br\/b2btech\/wp-json\/wp\/v2\/users\/11"}],"replies":[{"embeddable":true,"href":"https:\/\/blog.panrotas.com.br\/b2btech\/wp-json\/wp\/v2\/comments?post=7185"}],"version-history":[{"count":11,"href":"https:\/\/blog.panrotas.com.br\/b2btech\/wp-json\/wp\/v2\/posts\/7185\/revisions"}],"predecessor-version":[{"id":7201,"href":"https:\/\/blog.panrotas.com.br\/b2btech\/wp-json\/wp\/v2\/posts\/7185\/revisions\/7201"}],"wp:featuredmedia":[{"embeddable":true,"href":"https:\/\/blog.panrotas.com.br\/b2btech\/wp-json\/wp\/v2\/media\/7197"}],"wp:attachment":[{"href":"https:\/\/blog.panrotas.com.br\/b2btech\/wp-json\/wp\/v2\/media?parent=7185"}],"wp:term":[{"taxonomy":"category","embeddable":true,"href":"https:\/\/blog.panrotas.com.br\/b2btech\/wp-json\/wp\/v2\/categories?post=7185"},{"taxonomy":"post_tag","embeddable":true,"href":"https:\/\/blog.panrotas.com.br\/b2btech\/wp-json\/wp\/v2\/tags?post=7185"}],"curies":[{"name":"wp","href":"https:\/\/api.w.org\/{rel}","templated":true}]}}