{"id":7261,"date":"2020-03-05T00:17:16","date_gmt":"2020-03-05T03:17:16","guid":{"rendered":"http:\/\/blog.panrotas.com.br\/b2btech\/?p=7261"},"modified":"2020-03-06T19:58:19","modified_gmt":"2020-03-06T22:58:19","slug":"covid-19-nao-vou-mudar-minha-agenda","status":"publish","type":"post","link":"https:\/\/blog.panrotas.com.br\/b2btech\/2020\/03\/05\/covid-19-nao-vou-mudar-minha-agenda\/","title":{"rendered":"COVID-19: N\u00c3O VOU MUDAR MINHA AGENDA"},"content":{"rendered":"\n<p><br>Acho que sou um sujeito respons\u00e1vel, um pouco demais at\u00e9, tenho atitudes e procedimentos de seguran\u00e7a muito pr\u00f3prios que, algumas vezes, tornam-me at\u00e9 um tanto chato para conviver.<\/p>\n\n\n\n<p>Ainda bem que minha fam\u00edlia e amigos pr\u00f3ximos s\u00e3o tolerantes, entendem e aceitam o que chamam de minhas manias, mas que, na verdade, s\u00e3o h\u00e1bitos bem disciplinados para redu\u00e7\u00e3o de riscos, qualquer risco, na vida, nos neg\u00f3cios, na sa\u00fade, no dia-a-dia.<\/p>\n\n\n\n<p>Isso n\u00e3o significa que n\u00e3o corro riscos, bem ao contr\u00e1rio, sou at\u00e9 chegado a encarar determinadas situa\u00e7\u00f5es arriscadas, desde que minuciosamente analisadas e cuja rela\u00e7\u00e3o chance X recompensa valham realmente a pena enfrentar.<\/p>\n\n\n\n<p>Fa\u00e7o todo esse pre\u00e2mbulo para afirmar que <strong>n\u00e3o vou mudar minha agenda nem meus h\u00e1bitos<\/strong> por causa do coronavirus:<\/p>\n\n\n\n<p>1) Vou para a Europa ainda em mar\u00e7o e para os USA em maio.<\/p>\n\n\n\n<p>2) Continuarei a lavar bem as m\u00e3os, da forma e na frequ\u00eancia adequadas, ali\u00e1s como aprendi em casa e nunca deixei de fazer.<\/p>\n\n\n\n<p>3) Evitarei gentilmente a proximidade com pessoas resfriadas, gripadas, espirrando ou tossindo, como tamb\u00e9m sempre fiz e continuareI a fazer mesmo ap\u00f3s esta pandemia passar.<\/p>\n\n\n\n<figure class=\"wp-block-image size-large\"><img loading=\"lazy\" width=\"640\" height=\"413\" src=\"http:\/\/blog.panrotas.com.br\/b2btech\/wp-content\/uploads\/sites\/7\/2020\/03\/73e78421-b053-490c-8d88-6d1ea14be754.jpeg\" alt=\"\" class=\"wp-image-7271\" srcset=\"https:\/\/blog.panrotas.com.br\/b2btech\/wp-content\/uploads\/sites\/7\/2020\/03\/73e78421-b053-490c-8d88-6d1ea14be754.jpeg 640w, https:\/\/blog.panrotas.com.br\/b2btech\/wp-content\/uploads\/sites\/7\/2020\/03\/73e78421-b053-490c-8d88-6d1ea14be754-300x194.jpeg 300w\" sizes=\"(max-width: 640px) 100vw, 640px\" \/><figcaption>Manter h\u00e1bitos saud\u00e1veis de conviv\u00eancia social e praticar comportamentos de redu\u00e7\u00e3o de risco de contamina\u00e7\u00e3o s\u00e3o o caminho para evitar o coronavirus<\/figcaption><\/figure>\n\n\n\n<p>4) Tamb\u00e9m continuarei a evitar locais com grandes aglomera\u00e7\u00f5es e isso definitivamente n\u00e3o inclui avi\u00f5es, hot\u00e9is, passeios, reuni\u00f5es e pequenos ou m\u00e9dios eventos corporativos.<\/p>\n\n\n\n<p>Acho que cada um deve agir conforme a sua consci\u00eancia e eu respeito a opini\u00e3o e a decis\u00e3o de todos que optarem por mudar seus h\u00e1bitos, seus procedimentos e suas agendas, mas o fato \u00e9 que a dengue (com <a rel=\"noreferrer noopener\" aria-label=\"epidemia no Paran\u00e1 em 2020 (opens in a new tab)\" href=\"https:\/\/www.google.com.br\/amp\/s\/g1.globo.com\/google\/amp\/pr\/parana\/noticia\/2020\/03\/03\/parana-entra-em-estado-de-epidemia-de-dengue-numero-de-mortes-sobe-para-30.ghtml\" target=\"_blank\">epidemia no Paran\u00e1 em 2020<\/a> e quase <a rel=\"noreferrer noopener\" aria-label=\"800 mortes no Brasil de cerca de 1,5 milh\u00e3o de doentes em 2019 (opens in a new tab)\" href=\"https:\/\/www1.folha.uol.com.br\/cotidiano\/2020\/01\/brasil-registra-em-2019-segundo-maior-numero-de-mortes-por-dengue-em-21-anos.shtml\" target=\"_blank\">800 mortes no Brasil e cerca de 1,5 milh\u00e3o de doentes em 2019<\/a>) e o sarampo (que voltou com for\u00e7a com <a rel=\"noreferrer noopener\" aria-label=\"13.500 casos confirmados em 2019 (opens in a new tab)\" href=\"https:\/\/www.google.com.br\/amp\/s\/g1.globo.com\/google\/amp\/bemestar\/sarampo\/noticia\/2019\/12\/19\/brasil-tem-134-mil-casos-confirmados-de-sarampo-em-2019-diz-ministerio-da-saude.ghtml\" target=\"_blank\">13.500 casos confirmados em 2019<\/a>), entre outras doen\u00e7as transm\u00edssiveis, me preocupam muito mais.<\/p>\n\n\n\n<p>O principal efeito nefasto do Covid-19 \u00e9 mesmo o estado de quase p\u00e2nico que uma parte da popula\u00e7\u00e3o mundial est\u00e1 entrando, tend\u00eancia que eu considero advinda de 2 fatores:<\/p>\n\n\n\n<p>1) \u00c9 uma doen\u00e7a que n\u00e3o distingue ricos e pobres (e os ricos s\u00e3o os que andam mais assustados).<\/p>\n\n\n\n<p>2) \u00c9 uma amea\u00e7a viral (com duplo sentido) devido \u00e0 dissemina\u00e7\u00e3o do v\u00edrus e das not\u00edcias, em <em>real time<\/em>, via redes sociais e dramatiza\u00e7\u00e3o pela grande imprensa, sem qualquer tipo de barreira ou distin\u00e7\u00e3o de fronteiras.<\/p>\n\n\n\n<p>Por estes e outros motivos, n\u00e3o vejo raz\u00f5es para este p\u00e2nico viral, n\u00e3o vou deixar de viajar nem vou deixar de vender viagens, porque acredito mesmo que n\u00e3o seria o isolamento de pessoas saud\u00e1veis que evitaria a dissemina\u00e7\u00e3o desta doen\u00e7a, mas isso teria potencial de gerar uma grave crise econ\u00f4mica (bem mais cruel), fato que n\u00f3s, empres\u00e1rios do mercado de viagens e turismo, temos todos a responsabilidade de evitar.<\/p>\n\n\n\n<p>.<\/p>\n\n\n\n<p>Obs.: Para variar um pouco, confira aqui <a rel=\"noreferrer noopener\" aria-label=\"10 boas not\u00edcias (opens in a new tab)\" href=\"https:\/\/www.google.com.br\/amp\/s\/www.bbc.com\/portuguese\/amp\/geral-51736012\" target=\"_blank\"><strong>10 boas not\u00edcias<\/strong><\/a> a respeito do coronavirus<\/p>\n\n\n\n<p>.<\/p>\n","protected":false},"excerpt":{"rendered":"<p>Acho que sou um sujeito respons\u00e1vel, um pouco demais at\u00e9, tenho atitudes e procedimentos de seguran\u00e7a muito pr\u00f3prios que, algumas vezes, tornam-me at\u00e9 um tanto chato para conviver. Ainda bem que minha fam\u00edlia e amigos pr\u00f3ximos s\u00e3o tolerantes, entendem e aceitam o que chamam de minhas manias, mas que, na verdade, s\u00e3o h\u00e1bitos bem disciplinados&hellip; <a class=\"more-link\" href=\"https:\/\/blog.panrotas.com.br\/b2btech\/2020\/03\/05\/covid-19-nao-vou-mudar-minha-agenda\/\">Continue reading &rarr;<\/a><\/p>\n","protected":false},"author":11,"featured_media":7269,"comment_status":"open","ping_status":"open","sticky":false,"template":"","format":"standard","meta":{"spay_email":""},"categories":[4],"tags":[175,176,177,179,173,174,178,114,168,170,172,171],"yoast_head":"<!-- This site is optimized with the Yoast SEO plugin v17.3 - https:\/\/yoast.com\/wordpress\/plugins\/seo\/ -->\n<title>COVID-19: N\u00c3O VOU MUDAR MINHA AGENDA - B2btech<\/title>\n<meta name=\"robots\" content=\"index, follow, max-snippet:-1, max-image-preview:large, max-video-preview:-1\" \/>\n<link rel=\"canonical\" href=\"https:\/\/blog.panrotas.com.br\/b2btech\/2020\/03\/05\/covid-19-nao-vou-mudar-minha-agenda\/\" \/>\n<meta property=\"og:locale\" content=\"pt_BR\" \/>\n<meta property=\"og:type\" content=\"article\" \/>\n<meta property=\"og:title\" content=\"COVID-19: N\u00c3O VOU MUDAR MINHA AGENDA - B2btech\" \/>\n<meta property=\"og:description\" content=\"Acho que sou um sujeito respons\u00e1vel, um pouco demais at\u00e9, tenho atitudes e procedimentos de seguran\u00e7a muito pr\u00f3prios que, algumas vezes, tornam-me at\u00e9 um tanto chato para conviver. Ainda bem que minha fam\u00edlia e amigos pr\u00f3ximos s\u00e3o tolerantes, entendem e aceitam o que chamam de minhas manias, mas que, na verdade, s\u00e3o h\u00e1bitos bem disciplinados&hellip; Continue reading &rarr;\" \/>\n<meta property=\"og:url\" content=\"https:\/\/blog.panrotas.com.br\/b2btech\/2020\/03\/05\/covid-19-nao-vou-mudar-minha-agenda\/\" \/>\n<meta property=\"og:site_name\" content=\"B2btech\" \/>\n<meta property=\"article:published_time\" content=\"2020-03-05T03:17:16+00:00\" \/>\n<meta property=\"article:modified_time\" content=\"2020-03-06T22:58:19+00:00\" \/>\n<meta property=\"og:image\" content=\"https:\/\/blog.panrotas.com.br\/b2btech\/wp-content\/uploads\/sites\/7\/2020\/03\/de68f915-b110-4251-b6f1-92ae40ecdeab.jpeg\" \/>\n\t<meta property=\"og:image:width\" content=\"701\" \/>\n\t<meta property=\"og:image:height\" content=\"438\" \/>\n<meta name=\"twitter:card\" content=\"summary_large_image\" \/>\n<meta name=\"twitter:label1\" content=\"Escrito por\" \/>\n\t<meta name=\"twitter:data1\" content=\"Lu\u00eds Vabo\" \/>\n\t<meta name=\"twitter:label2\" content=\"Est. tempo de leitura\" \/>\n\t<meta name=\"twitter:data2\" content=\"3 minutos\" \/>\n<script type=\"application\/ld+json\" class=\"yoast-schema-graph\">{\"@context\":\"https:\/\/schema.org\",\"@graph\":[{\"@type\":\"WebSite\",\"@id\":\"https:\/\/blog.panrotas.com.br\/b2btech\/#website\",\"url\":\"https:\/\/blog.panrotas.com.br\/b2btech\/\",\"name\":\"B2btech\",\"description\":\"Blogosfera PANROTAS\",\"potentialAction\":[{\"@type\":\"SearchAction\",\"target\":{\"@type\":\"EntryPoint\",\"urlTemplate\":\"https:\/\/blog.panrotas.com.br\/b2btech\/?s={search_term_string}\"},\"query-input\":\"required name=search_term_string\"}],\"inLanguage\":\"pt-BR\"},{\"@type\":\"ImageObject\",\"@id\":\"https:\/\/blog.panrotas.com.br\/b2btech\/2020\/03\/05\/covid-19-nao-vou-mudar-minha-agenda\/#primaryimage\",\"inLanguage\":\"pt-BR\",\"url\":\"https:\/\/blog.panrotas.com.br\/b2btech\/wp-content\/uploads\/sites\/7\/2020\/03\/de68f915-b110-4251-b6f1-92ae40ecdeab.jpeg\",\"contentUrl\":\"https:\/\/blog.panrotas.com.br\/b2btech\/wp-content\/uploads\/sites\/7\/2020\/03\/de68f915-b110-4251-b6f1-92ae40ecdeab.jpeg\",\"width\":701,\"height\":438},{\"@type\":\"WebPage\",\"@id\":\"https:\/\/blog.panrotas.com.br\/b2btech\/2020\/03\/05\/covid-19-nao-vou-mudar-minha-agenda\/#webpage\",\"url\":\"https:\/\/blog.panrotas.com.br\/b2btech\/2020\/03\/05\/covid-19-nao-vou-mudar-minha-agenda\/\",\"name\":\"COVID-19: N\\u00c3O VOU MUDAR MINHA AGENDA - B2btech\",\"isPartOf\":{\"@id\":\"https:\/\/blog.panrotas.com.br\/b2btech\/#website\"},\"primaryImageOfPage\":{\"@id\":\"https:\/\/blog.panrotas.com.br\/b2btech\/2020\/03\/05\/covid-19-nao-vou-mudar-minha-agenda\/#primaryimage\"},\"datePublished\":\"2020-03-05T03:17:16+00:00\",\"dateModified\":\"2020-03-06T22:58:19+00:00\",\"author\":{\"@id\":\"https:\/\/blog.panrotas.com.br\/b2btech\/#\/schema\/person\/2d58abeacbdf1a9b93993c7f1b7406d6\"},\"breadcrumb\":{\"@id\":\"https:\/\/blog.panrotas.com.br\/b2btech\/2020\/03\/05\/covid-19-nao-vou-mudar-minha-agenda\/#breadcrumb\"},\"inLanguage\":\"pt-BR\",\"potentialAction\":[{\"@type\":\"ReadAction\",\"target\":[\"https:\/\/blog.panrotas.com.br\/b2btech\/2020\/03\/05\/covid-19-nao-vou-mudar-minha-agenda\/\"]}]},{\"@type\":\"BreadcrumbList\",\"@id\":\"https:\/\/blog.panrotas.com.br\/b2btech\/2020\/03\/05\/covid-19-nao-vou-mudar-minha-agenda\/#breadcrumb\",\"itemListElement\":[{\"@type\":\"ListItem\",\"position\":1,\"name\":\"In\\u00edcio\",\"item\":\"https:\/\/blog.panrotas.com.br\/b2btech\/\"},{\"@type\":\"ListItem\",\"position\":2,\"name\":\"COVID-19: N\\u00c3O VOU MUDAR MINHA AGENDA\"}]},{\"@type\":\"Person\",\"@id\":\"https:\/\/blog.panrotas.com.br\/b2btech\/#\/schema\/person\/2d58abeacbdf1a9b93993c7f1b7406d6\",\"name\":\"Lu\\u00eds Vabo\",\"image\":{\"@type\":\"ImageObject\",\"@id\":\"https:\/\/blog.panrotas.com.br\/b2btech\/#personlogo\",\"inLanguage\":\"pt-BR\",\"url\":\"https:\/\/secure.gravatar.com\/avatar\/66c6e91231deb293ea586f1325cdda96?s=96&d=mm&r=g\",\"contentUrl\":\"https:\/\/secure.gravatar.com\/avatar\/66c6e91231deb293ea586f1325cdda96?s=96&d=mm&r=g\",\"caption\":\"Lu\\u00eds Vabo\"},\"description\":\"Entusiasta da inova\\u00e7\\u00e3o, do empreendedorismo e da alta performance, adepto da vida saud\\u00e1vel, dos amigos e da fam\\u00edlia, obstinado, volunt\\u00e1rio, esportista e apaixonado. S\\u00f3cio-CEO Reserve Systems \\ud83d\\udcca S\\u00f3cio-fundador Solid Gest\\u00e3o \\ud83d\\udcc8 S\\u00f3cio-CFO MyView Drones \\ud83d\\ude81 S\\u00f3cio Link School of Business \\ud83c\\udf93 Conselheiro Abracorp \\u2708\\ufe0f\",\"sameAs\":[\"http:\/\/www.reserve.com.br\"],\"url\":\"https:\/\/blog.panrotas.com.br\/b2btech\/author\/luisvabo\/\"}]}<\/script>\n<!-- \/ Yoast SEO plugin. -->","yoast_head_json":{"title":"COVID-19: N\u00c3O VOU MUDAR MINHA AGENDA - B2btech","robots":{"index":"index","follow":"follow","max-snippet":"max-snippet:-1","max-image-preview":"max-image-preview:large","max-video-preview":"max-video-preview:-1"},"canonical":"https:\/\/blog.panrotas.com.br\/b2btech\/2020\/03\/05\/covid-19-nao-vou-mudar-minha-agenda\/","og_locale":"pt_BR","og_type":"article","og_title":"COVID-19: N\u00c3O VOU MUDAR MINHA AGENDA - B2btech","og_description":"Acho que sou um sujeito respons\u00e1vel, um pouco demais at\u00e9, tenho atitudes e procedimentos de seguran\u00e7a muito pr\u00f3prios que, algumas vezes, tornam-me at\u00e9 um tanto chato para conviver. Ainda bem que minha fam\u00edlia e amigos pr\u00f3ximos s\u00e3o tolerantes, entendem e aceitam o que chamam de minhas manias, mas que, na verdade, s\u00e3o h\u00e1bitos bem disciplinados&hellip; Continue reading &rarr;","og_url":"https:\/\/blog.panrotas.com.br\/b2btech\/2020\/03\/05\/covid-19-nao-vou-mudar-minha-agenda\/","og_site_name":"B2btech","article_published_time":"2020-03-05T03:17:16+00:00","article_modified_time":"2020-03-06T22:58:19+00:00","og_image":[{"width":701,"height":438,"url":"https:\/\/blog.panrotas.com.br\/b2btech\/wp-content\/uploads\/sites\/7\/2020\/03\/de68f915-b110-4251-b6f1-92ae40ecdeab.jpeg","type":"image\/jpeg"}],"twitter_card":"summary_large_image","twitter_misc":{"Escrito por":"Lu\u00eds Vabo","Est. tempo de leitura":"3 minutos"},"schema":{"@context":"https:\/\/schema.org","@graph":[{"@type":"WebSite","@id":"https:\/\/blog.panrotas.com.br\/b2btech\/#website","url":"https:\/\/blog.panrotas.com.br\/b2btech\/","name":"B2btech","description":"Blogosfera PANROTAS","potentialAction":[{"@type":"SearchAction","target":{"@type":"EntryPoint","urlTemplate":"https:\/\/blog.panrotas.com.br\/b2btech\/?s={search_term_string}"},"query-input":"required name=search_term_string"}],"inLanguage":"pt-BR"},{"@type":"ImageObject","@id":"https:\/\/blog.panrotas.com.br\/b2btech\/2020\/03\/05\/covid-19-nao-vou-mudar-minha-agenda\/#primaryimage","inLanguage":"pt-BR","url":"https:\/\/blog.panrotas.com.br\/b2btech\/wp-content\/uploads\/sites\/7\/2020\/03\/de68f915-b110-4251-b6f1-92ae40ecdeab.jpeg","contentUrl":"https:\/\/blog.panrotas.com.br\/b2btech\/wp-content\/uploads\/sites\/7\/2020\/03\/de68f915-b110-4251-b6f1-92ae40ecdeab.jpeg","width":701,"height":438},{"@type":"WebPage","@id":"https:\/\/blog.panrotas.com.br\/b2btech\/2020\/03\/05\/covid-19-nao-vou-mudar-minha-agenda\/#webpage","url":"https:\/\/blog.panrotas.com.br\/b2btech\/2020\/03\/05\/covid-19-nao-vou-mudar-minha-agenda\/","name":"COVID-19: N\u00c3O VOU MUDAR MINHA AGENDA - B2btech","isPartOf":{"@id":"https:\/\/blog.panrotas.com.br\/b2btech\/#website"},"primaryImageOfPage":{"@id":"https:\/\/blog.panrotas.com.br\/b2btech\/2020\/03\/05\/covid-19-nao-vou-mudar-minha-agenda\/#primaryimage"},"datePublished":"2020-03-05T03:17:16+00:00","dateModified":"2020-03-06T22:58:19+00:00","author":{"@id":"https:\/\/blog.panrotas.com.br\/b2btech\/#\/schema\/person\/2d58abeacbdf1a9b93993c7f1b7406d6"},"breadcrumb":{"@id":"https:\/\/blog.panrotas.com.br\/b2btech\/2020\/03\/05\/covid-19-nao-vou-mudar-minha-agenda\/#breadcrumb"},"inLanguage":"pt-BR","potentialAction":[{"@type":"ReadAction","target":["https:\/\/blog.panrotas.com.br\/b2btech\/2020\/03\/05\/covid-19-nao-vou-mudar-minha-agenda\/"]}]},{"@type":"BreadcrumbList","@id":"https:\/\/blog.panrotas.com.br\/b2btech\/2020\/03\/05\/covid-19-nao-vou-mudar-minha-agenda\/#breadcrumb","itemListElement":[{"@type":"ListItem","position":1,"name":"In\u00edcio","item":"https:\/\/blog.panrotas.com.br\/b2btech\/"},{"@type":"ListItem","position":2,"name":"COVID-19: N\u00c3O VOU MUDAR MINHA AGENDA"}]},{"@type":"Person","@id":"https:\/\/blog.panrotas.com.br\/b2btech\/#\/schema\/person\/2d58abeacbdf1a9b93993c7f1b7406d6","name":"Lu\u00eds Vabo","image":{"@type":"ImageObject","@id":"https:\/\/blog.panrotas.com.br\/b2btech\/#personlogo","inLanguage":"pt-BR","url":"https:\/\/secure.gravatar.com\/avatar\/66c6e91231deb293ea586f1325cdda96?s=96&d=mm&r=g","contentUrl":"https:\/\/secure.gravatar.com\/avatar\/66c6e91231deb293ea586f1325cdda96?s=96&d=mm&r=g","caption":"Lu\u00eds Vabo"},"description":"Entusiasta da inova\u00e7\u00e3o, do empreendedorismo e da alta performance, adepto da vida saud\u00e1vel, dos amigos e da fam\u00edlia, obstinado, volunt\u00e1rio, esportista e apaixonado. S\u00f3cio-CEO Reserve Systems \ud83d\udcca S\u00f3cio-fundador Solid Gest\u00e3o \ud83d\udcc8 S\u00f3cio-CFO MyView Drones \ud83d\ude81 S\u00f3cio Link School of Business \ud83c\udf93 Conselheiro Abracorp \u2708\ufe0f","sameAs":["http:\/\/www.reserve.com.br"],"url":"https:\/\/blog.panrotas.com.br\/b2btech\/author\/luisvabo\/"}]}},"jetpack_featured_media_url":"https:\/\/blog.panrotas.com.br\/b2btech\/wp-content\/uploads\/sites\/7\/2020\/03\/de68f915-b110-4251-b6f1-92ae40ecdeab.jpeg","_links":{"self":[{"href":"https:\/\/blog.panrotas.com.br\/b2btech\/wp-json\/wp\/v2\/posts\/7261"}],"collection":[{"href":"https:\/\/blog.panrotas.com.br\/b2btech\/wp-json\/wp\/v2\/posts"}],"about":[{"href":"https:\/\/blog.panrotas.com.br\/b2btech\/wp-json\/wp\/v2\/types\/post"}],"author":[{"embeddable":true,"href":"https:\/\/blog.panrotas.com.br\/b2btech\/wp-json\/wp\/v2\/users\/11"}],"replies":[{"embeddable":true,"href":"https:\/\/blog.panrotas.com.br\/b2btech\/wp-json\/wp\/v2\/comments?post=7261"}],"version-history":[{"count":8,"href":"https:\/\/blog.panrotas.com.br\/b2btech\/wp-json\/wp\/v2\/posts\/7261\/revisions"}],"predecessor-version":[{"id":7275,"href":"https:\/\/blog.panrotas.com.br\/b2btech\/wp-json\/wp\/v2\/posts\/7261\/revisions\/7275"}],"wp:featuredmedia":[{"embeddable":true,"href":"https:\/\/blog.panrotas.com.br\/b2btech\/wp-json\/wp\/v2\/media\/7269"}],"wp:attachment":[{"href":"https:\/\/blog.panrotas.com.br\/b2btech\/wp-json\/wp\/v2\/media?parent=7261"}],"wp:term":[{"taxonomy":"category","embeddable":true,"href":"https:\/\/blog.panrotas.com.br\/b2btech\/wp-json\/wp\/v2\/categories?post=7261"},{"taxonomy":"post_tag","embeddable":true,"href":"https:\/\/blog.panrotas.com.br\/b2btech\/wp-json\/wp\/v2\/tags?post=7261"}],"curies":[{"name":"wp","href":"https:\/\/api.w.org\/{rel}","templated":true}]}}