{"id":915,"date":"2011-10-13T15:59:03","date_gmt":"2011-10-13T18:59:03","guid":{"rendered":"http:\/\/blog.panrotas.com.br\/distribuindoviagens\/?p=915"},"modified":"2011-10-13T15:59:03","modified_gmt":"2011-10-13T18:59:03","slug":"5-motivos-para-ir-a-abav","status":"publish","type":"post","link":"https:\/\/blog.panrotas.com.br\/b2btech\/2011\/10\/13\/5-motivos-para-ir-a-abav\/","title":{"rendered":"5 MOTIVOS PARA IR \u00c0 ABAV"},"content":{"rendered":"<p>Frequento a feira da ABAV h\u00e1 muitos anos, certamente h\u00e1 menos tempo do que muitos leitores, mas mesmo assim, h\u00e1 mais de 20 anos testemunho a sua evolu\u00e7\u00e3o.<\/p>\n<p>Apesar dessa evolu\u00e7\u00e3o n\u00e3o ter sido linear, pois nem sempre o evento melhorou de um ano para o outro, posso dizer que pelo que j\u00e1 foi divulgado pela imprensa e ap\u00f3s uma an\u00e1lise mais detalhada no site do evento, percebo nitidamente que a <strong>Feiras das Am\u00e9ricas &#8211; ABAV 2011 <\/strong>ser\u00e1 a melhor de todas as que participei at\u00e9 hoje.<\/p>\n<p>Exagero? N\u00e3o.<\/p>\n<p>Ufanismo? Tamb\u00e9m n\u00e3o.<\/p>\n<p>Explico: estou me antecipando aos fatos, baseado no diagn\u00f3stico que fiz sobre o pouco que conhe\u00e7o da prepara\u00e7\u00e3o do evento este ano, que resumo (bem resumido) abaixo.<\/p>\n<p><strong>1 &#8211; 39\u00ba Congresso Brasileiro das Ag\u00eancias de Viagens:<\/strong> ocorre simultaneamente \u00e0 feira e aquilo que a organiza\u00e7\u00e3o receava (dispersar a audi\u00eancia), na verdade est\u00e1 trazendo mais inscri\u00e7\u00f5es, principalmente de agentes interessados em informa\u00e7\u00e3o, capacita\u00e7\u00e3o e crescimento dos neg\u00f3cios.<\/p>\n<p><strong>2 &#8211; Imaginadora:<\/strong> a cria\u00e7\u00e3o do conceito e a produ\u00e7\u00e3o dos temas do congresso est\u00e3o nas m\u00e3os de especialistas, gente do ramo, que empresta seu brilho (criatividade, organiza\u00e7\u00e3o, inova\u00e7\u00e3o) a todos os eventos nos quais participa.<\/p>\n<p><strong>3 &#8211; &#8220;Brasil Bem Sucedido: Oportunidades e Novas Atitudes para o Turismo&#8221;:<\/strong> poucas vezes o tema do congresso foi t\u00e3o feliz, expressando numa frase curta a realidade do momento que o Brasil e os neg\u00f3cios do turismo est\u00e3o vivenciando. Que venham os investidores estrangeiros !<\/p>\n<p><strong>4 &#8211; Palestrantes:<\/strong> desde gente tarimbada do mercado de viagens e turismo (e p\u00f5e tarimbada nisso) at\u00e9 cabe\u00e7as nov\u00edssimas e blue chips como Roberto DaMatta (imperd\u00edvel).<\/p>\n<p><strong>5 &#8211; Novos entrantes:<\/strong> mais de 50 novos expositores, entre produtoras de casamento, ag\u00eancias de cicloturismo e OTAs nacionais (sites de ecommerce de ag\u00eancias de viagens), al\u00e9m da confirma\u00e7\u00e3o de todos os expositores tradicionais (destinos, cias. a\u00e9reas, redes hoteleiras, locadoras, operadoras, consolidadores, sistemas de reservas etc etc).<\/p>\n<p>Quem vem, poder\u00e1 confirmar o que digo acima ou n\u00e3o&#8230;<\/p>\n<p>Quem n\u00e3o vem, provavelmente perder\u00e1 um show de ABAV.<\/p>\n<p>.<\/p>\n<p><strong>Aten\u00e7\u00e3o:<\/strong> Voc\u00ea \u00e9 convidado para o <strong><a title=\"6o. Workshop de Tecnologia Reserve 2011\" href=\"http:\/\/www.reserve.com.br\/workshop2011\/default.aspx\" target=\"_blank\" rel=\"noopener noreferrer\">6o. Workshop de Tecnologia Reserve<\/a> <\/strong>dentro do Congresso da ABAV, no dia 20\/01 (5a. feira).<\/p>\n<p><strong><a title=\"6o. Workshop de Tecnologia Reserve\" href=\"http:\/\/www.reserve.com.br\/workshop2011\/default.aspx\" target=\"_blank\" rel=\"noopener noreferrer\">Clique aqui<\/a><\/strong> e inscreva-se.<\/p>\n<p>.<\/p>\n","protected":false},"excerpt":{"rendered":"<p>Frequento a feira da ABAV h\u00e1 muitos anos, certamente h\u00e1 menos tempo do que muitos leitores, mas mesmo assim, h\u00e1 mais de 20 anos testemunho a sua evolu\u00e7\u00e3o. Apesar dessa evolu\u00e7\u00e3o n\u00e3o ter sido linear, pois nem sempre o evento melhorou de um ano para o outro, posso dizer que pelo que j\u00e1 foi divulgado&hellip; <a class=\"more-link\" href=\"https:\/\/blog.panrotas.com.br\/b2btech\/2011\/10\/13\/5-motivos-para-ir-a-abav\/\">Continue reading &rarr;<\/a><\/p>\n","protected":false},"author":11,"featured_media":0,"comment_status":"open","ping_status":"open","sticky":false,"template":"","format":"standard","meta":{"spay_email":""},"categories":[8],"tags":[],"yoast_head":"<!-- This site is optimized with the Yoast SEO plugin v17.3 - https:\/\/yoast.com\/wordpress\/plugins\/seo\/ -->\n<title>5 MOTIVOS PARA IR \u00c0 ABAV - B2btech<\/title>\n<meta name=\"robots\" content=\"index, follow, max-snippet:-1, max-image-preview:large, max-video-preview:-1\" \/>\n<link rel=\"canonical\" href=\"https:\/\/blog.panrotas.com.br\/b2btech\/2011\/10\/13\/5-motivos-para-ir-a-abav\/\" \/>\n<meta property=\"og:locale\" content=\"pt_BR\" \/>\n<meta property=\"og:type\" content=\"article\" \/>\n<meta property=\"og:title\" content=\"5 MOTIVOS PARA IR \u00c0 ABAV - B2btech\" \/>\n<meta property=\"og:description\" content=\"Frequento a feira da ABAV h\u00e1 muitos anos, certamente h\u00e1 menos tempo do que muitos leitores, mas mesmo assim, h\u00e1 mais de 20 anos testemunho a sua evolu\u00e7\u00e3o. Apesar dessa evolu\u00e7\u00e3o n\u00e3o ter sido linear, pois nem sempre o evento melhorou de um ano para o outro, posso dizer que pelo que j\u00e1 foi divulgado&hellip; Continue reading &rarr;\" \/>\n<meta property=\"og:url\" content=\"https:\/\/blog.panrotas.com.br\/b2btech\/2011\/10\/13\/5-motivos-para-ir-a-abav\/\" \/>\n<meta property=\"og:site_name\" content=\"B2btech\" \/>\n<meta property=\"article:published_time\" content=\"2011-10-13T18:59:03+00:00\" \/>\n<meta name=\"twitter:card\" content=\"summary_large_image\" \/>\n<meta name=\"twitter:label1\" content=\"Escrito por\" \/>\n\t<meta name=\"twitter:data1\" content=\"Lu\u00eds Vabo\" \/>\n\t<meta name=\"twitter:label2\" content=\"Est. tempo de leitura\" \/>\n\t<meta name=\"twitter:data2\" content=\"2 minutos\" \/>\n<script type=\"application\/ld+json\" class=\"yoast-schema-graph\">{\"@context\":\"https:\/\/schema.org\",\"@graph\":[{\"@type\":\"WebSite\",\"@id\":\"https:\/\/blog.panrotas.com.br\/b2btech\/#website\",\"url\":\"https:\/\/blog.panrotas.com.br\/b2btech\/\",\"name\":\"B2btech\",\"description\":\"Blogosfera PANROTAS\",\"potentialAction\":[{\"@type\":\"SearchAction\",\"target\":{\"@type\":\"EntryPoint\",\"urlTemplate\":\"https:\/\/blog.panrotas.com.br\/b2btech\/?s={search_term_string}\"},\"query-input\":\"required name=search_term_string\"}],\"inLanguage\":\"pt-BR\"},{\"@type\":\"WebPage\",\"@id\":\"https:\/\/blog.panrotas.com.br\/b2btech\/2011\/10\/13\/5-motivos-para-ir-a-abav\/#webpage\",\"url\":\"https:\/\/blog.panrotas.com.br\/b2btech\/2011\/10\/13\/5-motivos-para-ir-a-abav\/\",\"name\":\"5 MOTIVOS PARA IR \\u00c0 ABAV - B2btech\",\"isPartOf\":{\"@id\":\"https:\/\/blog.panrotas.com.br\/b2btech\/#website\"},\"datePublished\":\"2011-10-13T18:59:03+00:00\",\"dateModified\":\"2011-10-13T18:59:03+00:00\",\"author\":{\"@id\":\"https:\/\/blog.panrotas.com.br\/b2btech\/#\/schema\/person\/2d58abeacbdf1a9b93993c7f1b7406d6\"},\"breadcrumb\":{\"@id\":\"https:\/\/blog.panrotas.com.br\/b2btech\/2011\/10\/13\/5-motivos-para-ir-a-abav\/#breadcrumb\"},\"inLanguage\":\"pt-BR\",\"potentialAction\":[{\"@type\":\"ReadAction\",\"target\":[\"https:\/\/blog.panrotas.com.br\/b2btech\/2011\/10\/13\/5-motivos-para-ir-a-abav\/\"]}]},{\"@type\":\"BreadcrumbList\",\"@id\":\"https:\/\/blog.panrotas.com.br\/b2btech\/2011\/10\/13\/5-motivos-para-ir-a-abav\/#breadcrumb\",\"itemListElement\":[{\"@type\":\"ListItem\",\"position\":1,\"name\":\"In\\u00edcio\",\"item\":\"https:\/\/blog.panrotas.com.br\/b2btech\/\"},{\"@type\":\"ListItem\",\"position\":2,\"name\":\"5 MOTIVOS PARA IR \\u00c0 ABAV\"}]},{\"@type\":\"Person\",\"@id\":\"https:\/\/blog.panrotas.com.br\/b2btech\/#\/schema\/person\/2d58abeacbdf1a9b93993c7f1b7406d6\",\"name\":\"Lu\\u00eds Vabo\",\"image\":{\"@type\":\"ImageObject\",\"@id\":\"https:\/\/blog.panrotas.com.br\/b2btech\/#personlogo\",\"inLanguage\":\"pt-BR\",\"url\":\"https:\/\/secure.gravatar.com\/avatar\/66c6e91231deb293ea586f1325cdda96?s=96&d=mm&r=g\",\"contentUrl\":\"https:\/\/secure.gravatar.com\/avatar\/66c6e91231deb293ea586f1325cdda96?s=96&d=mm&r=g\",\"caption\":\"Lu\\u00eds Vabo\"},\"description\":\"Entusiasta da inova\\u00e7\\u00e3o, do empreendedorismo e da alta performance, adepto da vida saud\\u00e1vel, dos amigos e da fam\\u00edlia, obstinado, volunt\\u00e1rio, esportista e apaixonado. S\\u00f3cio-CEO Reserve Systems \\ud83d\\udcca S\\u00f3cio-fundador Solid Gest\\u00e3o \\ud83d\\udcc8 S\\u00f3cio-CFO MyView Drones \\ud83d\\ude81 S\\u00f3cio Link School of Business \\ud83c\\udf93 Conselheiro Abracorp \\u2708\\ufe0f\",\"sameAs\":[\"http:\/\/www.reserve.com.br\"],\"url\":\"https:\/\/blog.panrotas.com.br\/b2btech\/author\/luisvabo\/\"}]}<\/script>\n<!-- \/ Yoast SEO plugin. -->","yoast_head_json":{"title":"5 MOTIVOS PARA IR \u00c0 ABAV - B2btech","robots":{"index":"index","follow":"follow","max-snippet":"max-snippet:-1","max-image-preview":"max-image-preview:large","max-video-preview":"max-video-preview:-1"},"canonical":"https:\/\/blog.panrotas.com.br\/b2btech\/2011\/10\/13\/5-motivos-para-ir-a-abav\/","og_locale":"pt_BR","og_type":"article","og_title":"5 MOTIVOS PARA IR \u00c0 ABAV - B2btech","og_description":"Frequento a feira da ABAV h\u00e1 muitos anos, certamente h\u00e1 menos tempo do que muitos leitores, mas mesmo assim, h\u00e1 mais de 20 anos testemunho a sua evolu\u00e7\u00e3o. Apesar dessa evolu\u00e7\u00e3o n\u00e3o ter sido linear, pois nem sempre o evento melhorou de um ano para o outro, posso dizer que pelo que j\u00e1 foi divulgado&hellip; Continue reading &rarr;","og_url":"https:\/\/blog.panrotas.com.br\/b2btech\/2011\/10\/13\/5-motivos-para-ir-a-abav\/","og_site_name":"B2btech","article_published_time":"2011-10-13T18:59:03+00:00","twitter_card":"summary_large_image","twitter_misc":{"Escrito por":"Lu\u00eds Vabo","Est. tempo de leitura":"2 minutos"},"schema":{"@context":"https:\/\/schema.org","@graph":[{"@type":"WebSite","@id":"https:\/\/blog.panrotas.com.br\/b2btech\/#website","url":"https:\/\/blog.panrotas.com.br\/b2btech\/","name":"B2btech","description":"Blogosfera PANROTAS","potentialAction":[{"@type":"SearchAction","target":{"@type":"EntryPoint","urlTemplate":"https:\/\/blog.panrotas.com.br\/b2btech\/?s={search_term_string}"},"query-input":"required name=search_term_string"}],"inLanguage":"pt-BR"},{"@type":"WebPage","@id":"https:\/\/blog.panrotas.com.br\/b2btech\/2011\/10\/13\/5-motivos-para-ir-a-abav\/#webpage","url":"https:\/\/blog.panrotas.com.br\/b2btech\/2011\/10\/13\/5-motivos-para-ir-a-abav\/","name":"5 MOTIVOS PARA IR \u00c0 ABAV - B2btech","isPartOf":{"@id":"https:\/\/blog.panrotas.com.br\/b2btech\/#website"},"datePublished":"2011-10-13T18:59:03+00:00","dateModified":"2011-10-13T18:59:03+00:00","author":{"@id":"https:\/\/blog.panrotas.com.br\/b2btech\/#\/schema\/person\/2d58abeacbdf1a9b93993c7f1b7406d6"},"breadcrumb":{"@id":"https:\/\/blog.panrotas.com.br\/b2btech\/2011\/10\/13\/5-motivos-para-ir-a-abav\/#breadcrumb"},"inLanguage":"pt-BR","potentialAction":[{"@type":"ReadAction","target":["https:\/\/blog.panrotas.com.br\/b2btech\/2011\/10\/13\/5-motivos-para-ir-a-abav\/"]}]},{"@type":"BreadcrumbList","@id":"https:\/\/blog.panrotas.com.br\/b2btech\/2011\/10\/13\/5-motivos-para-ir-a-abav\/#breadcrumb","itemListElement":[{"@type":"ListItem","position":1,"name":"In\u00edcio","item":"https:\/\/blog.panrotas.com.br\/b2btech\/"},{"@type":"ListItem","position":2,"name":"5 MOTIVOS PARA IR \u00c0 ABAV"}]},{"@type":"Person","@id":"https:\/\/blog.panrotas.com.br\/b2btech\/#\/schema\/person\/2d58abeacbdf1a9b93993c7f1b7406d6","name":"Lu\u00eds Vabo","image":{"@type":"ImageObject","@id":"https:\/\/blog.panrotas.com.br\/b2btech\/#personlogo","inLanguage":"pt-BR","url":"https:\/\/secure.gravatar.com\/avatar\/66c6e91231deb293ea586f1325cdda96?s=96&d=mm&r=g","contentUrl":"https:\/\/secure.gravatar.com\/avatar\/66c6e91231deb293ea586f1325cdda96?s=96&d=mm&r=g","caption":"Lu\u00eds Vabo"},"description":"Entusiasta da inova\u00e7\u00e3o, do empreendedorismo e da alta performance, adepto da vida saud\u00e1vel, dos amigos e da fam\u00edlia, obstinado, volunt\u00e1rio, esportista e apaixonado. S\u00f3cio-CEO Reserve Systems \ud83d\udcca S\u00f3cio-fundador Solid Gest\u00e3o \ud83d\udcc8 S\u00f3cio-CFO MyView Drones \ud83d\ude81 S\u00f3cio Link School of Business \ud83c\udf93 Conselheiro Abracorp \u2708\ufe0f","sameAs":["http:\/\/www.reserve.com.br"],"url":"https:\/\/blog.panrotas.com.br\/b2btech\/author\/luisvabo\/"}]}},"jetpack_featured_media_url":"","_links":{"self":[{"href":"https:\/\/blog.panrotas.com.br\/b2btech\/wp-json\/wp\/v2\/posts\/915"}],"collection":[{"href":"https:\/\/blog.panrotas.com.br\/b2btech\/wp-json\/wp\/v2\/posts"}],"about":[{"href":"https:\/\/blog.panrotas.com.br\/b2btech\/wp-json\/wp\/v2\/types\/post"}],"author":[{"embeddable":true,"href":"https:\/\/blog.panrotas.com.br\/b2btech\/wp-json\/wp\/v2\/users\/11"}],"replies":[{"embeddable":true,"href":"https:\/\/blog.panrotas.com.br\/b2btech\/wp-json\/wp\/v2\/comments?post=915"}],"version-history":[{"count":0,"href":"https:\/\/blog.panrotas.com.br\/b2btech\/wp-json\/wp\/v2\/posts\/915\/revisions"}],"wp:attachment":[{"href":"https:\/\/blog.panrotas.com.br\/b2btech\/wp-json\/wp\/v2\/media?parent=915"}],"wp:term":[{"taxonomy":"category","embeddable":true,"href":"https:\/\/blog.panrotas.com.br\/b2btech\/wp-json\/wp\/v2\/categories?post=915"},{"taxonomy":"post_tag","embeddable":true,"href":"https:\/\/blog.panrotas.com.br\/b2btech\/wp-json\/wp\/v2\/tags?post=915"}],"curies":[{"name":"wp","href":"https:\/\/api.w.org\/{rel}","templated":true}]}}