{"id":923,"date":"2011-10-17T09:57:53","date_gmt":"2011-10-17T12:57:53","guid":{"rendered":"http:\/\/blog.panrotas.com.br\/distribuindoviagens\/?p=923"},"modified":"2011-10-17T09:57:53","modified_gmt":"2011-10-17T12:57:53","slug":"feira-ou-congresso-da-abav-a-opcao-e-sua","status":"publish","type":"post","link":"https:\/\/blog.panrotas.com.br\/b2btech\/2011\/10\/17\/feira-ou-congresso-da-abav-a-opcao-e-sua\/","title":{"rendered":"FEIRA OU CONGRESSO DA ABAV? A OP\u00c7\u00c3O \u00c9 SUA !"},"content":{"rendered":"<p>Postei na semana passada sobre <strong><a href=\"http:\/\/blog.panrotas.com.br\/distribuindoviagens\/index.php\/2011\/10\/13\/5-motivos-para-ir-a-abav\/#comments\" target=\"_blank\" rel=\"noopener noreferrer\">5 Motivos para ir \u00e0 ABAV<\/a><\/strong>, entre tantas outras motiva\u00e7\u00f5es para comparecer ao principal evento de viagens e turismo da Am\u00e9rica Latina.<\/p>\n<p>Alguns amigos estranharam o fato de eu ter citado 4 motivos relacionados ao congresso e somente 1 motivo relacionado \u00e0 feira.<\/p>\n<p>Acho que ser\u00e1 uma oportunidade fant\u00e1stica poder optar entre visitar os estandes na feira ou assistir tantas boas palestras constantes do programa do congresso.<\/p>\n<p>Por isso, inspirado nos textos de meus colegas blogueiros e gurus pessoais, Gustavo e C\u00e1ssio, resumo abaixo um trecho das palestras do 39o. Congresso Brasileiro de Ag\u00eancias de Viagens, que organizamos com o apoio da Panrotas, ABAV, ABGEV e empresas parceiras, formando o <strong>6o. Workshop de Tecnologia Reserve<\/strong>, que ocorrer\u00e1 somente na 4a. feira, dia 20\/10.<\/p>\n<p>Ser\u00e3o 6 palestras, na sala 202C, do Pavilh\u00e3o 5 do Riocentro, das 10h \u00e0s 17h, neste workshop que tamb\u00e9m faz parte do 3o. Evento RESERVE PANROTAS:<\/p>\n<p>Das 10:00h \u00e0s\u00a011:00h &#8211;\u00a0<strong>Inova\u00e7\u00e3o no pagamento de reservas de hot\u00e9is<\/strong><\/p>\n<p>Eduardo Hansel, da Cielo e Marcus Tannuri, da CMNet, questionar\u00e3o o fato das empresas brasileiras resistirem ao pagamento de hospedagem com cart\u00e3o de cr\u00e9dito e mostrar\u00e3o o que Cielo e CMNet desenvolveram para conquistar a ader\u00eancia do cliente corporativo no Brasil.<\/p>\n<p>Das 11:00h \u00e0s 12:00h &#8211;\u00a0<strong>Reserve Mobile: a pr\u00f3xima fronteira<\/strong><\/p>\n<p>Solange Vabo e eu abordaremos\u00a0o que o Reserve est\u00e1 preparando para o agente de viagens continuar conquistando o seu cliente corporativo, num mercado que j\u00e1 optou pelo mobile como plataforma dominante.<\/p>\n<p>Das 12:00h \u00e0s 13:00h &#8211; <strong>O comparativo de pre\u00e7os como indutor de maior volume de vendas<\/strong><\/p>\n<p>Lu\u00eds Vabo Jr, da Sieve, mostrar\u00e1 a tecnologia que\u00a0as grandes redes varejistas utilizam para monitorar 10.000 itens de seus concorrentes, para decidir sua pr\u00f3pria precifica\u00e7\u00e3o. Ser\u00e1 que\u00a0esta tecnologia inovadora seria aplic\u00e1vel ao mercado de viagens e turismo?<\/p>\n<p>Das 14:00h \u00e0s 15:00h &#8211; <strong>Voc\u00ea tem certeza de que os dados da sua ag\u00eancia est\u00e3o seguros?<\/strong><\/p>\n<p>Marcus Moraes, da Arcon, apresentar\u00e1 a import\u00e2ncia e os requisitos necess\u00e1rios para que os\u00a0dados de vendas das ag\u00eancias e de seus clientes sejam armazenados de forma adequada, rastre\u00e1vel e segura.<\/p>\n<p>Das 15:00h \u00e0s 16:00h &#8211; <strong>A tecnologia do self-booking j\u00e1 cabe no or\u00e7amento da sua ag\u00eancia<\/strong><\/p>\n<p>Bruno Ciancio e \u00c1lvaro Pinto, do Reserve, provar\u00e3o como os \u00faltimos 7 anos reduziram os custos e mudaram a vis\u00e3o do mercado, levando as novas tecnologias ao alcance de todas as ag\u00eancias de viagens.<\/p>\n<p>Das\u00a016:00h \u00e0s 17:00h &#8211;\u00a0<strong>Como as empresas de turismo podem se beneficiar do conceito de compras coletivas<\/strong><\/p>\n<p>Julio Vasconcellos, do Peixe Urbano, defender\u00e1 o conceito de compras coletivas como ferramenta de marketing e n\u00e3o como revendedor de servi\u00e7os de viagens e turismo.<\/p>\n<p>Diferentemente das vers\u00f5es anteriores do Workshop de Tecnologia Reserve, este ano as palestras ser\u00e3o abertas a todos os participantes da Feira das Am\u00e9ricas da ABAV, bastando inscrever-se em\u00a0<a href=\"http:\/\/www.reserve.com.br\/workshop2011\" target=\"_blank\" rel=\"noopener noreferrer\">http:\/\/www.reserve.com.br\/workshop2011<\/a><\/p>\n<p>Neste hot site, voc\u00ea poder\u00e1 conversar com cada palestrante em blogs individuais, perguntar, sugerir e influenciar as apresenta\u00e7\u00f5es, participar da pesquisa, twittar e, o principal, inscrever-se para, al\u00e9m de participar do workshop, concorrer ao sorteio de 2 tablets entre os presentes \u00e0s palestras no momento do sorteio.<\/p>\n<p>A organiza\u00e7\u00e3o da feira e a programa\u00e7\u00e3o do congresso est\u00e3o excelentes, mas n\u00e3o deixe de conferir o que vai acontecer na sala 202C, do Pavilh\u00e3o 5.<\/p>\n<p>Entre visitar os estandes, encontrar amigos, fortalecer o relacionamento e fazer neg\u00f3cios na Feira da ABAV ou assistir as palestras, participar dos debates, interagir com especialistas e compartilhar conhecimento no Congresso da ABAV, eu recomendo: fique com os dois, nos tr\u00eas dias do evento.<\/p>\n<p>.<\/p>\n","protected":false},"excerpt":{"rendered":"<p>Postei na semana passada sobre 5 Motivos para ir \u00e0 ABAV, entre tantas outras motiva\u00e7\u00f5es para comparecer ao principal evento de viagens e turismo da Am\u00e9rica Latina. Alguns amigos estranharam o fato de eu ter citado 4 motivos relacionados ao congresso e somente 1 motivo relacionado \u00e0 feira. Acho que ser\u00e1 uma oportunidade fant\u00e1stica poder&hellip; <a class=\"more-link\" href=\"https:\/\/blog.panrotas.com.br\/b2btech\/2011\/10\/17\/feira-ou-congresso-da-abav-a-opcao-e-sua\/\">Continue reading &rarr;<\/a><\/p>\n","protected":false},"author":11,"featured_media":0,"comment_status":"open","ping_status":"open","sticky":false,"template":"","format":"standard","meta":{"spay_email":""},"categories":[8],"tags":[],"yoast_head":"<!-- This site is optimized with the Yoast SEO plugin v17.3 - https:\/\/yoast.com\/wordpress\/plugins\/seo\/ -->\n<title>FEIRA OU CONGRESSO DA ABAV? A OP\u00c7\u00c3O \u00c9 SUA ! - B2btech<\/title>\n<meta name=\"robots\" content=\"index, follow, max-snippet:-1, max-image-preview:large, max-video-preview:-1\" \/>\n<link rel=\"canonical\" href=\"https:\/\/blog.panrotas.com.br\/b2btech\/2011\/10\/17\/feira-ou-congresso-da-abav-a-opcao-e-sua\/\" \/>\n<meta property=\"og:locale\" content=\"pt_BR\" \/>\n<meta property=\"og:type\" content=\"article\" \/>\n<meta property=\"og:title\" content=\"FEIRA OU CONGRESSO DA ABAV? A OP\u00c7\u00c3O \u00c9 SUA ! - B2btech\" \/>\n<meta property=\"og:description\" content=\"Postei na semana passada sobre 5 Motivos para ir \u00e0 ABAV, entre tantas outras motiva\u00e7\u00f5es para comparecer ao principal evento de viagens e turismo da Am\u00e9rica Latina. Alguns amigos estranharam o fato de eu ter citado 4 motivos relacionados ao congresso e somente 1 motivo relacionado \u00e0 feira. Acho que ser\u00e1 uma oportunidade fant\u00e1stica poder&hellip; Continue reading &rarr;\" \/>\n<meta property=\"og:url\" content=\"https:\/\/blog.panrotas.com.br\/b2btech\/2011\/10\/17\/feira-ou-congresso-da-abav-a-opcao-e-sua\/\" \/>\n<meta property=\"og:site_name\" content=\"B2btech\" \/>\n<meta property=\"article:published_time\" content=\"2011-10-17T12:57:53+00:00\" \/>\n<meta name=\"twitter:card\" content=\"summary_large_image\" \/>\n<meta name=\"twitter:label1\" content=\"Escrito por\" \/>\n\t<meta name=\"twitter:data1\" content=\"Lu\u00eds Vabo\" \/>\n\t<meta name=\"twitter:label2\" content=\"Est. tempo de leitura\" \/>\n\t<meta name=\"twitter:data2\" content=\"3 minutos\" \/>\n<script type=\"application\/ld+json\" class=\"yoast-schema-graph\">{\"@context\":\"https:\/\/schema.org\",\"@graph\":[{\"@type\":\"WebSite\",\"@id\":\"https:\/\/blog.panrotas.com.br\/b2btech\/#website\",\"url\":\"https:\/\/blog.panrotas.com.br\/b2btech\/\",\"name\":\"B2btech\",\"description\":\"Blogosfera PANROTAS\",\"potentialAction\":[{\"@type\":\"SearchAction\",\"target\":{\"@type\":\"EntryPoint\",\"urlTemplate\":\"https:\/\/blog.panrotas.com.br\/b2btech\/?s={search_term_string}\"},\"query-input\":\"required name=search_term_string\"}],\"inLanguage\":\"pt-BR\"},{\"@type\":\"WebPage\",\"@id\":\"https:\/\/blog.panrotas.com.br\/b2btech\/2011\/10\/17\/feira-ou-congresso-da-abav-a-opcao-e-sua\/#webpage\",\"url\":\"https:\/\/blog.panrotas.com.br\/b2btech\/2011\/10\/17\/feira-ou-congresso-da-abav-a-opcao-e-sua\/\",\"name\":\"FEIRA OU CONGRESSO DA ABAV? A OP\\u00c7\\u00c3O \\u00c9 SUA ! - B2btech\",\"isPartOf\":{\"@id\":\"https:\/\/blog.panrotas.com.br\/b2btech\/#website\"},\"datePublished\":\"2011-10-17T12:57:53+00:00\",\"dateModified\":\"2011-10-17T12:57:53+00:00\",\"author\":{\"@id\":\"https:\/\/blog.panrotas.com.br\/b2btech\/#\/schema\/person\/2d58abeacbdf1a9b93993c7f1b7406d6\"},\"breadcrumb\":{\"@id\":\"https:\/\/blog.panrotas.com.br\/b2btech\/2011\/10\/17\/feira-ou-congresso-da-abav-a-opcao-e-sua\/#breadcrumb\"},\"inLanguage\":\"pt-BR\",\"potentialAction\":[{\"@type\":\"ReadAction\",\"target\":[\"https:\/\/blog.panrotas.com.br\/b2btech\/2011\/10\/17\/feira-ou-congresso-da-abav-a-opcao-e-sua\/\"]}]},{\"@type\":\"BreadcrumbList\",\"@id\":\"https:\/\/blog.panrotas.com.br\/b2btech\/2011\/10\/17\/feira-ou-congresso-da-abav-a-opcao-e-sua\/#breadcrumb\",\"itemListElement\":[{\"@type\":\"ListItem\",\"position\":1,\"name\":\"In\\u00edcio\",\"item\":\"https:\/\/blog.panrotas.com.br\/b2btech\/\"},{\"@type\":\"ListItem\",\"position\":2,\"name\":\"FEIRA OU CONGRESSO DA ABAV? A OP\\u00c7\\u00c3O \\u00c9 SUA !\"}]},{\"@type\":\"Person\",\"@id\":\"https:\/\/blog.panrotas.com.br\/b2btech\/#\/schema\/person\/2d58abeacbdf1a9b93993c7f1b7406d6\",\"name\":\"Lu\\u00eds Vabo\",\"image\":{\"@type\":\"ImageObject\",\"@id\":\"https:\/\/blog.panrotas.com.br\/b2btech\/#personlogo\",\"inLanguage\":\"pt-BR\",\"url\":\"https:\/\/secure.gravatar.com\/avatar\/66c6e91231deb293ea586f1325cdda96?s=96&d=mm&r=g\",\"contentUrl\":\"https:\/\/secure.gravatar.com\/avatar\/66c6e91231deb293ea586f1325cdda96?s=96&d=mm&r=g\",\"caption\":\"Lu\\u00eds Vabo\"},\"description\":\"Entusiasta da inova\\u00e7\\u00e3o, do empreendedorismo e da alta performance, adepto da vida saud\\u00e1vel, dos amigos e da fam\\u00edlia, obstinado, volunt\\u00e1rio, esportista e apaixonado. S\\u00f3cio-CEO Reserve Systems \\ud83d\\udcca S\\u00f3cio-fundador Solid Gest\\u00e3o \\ud83d\\udcc8 S\\u00f3cio-CFO MyView Drones \\ud83d\\ude81 S\\u00f3cio Link School of Business \\ud83c\\udf93 Conselheiro Abracorp \\u2708\\ufe0f\",\"sameAs\":[\"http:\/\/www.reserve.com.br\"],\"url\":\"https:\/\/blog.panrotas.com.br\/b2btech\/author\/luisvabo\/\"}]}<\/script>\n<!-- \/ Yoast SEO plugin. -->","yoast_head_json":{"title":"FEIRA OU CONGRESSO DA ABAV? A OP\u00c7\u00c3O \u00c9 SUA ! - B2btech","robots":{"index":"index","follow":"follow","max-snippet":"max-snippet:-1","max-image-preview":"max-image-preview:large","max-video-preview":"max-video-preview:-1"},"canonical":"https:\/\/blog.panrotas.com.br\/b2btech\/2011\/10\/17\/feira-ou-congresso-da-abav-a-opcao-e-sua\/","og_locale":"pt_BR","og_type":"article","og_title":"FEIRA OU CONGRESSO DA ABAV? A OP\u00c7\u00c3O \u00c9 SUA ! - B2btech","og_description":"Postei na semana passada sobre 5 Motivos para ir \u00e0 ABAV, entre tantas outras motiva\u00e7\u00f5es para comparecer ao principal evento de viagens e turismo da Am\u00e9rica Latina. Alguns amigos estranharam o fato de eu ter citado 4 motivos relacionados ao congresso e somente 1 motivo relacionado \u00e0 feira. Acho que ser\u00e1 uma oportunidade fant\u00e1stica poder&hellip; Continue reading &rarr;","og_url":"https:\/\/blog.panrotas.com.br\/b2btech\/2011\/10\/17\/feira-ou-congresso-da-abav-a-opcao-e-sua\/","og_site_name":"B2btech","article_published_time":"2011-10-17T12:57:53+00:00","twitter_card":"summary_large_image","twitter_misc":{"Escrito por":"Lu\u00eds Vabo","Est. tempo de leitura":"3 minutos"},"schema":{"@context":"https:\/\/schema.org","@graph":[{"@type":"WebSite","@id":"https:\/\/blog.panrotas.com.br\/b2btech\/#website","url":"https:\/\/blog.panrotas.com.br\/b2btech\/","name":"B2btech","description":"Blogosfera PANROTAS","potentialAction":[{"@type":"SearchAction","target":{"@type":"EntryPoint","urlTemplate":"https:\/\/blog.panrotas.com.br\/b2btech\/?s={search_term_string}"},"query-input":"required name=search_term_string"}],"inLanguage":"pt-BR"},{"@type":"WebPage","@id":"https:\/\/blog.panrotas.com.br\/b2btech\/2011\/10\/17\/feira-ou-congresso-da-abav-a-opcao-e-sua\/#webpage","url":"https:\/\/blog.panrotas.com.br\/b2btech\/2011\/10\/17\/feira-ou-congresso-da-abav-a-opcao-e-sua\/","name":"FEIRA OU CONGRESSO DA ABAV? A OP\u00c7\u00c3O \u00c9 SUA ! - B2btech","isPartOf":{"@id":"https:\/\/blog.panrotas.com.br\/b2btech\/#website"},"datePublished":"2011-10-17T12:57:53+00:00","dateModified":"2011-10-17T12:57:53+00:00","author":{"@id":"https:\/\/blog.panrotas.com.br\/b2btech\/#\/schema\/person\/2d58abeacbdf1a9b93993c7f1b7406d6"},"breadcrumb":{"@id":"https:\/\/blog.panrotas.com.br\/b2btech\/2011\/10\/17\/feira-ou-congresso-da-abav-a-opcao-e-sua\/#breadcrumb"},"inLanguage":"pt-BR","potentialAction":[{"@type":"ReadAction","target":["https:\/\/blog.panrotas.com.br\/b2btech\/2011\/10\/17\/feira-ou-congresso-da-abav-a-opcao-e-sua\/"]}]},{"@type":"BreadcrumbList","@id":"https:\/\/blog.panrotas.com.br\/b2btech\/2011\/10\/17\/feira-ou-congresso-da-abav-a-opcao-e-sua\/#breadcrumb","itemListElement":[{"@type":"ListItem","position":1,"name":"In\u00edcio","item":"https:\/\/blog.panrotas.com.br\/b2btech\/"},{"@type":"ListItem","position":2,"name":"FEIRA OU CONGRESSO DA ABAV? A OP\u00c7\u00c3O \u00c9 SUA !"}]},{"@type":"Person","@id":"https:\/\/blog.panrotas.com.br\/b2btech\/#\/schema\/person\/2d58abeacbdf1a9b93993c7f1b7406d6","name":"Lu\u00eds Vabo","image":{"@type":"ImageObject","@id":"https:\/\/blog.panrotas.com.br\/b2btech\/#personlogo","inLanguage":"pt-BR","url":"https:\/\/secure.gravatar.com\/avatar\/66c6e91231deb293ea586f1325cdda96?s=96&d=mm&r=g","contentUrl":"https:\/\/secure.gravatar.com\/avatar\/66c6e91231deb293ea586f1325cdda96?s=96&d=mm&r=g","caption":"Lu\u00eds Vabo"},"description":"Entusiasta da inova\u00e7\u00e3o, do empreendedorismo e da alta performance, adepto da vida saud\u00e1vel, dos amigos e da fam\u00edlia, obstinado, volunt\u00e1rio, esportista e apaixonado. S\u00f3cio-CEO Reserve Systems \ud83d\udcca S\u00f3cio-fundador Solid Gest\u00e3o \ud83d\udcc8 S\u00f3cio-CFO MyView Drones \ud83d\ude81 S\u00f3cio Link School of Business \ud83c\udf93 Conselheiro Abracorp \u2708\ufe0f","sameAs":["http:\/\/www.reserve.com.br"],"url":"https:\/\/blog.panrotas.com.br\/b2btech\/author\/luisvabo\/"}]}},"jetpack_featured_media_url":"","_links":{"self":[{"href":"https:\/\/blog.panrotas.com.br\/b2btech\/wp-json\/wp\/v2\/posts\/923"}],"collection":[{"href":"https:\/\/blog.panrotas.com.br\/b2btech\/wp-json\/wp\/v2\/posts"}],"about":[{"href":"https:\/\/blog.panrotas.com.br\/b2btech\/wp-json\/wp\/v2\/types\/post"}],"author":[{"embeddable":true,"href":"https:\/\/blog.panrotas.com.br\/b2btech\/wp-json\/wp\/v2\/users\/11"}],"replies":[{"embeddable":true,"href":"https:\/\/blog.panrotas.com.br\/b2btech\/wp-json\/wp\/v2\/comments?post=923"}],"version-history":[{"count":0,"href":"https:\/\/blog.panrotas.com.br\/b2btech\/wp-json\/wp\/v2\/posts\/923\/revisions"}],"wp:attachment":[{"href":"https:\/\/blog.panrotas.com.br\/b2btech\/wp-json\/wp\/v2\/media?parent=923"}],"wp:term":[{"taxonomy":"category","embeddable":true,"href":"https:\/\/blog.panrotas.com.br\/b2btech\/wp-json\/wp\/v2\/categories?post=923"},{"taxonomy":"post_tag","embeddable":true,"href":"https:\/\/blog.panrotas.com.br\/b2btech\/wp-json\/wp\/v2\/tags?post=923"}],"curies":[{"name":"wp","href":"https:\/\/api.w.org\/{rel}","templated":true}]}}