{"id":955,"date":"2011-10-24T08:57:12","date_gmt":"2011-10-24T11:57:12","guid":{"rendered":"http:\/\/blog.panrotas.com.br\/distribuindoviagens\/?p=955"},"modified":"2011-10-24T08:57:12","modified_gmt":"2011-10-24T11:57:12","slug":"valeu-a-pena-apostar-no-congresso-da-abav","status":"publish","type":"post","link":"https:\/\/blog.panrotas.com.br\/b2btech\/2011\/10\/24\/valeu-a-pena-apostar-no-congresso-da-abav\/","title":{"rendered":"VALEU A PENA APOSTAR NO CONGRESSO DA ABAV"},"content":{"rendered":"<div class=\"mceTemp mceIEcenter\" style=\"text-align: justify\">\n<p>Entre tantos assuntos que aqueceram a Feira das Am\u00e9ricas deste ano (alguns pol\u00eamicos, outros nem tanto), a decis\u00e3o de fortalecer o Congresso foi, sem d\u00favida, a mais acertada.<\/p>\n<p>Independentemente do resultado final desta a\u00e7\u00e3o, em termos da qualidade das palestras e da quantidade de participantes presentes, o grande fator foi justamente o passo dado no sentido da profissionaliza\u00e7\u00e3o do evento.<\/p>\n<p>Antes que venham com o surrado discurso de que &#8220;a Feira da ABAV \u00e9 s\u00f3 oba-oba&#8221;, lembro que toda feira de qualquer segmento econ\u00f4mico, em qualquer pa\u00eds, envolve relacionamentos, neg\u00f3cios e eventos complementares (= festas).<\/p>\n<p>Se considerarmos ent\u00e3o o esp\u00edrito festivo do brasileiro, associado ao fato do turismo ser um segmento ligado \u00e0 alegria, ao prazer e \u00e0 felicidade, o &#8220;oba-oba&#8221; \u00e9 perfeitamente aceit\u00e1vel, compreens\u00edvel e at\u00e9 desej\u00e1vel.<\/p>\n<p>Da mesma forma, incluir um congresso numa feira, com temas variados, debates importantes e bons palestrantes (novos e experientes), empresta ao evento a nota de capacita\u00e7\u00e3o, conhecimento e, no final das contas, de <strong>trabalho<\/strong>, que um evento corporativo deve ter.<\/p>\n<p>Portanto, n\u00e3o tenho d\u00favida quanto ao acerto da decis\u00e3o da ABAV em fortalecer o Congresso pois, como comentei no <a title=\"A ABAV N\u00c3O \u00c9 PARA TODOS\" href=\"http:\/\/blog.panrotas.com.br\/semreserva\/index.php\/2011\/10\/21\/a-abav-nao-e-para-todos\/#comments\" target=\"_blank\" rel=\"noopener noreferrer\">post do Artur<\/a>, &#8220;atrair, motivar, estimular, incentivar, mandar buscar, trazer o agente de viagens \u00e9 fundamental para a sobreviv\u00eancia e crescimento do evento e da pr\u00f3pria ABAV, pois feira e entidade s\u00e3o indissoluvelmente interdependentes.&#8221;<\/p>\n<p>E a todos que me perguntam sobre a decis\u00e3o de nossa empresa em produzir no Congresso da ABAV a 6a. edi\u00e7\u00e3o anual de nosso workshop de tecnologia, informo que recebemos cerca de 450 pessoas, que assistiram e debateram nas 6 palestras ao longo de um dia inteiro de trabalho, superando nossas melhores expectativas.<\/p>\n<p>Ou seja, apesar da incerteza que cercava esta iniciativa da ABAV, de um workshop privado dentro do Congresso, ela acabou revelando-se uma excelente oportunidade para todos, empresas, agentes e entidade, que dever\u00e3o consider\u00e1-la nas pr\u00f3ximas edi\u00e7\u00f5es do Congresso.<\/p>\n<p>A novidade, que gerou estranheza em alguns, tamb\u00e9m provocou curiosidade em muitos, que l\u00e1 estiveram para presenciar &#8220;in loco&#8221; a inova\u00e7\u00e3o (ver fotos abaixo), um novo conceito que difere da feira e seus estandes (tamb\u00e9m privados), apenas nos objetivos da a\u00e7\u00e3o de marketing.<\/p>\n<p>Afinal, os expositores investem na Feira da ABAV h\u00e1 anos e, agora, nada impede que o fa\u00e7am tamb\u00e9m no Congresso da ABAV, ajudando a levar ao nosso maior evento, um mix homog\u00eaneo de:<\/p>\n<p>&#8211; Exposi\u00e7\u00e3o de produtos, reuni\u00f5es, network, neg\u00f3cios (na Feira)<\/p>\n<p>&#8211; Treinamento, debates e conhecimento (no Congresso)<\/p>\n<p>&#8211; Festas, jantares e comemora\u00e7\u00f5es (nos eventos complementares)<\/p>\n<p>Acredito que quando conseguirmos a dosagem ideal entre esses componentes, a Feira e o Congresso, juntos, ter\u00e3o sido transformados no <strong>Evento da ABAV<\/strong>, verdadeiramente o acontecimento corporativo mais desejado do turismo.<\/p>\n<p>Seguem algumas fotos dos visitantes e palestrantes do 6o. Workshop de Tecnologia Reserve, realizado dentro do 39o. Congresso Brasileiro de Ag\u00eancias de Viagens:<\/p>\n<\/div>\n<div class=\"mceTemp mceIEcenter\" style=\"text-align: center\">\n<dl id=\"attachment_986\" class=\"wp-caption aligncenter\" style=\"width: 460px\">\n<dt class=\"wp-caption-dt\"><a href=\"http:\/\/panrotas.blog.br\/b2btech\/wp-content\/uploads\/sites\/7\/2011\/10\/Foto-01.jpg\"><img loading=\"lazy\" class=\"size-full wp-image-986\" title=\"Foto 0\" src=\"http:\/\/panrotas.blog.br\/b2btech\/wp-content\/uploads\/sites\/7\/2011\/10\/Foto-01.jpg\" alt=\"\" width=\"450\" height=\"300\" srcset=\"https:\/\/blog.panrotas.com.br\/b2btech\/wp-content\/uploads\/sites\/7\/2011\/10\/Foto-01.jpg 450w, https:\/\/blog.panrotas.com.br\/b2btech\/wp-content\/uploads\/sites\/7\/2011\/10\/Foto-01-300x200.jpg 300w\" sizes=\"(max-width: 450px) 100vw, 450px\" \/><\/a><\/dt>\n<dd class=\"wp-caption-dd\">Eduardo Bernardes, da GOL fez a abertura do workshop e Klaus Kuhnast, da TAM foi cumprimentar os Reservistas (Foto Panrotas)<\/dd>\n<\/dl>\n<\/div>\n<div class=\"mceTemp mceIEcenter\" style=\"text-align: center\">\n<dl id=\"attachment_971\" class=\"wp-caption aligncenter\" style=\"width: 460px\">\n<dt class=\"wp-caption-dt\"><a href=\"http:\/\/panrotas.blog.br\/b2btech\/wp-content\/uploads\/sites\/7\/2011\/10\/Foto-2.jpg\"><img loading=\"lazy\" class=\"size-large wp-image-971\" title=\"Foto 2\" src=\"http:\/\/blog.panrotas.com.br\/distribuindoviagens\/wp-content\/uploads\/2011\/10\/Foto-2-1024x682.jpg\" alt=\"\" width=\"450\" height=\"299\" srcset=\"https:\/\/blog.panrotas.com.br\/b2btech\/wp-content\/uploads\/sites\/7\/2011\/10\/Foto-2-1024x682.jpg 1024w, https:\/\/blog.panrotas.com.br\/b2btech\/wp-content\/uploads\/sites\/7\/2011\/10\/Foto-2-300x200.jpg 300w, https:\/\/blog.panrotas.com.br\/b2btech\/wp-content\/uploads\/sites\/7\/2011\/10\/Foto-2-768x512.jpg 768w, https:\/\/blog.panrotas.com.br\/b2btech\/wp-content\/uploads\/sites\/7\/2011\/10\/Foto-2-1568x1045.jpg 1568w\" sizes=\"(max-width: 450px) 100vw, 450px\" \/><\/a><\/dt>\n<dd class=\"wp-caption-dd\">Goiacy Guimar\u00e3es e Edmar Bull, da ABAV\/SP, passaram no workshop para brincar com minha &#8220;24a. posi\u00e7\u00e3o&#8221; na lista do Artur<\/dd>\n<\/dl>\n<\/div>\n<div class=\"mceTemp mceIEcenter\" style=\"text-align: center\">\n<dl id=\"attachment_972\" class=\"wp-caption aligncenter\" style=\"width: 460px\">\n<dt class=\"wp-caption-dt\"><a href=\"http:\/\/panrotas.blog.br\/b2btech\/wp-content\/uploads\/sites\/7\/2011\/10\/Foto-3.jpg\"><img loading=\"lazy\" class=\"size-large wp-image-972\" title=\"Foto 3\" src=\"http:\/\/blog.panrotas.com.br\/distribuindoviagens\/wp-content\/uploads\/2011\/10\/Foto-3-1024x682.jpg\" alt=\"\" width=\"450\" height=\"299\" \/><\/a><\/dt>\n<dd class=\"wp-caption-dd\">Eduardo e Marcelo Matera, da AVIESP, assistiram as palestras ao lado do Marcelo Oliveira, advogado e colega blogueiro Panrotas<\/dd>\n<\/dl>\n<\/div>\n<div class=\"mceTemp mceIEcenter\" style=\"text-align: center\">\n<dl id=\"attachment_973\" class=\"wp-caption aligncenter\" style=\"width: 460px\">\n<dt class=\"wp-caption-dt\"><a href=\"http:\/\/panrotas.blog.br\/b2btech\/wp-content\/uploads\/sites\/7\/2011\/10\/Foto-4.jpg\"><img loading=\"lazy\" class=\"size-large wp-image-973\" title=\"Foto 4\" src=\"http:\/\/blog.panrotas.com.br\/distribuindoviagens\/wp-content\/uploads\/2011\/10\/Foto-4-1024x682.jpg\" alt=\"\" width=\"450\" height=\"299\" srcset=\"https:\/\/blog.panrotas.com.br\/b2btech\/wp-content\/uploads\/sites\/7\/2011\/10\/Foto-4-1024x682.jpg 1024w, https:\/\/blog.panrotas.com.br\/b2btech\/wp-content\/uploads\/sites\/7\/2011\/10\/Foto-4-300x200.jpg 300w, https:\/\/blog.panrotas.com.br\/b2btech\/wp-content\/uploads\/sites\/7\/2011\/10\/Foto-4-768x512.jpg 768w, https:\/\/blog.panrotas.com.br\/b2btech\/wp-content\/uploads\/sites\/7\/2011\/10\/Foto-4-1568x1045.jpg 1568w\" sizes=\"(max-width: 450px) 100vw, 450px\" \/><\/a><\/dt>\n<dd class=\"wp-caption-dd\">Marcus Tannuri, da CMNet e Eduardo Hansel, da Cielo mostraram nova solu\u00e7\u00e3o para pagamento de hot\u00e9is<\/dd>\n<\/dl>\n<\/div>\n<div class=\"mceTemp mceIEcenter\" style=\"text-align: center\">\n<dl id=\"attachment_974\" class=\"wp-caption aligncenter\" style=\"width: 460px\">\n<dt class=\"wp-caption-dt\"><a href=\"http:\/\/panrotas.blog.br\/b2btech\/wp-content\/uploads\/sites\/7\/2011\/10\/Foto-5.jpg\"><img loading=\"lazy\" class=\"size-large wp-image-974\" title=\"Foto 5\" src=\"http:\/\/blog.panrotas.com.br\/distribuindoviagens\/wp-content\/uploads\/2011\/10\/Foto-5-1024x682.jpg\" alt=\"\" width=\"450\" height=\"299\" \/><\/a><\/dt>\n<dd class=\"wp-caption-dd\">Solange Vabo e eu mostramos a segunda gera\u00e7\u00e3o do Reserve Mobile<\/dd>\n<\/dl>\n<\/div>\n<div class=\"mceTemp mceIEcenter\" style=\"text-align: center\">\n<dl id=\"attachment_975\" class=\"wp-caption aligncenter\" style=\"width: 460px\">\n<dt class=\"wp-caption-dt\"><a href=\"http:\/\/panrotas.blog.br\/b2btech\/wp-content\/uploads\/sites\/7\/2011\/10\/Foto-6.jpg\"><img loading=\"lazy\" class=\"size-large wp-image-975\" title=\"Foto 6\" src=\"http:\/\/blog.panrotas.com.br\/distribuindoviagens\/wp-content\/uploads\/2011\/10\/Foto-6-1024x682.jpg\" alt=\"\" width=\"450\" height=\"299\" \/><\/a><\/dt>\n<dd class=\"wp-caption-dd\">Solange demonstrou o Reserve Mobile num Big iPhone, com apoio do Walter Staeblein, do Reserve<\/dd>\n<\/dl>\n<\/div>\n<div class=\"mceTemp mceIEcenter\" style=\"text-align: center\">\n<dl id=\"attachment_976\" class=\"wp-caption aligncenter\" style=\"width: 460px\">\n<dt class=\"wp-caption-dt\"><a href=\"http:\/\/panrotas.blog.br\/b2btech\/wp-content\/uploads\/sites\/7\/2011\/10\/Foto-7.jpg\"><img loading=\"lazy\" class=\"size-large wp-image-976\" title=\"Foto 7\" src=\"http:\/\/blog.panrotas.com.br\/distribuindoviagens\/wp-content\/uploads\/2011\/10\/Foto-7-1024x682.jpg\" alt=\"\" width=\"450\" height=\"299\" srcset=\"https:\/\/blog.panrotas.com.br\/b2btech\/wp-content\/uploads\/sites\/7\/2011\/10\/Foto-7-1024x682.jpg 1024w, https:\/\/blog.panrotas.com.br\/b2btech\/wp-content\/uploads\/sites\/7\/2011\/10\/Foto-7-300x200.jpg 300w, https:\/\/blog.panrotas.com.br\/b2btech\/wp-content\/uploads\/sites\/7\/2011\/10\/Foto-7-768x512.jpg 768w, https:\/\/blog.panrotas.com.br\/b2btech\/wp-content\/uploads\/sites\/7\/2011\/10\/Foto-7-1568x1045.jpg 1568w\" sizes=\"(max-width: 450px) 100vw, 450px\" \/><\/a><\/dt>\n<dd class=\"wp-caption-dd\">Lu\u00eds Vabo Jr palestrou sobre a tecnologia Sieve, utilizada por grandes redes de varejo online<\/dd>\n<\/dl>\n<\/div>\n<div class=\"mceTemp mceIEcenter\" style=\"text-align: center\">\n<dl id=\"attachment_977\" class=\"wp-caption aligncenter\" style=\"width: 460px\">\n<dt class=\"wp-caption-dt\"><a href=\"http:\/\/panrotas.blog.br\/b2btech\/wp-content\/uploads\/sites\/7\/2011\/10\/Foto-8.jpg\"><img loading=\"lazy\" class=\"size-large wp-image-977\" title=\"Foto 8\" src=\"http:\/\/blog.panrotas.com.br\/distribuindoviagens\/wp-content\/uploads\/2011\/10\/Foto-8-1024x682.jpg\" alt=\"\" width=\"450\" height=\"299\" \/><\/a><\/dt>\n<dd class=\"wp-caption-dd\">Marcus Moraes, da Arcon e Tadeu Cunha, do Reserve debateram seguran\u00e7a da informa\u00e7\u00e3o<\/dd>\n<\/dl>\n<\/div>\n<div class=\"mceTemp mceIEcenter\" style=\"text-align: center\">\n<dl id=\"attachment_978\" class=\"wp-caption aligncenter\" style=\"width: 460px\">\n<dt class=\"wp-caption-dt\"><a href=\"http:\/\/panrotas.blog.br\/b2btech\/wp-content\/uploads\/sites\/7\/2011\/10\/Foto-9.jpg\"><img loading=\"lazy\" class=\"size-large wp-image-978\" title=\"Foto 9\" src=\"http:\/\/blog.panrotas.com.br\/distribuindoviagens\/wp-content\/uploads\/2011\/10\/Foto-9-1024x682.jpg\" alt=\"\" width=\"450\" height=\"299\" srcset=\"https:\/\/blog.panrotas.com.br\/b2btech\/wp-content\/uploads\/sites\/7\/2011\/10\/Foto-9-1024x682.jpg 1024w, https:\/\/blog.panrotas.com.br\/b2btech\/wp-content\/uploads\/sites\/7\/2011\/10\/Foto-9-300x200.jpg 300w, https:\/\/blog.panrotas.com.br\/b2btech\/wp-content\/uploads\/sites\/7\/2011\/10\/Foto-9-768x512.jpg 768w, https:\/\/blog.panrotas.com.br\/b2btech\/wp-content\/uploads\/sites\/7\/2011\/10\/Foto-9-1568x1045.jpg 1568w\" sizes=\"(max-width: 450px) 100vw, 450px\" \/><\/a><\/dt>\n<dd class=\"wp-caption-dd\">Bruno Ciancio e \u00c1lvaro Pinto, do Reserve, mostraram como a tecnologia baixou de pre\u00e7o<\/dd>\n<\/dl>\n<\/div>\n<div class=\"mceTemp mceIEcenter\" style=\"text-align: center\">\n<dl id=\"attachment_979\" class=\"wp-caption aligncenter\" style=\"width: 460px\">\n<dt class=\"wp-caption-dt\"><a href=\"http:\/\/panrotas.blog.br\/b2btech\/wp-content\/uploads\/sites\/7\/2011\/10\/Foto-10.jpg\"><img loading=\"lazy\" class=\"size-large wp-image-979\" title=\"Foto 10\" src=\"http:\/\/blog.panrotas.com.br\/distribuindoviagens\/wp-content\/uploads\/2011\/10\/Foto-10-1024x683.jpg\" alt=\"\" width=\"450\" height=\"300\" srcset=\"https:\/\/blog.panrotas.com.br\/b2btech\/wp-content\/uploads\/sites\/7\/2011\/10\/Foto-10-1024x683.jpg 1024w, https:\/\/blog.panrotas.com.br\/b2btech\/wp-content\/uploads\/sites\/7\/2011\/10\/Foto-10-300x200.jpg 300w, https:\/\/blog.panrotas.com.br\/b2btech\/wp-content\/uploads\/sites\/7\/2011\/10\/Foto-10-768x512.jpg 768w, https:\/\/blog.panrotas.com.br\/b2btech\/wp-content\/uploads\/sites\/7\/2011\/10\/Foto-10-1568x1046.jpg 1568w\" sizes=\"(max-width: 450px) 100vw, 450px\" \/><\/a><\/dt>\n<dd class=\"wp-caption-dd\">Eu debati com Julio Vasconcellos, do Peixe Urbano, se os sites de compras coletivas fazem e-commerce ou s\u00e3o somente mais um canal de marketing<\/dd>\n<\/dl>\n<\/div>\n<div class=\"mceTemp mceIEcenter\" style=\"text-align: center\">\n<dl id=\"attachment_980\" class=\"wp-caption aligncenter\" style=\"width: 460px\">\n<dt class=\"wp-caption-dt\"><a href=\"http:\/\/panrotas.blog.br\/b2btech\/wp-content\/uploads\/sites\/7\/2011\/10\/Foto-11.jpg\"><img loading=\"lazy\" class=\"size-large wp-image-980\" title=\"Foto 11\" src=\"http:\/\/blog.panrotas.com.br\/distribuindoviagens\/wp-content\/uploads\/2011\/10\/Foto-11-1024x682.jpg\" alt=\"\" width=\"450\" height=\"299\" \/><\/a><\/dt>\n<dd class=\"wp-caption-dd\">A equipe Reserve no workshop coordenado por Graziela Longotano (a 3a. da esq.\u00a0em cima)<\/dd>\n<\/dl>\n<\/div>\n<div class=\"mceTemp mceIEcenter\" style=\"text-align: center\">\n<dl id=\"attachment_981\" class=\"wp-caption aligncenter\" style=\"width: 460px\">\n<dt class=\"wp-caption-dt\"><a href=\"http:\/\/panrotas.blog.br\/b2btech\/wp-content\/uploads\/sites\/7\/2011\/10\/Foto-12.jpg\"><img loading=\"lazy\" class=\"size-large wp-image-981\" title=\"Foto 12\" src=\"http:\/\/blog.panrotas.com.br\/distribuindoviagens\/wp-content\/uploads\/2011\/10\/Foto-12-1024x577.jpg\" alt=\"\" width=\"450\" height=\"253\" \/><\/a><\/dt>\n<dd class=\"wp-caption-dd\">A plateia de Reservistas e n\u00e3o-Reservistas participou dos debates em todas as 6 palestras<\/dd>\n<\/dl>\n<\/div>\n","protected":false},"excerpt":{"rendered":"<p>Entre tantos assuntos que aqueceram a Feira das Am\u00e9ricas deste ano (alguns pol\u00eamicos, outros nem tanto), a decis\u00e3o de fortalecer o Congresso foi, sem d\u00favida, a mais acertada. Independentemente do resultado final desta a\u00e7\u00e3o, em termos da qualidade das palestras e da quantidade de participantes presentes, o grande fator foi justamente o passo dado no&hellip; <a class=\"more-link\" href=\"https:\/\/blog.panrotas.com.br\/b2btech\/2011\/10\/24\/valeu-a-pena-apostar-no-congresso-da-abav\/\">Continue reading &rarr;<\/a><\/p>\n","protected":false},"author":11,"featured_media":0,"comment_status":"open","ping_status":"open","sticky":false,"template":"","format":"standard","meta":{"spay_email":""},"categories":[8],"tags":[],"yoast_head":"<!-- This site is optimized with the Yoast SEO plugin v17.3 - https:\/\/yoast.com\/wordpress\/plugins\/seo\/ -->\n<title>VALEU A PENA APOSTAR NO CONGRESSO DA ABAV - B2btech<\/title>\n<meta name=\"robots\" content=\"index, follow, max-snippet:-1, max-image-preview:large, max-video-preview:-1\" \/>\n<link rel=\"canonical\" href=\"https:\/\/blog.panrotas.com.br\/b2btech\/2011\/10\/24\/valeu-a-pena-apostar-no-congresso-da-abav\/\" \/>\n<meta property=\"og:locale\" content=\"pt_BR\" \/>\n<meta property=\"og:type\" content=\"article\" \/>\n<meta property=\"og:title\" content=\"VALEU A PENA APOSTAR NO CONGRESSO DA ABAV - B2btech\" \/>\n<meta property=\"og:description\" content=\"Entre tantos assuntos que aqueceram a Feira das Am\u00e9ricas deste ano (alguns pol\u00eamicos, outros nem tanto), a decis\u00e3o de fortalecer o Congresso foi, sem d\u00favida, a mais acertada. Independentemente do resultado final desta a\u00e7\u00e3o, em termos da qualidade das palestras e da quantidade de participantes presentes, o grande fator foi justamente o passo dado no&hellip; Continue reading &rarr;\" \/>\n<meta property=\"og:url\" content=\"https:\/\/blog.panrotas.com.br\/b2btech\/2011\/10\/24\/valeu-a-pena-apostar-no-congresso-da-abav\/\" \/>\n<meta property=\"og:site_name\" content=\"B2btech\" \/>\n<meta property=\"article:published_time\" content=\"2011-10-24T11:57:12+00:00\" \/>\n<meta property=\"og:image\" content=\"http:\/\/panrotas.blog.br\/b2btech\/wp-content\/uploads\/sites\/7\/2011\/10\/Foto-01.jpg\" \/>\n<meta name=\"twitter:card\" content=\"summary_large_image\" \/>\n<meta name=\"twitter:label1\" content=\"Escrito por\" \/>\n\t<meta name=\"twitter:data1\" content=\"Lu\u00eds Vabo\" \/>\n\t<meta name=\"twitter:label2\" content=\"Est. tempo de leitura\" \/>\n\t<meta name=\"twitter:data2\" content=\"4 minutos\" \/>\n<script type=\"application\/ld+json\" class=\"yoast-schema-graph\">{\"@context\":\"https:\/\/schema.org\",\"@graph\":[{\"@type\":\"WebSite\",\"@id\":\"https:\/\/blog.panrotas.com.br\/b2btech\/#website\",\"url\":\"https:\/\/blog.panrotas.com.br\/b2btech\/\",\"name\":\"B2btech\",\"description\":\"Blogosfera PANROTAS\",\"potentialAction\":[{\"@type\":\"SearchAction\",\"target\":{\"@type\":\"EntryPoint\",\"urlTemplate\":\"https:\/\/blog.panrotas.com.br\/b2btech\/?s={search_term_string}\"},\"query-input\":\"required name=search_term_string\"}],\"inLanguage\":\"pt-BR\"},{\"@type\":\"ImageObject\",\"@id\":\"https:\/\/blog.panrotas.com.br\/b2btech\/2011\/10\/24\/valeu-a-pena-apostar-no-congresso-da-abav\/#primaryimage\",\"inLanguage\":\"pt-BR\",\"url\":\"http:\/\/panrotas.blog.br\/b2btech\/wp-content\/uploads\/sites\/7\/2011\/10\/Foto-01.jpg\",\"contentUrl\":\"http:\/\/panrotas.blog.br\/b2btech\/wp-content\/uploads\/sites\/7\/2011\/10\/Foto-01.jpg\"},{\"@type\":\"WebPage\",\"@id\":\"https:\/\/blog.panrotas.com.br\/b2btech\/2011\/10\/24\/valeu-a-pena-apostar-no-congresso-da-abav\/#webpage\",\"url\":\"https:\/\/blog.panrotas.com.br\/b2btech\/2011\/10\/24\/valeu-a-pena-apostar-no-congresso-da-abav\/\",\"name\":\"VALEU A PENA APOSTAR NO CONGRESSO DA ABAV - B2btech\",\"isPartOf\":{\"@id\":\"https:\/\/blog.panrotas.com.br\/b2btech\/#website\"},\"primaryImageOfPage\":{\"@id\":\"https:\/\/blog.panrotas.com.br\/b2btech\/2011\/10\/24\/valeu-a-pena-apostar-no-congresso-da-abav\/#primaryimage\"},\"datePublished\":\"2011-10-24T11:57:12+00:00\",\"dateModified\":\"2011-10-24T11:57:12+00:00\",\"author\":{\"@id\":\"https:\/\/blog.panrotas.com.br\/b2btech\/#\/schema\/person\/2d58abeacbdf1a9b93993c7f1b7406d6\"},\"breadcrumb\":{\"@id\":\"https:\/\/blog.panrotas.com.br\/b2btech\/2011\/10\/24\/valeu-a-pena-apostar-no-congresso-da-abav\/#breadcrumb\"},\"inLanguage\":\"pt-BR\",\"potentialAction\":[{\"@type\":\"ReadAction\",\"target\":[\"https:\/\/blog.panrotas.com.br\/b2btech\/2011\/10\/24\/valeu-a-pena-apostar-no-congresso-da-abav\/\"]}]},{\"@type\":\"BreadcrumbList\",\"@id\":\"https:\/\/blog.panrotas.com.br\/b2btech\/2011\/10\/24\/valeu-a-pena-apostar-no-congresso-da-abav\/#breadcrumb\",\"itemListElement\":[{\"@type\":\"ListItem\",\"position\":1,\"name\":\"In\\u00edcio\",\"item\":\"https:\/\/blog.panrotas.com.br\/b2btech\/\"},{\"@type\":\"ListItem\",\"position\":2,\"name\":\"VALEU A PENA APOSTAR NO CONGRESSO DA ABAV\"}]},{\"@type\":\"Person\",\"@id\":\"https:\/\/blog.panrotas.com.br\/b2btech\/#\/schema\/person\/2d58abeacbdf1a9b93993c7f1b7406d6\",\"name\":\"Lu\\u00eds Vabo\",\"image\":{\"@type\":\"ImageObject\",\"@id\":\"https:\/\/blog.panrotas.com.br\/b2btech\/#personlogo\",\"inLanguage\":\"pt-BR\",\"url\":\"https:\/\/secure.gravatar.com\/avatar\/66c6e91231deb293ea586f1325cdda96?s=96&d=mm&r=g\",\"contentUrl\":\"https:\/\/secure.gravatar.com\/avatar\/66c6e91231deb293ea586f1325cdda96?s=96&d=mm&r=g\",\"caption\":\"Lu\\u00eds Vabo\"},\"description\":\"Entusiasta da inova\\u00e7\\u00e3o, do empreendedorismo e da alta performance, adepto da vida saud\\u00e1vel, dos amigos e da fam\\u00edlia, obstinado, volunt\\u00e1rio, esportista e apaixonado. S\\u00f3cio-CEO Reserve Systems \\ud83d\\udcca S\\u00f3cio-fundador Solid Gest\\u00e3o \\ud83d\\udcc8 S\\u00f3cio-CFO MyView Drones \\ud83d\\ude81 S\\u00f3cio Link School of Business \\ud83c\\udf93 Conselheiro Abracorp \\u2708\\ufe0f\",\"sameAs\":[\"http:\/\/www.reserve.com.br\"],\"url\":\"https:\/\/blog.panrotas.com.br\/b2btech\/author\/luisvabo\/\"}]}<\/script>\n<!-- \/ Yoast SEO plugin. -->","yoast_head_json":{"title":"VALEU A PENA APOSTAR NO CONGRESSO DA ABAV - B2btech","robots":{"index":"index","follow":"follow","max-snippet":"max-snippet:-1","max-image-preview":"max-image-preview:large","max-video-preview":"max-video-preview:-1"},"canonical":"https:\/\/blog.panrotas.com.br\/b2btech\/2011\/10\/24\/valeu-a-pena-apostar-no-congresso-da-abav\/","og_locale":"pt_BR","og_type":"article","og_title":"VALEU A PENA APOSTAR NO CONGRESSO DA ABAV - B2btech","og_description":"Entre tantos assuntos que aqueceram a Feira das Am\u00e9ricas deste ano (alguns pol\u00eamicos, outros nem tanto), a decis\u00e3o de fortalecer o Congresso foi, sem d\u00favida, a mais acertada. Independentemente do resultado final desta a\u00e7\u00e3o, em termos da qualidade das palestras e da quantidade de participantes presentes, o grande fator foi justamente o passo dado no&hellip; Continue reading &rarr;","og_url":"https:\/\/blog.panrotas.com.br\/b2btech\/2011\/10\/24\/valeu-a-pena-apostar-no-congresso-da-abav\/","og_site_name":"B2btech","article_published_time":"2011-10-24T11:57:12+00:00","og_image":[{"url":"http:\/\/panrotas.blog.br\/b2btech\/wp-content\/uploads\/sites\/7\/2011\/10\/Foto-01.jpg"}],"twitter_card":"summary_large_image","twitter_misc":{"Escrito por":"Lu\u00eds Vabo","Est. tempo de leitura":"4 minutos"},"schema":{"@context":"https:\/\/schema.org","@graph":[{"@type":"WebSite","@id":"https:\/\/blog.panrotas.com.br\/b2btech\/#website","url":"https:\/\/blog.panrotas.com.br\/b2btech\/","name":"B2btech","description":"Blogosfera PANROTAS","potentialAction":[{"@type":"SearchAction","target":{"@type":"EntryPoint","urlTemplate":"https:\/\/blog.panrotas.com.br\/b2btech\/?s={search_term_string}"},"query-input":"required name=search_term_string"}],"inLanguage":"pt-BR"},{"@type":"ImageObject","@id":"https:\/\/blog.panrotas.com.br\/b2btech\/2011\/10\/24\/valeu-a-pena-apostar-no-congresso-da-abav\/#primaryimage","inLanguage":"pt-BR","url":"http:\/\/panrotas.blog.br\/b2btech\/wp-content\/uploads\/sites\/7\/2011\/10\/Foto-01.jpg","contentUrl":"http:\/\/panrotas.blog.br\/b2btech\/wp-content\/uploads\/sites\/7\/2011\/10\/Foto-01.jpg"},{"@type":"WebPage","@id":"https:\/\/blog.panrotas.com.br\/b2btech\/2011\/10\/24\/valeu-a-pena-apostar-no-congresso-da-abav\/#webpage","url":"https:\/\/blog.panrotas.com.br\/b2btech\/2011\/10\/24\/valeu-a-pena-apostar-no-congresso-da-abav\/","name":"VALEU A PENA APOSTAR NO CONGRESSO DA ABAV - B2btech","isPartOf":{"@id":"https:\/\/blog.panrotas.com.br\/b2btech\/#website"},"primaryImageOfPage":{"@id":"https:\/\/blog.panrotas.com.br\/b2btech\/2011\/10\/24\/valeu-a-pena-apostar-no-congresso-da-abav\/#primaryimage"},"datePublished":"2011-10-24T11:57:12+00:00","dateModified":"2011-10-24T11:57:12+00:00","author":{"@id":"https:\/\/blog.panrotas.com.br\/b2btech\/#\/schema\/person\/2d58abeacbdf1a9b93993c7f1b7406d6"},"breadcrumb":{"@id":"https:\/\/blog.panrotas.com.br\/b2btech\/2011\/10\/24\/valeu-a-pena-apostar-no-congresso-da-abav\/#breadcrumb"},"inLanguage":"pt-BR","potentialAction":[{"@type":"ReadAction","target":["https:\/\/blog.panrotas.com.br\/b2btech\/2011\/10\/24\/valeu-a-pena-apostar-no-congresso-da-abav\/"]}]},{"@type":"BreadcrumbList","@id":"https:\/\/blog.panrotas.com.br\/b2btech\/2011\/10\/24\/valeu-a-pena-apostar-no-congresso-da-abav\/#breadcrumb","itemListElement":[{"@type":"ListItem","position":1,"name":"In\u00edcio","item":"https:\/\/blog.panrotas.com.br\/b2btech\/"},{"@type":"ListItem","position":2,"name":"VALEU A PENA APOSTAR NO CONGRESSO DA ABAV"}]},{"@type":"Person","@id":"https:\/\/blog.panrotas.com.br\/b2btech\/#\/schema\/person\/2d58abeacbdf1a9b93993c7f1b7406d6","name":"Lu\u00eds Vabo","image":{"@type":"ImageObject","@id":"https:\/\/blog.panrotas.com.br\/b2btech\/#personlogo","inLanguage":"pt-BR","url":"https:\/\/secure.gravatar.com\/avatar\/66c6e91231deb293ea586f1325cdda96?s=96&d=mm&r=g","contentUrl":"https:\/\/secure.gravatar.com\/avatar\/66c6e91231deb293ea586f1325cdda96?s=96&d=mm&r=g","caption":"Lu\u00eds Vabo"},"description":"Entusiasta da inova\u00e7\u00e3o, do empreendedorismo e da alta performance, adepto da vida saud\u00e1vel, dos amigos e da fam\u00edlia, obstinado, volunt\u00e1rio, esportista e apaixonado. S\u00f3cio-CEO Reserve Systems \ud83d\udcca S\u00f3cio-fundador Solid Gest\u00e3o \ud83d\udcc8 S\u00f3cio-CFO MyView Drones \ud83d\ude81 S\u00f3cio Link School of Business \ud83c\udf93 Conselheiro Abracorp \u2708\ufe0f","sameAs":["http:\/\/www.reserve.com.br"],"url":"https:\/\/blog.panrotas.com.br\/b2btech\/author\/luisvabo\/"}]}},"jetpack_featured_media_url":"","_links":{"self":[{"href":"https:\/\/blog.panrotas.com.br\/b2btech\/wp-json\/wp\/v2\/posts\/955"}],"collection":[{"href":"https:\/\/blog.panrotas.com.br\/b2btech\/wp-json\/wp\/v2\/posts"}],"about":[{"href":"https:\/\/blog.panrotas.com.br\/b2btech\/wp-json\/wp\/v2\/types\/post"}],"author":[{"embeddable":true,"href":"https:\/\/blog.panrotas.com.br\/b2btech\/wp-json\/wp\/v2\/users\/11"}],"replies":[{"embeddable":true,"href":"https:\/\/blog.panrotas.com.br\/b2btech\/wp-json\/wp\/v2\/comments?post=955"}],"version-history":[{"count":0,"href":"https:\/\/blog.panrotas.com.br\/b2btech\/wp-json\/wp\/v2\/posts\/955\/revisions"}],"wp:attachment":[{"href":"https:\/\/blog.panrotas.com.br\/b2btech\/wp-json\/wp\/v2\/media?parent=955"}],"wp:term":[{"taxonomy":"category","embeddable":true,"href":"https:\/\/blog.panrotas.com.br\/b2btech\/wp-json\/wp\/v2\/categories?post=955"},{"taxonomy":"post_tag","embeddable":true,"href":"https:\/\/blog.panrotas.com.br\/b2btech\/wp-json\/wp\/v2\/tags?post=955"}],"curies":[{"name":"wp","href":"https:\/\/api.w.org\/{rel}","templated":true}]}}