{"id":166,"date":"2026-04-02T08:58:23","date_gmt":"2026-04-02T11:58:23","guid":{"rendered":"https:\/\/blog.panrotas.com.br\/destino-bem-estar\/?p=166"},"modified":"2026-04-02T08:58:27","modified_gmt":"2026-04-02T11:58:27","slug":"retiro-de-meditacao-como-e","status":"publish","type":"post","link":"https:\/\/blog.panrotas.com.br\/destino-bem-estar\/2026\/04\/02\/retiro-de-meditacao-como-e\/","title":{"rendered":"Retiro de medita\u00e7\u00e3o: como \u00e9?"},"content":{"rendered":"\n<p>Existe uma variedade de retiros de medita\u00e7\u00e3o. Vou contar um pouco como \u00e9 o meu, como \u00e9 um retiro Ishaya. Bem, primeiro quero dizer que estou em um lugar lindo, uma montanha na Catalunha que se chama Mont Ral. Em um quarto com uma vista privilegiada em que vejo o Sol e a Lua nascerem. Ontem vi a lua cheia saindo do horizonte em um c\u00e9u cor de rosa.<\/p>\n\n\n\n<p> A gente medita bastante sim. Fecha os olhos em grupo e \u00e9 uma del\u00edcia. Mas tamb\u00e9m conversamos, rimos, passeamos e comemos muito bem. Na minha perspectiva \u00e9 uma combina\u00e7\u00e3o perfeita de descanso profundo, conex\u00e3o consigo mesmo , com a natureza e com os demais. N\u00e3o falta nada. A plenitude est\u00e1 em todos os momentos. Pra quem nunca foi parece dif\u00edcil, parece que voc\u00ea vai se privar das coisas que gosta. Mas n\u00e3o,  n\u00e3o falta nada; voc\u00ea se nutre com o essencial da vida. Eu recomendo!<\/p>\n\n\n\n<figure class=\"wp-block-image size-large\"><img loading=\"lazy\" width=\"768\" height=\"1024\" src=\"https:\/\/blog.panrotas.com.br\/destino-bem-estar\/wp-content\/uploads\/sites\/41\/2026\/04\/d6256281-d268-4f16-ae03-4e02c62ea76d-768x1024.jpeg\" alt=\"\" class=\"wp-image-167\" srcset=\"https:\/\/blog.panrotas.com.br\/destino-bem-estar\/wp-content\/uploads\/sites\/41\/2026\/04\/d6256281-d268-4f16-ae03-4e02c62ea76d-768x1024.jpeg 768w, https:\/\/blog.panrotas.com.br\/destino-bem-estar\/wp-content\/uploads\/sites\/41\/2026\/04\/d6256281-d268-4f16-ae03-4e02c62ea76d-225x300.jpeg 225w, https:\/\/blog.panrotas.com.br\/destino-bem-estar\/wp-content\/uploads\/sites\/41\/2026\/04\/d6256281-d268-4f16-ae03-4e02c62ea76d-740x987.jpeg 740w, https:\/\/blog.panrotas.com.br\/destino-bem-estar\/wp-content\/uploads\/sites\/41\/2026\/04\/d6256281-d268-4f16-ae03-4e02c62ea76d.jpeg 960w\" sizes=\"(max-width: 768px) 100vw, 768px\" \/><\/figure>\n\n\n\n<figure class=\"wp-block-image size-large\"><img loading=\"lazy\" width=\"768\" height=\"1024\" src=\"https:\/\/blog.panrotas.com.br\/destino-bem-estar\/wp-content\/uploads\/sites\/41\/2026\/04\/a119209b-45f1-4909-8357-b74e4a290b29-768x1024.jpeg\" alt=\"\" class=\"wp-image-168\" srcset=\"https:\/\/blog.panrotas.com.br\/destino-bem-estar\/wp-content\/uploads\/sites\/41\/2026\/04\/a119209b-45f1-4909-8357-b74e4a290b29-768x1024.jpeg 768w, https:\/\/blog.panrotas.com.br\/destino-bem-estar\/wp-content\/uploads\/sites\/41\/2026\/04\/a119209b-45f1-4909-8357-b74e4a290b29-225x300.jpeg 225w, https:\/\/blog.panrotas.com.br\/destino-bem-estar\/wp-content\/uploads\/sites\/41\/2026\/04\/a119209b-45f1-4909-8357-b74e4a290b29-740x987.jpeg 740w, https:\/\/blog.panrotas.com.br\/destino-bem-estar\/wp-content\/uploads\/sites\/41\/2026\/04\/a119209b-45f1-4909-8357-b74e4a290b29.jpeg 960w\" sizes=\"(max-width: 768px) 100vw, 768px\" \/><\/figure>\n\n\n\n<figure class=\"wp-block-video\"><video controls src=\"https:\/\/blog.panrotas.com.br\/destino-bem-estar\/wp-content\/uploads\/sites\/41\/2026\/04\/d1f3607d-c53f-41ac-896f-30c4a8cfdb40.mp4\"><\/video><\/figure>\n\n\n\n<figure class=\"wp-block-video\"><\/figure>\n\n\n\n<p><\/p>\n","protected":false},"excerpt":{"rendered":"<p>Existe uma variedade de retiros de medita\u00e7\u00e3o. Vou contar um pouco como \u00e9 o meu, como \u00e9 um retiro Ishaya. Bem, primeiro quero dizer que estou em um lugar lindo, uma montanha na Catalunha que se chama Mont Ral. Em um quarto com uma vista privilegiada em que vejo o Sol e a Lua nascerem.&hellip; <a class=\"more-link\" href=\"https:\/\/blog.panrotas.com.br\/destino-bem-estar\/2026\/04\/02\/retiro-de-meditacao-como-e\/\">Continue reading &rarr;<\/a><\/p>\n","protected":false},"author":24,"featured_media":0,"comment_status":"open","ping_status":"open","sticky":false,"template":"","format":"standard","meta":{"spay_email":""},"categories":[1],"tags":[],"yoast_head":"<!-- This site is optimized with the Yoast SEO plugin v17.3 - https:\/\/yoast.com\/wordpress\/plugins\/seo\/ -->\n<title>Retiro de medita\u00e7\u00e3o: como \u00e9? - Destino: Bem-Estar<\/title>\n<meta name=\"robots\" content=\"index, follow, max-snippet:-1, max-image-preview:large, max-video-preview:-1\" \/>\n<link rel=\"canonical\" href=\"https:\/\/blog.panrotas.com.br\/destino-bem-estar\/2026\/04\/02\/retiro-de-meditacao-como-e\/\" \/>\n<meta property=\"og:locale\" content=\"pt_BR\" \/>\n<meta property=\"og:type\" content=\"article\" \/>\n<meta property=\"og:title\" content=\"Retiro de medita\u00e7\u00e3o: como \u00e9? - Destino: Bem-Estar\" \/>\n<meta property=\"og:description\" content=\"Existe uma variedade de retiros de medita\u00e7\u00e3o. Vou contar um pouco como \u00e9 o meu, como \u00e9 um retiro Ishaya. Bem, primeiro quero dizer que estou em um lugar lindo, uma montanha na Catalunha que se chama Mont Ral. Em um quarto com uma vista privilegiada em que vejo o Sol e a Lua nascerem.&hellip; Continue reading &rarr;\" \/>\n<meta property=\"og:url\" content=\"https:\/\/blog.panrotas.com.br\/destino-bem-estar\/2026\/04\/02\/retiro-de-meditacao-como-e\/\" \/>\n<meta property=\"og:site_name\" content=\"Destino: Bem-Estar\" \/>\n<meta property=\"article:published_time\" content=\"2026-04-02T11:58:23+00:00\" \/>\n<meta property=\"article:modified_time\" content=\"2026-04-02T11:58:27+00:00\" \/>\n<meta property=\"og:image\" content=\"https:\/\/blog.panrotas.com.br\/destino-bem-estar\/wp-content\/uploads\/sites\/41\/2026\/04\/d6256281-d268-4f16-ae03-4e02c62ea76d-768x1024.jpeg\" \/>\n<meta name=\"twitter:card\" content=\"summary_large_image\" \/>\n<meta name=\"twitter:label1\" content=\"Escrito por\" \/>\n\t<meta name=\"twitter:data1\" content=\"Tati Isler\" \/>\n\t<meta name=\"twitter:label2\" content=\"Est. tempo de leitura\" \/>\n\t<meta name=\"twitter:data2\" content=\"2 minutos\" \/>\n<script type=\"application\/ld+json\" class=\"yoast-schema-graph\">{\"@context\":\"https:\/\/schema.org\",\"@graph\":[{\"@type\":\"WebSite\",\"@id\":\"https:\/\/blog.panrotas.com.br\/destino-bem-estar\/#website\",\"url\":\"https:\/\/blog.panrotas.com.br\/destino-bem-estar\/\",\"name\":\"Destino: Bem-Estar\",\"description\":\"\",\"potentialAction\":[{\"@type\":\"SearchAction\",\"target\":{\"@type\":\"EntryPoint\",\"urlTemplate\":\"https:\/\/blog.panrotas.com.br\/destino-bem-estar\/?s={search_term_string}\"},\"query-input\":\"required name=search_term_string\"}],\"inLanguage\":\"pt-BR\"},{\"@type\":\"ImageObject\",\"@id\":\"https:\/\/blog.panrotas.com.br\/destino-bem-estar\/2026\/04\/02\/retiro-de-meditacao-como-e\/#primaryimage\",\"inLanguage\":\"pt-BR\",\"url\":\"https:\/\/blog.panrotas.com.br\/destino-bem-estar\/wp-content\/uploads\/sites\/41\/2026\/04\/d6256281-d268-4f16-ae03-4e02c62ea76d.jpeg\",\"contentUrl\":\"https:\/\/blog.panrotas.com.br\/destino-bem-estar\/wp-content\/uploads\/sites\/41\/2026\/04\/d6256281-d268-4f16-ae03-4e02c62ea76d.jpeg\",\"width\":960,\"height\":1280},{\"@type\":\"WebPage\",\"@id\":\"https:\/\/blog.panrotas.com.br\/destino-bem-estar\/2026\/04\/02\/retiro-de-meditacao-como-e\/#webpage\",\"url\":\"https:\/\/blog.panrotas.com.br\/destino-bem-estar\/2026\/04\/02\/retiro-de-meditacao-como-e\/\",\"name\":\"Retiro de medita\\u00e7\\u00e3o: como \\u00e9? - Destino: Bem-Estar\",\"isPartOf\":{\"@id\":\"https:\/\/blog.panrotas.com.br\/destino-bem-estar\/#website\"},\"primaryImageOfPage\":{\"@id\":\"https:\/\/blog.panrotas.com.br\/destino-bem-estar\/2026\/04\/02\/retiro-de-meditacao-como-e\/#primaryimage\"},\"datePublished\":\"2026-04-02T11:58:23+00:00\",\"dateModified\":\"2026-04-02T11:58:27+00:00\",\"author\":{\"@id\":\"https:\/\/blog.panrotas.com.br\/destino-bem-estar\/#\/schema\/person\/bb023b1ec94101ad234190df9ce3fccf\"},\"breadcrumb\":{\"@id\":\"https:\/\/blog.panrotas.com.br\/destino-bem-estar\/2026\/04\/02\/retiro-de-meditacao-como-e\/#breadcrumb\"},\"inLanguage\":\"pt-BR\",\"potentialAction\":[{\"@type\":\"ReadAction\",\"target\":[\"https:\/\/blog.panrotas.com.br\/destino-bem-estar\/2026\/04\/02\/retiro-de-meditacao-como-e\/\"]}]},{\"@type\":\"BreadcrumbList\",\"@id\":\"https:\/\/blog.panrotas.com.br\/destino-bem-estar\/2026\/04\/02\/retiro-de-meditacao-como-e\/#breadcrumb\",\"itemListElement\":[{\"@type\":\"ListItem\",\"position\":1,\"name\":\"In\\u00edcio\",\"item\":\"https:\/\/blog.panrotas.com.br\/destino-bem-estar\/\"},{\"@type\":\"ListItem\",\"position\":2,\"name\":\"Retiro de medita\\u00e7\\u00e3o: como \\u00e9?\"}]},{\"@type\":\"Person\",\"@id\":\"https:\/\/blog.panrotas.com.br\/destino-bem-estar\/#\/schema\/person\/bb023b1ec94101ad234190df9ce3fccf\",\"name\":\"Tati Isler\",\"image\":{\"@type\":\"ImageObject\",\"@id\":\"https:\/\/blog.panrotas.com.br\/destino-bem-estar\/#personlogo\",\"inLanguage\":\"pt-BR\",\"url\":\"https:\/\/secure.gravatar.com\/avatar\/e24589919071c42d83489652d495c98a?s=96&d=mm&r=g\",\"contentUrl\":\"https:\/\/secure.gravatar.com\/avatar\/e24589919071c42d83489652d495c98a?s=96&d=mm&r=g\",\"caption\":\"Tati Isler\"},\"description\":\"Formada em Hist\\u00f3ria e jornalismo, Tati Isler trabalhou 15 anos como jornalista, 7 deles cobrindo cinema em Hollywood, antes de fundar a TI Comunica\\u00e7\\u00f5es, empresa de marketing e comunica\\u00e7\\u00e3o que representa o Turismo da \\u00c1frica do Sul no Brasil e Am\\u00e9rica do Sul. H\\u00e1 sete anos, quando teve um diagn\\u00f3stico de c\\u00e2ncer de mama, come\\u00e7ou a incluir a medita\\u00e7\\u00e3o diariamente na sua vida. Passou muito bem pelo tratamento, e nunca mais parou de meditar, aprofundando-se nesta viagem interior a cada dia. Virou monja Ishaya, professora de medita\\u00e7\\u00e3o, levou a pr\\u00e1tica para sua equipe e em plena quarentena lan\\u00e7ou uma empresa especializada em viagens pra dentro, a Ti Transforma, que tem como miss\\u00e3o levar consci\\u00eancia para o universo corporativo, por meio da medita\\u00e7\\u00e3o.\",\"url\":\"https:\/\/blog.panrotas.com.br\/destino-bem-estar\/author\/elas\/\"}]}<\/script>\n<!-- \/ Yoast SEO plugin. -->","yoast_head_json":{"title":"Retiro de medita\u00e7\u00e3o: como \u00e9? - Destino: Bem-Estar","robots":{"index":"index","follow":"follow","max-snippet":"max-snippet:-1","max-image-preview":"max-image-preview:large","max-video-preview":"max-video-preview:-1"},"canonical":"https:\/\/blog.panrotas.com.br\/destino-bem-estar\/2026\/04\/02\/retiro-de-meditacao-como-e\/","og_locale":"pt_BR","og_type":"article","og_title":"Retiro de medita\u00e7\u00e3o: como \u00e9? - Destino: Bem-Estar","og_description":"Existe uma variedade de retiros de medita\u00e7\u00e3o. Vou contar um pouco como \u00e9 o meu, como \u00e9 um retiro Ishaya. Bem, primeiro quero dizer que estou em um lugar lindo, uma montanha na Catalunha que se chama Mont Ral. Em um quarto com uma vista privilegiada em que vejo o Sol e a Lua nascerem.&hellip; Continue reading &rarr;","og_url":"https:\/\/blog.panrotas.com.br\/destino-bem-estar\/2026\/04\/02\/retiro-de-meditacao-como-e\/","og_site_name":"Destino: Bem-Estar","article_published_time":"2026-04-02T11:58:23+00:00","article_modified_time":"2026-04-02T11:58:27+00:00","og_image":[{"url":"https:\/\/blog.panrotas.com.br\/destino-bem-estar\/wp-content\/uploads\/sites\/41\/2026\/04\/d6256281-d268-4f16-ae03-4e02c62ea76d-768x1024.jpeg"}],"twitter_card":"summary_large_image","twitter_misc":{"Escrito por":"Tati Isler","Est. tempo de leitura":"2 minutos"},"schema":{"@context":"https:\/\/schema.org","@graph":[{"@type":"WebSite","@id":"https:\/\/blog.panrotas.com.br\/destino-bem-estar\/#website","url":"https:\/\/blog.panrotas.com.br\/destino-bem-estar\/","name":"Destino: Bem-Estar","description":"","potentialAction":[{"@type":"SearchAction","target":{"@type":"EntryPoint","urlTemplate":"https:\/\/blog.panrotas.com.br\/destino-bem-estar\/?s={search_term_string}"},"query-input":"required name=search_term_string"}],"inLanguage":"pt-BR"},{"@type":"ImageObject","@id":"https:\/\/blog.panrotas.com.br\/destino-bem-estar\/2026\/04\/02\/retiro-de-meditacao-como-e\/#primaryimage","inLanguage":"pt-BR","url":"https:\/\/blog.panrotas.com.br\/destino-bem-estar\/wp-content\/uploads\/sites\/41\/2026\/04\/d6256281-d268-4f16-ae03-4e02c62ea76d.jpeg","contentUrl":"https:\/\/blog.panrotas.com.br\/destino-bem-estar\/wp-content\/uploads\/sites\/41\/2026\/04\/d6256281-d268-4f16-ae03-4e02c62ea76d.jpeg","width":960,"height":1280},{"@type":"WebPage","@id":"https:\/\/blog.panrotas.com.br\/destino-bem-estar\/2026\/04\/02\/retiro-de-meditacao-como-e\/#webpage","url":"https:\/\/blog.panrotas.com.br\/destino-bem-estar\/2026\/04\/02\/retiro-de-meditacao-como-e\/","name":"Retiro de medita\u00e7\u00e3o: como \u00e9? - Destino: Bem-Estar","isPartOf":{"@id":"https:\/\/blog.panrotas.com.br\/destino-bem-estar\/#website"},"primaryImageOfPage":{"@id":"https:\/\/blog.panrotas.com.br\/destino-bem-estar\/2026\/04\/02\/retiro-de-meditacao-como-e\/#primaryimage"},"datePublished":"2026-04-02T11:58:23+00:00","dateModified":"2026-04-02T11:58:27+00:00","author":{"@id":"https:\/\/blog.panrotas.com.br\/destino-bem-estar\/#\/schema\/person\/bb023b1ec94101ad234190df9ce3fccf"},"breadcrumb":{"@id":"https:\/\/blog.panrotas.com.br\/destino-bem-estar\/2026\/04\/02\/retiro-de-meditacao-como-e\/#breadcrumb"},"inLanguage":"pt-BR","potentialAction":[{"@type":"ReadAction","target":["https:\/\/blog.panrotas.com.br\/destino-bem-estar\/2026\/04\/02\/retiro-de-meditacao-como-e\/"]}]},{"@type":"BreadcrumbList","@id":"https:\/\/blog.panrotas.com.br\/destino-bem-estar\/2026\/04\/02\/retiro-de-meditacao-como-e\/#breadcrumb","itemListElement":[{"@type":"ListItem","position":1,"name":"In\u00edcio","item":"https:\/\/blog.panrotas.com.br\/destino-bem-estar\/"},{"@type":"ListItem","position":2,"name":"Retiro de medita\u00e7\u00e3o: como \u00e9?"}]},{"@type":"Person","@id":"https:\/\/blog.panrotas.com.br\/destino-bem-estar\/#\/schema\/person\/bb023b1ec94101ad234190df9ce3fccf","name":"Tati Isler","image":{"@type":"ImageObject","@id":"https:\/\/blog.panrotas.com.br\/destino-bem-estar\/#personlogo","inLanguage":"pt-BR","url":"https:\/\/secure.gravatar.com\/avatar\/e24589919071c42d83489652d495c98a?s=96&d=mm&r=g","contentUrl":"https:\/\/secure.gravatar.com\/avatar\/e24589919071c42d83489652d495c98a?s=96&d=mm&r=g","caption":"Tati Isler"},"description":"Formada em Hist\u00f3ria e jornalismo, Tati Isler trabalhou 15 anos como jornalista, 7 deles cobrindo cinema em Hollywood, antes de fundar a TI Comunica\u00e7\u00f5es, empresa de marketing e comunica\u00e7\u00e3o que representa o Turismo da \u00c1frica do Sul no Brasil e Am\u00e9rica do Sul. H\u00e1 sete anos, quando teve um diagn\u00f3stico de c\u00e2ncer de mama, come\u00e7ou a incluir a medita\u00e7\u00e3o diariamente na sua vida. Passou muito bem pelo tratamento, e nunca mais parou de meditar, aprofundando-se nesta viagem interior a cada dia. Virou monja Ishaya, professora de medita\u00e7\u00e3o, levou a pr\u00e1tica para sua equipe e em plena quarentena lan\u00e7ou uma empresa especializada em viagens pra dentro, a Ti Transforma, que tem como miss\u00e3o levar consci\u00eancia para o universo corporativo, por meio da medita\u00e7\u00e3o.","url":"https:\/\/blog.panrotas.com.br\/destino-bem-estar\/author\/elas\/"}]}},"jetpack_featured_media_url":"","_links":{"self":[{"href":"https:\/\/blog.panrotas.com.br\/destino-bem-estar\/wp-json\/wp\/v2\/posts\/166"}],"collection":[{"href":"https:\/\/blog.panrotas.com.br\/destino-bem-estar\/wp-json\/wp\/v2\/posts"}],"about":[{"href":"https:\/\/blog.panrotas.com.br\/destino-bem-estar\/wp-json\/wp\/v2\/types\/post"}],"author":[{"embeddable":true,"href":"https:\/\/blog.panrotas.com.br\/destino-bem-estar\/wp-json\/wp\/v2\/users\/24"}],"replies":[{"embeddable":true,"href":"https:\/\/blog.panrotas.com.br\/destino-bem-estar\/wp-json\/wp\/v2\/comments?post=166"}],"version-history":[{"count":1,"href":"https:\/\/blog.panrotas.com.br\/destino-bem-estar\/wp-json\/wp\/v2\/posts\/166\/revisions"}],"predecessor-version":[{"id":170,"href":"https:\/\/blog.panrotas.com.br\/destino-bem-estar\/wp-json\/wp\/v2\/posts\/166\/revisions\/170"}],"wp:attachment":[{"href":"https:\/\/blog.panrotas.com.br\/destino-bem-estar\/wp-json\/wp\/v2\/media?parent=166"}],"wp:term":[{"taxonomy":"category","embeddable":true,"href":"https:\/\/blog.panrotas.com.br\/destino-bem-estar\/wp-json\/wp\/v2\/categories?post=166"},{"taxonomy":"post_tag","embeddable":true,"href":"https:\/\/blog.panrotas.com.br\/destino-bem-estar\/wp-json\/wp\/v2\/tags?post=166"}],"curies":[{"name":"wp","href":"https:\/\/api.w.org\/{rel}","templated":true}]}}