{"id":118,"date":"2018-04-10T11:25:19","date_gmt":"2018-04-10T14:25:19","guid":{"rendered":"http:\/\/blog.panrotas.com.br\/direto-de-ny\/?p=118"},"modified":"2018-04-10T11:25:19","modified_gmt":"2018-04-10T14:25:19","slug":"exposicao-de-arte-pre-colombiana-no-metropolitan-museum","status":"publish","type":"post","link":"https:\/\/blog.panrotas.com.br\/direto-de-ny\/2018\/04\/10\/exposicao-de-arte-pre-colombiana-no-metropolitan-museum\/","title":{"rendered":"Exposi\u00e7\u00e3o de arte pr\u00e9-colombiana no Metropolitan Museum"},"content":{"rendered":"<p>Todas as vezes que visito o Metropolitan Museum tenho a sensa\u00e7\u00e3o de que os curadores n\u00e3o cansam de se superar. Desta vez o museu oferece aos visitantes a impressionante exposi\u00e7\u00e3o <em>Golden Kingdoms: Luxury &amp; Legacy in the Ancient Americas<\/em>, dedicada inteiramente \u00e0 arte pr\u00e9-colombiana. A exposi\u00e7\u00e3o contempla as express\u00f5es art\u00edsticas e a vasta iconografia criada pelos principais povos que habitaram as Am\u00e9ricas, desde tempos imemoriais at\u00e9 a chegada dos colonizadores europeus no s\u00e9culo XVI.<\/p>\n<figure id=\"attachment_120\" aria-describedby=\"caption-attachment-120\" style=\"width: 393px\" class=\"wp-caption alignnone\"><img loading=\"lazy\" class=\" wp-image-120\" src=\"http:\/\/panrotas.blog.br\/direto-de-ny\/wp-content\/uploads\/sites\/10\/2018\/04\/DSC00122-257x300.jpg\" alt=\"\" width=\"393\" height=\"459\" srcset=\"https:\/\/blog.panrotas.com.br\/direto-de-ny\/wp-content\/uploads\/sites\/10\/2018\/04\/DSC00122-257x300.jpg 257w, https:\/\/blog.panrotas.com.br\/direto-de-ny\/wp-content\/uploads\/sites\/10\/2018\/04\/DSC00122-768x898.jpg 768w, https:\/\/blog.panrotas.com.br\/direto-de-ny\/wp-content\/uploads\/sites\/10\/2018\/04\/DSC00122-876x1024.jpg 876w, https:\/\/blog.panrotas.com.br\/direto-de-ny\/wp-content\/uploads\/sites\/10\/2018\/04\/DSC00122-1568x1834.jpg 1568w\" sizes=\"(max-width: 393px) 100vw, 393px\" \/><figcaption id=\"caption-attachment-120\" class=\"wp-caption-text\">Vaso em cer\u00e2mica representando uma criatura mitol\u00f3gica de fei\u00e7\u00f5es felinas. Norte do Peru, cerca de 200-400 d.C.<\/figcaption><\/figure>\n<p>As pe\u00e7as foram organizadas seguindo a trajet\u00f3ria hist\u00f3rica destes povos, desde os primeiros assentamentos at\u00e9 as culturas mais desenvolvidas. S\u00e3o objetos de rara beleza criados em cer\u00e2mica, pedra, conchas e materiais nobres como o ouro, a turquesa e o jade.<\/p>\n<figure id=\"attachment_121\" aria-describedby=\"caption-attachment-121\" style=\"width: 443px\" class=\"wp-caption alignnone\"><img loading=\"lazy\" class=\" wp-image-121\" src=\"http:\/\/panrotas.blog.br\/direto-de-ny\/wp-content\/uploads\/sites\/10\/2018\/04\/DSC00125-001-300x225.jpg\" alt=\"\" width=\"443\" height=\"332\" srcset=\"https:\/\/blog.panrotas.com.br\/direto-de-ny\/wp-content\/uploads\/sites\/10\/2018\/04\/DSC00125-001-300x225.jpg 300w, https:\/\/blog.panrotas.com.br\/direto-de-ny\/wp-content\/uploads\/sites\/10\/2018\/04\/DSC00125-001-768x576.jpg 768w, https:\/\/blog.panrotas.com.br\/direto-de-ny\/wp-content\/uploads\/sites\/10\/2018\/04\/DSC00125-001-1024x768.jpg 1024w, https:\/\/blog.panrotas.com.br\/direto-de-ny\/wp-content\/uploads\/sites\/10\/2018\/04\/DSC00125-001-1568x1176.jpg 1568w, https:\/\/blog.panrotas.com.br\/direto-de-ny\/wp-content\/uploads\/sites\/10\/2018\/04\/DSC00125-001.jpg 1600w\" sizes=\"(max-width: 443px) 100vw, 443px\" \/><figcaption id=\"caption-attachment-121\" class=\"wp-caption-text\">Detalhe de um peitoral em conchas e turquesa. Norte do Peru, cerca de 200-800 d.C.<\/figcaption><\/figure>\n<p>Para os povos pr\u00e9-colombianos estas obras de arte alcan\u00e7aram significativa import\u00e2ncia na sociedade n\u00e3o apenas pelo alto valor dos materiais empregados, mas principalmente como forma de express\u00e3o de status social, poder pol\u00edtico e cren\u00e7a religiosa. Diferente do que ocorria em outras culturas, o ouro quase nunca era usado como moeda corrente pois se revestia de especial valor simb\u00f3lico e foi amplamente empregado em objetos de culto ou de aparato cerimonial.<\/p>\n<p>Desta forma, os curadores do <em>Metropolitan<\/em> criaram uma narrativa central para a exposi\u00e7\u00e3o, balizada por obras de cunho religioso ou oficial, provenientes de grandes cole\u00e7\u00f5es de arte, o que torna a exposi\u00e7\u00e3o uma oportunidade \u00fanica para se apreciar este tesouro da hist\u00f3ria da arte, reunido em um \u00fanico local.<\/p>\n<figure id=\"attachment_123\" aria-describedby=\"caption-attachment-123\" style=\"width: 447px\" class=\"wp-caption alignnone\"><img loading=\"lazy\" class=\" wp-image-123\" src=\"http:\/\/panrotas.blog.br\/direto-de-ny\/wp-content\/uploads\/sites\/10\/2018\/04\/DSC00153-300x175.jpg\" alt=\"\" width=\"447\" height=\"261\" srcset=\"https:\/\/blog.panrotas.com.br\/direto-de-ny\/wp-content\/uploads\/sites\/10\/2018\/04\/DSC00153-300x175.jpg 300w, https:\/\/blog.panrotas.com.br\/direto-de-ny\/wp-content\/uploads\/sites\/10\/2018\/04\/DSC00153-768x448.jpg 768w, https:\/\/blog.panrotas.com.br\/direto-de-ny\/wp-content\/uploads\/sites\/10\/2018\/04\/DSC00153-1024x598.jpg 1024w, https:\/\/blog.panrotas.com.br\/direto-de-ny\/wp-content\/uploads\/sites\/10\/2018\/04\/DSC00153-1568x915.jpg 1568w\" sizes=\"(max-width: 447px) 100vw, 447px\" \/><figcaption id=\"caption-attachment-123\" class=\"wp-caption-text\">Serpente Emplumada representando a divindade Quetzalcoatl. Chichen Itza, M\u00e9xico, cerca de 800-1250 d.C.<\/figcaption><\/figure>\n<p>O inconfund\u00edvel geometrismo das formas, recorrente na linguagem art\u00edstica pr\u00e9-colombiana foi amplamente empregado na cria\u00e7\u00e3o de seres mitol\u00f3gicos, como a Serpente Emplumada ou a figura reclinada de Chac Mool, provenientes de Chichen Itza, no atual M\u00e9xico.<\/p>\n<figure id=\"attachment_124\" aria-describedby=\"caption-attachment-124\" style=\"width: 447px\" class=\"wp-caption alignnone\"><img loading=\"lazy\" class=\" wp-image-124\" src=\"http:\/\/panrotas.blog.br\/direto-de-ny\/wp-content\/uploads\/sites\/10\/2018\/04\/DSC00157-300x208.jpg\" alt=\"\" width=\"447\" height=\"310\" srcset=\"https:\/\/blog.panrotas.com.br\/direto-de-ny\/wp-content\/uploads\/sites\/10\/2018\/04\/DSC00157-300x208.jpg 300w, https:\/\/blog.panrotas.com.br\/direto-de-ny\/wp-content\/uploads\/sites\/10\/2018\/04\/DSC00157-768x533.jpg 768w, https:\/\/blog.panrotas.com.br\/direto-de-ny\/wp-content\/uploads\/sites\/10\/2018\/04\/DSC00157-1024x711.jpg 1024w, https:\/\/blog.panrotas.com.br\/direto-de-ny\/wp-content\/uploads\/sites\/10\/2018\/04\/DSC00157-1568x1089.jpg 1568w\" sizes=\"(max-width: 447px) 100vw, 447px\" \/><figcaption id=\"caption-attachment-124\" class=\"wp-caption-text\">Figura reclinada de Chac Mool, uma das mais representativas do povo Maia. Chichen Itza, M\u00e9xico, cerca de 800-1250 d.C.<\/figcaption><\/figure>\n<p>Em decorr\u00eancia de suas grandes dimens\u00f5es, as Stelas de pedra se destacavam entre as in\u00fameras pe\u00e7as expostas. A Stela \u00e9 um tipo de monumento composto por um \u00fanico bloco de pedra contendo relevos decorativos. Aparece em diversas culturas do Mundo Antigo e poderiam ter diferentes fun\u00e7\u00f5es como a demarca\u00e7\u00e3o de um territ\u00f3rio, a comemora\u00e7\u00e3o de algum evento ou mesmo a homenagem a um Deus ou soberano.<\/p>\n<figure id=\"attachment_122\" aria-describedby=\"caption-attachment-122\" style=\"width: 415px\" class=\"wp-caption alignnone\"><img loading=\"lazy\" class=\" wp-image-122\" src=\"http:\/\/panrotas.blog.br\/direto-de-ny\/wp-content\/uploads\/sites\/10\/2018\/04\/DSC00149-001-225x300.jpg\" alt=\"\" width=\"415\" height=\"553\" srcset=\"https:\/\/blog.panrotas.com.br\/direto-de-ny\/wp-content\/uploads\/sites\/10\/2018\/04\/DSC00149-001-225x300.jpg 225w, https:\/\/blog.panrotas.com.br\/direto-de-ny\/wp-content\/uploads\/sites\/10\/2018\/04\/DSC00149-001-768x1024.jpg 768w, https:\/\/blog.panrotas.com.br\/direto-de-ny\/wp-content\/uploads\/sites\/10\/2018\/04\/DSC00149-001.jpg 1200w\" sizes=\"(max-width: 415px) 100vw, 415px\" \/><figcaption id=\"caption-attachment-122\" class=\"wp-caption-text\">Stela de pedra com relevo representando uma figura feminina da realeza Maia. Proveniente do M\u00e9xico ou Guatemala, cerca de 760 d.C.<\/figcaption><\/figure>\n<p>Outras pe\u00e7as, por sua vez, se destacavam pelo apuro na execu\u00e7\u00e3o como o conjunto de objetos funer\u00e1rios provenientes do norte do Peru, composto por uma adaga ritual, uma m\u00e1scara funer\u00e1ria e uma coroa. Ricamente executadas em ouro, prata, turquesa e pigmentos minerais, estas pe\u00e7as rapidamente se tornaram um dos destaques da exposi\u00e7\u00e3o.<\/p>\n<figure id=\"attachment_127\" aria-describedby=\"caption-attachment-127\" style=\"width: 431px\" class=\"wp-caption alignnone\"><img loading=\"lazy\" class=\" wp-image-127\" src=\"http:\/\/panrotas.blog.br\/direto-de-ny\/wp-content\/uploads\/sites\/10\/2018\/04\/DSC00163-001-300x225.jpg\" alt=\"\" width=\"431\" height=\"323\" srcset=\"https:\/\/blog.panrotas.com.br\/direto-de-ny\/wp-content\/uploads\/sites\/10\/2018\/04\/DSC00163-001-300x225.jpg 300w, https:\/\/blog.panrotas.com.br\/direto-de-ny\/wp-content\/uploads\/sites\/10\/2018\/04\/DSC00163-001-768x576.jpg 768w, https:\/\/blog.panrotas.com.br\/direto-de-ny\/wp-content\/uploads\/sites\/10\/2018\/04\/DSC00163-001-1024x768.jpg 1024w, https:\/\/blog.panrotas.com.br\/direto-de-ny\/wp-content\/uploads\/sites\/10\/2018\/04\/DSC00163-001-1568x1176.jpg 1568w, https:\/\/blog.panrotas.com.br\/direto-de-ny\/wp-content\/uploads\/sites\/10\/2018\/04\/DSC00163-001.jpg 1600w\" sizes=\"(max-width: 431px) 100vw, 431px\" \/><figcaption id=\"caption-attachment-127\" class=\"wp-caption-text\">Conjunto de pe\u00e7as funer\u00e1rias composto por adaga, m\u00e1scara mortu\u00e1ria e coroa, em ouro, prata e turquesa. Proveniente de uma tumba no norte do Peru. Cerca de 900-1100 d.C.<\/figcaption><\/figure>\n<figure id=\"attachment_128\" aria-describedby=\"caption-attachment-128\" style=\"width: 365px\" class=\"wp-caption alignnone\"><img loading=\"lazy\" class=\" wp-image-128\" src=\"http:\/\/panrotas.blog.br\/direto-de-ny\/wp-content\/uploads\/sites\/10\/2018\/04\/DSC00165-001-225x300.jpg\" alt=\"\" width=\"365\" height=\"487\" srcset=\"https:\/\/blog.panrotas.com.br\/direto-de-ny\/wp-content\/uploads\/sites\/10\/2018\/04\/DSC00165-001-225x300.jpg 225w, https:\/\/blog.panrotas.com.br\/direto-de-ny\/wp-content\/uploads\/sites\/10\/2018\/04\/DSC00165-001-768x1024.jpg 768w, https:\/\/blog.panrotas.com.br\/direto-de-ny\/wp-content\/uploads\/sites\/10\/2018\/04\/DSC00165-001.jpg 1200w\" sizes=\"(max-width: 365px) 100vw, 365px\" \/><figcaption id=\"caption-attachment-128\" class=\"wp-caption-text\">Detalhe da adaga cerimonial ricamente decorada em ouro e turquesas<\/figcaption><\/figure>\n<p>A coroa foi executada com a t\u00e9cnica do <em>repouss\u00e9<\/em>, que consiste em usar uma l\u00e2mina de ouro tratada pelo verso, criando uma textura em relevo semelhante a um tecido. Esta t\u00e9cnica pode ser percebida em v\u00e1rias outras pe\u00e7as da exposi\u00e7\u00e3o, visto que os povos da regi\u00e3o central dos Andes deram prefer\u00eancia \u00e0 lamina\u00e7\u00e3o do ouro ao inv\u00e9s de usar a fundi\u00e7\u00e3o.<\/p>\n<figure id=\"attachment_126\" aria-describedby=\"caption-attachment-126\" style=\"width: 442px\" class=\"wp-caption alignnone\"><img loading=\"lazy\" class=\" wp-image-126\" src=\"http:\/\/panrotas.blog.br\/direto-de-ny\/wp-content\/uploads\/sites\/10\/2018\/04\/DSC00163-300x228.jpg\" alt=\"\" width=\"442\" height=\"336\" srcset=\"https:\/\/blog.panrotas.com.br\/direto-de-ny\/wp-content\/uploads\/sites\/10\/2018\/04\/DSC00163-300x228.jpg 300w, https:\/\/blog.panrotas.com.br\/direto-de-ny\/wp-content\/uploads\/sites\/10\/2018\/04\/DSC00163-768x583.jpg 768w, https:\/\/blog.panrotas.com.br\/direto-de-ny\/wp-content\/uploads\/sites\/10\/2018\/04\/DSC00163-1024x777.jpg 1024w, https:\/\/blog.panrotas.com.br\/direto-de-ny\/wp-content\/uploads\/sites\/10\/2018\/04\/DSC00163.jpg 1383w\" sizes=\"(max-width: 442px) 100vw, 442px\" \/><figcaption id=\"caption-attachment-126\" class=\"wp-caption-text\">A coroa foi executada em l\u00e2mina de ouro com a t\u00e9cnica do repouss\u00e9<\/figcaption><\/figure>\n<p>Mesmo ap\u00f3s a devastadora a\u00e7\u00e3o dos conquistadores europeus, ainda \u00e9 poss\u00edvel perceber a perman\u00eancia de certos modos de produ\u00e7\u00e3o art\u00edstica, que se tornaram t\u00e3o caracter\u00edsticos dos povos pr\u00e9-colombianos. Um magn\u00edfico exemplo desta perman\u00eancia \u00e9 a coroa em ouro e esmeraldas, j\u00e1 de meados do setecentos e que pertencia \u00e0 imagem de Nossa Senhora da Imaculada Concei\u00e7\u00e3o.<\/p>\n<figure id=\"attachment_125\" aria-describedby=\"caption-attachment-125\" style=\"width: 418px\" class=\"wp-caption alignnone\"><img loading=\"lazy\" class=\" wp-image-125\" src=\"http:\/\/panrotas.blog.br\/direto-de-ny\/wp-content\/uploads\/sites\/10\/2018\/04\/DSC00160-245x300.jpg\" alt=\"\" width=\"418\" height=\"512\" srcset=\"https:\/\/blog.panrotas.com.br\/direto-de-ny\/wp-content\/uploads\/sites\/10\/2018\/04\/DSC00160-245x300.jpg 245w, https:\/\/blog.panrotas.com.br\/direto-de-ny\/wp-content\/uploads\/sites\/10\/2018\/04\/DSC00160-768x939.jpg 768w, https:\/\/blog.panrotas.com.br\/direto-de-ny\/wp-content\/uploads\/sites\/10\/2018\/04\/DSC00160-838x1024.jpg 838w, https:\/\/blog.panrotas.com.br\/direto-de-ny\/wp-content\/uploads\/sites\/10\/2018\/04\/DSC00160-1568x1917.jpg 1568w\" sizes=\"(max-width: 418px) 100vw, 418px\" \/><figcaption id=\"caption-attachment-125\" class=\"wp-caption-text\">Coroa de Nossa Senhora da Imaculada Concei\u00e7\u00e3o, em l\u00e2mina de ouro tratada com a t\u00e9cnica do repouss\u00e9 e adornada com 450 esmeraldas. Col\u00f4mbia, cerca de 1770.<\/figcaption><\/figure>\n<p>O geometrismo das formas tamb\u00e9m pode ser percebido nas pe\u00e7as de cer\u00e2mica e nos v\u00e1rios exemplares de tape\u00e7aria e tecidos. Estas obras ficam em exibi\u00e7\u00e3o at\u00e9 junho de 2018.<\/p>\n<figure id=\"attachment_119\" aria-describedby=\"caption-attachment-119\" style=\"width: 435px\" class=\"wp-caption alignnone\"><img loading=\"lazy\" class=\" wp-image-119\" src=\"http:\/\/panrotas.blog.br\/direto-de-ny\/wp-content\/uploads\/sites\/10\/2018\/04\/DSC00118-001-300x225.jpg\" alt=\"\" width=\"435\" height=\"326\" srcset=\"https:\/\/blog.panrotas.com.br\/direto-de-ny\/wp-content\/uploads\/sites\/10\/2018\/04\/DSC00118-001-300x225.jpg 300w, https:\/\/blog.panrotas.com.br\/direto-de-ny\/wp-content\/uploads\/sites\/10\/2018\/04\/DSC00118-001-768x576.jpg 768w, https:\/\/blog.panrotas.com.br\/direto-de-ny\/wp-content\/uploads\/sites\/10\/2018\/04\/DSC00118-001-1024x768.jpg 1024w, https:\/\/blog.panrotas.com.br\/direto-de-ny\/wp-content\/uploads\/sites\/10\/2018\/04\/DSC00118-001-1568x1176.jpg 1568w, https:\/\/blog.panrotas.com.br\/direto-de-ny\/wp-content\/uploads\/sites\/10\/2018\/04\/DSC00118-001.jpg 1600w\" sizes=\"(max-width: 435px) 100vw, 435px\" \/><figcaption id=\"caption-attachment-119\" class=\"wp-caption-text\">Manta tecida com pelo de Vicunha e usada em funerais. Foi preservada pela aridez do deserto do sul do Peru. Final do primeiro mil\u00eanio a.C.<\/figcaption><\/figure>\n","protected":false},"excerpt":{"rendered":"<p>Todas as vezes que visito o Metropolitan Museum tenho a sensa\u00e7\u00e3o de que os curadores n\u00e3o cansam de se superar. Desta vez o museu oferece aos visitantes a impressionante exposi\u00e7\u00e3o Golden Kingdoms: Luxury &amp; Legacy in the Ancient Americas, dedicada inteiramente \u00e0 arte pr\u00e9-colombiana. A exposi\u00e7\u00e3o contempla as express\u00f5es art\u00edsticas e a vasta iconografia criada&hellip; <a class=\"more-link\" href=\"https:\/\/blog.panrotas.com.br\/direto-de-ny\/2018\/04\/10\/exposicao-de-arte-pre-colombiana-no-metropolitan-museum\/\">Continue reading &rarr;<\/a><\/p>\n","protected":false},"author":14,"featured_media":129,"comment_status":"open","ping_status":"open","sticky":false,"template":"","format":"standard","meta":{"spay_email":""},"categories":[2],"tags":[3,6,8,15,17,18,26],"yoast_head":"<!-- This site is optimized with the Yoast SEO plugin v17.3 - https:\/\/yoast.com\/wordpress\/plugins\/seo\/ -->\n<title>Exposi\u00e7\u00e3o de arte pr\u00e9-colombiana no Metropolitan Museum - Direto de NY<\/title>\n<meta name=\"robots\" content=\"index, follow, max-snippet:-1, max-image-preview:large, max-video-preview:-1\" \/>\n<link rel=\"canonical\" href=\"https:\/\/blog.panrotas.com.br\/direto-de-ny\/2018\/04\/10\/exposicao-de-arte-pre-colombiana-no-metropolitan-museum\/\" \/>\n<meta property=\"og:locale\" content=\"pt_BR\" \/>\n<meta property=\"og:type\" content=\"article\" \/>\n<meta property=\"og:title\" content=\"Exposi\u00e7\u00e3o de arte pr\u00e9-colombiana no Metropolitan Museum - Direto de NY\" \/>\n<meta property=\"og:description\" content=\"Todas as vezes que visito o Metropolitan Museum tenho a sensa\u00e7\u00e3o de que os curadores n\u00e3o cansam de se superar. Desta vez o museu oferece aos visitantes a impressionante exposi\u00e7\u00e3o Golden Kingdoms: Luxury &amp; Legacy in the Ancient Americas, dedicada inteiramente \u00e0 arte pr\u00e9-colombiana. A exposi\u00e7\u00e3o contempla as express\u00f5es art\u00edsticas e a vasta iconografia criada&hellip; Continue reading &rarr;\" \/>\n<meta property=\"og:url\" content=\"https:\/\/blog.panrotas.com.br\/direto-de-ny\/2018\/04\/10\/exposicao-de-arte-pre-colombiana-no-metropolitan-museum\/\" \/>\n<meta property=\"og:site_name\" content=\"Direto de NY\" \/>\n<meta property=\"article:published_time\" content=\"2018-04-10T14:25:19+00:00\" \/>\n<meta property=\"og:image\" content=\"https:\/\/blog.panrotas.com.br\/direto-de-ny\/wp-content\/uploads\/sites\/10\/2018\/04\/DSC00170-001.jpg\" \/>\n\t<meta property=\"og:image:width\" content=\"1600\" \/>\n\t<meta property=\"og:image:height\" content=\"1200\" \/>\n<meta name=\"twitter:card\" content=\"summary_large_image\" \/>\n<meta name=\"twitter:label1\" content=\"Escrito por\" \/>\n\t<meta name=\"twitter:data1\" content=\"David Prado\" \/>\n\t<meta name=\"twitter:label2\" content=\"Est. tempo de leitura\" \/>\n\t<meta name=\"twitter:data2\" content=\"4 minutos\" \/>\n<script type=\"application\/ld+json\" class=\"yoast-schema-graph\">{\"@context\":\"https:\/\/schema.org\",\"@graph\":[{\"@type\":\"WebSite\",\"@id\":\"https:\/\/blog.panrotas.com.br\/direto-de-ny\/#website\",\"url\":\"https:\/\/blog.panrotas.com.br\/direto-de-ny\/\",\"name\":\"Direto de NY\",\"description\":\"Blogosfera PANROTAS\",\"potentialAction\":[{\"@type\":\"SearchAction\",\"target\":{\"@type\":\"EntryPoint\",\"urlTemplate\":\"https:\/\/blog.panrotas.com.br\/direto-de-ny\/?s={search_term_string}\"},\"query-input\":\"required name=search_term_string\"}],\"inLanguage\":\"pt-BR\"},{\"@type\":\"ImageObject\",\"@id\":\"https:\/\/blog.panrotas.com.br\/direto-de-ny\/2018\/04\/10\/exposicao-de-arte-pre-colombiana-no-metropolitan-museum\/#primaryimage\",\"inLanguage\":\"pt-BR\",\"url\":\"https:\/\/blog.panrotas.com.br\/direto-de-ny\/wp-content\/uploads\/sites\/10\/2018\/04\/DSC00170-001.jpg\",\"contentUrl\":\"https:\/\/blog.panrotas.com.br\/direto-de-ny\/wp-content\/uploads\/sites\/10\/2018\/04\/DSC00170-001.jpg\",\"width\":1600,\"height\":1200},{\"@type\":\"WebPage\",\"@id\":\"https:\/\/blog.panrotas.com.br\/direto-de-ny\/2018\/04\/10\/exposicao-de-arte-pre-colombiana-no-metropolitan-museum\/#webpage\",\"url\":\"https:\/\/blog.panrotas.com.br\/direto-de-ny\/2018\/04\/10\/exposicao-de-arte-pre-colombiana-no-metropolitan-museum\/\",\"name\":\"Exposi\\u00e7\\u00e3o de arte pr\\u00e9-colombiana no Metropolitan Museum - Direto de NY\",\"isPartOf\":{\"@id\":\"https:\/\/blog.panrotas.com.br\/direto-de-ny\/#website\"},\"primaryImageOfPage\":{\"@id\":\"https:\/\/blog.panrotas.com.br\/direto-de-ny\/2018\/04\/10\/exposicao-de-arte-pre-colombiana-no-metropolitan-museum\/#primaryimage\"},\"datePublished\":\"2018-04-10T14:25:19+00:00\",\"dateModified\":\"2018-04-10T14:25:19+00:00\",\"author\":{\"@id\":\"https:\/\/blog.panrotas.com.br\/direto-de-ny\/#\/schema\/person\/fe0bd35397ecf261e4ee7dd767778cb5\"},\"breadcrumb\":{\"@id\":\"https:\/\/blog.panrotas.com.br\/direto-de-ny\/2018\/04\/10\/exposicao-de-arte-pre-colombiana-no-metropolitan-museum\/#breadcrumb\"},\"inLanguage\":\"pt-BR\",\"potentialAction\":[{\"@type\":\"ReadAction\",\"target\":[\"https:\/\/blog.panrotas.com.br\/direto-de-ny\/2018\/04\/10\/exposicao-de-arte-pre-colombiana-no-metropolitan-museum\/\"]}]},{\"@type\":\"BreadcrumbList\",\"@id\":\"https:\/\/blog.panrotas.com.br\/direto-de-ny\/2018\/04\/10\/exposicao-de-arte-pre-colombiana-no-metropolitan-museum\/#breadcrumb\",\"itemListElement\":[{\"@type\":\"ListItem\",\"position\":1,\"name\":\"In\\u00edcio\",\"item\":\"https:\/\/blog.panrotas.com.br\/direto-de-ny\/\"},{\"@type\":\"ListItem\",\"position\":2,\"name\":\"Exposi\\u00e7\\u00e3o de arte pr\\u00e9-colombiana no Metropolitan Museum\"}]},{\"@type\":\"Person\",\"@id\":\"https:\/\/blog.panrotas.com.br\/direto-de-ny\/#\/schema\/person\/fe0bd35397ecf261e4ee7dd767778cb5\",\"name\":\"David Prado\",\"image\":{\"@type\":\"ImageObject\",\"@id\":\"https:\/\/blog.panrotas.com.br\/direto-de-ny\/#personlogo\",\"inLanguage\":\"pt-BR\",\"url\":\"https:\/\/secure.gravatar.com\/avatar\/eb22948ef941bdc42c77429c93ff714f?s=96&d=mm&r=g\",\"contentUrl\":\"https:\/\/secure.gravatar.com\/avatar\/eb22948ef941bdc42c77429c93ff714f?s=96&d=mm&r=g\",\"caption\":\"David Prado\"},\"sameAs\":[\"http:\/\/blog.panrotas.com.br\/direto-de-ny\"],\"url\":\"https:\/\/blog.panrotas.com.br\/direto-de-ny\/author\/david\/\"}]}<\/script>\n<!-- \/ Yoast SEO plugin. -->","yoast_head_json":{"title":"Exposi\u00e7\u00e3o de arte pr\u00e9-colombiana no Metropolitan Museum - Direto de NY","robots":{"index":"index","follow":"follow","max-snippet":"max-snippet:-1","max-image-preview":"max-image-preview:large","max-video-preview":"max-video-preview:-1"},"canonical":"https:\/\/blog.panrotas.com.br\/direto-de-ny\/2018\/04\/10\/exposicao-de-arte-pre-colombiana-no-metropolitan-museum\/","og_locale":"pt_BR","og_type":"article","og_title":"Exposi\u00e7\u00e3o de arte pr\u00e9-colombiana no Metropolitan Museum - Direto de NY","og_description":"Todas as vezes que visito o Metropolitan Museum tenho a sensa\u00e7\u00e3o de que os curadores n\u00e3o cansam de se superar. Desta vez o museu oferece aos visitantes a impressionante exposi\u00e7\u00e3o Golden Kingdoms: Luxury &amp; Legacy in the Ancient Americas, dedicada inteiramente \u00e0 arte pr\u00e9-colombiana. A exposi\u00e7\u00e3o contempla as express\u00f5es art\u00edsticas e a vasta iconografia criada&hellip; Continue reading &rarr;","og_url":"https:\/\/blog.panrotas.com.br\/direto-de-ny\/2018\/04\/10\/exposicao-de-arte-pre-colombiana-no-metropolitan-museum\/","og_site_name":"Direto de NY","article_published_time":"2018-04-10T14:25:19+00:00","og_image":[{"width":1600,"height":1200,"url":"https:\/\/blog.panrotas.com.br\/direto-de-ny\/wp-content\/uploads\/sites\/10\/2018\/04\/DSC00170-001.jpg","type":"image\/jpeg"}],"twitter_card":"summary_large_image","twitter_misc":{"Escrito por":"David Prado","Est. tempo de leitura":"4 minutos"},"schema":{"@context":"https:\/\/schema.org","@graph":[{"@type":"WebSite","@id":"https:\/\/blog.panrotas.com.br\/direto-de-ny\/#website","url":"https:\/\/blog.panrotas.com.br\/direto-de-ny\/","name":"Direto de NY","description":"Blogosfera PANROTAS","potentialAction":[{"@type":"SearchAction","target":{"@type":"EntryPoint","urlTemplate":"https:\/\/blog.panrotas.com.br\/direto-de-ny\/?s={search_term_string}"},"query-input":"required name=search_term_string"}],"inLanguage":"pt-BR"},{"@type":"ImageObject","@id":"https:\/\/blog.panrotas.com.br\/direto-de-ny\/2018\/04\/10\/exposicao-de-arte-pre-colombiana-no-metropolitan-museum\/#primaryimage","inLanguage":"pt-BR","url":"https:\/\/blog.panrotas.com.br\/direto-de-ny\/wp-content\/uploads\/sites\/10\/2018\/04\/DSC00170-001.jpg","contentUrl":"https:\/\/blog.panrotas.com.br\/direto-de-ny\/wp-content\/uploads\/sites\/10\/2018\/04\/DSC00170-001.jpg","width":1600,"height":1200},{"@type":"WebPage","@id":"https:\/\/blog.panrotas.com.br\/direto-de-ny\/2018\/04\/10\/exposicao-de-arte-pre-colombiana-no-metropolitan-museum\/#webpage","url":"https:\/\/blog.panrotas.com.br\/direto-de-ny\/2018\/04\/10\/exposicao-de-arte-pre-colombiana-no-metropolitan-museum\/","name":"Exposi\u00e7\u00e3o de arte pr\u00e9-colombiana no Metropolitan Museum - Direto de NY","isPartOf":{"@id":"https:\/\/blog.panrotas.com.br\/direto-de-ny\/#website"},"primaryImageOfPage":{"@id":"https:\/\/blog.panrotas.com.br\/direto-de-ny\/2018\/04\/10\/exposicao-de-arte-pre-colombiana-no-metropolitan-museum\/#primaryimage"},"datePublished":"2018-04-10T14:25:19+00:00","dateModified":"2018-04-10T14:25:19+00:00","author":{"@id":"https:\/\/blog.panrotas.com.br\/direto-de-ny\/#\/schema\/person\/fe0bd35397ecf261e4ee7dd767778cb5"},"breadcrumb":{"@id":"https:\/\/blog.panrotas.com.br\/direto-de-ny\/2018\/04\/10\/exposicao-de-arte-pre-colombiana-no-metropolitan-museum\/#breadcrumb"},"inLanguage":"pt-BR","potentialAction":[{"@type":"ReadAction","target":["https:\/\/blog.panrotas.com.br\/direto-de-ny\/2018\/04\/10\/exposicao-de-arte-pre-colombiana-no-metropolitan-museum\/"]}]},{"@type":"BreadcrumbList","@id":"https:\/\/blog.panrotas.com.br\/direto-de-ny\/2018\/04\/10\/exposicao-de-arte-pre-colombiana-no-metropolitan-museum\/#breadcrumb","itemListElement":[{"@type":"ListItem","position":1,"name":"In\u00edcio","item":"https:\/\/blog.panrotas.com.br\/direto-de-ny\/"},{"@type":"ListItem","position":2,"name":"Exposi\u00e7\u00e3o de arte pr\u00e9-colombiana no Metropolitan Museum"}]},{"@type":"Person","@id":"https:\/\/blog.panrotas.com.br\/direto-de-ny\/#\/schema\/person\/fe0bd35397ecf261e4ee7dd767778cb5","name":"David Prado","image":{"@type":"ImageObject","@id":"https:\/\/blog.panrotas.com.br\/direto-de-ny\/#personlogo","inLanguage":"pt-BR","url":"https:\/\/secure.gravatar.com\/avatar\/eb22948ef941bdc42c77429c93ff714f?s=96&d=mm&r=g","contentUrl":"https:\/\/secure.gravatar.com\/avatar\/eb22948ef941bdc42c77429c93ff714f?s=96&d=mm&r=g","caption":"David Prado"},"sameAs":["http:\/\/blog.panrotas.com.br\/direto-de-ny"],"url":"https:\/\/blog.panrotas.com.br\/direto-de-ny\/author\/david\/"}]}},"jetpack_featured_media_url":"https:\/\/blog.panrotas.com.br\/direto-de-ny\/wp-content\/uploads\/sites\/10\/2018\/04\/DSC00170-001.jpg","_links":{"self":[{"href":"https:\/\/blog.panrotas.com.br\/direto-de-ny\/wp-json\/wp\/v2\/posts\/118"}],"collection":[{"href":"https:\/\/blog.panrotas.com.br\/direto-de-ny\/wp-json\/wp\/v2\/posts"}],"about":[{"href":"https:\/\/blog.panrotas.com.br\/direto-de-ny\/wp-json\/wp\/v2\/types\/post"}],"author":[{"embeddable":true,"href":"https:\/\/blog.panrotas.com.br\/direto-de-ny\/wp-json\/wp\/v2\/users\/14"}],"replies":[{"embeddable":true,"href":"https:\/\/blog.panrotas.com.br\/direto-de-ny\/wp-json\/wp\/v2\/comments?post=118"}],"version-history":[{"count":0,"href":"https:\/\/blog.panrotas.com.br\/direto-de-ny\/wp-json\/wp\/v2\/posts\/118\/revisions"}],"wp:featuredmedia":[{"embeddable":true,"href":"https:\/\/blog.panrotas.com.br\/direto-de-ny\/wp-json\/wp\/v2\/media\/129"}],"wp:attachment":[{"href":"https:\/\/blog.panrotas.com.br\/direto-de-ny\/wp-json\/wp\/v2\/media?parent=118"}],"wp:term":[{"taxonomy":"category","embeddable":true,"href":"https:\/\/blog.panrotas.com.br\/direto-de-ny\/wp-json\/wp\/v2\/categories?post=118"},{"taxonomy":"post_tag","embeddable":true,"href":"https:\/\/blog.panrotas.com.br\/direto-de-ny\/wp-json\/wp\/v2\/tags?post=118"}],"curies":[{"name":"wp","href":"https:\/\/api.w.org\/{rel}","templated":true}]}}