{"id":27,"date":"2018-03-20T19:19:55","date_gmt":"2018-03-20T22:19:55","guid":{"rendered":"http:\/\/blog.panrotas.com.br\/direto-de-ny\/?p=27"},"modified":"2018-03-20T19:19:55","modified_gmt":"2018-03-20T22:19:55","slug":"exposicao-de-tarsila-do-amaral-no-moma-nova-york","status":"publish","type":"post","link":"https:\/\/blog.panrotas.com.br\/direto-de-ny\/2018\/03\/20\/exposicao-de-tarsila-do-amaral-no-moma-nova-york\/","title":{"rendered":"Exposi\u00e7\u00e3o de Tarsila do Amaral no MoMa &#8211; Nova York"},"content":{"rendered":"<p>S\u00e3o Paulo, d\u00e9cada de 1920. A cidade, ainda provinciana, vivenciava um crescimento sem precedentes que, em pouco tempo, a tornaria o carro-chefe da na\u00e7\u00e3o e uma das mais importantes metr\u00f3poles das Am\u00e9ricas. Neste ambiente moldado por uma minoria enriquecida e por levas de imigrantes, provenientes de diversas partes do Brasil e tamb\u00e9m do exterior, floresceu um dos movimentos mais f\u00e9rteis da arte brasileira: o modernismo.<\/p>\n<figure id=\"attachment_36\" aria-describedby=\"caption-attachment-36\" style=\"width: 463px\" class=\"wp-caption alignnone\"><img loading=\"lazy\" class=\" wp-image-36\" src=\"http:\/\/panrotas.blog.br\/direto-de-ny\/wp-content\/uploads\/sites\/10\/2018\/03\/IMG_1954-300x225.jpg\" alt=\"\" width=\"463\" height=\"347\" srcset=\"https:\/\/blog.panrotas.com.br\/direto-de-ny\/wp-content\/uploads\/sites\/10\/2018\/03\/IMG_1954-300x225.jpg 300w, https:\/\/blog.panrotas.com.br\/direto-de-ny\/wp-content\/uploads\/sites\/10\/2018\/03\/IMG_1954-768x576.jpg 768w, https:\/\/blog.panrotas.com.br\/direto-de-ny\/wp-content\/uploads\/sites\/10\/2018\/03\/IMG_1954-1024x768.jpg 1024w, https:\/\/blog.panrotas.com.br\/direto-de-ny\/wp-content\/uploads\/sites\/10\/2018\/03\/IMG_1954-1568x1176.jpg 1568w, https:\/\/blog.panrotas.com.br\/direto-de-ny\/wp-content\/uploads\/sites\/10\/2018\/03\/IMG_1954.jpg 1600w\" sizes=\"(max-width: 463px) 100vw, 463px\" \/><figcaption id=\"caption-attachment-36\" class=\"wp-caption-text\">A exposi\u00e7\u00e3o de Tarsila, anunciada nas ruas de Nova York<\/figcaption><\/figure>\n<p>Um dos marcos iniciais deste movimento foi a pol\u00eamica Semana de Arte Moderna de 1922 que, nos primeiro dias do m\u00eas de fevereiro, agitou os sal\u00f5es do Teatro Municipal. Poucos meses ap\u00f3s a exposi\u00e7\u00e3o, chegava a S\u00e3o Paulo uma jovem pintora, proveniente de Paris. Seu nome era Tarsila do Amaral.<\/p>\n<p>A paulista nascida em Capivar\u00ed, havia passado uma temporada na Europa, onde estudara em renomadas academias de pintura. Logo ap\u00f3s sua chegada se envolveu com os mais proeminentes membros da Semana de 22: Anita Malfatti, Oswald de Andrade, M\u00e1rio de Andrade e Menotti Del Picchia, compondo o que ficaria conhecido como o Grupo dos Cinco.<\/p>\n<figure id=\"attachment_28\" aria-describedby=\"caption-attachment-28\" style=\"width: 480px\" class=\"wp-caption alignnone\"><img loading=\"lazy\" class=\" wp-image-28\" src=\"http:\/\/panrotas.blog.br\/direto-de-ny\/wp-content\/uploads\/sites\/10\/2018\/03\/IMG_1784-300x225.jpg\" alt=\"\" width=\"480\" height=\"360\" srcset=\"https:\/\/blog.panrotas.com.br\/direto-de-ny\/wp-content\/uploads\/sites\/10\/2018\/03\/IMG_1784-300x225.jpg 300w, https:\/\/blog.panrotas.com.br\/direto-de-ny\/wp-content\/uploads\/sites\/10\/2018\/03\/IMG_1784-768x576.jpg 768w, https:\/\/blog.panrotas.com.br\/direto-de-ny\/wp-content\/uploads\/sites\/10\/2018\/03\/IMG_1784-1024x768.jpg 1024w, https:\/\/blog.panrotas.com.br\/direto-de-ny\/wp-content\/uploads\/sites\/10\/2018\/03\/IMG_1784-1568x1176.jpg 1568w, https:\/\/blog.panrotas.com.br\/direto-de-ny\/wp-content\/uploads\/sites\/10\/2018\/03\/IMG_1784.jpg 1600w\" sizes=\"(max-width: 480px) 100vw, 480px\" \/><figcaption id=\"caption-attachment-28\" class=\"wp-caption-text\">Estudo (1923) &#8211; Ainda sob a influ\u00eancia de Fernand L\u00e9ger<\/figcaption><\/figure>\n<p>Neste come\u00e7o de s\u00e9culo XX, n\u00e3o raramente, a alta sociedade e a intelectualidade paulistana gravitava em torno das novidades que chegavam de Paris. Desta forma, pintura, escultura, arquitetura, literatura, moda, modos de viver e h\u00e1bitos cotidianos, muitas vezes apresentavam forte sotaque franc\u00eas. Assim sendo, ap\u00f3s se unir a Oswald de Andrade, Tarsila passa uma temporada na Europa, onde manteve contato com grandes mestres do modernismo, principalmente Fernand L\u00e9ger, de quem herdou alguns gestos na pintura.<\/p>\n<figure id=\"attachment_33\" aria-describedby=\"caption-attachment-33\" style=\"width: 486px\" class=\"wp-caption alignnone\"><img loading=\"lazy\" class=\" wp-image-33\" src=\"http:\/\/panrotas.blog.br\/direto-de-ny\/wp-content\/uploads\/sites\/10\/2018\/03\/IMG_1804-300x225.jpg\" alt=\"\" width=\"486\" height=\"365\" srcset=\"https:\/\/blog.panrotas.com.br\/direto-de-ny\/wp-content\/uploads\/sites\/10\/2018\/03\/IMG_1804-300x225.jpg 300w, https:\/\/blog.panrotas.com.br\/direto-de-ny\/wp-content\/uploads\/sites\/10\/2018\/03\/IMG_1804-768x576.jpg 768w, https:\/\/blog.panrotas.com.br\/direto-de-ny\/wp-content\/uploads\/sites\/10\/2018\/03\/IMG_1804-1024x768.jpg 1024w, https:\/\/blog.panrotas.com.br\/direto-de-ny\/wp-content\/uploads\/sites\/10\/2018\/03\/IMG_1804-1568x1176.jpg 1568w, https:\/\/blog.panrotas.com.br\/direto-de-ny\/wp-content\/uploads\/sites\/10\/2018\/03\/IMG_1804.jpg 1600w\" sizes=\"(max-width: 486px) 100vw, 486px\" \/><figcaption id=\"caption-attachment-33\" class=\"wp-caption-text\">Vista de uma das salas de exposi\u00e7\u00e3o com a tela Abaporu ao fundo.<\/figcaption><\/figure>\n<p><strong>Pau-Brasil<\/strong><\/p>\n<p>Entretanto, este quadro iria se transformar radicalmente com o incipiente movimento modernista brasileiro. Em 1924, Tarsila participa de uma viagem de redescoberta do Brasil, acompanhada pelos amigos modernistas e pelo poeta sui\u00e7o Blaise Cendrars. Esta viagem, que passou pelo interior do estado de S\u00e3o Paulo e pelas antigas Vilas do Ouro em Minas Gerais, traria significativas mudan\u00e7as em seu modo de pensar e de agir, reverberando em significativas transforma\u00e7\u00f5es em sua pintura. O ambiente tropical, a fauna e flora brasileira, as cores do interior \u201ccaipira\u201d, como dizia a pr\u00f3pria Tarsila, passaram a povoar suas telas e se tornaram um momento especial de sua carreira art\u00edstica: a fase Pau-Brasil.<\/p>\n<figure id=\"attachment_29\" aria-describedby=\"caption-attachment-29\" style=\"width: 466px\" class=\"wp-caption alignnone\"><img loading=\"lazy\" class=\" wp-image-29\" src=\"http:\/\/panrotas.blog.br\/direto-de-ny\/wp-content\/uploads\/sites\/10\/2018\/03\/IMG_1787-300x225.jpg\" alt=\"\" width=\"466\" height=\"349\" srcset=\"https:\/\/blog.panrotas.com.br\/direto-de-ny\/wp-content\/uploads\/sites\/10\/2018\/03\/IMG_1787-300x225.jpg 300w, https:\/\/blog.panrotas.com.br\/direto-de-ny\/wp-content\/uploads\/sites\/10\/2018\/03\/IMG_1787-768x576.jpg 768w, https:\/\/blog.panrotas.com.br\/direto-de-ny\/wp-content\/uploads\/sites\/10\/2018\/03\/IMG_1787-1024x768.jpg 1024w, https:\/\/blog.panrotas.com.br\/direto-de-ny\/wp-content\/uploads\/sites\/10\/2018\/03\/IMG_1787-1568x1176.jpg 1568w, https:\/\/blog.panrotas.com.br\/direto-de-ny\/wp-content\/uploads\/sites\/10\/2018\/03\/IMG_1787.jpg 1600w\" sizes=\"(max-width: 466px) 100vw, 466px\" \/><figcaption id=\"caption-attachment-29\" class=\"wp-caption-text\">Morro da Favela (1924) \u2013 Fase Pau-Brasil<\/figcaption><\/figure>\n<p><strong>Antropofagia &#8211; <em>Tupi or not Tupi, that is the question<\/em><\/strong><\/p>\n<p>Esta aproxima\u00e7\u00e3o com as ra\u00edzes brasileiras viria ao encontro de uma busca, iniciada ainda nos primeiros anos do s\u00e9culo XX, por uma identidade nacional. Esta busca culminou com a tela Abaporu (1928), que se tornaria posteriormente uma de suas obras mais c\u00e9lebres. O nome Abaporu teria sido criado pelo escritor Raul Bopp e significa, na l\u00edngua Tupi, &#8220;homem que se alimenta de carne humana&#8221;. A obra foi um presente de anivers\u00e1rio de Tarsila para seu marido, o escritor Oswald de Andrade. A tela chegou em um momento em que o escritor estava come\u00e7ando a delinear os contornos de um novo movimento que iria envolver a literatura e as artes pl\u00e1sticas: o Movimento Antropof\u00e1gico, cujo manifesto foi publicado no mesmo ano.<\/p>\n<figure id=\"attachment_30\" aria-describedby=\"caption-attachment-30\" style=\"width: 472px\" class=\"wp-caption alignnone\"><img loading=\"lazy\" class=\" wp-image-30\" src=\"http:\/\/panrotas.blog.br\/direto-de-ny\/wp-content\/uploads\/sites\/10\/2018\/03\/IMG_1795-300x225.jpg\" alt=\"\" width=\"472\" height=\"354\" srcset=\"https:\/\/blog.panrotas.com.br\/direto-de-ny\/wp-content\/uploads\/sites\/10\/2018\/03\/IMG_1795-300x225.jpg 300w, https:\/\/blog.panrotas.com.br\/direto-de-ny\/wp-content\/uploads\/sites\/10\/2018\/03\/IMG_1795-768x576.jpg 768w, https:\/\/blog.panrotas.com.br\/direto-de-ny\/wp-content\/uploads\/sites\/10\/2018\/03\/IMG_1795-1024x768.jpg 1024w, https:\/\/blog.panrotas.com.br\/direto-de-ny\/wp-content\/uploads\/sites\/10\/2018\/03\/IMG_1795-1568x1176.jpg 1568w, https:\/\/blog.panrotas.com.br\/direto-de-ny\/wp-content\/uploads\/sites\/10\/2018\/03\/IMG_1795.jpg 1600w\" sizes=\"(max-width: 472px) 100vw, 472px\" \/><figcaption id=\"caption-attachment-30\" class=\"wp-caption-text\">Abaporu (1928)<\/figcaption><\/figure>\n<p>A ess\u00eancia do movimento seria uma rea\u00e7\u00e3o frente \u00e0 esmagadora presen\u00e7a da cultura europeia no Brasil. Seria um momento de reflex\u00e3o sobre os valores da nossa terra. Assim como os \u00edndios antrop\u00f3fagos, que se alimentavam do corpo de seus inimigos como forma de absorver sua for\u00e7a e suas qualidades, o Movimento Antropof\u00e1gico propunha se alimentar da cultura europeia, absorver seus valores e convert\u00ea-los em um produto nacional.<\/p>\n<figure id=\"attachment_32\" aria-describedby=\"caption-attachment-32\" style=\"width: 467px\" class=\"wp-caption alignnone\"><img loading=\"lazy\" class=\" wp-image-32\" src=\"http:\/\/panrotas.blog.br\/direto-de-ny\/wp-content\/uploads\/sites\/10\/2018\/03\/IMG_1799-300x225.jpg\" alt=\"\" width=\"467\" height=\"350\" srcset=\"https:\/\/blog.panrotas.com.br\/direto-de-ny\/wp-content\/uploads\/sites\/10\/2018\/03\/IMG_1799-300x225.jpg 300w, https:\/\/blog.panrotas.com.br\/direto-de-ny\/wp-content\/uploads\/sites\/10\/2018\/03\/IMG_1799-768x576.jpg 768w, https:\/\/blog.panrotas.com.br\/direto-de-ny\/wp-content\/uploads\/sites\/10\/2018\/03\/IMG_1799-1024x768.jpg 1024w, https:\/\/blog.panrotas.com.br\/direto-de-ny\/wp-content\/uploads\/sites\/10\/2018\/03\/IMG_1799-1568x1176.jpg 1568w, https:\/\/blog.panrotas.com.br\/direto-de-ny\/wp-content\/uploads\/sites\/10\/2018\/03\/IMG_1799.jpg 1600w\" sizes=\"(max-width: 467px) 100vw, 467px\" \/><figcaption id=\"caption-attachment-32\" class=\"wp-caption-text\">A Negra (1923)<\/figcaption><\/figure>\n<p>Oswald de Andrade, em n\u00edtida cr\u00edtica \u00e0 sociedade brasileira, insere na abertura de seu manifesto a frase <em>Tupi or not Tupi, that is the question<\/em>, parafraseando a lend\u00e1ria frase do livro Hamlet de William Shakespeare. A frase aparece ao lado de um desenho do Abaporu.<\/p>\n<figure id=\"attachment_38\" aria-describedby=\"caption-attachment-38\" style=\"width: 467px\" class=\"wp-caption alignleft\"><img loading=\"lazy\" class=\" wp-image-38\" src=\"http:\/\/panrotas.blog.br\/direto-de-ny\/wp-content\/uploads\/sites\/10\/2018\/03\/IMG_1839-300x225.jpg\" alt=\"\" width=\"467\" height=\"350\" srcset=\"https:\/\/blog.panrotas.com.br\/direto-de-ny\/wp-content\/uploads\/sites\/10\/2018\/03\/IMG_1839-300x225.jpg 300w, https:\/\/blog.panrotas.com.br\/direto-de-ny\/wp-content\/uploads\/sites\/10\/2018\/03\/IMG_1839-768x576.jpg 768w, https:\/\/blog.panrotas.com.br\/direto-de-ny\/wp-content\/uploads\/sites\/10\/2018\/03\/IMG_1839-1024x768.jpg 1024w, https:\/\/blog.panrotas.com.br\/direto-de-ny\/wp-content\/uploads\/sites\/10\/2018\/03\/IMG_1839-1568x1176.jpg 1568w, https:\/\/blog.panrotas.com.br\/direto-de-ny\/wp-content\/uploads\/sites\/10\/2018\/03\/IMG_1839.jpg 1600w\" sizes=\"(max-width: 467px) 100vw, 467px\" \/><figcaption id=\"caption-attachment-38\" class=\"wp-caption-text\">Oswald de Andrade: Manifesto Antrop\u00f3fago, ou Antropof\u00e1gico. Maio de 1928<\/figcaption><\/figure>\n<h4><strong>As tem\u00e1ticas sociais<\/strong><\/h4>\n<p>Em 1931, j\u00e1 separada de Oswald de Andrade, Tarsila faz uma longa viagem \u00e0 ent\u00e3o Uni\u00e3o Sovi\u00e9tica, acompanhada de seu novo marido, o psiquiatra Os\u00f3rio C\u00e9sar. Em 1933, j\u00e1 de volta ao Brasil, Tarsila se envolve com a tem\u00e1tica social e pinta a tela Oper\u00e1rios.<\/p>\n<figure id=\"attachment_34\" aria-describedby=\"caption-attachment-34\" style=\"width: 461px\" class=\"wp-caption alignnone\"><img loading=\"lazy\" class=\" wp-image-34\" src=\"http:\/\/panrotas.blog.br\/direto-de-ny\/wp-content\/uploads\/sites\/10\/2018\/03\/IMG_1819-300x225.jpg\" alt=\"\" width=\"461\" height=\"346\" srcset=\"https:\/\/blog.panrotas.com.br\/direto-de-ny\/wp-content\/uploads\/sites\/10\/2018\/03\/IMG_1819-300x225.jpg 300w, https:\/\/blog.panrotas.com.br\/direto-de-ny\/wp-content\/uploads\/sites\/10\/2018\/03\/IMG_1819-768x576.jpg 768w, https:\/\/blog.panrotas.com.br\/direto-de-ny\/wp-content\/uploads\/sites\/10\/2018\/03\/IMG_1819-1024x768.jpg 1024w, https:\/\/blog.panrotas.com.br\/direto-de-ny\/wp-content\/uploads\/sites\/10\/2018\/03\/IMG_1819-1568x1176.jpg 1568w, https:\/\/blog.panrotas.com.br\/direto-de-ny\/wp-content\/uploads\/sites\/10\/2018\/03\/IMG_1819.jpg 1600w\" sizes=\"(max-width: 461px) 100vw, 461px\" \/><figcaption id=\"caption-attachment-34\" class=\"wp-caption-text\">Oper\u00e1rios (1933)<\/figcaption><\/figure>\n<p>A exposi\u00e7\u00e3o <em>Tarsila do Amaral: Inventing Modern Art in Brazil<\/em>, realizada pelo MoMa re\u00fane suas principais obras, produzidas nas d\u00e9cadas de 1920 e 1930. Em cartaz at\u00e9 03 de Junho.<\/p>\n<figure id=\"attachment_37\" aria-describedby=\"caption-attachment-37\" style=\"width: 461px\" class=\"wp-caption alignnone\"><img loading=\"lazy\" class=\" wp-image-37\" src=\"http:\/\/panrotas.blog.br\/direto-de-ny\/wp-content\/uploads\/sites\/10\/2018\/03\/IMG-20180310-WA0001-300x225.jpg\" alt=\"\" width=\"461\" height=\"346\" srcset=\"https:\/\/blog.panrotas.com.br\/direto-de-ny\/wp-content\/uploads\/sites\/10\/2018\/03\/IMG-20180310-WA0001-300x225.jpg 300w, https:\/\/blog.panrotas.com.br\/direto-de-ny\/wp-content\/uploads\/sites\/10\/2018\/03\/IMG-20180310-WA0001-768x576.jpg 768w, https:\/\/blog.panrotas.com.br\/direto-de-ny\/wp-content\/uploads\/sites\/10\/2018\/03\/IMG-20180310-WA0001-1024x768.jpg 1024w, https:\/\/blog.panrotas.com.br\/direto-de-ny\/wp-content\/uploads\/sites\/10\/2018\/03\/IMG-20180310-WA0001.jpg 1296w\" sizes=\"(max-width: 461px) 100vw, 461px\" \/><figcaption id=\"caption-attachment-37\" class=\"wp-caption-text\">An\u00fancio da exposi\u00e7\u00e3o em esta\u00e7\u00e3o do metr\u00f4.<\/figcaption><\/figure>\n","protected":false},"excerpt":{"rendered":"<p>S\u00e3o Paulo, d\u00e9cada de 1920. A cidade, ainda provinciana, vivenciava um crescimento sem precedentes que, em pouco tempo, a tornaria o carro-chefe da na\u00e7\u00e3o e uma das mais importantes metr\u00f3poles das Am\u00e9ricas. Neste ambiente moldado por uma minoria enriquecida e por levas de imigrantes, provenientes de diversas partes do Brasil e tamb\u00e9m do exterior, floresceu&hellip; <a class=\"more-link\" href=\"https:\/\/blog.panrotas.com.br\/direto-de-ny\/2018\/03\/20\/exposicao-de-tarsila-do-amaral-no-moma-nova-york\/\">Continue reading &rarr;<\/a><\/p>\n","protected":false},"author":14,"featured_media":35,"comment_status":"open","ping_status":"open","sticky":false,"template":"","format":"standard","meta":{"spay_email":""},"categories":[2],"tags":[10,16,24,25],"yoast_head":"<!-- This site is optimized with the Yoast SEO plugin v17.3 - https:\/\/yoast.com\/wordpress\/plugins\/seo\/ -->\n<title>Exposi\u00e7\u00e3o de Tarsila do Amaral no MoMa - Nova York - Direto de NY<\/title>\n<meta name=\"robots\" content=\"index, follow, max-snippet:-1, max-image-preview:large, max-video-preview:-1\" \/>\n<link rel=\"canonical\" href=\"https:\/\/blog.panrotas.com.br\/direto-de-ny\/2018\/03\/20\/exposicao-de-tarsila-do-amaral-no-moma-nova-york\/\" \/>\n<meta property=\"og:locale\" content=\"pt_BR\" \/>\n<meta property=\"og:type\" content=\"article\" \/>\n<meta property=\"og:title\" content=\"Exposi\u00e7\u00e3o de Tarsila do Amaral no MoMa - Nova York - Direto de NY\" \/>\n<meta property=\"og:description\" content=\"S\u00e3o Paulo, d\u00e9cada de 1920. A cidade, ainda provinciana, vivenciava um crescimento sem precedentes que, em pouco tempo, a tornaria o carro-chefe da na\u00e7\u00e3o e uma das mais importantes metr\u00f3poles das Am\u00e9ricas. Neste ambiente moldado por uma minoria enriquecida e por levas de imigrantes, provenientes de diversas partes do Brasil e tamb\u00e9m do exterior, floresceu&hellip; Continue reading &rarr;\" \/>\n<meta property=\"og:url\" content=\"https:\/\/blog.panrotas.com.br\/direto-de-ny\/2018\/03\/20\/exposicao-de-tarsila-do-amaral-no-moma-nova-york\/\" \/>\n<meta property=\"og:site_name\" content=\"Direto de NY\" \/>\n<meta property=\"article:published_time\" content=\"2018-03-20T22:19:55+00:00\" \/>\n<meta property=\"og:image\" content=\"https:\/\/blog.panrotas.com.br\/direto-de-ny\/wp-content\/uploads\/sites\/10\/2018\/03\/IMG_1933.jpg\" \/>\n\t<meta property=\"og:image:width\" content=\"1600\" \/>\n\t<meta property=\"og:image:height\" content=\"1200\" \/>\n<meta name=\"twitter:card\" content=\"summary_large_image\" \/>\n<meta name=\"twitter:label1\" content=\"Escrito por\" \/>\n\t<meta name=\"twitter:data1\" content=\"David Prado\" \/>\n\t<meta name=\"twitter:label2\" content=\"Est. tempo de leitura\" \/>\n\t<meta name=\"twitter:data2\" content=\"4 minutos\" \/>\n<script type=\"application\/ld+json\" class=\"yoast-schema-graph\">{\"@context\":\"https:\/\/schema.org\",\"@graph\":[{\"@type\":\"WebSite\",\"@id\":\"https:\/\/blog.panrotas.com.br\/direto-de-ny\/#website\",\"url\":\"https:\/\/blog.panrotas.com.br\/direto-de-ny\/\",\"name\":\"Direto de NY\",\"description\":\"Blogosfera PANROTAS\",\"potentialAction\":[{\"@type\":\"SearchAction\",\"target\":{\"@type\":\"EntryPoint\",\"urlTemplate\":\"https:\/\/blog.panrotas.com.br\/direto-de-ny\/?s={search_term_string}\"},\"query-input\":\"required name=search_term_string\"}],\"inLanguage\":\"pt-BR\"},{\"@type\":\"ImageObject\",\"@id\":\"https:\/\/blog.panrotas.com.br\/direto-de-ny\/2018\/03\/20\/exposicao-de-tarsila-do-amaral-no-moma-nova-york\/#primaryimage\",\"inLanguage\":\"pt-BR\",\"url\":\"https:\/\/blog.panrotas.com.br\/direto-de-ny\/wp-content\/uploads\/sites\/10\/2018\/03\/IMG_1933.jpg\",\"contentUrl\":\"https:\/\/blog.panrotas.com.br\/direto-de-ny\/wp-content\/uploads\/sites\/10\/2018\/03\/IMG_1933.jpg\",\"width\":1600,\"height\":1200},{\"@type\":\"WebPage\",\"@id\":\"https:\/\/blog.panrotas.com.br\/direto-de-ny\/2018\/03\/20\/exposicao-de-tarsila-do-amaral-no-moma-nova-york\/#webpage\",\"url\":\"https:\/\/blog.panrotas.com.br\/direto-de-ny\/2018\/03\/20\/exposicao-de-tarsila-do-amaral-no-moma-nova-york\/\",\"name\":\"Exposi\\u00e7\\u00e3o de Tarsila do Amaral no MoMa - Nova York - Direto de NY\",\"isPartOf\":{\"@id\":\"https:\/\/blog.panrotas.com.br\/direto-de-ny\/#website\"},\"primaryImageOfPage\":{\"@id\":\"https:\/\/blog.panrotas.com.br\/direto-de-ny\/2018\/03\/20\/exposicao-de-tarsila-do-amaral-no-moma-nova-york\/#primaryimage\"},\"datePublished\":\"2018-03-20T22:19:55+00:00\",\"dateModified\":\"2018-03-20T22:19:55+00:00\",\"author\":{\"@id\":\"https:\/\/blog.panrotas.com.br\/direto-de-ny\/#\/schema\/person\/fe0bd35397ecf261e4ee7dd767778cb5\"},\"breadcrumb\":{\"@id\":\"https:\/\/blog.panrotas.com.br\/direto-de-ny\/2018\/03\/20\/exposicao-de-tarsila-do-amaral-no-moma-nova-york\/#breadcrumb\"},\"inLanguage\":\"pt-BR\",\"potentialAction\":[{\"@type\":\"ReadAction\",\"target\":[\"https:\/\/blog.panrotas.com.br\/direto-de-ny\/2018\/03\/20\/exposicao-de-tarsila-do-amaral-no-moma-nova-york\/\"]}]},{\"@type\":\"BreadcrumbList\",\"@id\":\"https:\/\/blog.panrotas.com.br\/direto-de-ny\/2018\/03\/20\/exposicao-de-tarsila-do-amaral-no-moma-nova-york\/#breadcrumb\",\"itemListElement\":[{\"@type\":\"ListItem\",\"position\":1,\"name\":\"In\\u00edcio\",\"item\":\"https:\/\/blog.panrotas.com.br\/direto-de-ny\/\"},{\"@type\":\"ListItem\",\"position\":2,\"name\":\"Exposi\\u00e7\\u00e3o de Tarsila do Amaral no MoMa &#8211; Nova York\"}]},{\"@type\":\"Person\",\"@id\":\"https:\/\/blog.panrotas.com.br\/direto-de-ny\/#\/schema\/person\/fe0bd35397ecf261e4ee7dd767778cb5\",\"name\":\"David Prado\",\"image\":{\"@type\":\"ImageObject\",\"@id\":\"https:\/\/blog.panrotas.com.br\/direto-de-ny\/#personlogo\",\"inLanguage\":\"pt-BR\",\"url\":\"https:\/\/secure.gravatar.com\/avatar\/eb22948ef941bdc42c77429c93ff714f?s=96&d=mm&r=g\",\"contentUrl\":\"https:\/\/secure.gravatar.com\/avatar\/eb22948ef941bdc42c77429c93ff714f?s=96&d=mm&r=g\",\"caption\":\"David Prado\"},\"sameAs\":[\"http:\/\/blog.panrotas.com.br\/direto-de-ny\"],\"url\":\"https:\/\/blog.panrotas.com.br\/direto-de-ny\/author\/david\/\"}]}<\/script>\n<!-- \/ Yoast SEO plugin. -->","yoast_head_json":{"title":"Exposi\u00e7\u00e3o de Tarsila do Amaral no MoMa - Nova York - Direto de NY","robots":{"index":"index","follow":"follow","max-snippet":"max-snippet:-1","max-image-preview":"max-image-preview:large","max-video-preview":"max-video-preview:-1"},"canonical":"https:\/\/blog.panrotas.com.br\/direto-de-ny\/2018\/03\/20\/exposicao-de-tarsila-do-amaral-no-moma-nova-york\/","og_locale":"pt_BR","og_type":"article","og_title":"Exposi\u00e7\u00e3o de Tarsila do Amaral no MoMa - Nova York - Direto de NY","og_description":"S\u00e3o Paulo, d\u00e9cada de 1920. A cidade, ainda provinciana, vivenciava um crescimento sem precedentes que, em pouco tempo, a tornaria o carro-chefe da na\u00e7\u00e3o e uma das mais importantes metr\u00f3poles das Am\u00e9ricas. Neste ambiente moldado por uma minoria enriquecida e por levas de imigrantes, provenientes de diversas partes do Brasil e tamb\u00e9m do exterior, floresceu&hellip; Continue reading &rarr;","og_url":"https:\/\/blog.panrotas.com.br\/direto-de-ny\/2018\/03\/20\/exposicao-de-tarsila-do-amaral-no-moma-nova-york\/","og_site_name":"Direto de NY","article_published_time":"2018-03-20T22:19:55+00:00","og_image":[{"width":1600,"height":1200,"url":"https:\/\/blog.panrotas.com.br\/direto-de-ny\/wp-content\/uploads\/sites\/10\/2018\/03\/IMG_1933.jpg","type":"image\/jpeg"}],"twitter_card":"summary_large_image","twitter_misc":{"Escrito por":"David Prado","Est. tempo de leitura":"4 minutos"},"schema":{"@context":"https:\/\/schema.org","@graph":[{"@type":"WebSite","@id":"https:\/\/blog.panrotas.com.br\/direto-de-ny\/#website","url":"https:\/\/blog.panrotas.com.br\/direto-de-ny\/","name":"Direto de NY","description":"Blogosfera PANROTAS","potentialAction":[{"@type":"SearchAction","target":{"@type":"EntryPoint","urlTemplate":"https:\/\/blog.panrotas.com.br\/direto-de-ny\/?s={search_term_string}"},"query-input":"required name=search_term_string"}],"inLanguage":"pt-BR"},{"@type":"ImageObject","@id":"https:\/\/blog.panrotas.com.br\/direto-de-ny\/2018\/03\/20\/exposicao-de-tarsila-do-amaral-no-moma-nova-york\/#primaryimage","inLanguage":"pt-BR","url":"https:\/\/blog.panrotas.com.br\/direto-de-ny\/wp-content\/uploads\/sites\/10\/2018\/03\/IMG_1933.jpg","contentUrl":"https:\/\/blog.panrotas.com.br\/direto-de-ny\/wp-content\/uploads\/sites\/10\/2018\/03\/IMG_1933.jpg","width":1600,"height":1200},{"@type":"WebPage","@id":"https:\/\/blog.panrotas.com.br\/direto-de-ny\/2018\/03\/20\/exposicao-de-tarsila-do-amaral-no-moma-nova-york\/#webpage","url":"https:\/\/blog.panrotas.com.br\/direto-de-ny\/2018\/03\/20\/exposicao-de-tarsila-do-amaral-no-moma-nova-york\/","name":"Exposi\u00e7\u00e3o de Tarsila do Amaral no MoMa - Nova York - Direto de NY","isPartOf":{"@id":"https:\/\/blog.panrotas.com.br\/direto-de-ny\/#website"},"primaryImageOfPage":{"@id":"https:\/\/blog.panrotas.com.br\/direto-de-ny\/2018\/03\/20\/exposicao-de-tarsila-do-amaral-no-moma-nova-york\/#primaryimage"},"datePublished":"2018-03-20T22:19:55+00:00","dateModified":"2018-03-20T22:19:55+00:00","author":{"@id":"https:\/\/blog.panrotas.com.br\/direto-de-ny\/#\/schema\/person\/fe0bd35397ecf261e4ee7dd767778cb5"},"breadcrumb":{"@id":"https:\/\/blog.panrotas.com.br\/direto-de-ny\/2018\/03\/20\/exposicao-de-tarsila-do-amaral-no-moma-nova-york\/#breadcrumb"},"inLanguage":"pt-BR","potentialAction":[{"@type":"ReadAction","target":["https:\/\/blog.panrotas.com.br\/direto-de-ny\/2018\/03\/20\/exposicao-de-tarsila-do-amaral-no-moma-nova-york\/"]}]},{"@type":"BreadcrumbList","@id":"https:\/\/blog.panrotas.com.br\/direto-de-ny\/2018\/03\/20\/exposicao-de-tarsila-do-amaral-no-moma-nova-york\/#breadcrumb","itemListElement":[{"@type":"ListItem","position":1,"name":"In\u00edcio","item":"https:\/\/blog.panrotas.com.br\/direto-de-ny\/"},{"@type":"ListItem","position":2,"name":"Exposi\u00e7\u00e3o de Tarsila do Amaral no MoMa &#8211; Nova York"}]},{"@type":"Person","@id":"https:\/\/blog.panrotas.com.br\/direto-de-ny\/#\/schema\/person\/fe0bd35397ecf261e4ee7dd767778cb5","name":"David Prado","image":{"@type":"ImageObject","@id":"https:\/\/blog.panrotas.com.br\/direto-de-ny\/#personlogo","inLanguage":"pt-BR","url":"https:\/\/secure.gravatar.com\/avatar\/eb22948ef941bdc42c77429c93ff714f?s=96&d=mm&r=g","contentUrl":"https:\/\/secure.gravatar.com\/avatar\/eb22948ef941bdc42c77429c93ff714f?s=96&d=mm&r=g","caption":"David Prado"},"sameAs":["http:\/\/blog.panrotas.com.br\/direto-de-ny"],"url":"https:\/\/blog.panrotas.com.br\/direto-de-ny\/author\/david\/"}]}},"jetpack_featured_media_url":"https:\/\/blog.panrotas.com.br\/direto-de-ny\/wp-content\/uploads\/sites\/10\/2018\/03\/IMG_1933.jpg","_links":{"self":[{"href":"https:\/\/blog.panrotas.com.br\/direto-de-ny\/wp-json\/wp\/v2\/posts\/27"}],"collection":[{"href":"https:\/\/blog.panrotas.com.br\/direto-de-ny\/wp-json\/wp\/v2\/posts"}],"about":[{"href":"https:\/\/blog.panrotas.com.br\/direto-de-ny\/wp-json\/wp\/v2\/types\/post"}],"author":[{"embeddable":true,"href":"https:\/\/blog.panrotas.com.br\/direto-de-ny\/wp-json\/wp\/v2\/users\/14"}],"replies":[{"embeddable":true,"href":"https:\/\/blog.panrotas.com.br\/direto-de-ny\/wp-json\/wp\/v2\/comments?post=27"}],"version-history":[{"count":0,"href":"https:\/\/blog.panrotas.com.br\/direto-de-ny\/wp-json\/wp\/v2\/posts\/27\/revisions"}],"wp:featuredmedia":[{"embeddable":true,"href":"https:\/\/blog.panrotas.com.br\/direto-de-ny\/wp-json\/wp\/v2\/media\/35"}],"wp:attachment":[{"href":"https:\/\/blog.panrotas.com.br\/direto-de-ny\/wp-json\/wp\/v2\/media?parent=27"}],"wp:term":[{"taxonomy":"category","embeddable":true,"href":"https:\/\/blog.panrotas.com.br\/direto-de-ny\/wp-json\/wp\/v2\/categories?post=27"},{"taxonomy":"post_tag","embeddable":true,"href":"https:\/\/blog.panrotas.com.br\/direto-de-ny\/wp-json\/wp\/v2\/tags?post=27"}],"curies":[{"name":"wp","href":"https:\/\/api.w.org\/{rel}","templated":true}]}}