{"id":52,"date":"2018-03-26T09:50:12","date_gmt":"2018-03-26T12:50:12","guid":{"rendered":"http:\/\/blog.panrotas.com.br\/direto-de-ny\/?p=52"},"modified":"2018-03-26T09:50:12","modified_gmt":"2018-03-26T12:50:12","slug":"ja-e-primavera-em-nova-york","status":"publish","type":"post","link":"https:\/\/blog.panrotas.com.br\/direto-de-ny\/2018\/03\/26\/ja-e-primavera-em-nova-york\/","title":{"rendered":"J\u00e1 \u00e9 Primavera em Nova York"},"content":{"rendered":"<p>Na semana passada, Nova York se despediu do inverno com um final de semana especialmente gelado. Mesmo assim, as temperaturas abaixo de zero n\u00e3o intimidaram os nova-iorquinos de se vestir de verde para a parada de St. Patrick&#8217;s Day no s\u00e1bado. A devo\u00e7\u00e3o do santo, que foi respons\u00e1vel por grande parte da evangeliza\u00e7\u00e3o da Irlanda, chegou aos Estados Unidos junto com a imigra\u00e7\u00e3o irlandesa e assim, desde o s\u00e9culo XIX, St. Patrick se tornou o santo patrono da catedral de Nova York.<\/p>\n<figure id=\"attachment_54\" aria-describedby=\"caption-attachment-54\" style=\"width: 722px\" class=\"wp-caption alignnone\"><img loading=\"lazy\" class=\" wp-image-54\" src=\"http:\/\/panrotas.blog.br\/direto-de-ny\/wp-content\/uploads\/sites\/10\/2018\/03\/20180317_125016-001-300x225.jpg\" alt=\"\" width=\"722\" height=\"541\" srcset=\"https:\/\/blog.panrotas.com.br\/direto-de-ny\/wp-content\/uploads\/sites\/10\/2018\/03\/20180317_125016-001-300x225.jpg 300w, https:\/\/blog.panrotas.com.br\/direto-de-ny\/wp-content\/uploads\/sites\/10\/2018\/03\/20180317_125016-001-768x576.jpg 768w, https:\/\/blog.panrotas.com.br\/direto-de-ny\/wp-content\/uploads\/sites\/10\/2018\/03\/20180317_125016-001-1024x768.jpg 1024w, https:\/\/blog.panrotas.com.br\/direto-de-ny\/wp-content\/uploads\/sites\/10\/2018\/03\/20180317_125016-001-1568x1176.jpg 1568w, https:\/\/blog.panrotas.com.br\/direto-de-ny\/wp-content\/uploads\/sites\/10\/2018\/03\/20180317_125016-001.jpg 1600w\" sizes=\"(max-width: 722px) 100vw, 722px\" \/><figcaption id=\"caption-attachment-54\" class=\"wp-caption-text\">Parada de St. Patrick&#8217;s Day vista da esquina da Quinta Avenida e Rua 79 &#8211; no s\u00e1bado<\/figcaption><\/figure>\n<p>No domingo, para fechar o inverno, aconteceu a Meia Maratona de Nova York. Durante o evento, turistas e moradores locais enfrentaram a temperatura de dois graus negativos para apoiar os bravos competidores, que eram saudados com cartazes e gritos de incentivo.<\/p>\n<figure id=\"attachment_58\" aria-describedby=\"caption-attachment-58\" style=\"width: 721px\" class=\"wp-caption alignnone\"><img loading=\"lazy\" class=\" wp-image-58\" src=\"http:\/\/panrotas.blog.br\/direto-de-ny\/wp-content\/uploads\/sites\/10\/2018\/03\/DSC00197-001-300x225.jpg\" alt=\"\" width=\"721\" height=\"541\" srcset=\"https:\/\/blog.panrotas.com.br\/direto-de-ny\/wp-content\/uploads\/sites\/10\/2018\/03\/DSC00197-001-300x225.jpg 300w, https:\/\/blog.panrotas.com.br\/direto-de-ny\/wp-content\/uploads\/sites\/10\/2018\/03\/DSC00197-001-768x576.jpg 768w, https:\/\/blog.panrotas.com.br\/direto-de-ny\/wp-content\/uploads\/sites\/10\/2018\/03\/DSC00197-001-1024x768.jpg 1024w, https:\/\/blog.panrotas.com.br\/direto-de-ny\/wp-content\/uploads\/sites\/10\/2018\/03\/DSC00197-001-1568x1176.jpg 1568w, https:\/\/blog.panrotas.com.br\/direto-de-ny\/wp-content\/uploads\/sites\/10\/2018\/03\/DSC00197-001.jpg 1600w\" sizes=\"(max-width: 721px) 100vw, 721px\" \/><figcaption id=\"caption-attachment-58\" class=\"wp-caption-text\">Meia Maratona de Nova York &#8211; no domingo<\/figcaption><\/figure>\n<p>Mas j\u00e1 \u00e9 primavera em Nova York e o come\u00e7o da nova esta\u00e7\u00e3o foi marcado pela inaugura\u00e7\u00e3o de exposi\u00e7\u00f5es que prometem agitar os pr\u00f3ximos meses. Uma delas \u00e9 a exposi\u00e7\u00e3o de orqu\u00eddeas do Jardim Bot\u00e2nico do Bronx, local raramente visitado por turistas. Localizado na famigerada regi\u00e3o do Bronx e ocupando uma \u00e1rea de 250 acres (cerca de 1 milh\u00e3o de metros quadrados), o Jardim Bot\u00e2nico guarda, entre suas in\u00fameras atra\u00e7\u00f5es, a \u00faltima reserva florestal ainda intocada desde a ocupa\u00e7\u00e3o holandesa do s\u00e9culo XVII.<\/p>\n<figure id=\"attachment_59\" aria-describedby=\"caption-attachment-59\" style=\"width: 720px\" class=\"wp-caption alignnone\"><img loading=\"lazy\" class=\" wp-image-59\" src=\"http:\/\/panrotas.blog.br\/direto-de-ny\/wp-content\/uploads\/sites\/10\/2018\/03\/IMG_1086-001-300x225.jpg\" alt=\"\" width=\"720\" height=\"540\" srcset=\"https:\/\/blog.panrotas.com.br\/direto-de-ny\/wp-content\/uploads\/sites\/10\/2018\/03\/IMG_1086-001-300x225.jpg 300w, https:\/\/blog.panrotas.com.br\/direto-de-ny\/wp-content\/uploads\/sites\/10\/2018\/03\/IMG_1086-001-768x576.jpg 768w, https:\/\/blog.panrotas.com.br\/direto-de-ny\/wp-content\/uploads\/sites\/10\/2018\/03\/IMG_1086-001-1024x768.jpg 1024w, https:\/\/blog.panrotas.com.br\/direto-de-ny\/wp-content\/uploads\/sites\/10\/2018\/03\/IMG_1086-001-1568x1176.jpg 1568w, https:\/\/blog.panrotas.com.br\/direto-de-ny\/wp-content\/uploads\/sites\/10\/2018\/03\/IMG_1086-001.jpg 1600w\" sizes=\"(max-width: 720px) 100vw, 720px\" \/><figcaption id=\"caption-attachment-59\" class=\"wp-caption-text\">Jardim Bot\u00e2nico do Bronx &#8211; \u00faltima reserva florestal intocada desde a ocupa\u00e7\u00e3o Holandesa<\/figcaption><\/figure>\n<p>Nesta ilha verde no cora\u00e7\u00e3o de Nova York acontece, pelo 16\u00ba ano consecutivo, o <em>The Orchid Show<\/em>, uma exposi\u00e7\u00e3o composta por milhares de orqu\u00eddeas, de incont\u00e1veis esp\u00e9cies. O local escolhido para o evento foi o <em>Conservatory Garden<\/em>, uma imensa estufa de vidro em estilo vitoriano que abriga exemplares provenientes de v\u00e1rias partes do mundo.<\/p>\n<figure id=\"attachment_64\" aria-describedby=\"caption-attachment-64\" style=\"width: 714px\" class=\"wp-caption alignnone\"><img loading=\"lazy\" class=\" wp-image-64\" src=\"http:\/\/panrotas.blog.br\/direto-de-ny\/wp-content\/uploads\/sites\/10\/2018\/03\/IMG_4287-300x100.jpg\" alt=\"\" width=\"714\" height=\"238\" srcset=\"https:\/\/blog.panrotas.com.br\/direto-de-ny\/wp-content\/uploads\/sites\/10\/2018\/03\/IMG_4287-300x100.jpg 300w, https:\/\/blog.panrotas.com.br\/direto-de-ny\/wp-content\/uploads\/sites\/10\/2018\/03\/IMG_4287-768x255.jpg 768w, https:\/\/blog.panrotas.com.br\/direto-de-ny\/wp-content\/uploads\/sites\/10\/2018\/03\/IMG_4287-1024x340.jpg 1024w, https:\/\/blog.panrotas.com.br\/direto-de-ny\/wp-content\/uploads\/sites\/10\/2018\/03\/IMG_4287-1568x521.jpg 1568w\" sizes=\"(max-width: 714px) 100vw, 714px\" \/><figcaption id=\"caption-attachment-64\" class=\"wp-caption-text\">O Conservatory Garden no Jardim Bot\u00e2nico do Bronx<\/figcaption><\/figure>\n<figure id=\"attachment_62\" aria-describedby=\"caption-attachment-62\" style=\"width: 713px\" class=\"wp-caption alignnone\"><img loading=\"lazy\" class=\" wp-image-62\" src=\"http:\/\/panrotas.blog.br\/direto-de-ny\/wp-content\/uploads\/sites\/10\/2018\/03\/IMG_4212-001-300x200.jpg\" alt=\"\" width=\"713\" height=\"475\" srcset=\"https:\/\/blog.panrotas.com.br\/direto-de-ny\/wp-content\/uploads\/sites\/10\/2018\/03\/IMG_4212-001-300x200.jpg 300w, https:\/\/blog.panrotas.com.br\/direto-de-ny\/wp-content\/uploads\/sites\/10\/2018\/03\/IMG_4212-001-768x512.jpg 768w, https:\/\/blog.panrotas.com.br\/direto-de-ny\/wp-content\/uploads\/sites\/10\/2018\/03\/IMG_4212-001-1024x683.jpg 1024w, https:\/\/blog.panrotas.com.br\/direto-de-ny\/wp-content\/uploads\/sites\/10\/2018\/03\/IMG_4212-001-1568x1046.jpg 1568w, https:\/\/blog.panrotas.com.br\/direto-de-ny\/wp-content\/uploads\/sites\/10\/2018\/03\/IMG_4212-001.jpg 1600w\" sizes=\"(max-width: 713px) 100vw, 713px\" \/><figcaption id=\"caption-attachment-62\" class=\"wp-caption-text\">A impressionante variedade de formas e cores das orqu\u00eddeas<\/figcaption><\/figure>\n<p>Grande parte das orqu\u00eddeas foi disposta em estruturas criadas especialmente para a exposi\u00e7\u00e3o pelo artista floral belga Daniel Ost. S\u00e3o intrincadas formas produzidas com bambu e mangueiras pl\u00e1sticas, criando um resultado impressionante. A mostra tem atra\u00eddo milhares de visitantes todos os dias e fica em exibi\u00e7\u00e3o at\u00e9 22 de abril.<\/p>\n<figure id=\"attachment_60\" aria-describedby=\"caption-attachment-60\" style=\"width: 712px\" class=\"wp-caption alignnone\"><img loading=\"lazy\" class=\" wp-image-60\" src=\"http:\/\/panrotas.blog.br\/direto-de-ny\/wp-content\/uploads\/sites\/10\/2018\/03\/IMG_1959-001-300x225.jpg\" alt=\"\" width=\"712\" height=\"534\" srcset=\"https:\/\/blog.panrotas.com.br\/direto-de-ny\/wp-content\/uploads\/sites\/10\/2018\/03\/IMG_1959-001-300x225.jpg 300w, https:\/\/blog.panrotas.com.br\/direto-de-ny\/wp-content\/uploads\/sites\/10\/2018\/03\/IMG_1959-001-768x576.jpg 768w, https:\/\/blog.panrotas.com.br\/direto-de-ny\/wp-content\/uploads\/sites\/10\/2018\/03\/IMG_1959-001-1024x768.jpg 1024w, https:\/\/blog.panrotas.com.br\/direto-de-ny\/wp-content\/uploads\/sites\/10\/2018\/03\/IMG_1959-001-1568x1176.jpg 1568w, https:\/\/blog.panrotas.com.br\/direto-de-ny\/wp-content\/uploads\/sites\/10\/2018\/03\/IMG_1959-001.jpg 1600w\" sizes=\"(max-width: 712px) 100vw, 712px\" \/><figcaption id=\"caption-attachment-60\" class=\"wp-caption-text\">Uma das estruturas criadas pelo artista belga Daniel Ost<\/figcaption><\/figure>\n<p>Outro evento, que tamb\u00e9m explora os temas da primavera, \u00e9 a exposi\u00e7\u00e3o <em>Public Parks, Private Gardens &#8211; Paris to Provence<\/em>, no Metropolitan Museum of Art. A exposi\u00e7\u00e3o faz uma reflex\u00e3o sobre a constru\u00e7\u00e3o da paisagem, a partir do olhar dos paisagistas do oitocentos franc\u00eas e principalmente dos pintores impressionistas e p\u00f3s-impressionistas.<\/p>\n<figure id=\"attachment_53\" aria-describedby=\"caption-attachment-53\" style=\"width: 716px\" class=\"wp-caption alignnone\"><img loading=\"lazy\" class=\" wp-image-53\" src=\"http:\/\/panrotas.blog.br\/direto-de-ny\/wp-content\/uploads\/sites\/10\/2018\/03\/20180317_114207-001-300x225.jpg\" alt=\"\" width=\"716\" height=\"537\" srcset=\"https:\/\/blog.panrotas.com.br\/direto-de-ny\/wp-content\/uploads\/sites\/10\/2018\/03\/20180317_114207-001-300x225.jpg 300w, https:\/\/blog.panrotas.com.br\/direto-de-ny\/wp-content\/uploads\/sites\/10\/2018\/03\/20180317_114207-001-768x576.jpg 768w, https:\/\/blog.panrotas.com.br\/direto-de-ny\/wp-content\/uploads\/sites\/10\/2018\/03\/20180317_114207-001-1024x768.jpg 1024w, https:\/\/blog.panrotas.com.br\/direto-de-ny\/wp-content\/uploads\/sites\/10\/2018\/03\/20180317_114207-001-1568x1176.jpg 1568w, https:\/\/blog.panrotas.com.br\/direto-de-ny\/wp-content\/uploads\/sites\/10\/2018\/03\/20180317_114207-001.jpg 1600w\" sizes=\"(max-width: 716px) 100vw, 716px\" \/><figcaption id=\"caption-attachment-53\" class=\"wp-caption-text\">Visitantes se encantaram com os jardins retratados pelos pintores impressionistas<\/figcaption><\/figure>\n<p>A exposi\u00e7\u00e3o conta, ainda, com v\u00e1rios objetos de jardinagem originais usados para a manuten\u00e7\u00e3o dos parques parisienses. Est\u00e3o dispostos regadores, tesouras, pequenos potes para cria\u00e7\u00e3o de mudas e tesouras de poda. Em exibi\u00e7\u00e3o at\u00e9 junho.<\/p>\n<figure id=\"attachment_57\" aria-describedby=\"caption-attachment-57\" style=\"width: 707px\" class=\"wp-caption alignleft\"><img loading=\"lazy\" class=\" wp-image-57\" src=\"http:\/\/panrotas.blog.br\/direto-de-ny\/wp-content\/uploads\/sites\/10\/2018\/03\/DSC00103-001-300x225.jpg\" alt=\"\" width=\"707\" height=\"530\" srcset=\"https:\/\/blog.panrotas.com.br\/direto-de-ny\/wp-content\/uploads\/sites\/10\/2018\/03\/DSC00103-001-300x225.jpg 300w, https:\/\/blog.panrotas.com.br\/direto-de-ny\/wp-content\/uploads\/sites\/10\/2018\/03\/DSC00103-001-768x576.jpg 768w, https:\/\/blog.panrotas.com.br\/direto-de-ny\/wp-content\/uploads\/sites\/10\/2018\/03\/DSC00103-001-1024x768.jpg 1024w, https:\/\/blog.panrotas.com.br\/direto-de-ny\/wp-content\/uploads\/sites\/10\/2018\/03\/DSC00103-001-1568x1176.jpg 1568w, https:\/\/blog.panrotas.com.br\/direto-de-ny\/wp-content\/uploads\/sites\/10\/2018\/03\/DSC00103-001.jpg 1600w\" sizes=\"(max-width: 707px) 100vw, 707px\" \/><figcaption id=\"caption-attachment-57\" class=\"wp-caption-text\">Cole\u00e7\u00e3o de regadores usados no s\u00e9c. XIX. ao lado, Claude Monet e a esposa Camille em um dos parques da cidade (1873)<\/figcaption><\/figure>\n","protected":false},"excerpt":{"rendered":"<p>Na semana passada, Nova York se despediu do inverno com um final de semana especialmente gelado. Mesmo assim, as temperaturas abaixo de zero n\u00e3o intimidaram os nova-iorquinos de se vestir de verde para a parada de St. Patrick&#8217;s Day no s\u00e1bado. A devo\u00e7\u00e3o do santo, que foi respons\u00e1vel por grande parte da evangeliza\u00e7\u00e3o da Irlanda,&hellip; <a class=\"more-link\" href=\"https:\/\/blog.panrotas.com.br\/direto-de-ny\/2018\/03\/26\/ja-e-primavera-em-nova-york\/\">Continue reading &rarr;<\/a><\/p>\n","protected":false},"author":14,"featured_media":61,"comment_status":"open","ping_status":"open","sticky":false,"template":"","format":"standard","meta":{"spay_email":""},"categories":[2],"tags":[9,14,17,20,23,26],"yoast_head":"<!-- This site is optimized with the Yoast SEO plugin v17.3 - https:\/\/yoast.com\/wordpress\/plugins\/seo\/ -->\n<title>J\u00e1 \u00e9 Primavera em Nova York - Direto de NY<\/title>\n<meta name=\"robots\" content=\"index, follow, max-snippet:-1, max-image-preview:large, max-video-preview:-1\" \/>\n<link rel=\"canonical\" href=\"https:\/\/blog.panrotas.com.br\/direto-de-ny\/2018\/03\/26\/ja-e-primavera-em-nova-york\/\" \/>\n<meta property=\"og:locale\" content=\"pt_BR\" \/>\n<meta property=\"og:type\" content=\"article\" \/>\n<meta property=\"og:title\" content=\"J\u00e1 \u00e9 Primavera em Nova York - Direto de NY\" \/>\n<meta property=\"og:description\" content=\"Na semana passada, Nova York se despediu do inverno com um final de semana especialmente gelado. Mesmo assim, as temperaturas abaixo de zero n\u00e3o intimidaram os nova-iorquinos de se vestir de verde para a parada de St. Patrick&#8217;s Day no s\u00e1bado. A devo\u00e7\u00e3o do santo, que foi respons\u00e1vel por grande parte da evangeliza\u00e7\u00e3o da Irlanda,&hellip; Continue reading &rarr;\" \/>\n<meta property=\"og:url\" content=\"https:\/\/blog.panrotas.com.br\/direto-de-ny\/2018\/03\/26\/ja-e-primavera-em-nova-york\/\" \/>\n<meta property=\"og:site_name\" content=\"Direto de NY\" \/>\n<meta property=\"article:published_time\" content=\"2018-03-26T12:50:12+00:00\" \/>\n<meta property=\"og:image\" content=\"https:\/\/blog.panrotas.com.br\/direto-de-ny\/wp-content\/uploads\/sites\/10\/2018\/03\/IMG_1970-001.jpg\" \/>\n\t<meta property=\"og:image:width\" content=\"1600\" \/>\n\t<meta property=\"og:image:height\" content=\"855\" \/>\n<meta name=\"twitter:card\" content=\"summary_large_image\" \/>\n<meta name=\"twitter:label1\" content=\"Escrito por\" \/>\n\t<meta name=\"twitter:data1\" content=\"David Prado\" \/>\n\t<meta name=\"twitter:label2\" content=\"Est. tempo de leitura\" \/>\n\t<meta name=\"twitter:data2\" content=\"3 minutos\" \/>\n<script type=\"application\/ld+json\" class=\"yoast-schema-graph\">{\"@context\":\"https:\/\/schema.org\",\"@graph\":[{\"@type\":\"WebSite\",\"@id\":\"https:\/\/blog.panrotas.com.br\/direto-de-ny\/#website\",\"url\":\"https:\/\/blog.panrotas.com.br\/direto-de-ny\/\",\"name\":\"Direto de NY\",\"description\":\"Blogosfera PANROTAS\",\"potentialAction\":[{\"@type\":\"SearchAction\",\"target\":{\"@type\":\"EntryPoint\",\"urlTemplate\":\"https:\/\/blog.panrotas.com.br\/direto-de-ny\/?s={search_term_string}\"},\"query-input\":\"required name=search_term_string\"}],\"inLanguage\":\"pt-BR\"},{\"@type\":\"ImageObject\",\"@id\":\"https:\/\/blog.panrotas.com.br\/direto-de-ny\/2018\/03\/26\/ja-e-primavera-em-nova-york\/#primaryimage\",\"inLanguage\":\"pt-BR\",\"url\":\"https:\/\/blog.panrotas.com.br\/direto-de-ny\/wp-content\/uploads\/sites\/10\/2018\/03\/IMG_1970-001.jpg\",\"contentUrl\":\"https:\/\/blog.panrotas.com.br\/direto-de-ny\/wp-content\/uploads\/sites\/10\/2018\/03\/IMG_1970-001.jpg\",\"width\":1600,\"height\":855},{\"@type\":\"WebPage\",\"@id\":\"https:\/\/blog.panrotas.com.br\/direto-de-ny\/2018\/03\/26\/ja-e-primavera-em-nova-york\/#webpage\",\"url\":\"https:\/\/blog.panrotas.com.br\/direto-de-ny\/2018\/03\/26\/ja-e-primavera-em-nova-york\/\",\"name\":\"J\\u00e1 \\u00e9 Primavera em Nova York - Direto de NY\",\"isPartOf\":{\"@id\":\"https:\/\/blog.panrotas.com.br\/direto-de-ny\/#website\"},\"primaryImageOfPage\":{\"@id\":\"https:\/\/blog.panrotas.com.br\/direto-de-ny\/2018\/03\/26\/ja-e-primavera-em-nova-york\/#primaryimage\"},\"datePublished\":\"2018-03-26T12:50:12+00:00\",\"dateModified\":\"2018-03-26T12:50:12+00:00\",\"author\":{\"@id\":\"https:\/\/blog.panrotas.com.br\/direto-de-ny\/#\/schema\/person\/fe0bd35397ecf261e4ee7dd767778cb5\"},\"breadcrumb\":{\"@id\":\"https:\/\/blog.panrotas.com.br\/direto-de-ny\/2018\/03\/26\/ja-e-primavera-em-nova-york\/#breadcrumb\"},\"inLanguage\":\"pt-BR\",\"potentialAction\":[{\"@type\":\"ReadAction\",\"target\":[\"https:\/\/blog.panrotas.com.br\/direto-de-ny\/2018\/03\/26\/ja-e-primavera-em-nova-york\/\"]}]},{\"@type\":\"BreadcrumbList\",\"@id\":\"https:\/\/blog.panrotas.com.br\/direto-de-ny\/2018\/03\/26\/ja-e-primavera-em-nova-york\/#breadcrumb\",\"itemListElement\":[{\"@type\":\"ListItem\",\"position\":1,\"name\":\"In\\u00edcio\",\"item\":\"https:\/\/blog.panrotas.com.br\/direto-de-ny\/\"},{\"@type\":\"ListItem\",\"position\":2,\"name\":\"J\\u00e1 \\u00e9 Primavera em Nova York\"}]},{\"@type\":\"Person\",\"@id\":\"https:\/\/blog.panrotas.com.br\/direto-de-ny\/#\/schema\/person\/fe0bd35397ecf261e4ee7dd767778cb5\",\"name\":\"David Prado\",\"image\":{\"@type\":\"ImageObject\",\"@id\":\"https:\/\/blog.panrotas.com.br\/direto-de-ny\/#personlogo\",\"inLanguage\":\"pt-BR\",\"url\":\"https:\/\/secure.gravatar.com\/avatar\/eb22948ef941bdc42c77429c93ff714f?s=96&d=mm&r=g\",\"contentUrl\":\"https:\/\/secure.gravatar.com\/avatar\/eb22948ef941bdc42c77429c93ff714f?s=96&d=mm&r=g\",\"caption\":\"David Prado\"},\"sameAs\":[\"http:\/\/blog.panrotas.com.br\/direto-de-ny\"],\"url\":\"https:\/\/blog.panrotas.com.br\/direto-de-ny\/author\/david\/\"}]}<\/script>\n<!-- \/ Yoast SEO plugin. -->","yoast_head_json":{"title":"J\u00e1 \u00e9 Primavera em Nova York - Direto de NY","robots":{"index":"index","follow":"follow","max-snippet":"max-snippet:-1","max-image-preview":"max-image-preview:large","max-video-preview":"max-video-preview:-1"},"canonical":"https:\/\/blog.panrotas.com.br\/direto-de-ny\/2018\/03\/26\/ja-e-primavera-em-nova-york\/","og_locale":"pt_BR","og_type":"article","og_title":"J\u00e1 \u00e9 Primavera em Nova York - Direto de NY","og_description":"Na semana passada, Nova York se despediu do inverno com um final de semana especialmente gelado. Mesmo assim, as temperaturas abaixo de zero n\u00e3o intimidaram os nova-iorquinos de se vestir de verde para a parada de St. Patrick&#8217;s Day no s\u00e1bado. A devo\u00e7\u00e3o do santo, que foi respons\u00e1vel por grande parte da evangeliza\u00e7\u00e3o da Irlanda,&hellip; Continue reading &rarr;","og_url":"https:\/\/blog.panrotas.com.br\/direto-de-ny\/2018\/03\/26\/ja-e-primavera-em-nova-york\/","og_site_name":"Direto de NY","article_published_time":"2018-03-26T12:50:12+00:00","og_image":[{"width":1600,"height":855,"url":"https:\/\/blog.panrotas.com.br\/direto-de-ny\/wp-content\/uploads\/sites\/10\/2018\/03\/IMG_1970-001.jpg","type":"image\/jpeg"}],"twitter_card":"summary_large_image","twitter_misc":{"Escrito por":"David Prado","Est. tempo de leitura":"3 minutos"},"schema":{"@context":"https:\/\/schema.org","@graph":[{"@type":"WebSite","@id":"https:\/\/blog.panrotas.com.br\/direto-de-ny\/#website","url":"https:\/\/blog.panrotas.com.br\/direto-de-ny\/","name":"Direto de NY","description":"Blogosfera PANROTAS","potentialAction":[{"@type":"SearchAction","target":{"@type":"EntryPoint","urlTemplate":"https:\/\/blog.panrotas.com.br\/direto-de-ny\/?s={search_term_string}"},"query-input":"required name=search_term_string"}],"inLanguage":"pt-BR"},{"@type":"ImageObject","@id":"https:\/\/blog.panrotas.com.br\/direto-de-ny\/2018\/03\/26\/ja-e-primavera-em-nova-york\/#primaryimage","inLanguage":"pt-BR","url":"https:\/\/blog.panrotas.com.br\/direto-de-ny\/wp-content\/uploads\/sites\/10\/2018\/03\/IMG_1970-001.jpg","contentUrl":"https:\/\/blog.panrotas.com.br\/direto-de-ny\/wp-content\/uploads\/sites\/10\/2018\/03\/IMG_1970-001.jpg","width":1600,"height":855},{"@type":"WebPage","@id":"https:\/\/blog.panrotas.com.br\/direto-de-ny\/2018\/03\/26\/ja-e-primavera-em-nova-york\/#webpage","url":"https:\/\/blog.panrotas.com.br\/direto-de-ny\/2018\/03\/26\/ja-e-primavera-em-nova-york\/","name":"J\u00e1 \u00e9 Primavera em Nova York - Direto de NY","isPartOf":{"@id":"https:\/\/blog.panrotas.com.br\/direto-de-ny\/#website"},"primaryImageOfPage":{"@id":"https:\/\/blog.panrotas.com.br\/direto-de-ny\/2018\/03\/26\/ja-e-primavera-em-nova-york\/#primaryimage"},"datePublished":"2018-03-26T12:50:12+00:00","dateModified":"2018-03-26T12:50:12+00:00","author":{"@id":"https:\/\/blog.panrotas.com.br\/direto-de-ny\/#\/schema\/person\/fe0bd35397ecf261e4ee7dd767778cb5"},"breadcrumb":{"@id":"https:\/\/blog.panrotas.com.br\/direto-de-ny\/2018\/03\/26\/ja-e-primavera-em-nova-york\/#breadcrumb"},"inLanguage":"pt-BR","potentialAction":[{"@type":"ReadAction","target":["https:\/\/blog.panrotas.com.br\/direto-de-ny\/2018\/03\/26\/ja-e-primavera-em-nova-york\/"]}]},{"@type":"BreadcrumbList","@id":"https:\/\/blog.panrotas.com.br\/direto-de-ny\/2018\/03\/26\/ja-e-primavera-em-nova-york\/#breadcrumb","itemListElement":[{"@type":"ListItem","position":1,"name":"In\u00edcio","item":"https:\/\/blog.panrotas.com.br\/direto-de-ny\/"},{"@type":"ListItem","position":2,"name":"J\u00e1 \u00e9 Primavera em Nova York"}]},{"@type":"Person","@id":"https:\/\/blog.panrotas.com.br\/direto-de-ny\/#\/schema\/person\/fe0bd35397ecf261e4ee7dd767778cb5","name":"David Prado","image":{"@type":"ImageObject","@id":"https:\/\/blog.panrotas.com.br\/direto-de-ny\/#personlogo","inLanguage":"pt-BR","url":"https:\/\/secure.gravatar.com\/avatar\/eb22948ef941bdc42c77429c93ff714f?s=96&d=mm&r=g","contentUrl":"https:\/\/secure.gravatar.com\/avatar\/eb22948ef941bdc42c77429c93ff714f?s=96&d=mm&r=g","caption":"David Prado"},"sameAs":["http:\/\/blog.panrotas.com.br\/direto-de-ny"],"url":"https:\/\/blog.panrotas.com.br\/direto-de-ny\/author\/david\/"}]}},"jetpack_featured_media_url":"https:\/\/blog.panrotas.com.br\/direto-de-ny\/wp-content\/uploads\/sites\/10\/2018\/03\/IMG_1970-001.jpg","_links":{"self":[{"href":"https:\/\/blog.panrotas.com.br\/direto-de-ny\/wp-json\/wp\/v2\/posts\/52"}],"collection":[{"href":"https:\/\/blog.panrotas.com.br\/direto-de-ny\/wp-json\/wp\/v2\/posts"}],"about":[{"href":"https:\/\/blog.panrotas.com.br\/direto-de-ny\/wp-json\/wp\/v2\/types\/post"}],"author":[{"embeddable":true,"href":"https:\/\/blog.panrotas.com.br\/direto-de-ny\/wp-json\/wp\/v2\/users\/14"}],"replies":[{"embeddable":true,"href":"https:\/\/blog.panrotas.com.br\/direto-de-ny\/wp-json\/wp\/v2\/comments?post=52"}],"version-history":[{"count":0,"href":"https:\/\/blog.panrotas.com.br\/direto-de-ny\/wp-json\/wp\/v2\/posts\/52\/revisions"}],"wp:featuredmedia":[{"embeddable":true,"href":"https:\/\/blog.panrotas.com.br\/direto-de-ny\/wp-json\/wp\/v2\/media\/61"}],"wp:attachment":[{"href":"https:\/\/blog.panrotas.com.br\/direto-de-ny\/wp-json\/wp\/v2\/media?parent=52"}],"wp:term":[{"taxonomy":"category","embeddable":true,"href":"https:\/\/blog.panrotas.com.br\/direto-de-ny\/wp-json\/wp\/v2\/categories?post=52"},{"taxonomy":"post_tag","embeddable":true,"href":"https:\/\/blog.panrotas.com.br\/direto-de-ny\/wp-json\/wp\/v2\/tags?post=52"}],"curies":[{"name":"wp","href":"https:\/\/api.w.org\/{rel}","templated":true}]}}