{"id":95,"date":"2018-04-02T12:49:21","date_gmt":"2018-04-02T15:49:21","guid":{"rendered":"http:\/\/blog.panrotas.com.br\/direto-de-ny\/?p=95"},"modified":"2018-04-02T12:49:21","modified_gmt":"2018-04-02T15:49:21","slug":"a-parada-da-pascoa-em-nova-york-um-festival-de-gorros-e-chapeus","status":"publish","type":"post","link":"https:\/\/blog.panrotas.com.br\/direto-de-ny\/2018\/04\/02\/a-parada-da-pascoa-em-nova-york-um-festival-de-gorros-e-chapeus\/","title":{"rendered":"A Parada da P\u00e1scoa em Nova York \u2013 um festival de gorros e chap\u00e9us!"},"content":{"rendered":"<p>Seguindo uma tradi\u00e7\u00e3o que remonta a d\u00e9cada de 1870, o domingo de P\u00e1scoa em Nova York foi celebrado com um inusitado desfile na Quinta Avenida &#8211; a <em>Easter Parade<\/em>. Al\u00e9m de comemorar o feriado religioso, os moradores locais aproveitaram a oportunidade para festejar o in\u00edcio da primavera. Este ano os nova-iorquinos tiveram raz\u00f5es especiais para esta comemora\u00e7\u00e3o, j\u00e1 que tiveram um dos mais rigorosos invernos dos \u00faltimos tempos, com nevascas e term\u00f4metros marcando temperaturas negativas quase todos os dias. Quem passou a noite de Reveillon na Times Square sofreu com a sensa\u00e7\u00e3o t\u00e9rmica de quase 20 graus abaixo de zero. Mas agora chegou o momento de aproveitar o calor.<\/p>\n<figure id=\"attachment_107\" aria-describedby=\"caption-attachment-107\" style=\"width: 675px\" class=\"wp-caption alignnone\"><img loading=\"lazy\" class=\" wp-image-107\" src=\"http:\/\/panrotas.blog.br\/direto-de-ny\/wp-content\/uploads\/sites\/10\/2018\/04\/IMG_2132-300x225.jpg\" alt=\"\" width=\"675\" height=\"506\" srcset=\"https:\/\/blog.panrotas.com.br\/direto-de-ny\/wp-content\/uploads\/sites\/10\/2018\/04\/IMG_2132-300x225.jpg 300w, https:\/\/blog.panrotas.com.br\/direto-de-ny\/wp-content\/uploads\/sites\/10\/2018\/04\/IMG_2132-768x576.jpg 768w, https:\/\/blog.panrotas.com.br\/direto-de-ny\/wp-content\/uploads\/sites\/10\/2018\/04\/IMG_2132-1024x768.jpg 1024w, https:\/\/blog.panrotas.com.br\/direto-de-ny\/wp-content\/uploads\/sites\/10\/2018\/04\/IMG_2132-1568x1176.jpg 1568w, https:\/\/blog.panrotas.com.br\/direto-de-ny\/wp-content\/uploads\/sites\/10\/2018\/04\/IMG_2132.jpg 1600w\" sizes=\"(max-width: 675px) 100vw, 675px\" \/><figcaption id=\"caption-attachment-107\" class=\"wp-caption-text\">A concentra\u00e7\u00e3o da parada aconteceu em frente \u00e0 Catedral de St. Patrick. Ao fundo aparece o Rockefeller Center<\/figcaption><\/figure>\n<p>No domingo, 01 de abril, parece que as agruras do inverno ca\u00edram no esquecimento, quando a Quinta Avenida se coloriu com uma das mais divertidas paradas do calend\u00e1rio de Nova York, conhecida tamb\u00e9m como <em>Easter Bonnet Festival<\/em> \u2013 o Festival dos Gorros e Chap\u00e9us.<\/p>\n<figure id=\"attachment_99\" aria-describedby=\"caption-attachment-99\" style=\"width: 672px\" class=\"wp-caption alignnone\"><img loading=\"lazy\" class=\" wp-image-99\" src=\"http:\/\/panrotas.blog.br\/direto-de-ny\/wp-content\/uploads\/sites\/10\/2018\/04\/IMG_2071-300x225.jpg\" alt=\"\" width=\"672\" height=\"504\" srcset=\"https:\/\/blog.panrotas.com.br\/direto-de-ny\/wp-content\/uploads\/sites\/10\/2018\/04\/IMG_2071-300x225.jpg 300w, https:\/\/blog.panrotas.com.br\/direto-de-ny\/wp-content\/uploads\/sites\/10\/2018\/04\/IMG_2071-768x576.jpg 768w, https:\/\/blog.panrotas.com.br\/direto-de-ny\/wp-content\/uploads\/sites\/10\/2018\/04\/IMG_2071-1024x768.jpg 1024w, https:\/\/blog.panrotas.com.br\/direto-de-ny\/wp-content\/uploads\/sites\/10\/2018\/04\/IMG_2071-1568x1176.jpg 1568w, https:\/\/blog.panrotas.com.br\/direto-de-ny\/wp-content\/uploads\/sites\/10\/2018\/04\/IMG_2071.jpg 1600w\" sizes=\"(max-width: 672px) 100vw, 672px\" \/><figcaption id=\"caption-attachment-99\" class=\"wp-caption-text\">A tradi\u00e7\u00e3o do uso dos chap\u00e9us promete permanecer por muito tempo<\/figcaption><\/figure>\n<p>&nbsp;<\/p>\n<p>Esta tradi\u00e7\u00e3o come\u00e7ou na segunda metade do s\u00e9culo XIX, quando a parada era balisada pelas tr\u00eas igrejas que faziam parte do percurso: a Catedral de St. Patrick, a Igreja Episcopal da Sant\u00edssima trindade e a Igreja Episcopal de S\u00e3o Tom\u00e1s. Na ocasi\u00e3o, as igrejas enfeitavam seus santu\u00e1rios com as flores do in\u00edcio da primavera que, com o devido tempo, se tornaram s\u00edmbolos de prosperidade e passaram a fazer parte dos trajes dos celebrantes.<\/p>\n<figure id=\"attachment_110\" aria-describedby=\"caption-attachment-110\" style=\"width: 673px\" class=\"wp-caption alignnone\"><img loading=\"lazy\" class=\" wp-image-110\" src=\"http:\/\/panrotas.blog.br\/direto-de-ny\/wp-content\/uploads\/sites\/10\/2018\/04\/IMG_2146-300x225.jpg\" alt=\"\" width=\"673\" height=\"505\" srcset=\"https:\/\/blog.panrotas.com.br\/direto-de-ny\/wp-content\/uploads\/sites\/10\/2018\/04\/IMG_2146-300x225.jpg 300w, https:\/\/blog.panrotas.com.br\/direto-de-ny\/wp-content\/uploads\/sites\/10\/2018\/04\/IMG_2146-768x576.jpg 768w, https:\/\/blog.panrotas.com.br\/direto-de-ny\/wp-content\/uploads\/sites\/10\/2018\/04\/IMG_2146-1024x768.jpg 1024w, https:\/\/blog.panrotas.com.br\/direto-de-ny\/wp-content\/uploads\/sites\/10\/2018\/04\/IMG_2146-1568x1176.jpg 1568w, https:\/\/blog.panrotas.com.br\/direto-de-ny\/wp-content\/uploads\/sites\/10\/2018\/04\/IMG_2146.jpg 1600w\" sizes=\"(max-width: 673px) 100vw, 673px\" \/><figcaption id=\"caption-attachment-110\" class=\"wp-caption-text\">As amigas resolveram padronizar e criaram um belo conjunto<\/figcaption><\/figure>\n<p>Logo ap\u00f3s a Segunda Guerra, quando os Estados Unidos j\u00e1 haviam se consolidado como a mais nova superpot\u00eancia do mundo, a parada ganhou um aspecto menos religioso e mais simb\u00f3lico, sempre representando a ideia de prosperidade da na\u00e7\u00e3o. Este desfile na Quinta Avenida se tornou t\u00e3o emblem\u00e1tico que foi transformado no musical <em>Easter Parade<\/em> (1948), que teve a participa\u00e7\u00e3o de Judy Garland e Fred Astaire.<\/p>\n<figure id=\"attachment_109\" aria-describedby=\"caption-attachment-109\" style=\"width: 672px\" class=\"wp-caption alignnone\"><img loading=\"lazy\" class=\" wp-image-109\" src=\"http:\/\/panrotas.blog.br\/direto-de-ny\/wp-content\/uploads\/sites\/10\/2018\/04\/IMG_2143-300x225.jpg\" alt=\"\" width=\"672\" height=\"504\" srcset=\"https:\/\/blog.panrotas.com.br\/direto-de-ny\/wp-content\/uploads\/sites\/10\/2018\/04\/IMG_2143-300x225.jpg 300w, https:\/\/blog.panrotas.com.br\/direto-de-ny\/wp-content\/uploads\/sites\/10\/2018\/04\/IMG_2143-768x576.jpg 768w, https:\/\/blog.panrotas.com.br\/direto-de-ny\/wp-content\/uploads\/sites\/10\/2018\/04\/IMG_2143-1024x768.jpg 1024w, https:\/\/blog.panrotas.com.br\/direto-de-ny\/wp-content\/uploads\/sites\/10\/2018\/04\/IMG_2143-1568x1176.jpg 1568w, https:\/\/blog.panrotas.com.br\/direto-de-ny\/wp-content\/uploads\/sites\/10\/2018\/04\/IMG_2143.jpg 1600w\" sizes=\"(max-width: 672px) 100vw, 672px\" \/><figcaption id=\"caption-attachment-109\" class=\"wp-caption-text\">Este participante prestou uma homenagem a Fred Astaire<\/figcaption><\/figure>\n<figure id=\"attachment_106\" aria-describedby=\"caption-attachment-106\" style=\"width: 673px\" class=\"wp-caption alignnone\"><img loading=\"lazy\" class=\" wp-image-106\" src=\"http:\/\/panrotas.blog.br\/direto-de-ny\/wp-content\/uploads\/sites\/10\/2018\/04\/IMG_2124-300x225.jpg\" alt=\"\" width=\"673\" height=\"505\" srcset=\"https:\/\/blog.panrotas.com.br\/direto-de-ny\/wp-content\/uploads\/sites\/10\/2018\/04\/IMG_2124-300x225.jpg 300w, https:\/\/blog.panrotas.com.br\/direto-de-ny\/wp-content\/uploads\/sites\/10\/2018\/04\/IMG_2124-768x576.jpg 768w, https:\/\/blog.panrotas.com.br\/direto-de-ny\/wp-content\/uploads\/sites\/10\/2018\/04\/IMG_2124-1024x768.jpg 1024w, https:\/\/blog.panrotas.com.br\/direto-de-ny\/wp-content\/uploads\/sites\/10\/2018\/04\/IMG_2124-1568x1176.jpg 1568w, https:\/\/blog.panrotas.com.br\/direto-de-ny\/wp-content\/uploads\/sites\/10\/2018\/04\/IMG_2124.jpg 1600w\" sizes=\"(max-width: 673px) 100vw, 673px\" \/><figcaption id=\"caption-attachment-106\" class=\"wp-caption-text\">Alguns participantes n\u00e3o se limitaram aos chap\u00e9us e compareceram com idument\u00e1rias completas<\/figcaption><\/figure>\n<p>Este ano milhares de pessoas se reuniram em frente \u00e0 Catedral de St. Patrick, usando os mais elaborados chap\u00e9us. Adultos, crian\u00e7as e at\u00e9 mesmo os pets participaram da animada festa, mostrando a fei\u00e7\u00e3o familiar do evento. Os enfeites variavam, desde os mais simples, como as orelhinhas de coelho, at\u00e9 superprodu\u00e7\u00f5es completas, com roupas e sapatos.<\/p>\n<figure id=\"attachment_104\" aria-describedby=\"caption-attachment-104\" style=\"width: 671px\" class=\"wp-caption alignnone\"><img loading=\"lazy\" class=\" wp-image-104\" src=\"http:\/\/panrotas.blog.br\/direto-de-ny\/wp-content\/uploads\/sites\/10\/2018\/04\/IMG_2115-300x225.jpg\" alt=\"\" width=\"671\" height=\"503\" srcset=\"https:\/\/blog.panrotas.com.br\/direto-de-ny\/wp-content\/uploads\/sites\/10\/2018\/04\/IMG_2115-300x225.jpg 300w, https:\/\/blog.panrotas.com.br\/direto-de-ny\/wp-content\/uploads\/sites\/10\/2018\/04\/IMG_2115-768x576.jpg 768w, https:\/\/blog.panrotas.com.br\/direto-de-ny\/wp-content\/uploads\/sites\/10\/2018\/04\/IMG_2115-1024x768.jpg 1024w, https:\/\/blog.panrotas.com.br\/direto-de-ny\/wp-content\/uploads\/sites\/10\/2018\/04\/IMG_2115-1568x1176.jpg 1568w, https:\/\/blog.panrotas.com.br\/direto-de-ny\/wp-content\/uploads\/sites\/10\/2018\/04\/IMG_2115.jpg 1600w\" sizes=\"(max-width: 671px) 100vw, 671px\" \/><figcaption id=\"caption-attachment-104\" class=\"wp-caption-text\">O cachorrinho fantasiado foi uma das atra\u00e7\u00f5es da parada<\/figcaption><\/figure>\n<figure id=\"attachment_105\" aria-describedby=\"caption-attachment-105\" style=\"width: 668px\" class=\"wp-caption alignnone\"><img loading=\"lazy\" class=\" wp-image-105\" src=\"http:\/\/panrotas.blog.br\/direto-de-ny\/wp-content\/uploads\/sites\/10\/2018\/04\/IMG_2120-300x225.jpg\" alt=\"\" width=\"668\" height=\"501\" srcset=\"https:\/\/blog.panrotas.com.br\/direto-de-ny\/wp-content\/uploads\/sites\/10\/2018\/04\/IMG_2120-300x225.jpg 300w, https:\/\/blog.panrotas.com.br\/direto-de-ny\/wp-content\/uploads\/sites\/10\/2018\/04\/IMG_2120-768x576.jpg 768w, https:\/\/blog.panrotas.com.br\/direto-de-ny\/wp-content\/uploads\/sites\/10\/2018\/04\/IMG_2120-1024x768.jpg 1024w, https:\/\/blog.panrotas.com.br\/direto-de-ny\/wp-content\/uploads\/sites\/10\/2018\/04\/IMG_2120-1568x1176.jpg 1568w, https:\/\/blog.panrotas.com.br\/direto-de-ny\/wp-content\/uploads\/sites\/10\/2018\/04\/IMG_2120.jpg 1600w\" sizes=\"(max-width: 668px) 100vw, 668px\" \/><figcaption id=\"caption-attachment-105\" class=\"wp-caption-text\">As crian\u00e7as tamb\u00e9m aderiram ao uso dos chap\u00e9us e fizeram a festa na avenida<\/figcaption><\/figure>\n<figure id=\"attachment_100\" aria-describedby=\"caption-attachment-100\" style=\"width: 667px\" class=\"wp-caption alignnone\"><img loading=\"lazy\" class=\" wp-image-100\" src=\"http:\/\/panrotas.blog.br\/direto-de-ny\/wp-content\/uploads\/sites\/10\/2018\/04\/IMG_2085-300x225.jpg\" alt=\"\" width=\"667\" height=\"500\" srcset=\"https:\/\/blog.panrotas.com.br\/direto-de-ny\/wp-content\/uploads\/sites\/10\/2018\/04\/IMG_2085-300x225.jpg 300w, https:\/\/blog.panrotas.com.br\/direto-de-ny\/wp-content\/uploads\/sites\/10\/2018\/04\/IMG_2085-768x576.jpg 768w, https:\/\/blog.panrotas.com.br\/direto-de-ny\/wp-content\/uploads\/sites\/10\/2018\/04\/IMG_2085-1024x768.jpg 1024w, https:\/\/blog.panrotas.com.br\/direto-de-ny\/wp-content\/uploads\/sites\/10\/2018\/04\/IMG_2085-1568x1176.jpg 1568w, https:\/\/blog.panrotas.com.br\/direto-de-ny\/wp-content\/uploads\/sites\/10\/2018\/04\/IMG_2085.jpg 1600w\" sizes=\"(max-width: 667px) 100vw, 667px\" \/><figcaption id=\"caption-attachment-100\" class=\"wp-caption-text\">As orelhinhas de coelho tamb\u00e9m foram muito usadas<\/figcaption><\/figure>\n<p>Alguns participantes chamaram tanto a aten\u00e7\u00e3o do p\u00fablico que mal conseguiam sair do lugar. Faziam pose e se deixavam fotografar por uma multid\u00e3o de fot\u00f3grafos profissionais e principalmente amadores que, com seus celulares, movimentavam rapidamente suas contas de Facebook e Instagram.<\/p>\n<figure id=\"attachment_102\" aria-describedby=\"caption-attachment-102\" style=\"width: 667px\" class=\"wp-caption alignnone\"><img loading=\"lazy\" class=\" wp-image-102\" src=\"http:\/\/panrotas.blog.br\/direto-de-ny\/wp-content\/uploads\/sites\/10\/2018\/04\/IMG_2103-300x225.jpg\" alt=\"\" width=\"667\" height=\"500\" srcset=\"https:\/\/blog.panrotas.com.br\/direto-de-ny\/wp-content\/uploads\/sites\/10\/2018\/04\/IMG_2103-300x225.jpg 300w, https:\/\/blog.panrotas.com.br\/direto-de-ny\/wp-content\/uploads\/sites\/10\/2018\/04\/IMG_2103-768x576.jpg 768w, https:\/\/blog.panrotas.com.br\/direto-de-ny\/wp-content\/uploads\/sites\/10\/2018\/04\/IMG_2103-1024x768.jpg 1024w, https:\/\/blog.panrotas.com.br\/direto-de-ny\/wp-content\/uploads\/sites\/10\/2018\/04\/IMG_2103-1568x1176.jpg 1568w, https:\/\/blog.panrotas.com.br\/direto-de-ny\/wp-content\/uploads\/sites\/10\/2018\/04\/IMG_2103.jpg 1600w\" sizes=\"(max-width: 667px) 100vw, 667px\" \/><figcaption id=\"caption-attachment-102\" class=\"wp-caption-text\">As tr\u00eas senhoras fizeram sucesso e atra\u00edram uma multid\u00e3o de curiosos<\/figcaption><\/figure>\n<p>A comunidade asi\u00e1tica marcou presen\u00e7a na porta da catedral, com direito a performance e m\u00fasica. Toda a alegria da Parada do Domingo de P\u00e1scoa marcou o in\u00edcio da temporada de eventos ao ar livre que dever\u00e1 se estender at\u00e9 o outono.<\/p>\n<figure id=\"attachment_108\" aria-describedby=\"caption-attachment-108\" style=\"width: 665px\" class=\"wp-caption alignnone\"><img loading=\"lazy\" class=\" wp-image-108\" src=\"http:\/\/panrotas.blog.br\/direto-de-ny\/wp-content\/uploads\/sites\/10\/2018\/04\/IMG_2136-300x225.jpg\" alt=\"\" width=\"665\" height=\"499\" srcset=\"https:\/\/blog.panrotas.com.br\/direto-de-ny\/wp-content\/uploads\/sites\/10\/2018\/04\/IMG_2136-300x225.jpg 300w, https:\/\/blog.panrotas.com.br\/direto-de-ny\/wp-content\/uploads\/sites\/10\/2018\/04\/IMG_2136-768x576.jpg 768w, https:\/\/blog.panrotas.com.br\/direto-de-ny\/wp-content\/uploads\/sites\/10\/2018\/04\/IMG_2136-1024x768.jpg 1024w, https:\/\/blog.panrotas.com.br\/direto-de-ny\/wp-content\/uploads\/sites\/10\/2018\/04\/IMG_2136-1568x1176.jpg 1568w, https:\/\/blog.panrotas.com.br\/direto-de-ny\/wp-content\/uploads\/sites\/10\/2018\/04\/IMG_2136.jpg 1600w\" sizes=\"(max-width: 665px) 100vw, 665px\" \/><figcaption id=\"caption-attachment-108\" class=\"wp-caption-text\">A comunidade asi\u00e1tica marcou presen\u00e7a na porta da catedral<\/figcaption><\/figure>\n<div style=\"width: 320px;\" class=\"wp-video\"><!--[if lt IE 9]><script>document.createElement('video');<\/script><![endif]-->\n<video class=\"wp-video-shortcode\" id=\"video-95-1\" width=\"320\" height=\"240\" preload=\"auto\" controls=\"controls\"><source type=\"video\/mp4\" src=\"http:\/\/panrotas.blog.br\/direto-de-ny\/wp-content\/uploads\/sites\/10\/2018\/04\/20180401_105808.mp4?_=1\" \/><a href=\"http:\/\/panrotas.blog.br\/direto-de-ny\/wp-content\/uploads\/sites\/10\/2018\/04\/20180401_105808.mp4\">http:\/\/panrotas.blog.br\/direto-de-ny\/wp-content\/uploads\/sites\/10\/2018\/04\/20180401_105808.mp4<\/a><\/video><\/div>\n<p>&nbsp;<\/p>\n","protected":false},"excerpt":{"rendered":"<p>Seguindo uma tradi\u00e7\u00e3o que remonta a d\u00e9cada de 1870, o domingo de P\u00e1scoa em Nova York foi celebrado com um inusitado desfile na Quinta Avenida &#8211; a Easter Parade. Al\u00e9m de comemorar o feriado religioso, os moradores locais aproveitaram a oportunidade para festejar o in\u00edcio da primavera. Este ano os nova-iorquinos tiveram raz\u00f5es especiais para&hellip; <a class=\"more-link\" href=\"https:\/\/blog.panrotas.com.br\/direto-de-ny\/2018\/04\/02\/a-parada-da-pascoa-em-nova-york-um-festival-de-gorros-e-chapeus\/\">Continue reading &rarr;<\/a><\/p>\n","protected":false},"author":14,"featured_media":98,"comment_status":"open","ping_status":"open","sticky":false,"template":"","format":"standard","meta":{"spay_email":""},"categories":[2],"tags":[5,19,21,22],"yoast_head":"<!-- This site is optimized with the Yoast SEO plugin v17.3 - https:\/\/yoast.com\/wordpress\/plugins\/seo\/ -->\n<title>A Parada da P\u00e1scoa em Nova York \u2013 um festival de gorros e chap\u00e9us! - Direto de NY<\/title>\n<meta name=\"robots\" content=\"index, follow, max-snippet:-1, max-image-preview:large, max-video-preview:-1\" \/>\n<link rel=\"canonical\" href=\"https:\/\/blog.panrotas.com.br\/direto-de-ny\/2018\/04\/02\/a-parada-da-pascoa-em-nova-york-um-festival-de-gorros-e-chapeus\/\" \/>\n<meta property=\"og:locale\" content=\"pt_BR\" \/>\n<meta property=\"og:type\" content=\"article\" \/>\n<meta property=\"og:title\" content=\"A Parada da P\u00e1scoa em Nova York \u2013 um festival de gorros e chap\u00e9us! - Direto de NY\" \/>\n<meta property=\"og:description\" content=\"Seguindo uma tradi\u00e7\u00e3o que remonta a d\u00e9cada de 1870, o domingo de P\u00e1scoa em Nova York foi celebrado com um inusitado desfile na Quinta Avenida &#8211; a Easter Parade. Al\u00e9m de comemorar o feriado religioso, os moradores locais aproveitaram a oportunidade para festejar o in\u00edcio da primavera. Este ano os nova-iorquinos tiveram raz\u00f5es especiais para&hellip; Continue reading &rarr;\" \/>\n<meta property=\"og:url\" content=\"https:\/\/blog.panrotas.com.br\/direto-de-ny\/2018\/04\/02\/a-parada-da-pascoa-em-nova-york-um-festival-de-gorros-e-chapeus\/\" \/>\n<meta property=\"og:site_name\" content=\"Direto de NY\" \/>\n<meta property=\"article:published_time\" content=\"2018-04-02T15:49:21+00:00\" \/>\n<meta property=\"og:image\" content=\"https:\/\/blog.panrotas.com.br\/direto-de-ny\/wp-content\/uploads\/sites\/10\/2018\/04\/IMG_2061.jpg\" \/>\n\t<meta property=\"og:image:width\" content=\"1600\" \/>\n\t<meta property=\"og:image:height\" content=\"1200\" \/>\n<meta name=\"twitter:card\" content=\"summary_large_image\" \/>\n<meta name=\"twitter:label1\" content=\"Escrito por\" \/>\n\t<meta name=\"twitter:data1\" content=\"David Prado\" \/>\n\t<meta name=\"twitter:label2\" content=\"Est. tempo de leitura\" \/>\n\t<meta name=\"twitter:data2\" content=\"3 minutos\" \/>\n<script type=\"application\/ld+json\" class=\"yoast-schema-graph\">{\"@context\":\"https:\/\/schema.org\",\"@graph\":[{\"@type\":\"WebSite\",\"@id\":\"https:\/\/blog.panrotas.com.br\/direto-de-ny\/#website\",\"url\":\"https:\/\/blog.panrotas.com.br\/direto-de-ny\/\",\"name\":\"Direto de NY\",\"description\":\"Blogosfera PANROTAS\",\"potentialAction\":[{\"@type\":\"SearchAction\",\"target\":{\"@type\":\"EntryPoint\",\"urlTemplate\":\"https:\/\/blog.panrotas.com.br\/direto-de-ny\/?s={search_term_string}\"},\"query-input\":\"required name=search_term_string\"}],\"inLanguage\":\"pt-BR\"},{\"@type\":\"ImageObject\",\"@id\":\"https:\/\/blog.panrotas.com.br\/direto-de-ny\/2018\/04\/02\/a-parada-da-pascoa-em-nova-york-um-festival-de-gorros-e-chapeus\/#primaryimage\",\"inLanguage\":\"pt-BR\",\"url\":\"https:\/\/blog.panrotas.com.br\/direto-de-ny\/wp-content\/uploads\/sites\/10\/2018\/04\/IMG_2061.jpg\",\"contentUrl\":\"https:\/\/blog.panrotas.com.br\/direto-de-ny\/wp-content\/uploads\/sites\/10\/2018\/04\/IMG_2061.jpg\",\"width\":1600,\"height\":1200},{\"@type\":\"WebPage\",\"@id\":\"https:\/\/blog.panrotas.com.br\/direto-de-ny\/2018\/04\/02\/a-parada-da-pascoa-em-nova-york-um-festival-de-gorros-e-chapeus\/#webpage\",\"url\":\"https:\/\/blog.panrotas.com.br\/direto-de-ny\/2018\/04\/02\/a-parada-da-pascoa-em-nova-york-um-festival-de-gorros-e-chapeus\/\",\"name\":\"A Parada da P\\u00e1scoa em Nova York \\u2013 um festival de gorros e chap\\u00e9us! - Direto de NY\",\"isPartOf\":{\"@id\":\"https:\/\/blog.panrotas.com.br\/direto-de-ny\/#website\"},\"primaryImageOfPage\":{\"@id\":\"https:\/\/blog.panrotas.com.br\/direto-de-ny\/2018\/04\/02\/a-parada-da-pascoa-em-nova-york-um-festival-de-gorros-e-chapeus\/#primaryimage\"},\"datePublished\":\"2018-04-02T15:49:21+00:00\",\"dateModified\":\"2018-04-02T15:49:21+00:00\",\"author\":{\"@id\":\"https:\/\/blog.panrotas.com.br\/direto-de-ny\/#\/schema\/person\/fe0bd35397ecf261e4ee7dd767778cb5\"},\"breadcrumb\":{\"@id\":\"https:\/\/blog.panrotas.com.br\/direto-de-ny\/2018\/04\/02\/a-parada-da-pascoa-em-nova-york-um-festival-de-gorros-e-chapeus\/#breadcrumb\"},\"inLanguage\":\"pt-BR\",\"potentialAction\":[{\"@type\":\"ReadAction\",\"target\":[\"https:\/\/blog.panrotas.com.br\/direto-de-ny\/2018\/04\/02\/a-parada-da-pascoa-em-nova-york-um-festival-de-gorros-e-chapeus\/\"]}]},{\"@type\":\"BreadcrumbList\",\"@id\":\"https:\/\/blog.panrotas.com.br\/direto-de-ny\/2018\/04\/02\/a-parada-da-pascoa-em-nova-york-um-festival-de-gorros-e-chapeus\/#breadcrumb\",\"itemListElement\":[{\"@type\":\"ListItem\",\"position\":1,\"name\":\"In\\u00edcio\",\"item\":\"https:\/\/blog.panrotas.com.br\/direto-de-ny\/\"},{\"@type\":\"ListItem\",\"position\":2,\"name\":\"A Parada da P\\u00e1scoa em Nova York \\u2013 um festival de gorros e chap\\u00e9us!\"}]},{\"@type\":\"Person\",\"@id\":\"https:\/\/blog.panrotas.com.br\/direto-de-ny\/#\/schema\/person\/fe0bd35397ecf261e4ee7dd767778cb5\",\"name\":\"David Prado\",\"image\":{\"@type\":\"ImageObject\",\"@id\":\"https:\/\/blog.panrotas.com.br\/direto-de-ny\/#personlogo\",\"inLanguage\":\"pt-BR\",\"url\":\"https:\/\/secure.gravatar.com\/avatar\/eb22948ef941bdc42c77429c93ff714f?s=96&d=mm&r=g\",\"contentUrl\":\"https:\/\/secure.gravatar.com\/avatar\/eb22948ef941bdc42c77429c93ff714f?s=96&d=mm&r=g\",\"caption\":\"David Prado\"},\"sameAs\":[\"http:\/\/blog.panrotas.com.br\/direto-de-ny\"],\"url\":\"https:\/\/blog.panrotas.com.br\/direto-de-ny\/author\/david\/\"}]}<\/script>\n<!-- \/ Yoast SEO plugin. -->","yoast_head_json":{"title":"A Parada da P\u00e1scoa em Nova York \u2013 um festival de gorros e chap\u00e9us! - Direto de NY","robots":{"index":"index","follow":"follow","max-snippet":"max-snippet:-1","max-image-preview":"max-image-preview:large","max-video-preview":"max-video-preview:-1"},"canonical":"https:\/\/blog.panrotas.com.br\/direto-de-ny\/2018\/04\/02\/a-parada-da-pascoa-em-nova-york-um-festival-de-gorros-e-chapeus\/","og_locale":"pt_BR","og_type":"article","og_title":"A Parada da P\u00e1scoa em Nova York \u2013 um festival de gorros e chap\u00e9us! - Direto de NY","og_description":"Seguindo uma tradi\u00e7\u00e3o que remonta a d\u00e9cada de 1870, o domingo de P\u00e1scoa em Nova York foi celebrado com um inusitado desfile na Quinta Avenida &#8211; a Easter Parade. Al\u00e9m de comemorar o feriado religioso, os moradores locais aproveitaram a oportunidade para festejar o in\u00edcio da primavera. Este ano os nova-iorquinos tiveram raz\u00f5es especiais para&hellip; Continue reading &rarr;","og_url":"https:\/\/blog.panrotas.com.br\/direto-de-ny\/2018\/04\/02\/a-parada-da-pascoa-em-nova-york-um-festival-de-gorros-e-chapeus\/","og_site_name":"Direto de NY","article_published_time":"2018-04-02T15:49:21+00:00","og_image":[{"width":1600,"height":1200,"url":"https:\/\/blog.panrotas.com.br\/direto-de-ny\/wp-content\/uploads\/sites\/10\/2018\/04\/IMG_2061.jpg","type":"image\/jpeg"}],"twitter_card":"summary_large_image","twitter_misc":{"Escrito por":"David Prado","Est. tempo de leitura":"3 minutos"},"schema":{"@context":"https:\/\/schema.org","@graph":[{"@type":"WebSite","@id":"https:\/\/blog.panrotas.com.br\/direto-de-ny\/#website","url":"https:\/\/blog.panrotas.com.br\/direto-de-ny\/","name":"Direto de NY","description":"Blogosfera PANROTAS","potentialAction":[{"@type":"SearchAction","target":{"@type":"EntryPoint","urlTemplate":"https:\/\/blog.panrotas.com.br\/direto-de-ny\/?s={search_term_string}"},"query-input":"required name=search_term_string"}],"inLanguage":"pt-BR"},{"@type":"ImageObject","@id":"https:\/\/blog.panrotas.com.br\/direto-de-ny\/2018\/04\/02\/a-parada-da-pascoa-em-nova-york-um-festival-de-gorros-e-chapeus\/#primaryimage","inLanguage":"pt-BR","url":"https:\/\/blog.panrotas.com.br\/direto-de-ny\/wp-content\/uploads\/sites\/10\/2018\/04\/IMG_2061.jpg","contentUrl":"https:\/\/blog.panrotas.com.br\/direto-de-ny\/wp-content\/uploads\/sites\/10\/2018\/04\/IMG_2061.jpg","width":1600,"height":1200},{"@type":"WebPage","@id":"https:\/\/blog.panrotas.com.br\/direto-de-ny\/2018\/04\/02\/a-parada-da-pascoa-em-nova-york-um-festival-de-gorros-e-chapeus\/#webpage","url":"https:\/\/blog.panrotas.com.br\/direto-de-ny\/2018\/04\/02\/a-parada-da-pascoa-em-nova-york-um-festival-de-gorros-e-chapeus\/","name":"A Parada da P\u00e1scoa em Nova York \u2013 um festival de gorros e chap\u00e9us! - Direto de NY","isPartOf":{"@id":"https:\/\/blog.panrotas.com.br\/direto-de-ny\/#website"},"primaryImageOfPage":{"@id":"https:\/\/blog.panrotas.com.br\/direto-de-ny\/2018\/04\/02\/a-parada-da-pascoa-em-nova-york-um-festival-de-gorros-e-chapeus\/#primaryimage"},"datePublished":"2018-04-02T15:49:21+00:00","dateModified":"2018-04-02T15:49:21+00:00","author":{"@id":"https:\/\/blog.panrotas.com.br\/direto-de-ny\/#\/schema\/person\/fe0bd35397ecf261e4ee7dd767778cb5"},"breadcrumb":{"@id":"https:\/\/blog.panrotas.com.br\/direto-de-ny\/2018\/04\/02\/a-parada-da-pascoa-em-nova-york-um-festival-de-gorros-e-chapeus\/#breadcrumb"},"inLanguage":"pt-BR","potentialAction":[{"@type":"ReadAction","target":["https:\/\/blog.panrotas.com.br\/direto-de-ny\/2018\/04\/02\/a-parada-da-pascoa-em-nova-york-um-festival-de-gorros-e-chapeus\/"]}]},{"@type":"BreadcrumbList","@id":"https:\/\/blog.panrotas.com.br\/direto-de-ny\/2018\/04\/02\/a-parada-da-pascoa-em-nova-york-um-festival-de-gorros-e-chapeus\/#breadcrumb","itemListElement":[{"@type":"ListItem","position":1,"name":"In\u00edcio","item":"https:\/\/blog.panrotas.com.br\/direto-de-ny\/"},{"@type":"ListItem","position":2,"name":"A Parada da P\u00e1scoa em Nova York \u2013 um festival de gorros e chap\u00e9us!"}]},{"@type":"Person","@id":"https:\/\/blog.panrotas.com.br\/direto-de-ny\/#\/schema\/person\/fe0bd35397ecf261e4ee7dd767778cb5","name":"David Prado","image":{"@type":"ImageObject","@id":"https:\/\/blog.panrotas.com.br\/direto-de-ny\/#personlogo","inLanguage":"pt-BR","url":"https:\/\/secure.gravatar.com\/avatar\/eb22948ef941bdc42c77429c93ff714f?s=96&d=mm&r=g","contentUrl":"https:\/\/secure.gravatar.com\/avatar\/eb22948ef941bdc42c77429c93ff714f?s=96&d=mm&r=g","caption":"David Prado"},"sameAs":["http:\/\/blog.panrotas.com.br\/direto-de-ny"],"url":"https:\/\/blog.panrotas.com.br\/direto-de-ny\/author\/david\/"}]}},"jetpack_featured_media_url":"https:\/\/blog.panrotas.com.br\/direto-de-ny\/wp-content\/uploads\/sites\/10\/2018\/04\/IMG_2061.jpg","_links":{"self":[{"href":"https:\/\/blog.panrotas.com.br\/direto-de-ny\/wp-json\/wp\/v2\/posts\/95"}],"collection":[{"href":"https:\/\/blog.panrotas.com.br\/direto-de-ny\/wp-json\/wp\/v2\/posts"}],"about":[{"href":"https:\/\/blog.panrotas.com.br\/direto-de-ny\/wp-json\/wp\/v2\/types\/post"}],"author":[{"embeddable":true,"href":"https:\/\/blog.panrotas.com.br\/direto-de-ny\/wp-json\/wp\/v2\/users\/14"}],"replies":[{"embeddable":true,"href":"https:\/\/blog.panrotas.com.br\/direto-de-ny\/wp-json\/wp\/v2\/comments?post=95"}],"version-history":[{"count":0,"href":"https:\/\/blog.panrotas.com.br\/direto-de-ny\/wp-json\/wp\/v2\/posts\/95\/revisions"}],"wp:featuredmedia":[{"embeddable":true,"href":"https:\/\/blog.panrotas.com.br\/direto-de-ny\/wp-json\/wp\/v2\/media\/98"}],"wp:attachment":[{"href":"https:\/\/blog.panrotas.com.br\/direto-de-ny\/wp-json\/wp\/v2\/media?parent=95"}],"wp:term":[{"taxonomy":"category","embeddable":true,"href":"https:\/\/blog.panrotas.com.br\/direto-de-ny\/wp-json\/wp\/v2\/categories?post=95"},{"taxonomy":"post_tag","embeddable":true,"href":"https:\/\/blog.panrotas.com.br\/direto-de-ny\/wp-json\/wp\/v2\/tags?post=95"}],"curies":[{"name":"wp","href":"https:\/\/api.w.org\/{rel}","templated":true}]}}