{"id":1014,"date":"2015-01-13T14:58:34","date_gmt":"2015-01-13T16:58:34","guid":{"rendered":"http:\/\/blog.panrotas.com.br\/direto-de-paris\/?p=1014"},"modified":"2015-01-13T14:58:34","modified_gmt":"2015-01-13T16:58:34","slug":"nao-temos-medo","status":"publish","type":"post","link":"https:\/\/blog.panrotas.com.br\/direto-de-paris\/2015\/01\/13\/nao-temos-medo\/","title":{"rendered":"N\u00e3o temos medo!"},"content":{"rendered":"<p>Voc\u00ea deve ter ouvido falar de Paris e da Fran\u00e7a nesta \u00faltima semana mais do que ouviu em toda sua vida. E apesar de tantas imagens e trabalho jornal\u00edstico \u00e9 dif\u00edcil transmitir a febre \u201cJe suis Charlie\u201d que assolou o pa\u00eds.<\/p>\n<p>Mas quem \u00e9 <em>Charlie Hebdo<\/em>? Sua hist\u00f3ria come\u00e7a em 1960 com a funda\u00e7\u00e3o por Georges Bernier e Fran\u00e7ois Cavanna da casa de edi\u00e7\u00f5es <em>Hara-Kiri<\/em> e do jornal sat\u00edrico do mesmo nome. Com <em>L\u2019Hebdo Hara-Kiri<\/em> um grupo de jovens jornalistas come\u00e7a a militar contra tudo que possa levar a qualquer tipo de aliena\u00e7\u00e3o: radicalismo de direita, assim como de esquerda, radicalismo religioso, o catolicismo, o islamismo, o juda\u00edsmo, a classe politica francesa, id\u00e9ias econ\u00f4micas ultrapassadas, enfim, ningu\u00e9m fica ileso.\u00a0\u00a0Durante sua exist\u00eancia <em>L\u2019Hebdo <\/em><em>Hara-Kiri<\/em> foi interditado v\u00e1rias vezes. Inclusive o primeiro <em>Charlie Hebdo<\/em> nasceu como\u00a0ast\u00facia<span class=\"varpt\"><b>\u00a0<\/b><\/span>para driblar uma destas interdi\u00e7\u00f5es do <em>Hebdo <\/em><em>Hara-Kiri<\/em> <em>.<\/em><\/p>\n<p>Assim sendo, desde sua cria\u00e7\u00e3o, o jornal semanal se ataca livremente a todos sem defender uma\u00a0 linha \u00fanica de pensamento e provavelmente por esta mesma raz\u00e3o tem seu percurso pontuado de\u00a0interdi\u00e7\u00f5es, de pequenas desaven\u00e7as internas e demiss\u00f5es at\u00e9 seu fechamento em 1981.<\/p>\n<p>Em 1992, os jornalistas e cartunistas Philipe Val, Cabu, Wolinski e Geb\u00e9, ex colaboradores de\u00a0<em> Hara-Kiri<\/em>, criam a casa de edi\u00e7\u00f5es <em>Les <\/em><em>\u00c9ditions <\/em><em>Kalachnikof<\/em> e relan\u00e7am o jornal <em>Charlie Hebdo<\/em>. Desta vez, como propriet\u00e1rios majorit\u00e1rios e em companhia de col\u00e9gas como Cavanna, Sin\u00e9,\u00a0Charb, Tignous, Honor\u00e9, os bons tempos de milit\u00e2ncia jornal\u00edstica\u00a0estavam de\u00a0volta.<\/p>\n<figure id=\"attachment_1019\" aria-describedby=\"caption-attachment-1019\" style=\"width: 218px\" class=\"wp-caption alignnone\"><a href=\"http:\/\/blog.panrotas.com.br\/direto-de-paris\/wp-content\/uploads\/2015\/01\/Charge-Charlie.jpg\"><img loading=\"lazy\" class=\"size-medium wp-image-1019\" src=\"http:\/\/blog.panrotas.com.br\/direto-de-paris\/wp-content\/uploads\/2015\/01\/Charge-Charlie-218x300.jpg\" alt=\"Paris Je suis Charlie\" width=\"218\" height=\"300\" srcset=\"https:\/\/blog.panrotas.com.br\/direto-de-paris\/wp-content\/uploads\/sites\/26\/2015\/01\/Charge-Charlie-218x300.jpg 218w, https:\/\/blog.panrotas.com.br\/direto-de-paris\/wp-content\/uploads\/sites\/26\/2015\/01\/Charge-Charlie.jpg 400w\" sizes=\"(max-width: 218px) 100vw, 218px\" \/><\/a><figcaption id=\"caption-attachment-1019\" class=\"wp-caption-text\">Processos judiciais sempre fizeram parte da vida da revista<\/figcaption><\/figure>\n<p>Esses homens resolveram lutar com humor e l\u00e1pis em punho contra a estupidez humana e com sua milit\u00e2ncia corajosa e impudica j\u00e1 haviam ofendido quase todo mundo por aqui.<\/p>\n<p>Os nomes de suas casas de edi\u00e7\u00f5es (uma primeira <em>Hara-Kiri<\/em> e a segunda <em>Kalachnikof<\/em>) deviam-se a escolhas humor\u00edsticas, mas h\u00e1 quem diga que at\u00e9 para entender humor \u00e9 preciso ser inteligente. Ali\u00e1s, quais n\u00e3o s\u00e3o as outras qualidades humanas necess\u00e1rias para um Ser\u00a0rir de si mesmo? Ou ainda, questionar suas cren\u00e7as sejam elas quais forem?<\/p>\n<p>Artur, ser\u00e1 mesmo que n\u00e3o devemos escrever sobre religi\u00e3o?<\/p>\n<p>Pol\u00eamicas a parte, conto a trajet\u00f3ria de <em>Charlie Hebdo<\/em> para matar uma eventual curiosidade que considero natural por parte do leitor. Por\u00e9m reitero, sem diminuir a tristeza e gravidade das 17 mortes em 2 dias, destes eventos o que mais me marcou foi o civismo, a\u00a0fant\u00e1stica rea\u00e7\u00e3o do povo para defender os valores chamados &#8220;Republicanos&#8221;.<\/p>\n<p>Fiquei tamb\u00e9m impressionada com o tamanho da maquina estatal antiterrorismo. Vindo \u00e0 Paris n\u00e3o se assuste com a vigil\u00e2ncia intensa. O plano Vigipirate existe h\u00e1 mais de vinte anos e a presen\u00e7a de policiamento assegura os habitantes. Por isso n\u00e3o se preocupe, pode vir ou enviar turistas sim. Infelizmente h\u00e1 mais viol\u00eancia\u00a0atrav\u00e9s do mundo, sobre a qual n\u00e3o escutaremos hoje na televis\u00e3o, do que h\u00e1 por aqui.<\/p>\n<figure id=\"attachment_1016\" aria-describedby=\"caption-attachment-1016\" style=\"width: 300px\" class=\"wp-caption alignnone\"><a href=\"http:\/\/blog.panrotas.com.br\/direto-de-paris\/wp-content\/uploads\/2015\/01\/info_2_0.jpg\"><img loading=\"lazy\" class=\"wp-image-1016 size-medium\" src=\"http:\/\/blog.panrotas.com.br\/direto-de-paris\/wp-content\/uploads\/2015\/01\/info_2_0-300x225.jpg\" alt=\"Amea\u00e7a eminente, medidas tempor\u00e1rias \" width=\"300\" height=\"225\" srcset=\"https:\/\/blog.panrotas.com.br\/direto-de-paris\/wp-content\/uploads\/sites\/26\/2015\/01\/info_2_0-300x225.jpg 300w, https:\/\/blog.panrotas.com.br\/direto-de-paris\/wp-content\/uploads\/sites\/26\/2015\/01\/info_2_0-768x576.jpg 768w, https:\/\/blog.panrotas.com.br\/direto-de-paris\/wp-content\/uploads\/sites\/26\/2015\/01\/info_2_0.jpg 960w\" sizes=\"(max-width: 300px) 100vw, 300px\" \/><\/a><figcaption id=\"caption-attachment-1016\" class=\"wp-caption-text\">Amea\u00e7a eminente, medidas tempor\u00e1rias<\/figcaption><\/figure>\n<figure id=\"attachment_1015\" aria-describedby=\"caption-attachment-1015\" style=\"width: 300px\" class=\"wp-caption alignnone\"><a href=\"http:\/\/blog.panrotas.com.br\/direto-de-paris\/wp-content\/uploads\/2015\/01\/info.jpg\"><img loading=\"lazy\" class=\"wp-image-1015 size-medium\" src=\"http:\/\/blog.panrotas.com.br\/direto-de-paris\/wp-content\/uploads\/2015\/01\/info-300x225.jpg\" alt=\"Refor\u00e7o em caso de organiza\u00e7o de evento esportivo internacional\" width=\"300\" height=\"225\" srcset=\"https:\/\/blog.panrotas.com.br\/direto-de-paris\/wp-content\/uploads\/sites\/26\/2015\/01\/info-300x225.jpg 300w, https:\/\/blog.panrotas.com.br\/direto-de-paris\/wp-content\/uploads\/sites\/26\/2015\/01\/info-768x576.jpg 768w, https:\/\/blog.panrotas.com.br\/direto-de-paris\/wp-content\/uploads\/sites\/26\/2015\/01\/info.jpg 960w\" sizes=\"(max-width: 300px) 100vw, 300px\" \/><\/a><figcaption id=\"caption-attachment-1015\" class=\"wp-caption-text\">Refor\u00e7o em caso de organiza\u00e7\u00e3o de evento esportivo internacional<\/figcaption><\/figure>\n<figure id=\"attachment_1017\" aria-describedby=\"caption-attachment-1017\" style=\"width: 300px\" class=\"wp-caption alignnone\"><a href=\"http:\/\/blog.panrotas.com.br\/direto-de-paris\/wp-content\/uploads\/2015\/01\/info_2_3.jpg\"><img loading=\"lazy\" class=\"wp-image-1017 size-medium\" src=\"http:\/\/blog.panrotas.com.br\/direto-de-paris\/wp-content\/uploads\/2015\/01\/info_2_3-300x225.jpg\" alt=\"Postura permanete de seguran\u00e7a \" width=\"300\" height=\"225\" srcset=\"https:\/\/blog.panrotas.com.br\/direto-de-paris\/wp-content\/uploads\/sites\/26\/2015\/01\/info_2_3-300x225.jpg 300w, https:\/\/blog.panrotas.com.br\/direto-de-paris\/wp-content\/uploads\/sites\/26\/2015\/01\/info_2_3-768x576.jpg 768w, https:\/\/blog.panrotas.com.br\/direto-de-paris\/wp-content\/uploads\/sites\/26\/2015\/01\/info_2_3.jpg 960w\" sizes=\"(max-width: 300px) 100vw, 300px\" \/><\/a><figcaption id=\"caption-attachment-1017\" class=\"wp-caption-text\">Postura permanete de seguran\u00e7a<\/figcaption><\/figure>\n<p><em>Charlie Hebdo<\/em> est\u00e1 sendo produzido nos locais do <em>Jornal Libera\u00e7\u00e3o<\/em> e ser\u00e1 publicado nesta quarta-feira dia 14 de Janeiro em tr\u00eas milh\u00f5es de exemplares. Na capa um personagem que pode ser identificado como o profeta Maomet segura uma placa na m\u00e3o \u201cJe suis Charlie\u201d e o titulo acima \u00e9 a frase Tudo Esta Perdoado.<\/p>\n<p><a href=\"http:\/\/www.liberation.fr\/societe\/2015\/01\/12\/mahomet-en-une-du-charlie-hebdo-de-mercredi_1179193\">Capa Charlie Hebdo desta 4\u00b0 feira, 14 de Janeiro 2015_ Jornal Liberation<\/a><\/p>\n<p>Ah! Muitas outras coisas acontecem por aqui: As grandes liquida\u00e7\u00f5es de inverno, por exemplo,\u00a0j\u00e1 come\u00e7aram e v\u00e3o at\u00e9 dia 17 de fevereiro. Imperd\u00edveis!<\/p>\n","protected":false},"excerpt":{"rendered":"<p>Voc\u00ea deve ter ouvido falar de Paris e da Fran\u00e7a nesta \u00faltima semana mais do que ouviu em toda sua vida. E apesar de tantas imagens e trabalho jornal\u00edstico \u00e9 dif\u00edcil transmitir a febre \u201cJe suis Charlie\u201d que assolou o pa\u00eds. Mas quem \u00e9 Charlie Hebdo? Sua hist\u00f3ria come\u00e7a em 1960 com a funda\u00e7\u00e3o por&hellip; <a class=\"more-link\" href=\"https:\/\/blog.panrotas.com.br\/direto-de-paris\/2015\/01\/13\/nao-temos-medo\/\">Continue reading &rarr;<\/a><\/p>\n","protected":false},"author":15,"featured_media":0,"comment_status":"open","ping_status":"open","sticky":false,"template":"","format":"standard","meta":{"spay_email":""},"categories":[44],"tags":[],"yoast_head":"<!-- This site is optimized with the Yoast SEO plugin v17.3 - https:\/\/yoast.com\/wordpress\/plugins\/seo\/ -->\n<title>N\u00e3o temos medo! - Direto de Paris<\/title>\n<meta name=\"robots\" content=\"index, follow, max-snippet:-1, max-image-preview:large, max-video-preview:-1\" \/>\n<link rel=\"canonical\" href=\"https:\/\/blog.panrotas.com.br\/direto-de-paris\/2015\/01\/13\/nao-temos-medo\/\" \/>\n<meta property=\"og:locale\" content=\"pt_BR\" \/>\n<meta property=\"og:type\" content=\"article\" \/>\n<meta property=\"og:title\" content=\"N\u00e3o temos medo! - Direto de Paris\" \/>\n<meta property=\"og:description\" content=\"Voc\u00ea deve ter ouvido falar de Paris e da Fran\u00e7a nesta \u00faltima semana mais do que ouviu em toda sua vida. E apesar de tantas imagens e trabalho jornal\u00edstico \u00e9 dif\u00edcil transmitir a febre \u201cJe suis Charlie\u201d que assolou o pa\u00eds. Mas quem \u00e9 Charlie Hebdo? Sua hist\u00f3ria come\u00e7a em 1960 com a funda\u00e7\u00e3o por&hellip; Continue reading &rarr;\" \/>\n<meta property=\"og:url\" content=\"https:\/\/blog.panrotas.com.br\/direto-de-paris\/2015\/01\/13\/nao-temos-medo\/\" \/>\n<meta property=\"og:site_name\" content=\"Direto de Paris\" \/>\n<meta property=\"article:author\" content=\"https:\/\/www.facebook.com\/Passeiosemparis\/\" \/>\n<meta property=\"article:published_time\" content=\"2015-01-13T16:58:34+00:00\" \/>\n<meta property=\"og:image\" content=\"http:\/\/blog.panrotas.com.br\/direto-de-paris\/wp-content\/uploads\/2015\/01\/Charge-Charlie-218x300.jpg\" \/>\n<meta name=\"twitter:card\" content=\"summary_large_image\" \/>\n<meta name=\"twitter:label1\" content=\"Escrito por\" \/>\n\t<meta name=\"twitter:data1\" content=\"Silvia Helena\" \/>\n\t<meta name=\"twitter:label2\" content=\"Est. tempo de leitura\" \/>\n\t<meta name=\"twitter:data2\" content=\"3 minutos\" \/>\n<script type=\"application\/ld+json\" class=\"yoast-schema-graph\">{\"@context\":\"https:\/\/schema.org\",\"@graph\":[{\"@type\":\"WebSite\",\"@id\":\"https:\/\/blog.panrotas.com.br\/direto-de-paris\/#website\",\"url\":\"https:\/\/blog.panrotas.com.br\/direto-de-paris\/\",\"name\":\"Direto de Paris\",\"description\":\"Blogosfera PANROTAS\",\"potentialAction\":[{\"@type\":\"SearchAction\",\"target\":{\"@type\":\"EntryPoint\",\"urlTemplate\":\"https:\/\/blog.panrotas.com.br\/direto-de-paris\/?s={search_term_string}\"},\"query-input\":\"required name=search_term_string\"}],\"inLanguage\":\"pt-BR\"},{\"@type\":\"ImageObject\",\"@id\":\"https:\/\/blog.panrotas.com.br\/direto-de-paris\/2015\/01\/13\/nao-temos-medo\/#primaryimage\",\"inLanguage\":\"pt-BR\",\"url\":\"http:\/\/blog.panrotas.com.br\/direto-de-paris\/wp-content\/uploads\/2015\/01\/Charge-Charlie-218x300.jpg\",\"contentUrl\":\"http:\/\/blog.panrotas.com.br\/direto-de-paris\/wp-content\/uploads\/2015\/01\/Charge-Charlie-218x300.jpg\"},{\"@type\":\"WebPage\",\"@id\":\"https:\/\/blog.panrotas.com.br\/direto-de-paris\/2015\/01\/13\/nao-temos-medo\/#webpage\",\"url\":\"https:\/\/blog.panrotas.com.br\/direto-de-paris\/2015\/01\/13\/nao-temos-medo\/\",\"name\":\"N\\u00e3o temos medo! - Direto de Paris\",\"isPartOf\":{\"@id\":\"https:\/\/blog.panrotas.com.br\/direto-de-paris\/#website\"},\"primaryImageOfPage\":{\"@id\":\"https:\/\/blog.panrotas.com.br\/direto-de-paris\/2015\/01\/13\/nao-temos-medo\/#primaryimage\"},\"datePublished\":\"2015-01-13T16:58:34+00:00\",\"dateModified\":\"2015-01-13T16:58:34+00:00\",\"author\":{\"@id\":\"https:\/\/blog.panrotas.com.br\/direto-de-paris\/#\/schema\/person\/0137bff12a66d9bd80e250aa2c7000b3\"},\"breadcrumb\":{\"@id\":\"https:\/\/blog.panrotas.com.br\/direto-de-paris\/2015\/01\/13\/nao-temos-medo\/#breadcrumb\"},\"inLanguage\":\"pt-BR\",\"potentialAction\":[{\"@type\":\"ReadAction\",\"target\":[\"https:\/\/blog.panrotas.com.br\/direto-de-paris\/2015\/01\/13\/nao-temos-medo\/\"]}]},{\"@type\":\"BreadcrumbList\",\"@id\":\"https:\/\/blog.panrotas.com.br\/direto-de-paris\/2015\/01\/13\/nao-temos-medo\/#breadcrumb\",\"itemListElement\":[{\"@type\":\"ListItem\",\"position\":1,\"name\":\"In\\u00edcio\",\"item\":\"https:\/\/blog.panrotas.com.br\/direto-de-paris\/\"},{\"@type\":\"ListItem\",\"position\":2,\"name\":\"N\\u00e3o temos medo!\"}]},{\"@type\":\"Person\",\"@id\":\"https:\/\/blog.panrotas.com.br\/direto-de-paris\/#\/schema\/person\/0137bff12a66d9bd80e250aa2c7000b3\",\"name\":\"Silvia Helena\",\"image\":{\"@type\":\"ImageObject\",\"@id\":\"https:\/\/blog.panrotas.com.br\/direto-de-paris\/#personlogo\",\"inLanguage\":\"pt-BR\",\"url\":\"https:\/\/secure.gravatar.com\/avatar\/0278ededd1c842496785759e4fa61c99?s=96&d=mm&r=g\",\"contentUrl\":\"https:\/\/secure.gravatar.com\/avatar\/0278ededd1c842496785759e4fa61c99?s=96&d=mm&r=g\",\"caption\":\"Silvia Helena\"},\"description\":\"Ap\\u00f3s breves passagens pela Faculdade Metodista de S\\u00e3o Bernardo e Belas Artes de S\\u00e3o Paulo, aos 18 anos fui estudar no Canad\\u00e1, onde vivi durante 23 anos. L\\u00e1 me formei em Hist\\u00f3ria da Arte pela Universidade de Montr\\u00e9al, estudei turismo no Coll\\u00e8ge Lasalle de Montr\\u00e9al e no Institut de Tourisme et H\\u00f4tellerie du Qu\\u00e9bec. Comecei minha carreira na \\u00e1rea trabalhando em Cuba. Durante os anos vividos no Canad\\u00e1, entre outras coisas, fui guia de circuitos pela costa leste e abri minha primeira ag\\u00eancia de receptivo para brasileiros. H\\u00e1 18 anos um vento forte bateu nas velas da minha vida me conduzindo at\\u00e9 Fran\\u00e7a. Atualmente escrevo de Paris, onde vivo e trabalho dirigindo a empresa de receptivo, LA BELLE VIE.\",\"sameAs\":[\"http:\/\/brasileirosemparis.com\",\"https:\/\/www.facebook.com\/Passeiosemparis\/\",\"https:\/\/www.instagram.com\/labellevietour\",\"https:\/\/www.linkedin.com\/in\/silvia-helena-96864a17\/\"],\"url\":\"https:\/\/blog.panrotas.com.br\/direto-de-paris\/author\/silvia\/\"}]}<\/script>\n<!-- \/ Yoast SEO plugin. -->","yoast_head_json":{"title":"N\u00e3o temos medo! - Direto de Paris","robots":{"index":"index","follow":"follow","max-snippet":"max-snippet:-1","max-image-preview":"max-image-preview:large","max-video-preview":"max-video-preview:-1"},"canonical":"https:\/\/blog.panrotas.com.br\/direto-de-paris\/2015\/01\/13\/nao-temos-medo\/","og_locale":"pt_BR","og_type":"article","og_title":"N\u00e3o temos medo! - Direto de Paris","og_description":"Voc\u00ea deve ter ouvido falar de Paris e da Fran\u00e7a nesta \u00faltima semana mais do que ouviu em toda sua vida. E apesar de tantas imagens e trabalho jornal\u00edstico \u00e9 dif\u00edcil transmitir a febre \u201cJe suis Charlie\u201d que assolou o pa\u00eds. Mas quem \u00e9 Charlie Hebdo? Sua hist\u00f3ria come\u00e7a em 1960 com a funda\u00e7\u00e3o por&hellip; Continue reading &rarr;","og_url":"https:\/\/blog.panrotas.com.br\/direto-de-paris\/2015\/01\/13\/nao-temos-medo\/","og_site_name":"Direto de Paris","article_author":"https:\/\/www.facebook.com\/Passeiosemparis\/","article_published_time":"2015-01-13T16:58:34+00:00","og_image":[{"url":"http:\/\/blog.panrotas.com.br\/direto-de-paris\/wp-content\/uploads\/2015\/01\/Charge-Charlie-218x300.jpg"}],"twitter_card":"summary_large_image","twitter_misc":{"Escrito por":"Silvia Helena","Est. tempo de leitura":"3 minutos"},"schema":{"@context":"https:\/\/schema.org","@graph":[{"@type":"WebSite","@id":"https:\/\/blog.panrotas.com.br\/direto-de-paris\/#website","url":"https:\/\/blog.panrotas.com.br\/direto-de-paris\/","name":"Direto de Paris","description":"Blogosfera PANROTAS","potentialAction":[{"@type":"SearchAction","target":{"@type":"EntryPoint","urlTemplate":"https:\/\/blog.panrotas.com.br\/direto-de-paris\/?s={search_term_string}"},"query-input":"required name=search_term_string"}],"inLanguage":"pt-BR"},{"@type":"ImageObject","@id":"https:\/\/blog.panrotas.com.br\/direto-de-paris\/2015\/01\/13\/nao-temos-medo\/#primaryimage","inLanguage":"pt-BR","url":"http:\/\/blog.panrotas.com.br\/direto-de-paris\/wp-content\/uploads\/2015\/01\/Charge-Charlie-218x300.jpg","contentUrl":"http:\/\/blog.panrotas.com.br\/direto-de-paris\/wp-content\/uploads\/2015\/01\/Charge-Charlie-218x300.jpg"},{"@type":"WebPage","@id":"https:\/\/blog.panrotas.com.br\/direto-de-paris\/2015\/01\/13\/nao-temos-medo\/#webpage","url":"https:\/\/blog.panrotas.com.br\/direto-de-paris\/2015\/01\/13\/nao-temos-medo\/","name":"N\u00e3o temos medo! - Direto de Paris","isPartOf":{"@id":"https:\/\/blog.panrotas.com.br\/direto-de-paris\/#website"},"primaryImageOfPage":{"@id":"https:\/\/blog.panrotas.com.br\/direto-de-paris\/2015\/01\/13\/nao-temos-medo\/#primaryimage"},"datePublished":"2015-01-13T16:58:34+00:00","dateModified":"2015-01-13T16:58:34+00:00","author":{"@id":"https:\/\/blog.panrotas.com.br\/direto-de-paris\/#\/schema\/person\/0137bff12a66d9bd80e250aa2c7000b3"},"breadcrumb":{"@id":"https:\/\/blog.panrotas.com.br\/direto-de-paris\/2015\/01\/13\/nao-temos-medo\/#breadcrumb"},"inLanguage":"pt-BR","potentialAction":[{"@type":"ReadAction","target":["https:\/\/blog.panrotas.com.br\/direto-de-paris\/2015\/01\/13\/nao-temos-medo\/"]}]},{"@type":"BreadcrumbList","@id":"https:\/\/blog.panrotas.com.br\/direto-de-paris\/2015\/01\/13\/nao-temos-medo\/#breadcrumb","itemListElement":[{"@type":"ListItem","position":1,"name":"In\u00edcio","item":"https:\/\/blog.panrotas.com.br\/direto-de-paris\/"},{"@type":"ListItem","position":2,"name":"N\u00e3o temos medo!"}]},{"@type":"Person","@id":"https:\/\/blog.panrotas.com.br\/direto-de-paris\/#\/schema\/person\/0137bff12a66d9bd80e250aa2c7000b3","name":"Silvia Helena","image":{"@type":"ImageObject","@id":"https:\/\/blog.panrotas.com.br\/direto-de-paris\/#personlogo","inLanguage":"pt-BR","url":"https:\/\/secure.gravatar.com\/avatar\/0278ededd1c842496785759e4fa61c99?s=96&d=mm&r=g","contentUrl":"https:\/\/secure.gravatar.com\/avatar\/0278ededd1c842496785759e4fa61c99?s=96&d=mm&r=g","caption":"Silvia Helena"},"description":"Ap\u00f3s breves passagens pela Faculdade Metodista de S\u00e3o Bernardo e Belas Artes de S\u00e3o Paulo, aos 18 anos fui estudar no Canad\u00e1, onde vivi durante 23 anos. L\u00e1 me formei em Hist\u00f3ria da Arte pela Universidade de Montr\u00e9al, estudei turismo no Coll\u00e8ge Lasalle de Montr\u00e9al e no Institut de Tourisme et H\u00f4tellerie du Qu\u00e9bec. Comecei minha carreira na \u00e1rea trabalhando em Cuba. Durante os anos vividos no Canad\u00e1, entre outras coisas, fui guia de circuitos pela costa leste e abri minha primeira ag\u00eancia de receptivo para brasileiros. H\u00e1 18 anos um vento forte bateu nas velas da minha vida me conduzindo at\u00e9 Fran\u00e7a. Atualmente escrevo de Paris, onde vivo e trabalho dirigindo a empresa de receptivo, LA BELLE VIE.","sameAs":["http:\/\/brasileirosemparis.com","https:\/\/www.facebook.com\/Passeiosemparis\/","https:\/\/www.instagram.com\/labellevietour","https:\/\/www.linkedin.com\/in\/silvia-helena-96864a17\/"],"url":"https:\/\/blog.panrotas.com.br\/direto-de-paris\/author\/silvia\/"}]}},"jetpack_featured_media_url":"","_links":{"self":[{"href":"https:\/\/blog.panrotas.com.br\/direto-de-paris\/wp-json\/wp\/v2\/posts\/1014"}],"collection":[{"href":"https:\/\/blog.panrotas.com.br\/direto-de-paris\/wp-json\/wp\/v2\/posts"}],"about":[{"href":"https:\/\/blog.panrotas.com.br\/direto-de-paris\/wp-json\/wp\/v2\/types\/post"}],"author":[{"embeddable":true,"href":"https:\/\/blog.panrotas.com.br\/direto-de-paris\/wp-json\/wp\/v2\/users\/15"}],"replies":[{"embeddable":true,"href":"https:\/\/blog.panrotas.com.br\/direto-de-paris\/wp-json\/wp\/v2\/comments?post=1014"}],"version-history":[{"count":0,"href":"https:\/\/blog.panrotas.com.br\/direto-de-paris\/wp-json\/wp\/v2\/posts\/1014\/revisions"}],"wp:attachment":[{"href":"https:\/\/blog.panrotas.com.br\/direto-de-paris\/wp-json\/wp\/v2\/media?parent=1014"}],"wp:term":[{"taxonomy":"category","embeddable":true,"href":"https:\/\/blog.panrotas.com.br\/direto-de-paris\/wp-json\/wp\/v2\/categories?post=1014"},{"taxonomy":"post_tag","embeddable":true,"href":"https:\/\/blog.panrotas.com.br\/direto-de-paris\/wp-json\/wp\/v2\/tags?post=1014"}],"curies":[{"name":"wp","href":"https:\/\/api.w.org\/{rel}","templated":true}]}}