{"id":1042,"date":"2015-01-21T08:15:39","date_gmt":"2015-01-21T10:15:39","guid":{"rendered":"http:\/\/blog.panrotas.com.br\/direto-de-paris\/?p=1042"},"modified":"2015-01-21T08:15:39","modified_gmt":"2015-01-21T10:15:39","slug":"bombando-em-paris-ninguem-fica-ileso","status":"publish","type":"post","link":"https:\/\/blog.panrotas.com.br\/direto-de-paris\/2015\/01\/21\/bombando-em-paris-ninguem-fica-ileso\/","title":{"rendered":"Bombando em Paris, ningu\u00e9m fica ileso."},"content":{"rendered":"<p>O problema com eventos recorrentes \u00e9 que est\u00e3o ficando cada vez mais perto um do outro. Que fique claro, as liquida\u00e7\u00f5es s\u00e3o sempre em julho e janeiro, mas parece que as liquida\u00e7\u00f5es de julho foram ontem!<\/p>\n<p>N\u00e3o importa, mesmo tendo falado destas liquida\u00e7\u00f5es &#8220;ainda ontem&#8221;, vou dar destaque novamente. Vou falar de novo porque acho que o mercado de viagens ai no Brasil ainda n\u00e3o captou a import\u00e2ncia do acontecimento.<\/p>\n<p>O Brasil tem um turismo emissivo de compras muito forte. H\u00e1 junto aos brasileiros\u00a0uma grande vontade de comprar artigos franceses e um medo inversamente proporcional dos pre\u00e7os destes mesmos artigos. E de repente chega a hora de poder comprar, bem em meio \u00e0 nossas f\u00e9rias escolares e somente poucos habitu\u00e9s se lembram disso e aproveitam desta oportunidade incr\u00edvel.<\/p>\n<p>No entanto\u00a0as duas liquida\u00e7\u00f5es anuais s\u00e3o esperadas impacientemente pelos franceses.<\/p>\n<p>Em Paris as lojas e shoppings est\u00e3o em festa. Cada parisiense tem sua raz\u00e3o para aproveitar, que pode ela ser: a chegada do momento de renovar o guarda-roupa; ou a vontade de comprar aquela pe\u00e7a que est\u00e1 faltando; buscar aquele item\u00a0que \u201cnamorou\u201d meses esperando poder pagar com a rebaixa de pre\u00e7os; fu\u00e7ar para encontrar aquele modelito de marca super meglablaster a \u00bc do pre\u00e7o; fazer o guarda roupa anual das crian\u00e7as; ou simplesmente \u201cfaire du shopping\u201d- olhar as vitrines e lojas se deixando levar pelas in\u00fameras tenta\u00e7\u00f5es \u00e0 baix\u00edssimos pre\u00e7os. Ningu\u00e9m fica ileso.<\/p>\n<p>Este ano as liquida\u00e7\u00f5es de inverno iniciaram dia 7 de Janeiro e v\u00e3o at\u00e9 17 de Fevereiro, ainda d\u00e1 tempo! No ver\u00e3o acontecer\u00e3o de 24 de Junho at\u00e9 4 de Agosto. Informem suas clientes!<\/p>\n<p>&nbsp;<\/p>\n<figure id=\"attachment_1052\" aria-describedby=\"caption-attachment-1052\" style=\"width: 300px\" class=\"wp-caption alignnone\"><a href=\"http:\/\/blog.panrotas.com.br\/direto-de-paris\/wp-content\/uploads\/2015\/01\/soldes2.jpg\"><img loading=\"lazy\" class=\"wp-image-1052 size-medium\" src=\"http:\/\/blog.panrotas.com.br\/direto-de-paris\/wp-content\/uploads\/2015\/01\/soldes2-300x225.jpg\" alt=\"soldes2\" width=\"300\" height=\"225\" srcset=\"https:\/\/blog.panrotas.com.br\/direto-de-paris\/wp-content\/uploads\/sites\/26\/2015\/01\/soldes2-300x225.jpg 300w, https:\/\/blog.panrotas.com.br\/direto-de-paris\/wp-content\/uploads\/sites\/26\/2015\/01\/soldes2-768x576.jpg 768w, https:\/\/blog.panrotas.com.br\/direto-de-paris\/wp-content\/uploads\/sites\/26\/2015\/01\/soldes2.jpg 960w\" sizes=\"(max-width: 300px) 100vw, 300px\" \/><\/a><figcaption id=\"caption-attachment-1052\" class=\"wp-caption-text\">Estamos na segunda remarca\u00e7\u00e3o, nas proximas semanas os pre\u00e7os continuar\u00e3o a baixar<\/figcaption><\/figure>\n<figure id=\"attachment_1051\" aria-describedby=\"caption-attachment-1051\" style=\"width: 225px\" class=\"wp-caption alignnone\"><a href=\"http:\/\/blog.panrotas.com.br\/direto-de-paris\/wp-content\/uploads\/2015\/01\/soldes.jpg\"><img loading=\"lazy\" class=\"wp-image-1051 size-medium\" src=\"http:\/\/blog.panrotas.com.br\/direto-de-paris\/wp-content\/uploads\/2015\/01\/soldes-225x300.jpg\" alt=\"soldes\" width=\"225\" height=\"300\" srcset=\"https:\/\/blog.panrotas.com.br\/direto-de-paris\/wp-content\/uploads\/sites\/26\/2015\/01\/soldes-225x300.jpg 225w, https:\/\/blog.panrotas.com.br\/direto-de-paris\/wp-content\/uploads\/sites\/26\/2015\/01\/soldes.jpg 720w\" sizes=\"(max-width: 225px) 100vw, 225px\" \/><\/a><figcaption id=\"caption-attachment-1051\" class=\"wp-caption-text\">Hora de buscar aquele pe\u00e7a que estava faltando em seu guarda-roupas a -40%<\/figcaption><\/figure>\n<p>Os links s\u00e3o para dar \u00e1gua na boca.<\/p>\n<p><a href=\"http:\/\/www2.hm.com\/fr_fr\/soldes.html\">Liquida\u00e7\u00f5es H&amp;M<\/a><\/p>\n<p><a href=\"http:\/\/www.camaieu.fr\/\">Liquida\u00e7\u00f5es Camaieu<\/a><\/p>\n<p><a href=\"http:\/\/www.galerieslafayette.com\/c\/soldes?ectrans=1&amp;utm_campaign=googppc&amp;utm_medium=sem&amp;gclid=CMDDwrmbo8MCFUXKtAodbwkA9A&amp;utm_term=soldes%20galerie%20lafayette&amp;utm_source=googppc\">Liquida\u00e7\u00f5es Galeries Lafayette<\/a><\/p>\n<p>Para os &#8220;meninos&#8221; (\u00a0acabou de chegar no meu e-mail\u00a0 a pub)<\/p>\n<p><a href=\"http:\/\/www.boutiquepsg.fr\/fr\/gamme\/soldes\">Liquida\u00e7\u00f5es Paris Saint-Germain<\/a><\/p>\n<p>Ainda sobre Charlie.<\/p>\n<p>\u00daltimo Cap\u00edtulo<\/p>\n<p>Eu n\u00e3o queria mais ter que escrever sobre Charlie, mas os questionamentos continuam, e por esta raz\u00e3o seguem alguns breves esclarecimentos:<\/p>\n<p>Vou dizer algo que vai deixa-lo surpreso: N\u00e3o houve persegui\u00e7\u00e3o e tiroteio pelas ruas de Paris tal como mostrou a televis\u00e3o brasileira. Quero dizer, houve persegui\u00e7\u00e3o e troca de tiros e mortes sim, enfim, mas n\u00e3o no Centro de Paris.<\/p>\n<p>Se eu digo para voc\u00ea: \u201c -Houve persegui\u00e7\u00e3o e tiroteios pelas ruas de S\u00e3o Paulo\u201d, voc\u00ea pensa na Avenida Paulista ou na pra\u00e7a de alimenta\u00e7\u00e3o do Shopping que frequenta e se v\u00ea de uma maneira ou outra tocado diretamente pelo incidente. Por\u00e9m, se eu explicar que houve um acerto de contas entre duas fac\u00e7\u00f5es religiosas extremistas, ou ainda por causa de drogas, implicando morte, tiroteio com a pol\u00edcia na Agua Branca e fuga em dire\u00e7\u00e3o a Pirituba, isso lhe concerniria tanto? Voc\u00ea deixaria de sair de casa por casa disto? Cariocas deixam de sair de casa por causa de acerto de contas em comunidades?\u00a0Os franceses foram \u00e0s ruas lutar contra a viol\u00eancia e pela liberdade de express\u00e3o e agora a vida continua.<\/p>\n<p>J\u00e1 o Estado est\u00e1 aproveitando para fazer uma limpeza nos meios extremistas da Fran\u00e7a, junto a pessoas que tamb\u00e9m n\u00e3o moram ou frequentam o Centro de Paris, mas sim os guetos aonde se confinaram. Se os islamistas radicais deixarem a Fran\u00e7a ir\u00e3o para pa\u00edses extremistas Africanos ou no Oriente M\u00e9dio aonde poder\u00e3o se tornar \u00f3timos clientes de armamento dos pa\u00edses desenvolvidos. A Fran\u00e7a arma um lado, os EUA o outro, ou ainda a R\u00fassia, enfim, todo mundo fica feliz!(sic)<\/p>\n<p>O Estado n\u00e3o poderia em um momento deste n\u00e3o \u201cmostrar servi\u00e7o\u201d e por isso dobrou o policiamento, sobretudo na capital. At\u00e9 a popularidade do presidente Fran\u00e7ois Hollande subiu. Cansados da pequena delinqu\u00eancia, como a de batedores de carteira oriundos de pa\u00edses pobres, os parisienses passeiam mais seguros do que nunca.<\/p>\n<figure id=\"attachment_1044\" aria-describedby=\"caption-attachment-1044\" style=\"width: 225px\" class=\"wp-caption alignnone\"><a href=\"http:\/\/blog.panrotas.com.br\/direto-de-paris\/wp-content\/uploads\/2015\/01\/10928084_763168470438050_1702693224_n-2.jpg\"><img loading=\"lazy\" class=\"wp-image-1044 size-medium\" src=\"http:\/\/blog.panrotas.com.br\/direto-de-paris\/wp-content\/uploads\/2015\/01\/10928084_763168470438050_1702693224_n-2-225x300.jpg\" alt=\"10928084_763168470438050_1702693224_n (2)\" width=\"225\" height=\"300\" srcset=\"https:\/\/blog.panrotas.com.br\/direto-de-paris\/wp-content\/uploads\/sites\/26\/2015\/01\/10928084_763168470438050_1702693224_n-2-225x300.jpg 225w, https:\/\/blog.panrotas.com.br\/direto-de-paris\/wp-content\/uploads\/sites\/26\/2015\/01\/10928084_763168470438050_1702693224_n-2.jpg 720w\" sizes=\"(max-width: 225px) 100vw, 225px\" \/><\/a><figcaption id=\"caption-attachment-1044\" class=\"wp-caption-text\">As entradas do Louvre continuam movimentadas pelos transeuntes<\/figcaption><\/figure>\n<figure id=\"attachment_1050\" aria-describedby=\"caption-attachment-1050\" style=\"width: 300px\" class=\"wp-caption alignnone\"><a href=\"http:\/\/blog.panrotas.com.br\/direto-de-paris\/wp-content\/uploads\/2015\/01\/Seine.jpg\"><img loading=\"lazy\" class=\"wp-image-1050 size-medium\" src=\"http:\/\/blog.panrotas.com.br\/direto-de-paris\/wp-content\/uploads\/2015\/01\/Seine-300x225.jpg\" alt=\"Seine\" width=\"300\" height=\"225\" srcset=\"https:\/\/blog.panrotas.com.br\/direto-de-paris\/wp-content\/uploads\/sites\/26\/2015\/01\/Seine-300x225.jpg 300w, https:\/\/blog.panrotas.com.br\/direto-de-paris\/wp-content\/uploads\/sites\/26\/2015\/01\/Seine-768x576.jpg 768w, https:\/\/blog.panrotas.com.br\/direto-de-paris\/wp-content\/uploads\/sites\/26\/2015\/01\/Seine.jpg 960w\" sizes=\"(max-width: 300px) 100vw, 300px\" \/><\/a><figcaption id=\"caption-attachment-1050\" class=\"wp-caption-text\">Parisienses e turistas caminham pelas margens do Sena.<\/figcaption><\/figure>\n<figure id=\"attachment_1046\" aria-describedby=\"caption-attachment-1046\" style=\"width: 300px\" class=\"wp-caption alignnone\"><a href=\"http:\/\/blog.panrotas.com.br\/direto-de-paris\/wp-content\/uploads\/2015\/01\/Militares2.jpg\"><img loading=\"lazy\" class=\"wp-image-1046 size-medium\" src=\"http:\/\/blog.panrotas.com.br\/direto-de-paris\/wp-content\/uploads\/2015\/01\/Militares2-300x225.jpg\" alt=\"Militares Paris 2\" width=\"300\" height=\"225\" srcset=\"https:\/\/blog.panrotas.com.br\/direto-de-paris\/wp-content\/uploads\/sites\/26\/2015\/01\/Militares2-300x225.jpg 300w, https:\/\/blog.panrotas.com.br\/direto-de-paris\/wp-content\/uploads\/sites\/26\/2015\/01\/Militares2-768x576.jpg 768w, https:\/\/blog.panrotas.com.br\/direto-de-paris\/wp-content\/uploads\/sites\/26\/2015\/01\/Militares2.jpg 960w\" sizes=\"(max-width: 300px) 100vw, 300px\" \/><\/a><figcaption id=\"caption-attachment-1046\" class=\"wp-caption-text\">Plano Vigipirate- Militares nas imedia\u00e7\u00f5es do Louvre<\/figcaption><\/figure>\n<figure id=\"attachment_1048\" aria-describedby=\"caption-attachment-1048\" style=\"width: 300px\" class=\"wp-caption alignnone\"><a href=\"http:\/\/blog.panrotas.com.br\/direto-de-paris\/wp-content\/uploads\/2015\/01\/Pont-des-Arts.jpg\"><img loading=\"lazy\" class=\"wp-image-1048 size-medium\" src=\"http:\/\/blog.panrotas.com.br\/direto-de-paris\/wp-content\/uploads\/2015\/01\/Pont-des-Arts-300x225.jpg\" alt=\"Pont des Arts\" width=\"300\" height=\"225\" srcset=\"https:\/\/blog.panrotas.com.br\/direto-de-paris\/wp-content\/uploads\/sites\/26\/2015\/01\/Pont-des-Arts-300x225.jpg 300w, https:\/\/blog.panrotas.com.br\/direto-de-paris\/wp-content\/uploads\/sites\/26\/2015\/01\/Pont-des-Arts-768x576.jpg 768w, https:\/\/blog.panrotas.com.br\/direto-de-paris\/wp-content\/uploads\/sites\/26\/2015\/01\/Pont-des-Arts.jpg 960w\" sizes=\"(max-width: 300px) 100vw, 300px\" \/><\/a><figcaption id=\"caption-attachment-1048\" class=\"wp-caption-text\">Policia Nacional da Franca, Rio Sena sob a Ponte das Artes<\/figcaption><\/figure>\n<figure id=\"attachment_1049\" aria-describedby=\"caption-attachment-1049\" style=\"width: 300px\" class=\"wp-caption alignnone\"><a href=\"http:\/\/blog.panrotas.com.br\/direto-de-paris\/wp-content\/uploads\/2015\/01\/Prote\u00e7ao-Civil.jpg\"><img loading=\"lazy\" class=\"wp-image-1049 size-medium\" src=\"http:\/\/blog.panrotas.com.br\/direto-de-paris\/wp-content\/uploads\/2015\/01\/Prote\u00e7ao-Civil-300x225.jpg\" alt=\"Prote\u00e7ao Civil- Rio Sena, Paris\" width=\"300\" height=\"225\" srcset=\"https:\/\/blog.panrotas.com.br\/direto-de-paris\/wp-content\/uploads\/sites\/26\/2015\/01\/Prote\u00e7ao-Civil-300x225.jpg 300w, https:\/\/blog.panrotas.com.br\/direto-de-paris\/wp-content\/uploads\/sites\/26\/2015\/01\/Prote\u00e7ao-Civil-768x576.jpg 768w, https:\/\/blog.panrotas.com.br\/direto-de-paris\/wp-content\/uploads\/sites\/26\/2015\/01\/Prote\u00e7ao-Civil.jpg 960w\" sizes=\"(max-width: 300px) 100vw, 300px\" \/><\/a><figcaption id=\"caption-attachment-1049\" class=\"wp-caption-text\">Prote\u00e7\u00e3o Civil- Rio Sena<\/figcaption><\/figure>\n<figure id=\"attachment_1053\" aria-describedby=\"caption-attachment-1053\" style=\"width: 225px\" class=\"wp-caption alignnone\"><a href=\"http:\/\/blog.panrotas.com.br\/direto-de-paris\/wp-content\/uploads\/2015\/01\/Tuileries.jpg\"><img loading=\"lazy\" class=\"wp-image-1053 size-medium\" src=\"http:\/\/blog.panrotas.com.br\/direto-de-paris\/wp-content\/uploads\/2015\/01\/Tuileries-225x300.jpg\" alt=\"Jardim de Tuileries Paris\" width=\"225\" height=\"300\" srcset=\"https:\/\/blog.panrotas.com.br\/direto-de-paris\/wp-content\/uploads\/sites\/26\/2015\/01\/Tuileries-225x300.jpg 225w, https:\/\/blog.panrotas.com.br\/direto-de-paris\/wp-content\/uploads\/sites\/26\/2015\/01\/Tuileries.jpg 720w\" sizes=\"(max-width: 225px) 100vw, 225px\" \/><\/a><figcaption id=\"caption-attachment-1053\" class=\"wp-caption-text\">Jardim de Tuileries &#8211; Gendarmerie<\/figcaption><\/figure>\n<p>Outro questionamento que eu j\u00e1 esperava: Quem n\u00e3o conhecia e defendeu sem saber, agora est\u00e1 pasmo com o conte\u00fado do famoso Charlie Hebdo. Que fique claro que ningu\u00e9m foi defender o jornal Charlie, que muitos nem aprovam, mas a liberdade de express\u00e3o. A Fran\u00e7a \u00e9 um pa\u00eds laico onde se pode publicar blasf\u00eamias sem que isso seja um crime pass\u00edvel de pena. A meu ver os franceses foram dizer &#8220;somos assim&#8221;! Para quem vive aqui \u00e9 pegar ou largar.<\/p>\n<p>&nbsp;<\/p>\n","protected":false},"excerpt":{"rendered":"<p>O problema com eventos recorrentes \u00e9 que est\u00e3o ficando cada vez mais perto um do outro. Que fique claro, as liquida\u00e7\u00f5es s\u00e3o sempre em julho e janeiro, mas parece que as liquida\u00e7\u00f5es de julho foram ontem! N\u00e3o importa, mesmo tendo falado destas liquida\u00e7\u00f5es &#8220;ainda ontem&#8221;, vou dar destaque novamente. Vou falar de novo porque acho&hellip; <a class=\"more-link\" href=\"https:\/\/blog.panrotas.com.br\/direto-de-paris\/2015\/01\/21\/bombando-em-paris-ninguem-fica-ileso\/\">Continue reading &rarr;<\/a><\/p>\n","protected":false},"author":15,"featured_media":0,"comment_status":"open","ping_status":"open","sticky":false,"template":"","format":"standard","meta":{"spay_email":""},"categories":[44],"tags":[],"yoast_head":"<!-- This site is optimized with the Yoast SEO plugin v17.3 - https:\/\/yoast.com\/wordpress\/plugins\/seo\/ -->\n<title>Bombando em Paris, ningu\u00e9m fica ileso. - Direto de Paris<\/title>\n<meta name=\"robots\" content=\"index, follow, max-snippet:-1, max-image-preview:large, max-video-preview:-1\" \/>\n<link rel=\"canonical\" href=\"https:\/\/blog.panrotas.com.br\/direto-de-paris\/2015\/01\/21\/bombando-em-paris-ninguem-fica-ileso\/\" \/>\n<meta property=\"og:locale\" content=\"pt_BR\" \/>\n<meta property=\"og:type\" content=\"article\" \/>\n<meta property=\"og:title\" content=\"Bombando em Paris, ningu\u00e9m fica ileso. - Direto de Paris\" \/>\n<meta property=\"og:description\" content=\"O problema com eventos recorrentes \u00e9 que est\u00e3o ficando cada vez mais perto um do outro. Que fique claro, as liquida\u00e7\u00f5es s\u00e3o sempre em julho e janeiro, mas parece que as liquida\u00e7\u00f5es de julho foram ontem! N\u00e3o importa, mesmo tendo falado destas liquida\u00e7\u00f5es &#8220;ainda ontem&#8221;, vou dar destaque novamente. Vou falar de novo porque acho&hellip; Continue reading &rarr;\" \/>\n<meta property=\"og:url\" content=\"https:\/\/blog.panrotas.com.br\/direto-de-paris\/2015\/01\/21\/bombando-em-paris-ninguem-fica-ileso\/\" \/>\n<meta property=\"og:site_name\" content=\"Direto de Paris\" \/>\n<meta property=\"article:author\" content=\"https:\/\/www.facebook.com\/Passeiosemparis\/\" \/>\n<meta property=\"article:published_time\" content=\"2015-01-21T10:15:39+00:00\" \/>\n<meta property=\"og:image\" content=\"http:\/\/blog.panrotas.com.br\/direto-de-paris\/wp-content\/uploads\/2015\/01\/soldes2-300x225.jpg\" \/>\n<meta name=\"twitter:card\" content=\"summary_large_image\" \/>\n<meta name=\"twitter:label1\" content=\"Escrito por\" \/>\n\t<meta name=\"twitter:data1\" content=\"Silvia Helena\" \/>\n\t<meta name=\"twitter:label2\" content=\"Est. tempo de leitura\" \/>\n\t<meta name=\"twitter:data2\" content=\"4 minutos\" \/>\n<script type=\"application\/ld+json\" class=\"yoast-schema-graph\">{\"@context\":\"https:\/\/schema.org\",\"@graph\":[{\"@type\":\"WebSite\",\"@id\":\"https:\/\/blog.panrotas.com.br\/direto-de-paris\/#website\",\"url\":\"https:\/\/blog.panrotas.com.br\/direto-de-paris\/\",\"name\":\"Direto de Paris\",\"description\":\"Blogosfera PANROTAS\",\"potentialAction\":[{\"@type\":\"SearchAction\",\"target\":{\"@type\":\"EntryPoint\",\"urlTemplate\":\"https:\/\/blog.panrotas.com.br\/direto-de-paris\/?s={search_term_string}\"},\"query-input\":\"required name=search_term_string\"}],\"inLanguage\":\"pt-BR\"},{\"@type\":\"ImageObject\",\"@id\":\"https:\/\/blog.panrotas.com.br\/direto-de-paris\/2015\/01\/21\/bombando-em-paris-ninguem-fica-ileso\/#primaryimage\",\"inLanguage\":\"pt-BR\",\"url\":\"http:\/\/blog.panrotas.com.br\/direto-de-paris\/wp-content\/uploads\/2015\/01\/soldes2-300x225.jpg\",\"contentUrl\":\"http:\/\/blog.panrotas.com.br\/direto-de-paris\/wp-content\/uploads\/2015\/01\/soldes2-300x225.jpg\"},{\"@type\":\"WebPage\",\"@id\":\"https:\/\/blog.panrotas.com.br\/direto-de-paris\/2015\/01\/21\/bombando-em-paris-ninguem-fica-ileso\/#webpage\",\"url\":\"https:\/\/blog.panrotas.com.br\/direto-de-paris\/2015\/01\/21\/bombando-em-paris-ninguem-fica-ileso\/\",\"name\":\"Bombando em Paris, ningu\\u00e9m fica ileso. - Direto de Paris\",\"isPartOf\":{\"@id\":\"https:\/\/blog.panrotas.com.br\/direto-de-paris\/#website\"},\"primaryImageOfPage\":{\"@id\":\"https:\/\/blog.panrotas.com.br\/direto-de-paris\/2015\/01\/21\/bombando-em-paris-ninguem-fica-ileso\/#primaryimage\"},\"datePublished\":\"2015-01-21T10:15:39+00:00\",\"dateModified\":\"2015-01-21T10:15:39+00:00\",\"author\":{\"@id\":\"https:\/\/blog.panrotas.com.br\/direto-de-paris\/#\/schema\/person\/0137bff12a66d9bd80e250aa2c7000b3\"},\"breadcrumb\":{\"@id\":\"https:\/\/blog.panrotas.com.br\/direto-de-paris\/2015\/01\/21\/bombando-em-paris-ninguem-fica-ileso\/#breadcrumb\"},\"inLanguage\":\"pt-BR\",\"potentialAction\":[{\"@type\":\"ReadAction\",\"target\":[\"https:\/\/blog.panrotas.com.br\/direto-de-paris\/2015\/01\/21\/bombando-em-paris-ninguem-fica-ileso\/\"]}]},{\"@type\":\"BreadcrumbList\",\"@id\":\"https:\/\/blog.panrotas.com.br\/direto-de-paris\/2015\/01\/21\/bombando-em-paris-ninguem-fica-ileso\/#breadcrumb\",\"itemListElement\":[{\"@type\":\"ListItem\",\"position\":1,\"name\":\"In\\u00edcio\",\"item\":\"https:\/\/blog.panrotas.com.br\/direto-de-paris\/\"},{\"@type\":\"ListItem\",\"position\":2,\"name\":\"Bombando em Paris, ningu\\u00e9m fica ileso.\"}]},{\"@type\":\"Person\",\"@id\":\"https:\/\/blog.panrotas.com.br\/direto-de-paris\/#\/schema\/person\/0137bff12a66d9bd80e250aa2c7000b3\",\"name\":\"Silvia Helena\",\"image\":{\"@type\":\"ImageObject\",\"@id\":\"https:\/\/blog.panrotas.com.br\/direto-de-paris\/#personlogo\",\"inLanguage\":\"pt-BR\",\"url\":\"https:\/\/secure.gravatar.com\/avatar\/0278ededd1c842496785759e4fa61c99?s=96&d=mm&r=g\",\"contentUrl\":\"https:\/\/secure.gravatar.com\/avatar\/0278ededd1c842496785759e4fa61c99?s=96&d=mm&r=g\",\"caption\":\"Silvia Helena\"},\"description\":\"Ap\\u00f3s breves passagens pela Faculdade Metodista de S\\u00e3o Bernardo e Belas Artes de S\\u00e3o Paulo, aos 18 anos fui estudar no Canad\\u00e1, onde vivi durante 23 anos. L\\u00e1 me formei em Hist\\u00f3ria da Arte pela Universidade de Montr\\u00e9al, estudei turismo no Coll\\u00e8ge Lasalle de Montr\\u00e9al e no Institut de Tourisme et H\\u00f4tellerie du Qu\\u00e9bec. Comecei minha carreira na \\u00e1rea trabalhando em Cuba. Durante os anos vividos no Canad\\u00e1, entre outras coisas, fui guia de circuitos pela costa leste e abri minha primeira ag\\u00eancia de receptivo para brasileiros. H\\u00e1 18 anos um vento forte bateu nas velas da minha vida me conduzindo at\\u00e9 Fran\\u00e7a. Atualmente escrevo de Paris, onde vivo e trabalho dirigindo a empresa de receptivo, LA BELLE VIE.\",\"sameAs\":[\"http:\/\/brasileirosemparis.com\",\"https:\/\/www.facebook.com\/Passeiosemparis\/\",\"https:\/\/www.instagram.com\/labellevietour\",\"https:\/\/www.linkedin.com\/in\/silvia-helena-96864a17\/\"],\"url\":\"https:\/\/blog.panrotas.com.br\/direto-de-paris\/author\/silvia\/\"}]}<\/script>\n<!-- \/ Yoast SEO plugin. -->","yoast_head_json":{"title":"Bombando em Paris, ningu\u00e9m fica ileso. - Direto de Paris","robots":{"index":"index","follow":"follow","max-snippet":"max-snippet:-1","max-image-preview":"max-image-preview:large","max-video-preview":"max-video-preview:-1"},"canonical":"https:\/\/blog.panrotas.com.br\/direto-de-paris\/2015\/01\/21\/bombando-em-paris-ninguem-fica-ileso\/","og_locale":"pt_BR","og_type":"article","og_title":"Bombando em Paris, ningu\u00e9m fica ileso. - Direto de Paris","og_description":"O problema com eventos recorrentes \u00e9 que est\u00e3o ficando cada vez mais perto um do outro. Que fique claro, as liquida\u00e7\u00f5es s\u00e3o sempre em julho e janeiro, mas parece que as liquida\u00e7\u00f5es de julho foram ontem! N\u00e3o importa, mesmo tendo falado destas liquida\u00e7\u00f5es &#8220;ainda ontem&#8221;, vou dar destaque novamente. Vou falar de novo porque acho&hellip; Continue reading &rarr;","og_url":"https:\/\/blog.panrotas.com.br\/direto-de-paris\/2015\/01\/21\/bombando-em-paris-ninguem-fica-ileso\/","og_site_name":"Direto de Paris","article_author":"https:\/\/www.facebook.com\/Passeiosemparis\/","article_published_time":"2015-01-21T10:15:39+00:00","og_image":[{"url":"http:\/\/blog.panrotas.com.br\/direto-de-paris\/wp-content\/uploads\/2015\/01\/soldes2-300x225.jpg"}],"twitter_card":"summary_large_image","twitter_misc":{"Escrito por":"Silvia Helena","Est. tempo de leitura":"4 minutos"},"schema":{"@context":"https:\/\/schema.org","@graph":[{"@type":"WebSite","@id":"https:\/\/blog.panrotas.com.br\/direto-de-paris\/#website","url":"https:\/\/blog.panrotas.com.br\/direto-de-paris\/","name":"Direto de Paris","description":"Blogosfera PANROTAS","potentialAction":[{"@type":"SearchAction","target":{"@type":"EntryPoint","urlTemplate":"https:\/\/blog.panrotas.com.br\/direto-de-paris\/?s={search_term_string}"},"query-input":"required name=search_term_string"}],"inLanguage":"pt-BR"},{"@type":"ImageObject","@id":"https:\/\/blog.panrotas.com.br\/direto-de-paris\/2015\/01\/21\/bombando-em-paris-ninguem-fica-ileso\/#primaryimage","inLanguage":"pt-BR","url":"http:\/\/blog.panrotas.com.br\/direto-de-paris\/wp-content\/uploads\/2015\/01\/soldes2-300x225.jpg","contentUrl":"http:\/\/blog.panrotas.com.br\/direto-de-paris\/wp-content\/uploads\/2015\/01\/soldes2-300x225.jpg"},{"@type":"WebPage","@id":"https:\/\/blog.panrotas.com.br\/direto-de-paris\/2015\/01\/21\/bombando-em-paris-ninguem-fica-ileso\/#webpage","url":"https:\/\/blog.panrotas.com.br\/direto-de-paris\/2015\/01\/21\/bombando-em-paris-ninguem-fica-ileso\/","name":"Bombando em Paris, ningu\u00e9m fica ileso. - Direto de Paris","isPartOf":{"@id":"https:\/\/blog.panrotas.com.br\/direto-de-paris\/#website"},"primaryImageOfPage":{"@id":"https:\/\/blog.panrotas.com.br\/direto-de-paris\/2015\/01\/21\/bombando-em-paris-ninguem-fica-ileso\/#primaryimage"},"datePublished":"2015-01-21T10:15:39+00:00","dateModified":"2015-01-21T10:15:39+00:00","author":{"@id":"https:\/\/blog.panrotas.com.br\/direto-de-paris\/#\/schema\/person\/0137bff12a66d9bd80e250aa2c7000b3"},"breadcrumb":{"@id":"https:\/\/blog.panrotas.com.br\/direto-de-paris\/2015\/01\/21\/bombando-em-paris-ninguem-fica-ileso\/#breadcrumb"},"inLanguage":"pt-BR","potentialAction":[{"@type":"ReadAction","target":["https:\/\/blog.panrotas.com.br\/direto-de-paris\/2015\/01\/21\/bombando-em-paris-ninguem-fica-ileso\/"]}]},{"@type":"BreadcrumbList","@id":"https:\/\/blog.panrotas.com.br\/direto-de-paris\/2015\/01\/21\/bombando-em-paris-ninguem-fica-ileso\/#breadcrumb","itemListElement":[{"@type":"ListItem","position":1,"name":"In\u00edcio","item":"https:\/\/blog.panrotas.com.br\/direto-de-paris\/"},{"@type":"ListItem","position":2,"name":"Bombando em Paris, ningu\u00e9m fica ileso."}]},{"@type":"Person","@id":"https:\/\/blog.panrotas.com.br\/direto-de-paris\/#\/schema\/person\/0137bff12a66d9bd80e250aa2c7000b3","name":"Silvia Helena","image":{"@type":"ImageObject","@id":"https:\/\/blog.panrotas.com.br\/direto-de-paris\/#personlogo","inLanguage":"pt-BR","url":"https:\/\/secure.gravatar.com\/avatar\/0278ededd1c842496785759e4fa61c99?s=96&d=mm&r=g","contentUrl":"https:\/\/secure.gravatar.com\/avatar\/0278ededd1c842496785759e4fa61c99?s=96&d=mm&r=g","caption":"Silvia Helena"},"description":"Ap\u00f3s breves passagens pela Faculdade Metodista de S\u00e3o Bernardo e Belas Artes de S\u00e3o Paulo, aos 18 anos fui estudar no Canad\u00e1, onde vivi durante 23 anos. L\u00e1 me formei em Hist\u00f3ria da Arte pela Universidade de Montr\u00e9al, estudei turismo no Coll\u00e8ge Lasalle de Montr\u00e9al e no Institut de Tourisme et H\u00f4tellerie du Qu\u00e9bec. Comecei minha carreira na \u00e1rea trabalhando em Cuba. Durante os anos vividos no Canad\u00e1, entre outras coisas, fui guia de circuitos pela costa leste e abri minha primeira ag\u00eancia de receptivo para brasileiros. H\u00e1 18 anos um vento forte bateu nas velas da minha vida me conduzindo at\u00e9 Fran\u00e7a. Atualmente escrevo de Paris, onde vivo e trabalho dirigindo a empresa de receptivo, LA BELLE VIE.","sameAs":["http:\/\/brasileirosemparis.com","https:\/\/www.facebook.com\/Passeiosemparis\/","https:\/\/www.instagram.com\/labellevietour","https:\/\/www.linkedin.com\/in\/silvia-helena-96864a17\/"],"url":"https:\/\/blog.panrotas.com.br\/direto-de-paris\/author\/silvia\/"}]}},"jetpack_featured_media_url":"","_links":{"self":[{"href":"https:\/\/blog.panrotas.com.br\/direto-de-paris\/wp-json\/wp\/v2\/posts\/1042"}],"collection":[{"href":"https:\/\/blog.panrotas.com.br\/direto-de-paris\/wp-json\/wp\/v2\/posts"}],"about":[{"href":"https:\/\/blog.panrotas.com.br\/direto-de-paris\/wp-json\/wp\/v2\/types\/post"}],"author":[{"embeddable":true,"href":"https:\/\/blog.panrotas.com.br\/direto-de-paris\/wp-json\/wp\/v2\/users\/15"}],"replies":[{"embeddable":true,"href":"https:\/\/blog.panrotas.com.br\/direto-de-paris\/wp-json\/wp\/v2\/comments?post=1042"}],"version-history":[{"count":0,"href":"https:\/\/blog.panrotas.com.br\/direto-de-paris\/wp-json\/wp\/v2\/posts\/1042\/revisions"}],"wp:attachment":[{"href":"https:\/\/blog.panrotas.com.br\/direto-de-paris\/wp-json\/wp\/v2\/media?parent=1042"}],"wp:term":[{"taxonomy":"category","embeddable":true,"href":"https:\/\/blog.panrotas.com.br\/direto-de-paris\/wp-json\/wp\/v2\/categories?post=1042"},{"taxonomy":"post_tag","embeddable":true,"href":"https:\/\/blog.panrotas.com.br\/direto-de-paris\/wp-json\/wp\/v2\/tags?post=1042"}],"curies":[{"name":"wp","href":"https:\/\/api.w.org\/{rel}","templated":true}]}}