{"id":1089,"date":"2015-02-11T12:21:24","date_gmt":"2015-02-11T14:21:24","guid":{"rendered":"http:\/\/blog.panrotas.com.br\/direto-de-paris\/?p=1089"},"modified":"2015-02-11T12:21:24","modified_gmt":"2015-02-11T14:21:24","slug":"brasileiros-importantes-em-paris","status":"publish","type":"post","link":"https:\/\/blog.panrotas.com.br\/direto-de-paris\/2015\/02\/11\/brasileiros-importantes-em-paris\/","title":{"rendered":"Brasileiros (importantes) em Paris"},"content":{"rendered":"<p>A semana passada eu escrevi sobre turistas brasileiros em visita a Paris, atrav\u00e9s dos dados recolhidos por um estudo de campo e tamb\u00e9m do site do Comit\u00ea Regional de Turismo de Il\u00ea de France, o CRT, vimos um pouco de seus h\u00e1bitos.<\/p>\n<p>Baseada em minha experi\u00eancia, outra coisa que posso afirmar sobre o brasileiro que visita Paris \u00e9 que ele adora encontrar outros brasileiros. \u00c9 atrav\u00e9s da conversa com compatriotas que visitantes tiram duvidas, partilham sentimentos e momentos especiais de sua estadia na capital francesa. Nestes encontros, muitos deles involunt\u00e1rios, brasileiros acham novos amigos. E n\u00e3o h\u00e1 nada mais legal do que encontrar novos amigos durante uma viagem.<\/p>\n<p>Mas quem s\u00e3o os brasileiros que vivem em Paris? Segundo o Le Monde a comunidade de brasileiros na Fran\u00e7a conta com aproximadamente 25 000 pessoas, por\u00e9m parece imposs\u00edvel tra\u00e7a-los geograficamente.\u00a0 Al\u00e9m destas 25 000 pessoas, o pa\u00eds recebe anualmente mais 9000 estudantes brasileiros que v\u00eam cursar p\u00f3s-gradua\u00e7\u00e3o e doutorado.<\/p>\n<p>Segundo os dados do INSEE 26% dos brasileiros que se instalam atualmente na Fran\u00e7a n\u00e3o tem nenhum diploma, 6% disp\u00f5em de um diploma de curso t\u00e9cnico ou equivalente, 23% n\u00edvel colegial e 45% n\u00edvel superior. A imigra\u00e7\u00e3o brasileira \u00e9 pequena e representa aproximativamente 2% dos 230\u00a0000 imigrantes que entram em m\u00e9dia na Fran\u00e7a por ano \u2013dados INSEE recenciamento 2013. Outro elemento curioso \u00e9 que em Paris e seus arredores h\u00e1 mais de trinta associa\u00e7\u00f5es brasileiras. Com exce\u00e7\u00e3o da Maison du Br\u00e9sil, que existe h\u00e1 54 anos e al\u00e9m de divulgar nossa cultura oferece alojamento a estudantes de alto n\u00edvel e pesquisadores brasileiros e da associa\u00e7\u00e3o Bom de Bola, do Ray, criada para auxilio de crian\u00e7as pobres brasileiras, as demais tem como objetivo divulgar o Brasil e cada uma delas promove quase que unicamente 1 determinado aspecto cultural de nosso pa\u00eds. Algumas associa\u00e7\u00f5es divulgam dan\u00e7as por interm\u00e9dio de aulas e est\u00e1gios, outras organizam encontros infantis, outras associa\u00e7\u00f5es divulgam regi\u00f5es. Sem duvida a mais conhecida associa\u00e7\u00e3o brasileira em Paris \u00e9 associa\u00e7\u00e3o organizadora da Lavagem de la Madeleine, um desfile com blocos e trio el\u00e9trico seguido de uma cerim\u00f4nia ecum\u00eanica e a lavagem das escadarias da Igreja da Madeleine, no centro da cidade.<\/p>\n<figure id=\"attachment_1108\" aria-describedby=\"caption-attachment-1108\" style=\"width: 300px\" class=\"wp-caption alignnone\"><a href=\"http:\/\/blog.panrotas.com.br\/direto-de-paris\/wp-content\/uploads\/2015\/02\/DSC_0648-1ok.jpg\"><img loading=\"lazy\" class=\"wp-image-1108 size-medium\" src=\"http:\/\/blog.panrotas.com.br\/direto-de-paris\/wp-content\/uploads\/2015\/02\/DSC_0648-1ok-300x199.jpg\" alt=\"DSC_0648 (1)ok\" width=\"300\" height=\"199\" srcset=\"https:\/\/blog.panrotas.com.br\/direto-de-paris\/wp-content\/uploads\/sites\/26\/2015\/02\/DSC_0648-1ok-300x199.jpg 300w, https:\/\/blog.panrotas.com.br\/direto-de-paris\/wp-content\/uploads\/sites\/26\/2015\/02\/DSC_0648-1ok.jpg 640w\" sizes=\"(max-width: 300px) 100vw, 300px\" \/><\/a><figcaption id=\"caption-attachment-1108\" class=\"wp-caption-text\"><a href=\"http:\/\/blog.panrotas.com.br\/direto-de-paris\/wp-content\/uploads\/2015\/02\/DSC_0695-1.jpg\"><img loading=\"lazy\" class=\"alignnone size-medium wp-image-1110\" src=\"http:\/\/blog.panrotas.com.br\/direto-de-paris\/wp-content\/uploads\/2015\/02\/DSC_0695-1-300x199.jpg\" alt=\"DSC_0695 (1)\" width=\"300\" height=\"199\" srcset=\"https:\/\/blog.panrotas.com.br\/direto-de-paris\/wp-content\/uploads\/sites\/26\/2015\/02\/DSC_0695-1-300x199.jpg 300w, https:\/\/blog.panrotas.com.br\/direto-de-paris\/wp-content\/uploads\/sites\/26\/2015\/02\/DSC_0695-1.jpg 640w\" sizes=\"(max-width: 300px) 100vw, 300px\" \/><\/a> Brasileiros e amantes do Brasil invadem as ruas de Paris durante a &#8220;Lavagem&#8221;<\/figcaption><\/figure>\n<figure id=\"attachment_1107\" aria-describedby=\"caption-attachment-1107\" style=\"width: 300px\" class=\"wp-caption alignnone\"><a href=\"http:\/\/blog.panrotas.com.br\/direto-de-paris\/wp-content\/uploads\/2015\/02\/DSC_0591ok.jpg\"><img loading=\"lazy\" class=\"wp-image-1107 size-medium\" src=\"http:\/\/blog.panrotas.com.br\/direto-de-paris\/wp-content\/uploads\/2015\/02\/DSC_0591ok-300x199.jpg\" alt=\"Paris\" width=\"300\" height=\"199\" srcset=\"https:\/\/blog.panrotas.com.br\/direto-de-paris\/wp-content\/uploads\/sites\/26\/2015\/02\/DSC_0591ok-300x199.jpg 300w, https:\/\/blog.panrotas.com.br\/direto-de-paris\/wp-content\/uploads\/sites\/26\/2015\/02\/DSC_0591ok.jpg 640w\" sizes=\"(max-width: 300px) 100vw, 300px\" \/><\/a><figcaption id=\"caption-attachment-1107\" class=\"wp-caption-text\">Blocos representam a cultura brasileira em Paris<\/figcaption><\/figure>\n<figure id=\"attachment_1113\" aria-describedby=\"caption-attachment-1113\" style=\"width: 300px\" class=\"wp-caption alignnone\"><a href=\"http:\/\/blog.panrotas.com.br\/direto-de-paris\/wp-content\/uploads\/2015\/02\/Lavagem.jpg\"><img loading=\"lazy\" class=\"wp-image-1113 size-medium\" src=\"http:\/\/blog.panrotas.com.br\/direto-de-paris\/wp-content\/uploads\/2015\/02\/Lavagem-300x199.jpg\" alt=\"Lavagem da Medeleine em Paris\" width=\"300\" height=\"199\" srcset=\"https:\/\/blog.panrotas.com.br\/direto-de-paris\/wp-content\/uploads\/sites\/26\/2015\/02\/Lavagem-300x199.jpg 300w, https:\/\/blog.panrotas.com.br\/direto-de-paris\/wp-content\/uploads\/sites\/26\/2015\/02\/Lavagem.jpg 640w\" sizes=\"(max-width: 300px) 100vw, 300px\" \/><\/a><figcaption id=\"caption-attachment-1113\" class=\"wp-caption-text\">Brasileiros se re\u00fanem na Lavagem da Madeleine<\/figcaption><\/figure>\n<p>Dentre este mundo de gente boa que s\u00e3o os brasileiros vivendo em Paris e na Fran\u00e7a, alguns se destacam por responder particularmente a necessidades de nossos clientes. Pessoas que por si s\u00f3 respondem a aquelas tradicionais perguntas: Aonde eu encontro umas lembrancinhas baratas para comprar? Aonde encontro perfumes? Aonde comer?\u00a0 Quem pode dar um jeito no meu cabelo? Aonde me divertir? Por que \u00e9 buscando o item de consumo ou servi\u00e7o desejado no lugar certo que brasileiros encontram tamb\u00e9m amigos de verdade em Paris. Brasileiros que vivem aqui atendendo a brasileiros, recebendo com o nosso jeitinho carinhoso e com muita simp\u00e1tica. Gente importante para nosso mercado, verdadeiras refer\u00eancias se voc\u00ea quer parecer expert sobre Paris mediante as estas perguntas t\u00e3o habituais de todo turista.<\/p>\n<p>Aonde comprar perfumes? Se voc\u00ea \u00e9 um expert em Paris j\u00e1 deve at\u00e9 conhecer a Regina, que trabalha na Perfumaria de L&#8217;Opera, perto da Opera de Paris, Rua do Helder num\u00e9ro 3. A Regina j\u00e1 trabalhou em algumas perfumarias famosas e h\u00e1\u00a0alguns anos se instalou nesta boutique simp\u00e1tica e bem localizada. Liderando um time de brasileiras a Regina atende em grande estilo: descontos, reembolso da IVA, banheiro e cafezinho s\u00e3o algumas das comodidades.<\/p>\n<figure id=\"attachment_1093\" aria-describedby=\"caption-attachment-1093\" style=\"width: 300px\" class=\"wp-caption alignnone\"><a href=\"http:\/\/blog.panrotas.com.br\/direto-de-paris\/wp-content\/uploads\/2015\/02\/loja-Regina.jpg\"><img loading=\"lazy\" class=\"wp-image-1093 size-medium\" src=\"http:\/\/blog.panrotas.com.br\/direto-de-paris\/wp-content\/uploads\/2015\/02\/loja-Regina-300x225.jpg\" alt=\"Regina lidera equipe de brasileiros vendendo perfumes\" width=\"300\" height=\"225\" srcset=\"https:\/\/blog.panrotas.com.br\/direto-de-paris\/wp-content\/uploads\/sites\/26\/2015\/02\/loja-Regina-300x225.jpg 300w, https:\/\/blog.panrotas.com.br\/direto-de-paris\/wp-content\/uploads\/sites\/26\/2015\/02\/loja-Regina-768x576.jpg 768w, https:\/\/blog.panrotas.com.br\/direto-de-paris\/wp-content\/uploads\/sites\/26\/2015\/02\/loja-Regina.jpg 1024w\" sizes=\"(max-width: 300px) 100vw, 300px\" \/><\/a><figcaption id=\"caption-attachment-1093\" class=\"wp-caption-text\">Al\u00e9m de perfumes maquiagem e cosm\u00e9ticos<\/figcaption><\/figure>\n<figure id=\"attachment_1101\" aria-describedby=\"caption-attachment-1101\" style=\"width: 225px\" class=\"wp-caption alignnone\"><a href=\"http:\/\/blog.panrotas.com.br\/direto-de-paris\/wp-content\/uploads\/2015\/02\/Regina.jpg\"><img loading=\"lazy\" class=\"wp-image-1101 size-medium\" src=\"http:\/\/blog.panrotas.com.br\/direto-de-paris\/wp-content\/uploads\/2015\/02\/Regina-225x300.jpg\" alt=\"Regina loja perfumes em Paris\" width=\"225\" height=\"300\" srcset=\"https:\/\/blog.panrotas.com.br\/direto-de-paris\/wp-content\/uploads\/sites\/26\/2015\/02\/Regina-225x300.jpg 225w, https:\/\/blog.panrotas.com.br\/direto-de-paris\/wp-content\/uploads\/sites\/26\/2015\/02\/Regina.jpg 768w\" sizes=\"(max-width: 225px) 100vw, 225px\" \/><\/a><figcaption id=\"caption-attachment-1101\" class=\"wp-caption-text\">Regina lidera equipe que fala portugu\u00eas na perfumaria da Opera<\/figcaption><\/figure>\n<p>E lembrancinhas? O Filipe \u00e9 brasileiro, vive em Paris h\u00e1 25 anos\u00a0 e oferece 2 endere\u00e7os para quem busca lembrancinhas originais, bons pre\u00e7os e servi\u00e7o em portugu\u00eas na cidade luz. As Lovely Paris Souvenirs ficam no Boul. Poissonni\u00e8re\u00b028\u00a0 e no Faubourg Montmartre n\u00b021.<\/p>\n<figure id=\"attachment_1132\" aria-describedby=\"caption-attachment-1132\" style=\"width: 300px\" class=\"wp-caption alignnone\"><a href=\"http:\/\/blog.panrotas.com.br\/direto-de-paris\/wp-content\/uploads\/2015\/02\/Loja-Paris.jpg\"><img loading=\"lazy\" class=\"wp-image-1132 size-medium\" src=\"http:\/\/blog.panrotas.com.br\/direto-de-paris\/wp-content\/uploads\/2015\/02\/Loja-Paris-300x261.jpg\" alt=\"Loja Paris\" width=\"300\" height=\"261\" \/><\/a><figcaption id=\"caption-attachment-1132\" class=\"wp-caption-text\">Lovely Paris, 21 Faubourg. Montmartre<\/figcaption><\/figure>\n<figure id=\"attachment_1130\" aria-describedby=\"caption-attachment-1130\" style=\"width: 225px\" class=\"wp-caption alignnone\"><a href=\"http:\/\/blog.panrotas.com.br\/direto-de-paris\/wp-content\/uploads\/2015\/02\/Camisetas.jpg\"><img loading=\"lazy\" class=\"wp-image-1130 size-medium\" src=\"http:\/\/blog.panrotas.com.br\/direto-de-paris\/wp-content\/uploads\/2015\/02\/Camisetas-225x300.jpg\" alt=\"Camisetas\" width=\"225\" height=\"300\" srcset=\"https:\/\/blog.panrotas.com.br\/direto-de-paris\/wp-content\/uploads\/sites\/26\/2015\/02\/Camisetas-225x300.jpg 225w, https:\/\/blog.panrotas.com.br\/direto-de-paris\/wp-content\/uploads\/sites\/26\/2015\/02\/Camisetas.jpg 768w\" sizes=\"(max-width: 225px) 100vw, 225px\" \/><\/a><figcaption id=\"caption-attachment-1130\" class=\"wp-caption-text\">Lovely Paris, 28 Boul. Poissonni\u00e8re.<\/figcaption><\/figure>\n<figure id=\"attachment_1131\" aria-describedby=\"caption-attachment-1131\" style=\"width: 300px\" class=\"wp-caption alignnone\"><a href=\"http:\/\/blog.panrotas.com.br\/direto-de-paris\/wp-content\/uploads\/2015\/02\/Filipe.jpg\"><img loading=\"lazy\" class=\"wp-image-1131 size-medium\" src=\"http:\/\/blog.panrotas.com.br\/direto-de-paris\/wp-content\/uploads\/2015\/02\/Filipe-300x284.jpg\" alt=\"Filipe\" width=\"300\" height=\"284\" srcset=\"https:\/\/blog.panrotas.com.br\/direto-de-paris\/wp-content\/uploads\/sites\/26\/2015\/02\/Filipe-300x284.jpg 300w, https:\/\/blog.panrotas.com.br\/direto-de-paris\/wp-content\/uploads\/sites\/26\/2015\/02\/Filipe.jpg 712w\" sizes=\"(max-width: 300px) 100vw, 300px\" \/><\/a><figcaption id=\"caption-attachment-1131\" class=\"wp-caption-text\">Filipe na frente de uma das Lovely Paris, 2 endere\u00e7os para lembrancinhas e servi\u00e7o e portugu\u00eas.<\/figcaption><\/figure>\n<p>Quem pode arrumar meus cabelos? Afinal n\u00e3o da pra vir at\u00e9 Paris e sair despenteada nas fotos, n\u00e9? A Marcela do sal\u00e3o Magnifique Glamour, que tamb\u00e9m mant\u00e9m uma equipe de brasileiras bil\u00edngues para atender a seus clientes.\u00a0Cabelos, unhas e at\u00e9 sal\u00e3o de massagem para nossa clientela curtir a cidade luz linda, leve e arrumad\u00edssima! Boulevard de Bonne Nouvelle n\u00b015<\/p>\n<p><a href=\"http:\/\/blog.panrotas.com.br\/direto-de-paris\/wp-content\/uploads\/2015\/02\/marcela.jpg\"><img loading=\"lazy\" class=\"alignnone size-medium wp-image-1096\" src=\"http:\/\/blog.panrotas.com.br\/direto-de-paris\/wp-content\/uploads\/2015\/02\/marcela-300x288.jpg\" alt=\"marcela\" width=\"300\" height=\"288\" srcset=\"https:\/\/blog.panrotas.com.br\/direto-de-paris\/wp-content\/uploads\/sites\/26\/2015\/02\/marcela-300x288.jpg 300w, https:\/\/blog.panrotas.com.br\/direto-de-paris\/wp-content\/uploads\/sites\/26\/2015\/02\/marcela-768x737.jpg 768w, https:\/\/blog.panrotas.com.br\/direto-de-paris\/wp-content\/uploads\/sites\/26\/2015\/02\/marcela.jpg 800w\" sizes=\"(max-width: 300px) 100vw, 300px\" \/><\/a><\/p>\n<figure id=\"attachment_1095\" aria-describedby=\"caption-attachment-1095\" style=\"width: 173px\" class=\"wp-caption alignnone\"><a href=\"http:\/\/blog.panrotas.com.br\/direto-de-paris\/wp-content\/uploads\/2015\/02\/marcela-Paris.jpg\"><img loading=\"lazy\" class=\"wp-image-1095 size-full\" src=\"http:\/\/blog.panrotas.com.br\/direto-de-paris\/wp-content\/uploads\/2015\/02\/marcela-Paris.jpg\" alt=\"marcela Paris\" width=\"173\" height=\"231\" \/><\/a><figcaption id=\"caption-attachment-1095\" class=\"wp-caption-text\">Marcela comanda sua equipe de beleza no Boul. Bonne Nouvelle<\/figcaption><\/figure>\n<figure id=\"attachment_1094\" aria-describedby=\"caption-attachment-1094\" style=\"width: 300px\" class=\"wp-caption alignnone\"><a href=\"http:\/\/blog.panrotas.com.br\/direto-de-paris\/wp-content\/uploads\/2015\/02\/magnifique-glamour-Paris.png\"><img loading=\"lazy\" class=\"wp-image-1094 size-medium\" src=\"http:\/\/blog.panrotas.com.br\/direto-de-paris\/wp-content\/uploads\/2015\/02\/magnifique-glamour-Paris-300x225.png\" alt=\"magnifique glamour Paris\" width=\"300\" height=\"225\" srcset=\"https:\/\/blog.panrotas.com.br\/direto-de-paris\/wp-content\/uploads\/sites\/26\/2015\/02\/magnifique-glamour-Paris-300x225.png 300w, https:\/\/blog.panrotas.com.br\/direto-de-paris\/wp-content\/uploads\/sites\/26\/2015\/02\/magnifique-glamour-Paris.png 308w\" sizes=\"(max-width: 300px) 100vw, 300px\" \/><\/a><figcaption id=\"caption-attachment-1094\" class=\"wp-caption-text\">Beleza e atendimento em portugu\u00eas no centro de Paris<\/figcaption><\/figure>\n<p>Servi\u00e7o e divers\u00e3o em portugu\u00eas? O propriet\u00e1rio do cabar\u00e9 Paradis Latin, Aroldo Israel contratou o comercial Luiz de Luca Moreira para atender ao mercado brasileiro e tamb\u00e9m em sua sala de espet\u00e1culos o brasileir\u00edssimo Robertinho anima a plat\u00e9ia e atende a todos em portugu\u00eas. Ali\u00e1s o Robertinho \u00e9 um dos representantes reconhecidos da comunidade brasileira que vive em Paris por ser tamb\u00e9m o organizador da famosa Lavagem da Madeleine, sobre a qual escrevi acima.O Paradis Latin fica na\u00a0<span class=\"_Xbe\">Rue du Cardinal Lemoine n\u00b0 28, 75005 <\/span><\/p>\n<figure id=\"attachment_1106\" aria-describedby=\"caption-attachment-1106\" style=\"width: 252px\" class=\"wp-caption alignnone\"><a href=\"http:\/\/blog.panrotas.com.br\/direto-de-paris\/wp-content\/uploads\/2015\/02\/sans-titre.jpg\"><img loading=\"lazy\" class=\"wp-image-1106 size-medium\" src=\"http:\/\/blog.panrotas.com.br\/direto-de-paris\/wp-content\/uploads\/2015\/02\/sans-titre-252x300.jpg\" alt=\"Robertinho Paradis Latin -Paris\" width=\"252\" height=\"300\" \/><\/a><figcaption id=\"caption-attachment-1106\" class=\"wp-caption-text\">Robertinho, organizador da Lavagem da Madeleine anima as noites do cabar\u00e9 Paradis Latin<\/figcaption><\/figure>\n<figure id=\"attachment_1127\" aria-describedby=\"caption-attachment-1127\" style=\"width: 244px\" class=\"wp-caption alignnone\"><a href=\"http:\/\/blog.panrotas.com.br\/direto-de-paris\/wp-content\/uploads\/2015\/02\/Luiz-Paradis.jpg\"><img loading=\"lazy\" class=\"wp-image-1127 size-medium\" src=\"http:\/\/blog.panrotas.com.br\/direto-de-paris\/wp-content\/uploads\/2015\/02\/Luiz-Paradis-244x300.jpg\" alt=\"Luiz Paradis\" width=\"244\" height=\"300\" srcset=\"https:\/\/blog.panrotas.com.br\/direto-de-paris\/wp-content\/uploads\/sites\/26\/2015\/02\/Luiz-Paradis-244x300.jpg 244w, https:\/\/blog.panrotas.com.br\/direto-de-paris\/wp-content\/uploads\/sites\/26\/2015\/02\/Luiz-Paradis.jpg 720w\" sizes=\"(max-width: 244px) 100vw, 244px\" \/><\/a><figcaption id=\"caption-attachment-1127\" class=\"wp-caption-text\">Luiz de Luca, comercial do Paradis Latin, um dos cabar\u00e9s mais antigos da cidade -1889<\/figcaption><\/figure>\n<p>Comida brasileira? Essa pergunta sempre me surpreende. No entanto ela \u00e9 compreens\u00edvel, afinal como n\u00e3o ter saudades de um bom arroz e feij\u00e3o? Justamente h\u00e1 duas semanas fui convidada a conhecer o restaurante Monde du Br\u00e9sil. Adorei, n\u00e3o somente a comida, mas tamb\u00e9m o ambiente e a f\u00f3rmula<span class=\"varpb\"><b>. <\/b><\/span>Restaurante a quilo em Paris? HUUMMM! Que\u00a0del\u00edcia poder hesitar entre feij\u00e3o tropeiro ou feijoada, e pegar os dois \u00e9 claro! Frango, lingui\u00e7a ou bife acebolado? Humm de novo\u00a0! Com direto a sucos de frutas de verdade ou ainda guaran\u00e1 e tudo que n\u00e3o ver\u00edamos em um restaurante franc\u00eas.\u00a0 Com exce\u00e7\u00e3o dos clientes, \u00e9 claro. Clientes franceses, trabalhadores das empresas pr\u00f3ximas, pareciam se deliciar com a ampla escolha de sabores da nossa terra, o som da bossa-nova nas caixas, a gentileza e educa\u00e7\u00e3o dos propriet\u00e1rios Mary e seu esposo W.Dantas. Sen\u00e3o me falha a\u00a0mem\u00f3ria os clientes haviam laceado as gravatas e tinham suas pernas abertas, colunas relaxadas, como se estivessem com calor, apesar do inverno l\u00e1 fora, como se tivessem acabado de comer uma feijoada e beber uma caipirinha bem na beira da praia. \u00a0Mary e Dantas s\u00e3o pessoas s\u00e9rias, comprometidos com a qualidade e muito acolhedores. A noite o servi\u00e7o \u00e9 a l\u00e1 carte e nos fins de semana h\u00e1 musica ao vivo.<\/p>\n<figure id=\"attachment_1099\" aria-describedby=\"caption-attachment-1099\" style=\"width: 225px\" class=\"wp-caption alignnone\"><a href=\"http:\/\/blog.panrotas.com.br\/direto-de-paris\/wp-content\/uploads\/2015\/02\/Monde-Du-Bresil-restaurante-Paris.jpg\"><img loading=\"lazy\" class=\"wp-image-1099 size-medium\" src=\"http:\/\/blog.panrotas.com.br\/direto-de-paris\/wp-content\/uploads\/2015\/02\/Monde-Du-Bresil-restaurante-Paris-225x300.jpg\" alt=\"Monde Du Bresil restaurante Paris\" width=\"225\" height=\"300\" srcset=\"https:\/\/blog.panrotas.com.br\/direto-de-paris\/wp-content\/uploads\/sites\/26\/2015\/02\/Monde-Du-Bresil-restaurante-Paris-225x300.jpg 225w, https:\/\/blog.panrotas.com.br\/direto-de-paris\/wp-content\/uploads\/sites\/26\/2015\/02\/Monde-Du-Bresil-restaurante-Paris.jpg 720w\" sizes=\"(max-width: 225px) 100vw, 225px\" \/><\/a><figcaption id=\"caption-attachment-1099\" class=\"wp-caption-text\">Monde du Br\u00e9sil, ambiente brasileiro no bairro de Boulogne-Billancourt<\/figcaption><\/figure>\n<figure id=\"attachment_1098\" aria-describedby=\"caption-attachment-1098\" style=\"width: 225px\" class=\"wp-caption alignnone\"><a href=\"http:\/\/blog.panrotas.com.br\/direto-de-paris\/wp-content\/uploads\/2015\/02\/Monde-du-Br\u00e9sil-Paris.jpg\"><img loading=\"lazy\" class=\"wp-image-1098 size-medium\" src=\"http:\/\/blog.panrotas.com.br\/direto-de-paris\/wp-content\/uploads\/2015\/02\/Monde-du-Br\u00e9sil-Paris-225x300.jpg\" alt=\"Monde du Br\u00e9sil Paris\" width=\"225\" height=\"300\" srcset=\"https:\/\/blog.panrotas.com.br\/direto-de-paris\/wp-content\/uploads\/sites\/26\/2015\/02\/Monde-du-Br\u00e9sil-Paris-225x300.jpg 225w, https:\/\/blog.panrotas.com.br\/direto-de-paris\/wp-content\/uploads\/sites\/26\/2015\/02\/Monde-du-Br\u00e9sil-Paris.jpg 720w\" sizes=\"(max-width: 225px) 100vw, 225px\" \/><\/a><figcaption id=\"caption-attachment-1098\" class=\"wp-caption-text\">Mary e Dantas acolhem e servem comida por quilo<\/figcaption><\/figure>\n<p><a href=\"http:\/\/blog.panrotas.com.br\/direto-de-paris\/wp-content\/uploads\/2015\/02\/Monde-du-Bresil2.jpg\"><img loading=\"lazy\" class=\"alignnone size-medium wp-image-1115\" src=\"http:\/\/blog.panrotas.com.br\/direto-de-paris\/wp-content\/uploads\/2015\/02\/Monde-du-Bresil2-300x190.jpg\" alt=\"Monde du Bresil2\" width=\"300\" height=\"190\" srcset=\"https:\/\/blog.panrotas.com.br\/direto-de-paris\/wp-content\/uploads\/sites\/26\/2015\/02\/Monde-du-Bresil2-300x190.jpg 300w, https:\/\/blog.panrotas.com.br\/direto-de-paris\/wp-content\/uploads\/sites\/26\/2015\/02\/Monde-du-Bresil2-768x487.jpg 768w, https:\/\/blog.panrotas.com.br\/direto-de-paris\/wp-content\/uploads\/sites\/26\/2015\/02\/Monde-du-Bresil2.jpg 958w\" sizes=\"(max-width: 300px) 100vw, 300px\" \/><\/a><\/p>\n<p>Ficam as dicas para voc\u00eas e seus clientes! Boa semana Silvia<\/p>\n","protected":false},"excerpt":{"rendered":"<p>A semana passada eu escrevi sobre turistas brasileiros em visita a Paris, atrav\u00e9s dos dados recolhidos por um estudo de campo e tamb\u00e9m do site do Comit\u00ea Regional de Turismo de Il\u00ea de France, o CRT, vimos um pouco de seus h\u00e1bitos. Baseada em minha experi\u00eancia, outra coisa que posso afirmar sobre o brasileiro que&hellip; <a class=\"more-link\" href=\"https:\/\/blog.panrotas.com.br\/direto-de-paris\/2015\/02\/11\/brasileiros-importantes-em-paris\/\">Continue reading &rarr;<\/a><\/p>\n","protected":false},"author":15,"featured_media":0,"comment_status":"open","ping_status":"open","sticky":false,"template":"","format":"standard","meta":{"spay_email":""},"categories":[44],"tags":[],"yoast_head":"<!-- This site is optimized with the Yoast SEO plugin v17.3 - https:\/\/yoast.com\/wordpress\/plugins\/seo\/ -->\n<title>Brasileiros (importantes) em Paris - Direto de Paris<\/title>\n<meta name=\"robots\" content=\"index, follow, max-snippet:-1, max-image-preview:large, max-video-preview:-1\" \/>\n<link rel=\"canonical\" href=\"https:\/\/blog.panrotas.com.br\/direto-de-paris\/2015\/02\/11\/brasileiros-importantes-em-paris\/\" \/>\n<meta property=\"og:locale\" content=\"pt_BR\" \/>\n<meta property=\"og:type\" content=\"article\" \/>\n<meta property=\"og:title\" content=\"Brasileiros (importantes) em Paris - Direto de Paris\" \/>\n<meta property=\"og:description\" content=\"A semana passada eu escrevi sobre turistas brasileiros em visita a Paris, atrav\u00e9s dos dados recolhidos por um estudo de campo e tamb\u00e9m do site do Comit\u00ea Regional de Turismo de Il\u00ea de France, o CRT, vimos um pouco de seus h\u00e1bitos. Baseada em minha experi\u00eancia, outra coisa que posso afirmar sobre o brasileiro que&hellip; Continue reading &rarr;\" \/>\n<meta property=\"og:url\" content=\"https:\/\/blog.panrotas.com.br\/direto-de-paris\/2015\/02\/11\/brasileiros-importantes-em-paris\/\" \/>\n<meta property=\"og:site_name\" content=\"Direto de Paris\" \/>\n<meta property=\"article:author\" content=\"https:\/\/www.facebook.com\/Passeiosemparis\/\" \/>\n<meta property=\"article:published_time\" content=\"2015-02-11T14:21:24+00:00\" \/>\n<meta property=\"og:image\" content=\"http:\/\/blog.panrotas.com.br\/direto-de-paris\/wp-content\/uploads\/2015\/02\/DSC_0648-1ok-300x199.jpg\" \/>\n<meta name=\"twitter:card\" content=\"summary_large_image\" \/>\n<meta name=\"twitter:label1\" content=\"Escrito por\" \/>\n\t<meta name=\"twitter:data1\" content=\"Silvia Helena\" \/>\n\t<meta name=\"twitter:label2\" content=\"Est. tempo de leitura\" \/>\n\t<meta name=\"twitter:data2\" content=\"6 minutos\" \/>\n<script type=\"application\/ld+json\" class=\"yoast-schema-graph\">{\"@context\":\"https:\/\/schema.org\",\"@graph\":[{\"@type\":\"WebSite\",\"@id\":\"https:\/\/blog.panrotas.com.br\/direto-de-paris\/#website\",\"url\":\"https:\/\/blog.panrotas.com.br\/direto-de-paris\/\",\"name\":\"Direto de Paris\",\"description\":\"Blogosfera PANROTAS\",\"potentialAction\":[{\"@type\":\"SearchAction\",\"target\":{\"@type\":\"EntryPoint\",\"urlTemplate\":\"https:\/\/blog.panrotas.com.br\/direto-de-paris\/?s={search_term_string}\"},\"query-input\":\"required name=search_term_string\"}],\"inLanguage\":\"pt-BR\"},{\"@type\":\"ImageObject\",\"@id\":\"https:\/\/blog.panrotas.com.br\/direto-de-paris\/2015\/02\/11\/brasileiros-importantes-em-paris\/#primaryimage\",\"inLanguage\":\"pt-BR\",\"url\":\"http:\/\/blog.panrotas.com.br\/direto-de-paris\/wp-content\/uploads\/2015\/02\/DSC_0648-1ok-300x199.jpg\",\"contentUrl\":\"http:\/\/blog.panrotas.com.br\/direto-de-paris\/wp-content\/uploads\/2015\/02\/DSC_0648-1ok-300x199.jpg\"},{\"@type\":\"WebPage\",\"@id\":\"https:\/\/blog.panrotas.com.br\/direto-de-paris\/2015\/02\/11\/brasileiros-importantes-em-paris\/#webpage\",\"url\":\"https:\/\/blog.panrotas.com.br\/direto-de-paris\/2015\/02\/11\/brasileiros-importantes-em-paris\/\",\"name\":\"Brasileiros (importantes) em Paris - Direto de Paris\",\"isPartOf\":{\"@id\":\"https:\/\/blog.panrotas.com.br\/direto-de-paris\/#website\"},\"primaryImageOfPage\":{\"@id\":\"https:\/\/blog.panrotas.com.br\/direto-de-paris\/2015\/02\/11\/brasileiros-importantes-em-paris\/#primaryimage\"},\"datePublished\":\"2015-02-11T14:21:24+00:00\",\"dateModified\":\"2015-02-11T14:21:24+00:00\",\"author\":{\"@id\":\"https:\/\/blog.panrotas.com.br\/direto-de-paris\/#\/schema\/person\/0137bff12a66d9bd80e250aa2c7000b3\"},\"breadcrumb\":{\"@id\":\"https:\/\/blog.panrotas.com.br\/direto-de-paris\/2015\/02\/11\/brasileiros-importantes-em-paris\/#breadcrumb\"},\"inLanguage\":\"pt-BR\",\"potentialAction\":[{\"@type\":\"ReadAction\",\"target\":[\"https:\/\/blog.panrotas.com.br\/direto-de-paris\/2015\/02\/11\/brasileiros-importantes-em-paris\/\"]}]},{\"@type\":\"BreadcrumbList\",\"@id\":\"https:\/\/blog.panrotas.com.br\/direto-de-paris\/2015\/02\/11\/brasileiros-importantes-em-paris\/#breadcrumb\",\"itemListElement\":[{\"@type\":\"ListItem\",\"position\":1,\"name\":\"In\\u00edcio\",\"item\":\"https:\/\/blog.panrotas.com.br\/direto-de-paris\/\"},{\"@type\":\"ListItem\",\"position\":2,\"name\":\"Brasileiros (importantes) em Paris\"}]},{\"@type\":\"Person\",\"@id\":\"https:\/\/blog.panrotas.com.br\/direto-de-paris\/#\/schema\/person\/0137bff12a66d9bd80e250aa2c7000b3\",\"name\":\"Silvia Helena\",\"image\":{\"@type\":\"ImageObject\",\"@id\":\"https:\/\/blog.panrotas.com.br\/direto-de-paris\/#personlogo\",\"inLanguage\":\"pt-BR\",\"url\":\"https:\/\/secure.gravatar.com\/avatar\/0278ededd1c842496785759e4fa61c99?s=96&d=mm&r=g\",\"contentUrl\":\"https:\/\/secure.gravatar.com\/avatar\/0278ededd1c842496785759e4fa61c99?s=96&d=mm&r=g\",\"caption\":\"Silvia Helena\"},\"description\":\"Ap\\u00f3s breves passagens pela Faculdade Metodista de S\\u00e3o Bernardo e Belas Artes de S\\u00e3o Paulo, aos 18 anos fui estudar no Canad\\u00e1, onde vivi durante 23 anos. L\\u00e1 me formei em Hist\\u00f3ria da Arte pela Universidade de Montr\\u00e9al, estudei turismo no Coll\\u00e8ge Lasalle de Montr\\u00e9al e no Institut de Tourisme et H\\u00f4tellerie du Qu\\u00e9bec. Comecei minha carreira na \\u00e1rea trabalhando em Cuba. Durante os anos vividos no Canad\\u00e1, entre outras coisas, fui guia de circuitos pela costa leste e abri minha primeira ag\\u00eancia de receptivo para brasileiros. H\\u00e1 18 anos um vento forte bateu nas velas da minha vida me conduzindo at\\u00e9 Fran\\u00e7a. Atualmente escrevo de Paris, onde vivo e trabalho dirigindo a empresa de receptivo, LA BELLE VIE.\",\"sameAs\":[\"http:\/\/brasileirosemparis.com\",\"https:\/\/www.facebook.com\/Passeiosemparis\/\",\"https:\/\/www.instagram.com\/labellevietour\",\"https:\/\/www.linkedin.com\/in\/silvia-helena-96864a17\/\"],\"url\":\"https:\/\/blog.panrotas.com.br\/direto-de-paris\/author\/silvia\/\"}]}<\/script>\n<!-- \/ Yoast SEO plugin. -->","yoast_head_json":{"title":"Brasileiros (importantes) em Paris - Direto de Paris","robots":{"index":"index","follow":"follow","max-snippet":"max-snippet:-1","max-image-preview":"max-image-preview:large","max-video-preview":"max-video-preview:-1"},"canonical":"https:\/\/blog.panrotas.com.br\/direto-de-paris\/2015\/02\/11\/brasileiros-importantes-em-paris\/","og_locale":"pt_BR","og_type":"article","og_title":"Brasileiros (importantes) em Paris - Direto de Paris","og_description":"A semana passada eu escrevi sobre turistas brasileiros em visita a Paris, atrav\u00e9s dos dados recolhidos por um estudo de campo e tamb\u00e9m do site do Comit\u00ea Regional de Turismo de Il\u00ea de France, o CRT, vimos um pouco de seus h\u00e1bitos. Baseada em minha experi\u00eancia, outra coisa que posso afirmar sobre o brasileiro que&hellip; Continue reading &rarr;","og_url":"https:\/\/blog.panrotas.com.br\/direto-de-paris\/2015\/02\/11\/brasileiros-importantes-em-paris\/","og_site_name":"Direto de Paris","article_author":"https:\/\/www.facebook.com\/Passeiosemparis\/","article_published_time":"2015-02-11T14:21:24+00:00","og_image":[{"url":"http:\/\/blog.panrotas.com.br\/direto-de-paris\/wp-content\/uploads\/2015\/02\/DSC_0648-1ok-300x199.jpg"}],"twitter_card":"summary_large_image","twitter_misc":{"Escrito por":"Silvia Helena","Est. tempo de leitura":"6 minutos"},"schema":{"@context":"https:\/\/schema.org","@graph":[{"@type":"WebSite","@id":"https:\/\/blog.panrotas.com.br\/direto-de-paris\/#website","url":"https:\/\/blog.panrotas.com.br\/direto-de-paris\/","name":"Direto de Paris","description":"Blogosfera PANROTAS","potentialAction":[{"@type":"SearchAction","target":{"@type":"EntryPoint","urlTemplate":"https:\/\/blog.panrotas.com.br\/direto-de-paris\/?s={search_term_string}"},"query-input":"required name=search_term_string"}],"inLanguage":"pt-BR"},{"@type":"ImageObject","@id":"https:\/\/blog.panrotas.com.br\/direto-de-paris\/2015\/02\/11\/brasileiros-importantes-em-paris\/#primaryimage","inLanguage":"pt-BR","url":"http:\/\/blog.panrotas.com.br\/direto-de-paris\/wp-content\/uploads\/2015\/02\/DSC_0648-1ok-300x199.jpg","contentUrl":"http:\/\/blog.panrotas.com.br\/direto-de-paris\/wp-content\/uploads\/2015\/02\/DSC_0648-1ok-300x199.jpg"},{"@type":"WebPage","@id":"https:\/\/blog.panrotas.com.br\/direto-de-paris\/2015\/02\/11\/brasileiros-importantes-em-paris\/#webpage","url":"https:\/\/blog.panrotas.com.br\/direto-de-paris\/2015\/02\/11\/brasileiros-importantes-em-paris\/","name":"Brasileiros (importantes) em Paris - Direto de Paris","isPartOf":{"@id":"https:\/\/blog.panrotas.com.br\/direto-de-paris\/#website"},"primaryImageOfPage":{"@id":"https:\/\/blog.panrotas.com.br\/direto-de-paris\/2015\/02\/11\/brasileiros-importantes-em-paris\/#primaryimage"},"datePublished":"2015-02-11T14:21:24+00:00","dateModified":"2015-02-11T14:21:24+00:00","author":{"@id":"https:\/\/blog.panrotas.com.br\/direto-de-paris\/#\/schema\/person\/0137bff12a66d9bd80e250aa2c7000b3"},"breadcrumb":{"@id":"https:\/\/blog.panrotas.com.br\/direto-de-paris\/2015\/02\/11\/brasileiros-importantes-em-paris\/#breadcrumb"},"inLanguage":"pt-BR","potentialAction":[{"@type":"ReadAction","target":["https:\/\/blog.panrotas.com.br\/direto-de-paris\/2015\/02\/11\/brasileiros-importantes-em-paris\/"]}]},{"@type":"BreadcrumbList","@id":"https:\/\/blog.panrotas.com.br\/direto-de-paris\/2015\/02\/11\/brasileiros-importantes-em-paris\/#breadcrumb","itemListElement":[{"@type":"ListItem","position":1,"name":"In\u00edcio","item":"https:\/\/blog.panrotas.com.br\/direto-de-paris\/"},{"@type":"ListItem","position":2,"name":"Brasileiros (importantes) em Paris"}]},{"@type":"Person","@id":"https:\/\/blog.panrotas.com.br\/direto-de-paris\/#\/schema\/person\/0137bff12a66d9bd80e250aa2c7000b3","name":"Silvia Helena","image":{"@type":"ImageObject","@id":"https:\/\/blog.panrotas.com.br\/direto-de-paris\/#personlogo","inLanguage":"pt-BR","url":"https:\/\/secure.gravatar.com\/avatar\/0278ededd1c842496785759e4fa61c99?s=96&d=mm&r=g","contentUrl":"https:\/\/secure.gravatar.com\/avatar\/0278ededd1c842496785759e4fa61c99?s=96&d=mm&r=g","caption":"Silvia Helena"},"description":"Ap\u00f3s breves passagens pela Faculdade Metodista de S\u00e3o Bernardo e Belas Artes de S\u00e3o Paulo, aos 18 anos fui estudar no Canad\u00e1, onde vivi durante 23 anos. L\u00e1 me formei em Hist\u00f3ria da Arte pela Universidade de Montr\u00e9al, estudei turismo no Coll\u00e8ge Lasalle de Montr\u00e9al e no Institut de Tourisme et H\u00f4tellerie du Qu\u00e9bec. Comecei minha carreira na \u00e1rea trabalhando em Cuba. Durante os anos vividos no Canad\u00e1, entre outras coisas, fui guia de circuitos pela costa leste e abri minha primeira ag\u00eancia de receptivo para brasileiros. H\u00e1 18 anos um vento forte bateu nas velas da minha vida me conduzindo at\u00e9 Fran\u00e7a. Atualmente escrevo de Paris, onde vivo e trabalho dirigindo a empresa de receptivo, LA BELLE VIE.","sameAs":["http:\/\/brasileirosemparis.com","https:\/\/www.facebook.com\/Passeiosemparis\/","https:\/\/www.instagram.com\/labellevietour","https:\/\/www.linkedin.com\/in\/silvia-helena-96864a17\/"],"url":"https:\/\/blog.panrotas.com.br\/direto-de-paris\/author\/silvia\/"}]}},"jetpack_featured_media_url":"","_links":{"self":[{"href":"https:\/\/blog.panrotas.com.br\/direto-de-paris\/wp-json\/wp\/v2\/posts\/1089"}],"collection":[{"href":"https:\/\/blog.panrotas.com.br\/direto-de-paris\/wp-json\/wp\/v2\/posts"}],"about":[{"href":"https:\/\/blog.panrotas.com.br\/direto-de-paris\/wp-json\/wp\/v2\/types\/post"}],"author":[{"embeddable":true,"href":"https:\/\/blog.panrotas.com.br\/direto-de-paris\/wp-json\/wp\/v2\/users\/15"}],"replies":[{"embeddable":true,"href":"https:\/\/blog.panrotas.com.br\/direto-de-paris\/wp-json\/wp\/v2\/comments?post=1089"}],"version-history":[{"count":0,"href":"https:\/\/blog.panrotas.com.br\/direto-de-paris\/wp-json\/wp\/v2\/posts\/1089\/revisions"}],"wp:attachment":[{"href":"https:\/\/blog.panrotas.com.br\/direto-de-paris\/wp-json\/wp\/v2\/media?parent=1089"}],"wp:term":[{"taxonomy":"category","embeddable":true,"href":"https:\/\/blog.panrotas.com.br\/direto-de-paris\/wp-json\/wp\/v2\/categories?post=1089"},{"taxonomy":"post_tag","embeddable":true,"href":"https:\/\/blog.panrotas.com.br\/direto-de-paris\/wp-json\/wp\/v2\/tags?post=1089"}],"curies":[{"name":"wp","href":"https:\/\/api.w.org\/{rel}","templated":true}]}}