{"id":11115,"date":"2025-02-06T11:02:59","date_gmt":"2025-02-06T13:02:59","guid":{"rendered":"https:\/\/blog.panrotas.com.br\/direto-de-paris\/?p=11115"},"modified":"2025-02-06T12:47:12","modified_gmt":"2025-02-06T14:47:12","slug":"moda-arte-e-comercios","status":"publish","type":"post","link":"https:\/\/blog.panrotas.com.br\/direto-de-paris\/2025\/02\/06\/moda-arte-e-comercios\/","title":{"rendered":"Moda, Arte e Com\u00e9rcios"},"content":{"rendered":"\n<p class=\"has-text-align-justify\">Como <a href=\"https:\/\/blog.panrotas.com.br\/direto-de-paris\/2025\/02\/04\/paris-mais-que-nunca-capital-da-moda\/\">mencionado aqui no blogue h\u00e1 poucos dias<\/a>, a moda e a arte est\u00e3o vivendo um encontro intenso na capital francesa, revelando suas liga\u00e7\u00f5es intr\u00ednsecas atrav\u00e9s de in\u00fameras exposi\u00e7\u00f5es. <\/p>\n\n\n\n<p class=\"has-text-align-justify\">Museus e com\u00e9rcios p\u00f5e em destaque a arte da estampa, da tecelagem, as artes gr\u00e1ficas e decorativas e at\u00e9 mesmo nossa querida arte brasileira. <\/p>\n\n\n\n<h4>Au fil de L\u2019Or, no Museu de Quay de Branly<\/h4>\n\n\n\n<div class=\"wp-block-image\"><figure class=\"alignright size-large is-resized\"><img loading=\"lazy\" src=\"https:\/\/blog.panrotas.com.br\/direto-de-paris\/wp-content\/uploads\/sites\/26\/2025\/02\/Affiche_au_fil_de_l_or-1.jpg\" alt=\"\" class=\"wp-image-11120\" width=\"366\" height=\"551\" srcset=\"https:\/\/blog.panrotas.com.br\/direto-de-paris\/wp-content\/uploads\/sites\/26\/2025\/02\/Affiche_au_fil_de_l_or-1.jpg 593w, https:\/\/blog.panrotas.com.br\/direto-de-paris\/wp-content\/uploads\/sites\/26\/2025\/02\/Affiche_au_fil_de_l_or-1-199x300.jpg 199w\" sizes=\"(max-width: 366px) 100vw, 366px\" \/><\/figure><\/div>\n\n\n\n<p>Do Magreb ao Jap\u00e3o, a exposi\u00e7\u00e3o <em>Au Fil de L&#8217;Or<\/em> oferece uma viagem no tempo e no espa\u00e7o, para descobrir a fascinante origem do ouro e seu casamento com as artes t\u00eaxteis.<\/p>\n\n\n\n<p>Descoberto h\u00e1 quase 7000 anos, o ouro nunca deixou de fascinar a humanidade, tornando-se o metal mais precioso e nobre do mundo, objeto de desejo, s\u00edmbolo de riqueza e esplendor.<\/p>\n\n\n\n<p class=\"has-text-align-justify\">Desde os primeiros ornamentos costurados nas roupas mortu\u00e1rias at\u00e9 os vestidos extravagantes do artista chin\u00eas contempor\u00e2neo Guo Pei que pontuam a exposi\u00e7\u00e3o, desde as sedas tecidas em ouro dos mundos indiano e indon\u00e9sio at\u00e9 os quimonos brilhantes do per\u00edodo Edo, a exposi\u00e7\u00e3o desvenda a hist\u00f3ria milenar do ouro nas artes t\u00eaxteis.<\/p>\n\n\n\n<p class=\"has-text-align-justify\">Em um di\u00e1logo que combina descoberta cient\u00edfica e perspectiva art\u00edstica, ela revela a beleza deslumbrante, a diversidade, a tecnicidade e a riqueza dos figurinos de uma vasta regi\u00e3o que vai do Magrebe ao Jap\u00e3o, passando pelos pa\u00edses do Oriente M\u00e9dio, \u00cdndia e China.<\/p>\n\n\n\n<p>O museu oferece tamb\u00e9m uma s\u00e9rie de atividades ligadas ao evento: visitas guiadas, cinema, espet\u00e1culos<\/p>\n\n\n\n<p class=\"has-text-align-justify\"><a href=\"https:\/\/www.quaibranly.fr\/fr\/expositions-evenements\/au-musee\/expositions\/details-de-levenement\/e\/au-fil-de-lor\" target=\"_blank\" rel=\"noreferrer noopener\">Museu Quay de Branly <\/a>de 11 Fevereiro ao 6 Julho 2025. Fechado as Segundas-feiras, aberto 10:30-19:00,  Quinta-feira -10h30-22h00<\/p>\n\n\n\n<h4>A Arte em moda<\/h4>\n\n\n\n<p>Arte em moda \u00e9 no nome da exposi\u00e7\u00e3o que acontece na<a href=\"https:\/\/www.printemps.com\/fr\/fr\/printemps-paris-haussmann\" target=\"_blank\" rel=\"noreferrer noopener\"> Loja Printemps.<\/a> \u00a0<\/p>\n\n\n\n<p class=\"has-text-align-justify\">Em 2025, a loja de departamentos Printemps celebra o seu 160\u00ba anivers\u00e1rio com uma s\u00e9rie de eventos destacando a sua rica hist\u00f3ria e o seu esp\u00edrito inovador.&nbsp;<br>&nbsp;<br>O primeiro ato deste anivers\u00e1rio, a exposi\u00e7\u00e3o \u201cPrimavera, l&#8217;Art \u00e0 la Mode\u201d abriu as portas aos visitantes no dia 14 de janeiro no cora\u00e7\u00e3o do estabelecimento.<\/p>\n\n\n\n<figure class=\"wp-block-embed alignleft is-type-rich is-provider-instagram wp-block-embed-instagram\"><div class=\"wp-block-embed__wrapper\">\n<blockquote class=\"instagram-media\" data-instgrm-captioned data-instgrm-permalink=\"https:\/\/www.instagram.com\/reel\/DFVZNrstY64\/?utm_source=ig_embed&amp;utm_campaign=loading\" data-instgrm-version=\"14\" style=\" background:#FFF; border:0; border-radius:3px; box-shadow:0 0 1px 0 rgba(0,0,0,0.5),0 1px 10px 0 rgba(0,0,0,0.15); margin: 1px; max-width:658px; min-width:326px; padding:0; width:99.375%; width:-webkit-calc(100% - 2px); width:calc(100% - 2px);\"><div style=\"padding:16px;\"> <a href=\"https:\/\/www.instagram.com\/reel\/DFVZNrstY64\/?utm_source=ig_embed&amp;utm_campaign=loading\" style=\" background:#FFFFFF; line-height:0; padding:0 0; text-align:center; text-decoration:none; width:100%;\" target=\"_blank\"> <div style=\" display: flex; flex-direction: row; align-items: center;\"> <div style=\"background-color: #F4F4F4; border-radius: 50%; flex-grow: 0; height: 40px; margin-right: 14px; width: 40px;\"><\/div> <div style=\"display: flex; flex-direction: column; flex-grow: 1; justify-content: center;\"> <div style=\" background-color: #F4F4F4; border-radius: 4px; flex-grow: 0; height: 14px; margin-bottom: 6px; width: 100px;\"><\/div> <div style=\" background-color: #F4F4F4; border-radius: 4px; flex-grow: 0; height: 14px; width: 60px;\"><\/div><\/div><\/div><div style=\"padding: 19% 0;\"><\/div> <div style=\"display:block; height:50px; margin:0 auto 12px; width:50px;\"><svg width=\"50px\" height=\"50px\" viewBox=\"0 0 60 60\" version=\"1.1\" xmlns=\"https:\/\/www.w3.org\/2000\/svg\" xmlns:xlink=\"https:\/\/www.w3.org\/1999\/xlink\"><g stroke=\"none\" stroke-width=\"1\" fill=\"none\" fill-rule=\"evenodd\"><g transform=\"translate(-511.000000, -20.000000)\" fill=\"#000000\"><g><path d=\"M556.869,30.41 C554.814,30.41 553.148,32.076 553.148,34.131 C553.148,36.186 554.814,37.852 556.869,37.852 C558.924,37.852 560.59,36.186 560.59,34.131 C560.59,32.076 558.924,30.41 556.869,30.41 M541,60.657 C535.114,60.657 530.342,55.887 530.342,50 C530.342,44.114 535.114,39.342 541,39.342 C546.887,39.342 551.658,44.114 551.658,50 C551.658,55.887 546.887,60.657 541,60.657 M541,33.886 C532.1,33.886 524.886,41.1 524.886,50 C524.886,58.899 532.1,66.113 541,66.113 C549.9,66.113 557.115,58.899 557.115,50 C557.115,41.1 549.9,33.886 541,33.886 M565.378,62.101 C565.244,65.022 564.756,66.606 564.346,67.663 C563.803,69.06 563.154,70.057 562.106,71.106 C561.058,72.155 560.06,72.803 558.662,73.347 C557.607,73.757 556.021,74.244 553.102,74.378 C549.944,74.521 548.997,74.552 541,74.552 C533.003,74.552 532.056,74.521 528.898,74.378 C525.979,74.244 524.393,73.757 523.338,73.347 C521.94,72.803 520.942,72.155 519.894,71.106 C518.846,70.057 518.197,69.06 517.654,67.663 C517.244,66.606 516.755,65.022 516.623,62.101 C516.479,58.943 516.448,57.996 516.448,50 C516.448,42.003 516.479,41.056 516.623,37.899 C516.755,34.978 517.244,33.391 517.654,32.338 C518.197,30.938 518.846,29.942 519.894,28.894 C520.942,27.846 521.94,27.196 523.338,26.654 C524.393,26.244 525.979,25.756 528.898,25.623 C532.057,25.479 533.004,25.448 541,25.448 C548.997,25.448 549.943,25.479 553.102,25.623 C556.021,25.756 557.607,26.244 558.662,26.654 C560.06,27.196 561.058,27.846 562.106,28.894 C563.154,29.942 563.803,30.938 564.346,32.338 C564.756,33.391 565.244,34.978 565.378,37.899 C565.522,41.056 565.552,42.003 565.552,50 C565.552,57.996 565.522,58.943 565.378,62.101 M570.82,37.631 C570.674,34.438 570.167,32.258 569.425,30.349 C568.659,28.377 567.633,26.702 565.965,25.035 C564.297,23.368 562.623,22.342 560.652,21.575 C558.743,20.834 556.562,20.326 553.369,20.18 C550.169,20.033 549.148,20 541,20 C532.853,20 531.831,20.033 528.631,20.18 C525.438,20.326 523.257,20.834 521.349,21.575 C519.376,22.342 517.703,23.368 516.035,25.035 C514.368,26.702 513.342,28.377 512.574,30.349 C511.834,32.258 511.326,34.438 511.181,37.631 C511.035,40.831 511,41.851 511,50 C511,58.147 511.035,59.17 511.181,62.369 C511.326,65.562 511.834,67.743 512.574,69.651 C513.342,71.625 514.368,73.296 516.035,74.965 C517.703,76.634 519.376,77.658 521.349,78.425 C523.257,79.167 525.438,79.673 528.631,79.82 C531.831,79.965 532.853,80.001 541,80.001 C549.148,80.001 550.169,79.965 553.369,79.82 C556.562,79.673 558.743,79.167 560.652,78.425 C562.623,77.658 564.297,76.634 565.965,74.965 C567.633,73.296 568.659,71.625 569.425,69.651 C570.167,67.743 570.674,65.562 570.82,62.369 C570.966,59.17 571,58.147 571,50 C571,41.851 570.966,40.831 570.82,37.631\"><\/path><\/g><\/g><\/g><\/svg><\/div><div style=\"padding-top: 8px;\"> <div style=\" color:#3897f0; font-family:Arial,sans-serif; font-size:14px; font-style:normal; font-weight:550; line-height:18px;\">View this post on Instagram<\/div><\/div><div style=\"padding: 12.5% 0;\"><\/div> <div style=\"display: flex; flex-direction: row; margin-bottom: 14px; align-items: center;\"><div> <div style=\"background-color: #F4F4F4; border-radius: 50%; height: 12.5px; width: 12.5px; transform: translateX(0px) translateY(7px);\"><\/div> <div style=\"background-color: #F4F4F4; height: 12.5px; transform: rotate(-45deg) translateX(3px) translateY(1px); width: 12.5px; flex-grow: 0; margin-right: 14px; margin-left: 2px;\"><\/div> <div style=\"background-color: #F4F4F4; border-radius: 50%; height: 12.5px; width: 12.5px; transform: translateX(9px) translateY(-18px);\"><\/div><\/div><div style=\"margin-left: 8px;\"> <div style=\" background-color: #F4F4F4; border-radius: 50%; flex-grow: 0; height: 20px; width: 20px;\"><\/div> <div style=\" width: 0; height: 0; border-top: 2px solid transparent; border-left: 6px solid #f4f4f4; border-bottom: 2px solid transparent; transform: translateX(16px) translateY(-4px) rotate(30deg)\"><\/div><\/div><div style=\"margin-left: auto;\"> <div style=\" width: 0px; border-top: 8px solid #F4F4F4; border-right: 8px solid transparent; transform: translateY(16px);\"><\/div> <div style=\" background-color: #F4F4F4; flex-grow: 0; height: 12px; width: 16px; transform: translateY(-4px);\"><\/div> <div style=\" width: 0; height: 0; border-top: 8px solid #F4F4F4; border-left: 8px solid transparent; transform: translateY(-4px) translateX(8px);\"><\/div><\/div><\/div> <div style=\"display: flex; flex-direction: column; flex-grow: 1; justify-content: center; margin-bottom: 24px;\"> <div style=\" background-color: #F4F4F4; border-radius: 4px; flex-grow: 0; height: 14px; margin-bottom: 6px; width: 224px;\"><\/div> <div style=\" background-color: #F4F4F4; border-radius: 4px; flex-grow: 0; height: 14px; width: 144px;\"><\/div><\/div><\/a><p style=\" color:#c9c8cd; font-family:Arial,sans-serif; font-size:14px; line-height:17px; margin-bottom:0; margin-top:8px; overflow:hidden; padding:8px 0 7px; text-align:center; text-overflow:ellipsis; white-space:nowrap;\"><a href=\"https:\/\/www.instagram.com\/reel\/DFVZNrstY64\/?utm_source=ig_embed&amp;utm_campaign=loading\" style=\" color:#c9c8cd; font-family:Arial,sans-serif; font-size:14px; font-style:normal; font-weight:normal; line-height:17px; text-decoration:none;\" target=\"_blank\">A post shared by La Belle Vie (@labellevietour)<\/a><\/p><\/div><\/blockquote><script async src=\"\/\/platform.instagram.com\/en_US\/embeds.js\"><\/script>\n<\/div><\/figure>\n\n\n\n<p class=\"has-text-align-justify\">Fundada pela loja Le Printemps em 1912, o ateli\u00ea &#8220;Primavera&#8221; foi o primeiro est\u00fadio de design integrado a uma grande loja de departamentos, com a ambi\u00e7\u00e3o de democratizar o acesso \u00e0 arte.<\/p>\n\n\n\n<p class=\"has-text-align-justify\">A exposi\u00e7\u00e3o &#8220;Primavera, Art \u00e0 la Mode&#8221; foi concebida como uma reflex\u00e3o&nbsp;<strong>sobre as resson\u00e2ncias entre as Artes Decorativas e as tend\u00eancias atuais<\/strong>, com um vi\u00e9s imersivo.<br>&nbsp;<br>Pela primeira vez numa exposi\u00e7\u00e3o desta envergadura, a loja&nbsp;exp\u00f5e uma sele\u00e7\u00e3o de reprodu\u00e7\u00f5es XXL de t\u00eaxteis concedidas especialmente para ocasi\u00e3o pelo Museu de Artes de Decorativas de Paris e pela Biblioteca Forney, bem como cat\u00e1logos e uma centena de pe\u00e7as em cer\u00e2mica das d\u00e9cadas de 1920-1930 de seu pr\u00f3prio acervo. &nbsp;&nbsp;<br>Em um \u00e1trio excepcional com ares de ateli\u00ea e museu, os motivos decorativos florais, geom\u00e9tricos e as cores formam um fio condutor que ainda hoje sublinha a modernidade do est\u00fadio de Design &#8220;Primavera&#8221;!&nbsp;<\/p>\n\n\n\n<p>Esses trabalhos dialogam harmoniosamente com roupas e conjuntos das&nbsp;cole\u00e7\u00f5es primavera-ver\u00e3o 2025&nbsp;de diferentes marcas. <\/p>\n\n\n\n<p>De 14 de Janeiro at\u00e9 final de Abril<\/p>\n\n\n\n<h4>Ernesto Neto &#8211; A Serpente, no Le Bon March\u00e9<\/h4>\n\n\n\n<p class=\"has-text-align-justify\">Para a edi\u00e7\u00e3o de sua d\u00e9cima exposi\u00e7\u00e3o de arte que ocorre nos meses de janeiro, a loja mais elegante da margem esquerda do Rio Sena, Le Bon March\u00e9 Rive Gauche convidou o artista brasileiro Ernesto Neto para tomar posse do lugar com suas instala\u00e7\u00f5es de croch\u00ea.<\/p>\n\n\n\n<figure class=\"wp-block-embed aligncenter is-type-rich is-provider-instagram wp-block-embed-instagram\"><div class=\"wp-block-embed__wrapper\">\n<blockquote class=\"instagram-media\" data-instgrm-captioned data-instgrm-permalink=\"https:\/\/www.instagram.com\/reel\/DER9BOPM5K7\/?utm_source=ig_embed&amp;utm_campaign=loading\" data-instgrm-version=\"14\" style=\" background:#FFF; border:0; border-radius:3px; box-shadow:0 0 1px 0 rgba(0,0,0,0.5),0 1px 10px 0 rgba(0,0,0,0.15); margin: 1px; max-width:658px; min-width:326px; padding:0; width:99.375%; width:-webkit-calc(100% - 2px); width:calc(100% - 2px);\"><div style=\"padding:16px;\"> <a href=\"https:\/\/www.instagram.com\/reel\/DER9BOPM5K7\/?utm_source=ig_embed&amp;utm_campaign=loading\" style=\" background:#FFFFFF; line-height:0; padding:0 0; text-align:center; text-decoration:none; width:100%;\" target=\"_blank\"> <div style=\" display: flex; flex-direction: row; align-items: center;\"> <div style=\"background-color: #F4F4F4; border-radius: 50%; flex-grow: 0; height: 40px; margin-right: 14px; width: 40px;\"><\/div> <div style=\"display: flex; flex-direction: column; flex-grow: 1; justify-content: center;\"> <div style=\" background-color: #F4F4F4; border-radius: 4px; flex-grow: 0; height: 14px; margin-bottom: 6px; width: 100px;\"><\/div> <div style=\" background-color: #F4F4F4; border-radius: 4px; flex-grow: 0; height: 14px; width: 60px;\"><\/div><\/div><\/div><div style=\"padding: 19% 0;\"><\/div> <div style=\"display:block; height:50px; margin:0 auto 12px; width:50px;\"><svg width=\"50px\" height=\"50px\" viewBox=\"0 0 60 60\" version=\"1.1\" xmlns=\"https:\/\/www.w3.org\/2000\/svg\" xmlns:xlink=\"https:\/\/www.w3.org\/1999\/xlink\"><g stroke=\"none\" stroke-width=\"1\" fill=\"none\" fill-rule=\"evenodd\"><g transform=\"translate(-511.000000, -20.000000)\" fill=\"#000000\"><g><path d=\"M556.869,30.41 C554.814,30.41 553.148,32.076 553.148,34.131 C553.148,36.186 554.814,37.852 556.869,37.852 C558.924,37.852 560.59,36.186 560.59,34.131 C560.59,32.076 558.924,30.41 556.869,30.41 M541,60.657 C535.114,60.657 530.342,55.887 530.342,50 C530.342,44.114 535.114,39.342 541,39.342 C546.887,39.342 551.658,44.114 551.658,50 C551.658,55.887 546.887,60.657 541,60.657 M541,33.886 C532.1,33.886 524.886,41.1 524.886,50 C524.886,58.899 532.1,66.113 541,66.113 C549.9,66.113 557.115,58.899 557.115,50 C557.115,41.1 549.9,33.886 541,33.886 M565.378,62.101 C565.244,65.022 564.756,66.606 564.346,67.663 C563.803,69.06 563.154,70.057 562.106,71.106 C561.058,72.155 560.06,72.803 558.662,73.347 C557.607,73.757 556.021,74.244 553.102,74.378 C549.944,74.521 548.997,74.552 541,74.552 C533.003,74.552 532.056,74.521 528.898,74.378 C525.979,74.244 524.393,73.757 523.338,73.347 C521.94,72.803 520.942,72.155 519.894,71.106 C518.846,70.057 518.197,69.06 517.654,67.663 C517.244,66.606 516.755,65.022 516.623,62.101 C516.479,58.943 516.448,57.996 516.448,50 C516.448,42.003 516.479,41.056 516.623,37.899 C516.755,34.978 517.244,33.391 517.654,32.338 C518.197,30.938 518.846,29.942 519.894,28.894 C520.942,27.846 521.94,27.196 523.338,26.654 C524.393,26.244 525.979,25.756 528.898,25.623 C532.057,25.479 533.004,25.448 541,25.448 C548.997,25.448 549.943,25.479 553.102,25.623 C556.021,25.756 557.607,26.244 558.662,26.654 C560.06,27.196 561.058,27.846 562.106,28.894 C563.154,29.942 563.803,30.938 564.346,32.338 C564.756,33.391 565.244,34.978 565.378,37.899 C565.522,41.056 565.552,42.003 565.552,50 C565.552,57.996 565.522,58.943 565.378,62.101 M570.82,37.631 C570.674,34.438 570.167,32.258 569.425,30.349 C568.659,28.377 567.633,26.702 565.965,25.035 C564.297,23.368 562.623,22.342 560.652,21.575 C558.743,20.834 556.562,20.326 553.369,20.18 C550.169,20.033 549.148,20 541,20 C532.853,20 531.831,20.033 528.631,20.18 C525.438,20.326 523.257,20.834 521.349,21.575 C519.376,22.342 517.703,23.368 516.035,25.035 C514.368,26.702 513.342,28.377 512.574,30.349 C511.834,32.258 511.326,34.438 511.181,37.631 C511.035,40.831 511,41.851 511,50 C511,58.147 511.035,59.17 511.181,62.369 C511.326,65.562 511.834,67.743 512.574,69.651 C513.342,71.625 514.368,73.296 516.035,74.965 C517.703,76.634 519.376,77.658 521.349,78.425 C523.257,79.167 525.438,79.673 528.631,79.82 C531.831,79.965 532.853,80.001 541,80.001 C549.148,80.001 550.169,79.965 553.369,79.82 C556.562,79.673 558.743,79.167 560.652,78.425 C562.623,77.658 564.297,76.634 565.965,74.965 C567.633,73.296 568.659,71.625 569.425,69.651 C570.167,67.743 570.674,65.562 570.82,62.369 C570.966,59.17 571,58.147 571,50 C571,41.851 570.966,40.831 570.82,37.631\"><\/path><\/g><\/g><\/g><\/svg><\/div><div style=\"padding-top: 8px;\"> <div style=\" color:#3897f0; font-family:Arial,sans-serif; font-size:14px; font-style:normal; font-weight:550; line-height:18px;\">View this post on Instagram<\/div><\/div><div style=\"padding: 12.5% 0;\"><\/div> <div style=\"display: flex; flex-direction: row; margin-bottom: 14px; align-items: center;\"><div> <div style=\"background-color: #F4F4F4; border-radius: 50%; height: 12.5px; width: 12.5px; transform: translateX(0px) translateY(7px);\"><\/div> <div style=\"background-color: #F4F4F4; height: 12.5px; transform: rotate(-45deg) translateX(3px) translateY(1px); width: 12.5px; flex-grow: 0; margin-right: 14px; margin-left: 2px;\"><\/div> <div style=\"background-color: #F4F4F4; border-radius: 50%; height: 12.5px; width: 12.5px; transform: translateX(9px) translateY(-18px);\"><\/div><\/div><div style=\"margin-left: 8px;\"> <div style=\" background-color: #F4F4F4; border-radius: 50%; flex-grow: 0; height: 20px; width: 20px;\"><\/div> <div style=\" width: 0; height: 0; border-top: 2px solid transparent; border-left: 6px solid #f4f4f4; border-bottom: 2px solid transparent; transform: translateX(16px) translateY(-4px) rotate(30deg)\"><\/div><\/div><div style=\"margin-left: auto;\"> <div style=\" width: 0px; border-top: 8px solid #F4F4F4; border-right: 8px solid transparent; transform: translateY(16px);\"><\/div> <div style=\" background-color: #F4F4F4; flex-grow: 0; height: 12px; width: 16px; transform: translateY(-4px);\"><\/div> <div style=\" width: 0; height: 0; border-top: 8px solid #F4F4F4; border-left: 8px solid transparent; transform: translateY(-4px) translateX(8px);\"><\/div><\/div><\/div> <div style=\"display: flex; flex-direction: column; flex-grow: 1; justify-content: center; margin-bottom: 24px;\"> <div style=\" background-color: #F4F4F4; border-radius: 4px; flex-grow: 0; height: 14px; margin-bottom: 6px; width: 224px;\"><\/div> <div style=\" background-color: #F4F4F4; border-radius: 4px; flex-grow: 0; height: 14px; width: 144px;\"><\/div><\/div><\/a><p style=\" color:#c9c8cd; font-family:Arial,sans-serif; font-size:14px; line-height:17px; margin-bottom:0; margin-top:8px; overflow:hidden; padding:8px 0 7px; text-align:center; text-overflow:ellipsis; white-space:nowrap;\"><a href=\"https:\/\/www.instagram.com\/reel\/DER9BOPM5K7\/?utm_source=ig_embed&amp;utm_campaign=loading\" style=\" color:#c9c8cd; font-family:Arial,sans-serif; font-size:14px; font-style:normal; font-weight:normal; line-height:17px; text-decoration:none;\" target=\"_blank\">A post shared by Le Bon Marche\u0301 Rive Gauche (@lebonmarcherivegauche)<\/a><\/p><\/div><\/blockquote><script async src=\"\/\/platform.instagram.com\/en_US\/embeds.js\"><\/script>\n<\/div><\/figure>\n\n\n\n<p class=\"has-text-align-justify\">Feliz coincid\u00eancia ou real restri\u00e7\u00e3o imposta ao artista? Trabalhar em torno da cor branca, em refer\u00eancia ao m\u00eas do branco iniciado por Aristide e Marguerite Boucicaut, fundadores do Le Bon March\u00e9 Rive Gauche no s\u00e9culo XIX. Teriam Aristide e Marguerite passado um R\u00e9veillon no Brasil?? &nbsp;<\/p>\n\n\n\n<figure class=\"wp-block-embed aligncenter is-type-rich is-provider-instagram wp-block-embed-instagram\"><div class=\"wp-block-embed__wrapper\">\n<blockquote class=\"instagram-media\" data-instgrm-captioned data-instgrm-permalink=\"https:\/\/www.instagram.com\/reel\/DFS40xINz65\/?utm_source=ig_embed&amp;utm_campaign=loading\" data-instgrm-version=\"14\" style=\" background:#FFF; border:0; border-radius:3px; box-shadow:0 0 1px 0 rgba(0,0,0,0.5),0 1px 10px 0 rgba(0,0,0,0.15); margin: 1px; max-width:658px; min-width:326px; padding:0; width:99.375%; width:-webkit-calc(100% - 2px); width:calc(100% - 2px);\"><div style=\"padding:16px;\"> <a href=\"https:\/\/www.instagram.com\/reel\/DFS40xINz65\/?utm_source=ig_embed&amp;utm_campaign=loading\" style=\" background:#FFFFFF; line-height:0; padding:0 0; text-align:center; text-decoration:none; width:100%;\" target=\"_blank\"> <div style=\" display: flex; flex-direction: row; align-items: center;\"> <div style=\"background-color: #F4F4F4; border-radius: 50%; flex-grow: 0; height: 40px; margin-right: 14px; width: 40px;\"><\/div> <div style=\"display: flex; flex-direction: column; flex-grow: 1; justify-content: center;\"> <div style=\" background-color: #F4F4F4; border-radius: 4px; flex-grow: 0; height: 14px; margin-bottom: 6px; width: 100px;\"><\/div> <div style=\" background-color: #F4F4F4; border-radius: 4px; flex-grow: 0; height: 14px; width: 60px;\"><\/div><\/div><\/div><div style=\"padding: 19% 0;\"><\/div> <div style=\"display:block; height:50px; margin:0 auto 12px; width:50px;\"><svg width=\"50px\" height=\"50px\" viewBox=\"0 0 60 60\" version=\"1.1\" xmlns=\"https:\/\/www.w3.org\/2000\/svg\" xmlns:xlink=\"https:\/\/www.w3.org\/1999\/xlink\"><g stroke=\"none\" stroke-width=\"1\" fill=\"none\" fill-rule=\"evenodd\"><g transform=\"translate(-511.000000, -20.000000)\" fill=\"#000000\"><g><path d=\"M556.869,30.41 C554.814,30.41 553.148,32.076 553.148,34.131 C553.148,36.186 554.814,37.852 556.869,37.852 C558.924,37.852 560.59,36.186 560.59,34.131 C560.59,32.076 558.924,30.41 556.869,30.41 M541,60.657 C535.114,60.657 530.342,55.887 530.342,50 C530.342,44.114 535.114,39.342 541,39.342 C546.887,39.342 551.658,44.114 551.658,50 C551.658,55.887 546.887,60.657 541,60.657 M541,33.886 C532.1,33.886 524.886,41.1 524.886,50 C524.886,58.899 532.1,66.113 541,66.113 C549.9,66.113 557.115,58.899 557.115,50 C557.115,41.1 549.9,33.886 541,33.886 M565.378,62.101 C565.244,65.022 564.756,66.606 564.346,67.663 C563.803,69.06 563.154,70.057 562.106,71.106 C561.058,72.155 560.06,72.803 558.662,73.347 C557.607,73.757 556.021,74.244 553.102,74.378 C549.944,74.521 548.997,74.552 541,74.552 C533.003,74.552 532.056,74.521 528.898,74.378 C525.979,74.244 524.393,73.757 523.338,73.347 C521.94,72.803 520.942,72.155 519.894,71.106 C518.846,70.057 518.197,69.06 517.654,67.663 C517.244,66.606 516.755,65.022 516.623,62.101 C516.479,58.943 516.448,57.996 516.448,50 C516.448,42.003 516.479,41.056 516.623,37.899 C516.755,34.978 517.244,33.391 517.654,32.338 C518.197,30.938 518.846,29.942 519.894,28.894 C520.942,27.846 521.94,27.196 523.338,26.654 C524.393,26.244 525.979,25.756 528.898,25.623 C532.057,25.479 533.004,25.448 541,25.448 C548.997,25.448 549.943,25.479 553.102,25.623 C556.021,25.756 557.607,26.244 558.662,26.654 C560.06,27.196 561.058,27.846 562.106,28.894 C563.154,29.942 563.803,30.938 564.346,32.338 C564.756,33.391 565.244,34.978 565.378,37.899 C565.522,41.056 565.552,42.003 565.552,50 C565.552,57.996 565.522,58.943 565.378,62.101 M570.82,37.631 C570.674,34.438 570.167,32.258 569.425,30.349 C568.659,28.377 567.633,26.702 565.965,25.035 C564.297,23.368 562.623,22.342 560.652,21.575 C558.743,20.834 556.562,20.326 553.369,20.18 C550.169,20.033 549.148,20 541,20 C532.853,20 531.831,20.033 528.631,20.18 C525.438,20.326 523.257,20.834 521.349,21.575 C519.376,22.342 517.703,23.368 516.035,25.035 C514.368,26.702 513.342,28.377 512.574,30.349 C511.834,32.258 511.326,34.438 511.181,37.631 C511.035,40.831 511,41.851 511,50 C511,58.147 511.035,59.17 511.181,62.369 C511.326,65.562 511.834,67.743 512.574,69.651 C513.342,71.625 514.368,73.296 516.035,74.965 C517.703,76.634 519.376,77.658 521.349,78.425 C523.257,79.167 525.438,79.673 528.631,79.82 C531.831,79.965 532.853,80.001 541,80.001 C549.148,80.001 550.169,79.965 553.369,79.82 C556.562,79.673 558.743,79.167 560.652,78.425 C562.623,77.658 564.297,76.634 565.965,74.965 C567.633,73.296 568.659,71.625 569.425,69.651 C570.167,67.743 570.674,65.562 570.82,62.369 C570.966,59.17 571,58.147 571,50 C571,41.851 570.966,40.831 570.82,37.631\"><\/path><\/g><\/g><\/g><\/svg><\/div><div style=\"padding-top: 8px;\"> <div style=\" color:#3897f0; font-family:Arial,sans-serif; font-size:14px; font-style:normal; font-weight:550; line-height:18px;\">View this post on Instagram<\/div><\/div><div style=\"padding: 12.5% 0;\"><\/div> <div style=\"display: flex; flex-direction: row; margin-bottom: 14px; align-items: center;\"><div> <div style=\"background-color: #F4F4F4; border-radius: 50%; height: 12.5px; width: 12.5px; transform: translateX(0px) translateY(7px);\"><\/div> <div style=\"background-color: #F4F4F4; height: 12.5px; transform: rotate(-45deg) translateX(3px) translateY(1px); width: 12.5px; flex-grow: 0; margin-right: 14px; margin-left: 2px;\"><\/div> <div style=\"background-color: #F4F4F4; border-radius: 50%; height: 12.5px; width: 12.5px; transform: translateX(9px) translateY(-18px);\"><\/div><\/div><div style=\"margin-left: 8px;\"> <div style=\" background-color: #F4F4F4; border-radius: 50%; flex-grow: 0; height: 20px; width: 20px;\"><\/div> <div style=\" width: 0; height: 0; border-top: 2px solid transparent; border-left: 6px solid #f4f4f4; border-bottom: 2px solid transparent; transform: translateX(16px) translateY(-4px) rotate(30deg)\"><\/div><\/div><div style=\"margin-left: auto;\"> <div style=\" width: 0px; border-top: 8px solid #F4F4F4; border-right: 8px solid transparent; transform: translateY(16px);\"><\/div> <div style=\" background-color: #F4F4F4; flex-grow: 0; height: 12px; width: 16px; transform: translateY(-4px);\"><\/div> <div style=\" width: 0; height: 0; border-top: 8px solid #F4F4F4; border-left: 8px solid transparent; transform: translateY(-4px) translateX(8px);\"><\/div><\/div><\/div> <div style=\"display: flex; flex-direction: column; flex-grow: 1; justify-content: center; margin-bottom: 24px;\"> <div style=\" background-color: #F4F4F4; border-radius: 4px; flex-grow: 0; height: 14px; margin-bottom: 6px; width: 224px;\"><\/div> <div style=\" background-color: #F4F4F4; border-radius: 4px; flex-grow: 0; height: 14px; width: 144px;\"><\/div><\/div><\/a><p style=\" color:#c9c8cd; font-family:Arial,sans-serif; font-size:14px; line-height:17px; margin-bottom:0; margin-top:8px; overflow:hidden; padding:8px 0 7px; text-align:center; text-overflow:ellipsis; white-space:nowrap;\"><a href=\"https:\/\/www.instagram.com\/reel\/DFS40xINz65\/?utm_source=ig_embed&amp;utm_campaign=loading\" style=\" color:#c9c8cd; font-family:Arial,sans-serif; font-size:14px; font-style:normal; font-weight:normal; line-height:17px; text-decoration:none;\" target=\"_blank\">A post shared by Le Bon Marche\u0301 Rive Gauche (@lebonmarcherivegauche)<\/a><\/p><\/div><\/blockquote><script async src=\"\/\/platform.instagram.com\/en_US\/embeds.js\"><\/script>\n<\/div><\/figure>\n\n\n\n<p class=\"has-text-align-justify\">A exposi\u00e7\u00e3o &#8220;A Serpente&#8221; \u00e9 composta por v\u00e1rias obras monumentais, feitas de croch\u00ea e criadas a partir de seu ateli\u00ea no Rio de Janeiro.<\/p>\n\n\n\n<p class=\"has-text-align-justify\">Sob os telhados centrais de vidro, atravessando a escada rolante, no segundo andar e nas janelas da rue de S\u00e8vres, rue du Bac e rue de Babylone, o artista entrega sua interpreta\u00e7\u00e3o alegre e espiritual do mito fundador da humanidade, na cultura ocidental, atrav\u00e9s das figuras essenciais de Eva, Ad\u00e3o e a Serpente.<\/p>\n\n\n\n<p>At\u00e9 23 de Fevereiro de 2025 no Le Bon March\u00e9 Rive Gauche.<\/p>\n\n\n\n<p class=\"has-text-align-justify\">Confesso que ainda n\u00e3o tive tempo de visitar as exposi\u00e7\u00f5es, mas assim que tiver um tempinho, vou tentar. Enfim, n\u00e3o tenho tanto tempo para turistar como gostaria. Por\u00e9m, se voc\u00ea estiver turistando em Paris e for amante de arte, moda ou simplesmente bom gosto, aproveite!<\/p>\n\n\n\n<p>Fontes- <a href=\"https:\/\/www.lebonmarche.com\/\" target=\"_blank\" rel=\"noreferrer noopener\">Le Bon March<\/a>\u00e9, <a href=\"https:\/\/www.quaibranly.fr\/fr\/\">Mus\u00e9e du Quay de Branly<\/a> e <a href=\"https:\/\/www.printemps.com\/fr\/fr\/printemps-paris-haussmann\" target=\"_blank\" rel=\"noreferrer noopener\">Printemps<\/a>.<\/p>\n","protected":false},"excerpt":{"rendered":"<p>Como mencionado aqui no blogue h\u00e1 poucos dias, a moda e a arte est\u00e3o vivendo um encontro intenso na capital francesa, revelando suas liga\u00e7\u00f5es intr\u00ednsecas atrav\u00e9s de in\u00fameras exposi\u00e7\u00f5es. Museus e com\u00e9rcios p\u00f5e em destaque a arte da estampa, da tecelagem, as artes gr\u00e1ficas e decorativas e at\u00e9 mesmo nossa querida arte brasileira. Au fil&hellip; <a class=\"more-link\" href=\"https:\/\/blog.panrotas.com.br\/direto-de-paris\/2025\/02\/06\/moda-arte-e-comercios\/\">Continue reading &rarr;<\/a><\/p>\n","protected":false},"author":15,"featured_media":11123,"comment_status":"open","ping_status":"open","sticky":false,"template":"","format":"standard","meta":{"spay_email":""},"categories":[1],"tags":[97,665,198,662,661,667,666],"yoast_head":"<!-- This site is optimized with the Yoast SEO plugin v17.3 - https:\/\/yoast.com\/wordpress\/plugins\/seo\/ -->\n<title>Moda, Arte e Com\u00e9rcios - Direto de Paris<\/title>\n<meta name=\"description\" content=\"Como mencionado h\u00e1 poucos dias, a moda e a arte est\u00e3o vivendo um encontro intenso na capital francesa, revelando suas liga\u00e7\u00f5es...\" \/>\n<meta name=\"robots\" content=\"index, follow, max-snippet:-1, max-image-preview:large, max-video-preview:-1\" \/>\n<link rel=\"canonical\" href=\"https:\/\/blog.panrotas.com.br\/direto-de-paris\/2025\/02\/06\/moda-arte-e-comercios\/\" \/>\n<meta property=\"og:locale\" content=\"pt_BR\" \/>\n<meta property=\"og:type\" content=\"article\" \/>\n<meta property=\"og:title\" content=\"Moda, Arte e Com\u00e9rcios - Direto de Paris\" \/>\n<meta property=\"og:description\" content=\"Como mencionado h\u00e1 poucos dias, a moda e a arte est\u00e3o vivendo um encontro intenso na capital francesa, revelando suas liga\u00e7\u00f5es...\" \/>\n<meta property=\"og:url\" content=\"https:\/\/blog.panrotas.com.br\/direto-de-paris\/2025\/02\/06\/moda-arte-e-comercios\/\" \/>\n<meta property=\"og:site_name\" content=\"Direto de Paris\" \/>\n<meta property=\"article:author\" content=\"https:\/\/www.facebook.com\/Passeiosemparis\/\" \/>\n<meta property=\"article:published_time\" content=\"2025-02-06T13:02:59+00:00\" \/>\n<meta property=\"article:modified_time\" content=\"2025-02-06T14:47:12+00:00\" \/>\n<meta property=\"og:image\" content=\"http:\/\/blog.panrotas.com.br\/direto-de-paris\/wp-content\/uploads\/sites\/26\/2025\/02\/Moda-e-arte-em-Paris.jpg\" \/>\n\t<meta property=\"og:image:width\" content=\"1472\" \/>\n\t<meta property=\"og:image:height\" content=\"832\" \/>\n<meta name=\"twitter:card\" content=\"summary_large_image\" \/>\n<meta name=\"twitter:label1\" content=\"Escrito por\" \/>\n\t<meta name=\"twitter:data1\" content=\"Silvia Helena\" \/>\n\t<meta name=\"twitter:label2\" content=\"Est. tempo de leitura\" \/>\n\t<meta name=\"twitter:data2\" content=\"4 minutos\" \/>\n<script type=\"application\/ld+json\" class=\"yoast-schema-graph\">{\"@context\":\"https:\/\/schema.org\",\"@graph\":[{\"@type\":\"WebSite\",\"@id\":\"https:\/\/blog.panrotas.com.br\/direto-de-paris\/#website\",\"url\":\"https:\/\/blog.panrotas.com.br\/direto-de-paris\/\",\"name\":\"Direto de Paris\",\"description\":\"Blogosfera PANROTAS\",\"potentialAction\":[{\"@type\":\"SearchAction\",\"target\":{\"@type\":\"EntryPoint\",\"urlTemplate\":\"https:\/\/blog.panrotas.com.br\/direto-de-paris\/?s={search_term_string}\"},\"query-input\":\"required name=search_term_string\"}],\"inLanguage\":\"pt-BR\"},{\"@type\":\"ImageObject\",\"@id\":\"https:\/\/blog.panrotas.com.br\/direto-de-paris\/2025\/02\/06\/moda-arte-e-comercios\/#primaryimage\",\"inLanguage\":\"pt-BR\",\"url\":\"https:\/\/blog.panrotas.com.br\/direto-de-paris\/wp-content\/uploads\/sites\/26\/2025\/02\/Moda-e-arte-em-Paris.jpg\",\"contentUrl\":\"https:\/\/blog.panrotas.com.br\/direto-de-paris\/wp-content\/uploads\/sites\/26\/2025\/02\/Moda-e-arte-em-Paris.jpg\",\"width\":1472,\"height\":832,\"caption\":\"Moda e arte em Paris material art\\u00edstico e costura com Torre Eiffel ao fundo\"},{\"@type\":\"WebPage\",\"@id\":\"https:\/\/blog.panrotas.com.br\/direto-de-paris\/2025\/02\/06\/moda-arte-e-comercios\/#webpage\",\"url\":\"https:\/\/blog.panrotas.com.br\/direto-de-paris\/2025\/02\/06\/moda-arte-e-comercios\/\",\"name\":\"Moda, Arte e Com\\u00e9rcios - Direto de Paris\",\"isPartOf\":{\"@id\":\"https:\/\/blog.panrotas.com.br\/direto-de-paris\/#website\"},\"primaryImageOfPage\":{\"@id\":\"https:\/\/blog.panrotas.com.br\/direto-de-paris\/2025\/02\/06\/moda-arte-e-comercios\/#primaryimage\"},\"datePublished\":\"2025-02-06T13:02:59+00:00\",\"dateModified\":\"2025-02-06T14:47:12+00:00\",\"author\":{\"@id\":\"https:\/\/blog.panrotas.com.br\/direto-de-paris\/#\/schema\/person\/0137bff12a66d9bd80e250aa2c7000b3\"},\"description\":\"Como mencionado h\\u00e1 poucos dias, a moda e a arte est\\u00e3o vivendo um encontro intenso na capital francesa, revelando suas liga\\u00e7\\u00f5es...\",\"breadcrumb\":{\"@id\":\"https:\/\/blog.panrotas.com.br\/direto-de-paris\/2025\/02\/06\/moda-arte-e-comercios\/#breadcrumb\"},\"inLanguage\":\"pt-BR\",\"potentialAction\":[{\"@type\":\"ReadAction\",\"target\":[\"https:\/\/blog.panrotas.com.br\/direto-de-paris\/2025\/02\/06\/moda-arte-e-comercios\/\"]}]},{\"@type\":\"BreadcrumbList\",\"@id\":\"https:\/\/blog.panrotas.com.br\/direto-de-paris\/2025\/02\/06\/moda-arte-e-comercios\/#breadcrumb\",\"itemListElement\":[{\"@type\":\"ListItem\",\"position\":1,\"name\":\"In\\u00edcio\",\"item\":\"https:\/\/blog.panrotas.com.br\/direto-de-paris\/\"},{\"@type\":\"ListItem\",\"position\":2,\"name\":\"Moda, Arte e Com\\u00e9rcios\"}]},{\"@type\":\"Person\",\"@id\":\"https:\/\/blog.panrotas.com.br\/direto-de-paris\/#\/schema\/person\/0137bff12a66d9bd80e250aa2c7000b3\",\"name\":\"Silvia Helena\",\"image\":{\"@type\":\"ImageObject\",\"@id\":\"https:\/\/blog.panrotas.com.br\/direto-de-paris\/#personlogo\",\"inLanguage\":\"pt-BR\",\"url\":\"https:\/\/secure.gravatar.com\/avatar\/0278ededd1c842496785759e4fa61c99?s=96&d=mm&r=g\",\"contentUrl\":\"https:\/\/secure.gravatar.com\/avatar\/0278ededd1c842496785759e4fa61c99?s=96&d=mm&r=g\",\"caption\":\"Silvia Helena\"},\"description\":\"Ap\\u00f3s breves passagens pela Faculdade Metodista de S\\u00e3o Bernardo e Belas Artes de S\\u00e3o Paulo, aos 18 anos fui estudar no Canad\\u00e1, onde vivi durante 23 anos. L\\u00e1 me formei em Hist\\u00f3ria da Arte pela Universidade de Montr\\u00e9al, estudei turismo no Coll\\u00e8ge Lasalle de Montr\\u00e9al e no Institut de Tourisme et H\\u00f4tellerie du Qu\\u00e9bec. Comecei minha carreira na \\u00e1rea trabalhando em Cuba. Durante os anos vividos no Canad\\u00e1, entre outras coisas, fui guia de circuitos pela costa leste e abri minha primeira ag\\u00eancia de receptivo para brasileiros. H\\u00e1 18 anos um vento forte bateu nas velas da minha vida me conduzindo at\\u00e9 Fran\\u00e7a. Atualmente escrevo de Paris, onde vivo e trabalho dirigindo a empresa de receptivo, LA BELLE VIE.\",\"sameAs\":[\"http:\/\/brasileirosemparis.com\",\"https:\/\/www.facebook.com\/Passeiosemparis\/\",\"https:\/\/www.instagram.com\/labellevietour\",\"https:\/\/www.linkedin.com\/in\/silvia-helena-96864a17\/\"],\"url\":\"https:\/\/blog.panrotas.com.br\/direto-de-paris\/author\/silvia\/\"}]}<\/script>\n<!-- \/ Yoast SEO plugin. -->","yoast_head_json":{"title":"Moda, Arte e Com\u00e9rcios - Direto de Paris","description":"Como mencionado h\u00e1 poucos dias, a moda e a arte est\u00e3o vivendo um encontro intenso na capital francesa, revelando suas liga\u00e7\u00f5es...","robots":{"index":"index","follow":"follow","max-snippet":"max-snippet:-1","max-image-preview":"max-image-preview:large","max-video-preview":"max-video-preview:-1"},"canonical":"https:\/\/blog.panrotas.com.br\/direto-de-paris\/2025\/02\/06\/moda-arte-e-comercios\/","og_locale":"pt_BR","og_type":"article","og_title":"Moda, Arte e Com\u00e9rcios - Direto de Paris","og_description":"Como mencionado h\u00e1 poucos dias, a moda e a arte est\u00e3o vivendo um encontro intenso na capital francesa, revelando suas liga\u00e7\u00f5es...","og_url":"https:\/\/blog.panrotas.com.br\/direto-de-paris\/2025\/02\/06\/moda-arte-e-comercios\/","og_site_name":"Direto de Paris","article_author":"https:\/\/www.facebook.com\/Passeiosemparis\/","article_published_time":"2025-02-06T13:02:59+00:00","article_modified_time":"2025-02-06T14:47:12+00:00","og_image":[{"width":1472,"height":832,"url":"http:\/\/blog.panrotas.com.br\/direto-de-paris\/wp-content\/uploads\/sites\/26\/2025\/02\/Moda-e-arte-em-Paris.jpg","type":"image\/jpeg"}],"twitter_card":"summary_large_image","twitter_misc":{"Escrito por":"Silvia Helena","Est. tempo de leitura":"4 minutos"},"schema":{"@context":"https:\/\/schema.org","@graph":[{"@type":"WebSite","@id":"https:\/\/blog.panrotas.com.br\/direto-de-paris\/#website","url":"https:\/\/blog.panrotas.com.br\/direto-de-paris\/","name":"Direto de Paris","description":"Blogosfera PANROTAS","potentialAction":[{"@type":"SearchAction","target":{"@type":"EntryPoint","urlTemplate":"https:\/\/blog.panrotas.com.br\/direto-de-paris\/?s={search_term_string}"},"query-input":"required name=search_term_string"}],"inLanguage":"pt-BR"},{"@type":"ImageObject","@id":"https:\/\/blog.panrotas.com.br\/direto-de-paris\/2025\/02\/06\/moda-arte-e-comercios\/#primaryimage","inLanguage":"pt-BR","url":"https:\/\/blog.panrotas.com.br\/direto-de-paris\/wp-content\/uploads\/sites\/26\/2025\/02\/Moda-e-arte-em-Paris.jpg","contentUrl":"https:\/\/blog.panrotas.com.br\/direto-de-paris\/wp-content\/uploads\/sites\/26\/2025\/02\/Moda-e-arte-em-Paris.jpg","width":1472,"height":832,"caption":"Moda e arte em Paris material art\u00edstico e costura com Torre Eiffel ao fundo"},{"@type":"WebPage","@id":"https:\/\/blog.panrotas.com.br\/direto-de-paris\/2025\/02\/06\/moda-arte-e-comercios\/#webpage","url":"https:\/\/blog.panrotas.com.br\/direto-de-paris\/2025\/02\/06\/moda-arte-e-comercios\/","name":"Moda, Arte e Com\u00e9rcios - Direto de Paris","isPartOf":{"@id":"https:\/\/blog.panrotas.com.br\/direto-de-paris\/#website"},"primaryImageOfPage":{"@id":"https:\/\/blog.panrotas.com.br\/direto-de-paris\/2025\/02\/06\/moda-arte-e-comercios\/#primaryimage"},"datePublished":"2025-02-06T13:02:59+00:00","dateModified":"2025-02-06T14:47:12+00:00","author":{"@id":"https:\/\/blog.panrotas.com.br\/direto-de-paris\/#\/schema\/person\/0137bff12a66d9bd80e250aa2c7000b3"},"description":"Como mencionado h\u00e1 poucos dias, a moda e a arte est\u00e3o vivendo um encontro intenso na capital francesa, revelando suas liga\u00e7\u00f5es...","breadcrumb":{"@id":"https:\/\/blog.panrotas.com.br\/direto-de-paris\/2025\/02\/06\/moda-arte-e-comercios\/#breadcrumb"},"inLanguage":"pt-BR","potentialAction":[{"@type":"ReadAction","target":["https:\/\/blog.panrotas.com.br\/direto-de-paris\/2025\/02\/06\/moda-arte-e-comercios\/"]}]},{"@type":"BreadcrumbList","@id":"https:\/\/blog.panrotas.com.br\/direto-de-paris\/2025\/02\/06\/moda-arte-e-comercios\/#breadcrumb","itemListElement":[{"@type":"ListItem","position":1,"name":"In\u00edcio","item":"https:\/\/blog.panrotas.com.br\/direto-de-paris\/"},{"@type":"ListItem","position":2,"name":"Moda, Arte e Com\u00e9rcios"}]},{"@type":"Person","@id":"https:\/\/blog.panrotas.com.br\/direto-de-paris\/#\/schema\/person\/0137bff12a66d9bd80e250aa2c7000b3","name":"Silvia Helena","image":{"@type":"ImageObject","@id":"https:\/\/blog.panrotas.com.br\/direto-de-paris\/#personlogo","inLanguage":"pt-BR","url":"https:\/\/secure.gravatar.com\/avatar\/0278ededd1c842496785759e4fa61c99?s=96&d=mm&r=g","contentUrl":"https:\/\/secure.gravatar.com\/avatar\/0278ededd1c842496785759e4fa61c99?s=96&d=mm&r=g","caption":"Silvia Helena"},"description":"Ap\u00f3s breves passagens pela Faculdade Metodista de S\u00e3o Bernardo e Belas Artes de S\u00e3o Paulo, aos 18 anos fui estudar no Canad\u00e1, onde vivi durante 23 anos. L\u00e1 me formei em Hist\u00f3ria da Arte pela Universidade de Montr\u00e9al, estudei turismo no Coll\u00e8ge Lasalle de Montr\u00e9al e no Institut de Tourisme et H\u00f4tellerie du Qu\u00e9bec. Comecei minha carreira na \u00e1rea trabalhando em Cuba. Durante os anos vividos no Canad\u00e1, entre outras coisas, fui guia de circuitos pela costa leste e abri minha primeira ag\u00eancia de receptivo para brasileiros. H\u00e1 18 anos um vento forte bateu nas velas da minha vida me conduzindo at\u00e9 Fran\u00e7a. Atualmente escrevo de Paris, onde vivo e trabalho dirigindo a empresa de receptivo, LA BELLE VIE.","sameAs":["http:\/\/brasileirosemparis.com","https:\/\/www.facebook.com\/Passeiosemparis\/","https:\/\/www.instagram.com\/labellevietour","https:\/\/www.linkedin.com\/in\/silvia-helena-96864a17\/"],"url":"https:\/\/blog.panrotas.com.br\/direto-de-paris\/author\/silvia\/"}]}},"jetpack_featured_media_url":"https:\/\/blog.panrotas.com.br\/direto-de-paris\/wp-content\/uploads\/sites\/26\/2025\/02\/Moda-e-arte-em-Paris.jpg","_links":{"self":[{"href":"https:\/\/blog.panrotas.com.br\/direto-de-paris\/wp-json\/wp\/v2\/posts\/11115"}],"collection":[{"href":"https:\/\/blog.panrotas.com.br\/direto-de-paris\/wp-json\/wp\/v2\/posts"}],"about":[{"href":"https:\/\/blog.panrotas.com.br\/direto-de-paris\/wp-json\/wp\/v2\/types\/post"}],"author":[{"embeddable":true,"href":"https:\/\/blog.panrotas.com.br\/direto-de-paris\/wp-json\/wp\/v2\/users\/15"}],"replies":[{"embeddable":true,"href":"https:\/\/blog.panrotas.com.br\/direto-de-paris\/wp-json\/wp\/v2\/comments?post=11115"}],"version-history":[{"count":19,"href":"https:\/\/blog.panrotas.com.br\/direto-de-paris\/wp-json\/wp\/v2\/posts\/11115\/revisions"}],"predecessor-version":[{"id":11143,"href":"https:\/\/blog.panrotas.com.br\/direto-de-paris\/wp-json\/wp\/v2\/posts\/11115\/revisions\/11143"}],"wp:featuredmedia":[{"embeddable":true,"href":"https:\/\/blog.panrotas.com.br\/direto-de-paris\/wp-json\/wp\/v2\/media\/11123"}],"wp:attachment":[{"href":"https:\/\/blog.panrotas.com.br\/direto-de-paris\/wp-json\/wp\/v2\/media?parent=11115"}],"wp:term":[{"taxonomy":"category","embeddable":true,"href":"https:\/\/blog.panrotas.com.br\/direto-de-paris\/wp-json\/wp\/v2\/categories?post=11115"},{"taxonomy":"post_tag","embeddable":true,"href":"https:\/\/blog.panrotas.com.br\/direto-de-paris\/wp-json\/wp\/v2\/tags?post=11115"}],"curies":[{"name":"wp","href":"https:\/\/api.w.org\/{rel}","templated":true}]}}