{"id":11160,"date":"2025-02-20T12:26:34","date_gmt":"2025-02-20T15:26:34","guid":{"rendered":"https:\/\/blog.panrotas.com.br\/direto-de-paris\/?p=11160"},"modified":"2025-06-19T04:43:41","modified_gmt":"2025-06-19T07:43:41","slug":"notre-dame-de-paris-sem-reserva","status":"publish","type":"post","link":"https:\/\/blog.panrotas.com.br\/direto-de-paris\/2025\/02\/20\/notre-dame-de-paris-sem-reserva\/","title":{"rendered":"Notre Dame de Paris sem reserva"},"content":{"rendered":"\n<p>Visitando Notre Dame de Paris sem reserva e sem medo de enfrentar fila. <\/p>\n\n\n\n<p class=\"has-text-align-justify\">Desde sua reabertura no in\u00edcio de dezembro, apesar da imensa vontade, resolvi esperar um pouco para visitar a famosa Catedral. Rumores sobre a dificuldade de acesso e minha antipatia por reservas antecipadas mantiveram-me afastada do local at\u00e9 meados de janeiro.<\/p>\n\n\n\n<p>Escrevi anteriormente sobre o <a href=\"https:\/\/blog.panrotas.com.br\/direto-de-paris\/2024\/12\/19\/notre-dame-de-paris-lanca-aplicativo-para-reservas\/\" target=\"_blank\" rel=\"noreferrer noopener\">Aplicativo de Reservas e \u00c1udio Guia da Notre Dame de Paris.<\/a> Agora vamos ver como \u00e9 a visita &#8220;raiz&#8221;do monumento. <\/p>\n\n\n\n<h3>Acesso sem reserva antecipada<\/h3>\n\n\n\n<p class=\"has-text-align-justify\">Por\u00e9m, em uma segunda-feira \u00e0 tarde, tendo deixado o escrit\u00f3rio para participar de reuni\u00f5es de neg\u00f3cios, decidi aproveitar a ocasi\u00e3o. Segundo meus c\u00e1lculos, o primeiro dia \u00fatil da semana deveria poupar a igreja de muitos visitantes: parisienses que est\u00e3o trabalhando, europeus que visitam a cidade no fim de semana, estudantes&#8230;<\/p>\n\n\n\n<p class=\"has-text-align-justify\">E assim, l\u00e1 fui eu, sem reserva antecipada, enfrentar a fila de acesso ao recinto. Afinal, quem se importa em ficar de p\u00e9 admirando essa beleza arquitet\u00f4nica, mesmo que por algum tempo? E nesta segunda-feira, a fila foi t\u00e3o r\u00e1pida que as fotos externas tiveram que esperar a hora da sa\u00edda.<\/p>\n\n\n\n<div class=\"wp-block-image\"><figure class=\"aligncenter size-large\"><img loading=\"lazy\" width=\"696\" height=\"928\" src=\"https:\/\/blog.panrotas.com.br\/direto-de-paris\/wp-content\/uploads\/sites\/26\/2025\/02\/Portal-Julgamento-Final-Notre-Dame-de-Paris.jpg\" alt=\"\" class=\"wp-image-11162\" srcset=\"https:\/\/blog.panrotas.com.br\/direto-de-paris\/wp-content\/uploads\/sites\/26\/2025\/02\/Portal-Julgamento-Final-Notre-Dame-de-Paris.jpg 696w, https:\/\/blog.panrotas.com.br\/direto-de-paris\/wp-content\/uploads\/sites\/26\/2025\/02\/Portal-Julgamento-Final-Notre-Dame-de-Paris-225x300.jpg 225w\" sizes=\"(max-width: 696px) 100vw, 696px\" \/><figcaption>O Ju\u00edzo Final: O Portal do Ju\u00edzo Final data da d\u00e9cada de 1210, instalado ap\u00f3s entre os outros dois portais da fachada. Na iconografia crist\u00e3 da Idade M\u00e9dia, o portal representa o julgamento de Deus quando a alma do falecido \u00e9 ressuscitada. De acordo com a tradi\u00e7\u00e3o crist\u00e3, Deus julgar\u00e1 os vivos e os mortos. O Evangelho de S\u00e3o Mateus relata as palavras de Jesus: &#8220;O que fizestes ao menor dos meus irm\u00e3os, a mim o fizestes&#8221;. (fonte Catedral Notre Dame de Paris)<br><\/figcaption><\/figure><\/div>\n\n\n\n<div class=\"wp-block-image\"><figure class=\"aligncenter size-large\"><img loading=\"lazy\" width=\"696\" height=\"928\" src=\"https:\/\/blog.panrotas.com.br\/direto-de-paris\/wp-content\/uploads\/sites\/26\/2025\/02\/Portal-Notre-Dame-de-Paris.jpg\" alt=\"\" class=\"wp-image-11163\" srcset=\"https:\/\/blog.panrotas.com.br\/direto-de-paris\/wp-content\/uploads\/sites\/26\/2025\/02\/Portal-Notre-Dame-de-Paris.jpg 696w, https:\/\/blog.panrotas.com.br\/direto-de-paris\/wp-content\/uploads\/sites\/26\/2025\/02\/Portal-Notre-Dame-de-Paris-225x300.jpg 225w\" sizes=\"(max-width: 696px) 100vw, 696px\" \/><figcaption>No lintel inferior, os mortos se levantam e saem de seus t\u00famulos. Os anjos tocam a trombeta. Entre essas figuras est\u00e3o um papa, um rei, mulheres, guerreiros e um homem africano. No lintel superior, o Arcanjo Miguel pesa as almas e dois dem\u00f4nios tentam inclinar a balan\u00e7a. Os eleitos s\u00e3o levados para o c\u00e9u (\u00e0 direita de Cristo), enquanto os condenados, acorrentados e aterrorizados, s\u00e3o levados por outros dem\u00f4nios para o inferno. (fonte Notre Dame de Paris)<\/figcaption><\/figure><\/div>\n\n\n\n<h3>Notre Dame de Paris &#8211; no interior da Catedral<\/h3>\n\n\n\n<p class=\"has-text-align-justify\">Agora, se n\u00e3o deu para sentir o peso da multid\u00e3o na fila externa, uma vez dentro da Catedral a sensa\u00e7\u00e3o \u00e9 um pouco surpreendente. Foi necess\u00e1rio algum tempo at\u00e9 que eu me desse conta de que estava sendo levada por uma corrente humana. Parei, sa\u00ed da corrente e fui sentar-me por alguns minutos, tentando encontrar alguma paz.<\/p>\n\n\n\n<p class=\"has-text-align-justify\">Imposs\u00edvel, o espanto e alegria do povar\u00e9u preenchiam todo o espa\u00e7o. Enfim, me deixei levar pela correnteza, registrando com os olhos e a c\u00e2mera todo o encanto do lugar.<\/p>\n\n\n\n<div class=\"wp-block-image\"><figure class=\"aligncenter size-large\"><img loading=\"lazy\" width=\"696\" height=\"928\" src=\"https:\/\/blog.panrotas.com.br\/direto-de-paris\/wp-content\/uploads\/sites\/26\/2025\/02\/Relicario-Notre-Dame-de-Paris.jpg\" alt=\"\" class=\"wp-image-11161\" srcset=\"https:\/\/blog.panrotas.com.br\/direto-de-paris\/wp-content\/uploads\/sites\/26\/2025\/02\/Relicario-Notre-Dame-de-Paris.jpg 696w, https:\/\/blog.panrotas.com.br\/direto-de-paris\/wp-content\/uploads\/sites\/26\/2025\/02\/Relicario-Notre-Dame-de-Paris-225x300.jpg 225w\" sizes=\"(max-width: 696px) 100vw, 696px\" \/><\/figure><\/div>\n\n\n\n<p class=\"has-text-align-justify\">Nem todas as novidades agregam beleza. O relic\u00e1rio da coroa de espinhos, por exemplo, eu n\u00e3o considero uma melhoria. Desprovido de qualquer humildade, seu tamanho me parece uma falta de respeito \u00e0 pr\u00f3pria rel\u00edquia que abriga uma vez por m\u00eas.<\/p>\n\n\n\n<div class=\"wp-block-image\"><figure class=\"aligncenter size-large\"><img loading=\"lazy\" width=\"696\" height=\"928\" src=\"http:\/\/blog.panrotas.com.br\/direto-de-paris\/wp-content\/uploads\/sites\/26\/2025\/02\/NDP-1.jpg\" alt=\"Capela Interior Notre Dame de Paris\" class=\"wp-image-11169\" srcset=\"https:\/\/blog.panrotas.com.br\/direto-de-paris\/wp-content\/uploads\/sites\/26\/2025\/02\/NDP-1.jpg 696w, https:\/\/blog.panrotas.com.br\/direto-de-paris\/wp-content\/uploads\/sites\/26\/2025\/02\/NDP-1-225x300.jpg 225w\" sizes=\"(max-width: 696px) 100vw, 696px\" \/><figcaption>Vinte e nove capelas adicionadas no s\u00e9culo XIII cercam o interior do edif\u00edcio. Aquelas colocados ao redor do coro s\u00e3o chamadas de capelas radiantes. Desejando um servi\u00e7o regular prestado em mem\u00f3ria de um falecido, fam\u00edlias ricas tiveram capelas consagradas na Idade M\u00e9dia. Para fazer isso, as fam\u00edlias criavam uma funda\u00e7\u00e3o, ofereciam uma anuidade a um capel\u00e3o e monopolizam um espa\u00e7o dedicado. O n\u00famero de funda\u00e7\u00f5es aumentou at\u00e9 o s\u00e9culo XIV, assim como as capelas. &nbsp;( fonte Notre Dame de Paris)<\/figcaption><\/figure><\/div>\n\n\n\n<div class=\"wp-block-image\"><figure class=\"aligncenter size-large\"><img loading=\"lazy\" width=\"696\" height=\"928\" src=\"http:\/\/blog.panrotas.com.br\/direto-de-paris\/wp-content\/uploads\/sites\/26\/2025\/02\/Capela-interior-Notre-Dame.jpg\" alt=\"Capela-interior-Notre-Dame\" class=\"wp-image-11166\" srcset=\"https:\/\/blog.panrotas.com.br\/direto-de-paris\/wp-content\/uploads\/sites\/26\/2025\/02\/Capela-interior-Notre-Dame.jpg 696w, https:\/\/blog.panrotas.com.br\/direto-de-paris\/wp-content\/uploads\/sites\/26\/2025\/02\/Capela-interior-Notre-Dame-225x300.jpg 225w\" sizes=\"(max-width: 696px) 100vw, 696px\" \/><figcaption>A Capela: sua decora\u00e7\u00e3o inclui um altar, uma l\u00e2mpada, est\u00e1tuas ou pinturas, os relic\u00e1rios de um santo padroeiro, t\u00famulos e, \u00e0s vezes, uma importante decora\u00e7\u00e3o de parede<\/figcaption><\/figure><\/div>\n\n\n\n<div class=\"wp-block-image\"><figure class=\"aligncenter size-large\"><img loading=\"lazy\" width=\"696\" height=\"928\" src=\"http:\/\/blog.panrotas.com.br\/direto-de-paris\/wp-content\/uploads\/sites\/26\/2025\/02\/Vitral-Notre-Dame.jpg\" alt=\"\" class=\"wp-image-11167\" srcset=\"https:\/\/blog.panrotas.com.br\/direto-de-paris\/wp-content\/uploads\/sites\/26\/2025\/02\/Vitral-Notre-Dame.jpg 696w, https:\/\/blog.panrotas.com.br\/direto-de-paris\/wp-content\/uploads\/sites\/26\/2025\/02\/Vitral-Notre-Dame-225x300.jpg 225w\" sizes=\"(max-width: 696px) 100vw, 696px\" \/><figcaption><strong>Os vitrais de Notre-Dame est\u00e3o entre as obras-primas da arte g\u00f3tica. A arte dos vitrais marca a originalidade da arquitetura medieval. Eles cobrem quase mil metros quadrados de superf\u00edcie da Catedral. Alguns s\u00e3o originais da \u00e9poca, outros foram amplamente restaurados<\/strong><\/figcaption><\/figure><\/div>\n\n\n\n<div class=\"wp-block-image\"><figure class=\"aligncenter size-large is-resized\"><img loading=\"lazy\" src=\"http:\/\/blog.panrotas.com.br\/direto-de-paris\/wp-content\/uploads\/sites\/26\/2025\/02\/Mausoleo-Notre-Dame.jpg\" alt=\"Mausoleo Notre Dame\" class=\"wp-image-11174\" width=\"696\" height=\"928\" srcset=\"https:\/\/blog.panrotas.com.br\/direto-de-paris\/wp-content\/uploads\/sites\/26\/2025\/02\/Mausoleo-Notre-Dame.jpg 696w, https:\/\/blog.panrotas.com.br\/direto-de-paris\/wp-content\/uploads\/sites\/26\/2025\/02\/Mausoleo-Notre-Dame-225x300.jpg 225w\" sizes=\"(max-width: 696px) 100vw, 696px\" \/><figcaption>O mausol\u00e9u do Conde de Harcourt, por Jean-Baptiste Pigalle (1776)<\/figcaption><\/figure><\/div>\n\n\n\n<h3>O P\u00f3rtico Central<\/h3>\n\n\n\n<p class=\"has-text-align-justify\">Fiquei muito feliz em rever uma das pe\u00e7as que mais aprecio da igreja, temia que o fogo ou a reforma do mobili\u00e1rio a tivessem afetado: o p\u00f3rtico central. O p\u00f3rtico \u00e9 uma pe\u00e7a central que aparece nas igrejas  a partir do s\u00e9culo XII com objetivo de fechar o coro. <\/p>\n\n\n\n<p class=\"has-text-align-justify\">Esta &#8220;parede esculpida&#8221; no s\u00e9culo XIV apresenta cenas da vida de Cristo. Como uma tela ilustrada ela cria uma separa\u00e7\u00e3o entre o coro e o ambulat\u00f3rio. Originalmente, oferecia aos religiosos uma \u00e1rea de sil\u00eancio durante os servi\u00e7os.<\/p>\n\n\n\n<p class=\"has-text-align-justify\">Hoje ela oferece a vis\u00e3o de lindas esculturas e cen\u00e1rios minuciosamente talhados com imagens que s\u00e3o raramente t\u00e3o completas na estatu\u00e1ria da Idade M\u00e9dia. <\/p>\n\n\n\n<p class=\"has-text-align-justify\">O p\u00f3rtico retrata de um lado a vida de Cristo:&nbsp;A Visita\u00e7\u00e3o, a Anuncia\u00e7\u00e3o aos Pastores, a Natividade, a Adora\u00e7\u00e3o dos Magos, o Massacre dos Inocentes e a Fuga para o Egito, a Apresenta\u00e7\u00e3o no Templo, Jesus no meio dos Doutores, o Batismo de Cristo por S\u00e3o Jo\u00e3o nas \u00e1guas do Jord\u00e3o, as Bodas de Can\u00e1, a Entrada em Jerusal\u00e9m, a \u00daltima Ceia e o Lava-p\u00e9s, Cristo no Horto das Oliveiras. E do outro lado apari\u00e7\u00f5es de Cristo inspirados no Evangelho de Nicomedes e outros grupos esculpidos que contam a hist\u00f3ria das apari\u00e7\u00f5es de Cristo \u00e0s Santas Mulheres e a S\u00e3o Pedro, aos disc\u00edpulos de Ema\u00fas, a S\u00e3o Tom\u00e9 e a v\u00e1rios ap\u00f3stolos juntos. No passado, uma crucifica\u00e7\u00e3o coroava a porta da frente. Essa pe\u00e7a encontra-se atualmente no Museu do Louvre.<\/p>\n\n\n\n<div class=\"wp-block-image\"><figure class=\"aligncenter size-large is-resized\"><img loading=\"lazy\" src=\"http:\/\/blog.panrotas.com.br\/direto-de-paris\/wp-content\/uploads\/sites\/26\/2025\/02\/Portico-ou-Coro-Notre-Dame-de-Paris1-1024x768.jpg\" alt=\"\" class=\"wp-image-11179\" width=\"1004\" height=\"753\" srcset=\"https:\/\/blog.panrotas.com.br\/direto-de-paris\/wp-content\/uploads\/sites\/26\/2025\/02\/Portico-ou-Coro-Notre-Dame-de-Paris1-1024x768.jpg 1024w, https:\/\/blog.panrotas.com.br\/direto-de-paris\/wp-content\/uploads\/sites\/26\/2025\/02\/Portico-ou-Coro-Notre-Dame-de-Paris1-300x225.jpg 300w, https:\/\/blog.panrotas.com.br\/direto-de-paris\/wp-content\/uploads\/sites\/26\/2025\/02\/Portico-ou-Coro-Notre-Dame-de-Paris1-768x576.jpg 768w, https:\/\/blog.panrotas.com.br\/direto-de-paris\/wp-content\/uploads\/sites\/26\/2025\/02\/Portico-ou-Coro-Notre-Dame-de-Paris1-740x555.jpg 740w, https:\/\/blog.panrotas.com.br\/direto-de-paris\/wp-content\/uploads\/sites\/26\/2025\/02\/Portico-ou-Coro-Notre-Dame-de-Paris1.jpg 1237w\" sizes=\"(max-width: 1004px) 100vw, 1004px\" \/><figcaption>Nas primeiras bas\u00edlicas crist\u00e3s, os relic\u00e1rios colocados no coro preservavam rel\u00edquias. No s\u00e9culo XII, o p\u00f3rtico aparece para fechar o coro. <br><\/figcaption><\/figure><\/div>\n\n\n\n<div class=\"wp-block-image\"><figure class=\"aligncenter size-large is-resized\"><img loading=\"lazy\" src=\"https:\/\/blog.panrotas.com.br\/direto-de-paris\/wp-content\/uploads\/sites\/26\/2025\/02\/Portico-central-1024x768.jpg\" alt=\"\" class=\"wp-image-11184\" width=\"1004\" height=\"753\" srcset=\"https:\/\/blog.panrotas.com.br\/direto-de-paris\/wp-content\/uploads\/sites\/26\/2025\/02\/Portico-central-1024x768.jpg 1024w, https:\/\/blog.panrotas.com.br\/direto-de-paris\/wp-content\/uploads\/sites\/26\/2025\/02\/Portico-central-300x225.jpg 300w, https:\/\/blog.panrotas.com.br\/direto-de-paris\/wp-content\/uploads\/sites\/26\/2025\/02\/Portico-central-768x576.jpg 768w, https:\/\/blog.panrotas.com.br\/direto-de-paris\/wp-content\/uploads\/sites\/26\/2025\/02\/Portico-central-740x555.jpg 740w, https:\/\/blog.panrotas.com.br\/direto-de-paris\/wp-content\/uploads\/sites\/26\/2025\/02\/Portico-central.jpg 1237w\" sizes=\"(max-width: 1004px) 100vw, 1004px\" \/><\/figure><\/div>\n\n\n\n<p class=\"has-text-align-justify\">A forte ilumina\u00e7\u00e3o artificial do teto enfraquece um pouco o encanto da luz filtrada que atravessa os vitrais e acaba lembrando um centro comercial. No entanto, isso \u00e9 uma quest\u00e3o de gosto e gosto n\u00e3o se discute. <\/p>\n\n\n\n<div class=\"wp-block-image\"><figure class=\"aligncenter size-large\"><img loading=\"lazy\" width=\"1024\" height=\"768\" src=\"http:\/\/blog.panrotas.com.br\/direto-de-paris\/wp-content\/uploads\/sites\/26\/2025\/02\/Rosacea-Sul-1024x768.jpg\" alt=\"\" class=\"wp-image-11171\" srcset=\"https:\/\/blog.panrotas.com.br\/direto-de-paris\/wp-content\/uploads\/sites\/26\/2025\/02\/Rosacea-Sul-1024x768.jpg 1024w, https:\/\/blog.panrotas.com.br\/direto-de-paris\/wp-content\/uploads\/sites\/26\/2025\/02\/Rosacea-Sul-300x225.jpg 300w, https:\/\/blog.panrotas.com.br\/direto-de-paris\/wp-content\/uploads\/sites\/26\/2025\/02\/Rosacea-Sul-768x576.jpg 768w, https:\/\/blog.panrotas.com.br\/direto-de-paris\/wp-content\/uploads\/sites\/26\/2025\/02\/Rosacea-Sul-740x555.jpg 740w, https:\/\/blog.panrotas.com.br\/direto-de-paris\/wp-content\/uploads\/sites\/26\/2025\/02\/Rosacea-Sul.jpg 1196w\" sizes=\"(max-width: 1024px) 100vw, 1024px\" \/><figcaption>A Rosacea, tamb\u00e9m conhecida como rosa do sul, foi oferecida a Catedral pelo rei Saint Louis. Foi constru\u00edda em 1260 em eco da Rosacea norte, constru\u00eddo em torno de 1250.<br>Ela mede quase treze metros de di\u00e2metro. Possui oitenta e quatro pain\u00e9is espalhados por quatro c\u00edrculos. Seu n\u00famero \u00e9 baseado nos n\u00fameros simb\u00f3licos quatro, doze e vinte e quatro. Os doze ap\u00f3stolos s\u00e3o divididos em dois c\u00edrculos. Eles se misturaram com santos m\u00e1rtires frequentemente homenageados na Fran\u00e7a, incluindo Laurent, Denis (primeiro bispo de Paris), Pothinus (bispo de Lyon), Marguerite, Blandine, Georges, Ambroise, Eustache. O terceiro e o quarto c\u00edrculos retratam cenas do Novo e do Antigo Testamento, a fuga para o Egito, a cura de um paral\u00edtico, o julgamento de Salom\u00e3o e a Anuncia\u00e7\u00e3o. Nove cenas da vida de S\u00e3o Mateus datam do final do s\u00e9culo XII. As duas &#8220;encruzilhadas&#8221; representam de um lado a descida ao inferno, cercada por Mois\u00e9s e Ar\u00e3o (acima) e a tenta\u00e7\u00e3o de Ad\u00e3o e Eva (abaixo); do outro, a ressurrei\u00e7\u00e3o de Cristo, com S\u00e3o Pedro e S\u00e3o Paulo (abaixo), Santa Madalena e S\u00e3o Jo\u00e3o (acima). (fonte <a href=\"https:\/\/www.notredamedeparis.fr\/\" target=\"_blank\" rel=\"noreferrer noopener\">Notre Dame de Paris<\/a>)<\/figcaption><\/figure><\/div>\n\n\n\n<p class=\"has-text-align-justify\">Apesar da multid\u00e3o (da qual eu fazia parte), como esperado, a Catedral Notre Dame de Paris est\u00e1 maravilhosa e a visita sempre vale a pena, com ou sem reserva antecipada.<\/p>\n\n\n\n<p> Veja mais imagens neste reel que acabei de postar:<\/p>\n\n\n\n<figure class=\"wp-block-embed aligncenter is-type-rich is-provider-instagram wp-block-embed-instagram\"><div class=\"wp-block-embed__wrapper\">\n<blockquote class=\"instagram-media\" data-instgrm-captioned data-instgrm-permalink=\"https:\/\/www.instagram.com\/reel\/DGSmEFgtX0y\/?utm_source=ig_embed&amp;utm_campaign=loading\" data-instgrm-version=\"14\" style=\" background:#FFF; border:0; border-radius:3px; box-shadow:0 0 1px 0 rgba(0,0,0,0.5),0 1px 10px 0 rgba(0,0,0,0.15); margin: 1px; max-width:658px; min-width:326px; padding:0; width:99.375%; width:-webkit-calc(100% - 2px); width:calc(100% - 2px);\"><div style=\"padding:16px;\"> <a href=\"https:\/\/www.instagram.com\/reel\/DGSmEFgtX0y\/?utm_source=ig_embed&amp;utm_campaign=loading\" style=\" background:#FFFFFF; line-height:0; padding:0 0; text-align:center; text-decoration:none; width:100%;\" target=\"_blank\"> <div style=\" display: flex; flex-direction: row; align-items: center;\"> <div style=\"background-color: #F4F4F4; border-radius: 50%; flex-grow: 0; height: 40px; margin-right: 14px; width: 40px;\"><\/div> <div style=\"display: flex; flex-direction: column; flex-grow: 1; justify-content: center;\"> <div style=\" background-color: #F4F4F4; border-radius: 4px; flex-grow: 0; height: 14px; margin-bottom: 6px; width: 100px;\"><\/div> <div style=\" background-color: #F4F4F4; border-radius: 4px; flex-grow: 0; height: 14px; width: 60px;\"><\/div><\/div><\/div><div style=\"padding: 19% 0;\"><\/div> <div style=\"display:block; height:50px; margin:0 auto 12px; width:50px;\"><svg width=\"50px\" height=\"50px\" viewBox=\"0 0 60 60\" version=\"1.1\" xmlns=\"https:\/\/www.w3.org\/2000\/svg\" xmlns:xlink=\"https:\/\/www.w3.org\/1999\/xlink\"><g stroke=\"none\" stroke-width=\"1\" fill=\"none\" fill-rule=\"evenodd\"><g transform=\"translate(-511.000000, -20.000000)\" fill=\"#000000\"><g><path d=\"M556.869,30.41 C554.814,30.41 553.148,32.076 553.148,34.131 C553.148,36.186 554.814,37.852 556.869,37.852 C558.924,37.852 560.59,36.186 560.59,34.131 C560.59,32.076 558.924,30.41 556.869,30.41 M541,60.657 C535.114,60.657 530.342,55.887 530.342,50 C530.342,44.114 535.114,39.342 541,39.342 C546.887,39.342 551.658,44.114 551.658,50 C551.658,55.887 546.887,60.657 541,60.657 M541,33.886 C532.1,33.886 524.886,41.1 524.886,50 C524.886,58.899 532.1,66.113 541,66.113 C549.9,66.113 557.115,58.899 557.115,50 C557.115,41.1 549.9,33.886 541,33.886 M565.378,62.101 C565.244,65.022 564.756,66.606 564.346,67.663 C563.803,69.06 563.154,70.057 562.106,71.106 C561.058,72.155 560.06,72.803 558.662,73.347 C557.607,73.757 556.021,74.244 553.102,74.378 C549.944,74.521 548.997,74.552 541,74.552 C533.003,74.552 532.056,74.521 528.898,74.378 C525.979,74.244 524.393,73.757 523.338,73.347 C521.94,72.803 520.942,72.155 519.894,71.106 C518.846,70.057 518.197,69.06 517.654,67.663 C517.244,66.606 516.755,65.022 516.623,62.101 C516.479,58.943 516.448,57.996 516.448,50 C516.448,42.003 516.479,41.056 516.623,37.899 C516.755,34.978 517.244,33.391 517.654,32.338 C518.197,30.938 518.846,29.942 519.894,28.894 C520.942,27.846 521.94,27.196 523.338,26.654 C524.393,26.244 525.979,25.756 528.898,25.623 C532.057,25.479 533.004,25.448 541,25.448 C548.997,25.448 549.943,25.479 553.102,25.623 C556.021,25.756 557.607,26.244 558.662,26.654 C560.06,27.196 561.058,27.846 562.106,28.894 C563.154,29.942 563.803,30.938 564.346,32.338 C564.756,33.391 565.244,34.978 565.378,37.899 C565.522,41.056 565.552,42.003 565.552,50 C565.552,57.996 565.522,58.943 565.378,62.101 M570.82,37.631 C570.674,34.438 570.167,32.258 569.425,30.349 C568.659,28.377 567.633,26.702 565.965,25.035 C564.297,23.368 562.623,22.342 560.652,21.575 C558.743,20.834 556.562,20.326 553.369,20.18 C550.169,20.033 549.148,20 541,20 C532.853,20 531.831,20.033 528.631,20.18 C525.438,20.326 523.257,20.834 521.349,21.575 C519.376,22.342 517.703,23.368 516.035,25.035 C514.368,26.702 513.342,28.377 512.574,30.349 C511.834,32.258 511.326,34.438 511.181,37.631 C511.035,40.831 511,41.851 511,50 C511,58.147 511.035,59.17 511.181,62.369 C511.326,65.562 511.834,67.743 512.574,69.651 C513.342,71.625 514.368,73.296 516.035,74.965 C517.703,76.634 519.376,77.658 521.349,78.425 C523.257,79.167 525.438,79.673 528.631,79.82 C531.831,79.965 532.853,80.001 541,80.001 C549.148,80.001 550.169,79.965 553.369,79.82 C556.562,79.673 558.743,79.167 560.652,78.425 C562.623,77.658 564.297,76.634 565.965,74.965 C567.633,73.296 568.659,71.625 569.425,69.651 C570.167,67.743 570.674,65.562 570.82,62.369 C570.966,59.17 571,58.147 571,50 C571,41.851 570.966,40.831 570.82,37.631\"><\/path><\/g><\/g><\/g><\/svg><\/div><div style=\"padding-top: 8px;\"> <div style=\" color:#3897f0; font-family:Arial,sans-serif; font-size:14px; font-style:normal; font-weight:550; line-height:18px;\">View this post on Instagram<\/div><\/div><div style=\"padding: 12.5% 0;\"><\/div> <div style=\"display: flex; flex-direction: row; margin-bottom: 14px; align-items: center;\"><div> <div style=\"background-color: #F4F4F4; border-radius: 50%; height: 12.5px; width: 12.5px; transform: translateX(0px) translateY(7px);\"><\/div> <div style=\"background-color: #F4F4F4; height: 12.5px; transform: rotate(-45deg) translateX(3px) translateY(1px); width: 12.5px; flex-grow: 0; margin-right: 14px; margin-left: 2px;\"><\/div> <div style=\"background-color: #F4F4F4; border-radius: 50%; height: 12.5px; width: 12.5px; transform: translateX(9px) translateY(-18px);\"><\/div><\/div><div style=\"margin-left: 8px;\"> <div style=\" background-color: #F4F4F4; border-radius: 50%; flex-grow: 0; height: 20px; width: 20px;\"><\/div> <div style=\" width: 0; height: 0; border-top: 2px solid transparent; border-left: 6px solid #f4f4f4; border-bottom: 2px solid transparent; transform: translateX(16px) translateY(-4px) rotate(30deg)\"><\/div><\/div><div style=\"margin-left: auto;\"> <div style=\" width: 0px; border-top: 8px solid #F4F4F4; border-right: 8px solid transparent; transform: translateY(16px);\"><\/div> <div style=\" background-color: #F4F4F4; flex-grow: 0; height: 12px; width: 16px; transform: translateY(-4px);\"><\/div> <div style=\" width: 0; height: 0; border-top: 8px solid #F4F4F4; border-left: 8px solid transparent; transform: translateY(-4px) translateX(8px);\"><\/div><\/div><\/div> <div style=\"display: flex; flex-direction: column; flex-grow: 1; justify-content: center; margin-bottom: 24px;\"> <div style=\" background-color: #F4F4F4; border-radius: 4px; flex-grow: 0; height: 14px; margin-bottom: 6px; width: 224px;\"><\/div> <div style=\" background-color: #F4F4F4; border-radius: 4px; flex-grow: 0; height: 14px; width: 144px;\"><\/div><\/div><\/a><p style=\" color:#c9c8cd; font-family:Arial,sans-serif; font-size:14px; line-height:17px; margin-bottom:0; margin-top:8px; overflow:hidden; padding:8px 0 7px; text-align:center; text-overflow:ellipsis; white-space:nowrap;\"><a href=\"https:\/\/www.instagram.com\/reel\/DGSmEFgtX0y\/?utm_source=ig_embed&amp;utm_campaign=loading\" style=\" color:#c9c8cd; font-family:Arial,sans-serif; font-size:14px; font-style:normal; font-weight:normal; line-height:17px; text-decoration:none;\" target=\"_blank\">A post shared by La Belle Vie (@labellevietour)<\/a><\/p><\/div><\/blockquote><script async src=\"\/\/platform.instagram.com\/en_US\/embeds.js\"><\/script>\n<\/div><\/figure>\n\n\n\n<h3>Hor\u00e1rio de funcionamento da catedral<\/h3>\n\n\n\n<ul><li><strong>Segunda a sexta-feira:<\/strong>&nbsp;7h50 \u2013 19h<\/li><\/ul>\n\n\n\n<p><em>*Encerra \u00e0s quintas-feiras \u00e0s 22h<\/em><\/p>\n\n\n\n<ul><li><strong>S\u00e1bado e domingo:<\/strong>&nbsp;8h15 \u2013 19h30<\/li><\/ul>\n\n\n\n<p><em>\u00daltima entrada 30 minutos antes do fechamento.<\/em><\/p>\n","protected":false},"excerpt":{"rendered":"<p>Visitando Notre Dame de Paris sem reserva e sem medo de enfrentar fila. Desde sua reabertura no in\u00edcio de dezembro, apesar da imensa vontade, resolvi esperar um pouco para visitar a famosa Catedral. Rumores sobre a dificuldade de acesso e minha antipatia por reservas antecipadas mantiveram-me afastada do local at\u00e9 meados de janeiro. Escrevi anteriormente&hellip; <a class=\"more-link\" href=\"https:\/\/blog.panrotas.com.br\/direto-de-paris\/2025\/02\/20\/notre-dame-de-paris-sem-reserva\/\">Continue reading &rarr;<\/a><\/p>\n","protected":false},"author":15,"featured_media":11177,"comment_status":"open","ping_status":"open","sticky":false,"template":"","format":"standard","meta":{"spay_email":""},"categories":[1],"tags":[337,646],"yoast_head":"<!-- This site is optimized with the Yoast SEO plugin v17.3 - https:\/\/yoast.com\/wordpress\/plugins\/seo\/ -->\n<title>Notre Dame de Paris sem reserva - Direto de Paris<\/title>\n<meta name=\"description\" content=\"Notre Dame de Paris-Desde sua reabertura no in\u00edcio de dezembro, apesar da imensa vontade, resolvi esperar um pouco para visitar a Catedral.\" \/>\n<meta name=\"robots\" content=\"index, follow, max-snippet:-1, max-image-preview:large, max-video-preview:-1\" \/>\n<link rel=\"canonical\" href=\"https:\/\/blog.panrotas.com.br\/direto-de-paris\/2025\/02\/20\/notre-dame-de-paris-sem-reserva\/\" \/>\n<meta property=\"og:locale\" content=\"pt_BR\" \/>\n<meta property=\"og:type\" content=\"article\" \/>\n<meta property=\"og:title\" content=\"Notre Dame de Paris sem reserva - Direto de Paris\" \/>\n<meta property=\"og:description\" content=\"Notre Dame de Paris-Desde sua reabertura no in\u00edcio de dezembro, apesar da imensa vontade, resolvi esperar um pouco para visitar a Catedral.\" \/>\n<meta property=\"og:url\" content=\"https:\/\/blog.panrotas.com.br\/direto-de-paris\/2025\/02\/20\/notre-dame-de-paris-sem-reserva\/\" \/>\n<meta property=\"og:site_name\" content=\"Direto de Paris\" \/>\n<meta property=\"article:author\" content=\"https:\/\/www.facebook.com\/Passeiosemparis\/\" \/>\n<meta property=\"article:published_time\" content=\"2025-02-20T15:26:34+00:00\" \/>\n<meta property=\"article:modified_time\" content=\"2025-06-19T07:43:41+00:00\" \/>\n<meta property=\"og:image\" content=\"http:\/\/blog.panrotas.com.br\/direto-de-paris\/wp-content\/uploads\/sites\/26\/2025\/02\/Visita-a-Notre-Dame-de-Paris.jpg\" \/>\n\t<meta property=\"og:image:width\" content=\"1237\" \/>\n\t<meta property=\"og:image:height\" content=\"928\" \/>\n<meta name=\"twitter:card\" content=\"summary_large_image\" \/>\n<meta name=\"twitter:label1\" content=\"Escrito por\" \/>\n\t<meta name=\"twitter:data1\" content=\"Silvia Helena\" \/>\n\t<meta name=\"twitter:label2\" content=\"Est. tempo de leitura\" \/>\n\t<meta name=\"twitter:data2\" content=\"8 minutos\" \/>\n<script type=\"application\/ld+json\" class=\"yoast-schema-graph\">{\"@context\":\"https:\/\/schema.org\",\"@graph\":[{\"@type\":\"WebSite\",\"@id\":\"https:\/\/blog.panrotas.com.br\/direto-de-paris\/#website\",\"url\":\"https:\/\/blog.panrotas.com.br\/direto-de-paris\/\",\"name\":\"Direto de Paris\",\"description\":\"Blogosfera PANROTAS\",\"potentialAction\":[{\"@type\":\"SearchAction\",\"target\":{\"@type\":\"EntryPoint\",\"urlTemplate\":\"https:\/\/blog.panrotas.com.br\/direto-de-paris\/?s={search_term_string}\"},\"query-input\":\"required name=search_term_string\"}],\"inLanguage\":\"pt-BR\"},{\"@type\":\"ImageObject\",\"@id\":\"https:\/\/blog.panrotas.com.br\/direto-de-paris\/2025\/02\/20\/notre-dame-de-paris-sem-reserva\/#primaryimage\",\"inLanguage\":\"pt-BR\",\"url\":\"https:\/\/blog.panrotas.com.br\/direto-de-paris\/wp-content\/uploads\/sites\/26\/2025\/02\/Visita-a-Notre-Dame-de-Paris.jpg\",\"contentUrl\":\"https:\/\/blog.panrotas.com.br\/direto-de-paris\/wp-content\/uploads\/sites\/26\/2025\/02\/Visita-a-Notre-Dame-de-Paris.jpg\",\"width\":1237,\"height\":928,\"caption\":\"Notre Dame de Paris interior\"},{\"@type\":\"WebPage\",\"@id\":\"https:\/\/blog.panrotas.com.br\/direto-de-paris\/2025\/02\/20\/notre-dame-de-paris-sem-reserva\/#webpage\",\"url\":\"https:\/\/blog.panrotas.com.br\/direto-de-paris\/2025\/02\/20\/notre-dame-de-paris-sem-reserva\/\",\"name\":\"Notre Dame de Paris sem reserva - Direto de Paris\",\"isPartOf\":{\"@id\":\"https:\/\/blog.panrotas.com.br\/direto-de-paris\/#website\"},\"primaryImageOfPage\":{\"@id\":\"https:\/\/blog.panrotas.com.br\/direto-de-paris\/2025\/02\/20\/notre-dame-de-paris-sem-reserva\/#primaryimage\"},\"datePublished\":\"2025-02-20T15:26:34+00:00\",\"dateModified\":\"2025-06-19T07:43:41+00:00\",\"author\":{\"@id\":\"https:\/\/blog.panrotas.com.br\/direto-de-paris\/#\/schema\/person\/0137bff12a66d9bd80e250aa2c7000b3\"},\"description\":\"Notre Dame de Paris-Desde sua reabertura no in\\u00edcio de dezembro, apesar da imensa vontade, resolvi esperar um pouco para visitar a Catedral.\",\"breadcrumb\":{\"@id\":\"https:\/\/blog.panrotas.com.br\/direto-de-paris\/2025\/02\/20\/notre-dame-de-paris-sem-reserva\/#breadcrumb\"},\"inLanguage\":\"pt-BR\",\"potentialAction\":[{\"@type\":\"ReadAction\",\"target\":[\"https:\/\/blog.panrotas.com.br\/direto-de-paris\/2025\/02\/20\/notre-dame-de-paris-sem-reserva\/\"]}]},{\"@type\":\"BreadcrumbList\",\"@id\":\"https:\/\/blog.panrotas.com.br\/direto-de-paris\/2025\/02\/20\/notre-dame-de-paris-sem-reserva\/#breadcrumb\",\"itemListElement\":[{\"@type\":\"ListItem\",\"position\":1,\"name\":\"In\\u00edcio\",\"item\":\"https:\/\/blog.panrotas.com.br\/direto-de-paris\/\"},{\"@type\":\"ListItem\",\"position\":2,\"name\":\"Notre Dame de Paris sem reserva\"}]},{\"@type\":\"Person\",\"@id\":\"https:\/\/blog.panrotas.com.br\/direto-de-paris\/#\/schema\/person\/0137bff12a66d9bd80e250aa2c7000b3\",\"name\":\"Silvia Helena\",\"image\":{\"@type\":\"ImageObject\",\"@id\":\"https:\/\/blog.panrotas.com.br\/direto-de-paris\/#personlogo\",\"inLanguage\":\"pt-BR\",\"url\":\"https:\/\/secure.gravatar.com\/avatar\/0278ededd1c842496785759e4fa61c99?s=96&d=mm&r=g\",\"contentUrl\":\"https:\/\/secure.gravatar.com\/avatar\/0278ededd1c842496785759e4fa61c99?s=96&d=mm&r=g\",\"caption\":\"Silvia Helena\"},\"description\":\"Ap\\u00f3s breves passagens pela Faculdade Metodista de S\\u00e3o Bernardo e Belas Artes de S\\u00e3o Paulo, aos 18 anos fui estudar no Canad\\u00e1, onde vivi durante 23 anos. L\\u00e1 me formei em Hist\\u00f3ria da Arte pela Universidade de Montr\\u00e9al, estudei turismo no Coll\\u00e8ge Lasalle de Montr\\u00e9al e no Institut de Tourisme et H\\u00f4tellerie du Qu\\u00e9bec. Comecei minha carreira na \\u00e1rea trabalhando em Cuba. Durante os anos vividos no Canad\\u00e1, entre outras coisas, fui guia de circuitos pela costa leste e abri minha primeira ag\\u00eancia de receptivo para brasileiros. H\\u00e1 18 anos um vento forte bateu nas velas da minha vida me conduzindo at\\u00e9 Fran\\u00e7a. Atualmente escrevo de Paris, onde vivo e trabalho dirigindo a empresa de receptivo, LA BELLE VIE.\",\"sameAs\":[\"http:\/\/brasileirosemparis.com\",\"https:\/\/www.facebook.com\/Passeiosemparis\/\",\"https:\/\/www.instagram.com\/labellevietour\",\"https:\/\/www.linkedin.com\/in\/silvia-helena-96864a17\/\"],\"url\":\"https:\/\/blog.panrotas.com.br\/direto-de-paris\/author\/silvia\/\"}]}<\/script>\n<!-- \/ Yoast SEO plugin. -->","yoast_head_json":{"title":"Notre Dame de Paris sem reserva - Direto de Paris","description":"Notre Dame de Paris-Desde sua reabertura no in\u00edcio de dezembro, apesar da imensa vontade, resolvi esperar um pouco para visitar a Catedral.","robots":{"index":"index","follow":"follow","max-snippet":"max-snippet:-1","max-image-preview":"max-image-preview:large","max-video-preview":"max-video-preview:-1"},"canonical":"https:\/\/blog.panrotas.com.br\/direto-de-paris\/2025\/02\/20\/notre-dame-de-paris-sem-reserva\/","og_locale":"pt_BR","og_type":"article","og_title":"Notre Dame de Paris sem reserva - Direto de Paris","og_description":"Notre Dame de Paris-Desde sua reabertura no in\u00edcio de dezembro, apesar da imensa vontade, resolvi esperar um pouco para visitar a Catedral.","og_url":"https:\/\/blog.panrotas.com.br\/direto-de-paris\/2025\/02\/20\/notre-dame-de-paris-sem-reserva\/","og_site_name":"Direto de Paris","article_author":"https:\/\/www.facebook.com\/Passeiosemparis\/","article_published_time":"2025-02-20T15:26:34+00:00","article_modified_time":"2025-06-19T07:43:41+00:00","og_image":[{"width":1237,"height":928,"url":"http:\/\/blog.panrotas.com.br\/direto-de-paris\/wp-content\/uploads\/sites\/26\/2025\/02\/Visita-a-Notre-Dame-de-Paris.jpg","type":"image\/jpeg"}],"twitter_card":"summary_large_image","twitter_misc":{"Escrito por":"Silvia Helena","Est. tempo de leitura":"8 minutos"},"schema":{"@context":"https:\/\/schema.org","@graph":[{"@type":"WebSite","@id":"https:\/\/blog.panrotas.com.br\/direto-de-paris\/#website","url":"https:\/\/blog.panrotas.com.br\/direto-de-paris\/","name":"Direto de Paris","description":"Blogosfera PANROTAS","potentialAction":[{"@type":"SearchAction","target":{"@type":"EntryPoint","urlTemplate":"https:\/\/blog.panrotas.com.br\/direto-de-paris\/?s={search_term_string}"},"query-input":"required name=search_term_string"}],"inLanguage":"pt-BR"},{"@type":"ImageObject","@id":"https:\/\/blog.panrotas.com.br\/direto-de-paris\/2025\/02\/20\/notre-dame-de-paris-sem-reserva\/#primaryimage","inLanguage":"pt-BR","url":"https:\/\/blog.panrotas.com.br\/direto-de-paris\/wp-content\/uploads\/sites\/26\/2025\/02\/Visita-a-Notre-Dame-de-Paris.jpg","contentUrl":"https:\/\/blog.panrotas.com.br\/direto-de-paris\/wp-content\/uploads\/sites\/26\/2025\/02\/Visita-a-Notre-Dame-de-Paris.jpg","width":1237,"height":928,"caption":"Notre Dame de Paris interior"},{"@type":"WebPage","@id":"https:\/\/blog.panrotas.com.br\/direto-de-paris\/2025\/02\/20\/notre-dame-de-paris-sem-reserva\/#webpage","url":"https:\/\/blog.panrotas.com.br\/direto-de-paris\/2025\/02\/20\/notre-dame-de-paris-sem-reserva\/","name":"Notre Dame de Paris sem reserva - Direto de Paris","isPartOf":{"@id":"https:\/\/blog.panrotas.com.br\/direto-de-paris\/#website"},"primaryImageOfPage":{"@id":"https:\/\/blog.panrotas.com.br\/direto-de-paris\/2025\/02\/20\/notre-dame-de-paris-sem-reserva\/#primaryimage"},"datePublished":"2025-02-20T15:26:34+00:00","dateModified":"2025-06-19T07:43:41+00:00","author":{"@id":"https:\/\/blog.panrotas.com.br\/direto-de-paris\/#\/schema\/person\/0137bff12a66d9bd80e250aa2c7000b3"},"description":"Notre Dame de Paris-Desde sua reabertura no in\u00edcio de dezembro, apesar da imensa vontade, resolvi esperar um pouco para visitar a Catedral.","breadcrumb":{"@id":"https:\/\/blog.panrotas.com.br\/direto-de-paris\/2025\/02\/20\/notre-dame-de-paris-sem-reserva\/#breadcrumb"},"inLanguage":"pt-BR","potentialAction":[{"@type":"ReadAction","target":["https:\/\/blog.panrotas.com.br\/direto-de-paris\/2025\/02\/20\/notre-dame-de-paris-sem-reserva\/"]}]},{"@type":"BreadcrumbList","@id":"https:\/\/blog.panrotas.com.br\/direto-de-paris\/2025\/02\/20\/notre-dame-de-paris-sem-reserva\/#breadcrumb","itemListElement":[{"@type":"ListItem","position":1,"name":"In\u00edcio","item":"https:\/\/blog.panrotas.com.br\/direto-de-paris\/"},{"@type":"ListItem","position":2,"name":"Notre Dame de Paris sem reserva"}]},{"@type":"Person","@id":"https:\/\/blog.panrotas.com.br\/direto-de-paris\/#\/schema\/person\/0137bff12a66d9bd80e250aa2c7000b3","name":"Silvia Helena","image":{"@type":"ImageObject","@id":"https:\/\/blog.panrotas.com.br\/direto-de-paris\/#personlogo","inLanguage":"pt-BR","url":"https:\/\/secure.gravatar.com\/avatar\/0278ededd1c842496785759e4fa61c99?s=96&d=mm&r=g","contentUrl":"https:\/\/secure.gravatar.com\/avatar\/0278ededd1c842496785759e4fa61c99?s=96&d=mm&r=g","caption":"Silvia Helena"},"description":"Ap\u00f3s breves passagens pela Faculdade Metodista de S\u00e3o Bernardo e Belas Artes de S\u00e3o Paulo, aos 18 anos fui estudar no Canad\u00e1, onde vivi durante 23 anos. L\u00e1 me formei em Hist\u00f3ria da Arte pela Universidade de Montr\u00e9al, estudei turismo no Coll\u00e8ge Lasalle de Montr\u00e9al e no Institut de Tourisme et H\u00f4tellerie du Qu\u00e9bec. Comecei minha carreira na \u00e1rea trabalhando em Cuba. Durante os anos vividos no Canad\u00e1, entre outras coisas, fui guia de circuitos pela costa leste e abri minha primeira ag\u00eancia de receptivo para brasileiros. H\u00e1 18 anos um vento forte bateu nas velas da minha vida me conduzindo at\u00e9 Fran\u00e7a. Atualmente escrevo de Paris, onde vivo e trabalho dirigindo a empresa de receptivo, LA BELLE VIE.","sameAs":["http:\/\/brasileirosemparis.com","https:\/\/www.facebook.com\/Passeiosemparis\/","https:\/\/www.instagram.com\/labellevietour","https:\/\/www.linkedin.com\/in\/silvia-helena-96864a17\/"],"url":"https:\/\/blog.panrotas.com.br\/direto-de-paris\/author\/silvia\/"}]}},"jetpack_featured_media_url":"https:\/\/blog.panrotas.com.br\/direto-de-paris\/wp-content\/uploads\/sites\/26\/2025\/02\/Visita-a-Notre-Dame-de-Paris.jpg","_links":{"self":[{"href":"https:\/\/blog.panrotas.com.br\/direto-de-paris\/wp-json\/wp\/v2\/posts\/11160"}],"collection":[{"href":"https:\/\/blog.panrotas.com.br\/direto-de-paris\/wp-json\/wp\/v2\/posts"}],"about":[{"href":"https:\/\/blog.panrotas.com.br\/direto-de-paris\/wp-json\/wp\/v2\/types\/post"}],"author":[{"embeddable":true,"href":"https:\/\/blog.panrotas.com.br\/direto-de-paris\/wp-json\/wp\/v2\/users\/15"}],"replies":[{"embeddable":true,"href":"https:\/\/blog.panrotas.com.br\/direto-de-paris\/wp-json\/wp\/v2\/comments?post=11160"}],"version-history":[{"count":11,"href":"https:\/\/blog.panrotas.com.br\/direto-de-paris\/wp-json\/wp\/v2\/posts\/11160\/revisions"}],"predecessor-version":[{"id":11435,"href":"https:\/\/blog.panrotas.com.br\/direto-de-paris\/wp-json\/wp\/v2\/posts\/11160\/revisions\/11435"}],"wp:featuredmedia":[{"embeddable":true,"href":"https:\/\/blog.panrotas.com.br\/direto-de-paris\/wp-json\/wp\/v2\/media\/11177"}],"wp:attachment":[{"href":"https:\/\/blog.panrotas.com.br\/direto-de-paris\/wp-json\/wp\/v2\/media?parent=11160"}],"wp:term":[{"taxonomy":"category","embeddable":true,"href":"https:\/\/blog.panrotas.com.br\/direto-de-paris\/wp-json\/wp\/v2\/categories?post=11160"},{"taxonomy":"post_tag","embeddable":true,"href":"https:\/\/blog.panrotas.com.br\/direto-de-paris\/wp-json\/wp\/v2\/tags?post=11160"}],"curies":[{"name":"wp","href":"https:\/\/api.w.org\/{rel}","templated":true}]}}