{"id":1137,"date":"2015-02-20T11:12:28","date_gmt":"2015-02-20T13:12:28","guid":{"rendered":"http:\/\/blog.panrotas.com.br\/direto-de-paris\/?p=1137"},"modified":"2015-02-20T11:12:28","modified_gmt":"2015-02-20T13:12:28","slug":"o-que-fazem-aqueles-que-nao-tem-petroleo","status":"publish","type":"post","link":"https:\/\/blog.panrotas.com.br\/direto-de-paris\/2015\/02\/20\/o-que-fazem-aqueles-que-nao-tem-petroleo\/","title":{"rendered":"O que fazem aqueles que n\u00e3o t\u00eam petr\u00f3leo"},"content":{"rendered":"<p style=\"text-align: left\"><em>&#8220;A moda \u00e9 para a Fran\u00e7a, o que as minas de ouro do Peru s\u00e3o para a Espanha.\u201d-\u00a0Jean-Baptiste Colbert, Ministro das Finan\u00e7as e conselheiro de\u00a0Lu\u00eds\u00a0XIV &#8211; s\u00e9culo XVII.<\/em><\/p>\n<p>O dom\u00ednio franc\u00eas no mundo da moda come\u00e7ou no s\u00e9culo XVII, quando a arte, a arquitetura, a m\u00fasica e os trajes de\u00a0Lu\u00eds\u00a0XIV e da corte de Versalhes eram apreciados e imitados por toda a Europa. Alfaiates e costureiros franceses desfrutavam de uma grande reputa\u00e7\u00e3o e suas cria\u00e7\u00f5es eram as mais procuradas pela nobreza e mais tarde pela burguesia emergente\u00a0europ\u00e9ia. No s\u00e9culo XIX, com a chegada dos trens e barcos a vapor, tornou-se comum para as senhoras da\u00a0alta-sociedade\u00a0viajar a Paris para comprar roupas e acess\u00f3rios franceses.<\/p>\n<p>\u00c9 bem verdade que a Espanha n\u00e3o tem mais as minas de ouro do Peru, mas somente um ministro muito vision\u00e1rio ou muito &#8220;puxa saco&#8221; para\u00a0prever\u00a0que os gastos de\u00a0Lu\u00eds\u00a0XIV com suas roupas se tornariam investimento nacional em longo prazo! N\u00e3o \u00e9\u00a0\u00e0 toa que os franceses gostam de dizer: Na Fran\u00e7a n\u00e3o temos petr\u00f3leo, por\u00e9m temos c\u00e9rebros.<\/p>\n<p>Certamente \u00e9 gra\u00e7as a este eterno amor franc\u00eas por sua cultura que nos meios art\u00edsticos s\u00f3 se fala de uma coisa:\u00a0Jean\u00a0Paul\u00a0Gaultier.<\/p>\n<p>Enfim, o filho pr\u00f3digo, (lembra-se do choque ao ver pela primeira vez t\u00eanis e tutus de\u00a0bal\u00e9?) se tornou garoto\u00a0prod\u00edgio\u00a0da moda parisiense e estar\u00e1 de volta ao ber\u00e7o materno com a t\u00e3o esperada exposi\u00e7\u00e3o O planeta moda\u00a0Jean-Paul Gaultier\u00a0\u2013 da rua para as estrelas.<br \/>\nJean\u00a0Paul\u00a0Gaultier\u00a0cresceu perto de Paris e desde crian\u00e7a conviveu com o mundo da beleza. N\u00e3o na rua e sim no sal\u00e3o de beleza da sua av\u00f3, onde ele admirava as sess\u00f5es de maquiagem e cabelo, assim como as revistas de moda colocadas\u00a0\u00e0 disposi\u00e7\u00e3o da clientela.\u00a0Rapidamente, o jovem autodidata come\u00e7ou a desenhar cole\u00e7\u00f5es imagin\u00e1rias e logo que completou 18 anos foi contratado por Pierre\u00a0Cardin, come\u00e7ando assim uma carreira com muitos altos e baixos, por\u00e9m tendo como constantes a pol\u00eamica e o apoio do mundo\u00a0art\u00edstico. Lembra-se dos seios em cone da Madonna?<\/p>\n<p>&#8220;Desde sua primeira cole\u00e7\u00e3o em 1976, voc\u00ea t\u00eam questionado os crit\u00e9rios de gosto e de mau gosto. Voc\u00ea chocou, perturbou e irritou, divertiu-se dissimulando pistas com um guarda-roupa ambivalente e intercambi\u00e1vel, falou Pierre\u00a0Cardin\u00a0ao entregar a\u00a0Jean-Paul Gaultier\u00a0a Legi\u00e3o da Honra da Fran\u00e7a em\u00a02001\u00bb.<\/p>\n<p>Ap\u00f3s um sucesso sem precedentes para uma exposi\u00e7\u00e3o sobre moda, tendo passado por Montreal,\u00a0Dalas,\u00a0San\u00a0Francisco, Madrid, Roterd\u00e3, Estocolmo,\u00a0Brooklyn, Londres e Austr\u00e1lia, a chegada em Paris, cidade onde iniciou seu percurso profissional, marca um ponto importante da carreira de\u00a0Jean\u00a0Paul\u00a0Gaultier. Pelo que li, uma recep\u00e7\u00e3o entusi\u00e1stica espera a exposi\u00e7\u00e3o.<\/p>\n<p>O mundo da moda de\u00a0Jean\u00a0Paul\u00a0Gaultier\u00a0revela novas pe\u00e7as de alta costura e\u00a0pr\u00eat-\u00e0-porter\u00a0criadas entre 1970 e 2013. Al\u00e9m disso, a\u00a0mostra re\u00fane desenhos, arquivos, figurinos, trechos de filmes, desfiles, shows, videoclipes, fotos, performances de dan\u00e7a e at\u00e9 mesmo da televis\u00e3o. O ponto alto do evento deve-se a colabora\u00e7\u00e3o da companhia de teatro montrealense UBU e do Museu de Arte Moderna de Montreal. Os aspectos multim\u00eddia e interativos da exposi\u00e7\u00e3o prometem levar o visitante a um mundo elegante e criativo, que vai, no entanto, muito al\u00e9m do mundo da moda.<\/p>\n<div class=\"field-item even\"><span class=\"date-display-start\">Le Grand Palais<\/span><\/div>\n<div class=\"field-item even\"><span class=\"date-display-start\">01 Abril 2015<\/span> &#8211; <span class=\"date-display-end\">03 Agosto 2015<\/span><\/div>\n<p>Domingo e Segundas de 10h\u00a0a 20h<\/p>\n<p>Quartas a S\u00e1bado de 10h a 22h<\/p>\n<p>Fechado as ter\u00e7as e 1\u00b0 de maio<\/p>\n<p>Noite Europ\u00e9ia de Museus\u00a0 S\u00e1bado 16 Maio : entrada gratuita de 20h \u00e0 meia-noite<\/p>\n<p class=\"p1\">\n","protected":false},"excerpt":{"rendered":"<p>&#8220;A moda \u00e9 para a Fran\u00e7a, o que as minas de ouro do Peru s\u00e3o para a Espanha.\u201d-\u00a0Jean-Baptiste Colbert, Ministro das Finan\u00e7as e conselheiro de\u00a0Lu\u00eds\u00a0XIV &#8211; s\u00e9culo XVII. O dom\u00ednio franc\u00eas no mundo da moda come\u00e7ou no s\u00e9culo XVII, quando a arte, a arquitetura, a m\u00fasica e os trajes de\u00a0Lu\u00eds\u00a0XIV e da corte de Versalhes&hellip; <a class=\"more-link\" href=\"https:\/\/blog.panrotas.com.br\/direto-de-paris\/2015\/02\/20\/o-que-fazem-aqueles-que-nao-tem-petroleo\/\">Continue reading &rarr;<\/a><\/p>\n","protected":false},"author":15,"featured_media":0,"comment_status":"open","ping_status":"open","sticky":false,"template":"","format":"standard","meta":{"spay_email":""},"categories":[11,44],"tags":[262,279,361],"yoast_head":"<!-- This site is optimized with the Yoast SEO plugin v17.3 - https:\/\/yoast.com\/wordpress\/plugins\/seo\/ -->\n<title>O que fazem aqueles que n\u00e3o t\u00eam petr\u00f3leo - Direto de Paris<\/title>\n<meta name=\"robots\" content=\"index, follow, max-snippet:-1, max-image-preview:large, max-video-preview:-1\" \/>\n<link rel=\"canonical\" href=\"https:\/\/blog.panrotas.com.br\/direto-de-paris\/2015\/02\/20\/o-que-fazem-aqueles-que-nao-tem-petroleo\/\" \/>\n<meta property=\"og:locale\" content=\"pt_BR\" \/>\n<meta property=\"og:type\" content=\"article\" \/>\n<meta property=\"og:title\" content=\"O que fazem aqueles que n\u00e3o t\u00eam petr\u00f3leo - Direto de Paris\" \/>\n<meta property=\"og:description\" content=\"&#8220;A moda \u00e9 para a Fran\u00e7a, o que as minas de ouro do Peru s\u00e3o para a Espanha.\u201d-\u00a0Jean-Baptiste Colbert, Ministro das Finan\u00e7as e conselheiro de\u00a0Lu\u00eds\u00a0XIV &#8211; s\u00e9culo XVII. O dom\u00ednio franc\u00eas no mundo da moda come\u00e7ou no s\u00e9culo XVII, quando a arte, a arquitetura, a m\u00fasica e os trajes de\u00a0Lu\u00eds\u00a0XIV e da corte de Versalhes&hellip; Continue reading &rarr;\" \/>\n<meta property=\"og:url\" content=\"https:\/\/blog.panrotas.com.br\/direto-de-paris\/2015\/02\/20\/o-que-fazem-aqueles-que-nao-tem-petroleo\/\" \/>\n<meta property=\"og:site_name\" content=\"Direto de Paris\" \/>\n<meta property=\"article:author\" content=\"https:\/\/www.facebook.com\/Passeiosemparis\/\" \/>\n<meta property=\"article:published_time\" content=\"2015-02-20T13:12:28+00:00\" \/>\n<meta name=\"twitter:card\" content=\"summary_large_image\" \/>\n<meta name=\"twitter:label1\" content=\"Escrito por\" \/>\n\t<meta name=\"twitter:data1\" content=\"Silvia Helena\" \/>\n\t<meta name=\"twitter:label2\" content=\"Est. tempo de leitura\" \/>\n\t<meta name=\"twitter:data2\" content=\"3 minutos\" \/>\n<script type=\"application\/ld+json\" class=\"yoast-schema-graph\">{\"@context\":\"https:\/\/schema.org\",\"@graph\":[{\"@type\":\"WebSite\",\"@id\":\"https:\/\/blog.panrotas.com.br\/direto-de-paris\/#website\",\"url\":\"https:\/\/blog.panrotas.com.br\/direto-de-paris\/\",\"name\":\"Direto de Paris\",\"description\":\"Blogosfera PANROTAS\",\"potentialAction\":[{\"@type\":\"SearchAction\",\"target\":{\"@type\":\"EntryPoint\",\"urlTemplate\":\"https:\/\/blog.panrotas.com.br\/direto-de-paris\/?s={search_term_string}\"},\"query-input\":\"required name=search_term_string\"}],\"inLanguage\":\"pt-BR\"},{\"@type\":\"WebPage\",\"@id\":\"https:\/\/blog.panrotas.com.br\/direto-de-paris\/2015\/02\/20\/o-que-fazem-aqueles-que-nao-tem-petroleo\/#webpage\",\"url\":\"https:\/\/blog.panrotas.com.br\/direto-de-paris\/2015\/02\/20\/o-que-fazem-aqueles-que-nao-tem-petroleo\/\",\"name\":\"O que fazem aqueles que n\\u00e3o t\\u00eam petr\\u00f3leo - Direto de Paris\",\"isPartOf\":{\"@id\":\"https:\/\/blog.panrotas.com.br\/direto-de-paris\/#website\"},\"datePublished\":\"2015-02-20T13:12:28+00:00\",\"dateModified\":\"2015-02-20T13:12:28+00:00\",\"author\":{\"@id\":\"https:\/\/blog.panrotas.com.br\/direto-de-paris\/#\/schema\/person\/0137bff12a66d9bd80e250aa2c7000b3\"},\"breadcrumb\":{\"@id\":\"https:\/\/blog.panrotas.com.br\/direto-de-paris\/2015\/02\/20\/o-que-fazem-aqueles-que-nao-tem-petroleo\/#breadcrumb\"},\"inLanguage\":\"pt-BR\",\"potentialAction\":[{\"@type\":\"ReadAction\",\"target\":[\"https:\/\/blog.panrotas.com.br\/direto-de-paris\/2015\/02\/20\/o-que-fazem-aqueles-que-nao-tem-petroleo\/\"]}]},{\"@type\":\"BreadcrumbList\",\"@id\":\"https:\/\/blog.panrotas.com.br\/direto-de-paris\/2015\/02\/20\/o-que-fazem-aqueles-que-nao-tem-petroleo\/#breadcrumb\",\"itemListElement\":[{\"@type\":\"ListItem\",\"position\":1,\"name\":\"In\\u00edcio\",\"item\":\"https:\/\/blog.panrotas.com.br\/direto-de-paris\/\"},{\"@type\":\"ListItem\",\"position\":2,\"name\":\"O que fazem aqueles que n\\u00e3o t\\u00eam petr\\u00f3leo\"}]},{\"@type\":\"Person\",\"@id\":\"https:\/\/blog.panrotas.com.br\/direto-de-paris\/#\/schema\/person\/0137bff12a66d9bd80e250aa2c7000b3\",\"name\":\"Silvia Helena\",\"image\":{\"@type\":\"ImageObject\",\"@id\":\"https:\/\/blog.panrotas.com.br\/direto-de-paris\/#personlogo\",\"inLanguage\":\"pt-BR\",\"url\":\"https:\/\/secure.gravatar.com\/avatar\/0278ededd1c842496785759e4fa61c99?s=96&d=mm&r=g\",\"contentUrl\":\"https:\/\/secure.gravatar.com\/avatar\/0278ededd1c842496785759e4fa61c99?s=96&d=mm&r=g\",\"caption\":\"Silvia Helena\"},\"description\":\"Ap\\u00f3s breves passagens pela Faculdade Metodista de S\\u00e3o Bernardo e Belas Artes de S\\u00e3o Paulo, aos 18 anos fui estudar no Canad\\u00e1, onde vivi durante 23 anos. L\\u00e1 me formei em Hist\\u00f3ria da Arte pela Universidade de Montr\\u00e9al, estudei turismo no Coll\\u00e8ge Lasalle de Montr\\u00e9al e no Institut de Tourisme et H\\u00f4tellerie du Qu\\u00e9bec. Comecei minha carreira na \\u00e1rea trabalhando em Cuba. Durante os anos vividos no Canad\\u00e1, entre outras coisas, fui guia de circuitos pela costa leste e abri minha primeira ag\\u00eancia de receptivo para brasileiros. H\\u00e1 18 anos um vento forte bateu nas velas da minha vida me conduzindo at\\u00e9 Fran\\u00e7a. Atualmente escrevo de Paris, onde vivo e trabalho dirigindo a empresa de receptivo, LA BELLE VIE.\",\"sameAs\":[\"http:\/\/brasileirosemparis.com\",\"https:\/\/www.facebook.com\/Passeiosemparis\/\",\"https:\/\/www.instagram.com\/labellevietour\",\"https:\/\/www.linkedin.com\/in\/silvia-helena-96864a17\/\"],\"url\":\"https:\/\/blog.panrotas.com.br\/direto-de-paris\/author\/silvia\/\"}]}<\/script>\n<!-- \/ Yoast SEO plugin. -->","yoast_head_json":{"title":"O que fazem aqueles que n\u00e3o t\u00eam petr\u00f3leo - Direto de Paris","robots":{"index":"index","follow":"follow","max-snippet":"max-snippet:-1","max-image-preview":"max-image-preview:large","max-video-preview":"max-video-preview:-1"},"canonical":"https:\/\/blog.panrotas.com.br\/direto-de-paris\/2015\/02\/20\/o-que-fazem-aqueles-que-nao-tem-petroleo\/","og_locale":"pt_BR","og_type":"article","og_title":"O que fazem aqueles que n\u00e3o t\u00eam petr\u00f3leo - Direto de Paris","og_description":"&#8220;A moda \u00e9 para a Fran\u00e7a, o que as minas de ouro do Peru s\u00e3o para a Espanha.\u201d-\u00a0Jean-Baptiste Colbert, Ministro das Finan\u00e7as e conselheiro de\u00a0Lu\u00eds\u00a0XIV &#8211; s\u00e9culo XVII. O dom\u00ednio franc\u00eas no mundo da moda come\u00e7ou no s\u00e9culo XVII, quando a arte, a arquitetura, a m\u00fasica e os trajes de\u00a0Lu\u00eds\u00a0XIV e da corte de Versalhes&hellip; Continue reading &rarr;","og_url":"https:\/\/blog.panrotas.com.br\/direto-de-paris\/2015\/02\/20\/o-que-fazem-aqueles-que-nao-tem-petroleo\/","og_site_name":"Direto de Paris","article_author":"https:\/\/www.facebook.com\/Passeiosemparis\/","article_published_time":"2015-02-20T13:12:28+00:00","twitter_card":"summary_large_image","twitter_misc":{"Escrito por":"Silvia Helena","Est. tempo de leitura":"3 minutos"},"schema":{"@context":"https:\/\/schema.org","@graph":[{"@type":"WebSite","@id":"https:\/\/blog.panrotas.com.br\/direto-de-paris\/#website","url":"https:\/\/blog.panrotas.com.br\/direto-de-paris\/","name":"Direto de Paris","description":"Blogosfera PANROTAS","potentialAction":[{"@type":"SearchAction","target":{"@type":"EntryPoint","urlTemplate":"https:\/\/blog.panrotas.com.br\/direto-de-paris\/?s={search_term_string}"},"query-input":"required name=search_term_string"}],"inLanguage":"pt-BR"},{"@type":"WebPage","@id":"https:\/\/blog.panrotas.com.br\/direto-de-paris\/2015\/02\/20\/o-que-fazem-aqueles-que-nao-tem-petroleo\/#webpage","url":"https:\/\/blog.panrotas.com.br\/direto-de-paris\/2015\/02\/20\/o-que-fazem-aqueles-que-nao-tem-petroleo\/","name":"O que fazem aqueles que n\u00e3o t\u00eam petr\u00f3leo - Direto de Paris","isPartOf":{"@id":"https:\/\/blog.panrotas.com.br\/direto-de-paris\/#website"},"datePublished":"2015-02-20T13:12:28+00:00","dateModified":"2015-02-20T13:12:28+00:00","author":{"@id":"https:\/\/blog.panrotas.com.br\/direto-de-paris\/#\/schema\/person\/0137bff12a66d9bd80e250aa2c7000b3"},"breadcrumb":{"@id":"https:\/\/blog.panrotas.com.br\/direto-de-paris\/2015\/02\/20\/o-que-fazem-aqueles-que-nao-tem-petroleo\/#breadcrumb"},"inLanguage":"pt-BR","potentialAction":[{"@type":"ReadAction","target":["https:\/\/blog.panrotas.com.br\/direto-de-paris\/2015\/02\/20\/o-que-fazem-aqueles-que-nao-tem-petroleo\/"]}]},{"@type":"BreadcrumbList","@id":"https:\/\/blog.panrotas.com.br\/direto-de-paris\/2015\/02\/20\/o-que-fazem-aqueles-que-nao-tem-petroleo\/#breadcrumb","itemListElement":[{"@type":"ListItem","position":1,"name":"In\u00edcio","item":"https:\/\/blog.panrotas.com.br\/direto-de-paris\/"},{"@type":"ListItem","position":2,"name":"O que fazem aqueles que n\u00e3o t\u00eam petr\u00f3leo"}]},{"@type":"Person","@id":"https:\/\/blog.panrotas.com.br\/direto-de-paris\/#\/schema\/person\/0137bff12a66d9bd80e250aa2c7000b3","name":"Silvia Helena","image":{"@type":"ImageObject","@id":"https:\/\/blog.panrotas.com.br\/direto-de-paris\/#personlogo","inLanguage":"pt-BR","url":"https:\/\/secure.gravatar.com\/avatar\/0278ededd1c842496785759e4fa61c99?s=96&d=mm&r=g","contentUrl":"https:\/\/secure.gravatar.com\/avatar\/0278ededd1c842496785759e4fa61c99?s=96&d=mm&r=g","caption":"Silvia Helena"},"description":"Ap\u00f3s breves passagens pela Faculdade Metodista de S\u00e3o Bernardo e Belas Artes de S\u00e3o Paulo, aos 18 anos fui estudar no Canad\u00e1, onde vivi durante 23 anos. L\u00e1 me formei em Hist\u00f3ria da Arte pela Universidade de Montr\u00e9al, estudei turismo no Coll\u00e8ge Lasalle de Montr\u00e9al e no Institut de Tourisme et H\u00f4tellerie du Qu\u00e9bec. Comecei minha carreira na \u00e1rea trabalhando em Cuba. Durante os anos vividos no Canad\u00e1, entre outras coisas, fui guia de circuitos pela costa leste e abri minha primeira ag\u00eancia de receptivo para brasileiros. H\u00e1 18 anos um vento forte bateu nas velas da minha vida me conduzindo at\u00e9 Fran\u00e7a. Atualmente escrevo de Paris, onde vivo e trabalho dirigindo a empresa de receptivo, LA BELLE VIE.","sameAs":["http:\/\/brasileirosemparis.com","https:\/\/www.facebook.com\/Passeiosemparis\/","https:\/\/www.instagram.com\/labellevietour","https:\/\/www.linkedin.com\/in\/silvia-helena-96864a17\/"],"url":"https:\/\/blog.panrotas.com.br\/direto-de-paris\/author\/silvia\/"}]}},"jetpack_featured_media_url":"","_links":{"self":[{"href":"https:\/\/blog.panrotas.com.br\/direto-de-paris\/wp-json\/wp\/v2\/posts\/1137"}],"collection":[{"href":"https:\/\/blog.panrotas.com.br\/direto-de-paris\/wp-json\/wp\/v2\/posts"}],"about":[{"href":"https:\/\/blog.panrotas.com.br\/direto-de-paris\/wp-json\/wp\/v2\/types\/post"}],"author":[{"embeddable":true,"href":"https:\/\/blog.panrotas.com.br\/direto-de-paris\/wp-json\/wp\/v2\/users\/15"}],"replies":[{"embeddable":true,"href":"https:\/\/blog.panrotas.com.br\/direto-de-paris\/wp-json\/wp\/v2\/comments?post=1137"}],"version-history":[{"count":0,"href":"https:\/\/blog.panrotas.com.br\/direto-de-paris\/wp-json\/wp\/v2\/posts\/1137\/revisions"}],"wp:attachment":[{"href":"https:\/\/blog.panrotas.com.br\/direto-de-paris\/wp-json\/wp\/v2\/media?parent=1137"}],"wp:term":[{"taxonomy":"category","embeddable":true,"href":"https:\/\/blog.panrotas.com.br\/direto-de-paris\/wp-json\/wp\/v2\/categories?post=1137"},{"taxonomy":"post_tag","embeddable":true,"href":"https:\/\/blog.panrotas.com.br\/direto-de-paris\/wp-json\/wp\/v2\/tags?post=1137"}],"curies":[{"name":"wp","href":"https:\/\/api.w.org\/{rel}","templated":true}]}}