{"id":1156,"date":"2015-03-02T08:58:23","date_gmt":"2015-03-02T11:58:23","guid":{"rendered":"http:\/\/blog.panrotas.com.br\/direto-de-paris\/?p=1156"},"modified":"2015-03-02T08:58:23","modified_gmt":"2015-03-02T11:58:23","slug":"o-circo-do-ultimo-imperador-da-franca","status":"publish","type":"post","link":"https:\/\/blog.panrotas.com.br\/direto-de-paris\/2015\/03\/02\/o-circo-do-ultimo-imperador-da-franca\/","title":{"rendered":"O circo do \u00faltimo imperador da Fran\u00e7a"},"content":{"rendered":"<p>Nas duas \u00faltimas semanas n\u00e3o pude escrever com a frequ\u00eancia desejada, mais umas das in\u00fameras f\u00e9rias escolares veio mudar a rotina habitual. No Brasil dois longos per\u00edodos de f\u00e9rias e os feriados comp\u00f5em a vida estudantil e parental. Aqui a cada dois meses os estudantes s\u00e3o premiados com pelo menos quinze dias de pausa. Dividida em tr\u00eas zonas diferentes toda a Fran\u00e7a estudantil para de maneira intercalada. Um quebra cabe\u00e7a que resulta em muito drible e vai e vem com filhos entre a casa dos av\u00f3s,\u00a0entre a casa dos amigos, a televis\u00e3o, o Ipad e os eventuais passeios em fam\u00edlia. Pouco importa o esfor\u00e7o e resultado, para muitos pais que continuaram trabalhando como eu, um sentimento de culpa eminente plaina\u00a0no ar nestes dias.<\/p>\n<p><a href=\"http:\/\/blog.panrotas.com.br\/direto-de-paris\/wp-content\/uploads\/2015\/03\/calendrier-2014-2015-vacances-scolaires-zones-a-b-c.jpg\"><img loading=\"lazy\" class=\"alignnone size-medium wp-image-1173\" src=\"http:\/\/blog.panrotas.com.br\/direto-de-paris\/wp-content\/uploads\/2015\/03\/calendrier-2014-2015-vacances-scolaires-zones-a-b-c-300x212.jpg\" alt=\"calendrier-2014-2015-vacances-scolaires-zones-a-b-c\" width=\"300\" height=\"212\" srcset=\"https:\/\/blog.panrotas.com.br\/direto-de-paris\/wp-content\/uploads\/sites\/26\/2015\/03\/calendrier-2014-2015-vacances-scolaires-zones-a-b-c-300x212.jpg 300w, https:\/\/blog.panrotas.com.br\/direto-de-paris\/wp-content\/uploads\/sites\/26\/2015\/03\/calendrier-2014-2015-vacances-scolaires-zones-a-b-c-768x543.jpg 768w, https:\/\/blog.panrotas.com.br\/direto-de-paris\/wp-content\/uploads\/sites\/26\/2015\/03\/calendrier-2014-2015-vacances-scolaires-zones-a-b-c-1024x724.jpg 1024w, https:\/\/blog.panrotas.com.br\/direto-de-paris\/wp-content\/uploads\/sites\/26\/2015\/03\/calendrier-2014-2015-vacances-scolaires-zones-a-b-c.jpg 1170w\" sizes=\"(max-width: 300px) 100vw, 300px\" \/><\/a><\/p>\n<p>Nesta dupla jornada, enquanto trabalho eu me digo que deveria estar vendo meu filho crescer e quando estou com ele, quantas vezes n\u00e3o penso no trabalho, nas obriga\u00e7\u00f5es profissionais e financeiras? Sentimento de culpa! Embora tenha certeza de n\u00e3o ser a \u00fanica nesta situa\u00e7\u00e3o, por um momento me sinto perdida. Preciso falar com meu terapeuta! Ops, eu n\u00e3o tenho terapeuta. O que fazer para se livrar do sentimento de culpa? Voc\u00ea faz o que? D\u00e1 desculpas ou pede desculpas?<\/p>\n<p>Encontro consolo pesquisando e descobrindo o que fazer com uma crian\u00e7a de dez anos nesta cidade, me dizendo que do ponto de vista profissional as dicas servir\u00e3o as fam\u00edlias que v\u00eam a Paris e pessoalmente todo ser humano tem direito e dever de se ocupar de seus filhos. <span lang=\"PT-BR\">Que mensagem passar\u00edamos para a gera\u00e7\u00e3o futura se coloc\u00e1ssemos dinheiro antes do amor?<\/span><\/p>\n<p>Talvez se eu vivesse em Orlando fosse mais f\u00e1cil, um parque ou uma novidade para cada dia. \u201cEita\u201d lugar para ter novidades! E aten\u00e7\u00e3o, em menos de vinte anos a novidade poder\u00e1 virar obsoleta e constru\u00edrem no mesmo lugar algo duplamente impressionante.<\/p>\n<p>J\u00e1 em Paris, foi o cinema Rex, que data de 1937 e sua sala de cinema e espet\u00e1culos que me salvou por algumas vezes nestes quinze dias de f\u00e9rias escolares urbanas. Patrim\u00f4nio Nacional, o cinema Rex \u00e9 o palco das estr\u00e9ias e tapete vermelho obrigat\u00f3rio para artistas americanos em visita a Paris, desde Cary Grant e Greta Garbo, at\u00e9 Bruce Willis ou Angelina Jolie. Al\u00e9m dos melhores filmes da cidade, a sala principal\u00a0com seus\u00a02700 lugares, oferece a decora\u00e7\u00e3o de origem\u00a0repleta de\u00a0esculturas e cen\u00e1rios caracter\u00edsticos das grandes produ\u00e7\u00f5es cinematogr\u00e1ficas do inicio do s\u00e9culo XX. A atra\u00e7\u00e3o permanente Estrelas do Rex faz uma s\u00edntese da cinematografia e da hist\u00f3ria da sala com apoio de divertidos efeitos tecnol\u00f3gicos. Infelizmente a narra\u00e7\u00e3o unicamente em franc\u00eas faz com que a experi\u00eancia se restrinja aos turistas franc\u00f3fonos.<\/p>\n<p><a href=\"http:\/\/blog.panrotas.com.br\/direto-de-paris\/wp-content\/uploads\/2015\/03\/1rex-2.jpg\"><img loading=\"lazy\" class=\"alignnone size-medium wp-image-1198\" src=\"http:\/\/blog.panrotas.com.br\/direto-de-paris\/wp-content\/uploads\/2015\/03\/1rex-2-225x300.jpg\" alt=\"1rex (2)\" width=\"225\" height=\"300\" srcset=\"https:\/\/blog.panrotas.com.br\/direto-de-paris\/wp-content\/uploads\/sites\/26\/2015\/03\/1rex-2-225x300.jpg 225w, https:\/\/blog.panrotas.com.br\/direto-de-paris\/wp-content\/uploads\/sites\/26\/2015\/03\/1rex-2-768x1024.jpg 768w, https:\/\/blog.panrotas.com.br\/direto-de-paris\/wp-content\/uploads\/sites\/26\/2015\/03\/1rex-2.jpg 1536w\" sizes=\"(max-width: 225px) 100vw, 225px\" \/><\/a><\/p>\n<p>Por\u00e9m, de longe, a melhor das atividades foi \u00e0 ida ao tradicional Circo de Inverno, ver o espet\u00e1culo da fam\u00edlia Bouglione. Constru\u00eddo por Napole\u00e3o III em 1852 com mais de 5000 lugares para acolher as artes equestres e espet\u00e1culos diversos, o pr\u00e9dio \u00e9 um verdadeiro coliseu do s\u00e9culo dezenove. Atualmente com 1600 lugares a fim de condizer com as normas de seguran\u00e7a contempor\u00e2neas, o Circo ainda impressiona por sua beleza, conforto e visibilidade perfeita. Em 1934 a fam\u00edlia Bouglione comprou o edif\u00edcio, diz a hist\u00f3ria pagando com pe\u00e7as de ouro e desde ent\u00e3o vem gerenciando o lugar com os melhores espet\u00e1culos circenses do mundo. Foi, por exemplo, no circo Bouglione que em 1859 Jules L\u00e9otard inventou o n\u00famero de Trap\u00e9zio Voador. Ali\u00e1s, que coincid\u00eancia, no espet\u00e1culo Gigante, em cartaz\u00a0 at\u00e9 dia 1\u00b0 de mar\u00e7o, o quadro de trap\u00e9zio era realizado pela espetacular fam\u00edlia brasileira Mendoza.<\/p>\n<p>Elefantes, cachorros, orquestra, m\u00e1gica, um grande palha\u00e7o, trajes maravilhosos, n\u00e3o faltou nada!<\/p>\n<p>Uma f\u00f3rmula vitoriosa que atravessou os tempos. Assim \u00e9 Paris.<\/p>\n<p><a href=\"http:\/\/blog.panrotas.com.br\/direto-de-paris\/wp-content\/uploads\/2015\/03\/PIcadeiro-e-artistas-Paris.jpg\"><img loading=\"lazy\" class=\"alignnone size-medium wp-image-1184\" src=\"http:\/\/blog.panrotas.com.br\/direto-de-paris\/wp-content\/uploads\/2015\/03\/PIcadeiro-e-artistas-Paris-300x225.jpg\" alt=\"PIcadeiro e artistas Paris\" width=\"300\" height=\"225\" srcset=\"https:\/\/blog.panrotas.com.br\/direto-de-paris\/wp-content\/uploads\/sites\/26\/2015\/03\/PIcadeiro-e-artistas-Paris-300x225.jpg 300w, https:\/\/blog.panrotas.com.br\/direto-de-paris\/wp-content\/uploads\/sites\/26\/2015\/03\/PIcadeiro-e-artistas-Paris-768x576.jpg 768w, https:\/\/blog.panrotas.com.br\/direto-de-paris\/wp-content\/uploads\/sites\/26\/2015\/03\/PIcadeiro-e-artistas-Paris-1024x768.jpg 1024w, https:\/\/blog.panrotas.com.br\/direto-de-paris\/wp-content\/uploads\/sites\/26\/2015\/03\/PIcadeiro-e-artistas-Paris-1568x1176.jpg 1568w, https:\/\/blog.panrotas.com.br\/direto-de-paris\/wp-content\/uploads\/sites\/26\/2015\/03\/PIcadeiro-e-artistas-Paris.jpg 2048w\" sizes=\"(max-width: 300px) 100vw, 300px\" \/><\/a> <a href=\"http:\/\/blog.panrotas.com.br\/direto-de-paris\/wp-content\/uploads\/2015\/03\/Visibilidade-perfeita.jpg\"><img loading=\"lazy\" class=\"alignnone size-medium wp-image-1187\" src=\"http:\/\/blog.panrotas.com.br\/direto-de-paris\/wp-content\/uploads\/2015\/03\/Visibilidade-perfeita-300x225.jpg\" alt=\"Visibilidade perfeita\" width=\"300\" height=\"225\" srcset=\"https:\/\/blog.panrotas.com.br\/direto-de-paris\/wp-content\/uploads\/sites\/26\/2015\/03\/Visibilidade-perfeita-300x225.jpg 300w, https:\/\/blog.panrotas.com.br\/direto-de-paris\/wp-content\/uploads\/sites\/26\/2015\/03\/Visibilidade-perfeita-768x576.jpg 768w, https:\/\/blog.panrotas.com.br\/direto-de-paris\/wp-content\/uploads\/sites\/26\/2015\/03\/Visibilidade-perfeita-1024x768.jpg 1024w, https:\/\/blog.panrotas.com.br\/direto-de-paris\/wp-content\/uploads\/sites\/26\/2015\/03\/Visibilidade-perfeita-1568x1176.jpg 1568w, https:\/\/blog.panrotas.com.br\/direto-de-paris\/wp-content\/uploads\/sites\/26\/2015\/03\/Visibilidade-perfeita.jpg 2048w\" sizes=\"(max-width: 300px) 100vw, 300px\" \/><\/a> <a href=\"http:\/\/blog.panrotas.com.br\/direto-de-paris\/wp-content\/uploads\/2015\/03\/Trapezio.jpg\"><img loading=\"lazy\" class=\"alignnone size-medium wp-image-1186\" src=\"http:\/\/blog.panrotas.com.br\/direto-de-paris\/wp-content\/uploads\/2015\/03\/Trapezio-168x300.jpg\" alt=\"Trapezio\" width=\"168\" height=\"300\" \/><\/a> <a href=\"http:\/\/blog.panrotas.com.br\/direto-de-paris\/wp-content\/uploads\/2015\/03\/PIcadeiro-2.jpg\"><img loading=\"lazy\" class=\"alignnone size-medium wp-image-1183\" src=\"http:\/\/blog.panrotas.com.br\/direto-de-paris\/wp-content\/uploads\/2015\/03\/PIcadeiro-2-300x225.jpg\" alt=\"PIcadeiro 2\" width=\"300\" height=\"225\" srcset=\"https:\/\/blog.panrotas.com.br\/direto-de-paris\/wp-content\/uploads\/sites\/26\/2015\/03\/PIcadeiro-2-300x225.jpg 300w, https:\/\/blog.panrotas.com.br\/direto-de-paris\/wp-content\/uploads\/sites\/26\/2015\/03\/PIcadeiro-2-768x576.jpg 768w, https:\/\/blog.panrotas.com.br\/direto-de-paris\/wp-content\/uploads\/sites\/26\/2015\/03\/PIcadeiro-2-1024x768.jpg 1024w, https:\/\/blog.panrotas.com.br\/direto-de-paris\/wp-content\/uploads\/sites\/26\/2015\/03\/PIcadeiro-2-1568x1176.jpg 1568w, https:\/\/blog.panrotas.com.br\/direto-de-paris\/wp-content\/uploads\/sites\/26\/2015\/03\/PIcadeiro-2.jpg 2048w\" sizes=\"(max-width: 300px) 100vw, 300px\" \/><\/a> <a href=\"http:\/\/blog.panrotas.com.br\/direto-de-paris\/wp-content\/uploads\/2015\/03\/Entrada.jpg\"><img loading=\"lazy\" class=\"alignnone size-medium wp-image-1177\" src=\"http:\/\/blog.panrotas.com.br\/direto-de-paris\/wp-content\/uploads\/2015\/03\/Entrada-300x225.jpg\" alt=\"Entrada\" width=\"300\" height=\"225\" srcset=\"https:\/\/blog.panrotas.com.br\/direto-de-paris\/wp-content\/uploads\/sites\/26\/2015\/03\/Entrada-300x225.jpg 300w, https:\/\/blog.panrotas.com.br\/direto-de-paris\/wp-content\/uploads\/sites\/26\/2015\/03\/Entrada-768x576.jpg 768w, https:\/\/blog.panrotas.com.br\/direto-de-paris\/wp-content\/uploads\/sites\/26\/2015\/03\/Entrada-1024x768.jpg 1024w, https:\/\/blog.panrotas.com.br\/direto-de-paris\/wp-content\/uploads\/sites\/26\/2015\/03\/Entrada-1568x1176.jpg 1568w, https:\/\/blog.panrotas.com.br\/direto-de-paris\/wp-content\/uploads\/sites\/26\/2015\/03\/Entrada.jpg 2048w\" sizes=\"(max-width: 300px) 100vw, 300px\" \/><\/a> <a href=\"http:\/\/blog.panrotas.com.br\/direto-de-paris\/wp-content\/uploads\/2015\/03\/Logo-e-Cavalo-Bouglione.jpg\"><img loading=\"lazy\" class=\"alignnone size-medium wp-image-1180\" src=\"http:\/\/blog.panrotas.com.br\/direto-de-paris\/wp-content\/uploads\/2015\/03\/Logo-e-Cavalo-Bouglione-300x225.jpg\" alt=\"Logo e Cavalo Bouglione\" width=\"300\" height=\"225\" srcset=\"https:\/\/blog.panrotas.com.br\/direto-de-paris\/wp-content\/uploads\/sites\/26\/2015\/03\/Logo-e-Cavalo-Bouglione-300x225.jpg 300w, https:\/\/blog.panrotas.com.br\/direto-de-paris\/wp-content\/uploads\/sites\/26\/2015\/03\/Logo-e-Cavalo-Bouglione-768x576.jpg 768w, https:\/\/blog.panrotas.com.br\/direto-de-paris\/wp-content\/uploads\/sites\/26\/2015\/03\/Logo-e-Cavalo-Bouglione-1024x768.jpg 1024w, https:\/\/blog.panrotas.com.br\/direto-de-paris\/wp-content\/uploads\/sites\/26\/2015\/03\/Logo-e-Cavalo-Bouglione-1568x1176.jpg 1568w, https:\/\/blog.panrotas.com.br\/direto-de-paris\/wp-content\/uploads\/sites\/26\/2015\/03\/Logo-e-Cavalo-Bouglione.jpg 2048w\" sizes=\"(max-width: 300px) 100vw, 300px\" \/><\/a> <a href=\"http:\/\/blog.panrotas.com.br\/direto-de-paris\/wp-content\/uploads\/2015\/03\/Exterior.jpg\"><img loading=\"lazy\" class=\"alignnone size-medium wp-image-1179\" src=\"http:\/\/blog.panrotas.com.br\/direto-de-paris\/wp-content\/uploads\/2015\/03\/Exterior-300x225.jpg\" alt=\"Exterior\" width=\"300\" height=\"225\" srcset=\"https:\/\/blog.panrotas.com.br\/direto-de-paris\/wp-content\/uploads\/sites\/26\/2015\/03\/Exterior-300x225.jpg 300w, https:\/\/blog.panrotas.com.br\/direto-de-paris\/wp-content\/uploads\/sites\/26\/2015\/03\/Exterior-768x576.jpg 768w, https:\/\/blog.panrotas.com.br\/direto-de-paris\/wp-content\/uploads\/sites\/26\/2015\/03\/Exterior-1024x768.jpg 1024w, https:\/\/blog.panrotas.com.br\/direto-de-paris\/wp-content\/uploads\/sites\/26\/2015\/03\/Exterior-1568x1176.jpg 1568w, https:\/\/blog.panrotas.com.br\/direto-de-paris\/wp-content\/uploads\/sites\/26\/2015\/03\/Exterior.jpg 2048w\" sizes=\"(max-width: 300px) 100vw, 300px\" \/><\/a> <a href=\"http:\/\/blog.panrotas.com.br\/direto-de-paris\/wp-content\/uploads\/2015\/03\/Entrada-artistas.jpg\"><img loading=\"lazy\" class=\"alignnone size-medium wp-image-1176\" src=\"http:\/\/blog.panrotas.com.br\/direto-de-paris\/wp-content\/uploads\/2015\/03\/Entrada-artistas-225x300.jpg\" alt=\"Entrada artistas\" width=\"225\" height=\"300\" srcset=\"https:\/\/blog.panrotas.com.br\/direto-de-paris\/wp-content\/uploads\/sites\/26\/2015\/03\/Entrada-artistas-225x300.jpg 225w, https:\/\/blog.panrotas.com.br\/direto-de-paris\/wp-content\/uploads\/sites\/26\/2015\/03\/Entrada-artistas-768x1024.jpg 768w, https:\/\/blog.panrotas.com.br\/direto-de-paris\/wp-content\/uploads\/sites\/26\/2015\/03\/Entrada-artistas.jpg 1536w\" sizes=\"(max-width: 225px) 100vw, 225px\" \/><\/a> <a href=\"http:\/\/blog.panrotas.com.br\/direto-de-paris\/wp-content\/uploads\/2015\/03\/Entrada-2.jpg\"><img loading=\"lazy\" class=\"alignnone size-medium wp-image-1175\" src=\"http:\/\/blog.panrotas.com.br\/direto-de-paris\/wp-content\/uploads\/2015\/03\/Entrada-2-168x300.jpg\" alt=\"Entrada 2\" width=\"168\" height=\"300\" \/><\/a> <a href=\"http:\/\/blog.panrotas.com.br\/direto-de-paris\/wp-content\/uploads\/2015\/03\/Elefantes.jpg\"><img loading=\"lazy\" class=\"alignnone size-medium wp-image-1174\" src=\"http:\/\/blog.panrotas.com.br\/direto-de-paris\/wp-content\/uploads\/2015\/03\/Elefantes-168x300.jpg\" alt=\"Elefantes\" width=\"168\" height=\"300\" \/><\/a><\/p>\n<p>No mais, caro leitor, desculpe pelo atraso do post, espero que a dica compense!<\/p>\n<p>Pois no inverno que v\u00eam (entre novembro e mar\u00e7o), como h\u00e1 mais de 150 anos, o circo de Napole\u00e3o III estar\u00e1 de volta!<\/p>\n<pre>fotos: Alessandra Brantes<\/pre>\n","protected":false},"excerpt":{"rendered":"<p>Nas duas \u00faltimas semanas n\u00e3o pude escrever com a frequ\u00eancia desejada, mais umas das in\u00fameras f\u00e9rias escolares veio mudar a rotina habitual. No Brasil dois longos per\u00edodos de f\u00e9rias e os feriados comp\u00f5em a vida estudantil e parental. Aqui a cada dois meses os estudantes s\u00e3o premiados com pelo menos quinze dias de pausa. Dividida&hellip; <a class=\"more-link\" href=\"https:\/\/blog.panrotas.com.br\/direto-de-paris\/2015\/03\/02\/o-circo-do-ultimo-imperador-da-franca\/\">Continue reading &rarr;<\/a><\/p>\n","protected":false},"author":15,"featured_media":0,"comment_status":"open","ping_status":"open","sticky":false,"template":"","format":"standard","meta":{"spay_email":""},"categories":[44],"tags":[],"yoast_head":"<!-- This site is optimized with the Yoast SEO plugin v17.3 - https:\/\/yoast.com\/wordpress\/plugins\/seo\/ -->\n<title>O circo do \u00faltimo imperador da Fran\u00e7a - Direto de Paris<\/title>\n<meta name=\"robots\" content=\"index, follow, max-snippet:-1, max-image-preview:large, max-video-preview:-1\" \/>\n<link rel=\"canonical\" href=\"https:\/\/blog.panrotas.com.br\/direto-de-paris\/2015\/03\/02\/o-circo-do-ultimo-imperador-da-franca\/\" \/>\n<meta property=\"og:locale\" content=\"pt_BR\" \/>\n<meta property=\"og:type\" content=\"article\" \/>\n<meta property=\"og:title\" content=\"O circo do \u00faltimo imperador da Fran\u00e7a - Direto de Paris\" \/>\n<meta property=\"og:description\" content=\"Nas duas \u00faltimas semanas n\u00e3o pude escrever com a frequ\u00eancia desejada, mais umas das in\u00fameras f\u00e9rias escolares veio mudar a rotina habitual. No Brasil dois longos per\u00edodos de f\u00e9rias e os feriados comp\u00f5em a vida estudantil e parental. Aqui a cada dois meses os estudantes s\u00e3o premiados com pelo menos quinze dias de pausa. Dividida&hellip; Continue reading &rarr;\" \/>\n<meta property=\"og:url\" content=\"https:\/\/blog.panrotas.com.br\/direto-de-paris\/2015\/03\/02\/o-circo-do-ultimo-imperador-da-franca\/\" \/>\n<meta property=\"og:site_name\" content=\"Direto de Paris\" \/>\n<meta property=\"article:author\" content=\"https:\/\/www.facebook.com\/Passeiosemparis\/\" \/>\n<meta property=\"article:published_time\" content=\"2015-03-02T11:58:23+00:00\" \/>\n<meta property=\"og:image\" content=\"http:\/\/blog.panrotas.com.br\/direto-de-paris\/wp-content\/uploads\/2015\/03\/calendrier-2014-2015-vacances-scolaires-zones-a-b-c-300x212.jpg\" \/>\n<meta name=\"twitter:card\" content=\"summary_large_image\" \/>\n<meta name=\"twitter:label1\" content=\"Escrito por\" \/>\n\t<meta name=\"twitter:data1\" content=\"Silvia Helena\" \/>\n\t<meta name=\"twitter:label2\" content=\"Est. tempo de leitura\" \/>\n\t<meta name=\"twitter:data2\" content=\"4 minutos\" \/>\n<script type=\"application\/ld+json\" class=\"yoast-schema-graph\">{\"@context\":\"https:\/\/schema.org\",\"@graph\":[{\"@type\":\"WebSite\",\"@id\":\"https:\/\/blog.panrotas.com.br\/direto-de-paris\/#website\",\"url\":\"https:\/\/blog.panrotas.com.br\/direto-de-paris\/\",\"name\":\"Direto de Paris\",\"description\":\"Blogosfera PANROTAS\",\"potentialAction\":[{\"@type\":\"SearchAction\",\"target\":{\"@type\":\"EntryPoint\",\"urlTemplate\":\"https:\/\/blog.panrotas.com.br\/direto-de-paris\/?s={search_term_string}\"},\"query-input\":\"required name=search_term_string\"}],\"inLanguage\":\"pt-BR\"},{\"@type\":\"ImageObject\",\"@id\":\"https:\/\/blog.panrotas.com.br\/direto-de-paris\/2015\/03\/02\/o-circo-do-ultimo-imperador-da-franca\/#primaryimage\",\"inLanguage\":\"pt-BR\",\"url\":\"http:\/\/blog.panrotas.com.br\/direto-de-paris\/wp-content\/uploads\/2015\/03\/calendrier-2014-2015-vacances-scolaires-zones-a-b-c-300x212.jpg\",\"contentUrl\":\"http:\/\/blog.panrotas.com.br\/direto-de-paris\/wp-content\/uploads\/2015\/03\/calendrier-2014-2015-vacances-scolaires-zones-a-b-c-300x212.jpg\"},{\"@type\":\"WebPage\",\"@id\":\"https:\/\/blog.panrotas.com.br\/direto-de-paris\/2015\/03\/02\/o-circo-do-ultimo-imperador-da-franca\/#webpage\",\"url\":\"https:\/\/blog.panrotas.com.br\/direto-de-paris\/2015\/03\/02\/o-circo-do-ultimo-imperador-da-franca\/\",\"name\":\"O circo do \\u00faltimo imperador da Fran\\u00e7a - Direto de Paris\",\"isPartOf\":{\"@id\":\"https:\/\/blog.panrotas.com.br\/direto-de-paris\/#website\"},\"primaryImageOfPage\":{\"@id\":\"https:\/\/blog.panrotas.com.br\/direto-de-paris\/2015\/03\/02\/o-circo-do-ultimo-imperador-da-franca\/#primaryimage\"},\"datePublished\":\"2015-03-02T11:58:23+00:00\",\"dateModified\":\"2015-03-02T11:58:23+00:00\",\"author\":{\"@id\":\"https:\/\/blog.panrotas.com.br\/direto-de-paris\/#\/schema\/person\/0137bff12a66d9bd80e250aa2c7000b3\"},\"breadcrumb\":{\"@id\":\"https:\/\/blog.panrotas.com.br\/direto-de-paris\/2015\/03\/02\/o-circo-do-ultimo-imperador-da-franca\/#breadcrumb\"},\"inLanguage\":\"pt-BR\",\"potentialAction\":[{\"@type\":\"ReadAction\",\"target\":[\"https:\/\/blog.panrotas.com.br\/direto-de-paris\/2015\/03\/02\/o-circo-do-ultimo-imperador-da-franca\/\"]}]},{\"@type\":\"BreadcrumbList\",\"@id\":\"https:\/\/blog.panrotas.com.br\/direto-de-paris\/2015\/03\/02\/o-circo-do-ultimo-imperador-da-franca\/#breadcrumb\",\"itemListElement\":[{\"@type\":\"ListItem\",\"position\":1,\"name\":\"In\\u00edcio\",\"item\":\"https:\/\/blog.panrotas.com.br\/direto-de-paris\/\"},{\"@type\":\"ListItem\",\"position\":2,\"name\":\"O circo do \\u00faltimo imperador da Fran\\u00e7a\"}]},{\"@type\":\"Person\",\"@id\":\"https:\/\/blog.panrotas.com.br\/direto-de-paris\/#\/schema\/person\/0137bff12a66d9bd80e250aa2c7000b3\",\"name\":\"Silvia Helena\",\"image\":{\"@type\":\"ImageObject\",\"@id\":\"https:\/\/blog.panrotas.com.br\/direto-de-paris\/#personlogo\",\"inLanguage\":\"pt-BR\",\"url\":\"https:\/\/secure.gravatar.com\/avatar\/0278ededd1c842496785759e4fa61c99?s=96&d=mm&r=g\",\"contentUrl\":\"https:\/\/secure.gravatar.com\/avatar\/0278ededd1c842496785759e4fa61c99?s=96&d=mm&r=g\",\"caption\":\"Silvia Helena\"},\"description\":\"Ap\\u00f3s breves passagens pela Faculdade Metodista de S\\u00e3o Bernardo e Belas Artes de S\\u00e3o Paulo, aos 18 anos fui estudar no Canad\\u00e1, onde vivi durante 23 anos. L\\u00e1 me formei em Hist\\u00f3ria da Arte pela Universidade de Montr\\u00e9al, estudei turismo no Coll\\u00e8ge Lasalle de Montr\\u00e9al e no Institut de Tourisme et H\\u00f4tellerie du Qu\\u00e9bec. Comecei minha carreira na \\u00e1rea trabalhando em Cuba. Durante os anos vividos no Canad\\u00e1, entre outras coisas, fui guia de circuitos pela costa leste e abri minha primeira ag\\u00eancia de receptivo para brasileiros. H\\u00e1 18 anos um vento forte bateu nas velas da minha vida me conduzindo at\\u00e9 Fran\\u00e7a. Atualmente escrevo de Paris, onde vivo e trabalho dirigindo a empresa de receptivo, LA BELLE VIE.\",\"sameAs\":[\"http:\/\/brasileirosemparis.com\",\"https:\/\/www.facebook.com\/Passeiosemparis\/\",\"https:\/\/www.instagram.com\/labellevietour\",\"https:\/\/www.linkedin.com\/in\/silvia-helena-96864a17\/\"],\"url\":\"https:\/\/blog.panrotas.com.br\/direto-de-paris\/author\/silvia\/\"}]}<\/script>\n<!-- \/ Yoast SEO plugin. -->","yoast_head_json":{"title":"O circo do \u00faltimo imperador da Fran\u00e7a - Direto de Paris","robots":{"index":"index","follow":"follow","max-snippet":"max-snippet:-1","max-image-preview":"max-image-preview:large","max-video-preview":"max-video-preview:-1"},"canonical":"https:\/\/blog.panrotas.com.br\/direto-de-paris\/2015\/03\/02\/o-circo-do-ultimo-imperador-da-franca\/","og_locale":"pt_BR","og_type":"article","og_title":"O circo do \u00faltimo imperador da Fran\u00e7a - Direto de Paris","og_description":"Nas duas \u00faltimas semanas n\u00e3o pude escrever com a frequ\u00eancia desejada, mais umas das in\u00fameras f\u00e9rias escolares veio mudar a rotina habitual. No Brasil dois longos per\u00edodos de f\u00e9rias e os feriados comp\u00f5em a vida estudantil e parental. Aqui a cada dois meses os estudantes s\u00e3o premiados com pelo menos quinze dias de pausa. Dividida&hellip; Continue reading &rarr;","og_url":"https:\/\/blog.panrotas.com.br\/direto-de-paris\/2015\/03\/02\/o-circo-do-ultimo-imperador-da-franca\/","og_site_name":"Direto de Paris","article_author":"https:\/\/www.facebook.com\/Passeiosemparis\/","article_published_time":"2015-03-02T11:58:23+00:00","og_image":[{"url":"http:\/\/blog.panrotas.com.br\/direto-de-paris\/wp-content\/uploads\/2015\/03\/calendrier-2014-2015-vacances-scolaires-zones-a-b-c-300x212.jpg"}],"twitter_card":"summary_large_image","twitter_misc":{"Escrito por":"Silvia Helena","Est. tempo de leitura":"4 minutos"},"schema":{"@context":"https:\/\/schema.org","@graph":[{"@type":"WebSite","@id":"https:\/\/blog.panrotas.com.br\/direto-de-paris\/#website","url":"https:\/\/blog.panrotas.com.br\/direto-de-paris\/","name":"Direto de Paris","description":"Blogosfera PANROTAS","potentialAction":[{"@type":"SearchAction","target":{"@type":"EntryPoint","urlTemplate":"https:\/\/blog.panrotas.com.br\/direto-de-paris\/?s={search_term_string}"},"query-input":"required name=search_term_string"}],"inLanguage":"pt-BR"},{"@type":"ImageObject","@id":"https:\/\/blog.panrotas.com.br\/direto-de-paris\/2015\/03\/02\/o-circo-do-ultimo-imperador-da-franca\/#primaryimage","inLanguage":"pt-BR","url":"http:\/\/blog.panrotas.com.br\/direto-de-paris\/wp-content\/uploads\/2015\/03\/calendrier-2014-2015-vacances-scolaires-zones-a-b-c-300x212.jpg","contentUrl":"http:\/\/blog.panrotas.com.br\/direto-de-paris\/wp-content\/uploads\/2015\/03\/calendrier-2014-2015-vacances-scolaires-zones-a-b-c-300x212.jpg"},{"@type":"WebPage","@id":"https:\/\/blog.panrotas.com.br\/direto-de-paris\/2015\/03\/02\/o-circo-do-ultimo-imperador-da-franca\/#webpage","url":"https:\/\/blog.panrotas.com.br\/direto-de-paris\/2015\/03\/02\/o-circo-do-ultimo-imperador-da-franca\/","name":"O circo do \u00faltimo imperador da Fran\u00e7a - Direto de Paris","isPartOf":{"@id":"https:\/\/blog.panrotas.com.br\/direto-de-paris\/#website"},"primaryImageOfPage":{"@id":"https:\/\/blog.panrotas.com.br\/direto-de-paris\/2015\/03\/02\/o-circo-do-ultimo-imperador-da-franca\/#primaryimage"},"datePublished":"2015-03-02T11:58:23+00:00","dateModified":"2015-03-02T11:58:23+00:00","author":{"@id":"https:\/\/blog.panrotas.com.br\/direto-de-paris\/#\/schema\/person\/0137bff12a66d9bd80e250aa2c7000b3"},"breadcrumb":{"@id":"https:\/\/blog.panrotas.com.br\/direto-de-paris\/2015\/03\/02\/o-circo-do-ultimo-imperador-da-franca\/#breadcrumb"},"inLanguage":"pt-BR","potentialAction":[{"@type":"ReadAction","target":["https:\/\/blog.panrotas.com.br\/direto-de-paris\/2015\/03\/02\/o-circo-do-ultimo-imperador-da-franca\/"]}]},{"@type":"BreadcrumbList","@id":"https:\/\/blog.panrotas.com.br\/direto-de-paris\/2015\/03\/02\/o-circo-do-ultimo-imperador-da-franca\/#breadcrumb","itemListElement":[{"@type":"ListItem","position":1,"name":"In\u00edcio","item":"https:\/\/blog.panrotas.com.br\/direto-de-paris\/"},{"@type":"ListItem","position":2,"name":"O circo do \u00faltimo imperador da Fran\u00e7a"}]},{"@type":"Person","@id":"https:\/\/blog.panrotas.com.br\/direto-de-paris\/#\/schema\/person\/0137bff12a66d9bd80e250aa2c7000b3","name":"Silvia Helena","image":{"@type":"ImageObject","@id":"https:\/\/blog.panrotas.com.br\/direto-de-paris\/#personlogo","inLanguage":"pt-BR","url":"https:\/\/secure.gravatar.com\/avatar\/0278ededd1c842496785759e4fa61c99?s=96&d=mm&r=g","contentUrl":"https:\/\/secure.gravatar.com\/avatar\/0278ededd1c842496785759e4fa61c99?s=96&d=mm&r=g","caption":"Silvia Helena"},"description":"Ap\u00f3s breves passagens pela Faculdade Metodista de S\u00e3o Bernardo e Belas Artes de S\u00e3o Paulo, aos 18 anos fui estudar no Canad\u00e1, onde vivi durante 23 anos. L\u00e1 me formei em Hist\u00f3ria da Arte pela Universidade de Montr\u00e9al, estudei turismo no Coll\u00e8ge Lasalle de Montr\u00e9al e no Institut de Tourisme et H\u00f4tellerie du Qu\u00e9bec. Comecei minha carreira na \u00e1rea trabalhando em Cuba. Durante os anos vividos no Canad\u00e1, entre outras coisas, fui guia de circuitos pela costa leste e abri minha primeira ag\u00eancia de receptivo para brasileiros. H\u00e1 18 anos um vento forte bateu nas velas da minha vida me conduzindo at\u00e9 Fran\u00e7a. Atualmente escrevo de Paris, onde vivo e trabalho dirigindo a empresa de receptivo, LA BELLE VIE.","sameAs":["http:\/\/brasileirosemparis.com","https:\/\/www.facebook.com\/Passeiosemparis\/","https:\/\/www.instagram.com\/labellevietour","https:\/\/www.linkedin.com\/in\/silvia-helena-96864a17\/"],"url":"https:\/\/blog.panrotas.com.br\/direto-de-paris\/author\/silvia\/"}]}},"jetpack_featured_media_url":"","_links":{"self":[{"href":"https:\/\/blog.panrotas.com.br\/direto-de-paris\/wp-json\/wp\/v2\/posts\/1156"}],"collection":[{"href":"https:\/\/blog.panrotas.com.br\/direto-de-paris\/wp-json\/wp\/v2\/posts"}],"about":[{"href":"https:\/\/blog.panrotas.com.br\/direto-de-paris\/wp-json\/wp\/v2\/types\/post"}],"author":[{"embeddable":true,"href":"https:\/\/blog.panrotas.com.br\/direto-de-paris\/wp-json\/wp\/v2\/users\/15"}],"replies":[{"embeddable":true,"href":"https:\/\/blog.panrotas.com.br\/direto-de-paris\/wp-json\/wp\/v2\/comments?post=1156"}],"version-history":[{"count":0,"href":"https:\/\/blog.panrotas.com.br\/direto-de-paris\/wp-json\/wp\/v2\/posts\/1156\/revisions"}],"wp:attachment":[{"href":"https:\/\/blog.panrotas.com.br\/direto-de-paris\/wp-json\/wp\/v2\/media?parent=1156"}],"wp:term":[{"taxonomy":"category","embeddable":true,"href":"https:\/\/blog.panrotas.com.br\/direto-de-paris\/wp-json\/wp\/v2\/categories?post=1156"},{"taxonomy":"post_tag","embeddable":true,"href":"https:\/\/blog.panrotas.com.br\/direto-de-paris\/wp-json\/wp\/v2\/tags?post=1156"}],"curies":[{"name":"wp","href":"https:\/\/api.w.org\/{rel}","templated":true}]}}