{"id":11885,"date":"2026-04-28T07:58:03","date_gmt":"2026-04-28T10:58:03","guid":{"rendered":"https:\/\/blog.panrotas.com.br\/direto-de-paris\/?p=11885"},"modified":"2026-04-28T07:58:07","modified_gmt":"2026-04-28T10:58:07","slug":"renascimento-no-atelier-des-lumieres","status":"publish","type":"post","link":"https:\/\/blog.panrotas.com.br\/direto-de-paris\/2026\/04\/28\/renascimento-no-atelier-des-lumieres\/","title":{"rendered":"Renascimento no Atelier des Lumi\u00e8res"},"content":{"rendered":"\n<p class=\"has-text-align-justify\">Em seu imenso local situado em pleno centro de Paris, o <strong>Atelier des Lumi\u00e8res<\/strong> prop\u00f5e ao visitante uma profunda imers\u00e3o no cora\u00e7\u00e3o da arte e da hist\u00f3ria.<\/p>\n\n\n\n<div class=\"wp-block-image is-style-default\"><figure class=\"aligncenter size-large\"><img loading=\"lazy\" width=\"979\" height=\"734\" src=\"http:\/\/blog.panrotas.com.br\/direto-de-paris\/wp-content\/uploads\/sites\/26\/2026\/04\/Atelier-des-Lumieres-Paris-Renascimento.jpg\" alt=\"\" class=\"wp-image-11896\" srcset=\"https:\/\/blog.panrotas.com.br\/direto-de-paris\/wp-content\/uploads\/sites\/26\/2026\/04\/Atelier-des-Lumieres-Paris-Renascimento.jpg 979w, https:\/\/blog.panrotas.com.br\/direto-de-paris\/wp-content\/uploads\/sites\/26\/2026\/04\/Atelier-des-Lumieres-Paris-Renascimento-300x225.jpg 300w, https:\/\/blog.panrotas.com.br\/direto-de-paris\/wp-content\/uploads\/sites\/26\/2026\/04\/Atelier-des-Lumieres-Paris-Renascimento-768x576.jpg 768w, https:\/\/blog.panrotas.com.br\/direto-de-paris\/wp-content\/uploads\/sites\/26\/2026\/04\/Atelier-des-Lumieres-Paris-Renascimento-740x555.jpg 740w\" sizes=\"(max-width: 979px) 100vw, 979px\" \/><figcaption><em>Ateli\u00ea de Lumi\u00e9res<\/em> _ 38 rue Saint Maur, Paris 75011<\/figcaption><\/figure><\/div>\n\n\n\n<p class=\"has-text-align-justify\"><br>Atrav\u00e9s de proje\u00e7\u00f5es de v\u00eddeo e softwares de mapeamento que transformam o ambiente, criando ilus\u00f5es de movimento e profundidade, a experi\u00eancia vivida pelo espectador no Atelier des Lumi\u00e8res \u00e9 extraordin\u00e1ria em seu g\u00eanero.<\/p>\n\n\n\n<p>Para come\u00e7ar, o pr\u00f3prio espa\u00e7o onde se encontra a exposi\u00e7\u00e3o j\u00e1 garante uma cenografia \u00fanica.<\/p>\n\n\n\n<h3>Atelier des Lumi\u00e8res: um espa\u00e7o raro, de 1835 aos dias de hoje<\/h3>\n\n\n\n<p class=\"has-text-align-justify\">Onde a antiga manufatura de fundi\u00e7\u00e3o \u2014 a Fonderie du Chemin Vert \u2014 respondia \u00e0s necessidades navais e ferrovi\u00e1rias da Revolu\u00e7\u00e3o Industrial francesa no s\u00e9culo XIX, hoje 140 projetores de v\u00eddeo e um sistema de som espacial, distribu\u00eddos pelos 3.300 m\u00b2, colocam a revolu\u00e7\u00e3o digital a servi\u00e7o da cria\u00e7\u00e3o art\u00edstica.<\/p>\n\n\n\n<div class=\"wp-block-image is-style-default\"><figure class=\"aligncenter size-large\"><img loading=\"lazy\" width=\"979\" height=\"734\" src=\"http:\/\/blog.panrotas.com.br\/direto-de-paris\/wp-content\/uploads\/sites\/26\/2026\/04\/Renascimento-Paris.jpg\" alt=\"\" class=\"wp-image-11889\" srcset=\"https:\/\/blog.panrotas.com.br\/direto-de-paris\/wp-content\/uploads\/sites\/26\/2026\/04\/Renascimento-Paris.jpg 979w, https:\/\/blog.panrotas.com.br\/direto-de-paris\/wp-content\/uploads\/sites\/26\/2026\/04\/Renascimento-Paris-300x225.jpg 300w, https:\/\/blog.panrotas.com.br\/direto-de-paris\/wp-content\/uploads\/sites\/26\/2026\/04\/Renascimento-Paris-768x576.jpg 768w, https:\/\/blog.panrotas.com.br\/direto-de-paris\/wp-content\/uploads\/sites\/26\/2026\/04\/Renascimento-Paris-740x555.jpg 740w\" sizes=\"(max-width: 979px) 100vw, 979px\" \/><figcaption>Atelier des Lumi\u00e8res -Paris- Sal\u00e3o ou Les Halles<\/figcaption><\/figure><\/div>\n\n\n\n<div class=\"wp-block-image is-style-default\"><figure class=\"aligncenter size-large\"><img loading=\"lazy\" width=\"979\" height=\"734\" src=\"http:\/\/blog.panrotas.com.br\/direto-de-paris\/wp-content\/uploads\/sites\/26\/2026\/04\/Paris-Passeio-Atelie-Lumiere.jpg\" alt=\"\" class=\"wp-image-11890\" srcset=\"https:\/\/blog.panrotas.com.br\/direto-de-paris\/wp-content\/uploads\/sites\/26\/2026\/04\/Paris-Passeio-Atelie-Lumiere.jpg 979w, https:\/\/blog.panrotas.com.br\/direto-de-paris\/wp-content\/uploads\/sites\/26\/2026\/04\/Paris-Passeio-Atelie-Lumiere-300x225.jpg 300w, https:\/\/blog.panrotas.com.br\/direto-de-paris\/wp-content\/uploads\/sites\/26\/2026\/04\/Paris-Passeio-Atelie-Lumiere-768x576.jpg 768w, https:\/\/blog.panrotas.com.br\/direto-de-paris\/wp-content\/uploads\/sites\/26\/2026\/04\/Paris-Passeio-Atelie-Lumiere-740x555.jpg 740w\" sizes=\"(max-width: 979px) 100vw, 979px\" \/><\/figure><\/div>\n\n\n\n<p class=\"has-text-align-justify\">Como sou f\u00e3, sempre que posso vou ver a exposi\u00e7\u00e3o da temporada. Recentemente tive a felicidade de assistir <strong><em>Renascimento: Da Vinci, Rafael, Michelangelo<\/em>, <\/strong>que estar\u00e1 em cartaz at\u00e9 junho.<\/p>\n\n\n\n<div class=\"wp-block-image is-style-default\"><figure class=\"aligncenter size-large\"><img loading=\"lazy\" width=\"979\" height=\"734\" src=\"http:\/\/blog.panrotas.com.br\/direto-de-paris\/wp-content\/uploads\/sites\/26\/2026\/04\/Atelie-de-Lumiere-Paris.jpg\" alt=\"\" class=\"wp-image-11895\" srcset=\"https:\/\/blog.panrotas.com.br\/direto-de-paris\/wp-content\/uploads\/sites\/26\/2026\/04\/Atelie-de-Lumiere-Paris.jpg 979w, https:\/\/blog.panrotas.com.br\/direto-de-paris\/wp-content\/uploads\/sites\/26\/2026\/04\/Atelie-de-Lumiere-Paris-300x225.jpg 300w, https:\/\/blog.panrotas.com.br\/direto-de-paris\/wp-content\/uploads\/sites\/26\/2026\/04\/Atelie-de-Lumiere-Paris-768x576.jpg 768w, https:\/\/blog.panrotas.com.br\/direto-de-paris\/wp-content\/uploads\/sites\/26\/2026\/04\/Atelie-de-Lumiere-Paris-740x555.jpg 740w\" sizes=\"(max-width: 979px) 100vw, 979px\" \/><\/figure><\/div>\n\n\n\n<div class=\"wp-block-image is-style-default\"><figure class=\"aligncenter size-large\"><img loading=\"lazy\" width=\"979\" height=\"734\" src=\"http:\/\/blog.panrotas.com.br\/direto-de-paris\/wp-content\/uploads\/sites\/26\/2026\/04\/Atelier-des-Lumieres-Paris.jpg\" alt=\"\" class=\"wp-image-11894\" srcset=\"https:\/\/blog.panrotas.com.br\/direto-de-paris\/wp-content\/uploads\/sites\/26\/2026\/04\/Atelier-des-Lumieres-Paris.jpg 979w, https:\/\/blog.panrotas.com.br\/direto-de-paris\/wp-content\/uploads\/sites\/26\/2026\/04\/Atelier-des-Lumieres-Paris-300x225.jpg 300w, https:\/\/blog.panrotas.com.br\/direto-de-paris\/wp-content\/uploads\/sites\/26\/2026\/04\/Atelier-des-Lumieres-Paris-768x576.jpg 768w, https:\/\/blog.panrotas.com.br\/direto-de-paris\/wp-content\/uploads\/sites\/26\/2026\/04\/Atelier-des-Lumieres-Paris-740x555.jpg 740w\" sizes=\"(max-width: 979px) 100vw, 979px\" \/><figcaption>Vista a partir do mezzanino<\/figcaption><\/figure><\/div>\n\n\n\n<div class=\"wp-block-image is-style-default\"><figure class=\"aligncenter size-large\"><img loading=\"lazy\" width=\"979\" height=\"734\" src=\"http:\/\/blog.panrotas.com.br\/direto-de-paris\/wp-content\/uploads\/sites\/26\/2026\/04\/Atelier-de-Lumieres-Renascimento.jpg\" alt=\"\" class=\"wp-image-11892\" srcset=\"https:\/\/blog.panrotas.com.br\/direto-de-paris\/wp-content\/uploads\/sites\/26\/2026\/04\/Atelier-de-Lumieres-Renascimento.jpg 979w, https:\/\/blog.panrotas.com.br\/direto-de-paris\/wp-content\/uploads\/sites\/26\/2026\/04\/Atelier-de-Lumieres-Renascimento-300x225.jpg 300w, https:\/\/blog.panrotas.com.br\/direto-de-paris\/wp-content\/uploads\/sites\/26\/2026\/04\/Atelier-de-Lumieres-Renascimento-768x576.jpg 768w, https:\/\/blog.panrotas.com.br\/direto-de-paris\/wp-content\/uploads\/sites\/26\/2026\/04\/Atelier-de-Lumieres-Renascimento-740x555.jpg 740w\" sizes=\"(max-width: 979px) 100vw, 979px\" \/><\/figure><\/div>\n\n\n\n<div class=\"wp-block-image is-style-default\"><figure class=\"aligncenter size-large\"><img loading=\"lazy\" width=\"979\" height=\"734\" src=\"http:\/\/blog.panrotas.com.br\/direto-de-paris\/wp-content\/uploads\/sites\/26\/2026\/04\/Cena-Atelie-Lumieres-Paris.jpg\" alt=\"\" class=\"wp-image-11891\" srcset=\"https:\/\/blog.panrotas.com.br\/direto-de-paris\/wp-content\/uploads\/sites\/26\/2026\/04\/Cena-Atelie-Lumieres-Paris.jpg 979w, https:\/\/blog.panrotas.com.br\/direto-de-paris\/wp-content\/uploads\/sites\/26\/2026\/04\/Cena-Atelie-Lumieres-Paris-300x225.jpg 300w, https:\/\/blog.panrotas.com.br\/direto-de-paris\/wp-content\/uploads\/sites\/26\/2026\/04\/Cena-Atelie-Lumieres-Paris-768x576.jpg 768w, https:\/\/blog.panrotas.com.br\/direto-de-paris\/wp-content\/uploads\/sites\/26\/2026\/04\/Cena-Atelie-Lumieres-Paris-740x555.jpg 740w\" sizes=\"(max-width: 979px) 100vw, 979px\" \/><figcaption>Eu quase escrevi esse artigo sobre esses dois alegrins dourados, \u00fanicos sentados contra uma das superf\u00edcies de exposi\u00e7\u00e3o, mas eles acabaram se integrando quase naturalmente \u00e0s cenas<\/figcaption><\/figure><\/div>\n\n\n\n<div class=\"wp-block-image is-style-default\"><figure class=\"aligncenter size-large\"><img loading=\"lazy\" width=\"979\" height=\"734\" src=\"https:\/\/blog.panrotas.com.br\/direto-de-paris\/wp-content\/uploads\/sites\/26\/2026\/04\/paris-atelie-1.jpg\" alt=\"\" class=\"wp-image-11899\" srcset=\"https:\/\/blog.panrotas.com.br\/direto-de-paris\/wp-content\/uploads\/sites\/26\/2026\/04\/paris-atelie-1.jpg 979w, https:\/\/blog.panrotas.com.br\/direto-de-paris\/wp-content\/uploads\/sites\/26\/2026\/04\/paris-atelie-1-300x225.jpg 300w, https:\/\/blog.panrotas.com.br\/direto-de-paris\/wp-content\/uploads\/sites\/26\/2026\/04\/paris-atelie-1-768x576.jpg 768w, https:\/\/blog.panrotas.com.br\/direto-de-paris\/wp-content\/uploads\/sites\/26\/2026\/04\/paris-atelie-1-740x555.jpg 740w\" sizes=\"(max-width: 979px) 100vw, 979px\" \/><\/figure><\/div>\n\n\n\n<p class=\"has-text-align-justify\">Para Renascimento, completando a alta tecnologia digital, o Atelier des Lumi\u00e8res integrou pela primeira vez efeitos atmosf\u00e9ricos \u2014 neblina, fuma\u00e7a, lasers. Durante quase uma hora, obras e paisagens magistrais s\u00e3o apresentadas e desfilam ao seu redor em uma encena\u00e7\u00e3o tridimensional espetacular, enquanto a voz de um narrador coloca esporadicamente o visitante no contexto da \u00e9poca. O texto narrado em franc\u00eas \u00e9 discretamente projetado simultaneamente em ingl\u00eas.    <\/p>\n\n\n\n<p class=\"has-text-align-justify\">O resultado ficou fant\u00e1stico! A arte e as obras dos grandes mestres italianos conseguem ficar ainda mais impressionantes! Uma explos\u00e3o sensorial de puro deleite. S\u00f3 vendo mesmo. <\/p>\n\n\n\n<p class=\"has-text-align-justify\">E como imagens valem mais que palavras, te convido a acessar o YouTube e assistir ao v\u00eddeo com cenas in\u00e9ditas. <strong>N\u00e3o \u00e9 nem de longe a mesma coisa, claro, mas j\u00e1 d\u00e1 para ter uma pequena, por\u00e9m boa ideia.<\/strong><\/p>\n\n\n\n<figure class=\"wp-block-embed is-type-video is-provider-youtube wp-block-embed-youtube wp-embed-aspect-16-9 wp-has-aspect-ratio\"><div class=\"wp-block-embed__wrapper\">\n<div class=\"jetpack-video-wrapper\"><iframe loading=\"lazy\" title=\"Atelier des Lumi\u00e8res Paris -2026 Renascimento - Nova Exposi\u00e7\u00e3o\" width=\"740\" height=\"416\" src=\"https:\/\/www.youtube.com\/embed\/ETBLfOLBV-g?feature=oembed\" frameborder=\"0\" allow=\"accelerometer; autoplay; clipboard-write; encrypted-media; gyroscope; picture-in-picture; web-share\" referrerpolicy=\"strict-origin-when-cross-origin\" allowfullscreen><\/iframe><\/div>\n<\/div><figcaption>Assista no Youtube. <\/figcaption><\/figure>\n\n\n\n<p class=\"has-text-align-justify\">Uma rica e diversificada trilha sonora acompanha a proje\u00e7\u00e3o e pode ser encontrada no <a href=\"https:\/\/open.spotify.com\/playlist\/3JN3GrBcwixVsf4RkveuLE?si=EjRw_T2-Sc6sDRSCa59pHQ\" target=\"_blank\" rel=\"noreferrer noopener\">Spotify sob o nome Renaissance, De Vinci, Rapha\u00ebl, Michel-Ange<\/a>. Deixei o reel abaixo com o som original para exemplificar <\/p>\n\n\n\n<figure class=\"wp-block-embed aligncenter is-type-rich is-provider-instagram wp-block-embed-instagram\"><div class=\"wp-block-embed__wrapper\">\n<blockquote class=\"instagram-media\" data-instgrm-captioned data-instgrm-permalink=\"https:\/\/www.instagram.com\/reel\/DXrAJw7iD4B\/?utm_source=ig_embed&amp;utm_campaign=loading\" data-instgrm-version=\"14\" style=\" background:#FFF; border:0; border-radius:3px; box-shadow:0 0 1px 0 rgba(0,0,0,0.5),0 1px 10px 0 rgba(0,0,0,0.15); margin: 1px; max-width:658px; min-width:326px; padding:0; width:99.375%; width:-webkit-calc(100% - 2px); width:calc(100% - 2px);\"><div style=\"padding:16px;\"> <a href=\"https:\/\/www.instagram.com\/reel\/DXrAJw7iD4B\/?utm_source=ig_embed&amp;utm_campaign=loading\" style=\" background:#FFFFFF; line-height:0; padding:0 0; text-align:center; text-decoration:none; width:100%;\" target=\"_blank\"> <div style=\" display: flex; flex-direction: row; align-items: center;\"> <div style=\"background-color: #F4F4F4; border-radius: 50%; flex-grow: 0; height: 40px; margin-right: 14px; width: 40px;\"><\/div> <div style=\"display: flex; flex-direction: column; flex-grow: 1; justify-content: center;\"> <div style=\" background-color: #F4F4F4; border-radius: 4px; flex-grow: 0; height: 14px; margin-bottom: 6px; width: 100px;\"><\/div> <div style=\" background-color: #F4F4F4; border-radius: 4px; flex-grow: 0; height: 14px; width: 60px;\"><\/div><\/div><\/div><div style=\"padding: 19% 0;\"><\/div> <div style=\"display:block; height:50px; margin:0 auto 12px; width:50px;\"><svg width=\"50px\" height=\"50px\" viewBox=\"0 0 60 60\" version=\"1.1\" xmlns=\"https:\/\/www.w3.org\/2000\/svg\" xmlns:xlink=\"https:\/\/www.w3.org\/1999\/xlink\"><g stroke=\"none\" stroke-width=\"1\" fill=\"none\" fill-rule=\"evenodd\"><g transform=\"translate(-511.000000, -20.000000)\" fill=\"#000000\"><g><path d=\"M556.869,30.41 C554.814,30.41 553.148,32.076 553.148,34.131 C553.148,36.186 554.814,37.852 556.869,37.852 C558.924,37.852 560.59,36.186 560.59,34.131 C560.59,32.076 558.924,30.41 556.869,30.41 M541,60.657 C535.114,60.657 530.342,55.887 530.342,50 C530.342,44.114 535.114,39.342 541,39.342 C546.887,39.342 551.658,44.114 551.658,50 C551.658,55.887 546.887,60.657 541,60.657 M541,33.886 C532.1,33.886 524.886,41.1 524.886,50 C524.886,58.899 532.1,66.113 541,66.113 C549.9,66.113 557.115,58.899 557.115,50 C557.115,41.1 549.9,33.886 541,33.886 M565.378,62.101 C565.244,65.022 564.756,66.606 564.346,67.663 C563.803,69.06 563.154,70.057 562.106,71.106 C561.058,72.155 560.06,72.803 558.662,73.347 C557.607,73.757 556.021,74.244 553.102,74.378 C549.944,74.521 548.997,74.552 541,74.552 C533.003,74.552 532.056,74.521 528.898,74.378 C525.979,74.244 524.393,73.757 523.338,73.347 C521.94,72.803 520.942,72.155 519.894,71.106 C518.846,70.057 518.197,69.06 517.654,67.663 C517.244,66.606 516.755,65.022 516.623,62.101 C516.479,58.943 516.448,57.996 516.448,50 C516.448,42.003 516.479,41.056 516.623,37.899 C516.755,34.978 517.244,33.391 517.654,32.338 C518.197,30.938 518.846,29.942 519.894,28.894 C520.942,27.846 521.94,27.196 523.338,26.654 C524.393,26.244 525.979,25.756 528.898,25.623 C532.057,25.479 533.004,25.448 541,25.448 C548.997,25.448 549.943,25.479 553.102,25.623 C556.021,25.756 557.607,26.244 558.662,26.654 C560.06,27.196 561.058,27.846 562.106,28.894 C563.154,29.942 563.803,30.938 564.346,32.338 C564.756,33.391 565.244,34.978 565.378,37.899 C565.522,41.056 565.552,42.003 565.552,50 C565.552,57.996 565.522,58.943 565.378,62.101 M570.82,37.631 C570.674,34.438 570.167,32.258 569.425,30.349 C568.659,28.377 567.633,26.702 565.965,25.035 C564.297,23.368 562.623,22.342 560.652,21.575 C558.743,20.834 556.562,20.326 553.369,20.18 C550.169,20.033 549.148,20 541,20 C532.853,20 531.831,20.033 528.631,20.18 C525.438,20.326 523.257,20.834 521.349,21.575 C519.376,22.342 517.703,23.368 516.035,25.035 C514.368,26.702 513.342,28.377 512.574,30.349 C511.834,32.258 511.326,34.438 511.181,37.631 C511.035,40.831 511,41.851 511,50 C511,58.147 511.035,59.17 511.181,62.369 C511.326,65.562 511.834,67.743 512.574,69.651 C513.342,71.625 514.368,73.296 516.035,74.965 C517.703,76.634 519.376,77.658 521.349,78.425 C523.257,79.167 525.438,79.673 528.631,79.82 C531.831,79.965 532.853,80.001 541,80.001 C549.148,80.001 550.169,79.965 553.369,79.82 C556.562,79.673 558.743,79.167 560.652,78.425 C562.623,77.658 564.297,76.634 565.965,74.965 C567.633,73.296 568.659,71.625 569.425,69.651 C570.167,67.743 570.674,65.562 570.82,62.369 C570.966,59.17 571,58.147 571,50 C571,41.851 570.966,40.831 570.82,37.631\"><\/path><\/g><\/g><\/g><\/svg><\/div><div style=\"padding-top: 8px;\"> <div style=\" color:#3897f0; font-family:Arial,sans-serif; font-size:14px; font-style:normal; font-weight:550; line-height:18px;\">View this post on Instagram<\/div><\/div><div style=\"padding: 12.5% 0;\"><\/div> <div style=\"display: flex; flex-direction: row; margin-bottom: 14px; align-items: center;\"><div> <div style=\"background-color: #F4F4F4; border-radius: 50%; height: 12.5px; width: 12.5px; transform: translateX(0px) translateY(7px);\"><\/div> <div style=\"background-color: #F4F4F4; height: 12.5px; transform: rotate(-45deg) translateX(3px) translateY(1px); width: 12.5px; flex-grow: 0; margin-right: 14px; margin-left: 2px;\"><\/div> <div style=\"background-color: #F4F4F4; border-radius: 50%; height: 12.5px; width: 12.5px; transform: translateX(9px) translateY(-18px);\"><\/div><\/div><div style=\"margin-left: 8px;\"> <div style=\" background-color: #F4F4F4; border-radius: 50%; flex-grow: 0; height: 20px; width: 20px;\"><\/div> <div style=\" width: 0; height: 0; border-top: 2px solid transparent; border-left: 6px solid #f4f4f4; border-bottom: 2px solid transparent; transform: translateX(16px) translateY(-4px) rotate(30deg)\"><\/div><\/div><div style=\"margin-left: auto;\"> <div style=\" width: 0px; border-top: 8px solid #F4F4F4; border-right: 8px solid transparent; transform: translateY(16px);\"><\/div> <div style=\" background-color: #F4F4F4; flex-grow: 0; height: 12px; width: 16px; transform: translateY(-4px);\"><\/div> <div style=\" width: 0; height: 0; border-top: 8px solid #F4F4F4; border-left: 8px solid transparent; transform: translateY(-4px) translateX(8px);\"><\/div><\/div><\/div> <div style=\"display: flex; flex-direction: column; flex-grow: 1; justify-content: center; margin-bottom: 24px;\"> <div style=\" background-color: #F4F4F4; border-radius: 4px; flex-grow: 0; height: 14px; margin-bottom: 6px; width: 224px;\"><\/div> <div style=\" background-color: #F4F4F4; border-radius: 4px; flex-grow: 0; height: 14px; width: 144px;\"><\/div><\/div><\/a><\/div><\/blockquote><script async src=\"\/\/platform.instagram.com\/en_US\/embeds.js\"><\/script>\n<\/div><\/figure>\n\n\n\n<p><br>Atelier de Lumi\u00e8res , Renascimento: Narra\u00e7\u00e3o em franc\u00eas, com legendas em ingl\u00eas.<\/p>\n\n\n\n<h3>PLANETA PR\u00c9-HIST\u00d3RICO: DINOSSAUROS EM PARIS<\/h3>\n\n\n\n<p>Para f\u00e3s de pr\u00e9-hist\u00f3ria, est\u00e1 tamb\u00e9m em cartaz no ateli\u00ea PLANETA PR\u00c9-HIST\u00d3RICO: DINOSSAUROS EM PARIS<\/p>\n\n\n\n<p class=\"has-text-align-justify\">A publicidade promete uma viagem de volta a 66 milh\u00f5es de anos e uma imers\u00e3o fascinante na era dos dinossauros. O visitante percorre paisagens impressionantes da Terra pr\u00e9-hist\u00f3rica e descobre sua extraordin\u00e1ria vida selvagem.<\/p>\n\n\n\n<p class=\"has-text-align-justify\">N\u00e3o tenho d\u00favida que deve ser fascinante mesmo. Este \u00e9 claramente o tipo de programa que teria sido obrigat\u00f3rio se meus filhos ainda fossem crian\u00e7as.<\/p>\n\n\n\n<p>PLANETA PR\u00c9-HIST\u00d3RICO: DINOSSAUROS EM PARIS<br>De 19 de abril a 28 de junho. Quartas, sextas e domingos durante as f\u00e9rias escolares; domingos a partir de 4 de maio.<\/p>\n\n\n\n<h3>Atelier des Lumi\u00e8res Outros espa\u00e7os<\/h3>\n\n\n\n<p class=\"has-text-align-justify\">Al\u00e9m do espa\u00e7o principal \u2014 a Halle, onde as obras ganham vida \u2014 o Atelier des Lumi\u00e8res disp\u00f5e de outras pe\u00e7as dedicadas a anima\u00e7\u00f5es infantis e eventos pontuais.<\/p>\n\n\n\n<p><strong>A Oficina Infantil<\/strong><\/p>\n\n\n\n<p class=\"has-text-align-justify\">Na sala animada por imagens interativas, as crian\u00e7as exploram neste momento o mundo dos dinossauros e de Leonardo da Vinci por meio de dispositivos l\u00fadicos e criativos. Depois de colorir, elas escaneiam seus desenhos, que ganham vida nas paredes da Oficina Infantil, em cen\u00e1rios pr\u00e9-hist\u00f3ricos ou inspirados em obras-primas renascentistas.<\/p>\n\n\n\n<div class=\"wp-block-image is-style-default\"><figure class=\"aligncenter size-large\"><img loading=\"lazy\" width=\"979\" height=\"734\" src=\"http:\/\/blog.panrotas.com.br\/direto-de-paris\/wp-content\/uploads\/sites\/26\/2026\/04\/Sala-Privatizacao-Atelie-Lumiere.jpg\" alt=\"\" class=\"wp-image-11887\" srcset=\"https:\/\/blog.panrotas.com.br\/direto-de-paris\/wp-content\/uploads\/sites\/26\/2026\/04\/Sala-Privatizacao-Atelie-Lumiere.jpg 979w, https:\/\/blog.panrotas.com.br\/direto-de-paris\/wp-content\/uploads\/sites\/26\/2026\/04\/Sala-Privatizacao-Atelie-Lumiere-300x225.jpg 300w, https:\/\/blog.panrotas.com.br\/direto-de-paris\/wp-content\/uploads\/sites\/26\/2026\/04\/Sala-Privatizacao-Atelie-Lumiere-768x576.jpg 768w, https:\/\/blog.panrotas.com.br\/direto-de-paris\/wp-content\/uploads\/sites\/26\/2026\/04\/Sala-Privatizacao-Atelie-Lumiere-740x555.jpg 740w\" sizes=\"(max-width: 979px) 100vw, 979px\" \/><\/figure><\/div>\n\n\n\n<div class=\"wp-block-image is-style-default\"><figure class=\"aligncenter size-large\"><img loading=\"lazy\" width=\"979\" height=\"734\" src=\"http:\/\/blog.panrotas.com.br\/direto-de-paris\/wp-content\/uploads\/sites\/26\/2026\/04\/Sala-Atelie-Lumiere-Privatisation.jpg\" alt=\"\" class=\"wp-image-11888\" srcset=\"https:\/\/blog.panrotas.com.br\/direto-de-paris\/wp-content\/uploads\/sites\/26\/2026\/04\/Sala-Atelie-Lumiere-Privatisation.jpg 979w, https:\/\/blog.panrotas.com.br\/direto-de-paris\/wp-content\/uploads\/sites\/26\/2026\/04\/Sala-Atelie-Lumiere-Privatisation-300x225.jpg 300w, https:\/\/blog.panrotas.com.br\/direto-de-paris\/wp-content\/uploads\/sites\/26\/2026\/04\/Sala-Atelie-Lumiere-Privatisation-768x576.jpg 768w, https:\/\/blog.panrotas.com.br\/direto-de-paris\/wp-content\/uploads\/sites\/26\/2026\/04\/Sala-Atelie-Lumiere-Privatisation-740x555.jpg 740w\" sizes=\"(max-width: 979px) 100vw, 979px\" \/><figcaption>A Sala da Oficina pode tamb\u00e9m ser privatizada para diferentes ocasi\u00f5es<\/figcaption><\/figure><\/div>\n\n\n\n<p><strong>A Cisterna<\/strong><\/p>\n\n\n\n<p><em>Localizada no cora\u00e7\u00e3o do Atelier, a Cisterna oferece um ponto de vista diferente sobre as obras exibidas na Halle. As proje\u00e7\u00f5es s\u00e3o apresentadas na \u00edntegra, acompanhadas de coment\u00e1rios e informa\u00e7\u00f5es sobre os museus onde as obras originais est\u00e3o expostas.<\/em> <\/p>\n\n\n\n<p><strong>A Torre dos Espelhos<\/strong><\/p>\n\n\n\n<p><em>Como um caleidosc\u00f3pio gigante, a Torre dos Espelhos convida o visitante a admirar o reflexo das obras em dezenas de superf\u00edcies espelhadas. \u00c9 poss\u00edvel contemplar as imagens sem parar.<\/em> <em><a href=\"https:\/\/privatisation.atelier-lumieres.com\/fr?_gl=1*ox6yw3*_gcl_au*MjAzOTMzNTYxNC4xNzc3MjkwMzM5*_ga*MTkxNjA5MTgwNy4xNzc3MjkwMzQy*_ga_GL3PS7XDNG*czE3NzczMDE5MTAkbzMkZzEkdDE3NzczMDE5NjQkajYkbDAkaDE5NzIzMzgwNTE.\" target=\"_blank\" rel=\"noreferrer noopener\">fonte<\/a><\/em><\/p>\n\n\n\n<p>Para terminar, um \u00faltimo detalhe: <strong>\u00e9 poss\u00edvel privatizar todos os espa\u00e7os para diferentes tipos de eventos <\/strong>\u2014 de grandes apresenta\u00e7\u00f5es empresariais a recep\u00e7\u00f5es institucionais \u2014 com diversas op\u00e7\u00f5es de servi\u00e7os tecnol\u00f3gicos e gastron\u00f4micos.<\/p>\n\n\n\n<div class=\"wp-block-image is-style-default\"><figure class=\"aligncenter size-large\"><img loading=\"lazy\" width=\"979\" height=\"734\" src=\"https:\/\/blog.panrotas.com.br\/direto-de-paris\/wp-content\/uploads\/sites\/26\/2026\/04\/Atelie-de-Lumieres-Como-chegar.jpg\" alt=\"\" class=\"wp-image-11900\" srcset=\"https:\/\/blog.panrotas.com.br\/direto-de-paris\/wp-content\/uploads\/sites\/26\/2026\/04\/Atelie-de-Lumieres-Como-chegar.jpg 979w, https:\/\/blog.panrotas.com.br\/direto-de-paris\/wp-content\/uploads\/sites\/26\/2026\/04\/Atelie-de-Lumieres-Como-chegar-300x225.jpg 300w, https:\/\/blog.panrotas.com.br\/direto-de-paris\/wp-content\/uploads\/sites\/26\/2026\/04\/Atelie-de-Lumieres-Como-chegar-768x576.jpg 768w, https:\/\/blog.panrotas.com.br\/direto-de-paris\/wp-content\/uploads\/sites\/26\/2026\/04\/Atelie-de-Lumieres-Como-chegar-740x555.jpg 740w\" sizes=\"(max-width: 979px) 100vw, 979px\" \/><\/figure><\/div>\n\n\n\n<p>Atelier de Lumi\u00e8res  &#8211; 38 rue Saint Maur, <strong>Metro Saint Maur <\/strong>75011<\/p>\n","protected":false},"excerpt":{"rendered":"<p>Em seu imenso local situado em pleno centro de Paris, o Atelier des Lumi\u00e8res prop\u00f5e ao visitante uma profunda imers\u00e3o no cora\u00e7\u00e3o da arte e da hist\u00f3ria. Atrav\u00e9s de proje\u00e7\u00f5es de v\u00eddeo e softwares de mapeamento que transformam o ambiente, criando ilus\u00f5es de movimento e profundidade, a experi\u00eancia vivida pelo espectador no Atelier des Lumi\u00e8res&hellip; <a class=\"more-link\" href=\"https:\/\/blog.panrotas.com.br\/direto-de-paris\/2026\/04\/28\/renascimento-no-atelier-des-lumieres\/\">Continue reading &rarr;<\/a><\/p>\n","protected":false},"author":15,"featured_media":11893,"comment_status":"open","ping_status":"open","sticky":false,"template":"","format":"standard","meta":{"spay_email":""},"categories":[72,5,44,46],"tags":[698,662],"yoast_head":"<!-- This site is optimized with the Yoast SEO plugin v17.3 - https:\/\/yoast.com\/wordpress\/plugins\/seo\/ -->\n<title>Renascimento no Atelier des Lumi\u00e8res - Direto de Paris<\/title>\n<meta name=\"description\" content=\"Atelier des Lumi\u00e8res em Paris: exposi\u00e7\u00e3o imersiva com tecnologia de ponta e efeitos que proporcionam uma experi\u00eancia extraordin\u00e1ria\" \/>\n<meta name=\"robots\" content=\"index, follow, max-snippet:-1, max-image-preview:large, max-video-preview:-1\" \/>\n<link rel=\"canonical\" href=\"https:\/\/blog.panrotas.com.br\/direto-de-paris\/2026\/04\/28\/renascimento-no-atelier-des-lumieres\/\" \/>\n<meta property=\"og:locale\" content=\"pt_BR\" \/>\n<meta property=\"og:type\" content=\"article\" \/>\n<meta property=\"og:title\" content=\"Renascimento no Atelier des Lumi\u00e8res - Direto de Paris\" \/>\n<meta property=\"og:description\" content=\"Atelier des Lumi\u00e8res em Paris: exposi\u00e7\u00e3o imersiva com tecnologia de ponta e efeitos que proporcionam uma experi\u00eancia extraordin\u00e1ria\" \/>\n<meta property=\"og:url\" content=\"https:\/\/blog.panrotas.com.br\/direto-de-paris\/2026\/04\/28\/renascimento-no-atelier-des-lumieres\/\" \/>\n<meta property=\"og:site_name\" content=\"Direto de Paris\" \/>\n<meta property=\"article:author\" content=\"https:\/\/www.facebook.com\/Passeiosemparis\/\" \/>\n<meta property=\"article:published_time\" content=\"2026-04-28T10:58:03+00:00\" \/>\n<meta property=\"article:modified_time\" content=\"2026-04-28T10:58:07+00:00\" \/>\n<meta property=\"og:image\" content=\"http:\/\/blog.panrotas.com.br\/direto-de-paris\/wp-content\/uploads\/sites\/26\/2026\/04\/Renascimento-Atelier-des-Lumieres.jpg\" \/>\n\t<meta property=\"og:image:width\" content=\"979\" \/>\n\t<meta property=\"og:image:height\" content=\"734\" \/>\n<meta name=\"twitter:card\" content=\"summary_large_image\" \/>\n<meta name=\"twitter:label1\" content=\"Escrito por\" \/>\n\t<meta name=\"twitter:data1\" content=\"Silvia Helena\" \/>\n\t<meta name=\"twitter:label2\" content=\"Est. tempo de leitura\" \/>\n\t<meta name=\"twitter:data2\" content=\"6 minutos\" \/>\n<script type=\"application\/ld+json\" class=\"yoast-schema-graph\">{\"@context\":\"https:\/\/schema.org\",\"@graph\":[{\"@type\":\"WebSite\",\"@id\":\"https:\/\/blog.panrotas.com.br\/direto-de-paris\/#website\",\"url\":\"https:\/\/blog.panrotas.com.br\/direto-de-paris\/\",\"name\":\"Direto de Paris\",\"description\":\"Blogosfera PANROTAS\",\"potentialAction\":[{\"@type\":\"SearchAction\",\"target\":{\"@type\":\"EntryPoint\",\"urlTemplate\":\"https:\/\/blog.panrotas.com.br\/direto-de-paris\/?s={search_term_string}\"},\"query-input\":\"required name=search_term_string\"}],\"inLanguage\":\"pt-BR\"},{\"@type\":\"ImageObject\",\"@id\":\"https:\/\/blog.panrotas.com.br\/direto-de-paris\/2026\/04\/28\/renascimento-no-atelier-des-lumieres\/#primaryimage\",\"inLanguage\":\"pt-BR\",\"url\":\"https:\/\/blog.panrotas.com.br\/direto-de-paris\/wp-content\/uploads\/sites\/26\/2026\/04\/Renascimento-Atelier-des-Lumieres.jpg\",\"contentUrl\":\"https:\/\/blog.panrotas.com.br\/direto-de-paris\/wp-content\/uploads\/sites\/26\/2026\/04\/Renascimento-Atelier-des-Lumieres.jpg\",\"width\":979,\"height\":734},{\"@type\":\"WebPage\",\"@id\":\"https:\/\/blog.panrotas.com.br\/direto-de-paris\/2026\/04\/28\/renascimento-no-atelier-des-lumieres\/#webpage\",\"url\":\"https:\/\/blog.panrotas.com.br\/direto-de-paris\/2026\/04\/28\/renascimento-no-atelier-des-lumieres\/\",\"name\":\"Renascimento no Atelier des Lumi\\u00e8res - Direto de Paris\",\"isPartOf\":{\"@id\":\"https:\/\/blog.panrotas.com.br\/direto-de-paris\/#website\"},\"primaryImageOfPage\":{\"@id\":\"https:\/\/blog.panrotas.com.br\/direto-de-paris\/2026\/04\/28\/renascimento-no-atelier-des-lumieres\/#primaryimage\"},\"datePublished\":\"2026-04-28T10:58:03+00:00\",\"dateModified\":\"2026-04-28T10:58:07+00:00\",\"author\":{\"@id\":\"https:\/\/blog.panrotas.com.br\/direto-de-paris\/#\/schema\/person\/0137bff12a66d9bd80e250aa2c7000b3\"},\"description\":\"Atelier des Lumi\\u00e8res em Paris: exposi\\u00e7\\u00e3o imersiva com tecnologia de ponta e efeitos que proporcionam uma experi\\u00eancia extraordin\\u00e1ria\",\"breadcrumb\":{\"@id\":\"https:\/\/blog.panrotas.com.br\/direto-de-paris\/2026\/04\/28\/renascimento-no-atelier-des-lumieres\/#breadcrumb\"},\"inLanguage\":\"pt-BR\",\"potentialAction\":[{\"@type\":\"ReadAction\",\"target\":[\"https:\/\/blog.panrotas.com.br\/direto-de-paris\/2026\/04\/28\/renascimento-no-atelier-des-lumieres\/\"]}]},{\"@type\":\"BreadcrumbList\",\"@id\":\"https:\/\/blog.panrotas.com.br\/direto-de-paris\/2026\/04\/28\/renascimento-no-atelier-des-lumieres\/#breadcrumb\",\"itemListElement\":[{\"@type\":\"ListItem\",\"position\":1,\"name\":\"In\\u00edcio\",\"item\":\"https:\/\/blog.panrotas.com.br\/direto-de-paris\/\"},{\"@type\":\"ListItem\",\"position\":2,\"name\":\"Renascimento no Atelier des Lumi\\u00e8res\"}]},{\"@type\":\"Person\",\"@id\":\"https:\/\/blog.panrotas.com.br\/direto-de-paris\/#\/schema\/person\/0137bff12a66d9bd80e250aa2c7000b3\",\"name\":\"Silvia Helena\",\"image\":{\"@type\":\"ImageObject\",\"@id\":\"https:\/\/blog.panrotas.com.br\/direto-de-paris\/#personlogo\",\"inLanguage\":\"pt-BR\",\"url\":\"https:\/\/secure.gravatar.com\/avatar\/0278ededd1c842496785759e4fa61c99?s=96&d=mm&r=g\",\"contentUrl\":\"https:\/\/secure.gravatar.com\/avatar\/0278ededd1c842496785759e4fa61c99?s=96&d=mm&r=g\",\"caption\":\"Silvia Helena\"},\"description\":\"Ap\\u00f3s breves passagens pela Faculdade Metodista de S\\u00e3o Bernardo e Belas Artes de S\\u00e3o Paulo, aos 18 anos fui estudar no Canad\\u00e1, onde vivi durante 23 anos. L\\u00e1 me formei em Hist\\u00f3ria da Arte pela Universidade de Montr\\u00e9al, estudei turismo no Coll\\u00e8ge Lasalle de Montr\\u00e9al e no Institut de Tourisme et H\\u00f4tellerie du Qu\\u00e9bec. Comecei minha carreira na \\u00e1rea trabalhando em Cuba. Durante os anos vividos no Canad\\u00e1, entre outras coisas, fui guia de circuitos pela costa leste e abri minha primeira ag\\u00eancia de receptivo para brasileiros. H\\u00e1 18 anos um vento forte bateu nas velas da minha vida me conduzindo at\\u00e9 Fran\\u00e7a. Atualmente escrevo de Paris, onde vivo e trabalho dirigindo a empresa de receptivo, LA BELLE VIE.\",\"sameAs\":[\"http:\/\/brasileirosemparis.com\",\"https:\/\/www.facebook.com\/Passeiosemparis\/\",\"https:\/\/www.instagram.com\/labellevietour\",\"https:\/\/www.linkedin.com\/in\/silvia-helena-96864a17\/\"],\"url\":\"https:\/\/blog.panrotas.com.br\/direto-de-paris\/author\/silvia\/\"}]}<\/script>\n<!-- \/ Yoast SEO plugin. -->","yoast_head_json":{"title":"Renascimento no Atelier des Lumi\u00e8res - Direto de Paris","description":"Atelier des Lumi\u00e8res em Paris: exposi\u00e7\u00e3o imersiva com tecnologia de ponta e efeitos que proporcionam uma experi\u00eancia extraordin\u00e1ria","robots":{"index":"index","follow":"follow","max-snippet":"max-snippet:-1","max-image-preview":"max-image-preview:large","max-video-preview":"max-video-preview:-1"},"canonical":"https:\/\/blog.panrotas.com.br\/direto-de-paris\/2026\/04\/28\/renascimento-no-atelier-des-lumieres\/","og_locale":"pt_BR","og_type":"article","og_title":"Renascimento no Atelier des Lumi\u00e8res - Direto de Paris","og_description":"Atelier des Lumi\u00e8res em Paris: exposi\u00e7\u00e3o imersiva com tecnologia de ponta e efeitos que proporcionam uma experi\u00eancia extraordin\u00e1ria","og_url":"https:\/\/blog.panrotas.com.br\/direto-de-paris\/2026\/04\/28\/renascimento-no-atelier-des-lumieres\/","og_site_name":"Direto de Paris","article_author":"https:\/\/www.facebook.com\/Passeiosemparis\/","article_published_time":"2026-04-28T10:58:03+00:00","article_modified_time":"2026-04-28T10:58:07+00:00","og_image":[{"width":979,"height":734,"url":"http:\/\/blog.panrotas.com.br\/direto-de-paris\/wp-content\/uploads\/sites\/26\/2026\/04\/Renascimento-Atelier-des-Lumieres.jpg","type":"image\/jpeg"}],"twitter_card":"summary_large_image","twitter_misc":{"Escrito por":"Silvia Helena","Est. tempo de leitura":"6 minutos"},"schema":{"@context":"https:\/\/schema.org","@graph":[{"@type":"WebSite","@id":"https:\/\/blog.panrotas.com.br\/direto-de-paris\/#website","url":"https:\/\/blog.panrotas.com.br\/direto-de-paris\/","name":"Direto de Paris","description":"Blogosfera PANROTAS","potentialAction":[{"@type":"SearchAction","target":{"@type":"EntryPoint","urlTemplate":"https:\/\/blog.panrotas.com.br\/direto-de-paris\/?s={search_term_string}"},"query-input":"required name=search_term_string"}],"inLanguage":"pt-BR"},{"@type":"ImageObject","@id":"https:\/\/blog.panrotas.com.br\/direto-de-paris\/2026\/04\/28\/renascimento-no-atelier-des-lumieres\/#primaryimage","inLanguage":"pt-BR","url":"https:\/\/blog.panrotas.com.br\/direto-de-paris\/wp-content\/uploads\/sites\/26\/2026\/04\/Renascimento-Atelier-des-Lumieres.jpg","contentUrl":"https:\/\/blog.panrotas.com.br\/direto-de-paris\/wp-content\/uploads\/sites\/26\/2026\/04\/Renascimento-Atelier-des-Lumieres.jpg","width":979,"height":734},{"@type":"WebPage","@id":"https:\/\/blog.panrotas.com.br\/direto-de-paris\/2026\/04\/28\/renascimento-no-atelier-des-lumieres\/#webpage","url":"https:\/\/blog.panrotas.com.br\/direto-de-paris\/2026\/04\/28\/renascimento-no-atelier-des-lumieres\/","name":"Renascimento no Atelier des Lumi\u00e8res - Direto de Paris","isPartOf":{"@id":"https:\/\/blog.panrotas.com.br\/direto-de-paris\/#website"},"primaryImageOfPage":{"@id":"https:\/\/blog.panrotas.com.br\/direto-de-paris\/2026\/04\/28\/renascimento-no-atelier-des-lumieres\/#primaryimage"},"datePublished":"2026-04-28T10:58:03+00:00","dateModified":"2026-04-28T10:58:07+00:00","author":{"@id":"https:\/\/blog.panrotas.com.br\/direto-de-paris\/#\/schema\/person\/0137bff12a66d9bd80e250aa2c7000b3"},"description":"Atelier des Lumi\u00e8res em Paris: exposi\u00e7\u00e3o imersiva com tecnologia de ponta e efeitos que proporcionam uma experi\u00eancia extraordin\u00e1ria","breadcrumb":{"@id":"https:\/\/blog.panrotas.com.br\/direto-de-paris\/2026\/04\/28\/renascimento-no-atelier-des-lumieres\/#breadcrumb"},"inLanguage":"pt-BR","potentialAction":[{"@type":"ReadAction","target":["https:\/\/blog.panrotas.com.br\/direto-de-paris\/2026\/04\/28\/renascimento-no-atelier-des-lumieres\/"]}]},{"@type":"BreadcrumbList","@id":"https:\/\/blog.panrotas.com.br\/direto-de-paris\/2026\/04\/28\/renascimento-no-atelier-des-lumieres\/#breadcrumb","itemListElement":[{"@type":"ListItem","position":1,"name":"In\u00edcio","item":"https:\/\/blog.panrotas.com.br\/direto-de-paris\/"},{"@type":"ListItem","position":2,"name":"Renascimento no Atelier des Lumi\u00e8res"}]},{"@type":"Person","@id":"https:\/\/blog.panrotas.com.br\/direto-de-paris\/#\/schema\/person\/0137bff12a66d9bd80e250aa2c7000b3","name":"Silvia Helena","image":{"@type":"ImageObject","@id":"https:\/\/blog.panrotas.com.br\/direto-de-paris\/#personlogo","inLanguage":"pt-BR","url":"https:\/\/secure.gravatar.com\/avatar\/0278ededd1c842496785759e4fa61c99?s=96&d=mm&r=g","contentUrl":"https:\/\/secure.gravatar.com\/avatar\/0278ededd1c842496785759e4fa61c99?s=96&d=mm&r=g","caption":"Silvia Helena"},"description":"Ap\u00f3s breves passagens pela Faculdade Metodista de S\u00e3o Bernardo e Belas Artes de S\u00e3o Paulo, aos 18 anos fui estudar no Canad\u00e1, onde vivi durante 23 anos. L\u00e1 me formei em Hist\u00f3ria da Arte pela Universidade de Montr\u00e9al, estudei turismo no Coll\u00e8ge Lasalle de Montr\u00e9al e no Institut de Tourisme et H\u00f4tellerie du Qu\u00e9bec. Comecei minha carreira na \u00e1rea trabalhando em Cuba. Durante os anos vividos no Canad\u00e1, entre outras coisas, fui guia de circuitos pela costa leste e abri minha primeira ag\u00eancia de receptivo para brasileiros. H\u00e1 18 anos um vento forte bateu nas velas da minha vida me conduzindo at\u00e9 Fran\u00e7a. Atualmente escrevo de Paris, onde vivo e trabalho dirigindo a empresa de receptivo, LA BELLE VIE.","sameAs":["http:\/\/brasileirosemparis.com","https:\/\/www.facebook.com\/Passeiosemparis\/","https:\/\/www.instagram.com\/labellevietour","https:\/\/www.linkedin.com\/in\/silvia-helena-96864a17\/"],"url":"https:\/\/blog.panrotas.com.br\/direto-de-paris\/author\/silvia\/"}]}},"jetpack_featured_media_url":"https:\/\/blog.panrotas.com.br\/direto-de-paris\/wp-content\/uploads\/sites\/26\/2026\/04\/Renascimento-Atelier-des-Lumieres.jpg","_links":{"self":[{"href":"https:\/\/blog.panrotas.com.br\/direto-de-paris\/wp-json\/wp\/v2\/posts\/11885"}],"collection":[{"href":"https:\/\/blog.panrotas.com.br\/direto-de-paris\/wp-json\/wp\/v2\/posts"}],"about":[{"href":"https:\/\/blog.panrotas.com.br\/direto-de-paris\/wp-json\/wp\/v2\/types\/post"}],"author":[{"embeddable":true,"href":"https:\/\/blog.panrotas.com.br\/direto-de-paris\/wp-json\/wp\/v2\/users\/15"}],"replies":[{"embeddable":true,"href":"https:\/\/blog.panrotas.com.br\/direto-de-paris\/wp-json\/wp\/v2\/comments?post=11885"}],"version-history":[{"count":3,"href":"https:\/\/blog.panrotas.com.br\/direto-de-paris\/wp-json\/wp\/v2\/posts\/11885\/revisions"}],"predecessor-version":[{"id":11901,"href":"https:\/\/blog.panrotas.com.br\/direto-de-paris\/wp-json\/wp\/v2\/posts\/11885\/revisions\/11901"}],"wp:featuredmedia":[{"embeddable":true,"href":"https:\/\/blog.panrotas.com.br\/direto-de-paris\/wp-json\/wp\/v2\/media\/11893"}],"wp:attachment":[{"href":"https:\/\/blog.panrotas.com.br\/direto-de-paris\/wp-json\/wp\/v2\/media?parent=11885"}],"wp:term":[{"taxonomy":"category","embeddable":true,"href":"https:\/\/blog.panrotas.com.br\/direto-de-paris\/wp-json\/wp\/v2\/categories?post=11885"},{"taxonomy":"post_tag","embeddable":true,"href":"https:\/\/blog.panrotas.com.br\/direto-de-paris\/wp-json\/wp\/v2\/tags?post=11885"}],"curies":[{"name":"wp","href":"https:\/\/api.w.org\/{rel}","templated":true}]}}