{"id":13,"date":"2014-04-29T06:26:03","date_gmt":"2014-04-29T09:26:03","guid":{"rendered":"http:\/\/blog.panrotas.com.br\/direto-de-paris\/?p=13"},"modified":"2014-04-29T06:26:03","modified_gmt":"2014-04-29T09:26:03","slug":"lamour-toujours-lamour","status":"publish","type":"post","link":"https:\/\/blog.panrotas.com.br\/direto-de-paris\/2014\/04\/29\/lamour-toujours-lamour\/","title":{"rendered":"L&#8217;amour toujours l&#8217;amour"},"content":{"rendered":"<p>Estes \u00faltimos meses t\u00eam sido ricos em interc\u00e2mbios entre a Fran\u00e7a e o Brasil. Muitas atividades que embora sem conex\u00e3o entre elas, confirmam o interesse e por que n\u00e3o dizer o amor entre brasileiros e franceses.<\/p>\n<p>Seguem alguns \u201cflashes\u201d:<\/p>\n<p>No Brasil:<\/p>\n<p>A 16<strong>\u00b0 Semana Francofone<\/strong> celebrada entre os dias 19 e 24 de mar\u00e7o no Brasil ofereceu aos amantes da cultura e da l\u00edngua francesa espet\u00e1culos, confer\u00eancias, filmes e diversas atividades culturais atrav\u00e9s todo o pa\u00eds, recebendo grande destaque em Bras\u00edlia e S\u00e3o Paulo.<\/p>\n<p><strong>Turn\u00ea francesa na Grande S\u00e3o Paulo.<\/strong> Neste mesmo per\u00edodo um pequeno, por\u00e9m importante grupo de empres\u00e1rios franceses resolveu desbravar o imenso mercado de turismo brasileiro e tentar chamar a aten\u00e7\u00e3o dos agentes de viagens para seus produtos e diferenciais participando ao workshop CVC e visitando as maiores operadoras brasileiras estabelecidas em S\u00e3o Paulo como a CVC, LaTam Viagens, a Flytour, e a Schultz entre outras.<\/p>\n<p><a href=\"http:\/\/blog.panrotas.com.br\/direto-de-paris\/wp-content\/uploads\/2014\/04\/DSCF9122.jpg\"><img loading=\"lazy\" class=\"alignleft wp-image-17\" src=\"http:\/\/blog.panrotas.com.br\/direto-de-paris\/wp-content\/uploads\/2014\/04\/DSCF9122-300x225.jpg\" alt=\"Felipe Dias e Leandro Mattos da CVC com Luiz Moreira, do Cabar\u00e9 Paradis Latin, Carla Alegria e  Charlotti do  Lido de Paris, Jean Charles de Vogue, propriet\u00e1rio do Castelo Vaux Le Vicomte, Cathy da Ring Tours e Silvia Helena e Anderson Almeida Hola Tour\" width=\"219\" height=\"164\" srcset=\"https:\/\/blog.panrotas.com.br\/direto-de-paris\/wp-content\/uploads\/sites\/26\/2014\/04\/DSCF9122-300x225.jpg 300w, https:\/\/blog.panrotas.com.br\/direto-de-paris\/wp-content\/uploads\/sites\/26\/2014\/04\/DSCF9122.jpg 640w\" sizes=\"(max-width: 219px) 100vw, 219px\" \/><\/a><\/p>\n<p>Felipe Dias e Leandro Mattos da CVC com Luiz Moreira, do Cabar\u00e9 Paradis Latin, Carla Alegria e Charlotti do Lido de Paris, Jean Charles de Vogue, propriet\u00e1rio do Castelo Vaux Le Vicomte, Cathy da Ring Tours e Silvia Helena e Anderson Almeida Hola Tour<\/p>\n<p>Dia 21 de mar\u00e7o a cidade de Sorocaba iniciou as festividades de sua <strong>5\u00b0 Semana do Turismo Cultural<\/strong>, homenageando a Fran\u00e7a. O curador senhor Hamilton Vieira e a senhora Glaucia Freitas, diretora do Convention Bureau se mobilizaram e contaram com os professores e alunos do Curso de Idiomas e da escola estadual Prof. Antonio Padilha para \u201cdar um show\u201d de cultura francesa. Apresenta\u00e7\u00f5es de coral, dan\u00e7as, desfile de moda da franco fonia foram os pontos altos das atividades de abertura da Semana as quais tive oportunidade de assistir.<\/p>\n<p>Na Fran\u00e7a:<\/p>\n<p>O m\u00eas de abril deu continuidade a esta intera\u00e7\u00e3o, da qual espero que n\u00f3s agentes de viagens venhamos aproveitar.<\/p>\n<p>A Atout France, organismo respons\u00e1vel pela promo\u00e7\u00e3o da Fran\u00e7a no exterior realizou a 9\u00b0 Edi\u00e7\u00e3o do <strong>Sal\u00e3o Rendez-Vous en France<\/strong>. O nome j\u00e1 diz: Hora marcada! A Fran\u00e7a convida em torno de oitocentos tours operadores oriundos de mais de 35 pa\u00edses. Ap\u00f3s \u201cfamtours\u201d em regi\u00f5es distintas da Fran\u00e7a, os participantes s\u00e3o levados a um evento mais tradicional, aonde em um sal\u00e3o realizam durante 2 dias reuni\u00f5es pr\u00e9-agendadas de 20 minutos cada. Do B to B formatado para ser atraente e produtivo. Lindas paisagens, bons vinhos, boa comida seguidos por reuni\u00f5es de neg\u00f3cios. Toda essa \u201cmassa sobre a t\u00e1bua\u201d dos empres\u00e1rios e diretores de produtos brasileiros convidados pela Atout France promete novidades nas prateleiras do nosso mercado.<\/p>\n<p>E as provas de amor continuam pelo m\u00eas de maio afora.<\/p>\n<p style=\"line-height: 14.25pt\"><span style=\"color: #333333;font-family: 'Georgia','serif';font-size: 10pt\">Do dia onze de abril at\u00e9 vinte e dois de maio o Brasil tem um espa\u00e7o muito especial em Paris. O mais franc\u00eas dos jardins de Paris, o Jardin d\u2019Acclimatation recebe e apresenta aos parisienses o Brasil com exposi\u00e7\u00f5es de artistas pl\u00e1sticos, m\u00fasicos, gastronomia e um ambiente festivo do jeitinho que o franc\u00eas gosta. Br\u00e9sil Sensationnel tem o apoio da Embratur e promete a participa\u00e7\u00e3o de Daniela Mercury, Ed Motta entre outros.<\/span><\/p>\n<p style=\"line-height: 14.25pt\"><span style=\"color: #333333;font-family: 'Georgia','serif';font-size: 10pt\">Mas enfim, vou ter que encerrar meu texto, pois se amor Fran\u00e7a\/Brasil \u00e9 infinito, desconfio que seu tempo de leitura n\u00e3o o seja:<\/span><\/p>\n<p style=\"line-height: 14.25pt\"><span style=\"color: #333333;font-family: 'Georgia','serif';font-size: 10pt\">Ent\u00e3o seguem os \u00faltimos exemplos. A partir do dia nove de maio a obra Guerra e Paz de Portinari ser\u00e1 exposta no prestigioso Grand Palais. O espet\u00e1culo do Caetano no Rex do 16 ao 18 de maio em uma das melhores salas da cidade desde sua cria\u00e7\u00e3o em 1934,\u00a0o Grand Rex\u00a0.<\/span><\/p>\n<figure id=\"attachment_16\" aria-describedby=\"caption-attachment-16\" style=\"width: 205px\" class=\"wp-caption alignnone\"><a href=\"http:\/\/blog.panrotas.com.br\/direto-de-paris\/wp-content\/uploads\/2014\/04\/IMG_2814.jpg\"><img loading=\"lazy\" class=\" wp-image-16\" src=\"http:\/\/blog.panrotas.com.br\/direto-de-paris\/wp-content\/uploads\/2014\/04\/IMG_2814-300x225.jpg\" alt=\"Juventude Sorocabana homenageando a Fran\u00e7a\" width=\"205\" height=\"154\" srcset=\"https:\/\/blog.panrotas.com.br\/direto-de-paris\/wp-content\/uploads\/sites\/26\/2014\/04\/IMG_2814-300x225.jpg 300w, https:\/\/blog.panrotas.com.br\/direto-de-paris\/wp-content\/uploads\/sites\/26\/2014\/04\/IMG_2814-768x576.jpg 768w, https:\/\/blog.panrotas.com.br\/direto-de-paris\/wp-content\/uploads\/sites\/26\/2014\/04\/IMG_2814-1024x768.jpg 1024w, https:\/\/blog.panrotas.com.br\/direto-de-paris\/wp-content\/uploads\/sites\/26\/2014\/04\/IMG_2814-1568x1176.jpg 1568w\" sizes=\"(max-width: 205px) 100vw, 205px\" \/><\/a><figcaption id=\"caption-attachment-16\" class=\"wp-caption-text\">Juventude Sorocabana homenageando a Fran\u00e7a<\/figcaption><\/figure>\n<p><a href=\"http:\/\/blog.panrotas.com.br\/direto-de-paris\/wp-content\/uploads\/2014\/04\/IMG_2809.jpg\"><img loading=\"lazy\" class=\"alignnone wp-image-22\" src=\"http:\/\/blog.panrotas.com.br\/direto-de-paris\/wp-content\/uploads\/2014\/04\/IMG_2809-300x225.jpg\" alt=\"Semana do Turismo de Sorocaba\" width=\"181\" height=\"136\" srcset=\"https:\/\/blog.panrotas.com.br\/direto-de-paris\/wp-content\/uploads\/sites\/26\/2014\/04\/IMG_2809-300x225.jpg 300w, https:\/\/blog.panrotas.com.br\/direto-de-paris\/wp-content\/uploads\/sites\/26\/2014\/04\/IMG_2809-768x576.jpg 768w, https:\/\/blog.panrotas.com.br\/direto-de-paris\/wp-content\/uploads\/sites\/26\/2014\/04\/IMG_2809-1024x768.jpg 1024w, https:\/\/blog.panrotas.com.br\/direto-de-paris\/wp-content\/uploads\/sites\/26\/2014\/04\/IMG_2809-1568x1176.jpg 1568w\" sizes=\"(max-width: 181px) 100vw, 181px\" \/><\/a><\/p>\n<p>&nbsp;<\/p>\n<p style=\"line-height: 14.25pt\"><span style=\"color: #333333;font-family: 'Georgia','serif';font-size: 10pt\">E para finalizar a maior prova de todas. N\u00e3o h\u00e1 um s\u00f3 franc\u00eas que n\u00e3o se preocupe conosco neste momento. Em cada encontro a mesma pergunta: \u201cComo est\u00e3o os preparativos para a Copa? Os est\u00e1dios ficar\u00e3o prontos?\u201d<\/span><\/p>\n","protected":false},"excerpt":{"rendered":"<p>Estes \u00faltimos meses t\u00eam sido ricos em interc\u00e2mbios entre a Fran\u00e7a e o Brasil. Muitas atividades que embora sem conex\u00e3o entre elas, confirmam o interesse e por que n\u00e3o dizer o amor entre brasileiros e franceses. Seguem alguns \u201cflashes\u201d: No Brasil: A 16\u00b0 Semana Francofone celebrada entre os dias 19 e 24 de mar\u00e7o no&hellip; <a class=\"more-link\" href=\"https:\/\/blog.panrotas.com.br\/direto-de-paris\/2014\/04\/29\/lamour-toujours-lamour\/\">Continue reading &rarr;<\/a><\/p>\n","protected":false},"author":15,"featured_media":0,"comment_status":"open","ping_status":"open","sticky":false,"template":"","format":"standard","meta":{"spay_email":""},"categories":[44],"tags":[],"yoast_head":"<!-- This site is optimized with the Yoast SEO plugin v17.3 - https:\/\/yoast.com\/wordpress\/plugins\/seo\/ -->\n<title>L&#039;amour toujours l&#039;amour - Direto de Paris<\/title>\n<meta name=\"robots\" content=\"index, follow, max-snippet:-1, max-image-preview:large, max-video-preview:-1\" \/>\n<link rel=\"canonical\" href=\"https:\/\/blog.panrotas.com.br\/direto-de-paris\/2014\/04\/29\/lamour-toujours-lamour\/\" \/>\n<meta property=\"og:locale\" content=\"pt_BR\" \/>\n<meta property=\"og:type\" content=\"article\" \/>\n<meta property=\"og:title\" content=\"L&#039;amour toujours l&#039;amour - Direto de Paris\" \/>\n<meta property=\"og:description\" content=\"Estes \u00faltimos meses t\u00eam sido ricos em interc\u00e2mbios entre a Fran\u00e7a e o Brasil. Muitas atividades que embora sem conex\u00e3o entre elas, confirmam o interesse e por que n\u00e3o dizer o amor entre brasileiros e franceses. Seguem alguns \u201cflashes\u201d: No Brasil: A 16\u00b0 Semana Francofone celebrada entre os dias 19 e 24 de mar\u00e7o no&hellip; Continue reading &rarr;\" \/>\n<meta property=\"og:url\" content=\"https:\/\/blog.panrotas.com.br\/direto-de-paris\/2014\/04\/29\/lamour-toujours-lamour\/\" \/>\n<meta property=\"og:site_name\" content=\"Direto de Paris\" \/>\n<meta property=\"article:author\" content=\"https:\/\/www.facebook.com\/Passeiosemparis\/\" \/>\n<meta property=\"article:published_time\" content=\"2014-04-29T09:26:03+00:00\" \/>\n<meta property=\"og:image\" content=\"http:\/\/blog.panrotas.com.br\/direto-de-paris\/wp-content\/uploads\/2014\/04\/DSCF9122-300x225.jpg\" \/>\n<meta name=\"twitter:card\" content=\"summary_large_image\" \/>\n<meta name=\"twitter:label1\" content=\"Escrito por\" \/>\n\t<meta name=\"twitter:data1\" content=\"Silvia Helena\" \/>\n\t<meta name=\"twitter:label2\" content=\"Est. tempo de leitura\" \/>\n\t<meta name=\"twitter:data2\" content=\"3 minutos\" \/>\n<script type=\"application\/ld+json\" class=\"yoast-schema-graph\">{\"@context\":\"https:\/\/schema.org\",\"@graph\":[{\"@type\":\"WebSite\",\"@id\":\"https:\/\/blog.panrotas.com.br\/direto-de-paris\/#website\",\"url\":\"https:\/\/blog.panrotas.com.br\/direto-de-paris\/\",\"name\":\"Direto de Paris\",\"description\":\"Blogosfera PANROTAS\",\"potentialAction\":[{\"@type\":\"SearchAction\",\"target\":{\"@type\":\"EntryPoint\",\"urlTemplate\":\"https:\/\/blog.panrotas.com.br\/direto-de-paris\/?s={search_term_string}\"},\"query-input\":\"required name=search_term_string\"}],\"inLanguage\":\"pt-BR\"},{\"@type\":\"ImageObject\",\"@id\":\"https:\/\/blog.panrotas.com.br\/direto-de-paris\/2014\/04\/29\/lamour-toujours-lamour\/#primaryimage\",\"inLanguage\":\"pt-BR\",\"url\":\"http:\/\/blog.panrotas.com.br\/direto-de-paris\/wp-content\/uploads\/2014\/04\/DSCF9122-300x225.jpg\",\"contentUrl\":\"http:\/\/blog.panrotas.com.br\/direto-de-paris\/wp-content\/uploads\/2014\/04\/DSCF9122-300x225.jpg\"},{\"@type\":\"WebPage\",\"@id\":\"https:\/\/blog.panrotas.com.br\/direto-de-paris\/2014\/04\/29\/lamour-toujours-lamour\/#webpage\",\"url\":\"https:\/\/blog.panrotas.com.br\/direto-de-paris\/2014\/04\/29\/lamour-toujours-lamour\/\",\"name\":\"L'amour toujours l'amour - Direto de Paris\",\"isPartOf\":{\"@id\":\"https:\/\/blog.panrotas.com.br\/direto-de-paris\/#website\"},\"primaryImageOfPage\":{\"@id\":\"https:\/\/blog.panrotas.com.br\/direto-de-paris\/2014\/04\/29\/lamour-toujours-lamour\/#primaryimage\"},\"datePublished\":\"2014-04-29T09:26:03+00:00\",\"dateModified\":\"2014-04-29T09:26:03+00:00\",\"author\":{\"@id\":\"https:\/\/blog.panrotas.com.br\/direto-de-paris\/#\/schema\/person\/0137bff12a66d9bd80e250aa2c7000b3\"},\"breadcrumb\":{\"@id\":\"https:\/\/blog.panrotas.com.br\/direto-de-paris\/2014\/04\/29\/lamour-toujours-lamour\/#breadcrumb\"},\"inLanguage\":\"pt-BR\",\"potentialAction\":[{\"@type\":\"ReadAction\",\"target\":[\"https:\/\/blog.panrotas.com.br\/direto-de-paris\/2014\/04\/29\/lamour-toujours-lamour\/\"]}]},{\"@type\":\"BreadcrumbList\",\"@id\":\"https:\/\/blog.panrotas.com.br\/direto-de-paris\/2014\/04\/29\/lamour-toujours-lamour\/#breadcrumb\",\"itemListElement\":[{\"@type\":\"ListItem\",\"position\":1,\"name\":\"In\\u00edcio\",\"item\":\"https:\/\/blog.panrotas.com.br\/direto-de-paris\/\"},{\"@type\":\"ListItem\",\"position\":2,\"name\":\"L&#8217;amour toujours l&#8217;amour\"}]},{\"@type\":\"Person\",\"@id\":\"https:\/\/blog.panrotas.com.br\/direto-de-paris\/#\/schema\/person\/0137bff12a66d9bd80e250aa2c7000b3\",\"name\":\"Silvia Helena\",\"image\":{\"@type\":\"ImageObject\",\"@id\":\"https:\/\/blog.panrotas.com.br\/direto-de-paris\/#personlogo\",\"inLanguage\":\"pt-BR\",\"url\":\"https:\/\/secure.gravatar.com\/avatar\/0278ededd1c842496785759e4fa61c99?s=96&d=mm&r=g\",\"contentUrl\":\"https:\/\/secure.gravatar.com\/avatar\/0278ededd1c842496785759e4fa61c99?s=96&d=mm&r=g\",\"caption\":\"Silvia Helena\"},\"description\":\"Ap\\u00f3s breves passagens pela Faculdade Metodista de S\\u00e3o Bernardo e Belas Artes de S\\u00e3o Paulo, aos 18 anos fui estudar no Canad\\u00e1, onde vivi durante 23 anos. L\\u00e1 me formei em Hist\\u00f3ria da Arte pela Universidade de Montr\\u00e9al, estudei turismo no Coll\\u00e8ge Lasalle de Montr\\u00e9al e no Institut de Tourisme et H\\u00f4tellerie du Qu\\u00e9bec. Comecei minha carreira na \\u00e1rea trabalhando em Cuba. Durante os anos vividos no Canad\\u00e1, entre outras coisas, fui guia de circuitos pela costa leste e abri minha primeira ag\\u00eancia de receptivo para brasileiros. H\\u00e1 18 anos um vento forte bateu nas velas da minha vida me conduzindo at\\u00e9 Fran\\u00e7a. Atualmente escrevo de Paris, onde vivo e trabalho dirigindo a empresa de receptivo, LA BELLE VIE.\",\"sameAs\":[\"http:\/\/brasileirosemparis.com\",\"https:\/\/www.facebook.com\/Passeiosemparis\/\",\"https:\/\/www.instagram.com\/labellevietour\",\"https:\/\/www.linkedin.com\/in\/silvia-helena-96864a17\/\"],\"url\":\"https:\/\/blog.panrotas.com.br\/direto-de-paris\/author\/silvia\/\"}]}<\/script>\n<!-- \/ Yoast SEO plugin. -->","yoast_head_json":{"title":"L'amour toujours l'amour - Direto de Paris","robots":{"index":"index","follow":"follow","max-snippet":"max-snippet:-1","max-image-preview":"max-image-preview:large","max-video-preview":"max-video-preview:-1"},"canonical":"https:\/\/blog.panrotas.com.br\/direto-de-paris\/2014\/04\/29\/lamour-toujours-lamour\/","og_locale":"pt_BR","og_type":"article","og_title":"L'amour toujours l'amour - Direto de Paris","og_description":"Estes \u00faltimos meses t\u00eam sido ricos em interc\u00e2mbios entre a Fran\u00e7a e o Brasil. Muitas atividades que embora sem conex\u00e3o entre elas, confirmam o interesse e por que n\u00e3o dizer o amor entre brasileiros e franceses. Seguem alguns \u201cflashes\u201d: No Brasil: A 16\u00b0 Semana Francofone celebrada entre os dias 19 e 24 de mar\u00e7o no&hellip; Continue reading &rarr;","og_url":"https:\/\/blog.panrotas.com.br\/direto-de-paris\/2014\/04\/29\/lamour-toujours-lamour\/","og_site_name":"Direto de Paris","article_author":"https:\/\/www.facebook.com\/Passeiosemparis\/","article_published_time":"2014-04-29T09:26:03+00:00","og_image":[{"url":"http:\/\/blog.panrotas.com.br\/direto-de-paris\/wp-content\/uploads\/2014\/04\/DSCF9122-300x225.jpg"}],"twitter_card":"summary_large_image","twitter_misc":{"Escrito por":"Silvia Helena","Est. tempo de leitura":"3 minutos"},"schema":{"@context":"https:\/\/schema.org","@graph":[{"@type":"WebSite","@id":"https:\/\/blog.panrotas.com.br\/direto-de-paris\/#website","url":"https:\/\/blog.panrotas.com.br\/direto-de-paris\/","name":"Direto de Paris","description":"Blogosfera PANROTAS","potentialAction":[{"@type":"SearchAction","target":{"@type":"EntryPoint","urlTemplate":"https:\/\/blog.panrotas.com.br\/direto-de-paris\/?s={search_term_string}"},"query-input":"required name=search_term_string"}],"inLanguage":"pt-BR"},{"@type":"ImageObject","@id":"https:\/\/blog.panrotas.com.br\/direto-de-paris\/2014\/04\/29\/lamour-toujours-lamour\/#primaryimage","inLanguage":"pt-BR","url":"http:\/\/blog.panrotas.com.br\/direto-de-paris\/wp-content\/uploads\/2014\/04\/DSCF9122-300x225.jpg","contentUrl":"http:\/\/blog.panrotas.com.br\/direto-de-paris\/wp-content\/uploads\/2014\/04\/DSCF9122-300x225.jpg"},{"@type":"WebPage","@id":"https:\/\/blog.panrotas.com.br\/direto-de-paris\/2014\/04\/29\/lamour-toujours-lamour\/#webpage","url":"https:\/\/blog.panrotas.com.br\/direto-de-paris\/2014\/04\/29\/lamour-toujours-lamour\/","name":"L'amour toujours l'amour - Direto de Paris","isPartOf":{"@id":"https:\/\/blog.panrotas.com.br\/direto-de-paris\/#website"},"primaryImageOfPage":{"@id":"https:\/\/blog.panrotas.com.br\/direto-de-paris\/2014\/04\/29\/lamour-toujours-lamour\/#primaryimage"},"datePublished":"2014-04-29T09:26:03+00:00","dateModified":"2014-04-29T09:26:03+00:00","author":{"@id":"https:\/\/blog.panrotas.com.br\/direto-de-paris\/#\/schema\/person\/0137bff12a66d9bd80e250aa2c7000b3"},"breadcrumb":{"@id":"https:\/\/blog.panrotas.com.br\/direto-de-paris\/2014\/04\/29\/lamour-toujours-lamour\/#breadcrumb"},"inLanguage":"pt-BR","potentialAction":[{"@type":"ReadAction","target":["https:\/\/blog.panrotas.com.br\/direto-de-paris\/2014\/04\/29\/lamour-toujours-lamour\/"]}]},{"@type":"BreadcrumbList","@id":"https:\/\/blog.panrotas.com.br\/direto-de-paris\/2014\/04\/29\/lamour-toujours-lamour\/#breadcrumb","itemListElement":[{"@type":"ListItem","position":1,"name":"In\u00edcio","item":"https:\/\/blog.panrotas.com.br\/direto-de-paris\/"},{"@type":"ListItem","position":2,"name":"L&#8217;amour toujours l&#8217;amour"}]},{"@type":"Person","@id":"https:\/\/blog.panrotas.com.br\/direto-de-paris\/#\/schema\/person\/0137bff12a66d9bd80e250aa2c7000b3","name":"Silvia Helena","image":{"@type":"ImageObject","@id":"https:\/\/blog.panrotas.com.br\/direto-de-paris\/#personlogo","inLanguage":"pt-BR","url":"https:\/\/secure.gravatar.com\/avatar\/0278ededd1c842496785759e4fa61c99?s=96&d=mm&r=g","contentUrl":"https:\/\/secure.gravatar.com\/avatar\/0278ededd1c842496785759e4fa61c99?s=96&d=mm&r=g","caption":"Silvia Helena"},"description":"Ap\u00f3s breves passagens pela Faculdade Metodista de S\u00e3o Bernardo e Belas Artes de S\u00e3o Paulo, aos 18 anos fui estudar no Canad\u00e1, onde vivi durante 23 anos. L\u00e1 me formei em Hist\u00f3ria da Arte pela Universidade de Montr\u00e9al, estudei turismo no Coll\u00e8ge Lasalle de Montr\u00e9al e no Institut de Tourisme et H\u00f4tellerie du Qu\u00e9bec. Comecei minha carreira na \u00e1rea trabalhando em Cuba. Durante os anos vividos no Canad\u00e1, entre outras coisas, fui guia de circuitos pela costa leste e abri minha primeira ag\u00eancia de receptivo para brasileiros. H\u00e1 18 anos um vento forte bateu nas velas da minha vida me conduzindo at\u00e9 Fran\u00e7a. Atualmente escrevo de Paris, onde vivo e trabalho dirigindo a empresa de receptivo, LA BELLE VIE.","sameAs":["http:\/\/brasileirosemparis.com","https:\/\/www.facebook.com\/Passeiosemparis\/","https:\/\/www.instagram.com\/labellevietour","https:\/\/www.linkedin.com\/in\/silvia-helena-96864a17\/"],"url":"https:\/\/blog.panrotas.com.br\/direto-de-paris\/author\/silvia\/"}]}},"jetpack_featured_media_url":"","_links":{"self":[{"href":"https:\/\/blog.panrotas.com.br\/direto-de-paris\/wp-json\/wp\/v2\/posts\/13"}],"collection":[{"href":"https:\/\/blog.panrotas.com.br\/direto-de-paris\/wp-json\/wp\/v2\/posts"}],"about":[{"href":"https:\/\/blog.panrotas.com.br\/direto-de-paris\/wp-json\/wp\/v2\/types\/post"}],"author":[{"embeddable":true,"href":"https:\/\/blog.panrotas.com.br\/direto-de-paris\/wp-json\/wp\/v2\/users\/15"}],"replies":[{"embeddable":true,"href":"https:\/\/blog.panrotas.com.br\/direto-de-paris\/wp-json\/wp\/v2\/comments?post=13"}],"version-history":[{"count":0,"href":"https:\/\/blog.panrotas.com.br\/direto-de-paris\/wp-json\/wp\/v2\/posts\/13\/revisions"}],"wp:attachment":[{"href":"https:\/\/blog.panrotas.com.br\/direto-de-paris\/wp-json\/wp\/v2\/media?parent=13"}],"wp:term":[{"taxonomy":"category","embeddable":true,"href":"https:\/\/blog.panrotas.com.br\/direto-de-paris\/wp-json\/wp\/v2\/categories?post=13"},{"taxonomy":"post_tag","embeddable":true,"href":"https:\/\/blog.panrotas.com.br\/direto-de-paris\/wp-json\/wp\/v2\/tags?post=13"}],"curies":[{"name":"wp","href":"https:\/\/api.w.org\/{rel}","templated":true}]}}