{"id":1410,"date":"2015-04-16T09:44:56","date_gmt":"2015-04-16T12:44:56","guid":{"rendered":"http:\/\/blog.panrotas.com.br\/direto-de-paris\/?p=1410"},"modified":"2015-04-16T09:44:56","modified_gmt":"2015-04-16T12:44:56","slug":"moda-esporte-natureza-uma-explosao-de-cores","status":"publish","type":"post","link":"https:\/\/blog.panrotas.com.br\/direto-de-paris\/2015\/04\/16\/moda-esporte-natureza-uma-explosao-de-cores\/","title":{"rendered":"Moda, esporte, natureza: uma explos\u00e3o de cores!"},"content":{"rendered":"<p>H\u00e1 tr\u00eas semanas escrevo sobre passear nos arredores de Paris. Com a chegada da primavera as op\u00e7\u00f5es continuam aumentando, assim como o dilema que denominei Paris or not Paris eis a quest\u00e3o.<\/p>\n<p>O fato \u00e9 que em Paris ou fora, a primavera no hemisf\u00e9rio norte \u00e9 como uma explos\u00e3o de cores e um momento muito inspirador.Adeus eternos casacos pretos dos passantes, bonjour aos terra\u00e7os de caf\u00e9s lotados, c\u00e9u azul, vitrines coloridas, varandas verdejantes, floristas em festa!<\/p>\n<p>Ent\u00e3o, hoje \u00e9 voc\u00ea leitor quem escolhe Paris ou arredores?<\/p>\n<p>Os amantes da moda, por exemplo, t\u00eam \u201cmuito pano para manga\u201d em Paris nestes dias. A exposi\u00e7\u00e3o Jean-Paul Gauthier, \u00e9 sem duvida o \u201cmust\u201d da temporada, por\u00e9m est\u00e1 longe de ser a \u00fanica amostra importante do ramo.<\/p>\n<p>Enquanto Gauthier instalou-se no maravilhoso Grand Palais, a casa Yves Saint Laurent escolheu a discreta funda\u00e7\u00e3o Pierre Berg\u00e9 para expor <em>1971 A Cole\u00e7\u00e3o Esc\u00e2ndalo<\/em>, at\u00e9 19 de julho. Uma cole\u00e7\u00e3o marcada por vestidos curtos e certo toque militar, blazers com ombreiras e modelos inspirados nos anos 40 . Na \u00e9poca as cria\u00e7\u00f5es da cole\u00e7\u00e3o, ent\u00e3o chamada Libera\u00e7\u00e3o, fizeram esc\u00e2ndalo e causaram pol\u00eamica sobre o assunto tabu: a guerra. Porque inovar buscando no passado? Diante das cr\u00edticas Yves Saint-Laurent, o criador, afirmou suas ideias: nada \u00e9 novo na alta-costura e nas ruas tudo \u00e9 reinventado! Yves Saint-Laurent desejava que os jovens n\u00e3o esquecessem sua hist\u00f3ria. Yves Saint-Laurent inventava a moda retr\u00f4.<\/p>\n<p><a href=\"http:\/\/blog.panrotas.com.br\/direto-de-paris\/wp-content\/uploads\/2015\/04\/affiche_yves_saint_laurent_1971.jpg\"><img loading=\"lazy\" class=\"alignnone size-medium wp-image-1411\" src=\"http:\/\/blog.panrotas.com.br\/direto-de-paris\/wp-content\/uploads\/2015\/04\/affiche_yves_saint_laurent_1971-238x300.jpg\" alt=\"affiche_yves_saint_laurent_1971\" width=\"238\" height=\"300\" \/><\/a>\u00a0 <a href=\"http:\/\/blog.panrotas.com.br\/direto-de-paris\/wp-content\/uploads\/2015\/04\/affiche-jpg-page-expo.jpg\"><img loading=\"lazy\" class=\"alignnone size-medium wp-image-1413\" src=\"http:\/\/blog.panrotas.com.br\/direto-de-paris\/wp-content\/uploads\/2015\/04\/affiche-jpg-page-expo-250x300.jpg\" alt=\"affiche-jpg-page-expo\" width=\"250\" height=\"300\" \/><\/a><\/p>\n<p>J\u00e1 no Museu da Moda, a fundadora da primeira casa de costura francesa e grande empres\u00e1ria, Jeanne Lanvin ( 1867-1946) \u00e9 homenageada em uma exposi\u00e7\u00e3o retrospectiva de sua obra. A jovem Jeanne come\u00e7ou sua carreira como costureira e modista em 1885. Em 1889, abriu uma primeira loja Lanvin na Rua Boissy d\u2019Anglas e em 1893 mudou-se para a prestigiosa Rua do Faubourg Saint-Honor\u00e9. Em 1897, sua \u00fanica filha, Margaret, nasceu tornando-se sua fonte de inspira\u00e7\u00e3o. A modista viu a\u00ed uma nova oportunidade,\u00a0desenhando vestidos para filha, Mme Lanvin inventou em 1908\u00a0a moda infantil. As m\u00e3es, encantadas com os lindos modelos, pediram a Lanvin c\u00f3pias para si. E assim a casa Lanvin deu in\u00edcio a um revolucion\u00e1rio neg\u00f3cio, servindo m\u00e3es e filhas. A partir de ent\u00e3o, a casa de costura investiu outros departamentos, tais como lingeries, peles e em 1926 tamb\u00e9m moda masculina e perfumaria. Enquanto a Mme Lanvin criava a Casa Lanvin abria lojas em Deauville, Biarritz, Barcelone, Buenos-Aires, Cannes e Le Touquet, construindo assim um verdadeiro um imp\u00e9rio. Embora desconhecido de muitos brasileiros, o estilo de Mme Lanvin \u00e9 considerado de um classicismo franc\u00eas perfeito, com vestidos de estilo s\u00e9culo XVIII \u2013 busto afinado, cintura baixa, saia god\u00ea &#8211; dialogando com a linha tubo do Art Deco e sua geometria em preto e branco,com profus\u00f5es de fitas, cristais, p\u00e9rolas, seda e muito glamour.<\/p>\n<p>&nbsp;<\/p>\n<p><a href=\"http:\/\/blog.panrotas.com.br\/direto-de-paris\/wp-content\/uploads\/2015\/04\/patchwork-logoArticle4.jpg\"><img loading=\"lazy\" class=\"alignnone size-medium wp-image-1414\" src=\"http:\/\/blog.panrotas.com.br\/direto-de-paris\/wp-content\/uploads\/2015\/04\/patchwork-logoArticle4-300x246.jpg\" alt=\"patchwork-logoArticle4\" width=\"300\" height=\"246\" srcset=\"https:\/\/blog.panrotas.com.br\/direto-de-paris\/wp-content\/uploads\/sites\/26\/2015\/04\/patchwork-logoArticle4-300x246.jpg 300w, https:\/\/blog.panrotas.com.br\/direto-de-paris\/wp-content\/uploads\/sites\/26\/2015\/04\/patchwork-logoArticle4.jpg 560w\" sizes=\"(max-width: 300px) 100vw, 300px\" \/><\/a> <a href=\"http:\/\/blog.panrotas.com.br\/direto-de-paris\/wp-content\/uploads\/2015\/04\/affiche-bbf97114828-original.jpg\"><img loading=\"lazy\" class=\"alignnone size-medium wp-image-1412\" src=\"http:\/\/blog.panrotas.com.br\/direto-de-paris\/wp-content\/uploads\/2015\/04\/affiche-bbf97114828-original-201x300.jpg\" alt=\"affiche-bbf97114828-original\" width=\"201\" height=\"300\" \/><\/a><\/p>\n<p>&nbsp;<\/p>\n<p>Al\u00e9m dos figurinos coloridos que animam ruas, museus e salas de exposi\u00e7\u00f5es, uma corrida muito especial alegrar\u00e1 Paris no pr\u00f3ximo domingo, dia 19 de abril: A corrida das cores. Um percurso de 5km, onde os participantes ser\u00e3o encobertos por colorantes naturais,\u00a0uma cor diferente para cada trecho percorrido. O final da prova, no Trocadero, promete um desfile multicor de participantes que festejar\u00e3o e dan\u00e7ar\u00e3o ao som de DJ. <a href=\"http:\/\/blog.panrotas.com.br\/direto-de-paris\/wp-content\/uploads\/2015\/04\/960x300_2c925-color-zones.png\"><img loading=\"lazy\" class=\"alignnone size-medium wp-image-1423\" src=\"http:\/\/blog.panrotas.com.br\/direto-de-paris\/wp-content\/uploads\/2015\/04\/960x300_2c925-color-zones-300x93.png\" alt=\"960x300_2c925-color-zones\" width=\"300\" height=\"93\" \/><\/a><\/p>\n<p>Para terminar a tem\u00e1tica primaveril de hoje: nenhum lugar est\u00e1 mais colorido que Giverny neste momento.<\/p>\n<p>Aberto do in\u00edcio de abril ao final de outubro, a casa de Claude Monet, na pequena cidade de Giverny \u00e9 por si s\u00f3 o ponto culminante da obra do pintor. Monet plantou, construiu e modelou a natureza como uma obra de arte, para depois copi\u00e1-la em suas telas. Palavras s\u00e3o incapazes de exprimir a beleza do lugar. Espero que as fotos deem uma boa ideia!<\/p>\n<p><a href=\"http:\/\/blog.panrotas.com.br\/direto-de-paris\/wp-content\/uploads\/2015\/04\/578734_423592291015711_1094362208_n-2.jpg\"><img loading=\"lazy\" class=\"alignnone size-medium wp-image-1433\" src=\"http:\/\/blog.panrotas.com.br\/direto-de-paris\/wp-content\/uploads\/2015\/04\/578734_423592291015711_1094362208_n-2-300x225.jpg\" alt=\"578734_423592291015711_1094362208_n (2)\" width=\"300\" height=\"225\" srcset=\"https:\/\/blog.panrotas.com.br\/direto-de-paris\/wp-content\/uploads\/sites\/26\/2015\/04\/578734_423592291015711_1094362208_n-2-300x225.jpg 300w, https:\/\/blog.panrotas.com.br\/direto-de-paris\/wp-content\/uploads\/sites\/26\/2015\/04\/578734_423592291015711_1094362208_n-2-768x576.jpg 768w, https:\/\/blog.panrotas.com.br\/direto-de-paris\/wp-content\/uploads\/sites\/26\/2015\/04\/578734_423592291015711_1094362208_n-2.jpg 960w\" sizes=\"(max-width: 300px) 100vw, 300px\" \/><\/a>\u00a0 <a href=\"http:\/\/blog.panrotas.com.br\/direto-de-paris\/wp-content\/uploads\/2015\/04\/484572_423589321016008_360543704_n-2.jpg\"><img loading=\"lazy\" class=\"alignnone size-medium wp-image-1431\" src=\"http:\/\/blog.panrotas.com.br\/direto-de-paris\/wp-content\/uploads\/2015\/04\/484572_423589321016008_360543704_n-2-300x225.jpg\" alt=\"484572_423589321016008_360543704_n (2)\" width=\"300\" height=\"225\" srcset=\"https:\/\/blog.panrotas.com.br\/direto-de-paris\/wp-content\/uploads\/sites\/26\/2015\/04\/484572_423589321016008_360543704_n-2-300x225.jpg 300w, https:\/\/blog.panrotas.com.br\/direto-de-paris\/wp-content\/uploads\/sites\/26\/2015\/04\/484572_423589321016008_360543704_n-2-768x576.jpg 768w, https:\/\/blog.panrotas.com.br\/direto-de-paris\/wp-content\/uploads\/sites\/26\/2015\/04\/484572_423589321016008_360543704_n-2.jpg 960w\" sizes=\"(max-width: 300px) 100vw, 300px\" \/><\/a> <a href=\"http:\/\/blog.panrotas.com.br\/direto-de-paris\/wp-content\/uploads\/2015\/04\/483186_423592367682370_20329241_n.jpg\"><img loading=\"lazy\" class=\"alignnone size-medium wp-image-1430\" src=\"http:\/\/blog.panrotas.com.br\/direto-de-paris\/wp-content\/uploads\/2015\/04\/483186_423592367682370_20329241_n-300x189.jpg\" alt=\"483186_423592367682370_20329241_n\" width=\"300\" height=\"189\" \/><\/a> <a href=\"http:\/\/blog.panrotas.com.br\/direto-de-paris\/wp-content\/uploads\/2015\/04\/483183_423588807682726_720860735_n.jpg\"><img loading=\"lazy\" class=\"alignnone size-medium wp-image-1429\" src=\"http:\/\/blog.panrotas.com.br\/direto-de-paris\/wp-content\/uploads\/2015\/04\/483183_423588807682726_720860735_n-300x225.jpg\" alt=\"483183_423588807682726_720860735_n\" width=\"300\" height=\"225\" srcset=\"https:\/\/blog.panrotas.com.br\/direto-de-paris\/wp-content\/uploads\/sites\/26\/2015\/04\/483183_423588807682726_720860735_n-300x225.jpg 300w, https:\/\/blog.panrotas.com.br\/direto-de-paris\/wp-content\/uploads\/sites\/26\/2015\/04\/483183_423588807682726_720860735_n-768x576.jpg 768w, https:\/\/blog.panrotas.com.br\/direto-de-paris\/wp-content\/uploads\/sites\/26\/2015\/04\/483183_423588807682726_720860735_n.jpg 960w\" sizes=\"(max-width: 300px) 100vw, 300px\" \/><\/a> <a href=\"http:\/\/blog.panrotas.com.br\/direto-de-paris\/wp-content\/uploads\/2015\/04\/483170_423591661015774_1923104349_n.jpg\"><img loading=\"lazy\" class=\"alignnone size-medium wp-image-1428\" src=\"http:\/\/blog.panrotas.com.br\/direto-de-paris\/wp-content\/uploads\/2015\/04\/483170_423591661015774_1923104349_n-300x225.jpg\" alt=\"483170_423591661015774_1923104349_n\" width=\"300\" height=\"225\" srcset=\"https:\/\/blog.panrotas.com.br\/direto-de-paris\/wp-content\/uploads\/sites\/26\/2015\/04\/483170_423591661015774_1923104349_n-300x225.jpg 300w, https:\/\/blog.panrotas.com.br\/direto-de-paris\/wp-content\/uploads\/sites\/26\/2015\/04\/483170_423591661015774_1923104349_n-768x576.jpg 768w, https:\/\/blog.panrotas.com.br\/direto-de-paris\/wp-content\/uploads\/sites\/26\/2015\/04\/483170_423591661015774_1923104349_n.jpg 960w\" sizes=\"(max-width: 300px) 100vw, 300px\" \/><\/a> <a href=\"http:\/\/blog.panrotas.com.br\/direto-de-paris\/wp-content\/uploads\/2015\/04\/428946_423590874349186_2119715619_n.jpg\"><img loading=\"lazy\" class=\"alignnone size-medium wp-image-1427\" src=\"http:\/\/blog.panrotas.com.br\/direto-de-paris\/wp-content\/uploads\/2015\/04\/428946_423590874349186_2119715619_n-225x300.jpg\" alt=\"428946_423590874349186_2119715619_n\" width=\"225\" height=\"300\" srcset=\"https:\/\/blog.panrotas.com.br\/direto-de-paris\/wp-content\/uploads\/sites\/26\/2015\/04\/428946_423590874349186_2119715619_n-225x300.jpg 225w, https:\/\/blog.panrotas.com.br\/direto-de-paris\/wp-content\/uploads\/sites\/26\/2015\/04\/428946_423590874349186_2119715619_n.jpg 720w\" sizes=\"(max-width: 225px) 100vw, 225px\" \/><\/a> <a href=\"http:\/\/blog.panrotas.com.br\/direto-de-paris\/wp-content\/uploads\/2015\/04\/427201_423589454349328_1115520755_n.jpg\"><img loading=\"lazy\" class=\"alignnone size-medium wp-image-1426\" src=\"http:\/\/blog.panrotas.com.br\/direto-de-paris\/wp-content\/uploads\/2015\/04\/427201_423589454349328_1115520755_n-300x225.jpg\" alt=\"427201_423589454349328_1115520755_n\" width=\"300\" height=\"225\" srcset=\"https:\/\/blog.panrotas.com.br\/direto-de-paris\/wp-content\/uploads\/sites\/26\/2015\/04\/427201_423589454349328_1115520755_n-300x225.jpg 300w, https:\/\/blog.panrotas.com.br\/direto-de-paris\/wp-content\/uploads\/sites\/26\/2015\/04\/427201_423589454349328_1115520755_n-768x576.jpg 768w, https:\/\/blog.panrotas.com.br\/direto-de-paris\/wp-content\/uploads\/sites\/26\/2015\/04\/427201_423589454349328_1115520755_n.jpg 960w\" sizes=\"(max-width: 300px) 100vw, 300px\" \/><\/a> <a href=\"http:\/\/blog.panrotas.com.br\/direto-de-paris\/wp-content\/uploads\/2015\/04\/388042_423591274349146_1327813931_n.jpg\"><img loading=\"lazy\" class=\"alignnone size-medium wp-image-1425\" src=\"http:\/\/blog.panrotas.com.br\/direto-de-paris\/wp-content\/uploads\/2015\/04\/388042_423591274349146_1327813931_n-225x300.jpg\" alt=\"388042_423591274349146_1327813931_n\" width=\"225\" height=\"300\" srcset=\"https:\/\/blog.panrotas.com.br\/direto-de-paris\/wp-content\/uploads\/sites\/26\/2015\/04\/388042_423591274349146_1327813931_n-225x300.jpg 225w, https:\/\/blog.panrotas.com.br\/direto-de-paris\/wp-content\/uploads\/sites\/26\/2015\/04\/388042_423591274349146_1327813931_n.jpg 720w\" sizes=\"(max-width: 225px) 100vw, 225px\" \/><\/a> <a href=\"http:\/\/blog.panrotas.com.br\/direto-de-paris\/wp-content\/uploads\/2015\/04\/306748_423591987682408_2062148190_n-2.jpg\"><img loading=\"lazy\" class=\"alignnone size-medium wp-image-1424\" src=\"http:\/\/blog.panrotas.com.br\/direto-de-paris\/wp-content\/uploads\/2015\/04\/306748_423591987682408_2062148190_n-2-225x300.jpg\" alt=\"306748_423591987682408_2062148190_n (2)\" width=\"225\" height=\"300\" srcset=\"https:\/\/blog.panrotas.com.br\/direto-de-paris\/wp-content\/uploads\/sites\/26\/2015\/04\/306748_423591987682408_2062148190_n-2-225x300.jpg 225w, https:\/\/blog.panrotas.com.br\/direto-de-paris\/wp-content\/uploads\/sites\/26\/2015\/04\/306748_423591987682408_2062148190_n-2.jpg 720w\" sizes=\"(max-width: 225px) 100vw, 225px\" \/><\/a> <a href=\"http:\/\/blog.panrotas.com.br\/direto-de-paris\/wp-content\/uploads\/2015\/04\/giverny-jardin.jpg\"><img loading=\"lazy\" class=\"alignnone size-medium wp-image-1417\" src=\"http:\/\/blog.panrotas.com.br\/direto-de-paris\/wp-content\/uploads\/2015\/04\/giverny-jardin-300x199.jpg\" alt=\"giverny jardin\" width=\"300\" height=\"199\" \/><\/a> <a href=\"http:\/\/blog.panrotas.com.br\/direto-de-paris\/wp-content\/uploads\/2015\/04\/Jardin-Monet-2.jpg\"><img loading=\"lazy\" class=\"alignnone size-medium wp-image-1418\" src=\"http:\/\/blog.panrotas.com.br\/direto-de-paris\/wp-content\/uploads\/2015\/04\/Jardin-Monet-2-300x200.jpg\" alt=\"Jardin Monet 2\" width=\"300\" height=\"200\" srcset=\"https:\/\/blog.panrotas.com.br\/direto-de-paris\/wp-content\/uploads\/sites\/26\/2015\/04\/Jardin-Monet-2-300x200.jpg 300w, https:\/\/blog.panrotas.com.br\/direto-de-paris\/wp-content\/uploads\/sites\/26\/2015\/04\/Jardin-Monet-2-768x512.jpg 768w, https:\/\/blog.panrotas.com.br\/direto-de-paris\/wp-content\/uploads\/sites\/26\/2015\/04\/Jardin-Monet-2-1024x683.jpg 1024w, https:\/\/blog.panrotas.com.br\/direto-de-paris\/wp-content\/uploads\/sites\/26\/2015\/04\/Jardin-Monet-2-1568x1046.jpg 1568w, https:\/\/blog.panrotas.com.br\/direto-de-paris\/wp-content\/uploads\/sites\/26\/2015\/04\/Jardin-Monet-2.jpg 1900w\" sizes=\"(max-width: 300px) 100vw, 300px\" \/><\/a> <a href=\"http:\/\/blog.panrotas.com.br\/direto-de-paris\/wp-content\/uploads\/2015\/04\/Monet-2.jpg\"><img loading=\"lazy\" class=\"alignnone size-medium wp-image-1420\" src=\"http:\/\/blog.panrotas.com.br\/direto-de-paris\/wp-content\/uploads\/2015\/04\/Monet-2-199x300.jpg\" alt=\"Monet 2\" width=\"199\" height=\"300\" \/><\/a> <a href=\"http:\/\/blog.panrotas.com.br\/direto-de-paris\/wp-content\/uploads\/2015\/04\/monet-giverny-3.jpg\"><img loading=\"lazy\" class=\"alignnone size-medium wp-image-1421\" src=\"http:\/\/blog.panrotas.com.br\/direto-de-paris\/wp-content\/uploads\/2015\/04\/monet-giverny-3-300x196.jpg\" alt=\"monet giverny 3\" width=\"300\" height=\"196\" \/><\/a><\/p>\n","protected":false},"excerpt":{"rendered":"<p>H\u00e1 tr\u00eas semanas escrevo sobre passear nos arredores de Paris. Com a chegada da primavera as op\u00e7\u00f5es continuam aumentando, assim como o dilema que denominei Paris or not Paris eis a quest\u00e3o. O fato \u00e9 que em Paris ou fora, a primavera no hemisf\u00e9rio norte \u00e9 como uma explos\u00e3o de cores e um momento muito&hellip; <a class=\"more-link\" href=\"https:\/\/blog.panrotas.com.br\/direto-de-paris\/2015\/04\/16\/moda-esporte-natureza-uma-explosao-de-cores\/\">Continue reading &rarr;<\/a><\/p>\n","protected":false},"author":15,"featured_media":0,"comment_status":"open","ping_status":"open","sticky":false,"template":"","format":"standard","meta":{"spay_email":""},"categories":[44],"tags":[],"yoast_head":"<!-- This site is optimized with the Yoast SEO plugin v17.3 - https:\/\/yoast.com\/wordpress\/plugins\/seo\/ -->\n<title>Moda, esporte, natureza: uma explos\u00e3o de cores! - Direto de Paris<\/title>\n<meta name=\"robots\" content=\"index, follow, max-snippet:-1, max-image-preview:large, max-video-preview:-1\" \/>\n<link rel=\"canonical\" href=\"https:\/\/blog.panrotas.com.br\/direto-de-paris\/2015\/04\/16\/moda-esporte-natureza-uma-explosao-de-cores\/\" \/>\n<meta property=\"og:locale\" content=\"pt_BR\" \/>\n<meta property=\"og:type\" content=\"article\" \/>\n<meta property=\"og:title\" content=\"Moda, esporte, natureza: uma explos\u00e3o de cores! - Direto de Paris\" \/>\n<meta property=\"og:description\" content=\"H\u00e1 tr\u00eas semanas escrevo sobre passear nos arredores de Paris. Com a chegada da primavera as op\u00e7\u00f5es continuam aumentando, assim como o dilema que denominei Paris or not Paris eis a quest\u00e3o. O fato \u00e9 que em Paris ou fora, a primavera no hemisf\u00e9rio norte \u00e9 como uma explos\u00e3o de cores e um momento muito&hellip; Continue reading &rarr;\" \/>\n<meta property=\"og:url\" content=\"https:\/\/blog.panrotas.com.br\/direto-de-paris\/2015\/04\/16\/moda-esporte-natureza-uma-explosao-de-cores\/\" \/>\n<meta property=\"og:site_name\" content=\"Direto de Paris\" \/>\n<meta property=\"article:author\" content=\"https:\/\/www.facebook.com\/Passeiosemparis\/\" \/>\n<meta property=\"article:published_time\" content=\"2015-04-16T12:44:56+00:00\" \/>\n<meta property=\"og:image\" content=\"http:\/\/blog.panrotas.com.br\/direto-de-paris\/wp-content\/uploads\/2015\/04\/affiche_yves_saint_laurent_1971-238x300.jpg\" \/>\n<meta name=\"twitter:card\" content=\"summary_large_image\" \/>\n<meta name=\"twitter:label1\" content=\"Escrito por\" \/>\n\t<meta name=\"twitter:data1\" content=\"Silvia Helena\" \/>\n\t<meta name=\"twitter:label2\" content=\"Est. tempo de leitura\" \/>\n\t<meta name=\"twitter:data2\" content=\"3 minutos\" \/>\n<script type=\"application\/ld+json\" class=\"yoast-schema-graph\">{\"@context\":\"https:\/\/schema.org\",\"@graph\":[{\"@type\":\"WebSite\",\"@id\":\"https:\/\/blog.panrotas.com.br\/direto-de-paris\/#website\",\"url\":\"https:\/\/blog.panrotas.com.br\/direto-de-paris\/\",\"name\":\"Direto de Paris\",\"description\":\"Blogosfera PANROTAS\",\"potentialAction\":[{\"@type\":\"SearchAction\",\"target\":{\"@type\":\"EntryPoint\",\"urlTemplate\":\"https:\/\/blog.panrotas.com.br\/direto-de-paris\/?s={search_term_string}\"},\"query-input\":\"required name=search_term_string\"}],\"inLanguage\":\"pt-BR\"},{\"@type\":\"ImageObject\",\"@id\":\"https:\/\/blog.panrotas.com.br\/direto-de-paris\/2015\/04\/16\/moda-esporte-natureza-uma-explosao-de-cores\/#primaryimage\",\"inLanguage\":\"pt-BR\",\"url\":\"http:\/\/blog.panrotas.com.br\/direto-de-paris\/wp-content\/uploads\/2015\/04\/affiche_yves_saint_laurent_1971-238x300.jpg\",\"contentUrl\":\"http:\/\/blog.panrotas.com.br\/direto-de-paris\/wp-content\/uploads\/2015\/04\/affiche_yves_saint_laurent_1971-238x300.jpg\"},{\"@type\":\"WebPage\",\"@id\":\"https:\/\/blog.panrotas.com.br\/direto-de-paris\/2015\/04\/16\/moda-esporte-natureza-uma-explosao-de-cores\/#webpage\",\"url\":\"https:\/\/blog.panrotas.com.br\/direto-de-paris\/2015\/04\/16\/moda-esporte-natureza-uma-explosao-de-cores\/\",\"name\":\"Moda, esporte, natureza: uma explos\\u00e3o de cores! - Direto de Paris\",\"isPartOf\":{\"@id\":\"https:\/\/blog.panrotas.com.br\/direto-de-paris\/#website\"},\"primaryImageOfPage\":{\"@id\":\"https:\/\/blog.panrotas.com.br\/direto-de-paris\/2015\/04\/16\/moda-esporte-natureza-uma-explosao-de-cores\/#primaryimage\"},\"datePublished\":\"2015-04-16T12:44:56+00:00\",\"dateModified\":\"2015-04-16T12:44:56+00:00\",\"author\":{\"@id\":\"https:\/\/blog.panrotas.com.br\/direto-de-paris\/#\/schema\/person\/0137bff12a66d9bd80e250aa2c7000b3\"},\"breadcrumb\":{\"@id\":\"https:\/\/blog.panrotas.com.br\/direto-de-paris\/2015\/04\/16\/moda-esporte-natureza-uma-explosao-de-cores\/#breadcrumb\"},\"inLanguage\":\"pt-BR\",\"potentialAction\":[{\"@type\":\"ReadAction\",\"target\":[\"https:\/\/blog.panrotas.com.br\/direto-de-paris\/2015\/04\/16\/moda-esporte-natureza-uma-explosao-de-cores\/\"]}]},{\"@type\":\"BreadcrumbList\",\"@id\":\"https:\/\/blog.panrotas.com.br\/direto-de-paris\/2015\/04\/16\/moda-esporte-natureza-uma-explosao-de-cores\/#breadcrumb\",\"itemListElement\":[{\"@type\":\"ListItem\",\"position\":1,\"name\":\"In\\u00edcio\",\"item\":\"https:\/\/blog.panrotas.com.br\/direto-de-paris\/\"},{\"@type\":\"ListItem\",\"position\":2,\"name\":\"Moda, esporte, natureza: uma explos\\u00e3o de cores!\"}]},{\"@type\":\"Person\",\"@id\":\"https:\/\/blog.panrotas.com.br\/direto-de-paris\/#\/schema\/person\/0137bff12a66d9bd80e250aa2c7000b3\",\"name\":\"Silvia Helena\",\"image\":{\"@type\":\"ImageObject\",\"@id\":\"https:\/\/blog.panrotas.com.br\/direto-de-paris\/#personlogo\",\"inLanguage\":\"pt-BR\",\"url\":\"https:\/\/secure.gravatar.com\/avatar\/0278ededd1c842496785759e4fa61c99?s=96&d=mm&r=g\",\"contentUrl\":\"https:\/\/secure.gravatar.com\/avatar\/0278ededd1c842496785759e4fa61c99?s=96&d=mm&r=g\",\"caption\":\"Silvia Helena\"},\"description\":\"Ap\\u00f3s breves passagens pela Faculdade Metodista de S\\u00e3o Bernardo e Belas Artes de S\\u00e3o Paulo, aos 18 anos fui estudar no Canad\\u00e1, onde vivi durante 23 anos. L\\u00e1 me formei em Hist\\u00f3ria da Arte pela Universidade de Montr\\u00e9al, estudei turismo no Coll\\u00e8ge Lasalle de Montr\\u00e9al e no Institut de Tourisme et H\\u00f4tellerie du Qu\\u00e9bec. Comecei minha carreira na \\u00e1rea trabalhando em Cuba. Durante os anos vividos no Canad\\u00e1, entre outras coisas, fui guia de circuitos pela costa leste e abri minha primeira ag\\u00eancia de receptivo para brasileiros. H\\u00e1 18 anos um vento forte bateu nas velas da minha vida me conduzindo at\\u00e9 Fran\\u00e7a. Atualmente escrevo de Paris, onde vivo e trabalho dirigindo a empresa de receptivo, LA BELLE VIE.\",\"sameAs\":[\"http:\/\/brasileirosemparis.com\",\"https:\/\/www.facebook.com\/Passeiosemparis\/\",\"https:\/\/www.instagram.com\/labellevietour\",\"https:\/\/www.linkedin.com\/in\/silvia-helena-96864a17\/\"],\"url\":\"https:\/\/blog.panrotas.com.br\/direto-de-paris\/author\/silvia\/\"}]}<\/script>\n<!-- \/ Yoast SEO plugin. -->","yoast_head_json":{"title":"Moda, esporte, natureza: uma explos\u00e3o de cores! - Direto de Paris","robots":{"index":"index","follow":"follow","max-snippet":"max-snippet:-1","max-image-preview":"max-image-preview:large","max-video-preview":"max-video-preview:-1"},"canonical":"https:\/\/blog.panrotas.com.br\/direto-de-paris\/2015\/04\/16\/moda-esporte-natureza-uma-explosao-de-cores\/","og_locale":"pt_BR","og_type":"article","og_title":"Moda, esporte, natureza: uma explos\u00e3o de cores! - Direto de Paris","og_description":"H\u00e1 tr\u00eas semanas escrevo sobre passear nos arredores de Paris. Com a chegada da primavera as op\u00e7\u00f5es continuam aumentando, assim como o dilema que denominei Paris or not Paris eis a quest\u00e3o. O fato \u00e9 que em Paris ou fora, a primavera no hemisf\u00e9rio norte \u00e9 como uma explos\u00e3o de cores e um momento muito&hellip; Continue reading &rarr;","og_url":"https:\/\/blog.panrotas.com.br\/direto-de-paris\/2015\/04\/16\/moda-esporte-natureza-uma-explosao-de-cores\/","og_site_name":"Direto de Paris","article_author":"https:\/\/www.facebook.com\/Passeiosemparis\/","article_published_time":"2015-04-16T12:44:56+00:00","og_image":[{"url":"http:\/\/blog.panrotas.com.br\/direto-de-paris\/wp-content\/uploads\/2015\/04\/affiche_yves_saint_laurent_1971-238x300.jpg"}],"twitter_card":"summary_large_image","twitter_misc":{"Escrito por":"Silvia Helena","Est. tempo de leitura":"3 minutos"},"schema":{"@context":"https:\/\/schema.org","@graph":[{"@type":"WebSite","@id":"https:\/\/blog.panrotas.com.br\/direto-de-paris\/#website","url":"https:\/\/blog.panrotas.com.br\/direto-de-paris\/","name":"Direto de Paris","description":"Blogosfera PANROTAS","potentialAction":[{"@type":"SearchAction","target":{"@type":"EntryPoint","urlTemplate":"https:\/\/blog.panrotas.com.br\/direto-de-paris\/?s={search_term_string}"},"query-input":"required name=search_term_string"}],"inLanguage":"pt-BR"},{"@type":"ImageObject","@id":"https:\/\/blog.panrotas.com.br\/direto-de-paris\/2015\/04\/16\/moda-esporte-natureza-uma-explosao-de-cores\/#primaryimage","inLanguage":"pt-BR","url":"http:\/\/blog.panrotas.com.br\/direto-de-paris\/wp-content\/uploads\/2015\/04\/affiche_yves_saint_laurent_1971-238x300.jpg","contentUrl":"http:\/\/blog.panrotas.com.br\/direto-de-paris\/wp-content\/uploads\/2015\/04\/affiche_yves_saint_laurent_1971-238x300.jpg"},{"@type":"WebPage","@id":"https:\/\/blog.panrotas.com.br\/direto-de-paris\/2015\/04\/16\/moda-esporte-natureza-uma-explosao-de-cores\/#webpage","url":"https:\/\/blog.panrotas.com.br\/direto-de-paris\/2015\/04\/16\/moda-esporte-natureza-uma-explosao-de-cores\/","name":"Moda, esporte, natureza: uma explos\u00e3o de cores! - Direto de Paris","isPartOf":{"@id":"https:\/\/blog.panrotas.com.br\/direto-de-paris\/#website"},"primaryImageOfPage":{"@id":"https:\/\/blog.panrotas.com.br\/direto-de-paris\/2015\/04\/16\/moda-esporte-natureza-uma-explosao-de-cores\/#primaryimage"},"datePublished":"2015-04-16T12:44:56+00:00","dateModified":"2015-04-16T12:44:56+00:00","author":{"@id":"https:\/\/blog.panrotas.com.br\/direto-de-paris\/#\/schema\/person\/0137bff12a66d9bd80e250aa2c7000b3"},"breadcrumb":{"@id":"https:\/\/blog.panrotas.com.br\/direto-de-paris\/2015\/04\/16\/moda-esporte-natureza-uma-explosao-de-cores\/#breadcrumb"},"inLanguage":"pt-BR","potentialAction":[{"@type":"ReadAction","target":["https:\/\/blog.panrotas.com.br\/direto-de-paris\/2015\/04\/16\/moda-esporte-natureza-uma-explosao-de-cores\/"]}]},{"@type":"BreadcrumbList","@id":"https:\/\/blog.panrotas.com.br\/direto-de-paris\/2015\/04\/16\/moda-esporte-natureza-uma-explosao-de-cores\/#breadcrumb","itemListElement":[{"@type":"ListItem","position":1,"name":"In\u00edcio","item":"https:\/\/blog.panrotas.com.br\/direto-de-paris\/"},{"@type":"ListItem","position":2,"name":"Moda, esporte, natureza: uma explos\u00e3o de cores!"}]},{"@type":"Person","@id":"https:\/\/blog.panrotas.com.br\/direto-de-paris\/#\/schema\/person\/0137bff12a66d9bd80e250aa2c7000b3","name":"Silvia Helena","image":{"@type":"ImageObject","@id":"https:\/\/blog.panrotas.com.br\/direto-de-paris\/#personlogo","inLanguage":"pt-BR","url":"https:\/\/secure.gravatar.com\/avatar\/0278ededd1c842496785759e4fa61c99?s=96&d=mm&r=g","contentUrl":"https:\/\/secure.gravatar.com\/avatar\/0278ededd1c842496785759e4fa61c99?s=96&d=mm&r=g","caption":"Silvia Helena"},"description":"Ap\u00f3s breves passagens pela Faculdade Metodista de S\u00e3o Bernardo e Belas Artes de S\u00e3o Paulo, aos 18 anos fui estudar no Canad\u00e1, onde vivi durante 23 anos. L\u00e1 me formei em Hist\u00f3ria da Arte pela Universidade de Montr\u00e9al, estudei turismo no Coll\u00e8ge Lasalle de Montr\u00e9al e no Institut de Tourisme et H\u00f4tellerie du Qu\u00e9bec. Comecei minha carreira na \u00e1rea trabalhando em Cuba. Durante os anos vividos no Canad\u00e1, entre outras coisas, fui guia de circuitos pela costa leste e abri minha primeira ag\u00eancia de receptivo para brasileiros. H\u00e1 18 anos um vento forte bateu nas velas da minha vida me conduzindo at\u00e9 Fran\u00e7a. Atualmente escrevo de Paris, onde vivo e trabalho dirigindo a empresa de receptivo, LA BELLE VIE.","sameAs":["http:\/\/brasileirosemparis.com","https:\/\/www.facebook.com\/Passeiosemparis\/","https:\/\/www.instagram.com\/labellevietour","https:\/\/www.linkedin.com\/in\/silvia-helena-96864a17\/"],"url":"https:\/\/blog.panrotas.com.br\/direto-de-paris\/author\/silvia\/"}]}},"jetpack_featured_media_url":"","_links":{"self":[{"href":"https:\/\/blog.panrotas.com.br\/direto-de-paris\/wp-json\/wp\/v2\/posts\/1410"}],"collection":[{"href":"https:\/\/blog.panrotas.com.br\/direto-de-paris\/wp-json\/wp\/v2\/posts"}],"about":[{"href":"https:\/\/blog.panrotas.com.br\/direto-de-paris\/wp-json\/wp\/v2\/types\/post"}],"author":[{"embeddable":true,"href":"https:\/\/blog.panrotas.com.br\/direto-de-paris\/wp-json\/wp\/v2\/users\/15"}],"replies":[{"embeddable":true,"href":"https:\/\/blog.panrotas.com.br\/direto-de-paris\/wp-json\/wp\/v2\/comments?post=1410"}],"version-history":[{"count":0,"href":"https:\/\/blog.panrotas.com.br\/direto-de-paris\/wp-json\/wp\/v2\/posts\/1410\/revisions"}],"wp:attachment":[{"href":"https:\/\/blog.panrotas.com.br\/direto-de-paris\/wp-json\/wp\/v2\/media?parent=1410"}],"wp:term":[{"taxonomy":"category","embeddable":true,"href":"https:\/\/blog.panrotas.com.br\/direto-de-paris\/wp-json\/wp\/v2\/categories?post=1410"},{"taxonomy":"post_tag","embeddable":true,"href":"https:\/\/blog.panrotas.com.br\/direto-de-paris\/wp-json\/wp\/v2\/tags?post=1410"}],"curies":[{"name":"wp","href":"https:\/\/api.w.org\/{rel}","templated":true}]}}