{"id":1440,"date":"2015-04-22T15:40:31","date_gmt":"2015-04-22T18:40:31","guid":{"rendered":"http:\/\/blog.panrotas.com.br\/direto-de-paris\/?p=1440"},"modified":"2015-04-22T15:40:31","modified_gmt":"2015-04-22T18:40:31","slug":"fundacoes-louis-vuitton-cartier-e-a-historia","status":"publish","type":"post","link":"https:\/\/blog.panrotas.com.br\/direto-de-paris\/2015\/04\/22\/fundacoes-louis-vuitton-cartier-e-a-historia\/","title":{"rendered":"Funda\u00e7\u00f5es Louis Vuitton, Cartier e a Hist\u00f3ria"},"content":{"rendered":"<p>A semana passada n\u00f3s tivemos a oportunidade de ver como artistas da moda est\u00e3o em voga nas salas de exposi\u00e7\u00f5es e museus de Paris nesta temporada. Estas amostras, al\u00e9m de oferecerem conhecimento e divers\u00e3o, evidenciam o fato de que sempre houve uma forte liga\u00e7\u00e3o entre a Moda e a Cultura. Esta rela\u00e7\u00e3o n\u00e3o \u00e9 banal ou superficial como podem nos parecer certas capas de revistas de moda, esta liga\u00e7\u00e3o fez de Paris n\u00e3o somente uma cidade hist\u00f3rica, mas a tornou <strong>capital mundial do modernismo<\/strong> atrav\u00e9s dos tempos. T\u00edtulo este que a manteve no p\u00f3dio at\u00e9 a primeira metade do s\u00e9culo 20, quando os Estados Unidos passaram tamb\u00e9m a se destacar em diversas formas de express\u00f5es art\u00edsticas tais como arquitetura moderna, artes,\u00a0m\u00fasica e, sobretudo no cinema.<\/p>\n<p>A maneira em que a\u00a0 Moda se instalou na Hist\u00f3ria reflete n\u00e3o somente valores est\u00e9ticos, mas tamb\u00e9m caracter\u00edsticas fundamentais de mudan\u00e7as econ\u00f4micas e da moral no decorrer dos \u00faltimos 500 anos.<\/p>\n<p>Outrora monarcas e eclesi\u00e1sticos praticavam o mecenato, sustentando artistas com suas obras, refor\u00e7avam seu poder e filosofias junto aos povos. Quanto \u00e0s roupas, antes das grandes viagens mar\u00edtimas, as op\u00e7\u00f5es no ocidente de corantes e tecidos eram limitadas. Nosso Pau-Brasil que o diga.<\/p>\n<p>Com Louis XIV a monarquia relevou a moda \u00e0 riqueza nacional. At\u00e9 ent\u00e3o as mulheres eram recatadas, deixando a maioria dos bordados, apliques e saltos altos ao vaidoso Rei Sol e seu extravagante irm\u00e3o.<\/p>\n<figure id=\"attachment_1449\" aria-describedby=\"caption-attachment-1449\" style=\"width: 211px\" class=\"wp-caption alignnone\"><a href=\"http:\/\/blog.panrotas.com.br\/direto-de-paris\/wp-content\/uploads\/2015\/04\/Louis_XIV_of_France-1701.jpg\"><img loading=\"lazy\" class=\"size-medium wp-image-1449\" src=\"http:\/\/blog.panrotas.com.br\/direto-de-paris\/wp-content\/uploads\/2015\/04\/Louis_XIV_of_France-1701-211x300.jpg\" alt=\"Louis XIV Rei da Franca 1701\" width=\"211\" height=\"300\" srcset=\"https:\/\/blog.panrotas.com.br\/direto-de-paris\/wp-content\/uploads\/sites\/26\/2015\/04\/Louis_XIV_of_France-1701-211x300.jpg 211w, https:\/\/blog.panrotas.com.br\/direto-de-paris\/wp-content\/uploads\/sites\/26\/2015\/04\/Louis_XIV_of_France-1701.jpg 640w\" sizes=\"(max-width: 211px) 100vw, 211px\" \/><\/a><figcaption id=\"caption-attachment-1449\" class=\"wp-caption-text\">Louis XIV Rei da Franca 1701<\/figcaption><\/figure>\n<p>Por\u00e9m, Madame de Pompadour, a mais importante amante de Louis XV, de origem burguesa, se imp\u00f4s na corte apelando para a moda, como uma primeira \u201cEvita\u201d da Hist\u00f3ria. Entre apar\u00eancias e Iluminismo a corte vacilava.<\/p>\n<figure id=\"attachment_1450\" aria-describedby=\"caption-attachment-1450\" style=\"width: 216px\" class=\"wp-caption alignnone\"><a href=\"http:\/\/blog.panrotas.com.br\/direto-de-paris\/wp-content\/uploads\/2015\/04\/640px-Pompadour6.jpg\"><img loading=\"lazy\" class=\"wp-image-1450 size-medium\" src=\"http:\/\/blog.panrotas.com.br\/direto-de-paris\/wp-content\/uploads\/2015\/04\/640px-Pompadour6-216x300.jpg\" alt=\"Marquesa de Pompadour, amante de Louis XV\" width=\"216\" height=\"300\" srcset=\"https:\/\/blog.panrotas.com.br\/direto-de-paris\/wp-content\/uploads\/sites\/26\/2015\/04\/640px-Pompadour6-216x300.jpg 216w, https:\/\/blog.panrotas.com.br\/direto-de-paris\/wp-content\/uploads\/sites\/26\/2015\/04\/640px-Pompadour6.jpg 640w\" sizes=\"(max-width: 216px) 100vw, 216px\" \/><\/a><figcaption id=\"caption-attachment-1450\" class=\"wp-caption-text\">Marquesa de Pompadour, 1748 amante de Louis XV<\/figcaption><\/figure>\n<p>J\u00e1 a jovem esposa de Louis XVI, Maria Antonieta adorava moda. N\u00e3o conhecia nada de Iluminismo quando chegou aos 14 anos na Fran\u00e7a. Na falta do que fazer, fazia compras, diversificava cores e modelos de seu guarda roupa, sapatos e perucas para passar o tempo. N\u00e3o \u00e9 novidade que tanto fasto levou os monarcas a perda do imp\u00e9rio e de suas cabe\u00e7as no final do s\u00e9culo XVIII.<\/p>\n<figure id=\"attachment_1451\" aria-describedby=\"caption-attachment-1451\" style=\"width: 220px\" class=\"wp-caption alignnone\"><a href=\"http:\/\/blog.panrotas.com.br\/direto-de-paris\/wp-content\/uploads\/2015\/04\/220px-Marie_Antoinette_1767.jpg\"><img loading=\"lazy\" class=\"size-full wp-image-1451\" src=\"http:\/\/blog.panrotas.com.br\/direto-de-paris\/wp-content\/uploads\/2015\/04\/220px-Marie_Antoinette_1767.jpg\" alt=\"Maria Antonieta 1767\" width=\"220\" height=\"278\" \/><\/a><figcaption id=\"caption-attachment-1451\" class=\"wp-caption-text\">Maria Antonieta 1767<\/figcaption><\/figure>\n<p>Por\u00e9m Napole\u00e3o, com seus saques internacionais,\u00a0 encheu os cofres da Fran\u00e7a, permitindo a Josephine e suas predecessoras\u00a0manterem classe e beleza not\u00f3rias. Durante o s\u00e9culo das grandes exposi\u00e7\u00f5es internacionais Paris tinha que se destacar e n\u00e3o havia austeridade no ar. A burguesia festejava o fim do Terror, o c\u00e9u era o limite para os primeiros voadores como Santos Dumont, o mundo n\u00e3o tinha fronteiras para Jules Vernes. No Palais Garnier, a Opera de Paris, a burguesia comparecia chiqu\u00e9rrima, para assistir a operas e bal\u00e9s russos e, sobretudo para ser vista.<\/p>\n<figure id=\"attachment_1452\" aria-describedby=\"caption-attachment-1452\" style=\"width: 216px\" class=\"wp-caption alignnone\"><a href=\"http:\/\/blog.panrotas.com.br\/direto-de-paris\/wp-content\/uploads\/2015\/04\/640px-Josephine_de_Beauharnais_Keizerin_der_Fransen.jpg\"><img loading=\"lazy\" class=\"size-medium wp-image-1452\" src=\"http:\/\/blog.panrotas.com.br\/direto-de-paris\/wp-content\/uploads\/2015\/04\/640px-Josephine_de_Beauharnais_Keizerin_der_Fransen-216x300.jpg\" alt=\"Imperadora Josefina 1804\" width=\"216\" height=\"300\" srcset=\"https:\/\/blog.panrotas.com.br\/direto-de-paris\/wp-content\/uploads\/sites\/26\/2015\/04\/640px-Josephine_de_Beauharnais_Keizerin_der_Fransen-216x300.jpg 216w, https:\/\/blog.panrotas.com.br\/direto-de-paris\/wp-content\/uploads\/sites\/26\/2015\/04\/640px-Josephine_de_Beauharnais_Keizerin_der_Fransen.jpg 640w\" sizes=\"(max-width: 216px) 100vw, 216px\" \/><\/a><figcaption id=\"caption-attachment-1452\" class=\"wp-caption-text\">Imperadora Josefina 1804<\/figcaption><\/figure>\n<p>Em torno de 1910 Coco Chanel e seus amigos Jean Cocteau, Salvador Dali e Pablo Picasso mudaram o mundo (\u00a0Qui\u00e7a inspirados\u00a0por Isadora Duncan e Nijinki)\u00a0e entre muitas outras coisas, libertaram a mulher dos espartilhos! Uff! H\u00e1 quem diga: <em>No pain, No gain<\/em>. Eu, despachada como sou, prefiro dizer: Demorou, hein!<\/p>\n<figure id=\"attachment_1455\" aria-describedby=\"caption-attachment-1455\" style=\"width: 193px\" class=\"wp-caption alignnone\"><a href=\"http:\/\/blog.panrotas.com.br\/direto-de-paris\/wp-content\/uploads\/2015\/04\/Isadora_Duncan.jpg\"><img loading=\"lazy\" class=\"size-medium wp-image-1455\" src=\"http:\/\/blog.panrotas.com.br\/direto-de-paris\/wp-content\/uploads\/2015\/04\/Isadora_Duncan-193x300.jpg\" alt=\"A bailarina Isadora Duncan -1900 \" width=\"193\" height=\"300\" \/><\/a><figcaption id=\"caption-attachment-1455\" class=\"wp-caption-text\">A bailarina Isadora Duncan -1900<\/figcaption><\/figure>\n<p><a href=\"http:\/\/blog.panrotas.com.br\/direto-de-paris\/wp-content\/uploads\/2015\/04\/Isadora_Duncan_1.jpg\"><img loading=\"lazy\" class=\"alignnone size-medium wp-image-1456\" src=\"http:\/\/blog.panrotas.com.br\/direto-de-paris\/wp-content\/uploads\/2015\/04\/Isadora_Duncan_1-300x238.jpg\" alt=\"Isadora_Duncan_1\" width=\"300\" height=\"238\" srcset=\"https:\/\/blog.panrotas.com.br\/direto-de-paris\/wp-content\/uploads\/sites\/26\/2015\/04\/Isadora_Duncan_1-300x238.jpg 300w, https:\/\/blog.panrotas.com.br\/direto-de-paris\/wp-content\/uploads\/sites\/26\/2015\/04\/Isadora_Duncan_1-768x610.jpg 768w, https:\/\/blog.panrotas.com.br\/direto-de-paris\/wp-content\/uploads\/sites\/26\/2015\/04\/Isadora_Duncan_1.jpg 800w\" sizes=\"(max-width: 300px) 100vw, 300px\" \/><\/a><\/p>\n<p>Hoje, quem diria! S\u00e3o as casas de costura que assumem o papel de mecenas para artistas modernos, divulgando e permitindo a diferentes modalidades de arte de se expandir e prosperar junto ao p\u00fablico. Este \u00e9 o papel de funda\u00e7\u00f5es como Cartier e Louis Vuitton.<\/p>\n<figure id=\"attachment_1453\" aria-describedby=\"caption-attachment-1453\" style=\"width: 280px\" class=\"wp-caption alignnone\"><a href=\"http:\/\/blog.panrotas.com.br\/direto-de-paris\/wp-content\/uploads\/2015\/04\/Fondation_Louis-Vuitton.jpg\"><img loading=\"lazy\" class=\"size-full wp-image-1453\" src=\"http:\/\/blog.panrotas.com.br\/direto-de-paris\/wp-content\/uploads\/2015\/04\/Fondation_Louis-Vuitton.jpg\" alt=\"Fondation Louis Vuitton \" width=\"280\" height=\"183\" \/><\/a><figcaption id=\"caption-attachment-1453\" class=\"wp-caption-text\">Fondation Louis Vuitton<\/figcaption><\/figure>\n<p>A funda\u00e7\u00e3o Cartier existe h\u00e1 mais de 20 anos e a Louis Vuitton \u00e9 a mais recente no ramo, tendo dado muito que falar gra\u00e7as a sua impressionante arquitetura. Verdade seja dita, tenho grandes suspeitas que todo esse investimento em arte tenha como objetivo redu\u00e7\u00e3o de impostos e obten\u00e7\u00e3o de obras com valores extremamente preferenciais para a funda\u00e7\u00e3o, al\u00e9m de benef\u00edcios fiscais diversos. A funda\u00e7\u00e3o Louis Vuitton faz parte do grupo LVHM um dos maiores conglomerados de empresas de bens de consumo de luxo franc\u00eas, propriet\u00e1rios entre outras marcas de Guerlain, Kenzo, Givenchy, Moet Chandon, Henessy, Bulgari, Christian Lacroix, Pommery, Chateau d\u2019Yquem, Guiness, Tag Hauer, etc, etc e etc!<\/p>\n<p>Bom, pelo menos os artistas e o\u00a0p\u00fablico aproveitam da eterna voracidade financeira do Estado e do estarrecedor sucesso das grandes empresas. Melhor um centro cultural que um outro shopping.<\/p>\n<p>As programa\u00e7\u00f5es s\u00e3o extremamente variadas e podem ser encontradas nos sites de cada uma das funda\u00e7\u00f5es.<\/p>\n<p><a href=\"http:\/\/www.fondationlouisvuitton.fr\/\">Funda\u00e7\u00e3o Louis Vuitton<\/a><\/p>\n<p><a href=\"http:\/\/fondation.cartier.com\/\">Funda\u00e7\u00e3o Cartier<\/a><\/p>\n<pre>\u00a0<em>fotos wikipedia<\/em><\/pre>\n","protected":false},"excerpt":{"rendered":"<p>A semana passada n\u00f3s tivemos a oportunidade de ver como artistas da moda est\u00e3o em voga nas salas de exposi\u00e7\u00f5es e museus de Paris nesta temporada. Estas amostras, al\u00e9m de oferecerem conhecimento e divers\u00e3o, evidenciam o fato de que sempre houve uma forte liga\u00e7\u00e3o entre a Moda e a Cultura. Esta rela\u00e7\u00e3o n\u00e3o \u00e9 banal&hellip; <a class=\"more-link\" href=\"https:\/\/blog.panrotas.com.br\/direto-de-paris\/2015\/04\/22\/fundacoes-louis-vuitton-cartier-e-a-historia\/\">Continue reading &rarr;<\/a><\/p>\n","protected":false},"author":15,"featured_media":0,"comment_status":"open","ping_status":"open","sticky":false,"template":"","format":"standard","meta":{"spay_email":""},"categories":[11,44],"tags":[221,316],"yoast_head":"<!-- This site is optimized with the Yoast SEO plugin v17.3 - https:\/\/yoast.com\/wordpress\/plugins\/seo\/ -->\n<title>Funda\u00e7\u00f5es Louis Vuitton, Cartier e a Hist\u00f3ria - Direto de Paris<\/title>\n<meta name=\"robots\" content=\"index, follow, max-snippet:-1, max-image-preview:large, max-video-preview:-1\" \/>\n<link rel=\"canonical\" href=\"https:\/\/blog.panrotas.com.br\/direto-de-paris\/2015\/04\/22\/fundacoes-louis-vuitton-cartier-e-a-historia\/\" \/>\n<meta property=\"og:locale\" content=\"pt_BR\" \/>\n<meta property=\"og:type\" content=\"article\" \/>\n<meta property=\"og:title\" content=\"Funda\u00e7\u00f5es Louis Vuitton, Cartier e a Hist\u00f3ria - Direto de Paris\" \/>\n<meta property=\"og:description\" content=\"A semana passada n\u00f3s tivemos a oportunidade de ver como artistas da moda est\u00e3o em voga nas salas de exposi\u00e7\u00f5es e museus de Paris nesta temporada. Estas amostras, al\u00e9m de oferecerem conhecimento e divers\u00e3o, evidenciam o fato de que sempre houve uma forte liga\u00e7\u00e3o entre a Moda e a Cultura. Esta rela\u00e7\u00e3o n\u00e3o \u00e9 banal&hellip; Continue reading &rarr;\" \/>\n<meta property=\"og:url\" content=\"https:\/\/blog.panrotas.com.br\/direto-de-paris\/2015\/04\/22\/fundacoes-louis-vuitton-cartier-e-a-historia\/\" \/>\n<meta property=\"og:site_name\" content=\"Direto de Paris\" \/>\n<meta property=\"article:author\" content=\"https:\/\/www.facebook.com\/Passeiosemparis\/\" \/>\n<meta property=\"article:published_time\" content=\"2015-04-22T18:40:31+00:00\" \/>\n<meta property=\"og:image\" content=\"http:\/\/blog.panrotas.com.br\/direto-de-paris\/wp-content\/uploads\/2015\/04\/Louis_XIV_of_France-1701-211x300.jpg\" \/>\n<meta name=\"twitter:card\" content=\"summary_large_image\" \/>\n<meta name=\"twitter:label1\" content=\"Escrito por\" \/>\n\t<meta name=\"twitter:data1\" content=\"Silvia Helena\" \/>\n\t<meta name=\"twitter:label2\" content=\"Est. tempo de leitura\" \/>\n\t<meta name=\"twitter:data2\" content=\"4 minutos\" \/>\n<script type=\"application\/ld+json\" class=\"yoast-schema-graph\">{\"@context\":\"https:\/\/schema.org\",\"@graph\":[{\"@type\":\"WebSite\",\"@id\":\"https:\/\/blog.panrotas.com.br\/direto-de-paris\/#website\",\"url\":\"https:\/\/blog.panrotas.com.br\/direto-de-paris\/\",\"name\":\"Direto de Paris\",\"description\":\"Blogosfera PANROTAS\",\"potentialAction\":[{\"@type\":\"SearchAction\",\"target\":{\"@type\":\"EntryPoint\",\"urlTemplate\":\"https:\/\/blog.panrotas.com.br\/direto-de-paris\/?s={search_term_string}\"},\"query-input\":\"required name=search_term_string\"}],\"inLanguage\":\"pt-BR\"},{\"@type\":\"ImageObject\",\"@id\":\"https:\/\/blog.panrotas.com.br\/direto-de-paris\/2015\/04\/22\/fundacoes-louis-vuitton-cartier-e-a-historia\/#primaryimage\",\"inLanguage\":\"pt-BR\",\"url\":\"http:\/\/blog.panrotas.com.br\/direto-de-paris\/wp-content\/uploads\/2015\/04\/Louis_XIV_of_France-1701-211x300.jpg\",\"contentUrl\":\"http:\/\/blog.panrotas.com.br\/direto-de-paris\/wp-content\/uploads\/2015\/04\/Louis_XIV_of_France-1701-211x300.jpg\"},{\"@type\":\"WebPage\",\"@id\":\"https:\/\/blog.panrotas.com.br\/direto-de-paris\/2015\/04\/22\/fundacoes-louis-vuitton-cartier-e-a-historia\/#webpage\",\"url\":\"https:\/\/blog.panrotas.com.br\/direto-de-paris\/2015\/04\/22\/fundacoes-louis-vuitton-cartier-e-a-historia\/\",\"name\":\"Funda\\u00e7\\u00f5es Louis Vuitton, Cartier e a Hist\\u00f3ria - Direto de Paris\",\"isPartOf\":{\"@id\":\"https:\/\/blog.panrotas.com.br\/direto-de-paris\/#website\"},\"primaryImageOfPage\":{\"@id\":\"https:\/\/blog.panrotas.com.br\/direto-de-paris\/2015\/04\/22\/fundacoes-louis-vuitton-cartier-e-a-historia\/#primaryimage\"},\"datePublished\":\"2015-04-22T18:40:31+00:00\",\"dateModified\":\"2015-04-22T18:40:31+00:00\",\"author\":{\"@id\":\"https:\/\/blog.panrotas.com.br\/direto-de-paris\/#\/schema\/person\/0137bff12a66d9bd80e250aa2c7000b3\"},\"breadcrumb\":{\"@id\":\"https:\/\/blog.panrotas.com.br\/direto-de-paris\/2015\/04\/22\/fundacoes-louis-vuitton-cartier-e-a-historia\/#breadcrumb\"},\"inLanguage\":\"pt-BR\",\"potentialAction\":[{\"@type\":\"ReadAction\",\"target\":[\"https:\/\/blog.panrotas.com.br\/direto-de-paris\/2015\/04\/22\/fundacoes-louis-vuitton-cartier-e-a-historia\/\"]}]},{\"@type\":\"BreadcrumbList\",\"@id\":\"https:\/\/blog.panrotas.com.br\/direto-de-paris\/2015\/04\/22\/fundacoes-louis-vuitton-cartier-e-a-historia\/#breadcrumb\",\"itemListElement\":[{\"@type\":\"ListItem\",\"position\":1,\"name\":\"In\\u00edcio\",\"item\":\"https:\/\/blog.panrotas.com.br\/direto-de-paris\/\"},{\"@type\":\"ListItem\",\"position\":2,\"name\":\"Funda\\u00e7\\u00f5es Louis Vuitton, Cartier e a Hist\\u00f3ria\"}]},{\"@type\":\"Person\",\"@id\":\"https:\/\/blog.panrotas.com.br\/direto-de-paris\/#\/schema\/person\/0137bff12a66d9bd80e250aa2c7000b3\",\"name\":\"Silvia Helena\",\"image\":{\"@type\":\"ImageObject\",\"@id\":\"https:\/\/blog.panrotas.com.br\/direto-de-paris\/#personlogo\",\"inLanguage\":\"pt-BR\",\"url\":\"https:\/\/secure.gravatar.com\/avatar\/0278ededd1c842496785759e4fa61c99?s=96&d=mm&r=g\",\"contentUrl\":\"https:\/\/secure.gravatar.com\/avatar\/0278ededd1c842496785759e4fa61c99?s=96&d=mm&r=g\",\"caption\":\"Silvia Helena\"},\"description\":\"Ap\\u00f3s breves passagens pela Faculdade Metodista de S\\u00e3o Bernardo e Belas Artes de S\\u00e3o Paulo, aos 18 anos fui estudar no Canad\\u00e1, onde vivi durante 23 anos. L\\u00e1 me formei em Hist\\u00f3ria da Arte pela Universidade de Montr\\u00e9al, estudei turismo no Coll\\u00e8ge Lasalle de Montr\\u00e9al e no Institut de Tourisme et H\\u00f4tellerie du Qu\\u00e9bec. Comecei minha carreira na \\u00e1rea trabalhando em Cuba. Durante os anos vividos no Canad\\u00e1, entre outras coisas, fui guia de circuitos pela costa leste e abri minha primeira ag\\u00eancia de receptivo para brasileiros. H\\u00e1 18 anos um vento forte bateu nas velas da minha vida me conduzindo at\\u00e9 Fran\\u00e7a. Atualmente escrevo de Paris, onde vivo e trabalho dirigindo a empresa de receptivo, LA BELLE VIE.\",\"sameAs\":[\"http:\/\/brasileirosemparis.com\",\"https:\/\/www.facebook.com\/Passeiosemparis\/\",\"https:\/\/www.instagram.com\/labellevietour\",\"https:\/\/www.linkedin.com\/in\/silvia-helena-96864a17\/\"],\"url\":\"https:\/\/blog.panrotas.com.br\/direto-de-paris\/author\/silvia\/\"}]}<\/script>\n<!-- \/ Yoast SEO plugin. -->","yoast_head_json":{"title":"Funda\u00e7\u00f5es Louis Vuitton, Cartier e a Hist\u00f3ria - Direto de Paris","robots":{"index":"index","follow":"follow","max-snippet":"max-snippet:-1","max-image-preview":"max-image-preview:large","max-video-preview":"max-video-preview:-1"},"canonical":"https:\/\/blog.panrotas.com.br\/direto-de-paris\/2015\/04\/22\/fundacoes-louis-vuitton-cartier-e-a-historia\/","og_locale":"pt_BR","og_type":"article","og_title":"Funda\u00e7\u00f5es Louis Vuitton, Cartier e a Hist\u00f3ria - Direto de Paris","og_description":"A semana passada n\u00f3s tivemos a oportunidade de ver como artistas da moda est\u00e3o em voga nas salas de exposi\u00e7\u00f5es e museus de Paris nesta temporada. Estas amostras, al\u00e9m de oferecerem conhecimento e divers\u00e3o, evidenciam o fato de que sempre houve uma forte liga\u00e7\u00e3o entre a Moda e a Cultura. Esta rela\u00e7\u00e3o n\u00e3o \u00e9 banal&hellip; Continue reading &rarr;","og_url":"https:\/\/blog.panrotas.com.br\/direto-de-paris\/2015\/04\/22\/fundacoes-louis-vuitton-cartier-e-a-historia\/","og_site_name":"Direto de Paris","article_author":"https:\/\/www.facebook.com\/Passeiosemparis\/","article_published_time":"2015-04-22T18:40:31+00:00","og_image":[{"url":"http:\/\/blog.panrotas.com.br\/direto-de-paris\/wp-content\/uploads\/2015\/04\/Louis_XIV_of_France-1701-211x300.jpg"}],"twitter_card":"summary_large_image","twitter_misc":{"Escrito por":"Silvia Helena","Est. tempo de leitura":"4 minutos"},"schema":{"@context":"https:\/\/schema.org","@graph":[{"@type":"WebSite","@id":"https:\/\/blog.panrotas.com.br\/direto-de-paris\/#website","url":"https:\/\/blog.panrotas.com.br\/direto-de-paris\/","name":"Direto de Paris","description":"Blogosfera PANROTAS","potentialAction":[{"@type":"SearchAction","target":{"@type":"EntryPoint","urlTemplate":"https:\/\/blog.panrotas.com.br\/direto-de-paris\/?s={search_term_string}"},"query-input":"required name=search_term_string"}],"inLanguage":"pt-BR"},{"@type":"ImageObject","@id":"https:\/\/blog.panrotas.com.br\/direto-de-paris\/2015\/04\/22\/fundacoes-louis-vuitton-cartier-e-a-historia\/#primaryimage","inLanguage":"pt-BR","url":"http:\/\/blog.panrotas.com.br\/direto-de-paris\/wp-content\/uploads\/2015\/04\/Louis_XIV_of_France-1701-211x300.jpg","contentUrl":"http:\/\/blog.panrotas.com.br\/direto-de-paris\/wp-content\/uploads\/2015\/04\/Louis_XIV_of_France-1701-211x300.jpg"},{"@type":"WebPage","@id":"https:\/\/blog.panrotas.com.br\/direto-de-paris\/2015\/04\/22\/fundacoes-louis-vuitton-cartier-e-a-historia\/#webpage","url":"https:\/\/blog.panrotas.com.br\/direto-de-paris\/2015\/04\/22\/fundacoes-louis-vuitton-cartier-e-a-historia\/","name":"Funda\u00e7\u00f5es Louis Vuitton, Cartier e a Hist\u00f3ria - Direto de Paris","isPartOf":{"@id":"https:\/\/blog.panrotas.com.br\/direto-de-paris\/#website"},"primaryImageOfPage":{"@id":"https:\/\/blog.panrotas.com.br\/direto-de-paris\/2015\/04\/22\/fundacoes-louis-vuitton-cartier-e-a-historia\/#primaryimage"},"datePublished":"2015-04-22T18:40:31+00:00","dateModified":"2015-04-22T18:40:31+00:00","author":{"@id":"https:\/\/blog.panrotas.com.br\/direto-de-paris\/#\/schema\/person\/0137bff12a66d9bd80e250aa2c7000b3"},"breadcrumb":{"@id":"https:\/\/blog.panrotas.com.br\/direto-de-paris\/2015\/04\/22\/fundacoes-louis-vuitton-cartier-e-a-historia\/#breadcrumb"},"inLanguage":"pt-BR","potentialAction":[{"@type":"ReadAction","target":["https:\/\/blog.panrotas.com.br\/direto-de-paris\/2015\/04\/22\/fundacoes-louis-vuitton-cartier-e-a-historia\/"]}]},{"@type":"BreadcrumbList","@id":"https:\/\/blog.panrotas.com.br\/direto-de-paris\/2015\/04\/22\/fundacoes-louis-vuitton-cartier-e-a-historia\/#breadcrumb","itemListElement":[{"@type":"ListItem","position":1,"name":"In\u00edcio","item":"https:\/\/blog.panrotas.com.br\/direto-de-paris\/"},{"@type":"ListItem","position":2,"name":"Funda\u00e7\u00f5es Louis Vuitton, Cartier e a Hist\u00f3ria"}]},{"@type":"Person","@id":"https:\/\/blog.panrotas.com.br\/direto-de-paris\/#\/schema\/person\/0137bff12a66d9bd80e250aa2c7000b3","name":"Silvia Helena","image":{"@type":"ImageObject","@id":"https:\/\/blog.panrotas.com.br\/direto-de-paris\/#personlogo","inLanguage":"pt-BR","url":"https:\/\/secure.gravatar.com\/avatar\/0278ededd1c842496785759e4fa61c99?s=96&d=mm&r=g","contentUrl":"https:\/\/secure.gravatar.com\/avatar\/0278ededd1c842496785759e4fa61c99?s=96&d=mm&r=g","caption":"Silvia Helena"},"description":"Ap\u00f3s breves passagens pela Faculdade Metodista de S\u00e3o Bernardo e Belas Artes de S\u00e3o Paulo, aos 18 anos fui estudar no Canad\u00e1, onde vivi durante 23 anos. L\u00e1 me formei em Hist\u00f3ria da Arte pela Universidade de Montr\u00e9al, estudei turismo no Coll\u00e8ge Lasalle de Montr\u00e9al e no Institut de Tourisme et H\u00f4tellerie du Qu\u00e9bec. Comecei minha carreira na \u00e1rea trabalhando em Cuba. Durante os anos vividos no Canad\u00e1, entre outras coisas, fui guia de circuitos pela costa leste e abri minha primeira ag\u00eancia de receptivo para brasileiros. H\u00e1 18 anos um vento forte bateu nas velas da minha vida me conduzindo at\u00e9 Fran\u00e7a. Atualmente escrevo de Paris, onde vivo e trabalho dirigindo a empresa de receptivo, LA BELLE VIE.","sameAs":["http:\/\/brasileirosemparis.com","https:\/\/www.facebook.com\/Passeiosemparis\/","https:\/\/www.instagram.com\/labellevietour","https:\/\/www.linkedin.com\/in\/silvia-helena-96864a17\/"],"url":"https:\/\/blog.panrotas.com.br\/direto-de-paris\/author\/silvia\/"}]}},"jetpack_featured_media_url":"","_links":{"self":[{"href":"https:\/\/blog.panrotas.com.br\/direto-de-paris\/wp-json\/wp\/v2\/posts\/1440"}],"collection":[{"href":"https:\/\/blog.panrotas.com.br\/direto-de-paris\/wp-json\/wp\/v2\/posts"}],"about":[{"href":"https:\/\/blog.panrotas.com.br\/direto-de-paris\/wp-json\/wp\/v2\/types\/post"}],"author":[{"embeddable":true,"href":"https:\/\/blog.panrotas.com.br\/direto-de-paris\/wp-json\/wp\/v2\/users\/15"}],"replies":[{"embeddable":true,"href":"https:\/\/blog.panrotas.com.br\/direto-de-paris\/wp-json\/wp\/v2\/comments?post=1440"}],"version-history":[{"count":0,"href":"https:\/\/blog.panrotas.com.br\/direto-de-paris\/wp-json\/wp\/v2\/posts\/1440\/revisions"}],"wp:attachment":[{"href":"https:\/\/blog.panrotas.com.br\/direto-de-paris\/wp-json\/wp\/v2\/media?parent=1440"}],"wp:term":[{"taxonomy":"category","embeddable":true,"href":"https:\/\/blog.panrotas.com.br\/direto-de-paris\/wp-json\/wp\/v2\/categories?post=1440"},{"taxonomy":"post_tag","embeddable":true,"href":"https:\/\/blog.panrotas.com.br\/direto-de-paris\/wp-json\/wp\/v2\/tags?post=1440"}],"curies":[{"name":"wp","href":"https:\/\/api.w.org\/{rel}","templated":true}]}}