{"id":1460,"date":"2015-04-30T13:47:03","date_gmt":"2015-04-30T16:47:03","guid":{"rendered":"http:\/\/blog.panrotas.com.br\/direto-de-paris\/?p=1460"},"modified":"2015-04-30T13:47:03","modified_gmt":"2015-04-30T16:47:03","slug":"um-inferno-em-paris","status":"publish","type":"post","link":"https:\/\/blog.panrotas.com.br\/direto-de-paris\/2015\/04\/30\/um-inferno-em-paris\/","title":{"rendered":"Um inferno em Paris"},"content":{"rendered":"<p>Hoje ningu\u00e9m mais se assusta ou se indigna com cenas de sexo explicito e viol\u00eancia nos meios de comunica\u00e7\u00e3o, mas as coisas nem sempre foram assim.<\/p>\n<p>O poder e a moral na Fran\u00e7a sempre foram contestados, mas com a populariza\u00e7\u00e3o da impress\u00e3o as coisas ficaram s\u00e9rias. E a partir dai o rolo compressor e no entanto, liberador da hist\u00f3ria n\u00e3o parou mais.<\/p>\n<p>Moli\u00e8re , apesar de ser admirado por Luis XIV, teve Tartufo interditada e a vers\u00e3o que conhecemos hoje, sofreu cortes da censura religiosa da \u00e9poca.<\/p>\n<p>Anos mais tarde, enquanto\u00a0 a burguesia descobria o Iluminismo, Voltaire ia e vinha da Bastilha. O autor obrigado a se exilar na Inglaterra, conseguiu l\u00e1 e em outros pa\u00edses da Europa editar anonimamente obras contestarias do poder . Na Fran\u00e7a, era temido pelo reinado de Lu\u00eds XV.<\/p>\n<p>Na mesma \u00e9poca a Libertinagem ia de vento em popa com festas de cabide inimagin\u00e1veis nos dias de hoje. E dos sal\u00f5es burgueses ou bordeis luxuosos transcreviam-se para as folhas de papel historias relatadas ou inventadas, para a grande desaven\u00e7a do clero.<\/p>\n<p>&nbsp;<\/p>\n<p>Panfletos revelando ou inventando luxurias e imundices sobre Maria Antonieta ajudaram muito os revolucion\u00e1rios a cortar as cabe\u00e7as reais com apoio do povo cr\u00e9dulo e faminto.<\/p>\n<p>Isso sem falar em Marat e sua milit\u00e2ncia sanguin\u00e1ria, convidando a massa popular a fazer justi\u00e7a com suas m\u00e3os, foices e ancinhos.<\/p>\n<p>Muitos documentos foram queimados, as vezes at\u00e9 por seus propriet\u00e1rios temendo a repress\u00e3o real ou da igreja.<\/p>\n<p>A primeira obra liter\u00e1ria que ganhou a men\u00e7\u00e3o infernal data de 1844 e com ela nasceu o departamento mais voluptuoso da Biblioteca Nacional da Fran\u00e7a, o Inferno.<\/p>\n<p>Ali, obras outrora clandestinas ou impressas no exterior encontraram um lugar onde podem descansar pacificamente. Durante muito tempo escondidas do publico podem ser descobertas sem autoriza\u00e7\u00e3o especial ou carta explicativa, como exigiu-se at\u00e9 os anos 60. Textos e livros como Os furores uterinos de Maria Antonieta, esposa de Lu\u00eds XVI;120 Dias de Sodoma do Marques de Sade ;A Filosofia na Alcova; Franceses, Mais um Esfor\u00e7o Se Quiserdes Ser Republicano, repousam ao lado de desenhos er\u00f3ticos mais recentes de autores como Jean Cocteau e Paul Verlaine. Temas como a auto-flagela\u00e7\u00e3o, erotismo, milit\u00e2ncia revelam os conceitos da moralidade atrav\u00e9s dos s\u00e9culos e esperam a todos, santinhos e safados no Inferno de Paris.<\/p>\n<p>&nbsp;<\/p>\n<p>&nbsp;<\/p>\n<p>Nota Voltaire esteve preso duas vezes na Bastilha, antes de exilar-se na Inglaterra.<\/p>\n","protected":false},"excerpt":{"rendered":"<p>Hoje ningu\u00e9m mais se assusta ou se indigna com cenas de sexo explicito e viol\u00eancia nos meios de comunica\u00e7\u00e3o, mas as coisas nem sempre foram assim. O poder e a moral na Fran\u00e7a sempre foram contestados, mas com a populariza\u00e7\u00e3o da impress\u00e3o as coisas ficaram s\u00e9rias. E a partir dai o rolo compressor e no&hellip; <a class=\"more-link\" href=\"https:\/\/blog.panrotas.com.br\/direto-de-paris\/2015\/04\/30\/um-inferno-em-paris\/\">Continue reading &rarr;<\/a><\/p>\n","protected":false},"author":15,"featured_media":0,"comment_status":"open","ping_status":"open","sticky":false,"template":"","format":"standard","meta":{"spay_email":""},"categories":[44],"tags":[],"yoast_head":"<!-- This site is optimized with the Yoast SEO plugin v17.3 - https:\/\/yoast.com\/wordpress\/plugins\/seo\/ -->\n<title>Um inferno em Paris - Direto de Paris<\/title>\n<meta name=\"robots\" content=\"index, follow, max-snippet:-1, max-image-preview:large, max-video-preview:-1\" \/>\n<link rel=\"canonical\" href=\"https:\/\/blog.panrotas.com.br\/direto-de-paris\/2015\/04\/30\/um-inferno-em-paris\/\" \/>\n<meta property=\"og:locale\" content=\"pt_BR\" \/>\n<meta property=\"og:type\" content=\"article\" \/>\n<meta property=\"og:title\" content=\"Um inferno em Paris - Direto de Paris\" \/>\n<meta property=\"og:description\" content=\"Hoje ningu\u00e9m mais se assusta ou se indigna com cenas de sexo explicito e viol\u00eancia nos meios de comunica\u00e7\u00e3o, mas as coisas nem sempre foram assim. O poder e a moral na Fran\u00e7a sempre foram contestados, mas com a populariza\u00e7\u00e3o da impress\u00e3o as coisas ficaram s\u00e9rias. E a partir dai o rolo compressor e no&hellip; Continue reading &rarr;\" \/>\n<meta property=\"og:url\" content=\"https:\/\/blog.panrotas.com.br\/direto-de-paris\/2015\/04\/30\/um-inferno-em-paris\/\" \/>\n<meta property=\"og:site_name\" content=\"Direto de Paris\" \/>\n<meta property=\"article:author\" content=\"https:\/\/www.facebook.com\/Passeiosemparis\/\" \/>\n<meta property=\"article:published_time\" content=\"2015-04-30T16:47:03+00:00\" \/>\n<meta name=\"twitter:card\" content=\"summary_large_image\" \/>\n<meta name=\"twitter:label1\" content=\"Escrito por\" \/>\n\t<meta name=\"twitter:data1\" content=\"Silvia Helena\" \/>\n\t<meta name=\"twitter:label2\" content=\"Est. tempo de leitura\" \/>\n\t<meta name=\"twitter:data2\" content=\"2 minutos\" \/>\n<script type=\"application\/ld+json\" class=\"yoast-schema-graph\">{\"@context\":\"https:\/\/schema.org\",\"@graph\":[{\"@type\":\"WebSite\",\"@id\":\"https:\/\/blog.panrotas.com.br\/direto-de-paris\/#website\",\"url\":\"https:\/\/blog.panrotas.com.br\/direto-de-paris\/\",\"name\":\"Direto de Paris\",\"description\":\"Blogosfera PANROTAS\",\"potentialAction\":[{\"@type\":\"SearchAction\",\"target\":{\"@type\":\"EntryPoint\",\"urlTemplate\":\"https:\/\/blog.panrotas.com.br\/direto-de-paris\/?s={search_term_string}\"},\"query-input\":\"required name=search_term_string\"}],\"inLanguage\":\"pt-BR\"},{\"@type\":\"WebPage\",\"@id\":\"https:\/\/blog.panrotas.com.br\/direto-de-paris\/2015\/04\/30\/um-inferno-em-paris\/#webpage\",\"url\":\"https:\/\/blog.panrotas.com.br\/direto-de-paris\/2015\/04\/30\/um-inferno-em-paris\/\",\"name\":\"Um inferno em Paris - Direto de Paris\",\"isPartOf\":{\"@id\":\"https:\/\/blog.panrotas.com.br\/direto-de-paris\/#website\"},\"datePublished\":\"2015-04-30T16:47:03+00:00\",\"dateModified\":\"2015-04-30T16:47:03+00:00\",\"author\":{\"@id\":\"https:\/\/blog.panrotas.com.br\/direto-de-paris\/#\/schema\/person\/0137bff12a66d9bd80e250aa2c7000b3\"},\"breadcrumb\":{\"@id\":\"https:\/\/blog.panrotas.com.br\/direto-de-paris\/2015\/04\/30\/um-inferno-em-paris\/#breadcrumb\"},\"inLanguage\":\"pt-BR\",\"potentialAction\":[{\"@type\":\"ReadAction\",\"target\":[\"https:\/\/blog.panrotas.com.br\/direto-de-paris\/2015\/04\/30\/um-inferno-em-paris\/\"]}]},{\"@type\":\"BreadcrumbList\",\"@id\":\"https:\/\/blog.panrotas.com.br\/direto-de-paris\/2015\/04\/30\/um-inferno-em-paris\/#breadcrumb\",\"itemListElement\":[{\"@type\":\"ListItem\",\"position\":1,\"name\":\"In\\u00edcio\",\"item\":\"https:\/\/blog.panrotas.com.br\/direto-de-paris\/\"},{\"@type\":\"ListItem\",\"position\":2,\"name\":\"Um inferno em Paris\"}]},{\"@type\":\"Person\",\"@id\":\"https:\/\/blog.panrotas.com.br\/direto-de-paris\/#\/schema\/person\/0137bff12a66d9bd80e250aa2c7000b3\",\"name\":\"Silvia Helena\",\"image\":{\"@type\":\"ImageObject\",\"@id\":\"https:\/\/blog.panrotas.com.br\/direto-de-paris\/#personlogo\",\"inLanguage\":\"pt-BR\",\"url\":\"https:\/\/secure.gravatar.com\/avatar\/0278ededd1c842496785759e4fa61c99?s=96&d=mm&r=g\",\"contentUrl\":\"https:\/\/secure.gravatar.com\/avatar\/0278ededd1c842496785759e4fa61c99?s=96&d=mm&r=g\",\"caption\":\"Silvia Helena\"},\"description\":\"Ap\\u00f3s breves passagens pela Faculdade Metodista de S\\u00e3o Bernardo e Belas Artes de S\\u00e3o Paulo, aos 18 anos fui estudar no Canad\\u00e1, onde vivi durante 23 anos. L\\u00e1 me formei em Hist\\u00f3ria da Arte pela Universidade de Montr\\u00e9al, estudei turismo no Coll\\u00e8ge Lasalle de Montr\\u00e9al e no Institut de Tourisme et H\\u00f4tellerie du Qu\\u00e9bec. Comecei minha carreira na \\u00e1rea trabalhando em Cuba. Durante os anos vividos no Canad\\u00e1, entre outras coisas, fui guia de circuitos pela costa leste e abri minha primeira ag\\u00eancia de receptivo para brasileiros. H\\u00e1 18 anos um vento forte bateu nas velas da minha vida me conduzindo at\\u00e9 Fran\\u00e7a. Atualmente escrevo de Paris, onde vivo e trabalho dirigindo a empresa de receptivo, LA BELLE VIE.\",\"sameAs\":[\"http:\/\/brasileirosemparis.com\",\"https:\/\/www.facebook.com\/Passeiosemparis\/\",\"https:\/\/www.instagram.com\/labellevietour\",\"https:\/\/www.linkedin.com\/in\/silvia-helena-96864a17\/\"],\"url\":\"https:\/\/blog.panrotas.com.br\/direto-de-paris\/author\/silvia\/\"}]}<\/script>\n<!-- \/ Yoast SEO plugin. -->","yoast_head_json":{"title":"Um inferno em Paris - Direto de Paris","robots":{"index":"index","follow":"follow","max-snippet":"max-snippet:-1","max-image-preview":"max-image-preview:large","max-video-preview":"max-video-preview:-1"},"canonical":"https:\/\/blog.panrotas.com.br\/direto-de-paris\/2015\/04\/30\/um-inferno-em-paris\/","og_locale":"pt_BR","og_type":"article","og_title":"Um inferno em Paris - Direto de Paris","og_description":"Hoje ningu\u00e9m mais se assusta ou se indigna com cenas de sexo explicito e viol\u00eancia nos meios de comunica\u00e7\u00e3o, mas as coisas nem sempre foram assim. O poder e a moral na Fran\u00e7a sempre foram contestados, mas com a populariza\u00e7\u00e3o da impress\u00e3o as coisas ficaram s\u00e9rias. E a partir dai o rolo compressor e no&hellip; Continue reading &rarr;","og_url":"https:\/\/blog.panrotas.com.br\/direto-de-paris\/2015\/04\/30\/um-inferno-em-paris\/","og_site_name":"Direto de Paris","article_author":"https:\/\/www.facebook.com\/Passeiosemparis\/","article_published_time":"2015-04-30T16:47:03+00:00","twitter_card":"summary_large_image","twitter_misc":{"Escrito por":"Silvia Helena","Est. tempo de leitura":"2 minutos"},"schema":{"@context":"https:\/\/schema.org","@graph":[{"@type":"WebSite","@id":"https:\/\/blog.panrotas.com.br\/direto-de-paris\/#website","url":"https:\/\/blog.panrotas.com.br\/direto-de-paris\/","name":"Direto de Paris","description":"Blogosfera PANROTAS","potentialAction":[{"@type":"SearchAction","target":{"@type":"EntryPoint","urlTemplate":"https:\/\/blog.panrotas.com.br\/direto-de-paris\/?s={search_term_string}"},"query-input":"required name=search_term_string"}],"inLanguage":"pt-BR"},{"@type":"WebPage","@id":"https:\/\/blog.panrotas.com.br\/direto-de-paris\/2015\/04\/30\/um-inferno-em-paris\/#webpage","url":"https:\/\/blog.panrotas.com.br\/direto-de-paris\/2015\/04\/30\/um-inferno-em-paris\/","name":"Um inferno em Paris - Direto de Paris","isPartOf":{"@id":"https:\/\/blog.panrotas.com.br\/direto-de-paris\/#website"},"datePublished":"2015-04-30T16:47:03+00:00","dateModified":"2015-04-30T16:47:03+00:00","author":{"@id":"https:\/\/blog.panrotas.com.br\/direto-de-paris\/#\/schema\/person\/0137bff12a66d9bd80e250aa2c7000b3"},"breadcrumb":{"@id":"https:\/\/blog.panrotas.com.br\/direto-de-paris\/2015\/04\/30\/um-inferno-em-paris\/#breadcrumb"},"inLanguage":"pt-BR","potentialAction":[{"@type":"ReadAction","target":["https:\/\/blog.panrotas.com.br\/direto-de-paris\/2015\/04\/30\/um-inferno-em-paris\/"]}]},{"@type":"BreadcrumbList","@id":"https:\/\/blog.panrotas.com.br\/direto-de-paris\/2015\/04\/30\/um-inferno-em-paris\/#breadcrumb","itemListElement":[{"@type":"ListItem","position":1,"name":"In\u00edcio","item":"https:\/\/blog.panrotas.com.br\/direto-de-paris\/"},{"@type":"ListItem","position":2,"name":"Um inferno em Paris"}]},{"@type":"Person","@id":"https:\/\/blog.panrotas.com.br\/direto-de-paris\/#\/schema\/person\/0137bff12a66d9bd80e250aa2c7000b3","name":"Silvia Helena","image":{"@type":"ImageObject","@id":"https:\/\/blog.panrotas.com.br\/direto-de-paris\/#personlogo","inLanguage":"pt-BR","url":"https:\/\/secure.gravatar.com\/avatar\/0278ededd1c842496785759e4fa61c99?s=96&d=mm&r=g","contentUrl":"https:\/\/secure.gravatar.com\/avatar\/0278ededd1c842496785759e4fa61c99?s=96&d=mm&r=g","caption":"Silvia Helena"},"description":"Ap\u00f3s breves passagens pela Faculdade Metodista de S\u00e3o Bernardo e Belas Artes de S\u00e3o Paulo, aos 18 anos fui estudar no Canad\u00e1, onde vivi durante 23 anos. L\u00e1 me formei em Hist\u00f3ria da Arte pela Universidade de Montr\u00e9al, estudei turismo no Coll\u00e8ge Lasalle de Montr\u00e9al e no Institut de Tourisme et H\u00f4tellerie du Qu\u00e9bec. Comecei minha carreira na \u00e1rea trabalhando em Cuba. Durante os anos vividos no Canad\u00e1, entre outras coisas, fui guia de circuitos pela costa leste e abri minha primeira ag\u00eancia de receptivo para brasileiros. H\u00e1 18 anos um vento forte bateu nas velas da minha vida me conduzindo at\u00e9 Fran\u00e7a. Atualmente escrevo de Paris, onde vivo e trabalho dirigindo a empresa de receptivo, LA BELLE VIE.","sameAs":["http:\/\/brasileirosemparis.com","https:\/\/www.facebook.com\/Passeiosemparis\/","https:\/\/www.instagram.com\/labellevietour","https:\/\/www.linkedin.com\/in\/silvia-helena-96864a17\/"],"url":"https:\/\/blog.panrotas.com.br\/direto-de-paris\/author\/silvia\/"}]}},"jetpack_featured_media_url":"","_links":{"self":[{"href":"https:\/\/blog.panrotas.com.br\/direto-de-paris\/wp-json\/wp\/v2\/posts\/1460"}],"collection":[{"href":"https:\/\/blog.panrotas.com.br\/direto-de-paris\/wp-json\/wp\/v2\/posts"}],"about":[{"href":"https:\/\/blog.panrotas.com.br\/direto-de-paris\/wp-json\/wp\/v2\/types\/post"}],"author":[{"embeddable":true,"href":"https:\/\/blog.panrotas.com.br\/direto-de-paris\/wp-json\/wp\/v2\/users\/15"}],"replies":[{"embeddable":true,"href":"https:\/\/blog.panrotas.com.br\/direto-de-paris\/wp-json\/wp\/v2\/comments?post=1460"}],"version-history":[{"count":0,"href":"https:\/\/blog.panrotas.com.br\/direto-de-paris\/wp-json\/wp\/v2\/posts\/1460\/revisions"}],"wp:attachment":[{"href":"https:\/\/blog.panrotas.com.br\/direto-de-paris\/wp-json\/wp\/v2\/media?parent=1460"}],"wp:term":[{"taxonomy":"category","embeddable":true,"href":"https:\/\/blog.panrotas.com.br\/direto-de-paris\/wp-json\/wp\/v2\/categories?post=1460"},{"taxonomy":"post_tag","embeddable":true,"href":"https:\/\/blog.panrotas.com.br\/direto-de-paris\/wp-json\/wp\/v2\/tags?post=1460"}],"curies":[{"name":"wp","href":"https:\/\/api.w.org\/{rel}","templated":true}]}}