{"id":274,"date":"2014-07-17T10:57:16","date_gmt":"2014-07-17T13:57:16","guid":{"rendered":"http:\/\/blog.panrotas.com.br\/direto-de-paris\/?p=274"},"modified":"2014-07-17T10:57:16","modified_gmt":"2014-07-17T13:57:16","slug":"paris-para-cinefilos-e-solteiras","status":"publish","type":"post","link":"https:\/\/blog.panrotas.com.br\/direto-de-paris\/2014\/07\/17\/paris-para-cinefilos-e-solteiras\/","title":{"rendered":"Paris para cin\u00e9filos e solteiras."},"content":{"rendered":"<p>Julho exige, h\u00e1 duas semanas escrevo sobre Paris para crian\u00e7as e adultos.<\/p>\n<p>Algu\u00e9m j\u00e1 deve ter se perguntado: e os adolescentes? Ser\u00e1 que n\u00e3o gostam de nada? Ser\u00e1 que n\u00e3o h\u00e1 nada para eles em Paris? Lojas e parques de divers\u00e3o interessam a todos, mas estava esperando para falar do tema certo: alguma coisa para os adolescentes \u201cde todas as idades\u201d que conhe\u00e7o.<\/p>\n<p>A Cit\u00e9 do Cinema, constru\u00edda gra\u00e7as ao sonho do cineasta Luc Besson \u00e9 o primeiro est\u00fadio de cinema franc\u00eas e est\u00e1 situado ao lado de Paris, no sub\u00farbio vizinho chamado Seine-St Denis. Um projeto que se explica gra\u00e7as, entre outras raz\u00f5es, a grandes produ\u00e7\u00f5es cinematogr\u00e1ficas do\u00a0seu mais\u00a0ilustre\u00a0inquilino, o pr\u00f3prio Luc Besson. A Cit\u00e9 proporciona aos amantes do cinema diversas maneiras de conhecer esta grande fam\u00edlia de \u201cfazedores de filme\u201d- film makers-, como diz o pr\u00f3prio Luc Besson. Al\u00e9m dos est\u00fadios, a Cit\u00e9 oferece aos franceses uma Escola de Cinema, uma nov\u00edssima Escola de Maquiagem, uma cafeteria onde pode-se encontrar tanto estudantes de cinema como Robert de Niro tomando um caf\u00e9zinho, um restaurante para eventos, espet\u00e1culos e grandes exposi\u00e7\u00f5es tempor\u00e1rias.<\/p>\n<p><a href=\"http:\/\/blog.panrotas.com.br\/direto-de-paris\/wp-content\/uploads\/2014\/07\/10520594_805706272796714_6958938881110283264_o.jpg\"><img loading=\"lazy\" class=\"alignnone size-thumbnail wp-image-291\" src=\"http:\/\/blog.panrotas.com.br\/direto-de-paris\/wp-content\/uploads\/2014\/07\/10520594_805706272796714_6958938881110283264_o-150x150.jpg\" alt=\"Carro do 5\u00b0 Elemento\" width=\"150\" height=\"150\" \/><\/a><\/p>\n<p>Quem visita os est\u00fadios descobrir\u00e1 os recursos dispon\u00edveis para realiza\u00e7\u00e3o de grandes produ\u00e7\u00f5es e ver\u00e1 aqui e ali lembran\u00e7as de seus filmes preferidos como\u00a0Nikita, O Profissional, O quinto elemento ou o Grande Azul.<\/p>\n<p>J\u00e1 a exposi\u00e7\u00e3o tempor\u00e1ria de 2014 acaba de ser prolongada at\u00e9 dia 5 de outubro e oferece aos amantes de Star Wars a possibilidade de ver de perto toda verdadeira parafern\u00e1lia da saga cinematogr\u00e1fica realizada pelo hom\u00f3logo americano de Luc, George Lucas.<\/p>\n<p>Sim Luc Besson \u00e9 considerado o George Lucas franc\u00eas e pasmem, isto aqui n\u00e3o \u00e9 elogio. Verdadeiro prod\u00edgio do cinema franc\u00eas, renovador durante os anos 80 e 90, Luc \u00e9 hoje considerado a ovelha negra da grande arte. Acusado de ter se tornado um realizador de filmes comerciais, embora tenha elevado o cinema franc\u00eas a uma arte novamente reconhecida internacionalmente, sofre da cren\u00e7a local t\u00e3o bem ilustrada pelas palavras de Balzac: &#8220;atr\u00e1s de cada grande fortuna h\u00e1 um crime&#8221;.<\/p>\n<p>Mas voltemos \u00e0 exposi\u00e7\u00e3o Stars Wars identities. Durante a descoberta da exposi\u00e7\u00e3o, al\u00e9m da parafern\u00e1lia de filmagens, vestimentas e maquetes o visitante criar\u00e1 com auxilio de recursos tecnol\u00f3gicos, o seu pr\u00f3prio her\u00f3i de Star Wars e obter\u00e1 virtualmente o resultado da cria\u00e7\u00e3o: um novo personagem \u00fanico Star Wars do qual receber\u00e1 posteriormente uma vers\u00e3o mais detalhada do seu perfil por e-mail para refer\u00eancia futura ou compartilhar nas redes sociais.<\/p>\n<p>A exposi\u00e7\u00e3o pretende mostrar aos visitantes que a identidade \u00e9 o resultado de intera\u00e7\u00f5es entre fatores gen\u00e9ticos, psicol\u00f3gicos e ambientais. Star Wars Identities explora o tema da identidade, abordando dez de seus componentes: esp\u00e9cies, genes, pais, cultura, mentores, amigos, eventos de vida, ocupa\u00e7\u00e3o, personalidade e valores. Estes dez elementos s\u00e3o divididos em tr\u00eas grupos que formam as principais se\u00e7\u00f5es da exposi\u00e7\u00e3o &#8211; origens, influ\u00eancias e escolhas.<\/p>\n<p>J\u00e1 para as solteiras julho \u00e9 O m\u00eas! Quem perdeu este ano marque j\u00e1 na agenda 2015, baile dos bombeiros de 14 de Julho. Desde 1938 as festas nas casernas animam a cidade. Querida agente de viagens, j\u00e1 imaginou bombeiros como anfitri\u00f5es? No m\u00ednimo um col\u00edrio para os olhos. E para completar a alegria das solteiras, que podem gastar sem ouvir reclama\u00e7\u00f5es de maridos aflitos, mais fotos das liquida\u00e7\u00f5es:<\/p>\n<p>&nbsp;<\/p>\n<p><a href=\"http:\/\/blog.panrotas.com.br\/direto-de-paris\/wp-content\/uploads\/2014\/07\/015.jpg\"><img loading=\"lazy\" class=\"alignnone size-thumbnail wp-image-279\" src=\"http:\/\/blog.panrotas.com.br\/direto-de-paris\/wp-content\/uploads\/2014\/07\/015-150x150.jpg\" alt=\"015\" width=\"150\" height=\"150\" \/><\/a> <a href=\"http:\/\/blog.panrotas.com.br\/direto-de-paris\/wp-content\/uploads\/2014\/07\/013.jpg\"><img loading=\"lazy\" class=\"alignnone size-thumbnail wp-image-280\" src=\"http:\/\/blog.panrotas.com.br\/direto-de-paris\/wp-content\/uploads\/2014\/07\/013-150x150.jpg\" alt=\"013\" width=\"150\" height=\"150\" \/><\/a> <a href=\"http:\/\/blog.panrotas.com.br\/direto-de-paris\/wp-content\/uploads\/2014\/07\/011.jpg\"><img loading=\"lazy\" class=\"alignnone size-thumbnail wp-image-282\" src=\"http:\/\/blog.panrotas.com.br\/direto-de-paris\/wp-content\/uploads\/2014\/07\/011-150x150.jpg\" alt=\"011\" width=\"150\" height=\"150\" \/><\/a> <a href=\"http:\/\/blog.panrotas.com.br\/direto-de-paris\/wp-content\/uploads\/2014\/07\/010.jpg\"><img loading=\"lazy\" class=\"alignnone size-thumbnail wp-image-283\" src=\"http:\/\/blog.panrotas.com.br\/direto-de-paris\/wp-content\/uploads\/2014\/07\/010-150x150.jpg\" alt=\"010\" width=\"150\" height=\"150\" \/><\/a> <a href=\"http:\/\/blog.panrotas.com.br\/direto-de-paris\/wp-content\/uploads\/2014\/07\/009.jpg\"><img loading=\"lazy\" class=\"alignnone size-thumbnail wp-image-284\" src=\"http:\/\/blog.panrotas.com.br\/direto-de-paris\/wp-content\/uploads\/2014\/07\/009-150x150.jpg\" alt=\"009\" width=\"150\" height=\"150\" \/><\/a> <a href=\"http:\/\/blog.panrotas.com.br\/direto-de-paris\/wp-content\/uploads\/2014\/07\/008.jpg\"><img loading=\"lazy\" class=\"alignnone size-thumbnail wp-image-285\" src=\"http:\/\/blog.panrotas.com.br\/direto-de-paris\/wp-content\/uploads\/2014\/07\/008-150x150.jpg\" alt=\"008\" width=\"150\" height=\"150\" \/><\/a> <a href=\"http:\/\/blog.panrotas.com.br\/direto-de-paris\/wp-content\/uploads\/2014\/07\/004.jpg\"><img loading=\"lazy\" class=\"alignnone size-thumbnail wp-image-286\" src=\"http:\/\/blog.panrotas.com.br\/direto-de-paris\/wp-content\/uploads\/2014\/07\/004-150x150.jpg\" alt=\"004\" width=\"150\" height=\"150\" \/><\/a> <a href=\"http:\/\/blog.panrotas.com.br\/direto-de-paris\/wp-content\/uploads\/2014\/07\/003.jpg\"><img loading=\"lazy\" class=\"alignnone size-thumbnail wp-image-287\" src=\"http:\/\/blog.panrotas.com.br\/direto-de-paris\/wp-content\/uploads\/2014\/07\/003-150x150.jpg\" alt=\"003\" width=\"150\" height=\"150\" \/><\/a> <a href=\"http:\/\/blog.panrotas.com.br\/direto-de-paris\/wp-content\/uploads\/2014\/07\/002.jpg\"><img loading=\"lazy\" class=\"alignnone size-thumbnail wp-image-288\" src=\"http:\/\/blog.panrotas.com.br\/direto-de-paris\/wp-content\/uploads\/2014\/07\/002-150x150.jpg\" alt=\"002\" width=\"150\" height=\"150\" \/><\/a> <a href=\"http:\/\/blog.panrotas.com.br\/direto-de-paris\/wp-content\/uploads\/2014\/07\/017.jpg\"><img loading=\"lazy\" class=\"alignnone size-thumbnail wp-image-277\" src=\"http:\/\/blog.panrotas.com.br\/direto-de-paris\/wp-content\/uploads\/2014\/07\/017-150x150.jpg\" alt=\"017\" width=\"150\" height=\"150\" \/><\/a> <a href=\"http:\/\/blog.panrotas.com.br\/direto-de-paris\/wp-content\/uploads\/2014\/07\/016.jpg\"><img loading=\"lazy\" class=\"alignnone size-thumbnail wp-image-278\" src=\"http:\/\/blog.panrotas.com.br\/direto-de-paris\/wp-content\/uploads\/2014\/07\/016-150x150.jpg\" alt=\"016\" width=\"150\" height=\"150\" \/><\/a><\/p>\n<p><a href=\"http:\/\/blog.panrotas.com.br\/direto-de-paris\/wp-content\/uploads\/2014\/07\/016.jpg\">\u00a0<\/a><\/p>\n<p>&nbsp;<\/p>\n","protected":false},"excerpt":{"rendered":"<p>Julho exige, h\u00e1 duas semanas escrevo sobre Paris para crian\u00e7as e adultos. Algu\u00e9m j\u00e1 deve ter se perguntado: e os adolescentes? Ser\u00e1 que n\u00e3o gostam de nada? Ser\u00e1 que n\u00e3o h\u00e1 nada para eles em Paris? Lojas e parques de divers\u00e3o interessam a todos, mas estava esperando para falar do tema certo: alguma coisa para&hellip; <a class=\"more-link\" href=\"https:\/\/blog.panrotas.com.br\/direto-de-paris\/2014\/07\/17\/paris-para-cinefilos-e-solteiras\/\">Continue reading &rarr;<\/a><\/p>\n","protected":false},"author":15,"featured_media":0,"comment_status":"open","ping_status":"open","sticky":false,"template":"","format":"standard","meta":{"spay_email":""},"categories":[44],"tags":[],"yoast_head":"<!-- This site is optimized with the Yoast SEO plugin v17.3 - https:\/\/yoast.com\/wordpress\/plugins\/seo\/ -->\n<title>Paris para cin\u00e9filos e solteiras. - Direto de Paris<\/title>\n<meta name=\"robots\" content=\"index, follow, max-snippet:-1, max-image-preview:large, max-video-preview:-1\" \/>\n<link rel=\"canonical\" href=\"https:\/\/blog.panrotas.com.br\/direto-de-paris\/2014\/07\/17\/paris-para-cinefilos-e-solteiras\/\" \/>\n<meta property=\"og:locale\" content=\"pt_BR\" \/>\n<meta property=\"og:type\" content=\"article\" \/>\n<meta property=\"og:title\" content=\"Paris para cin\u00e9filos e solteiras. - Direto de Paris\" \/>\n<meta property=\"og:description\" content=\"Julho exige, h\u00e1 duas semanas escrevo sobre Paris para crian\u00e7as e adultos. Algu\u00e9m j\u00e1 deve ter se perguntado: e os adolescentes? Ser\u00e1 que n\u00e3o gostam de nada? Ser\u00e1 que n\u00e3o h\u00e1 nada para eles em Paris? Lojas e parques de divers\u00e3o interessam a todos, mas estava esperando para falar do tema certo: alguma coisa para&hellip; Continue reading &rarr;\" \/>\n<meta property=\"og:url\" content=\"https:\/\/blog.panrotas.com.br\/direto-de-paris\/2014\/07\/17\/paris-para-cinefilos-e-solteiras\/\" \/>\n<meta property=\"og:site_name\" content=\"Direto de Paris\" \/>\n<meta property=\"article:author\" content=\"https:\/\/www.facebook.com\/Passeiosemparis\/\" \/>\n<meta property=\"article:published_time\" content=\"2014-07-17T13:57:16+00:00\" \/>\n<meta property=\"og:image\" content=\"http:\/\/blog.panrotas.com.br\/direto-de-paris\/wp-content\/uploads\/2014\/07\/10520594_805706272796714_6958938881110283264_o-150x150.jpg\" \/>\n<meta name=\"twitter:card\" content=\"summary_large_image\" \/>\n<meta name=\"twitter:label1\" content=\"Escrito por\" \/>\n\t<meta name=\"twitter:data1\" content=\"Silvia Helena\" \/>\n\t<meta name=\"twitter:label2\" content=\"Est. tempo de leitura\" \/>\n\t<meta name=\"twitter:data2\" content=\"3 minutos\" \/>\n<script type=\"application\/ld+json\" class=\"yoast-schema-graph\">{\"@context\":\"https:\/\/schema.org\",\"@graph\":[{\"@type\":\"WebSite\",\"@id\":\"https:\/\/blog.panrotas.com.br\/direto-de-paris\/#website\",\"url\":\"https:\/\/blog.panrotas.com.br\/direto-de-paris\/\",\"name\":\"Direto de Paris\",\"description\":\"Blogosfera PANROTAS\",\"potentialAction\":[{\"@type\":\"SearchAction\",\"target\":{\"@type\":\"EntryPoint\",\"urlTemplate\":\"https:\/\/blog.panrotas.com.br\/direto-de-paris\/?s={search_term_string}\"},\"query-input\":\"required name=search_term_string\"}],\"inLanguage\":\"pt-BR\"},{\"@type\":\"ImageObject\",\"@id\":\"https:\/\/blog.panrotas.com.br\/direto-de-paris\/2014\/07\/17\/paris-para-cinefilos-e-solteiras\/#primaryimage\",\"inLanguage\":\"pt-BR\",\"url\":\"http:\/\/blog.panrotas.com.br\/direto-de-paris\/wp-content\/uploads\/2014\/07\/10520594_805706272796714_6958938881110283264_o-150x150.jpg\",\"contentUrl\":\"http:\/\/blog.panrotas.com.br\/direto-de-paris\/wp-content\/uploads\/2014\/07\/10520594_805706272796714_6958938881110283264_o-150x150.jpg\"},{\"@type\":\"WebPage\",\"@id\":\"https:\/\/blog.panrotas.com.br\/direto-de-paris\/2014\/07\/17\/paris-para-cinefilos-e-solteiras\/#webpage\",\"url\":\"https:\/\/blog.panrotas.com.br\/direto-de-paris\/2014\/07\/17\/paris-para-cinefilos-e-solteiras\/\",\"name\":\"Paris para cin\\u00e9filos e solteiras. - Direto de Paris\",\"isPartOf\":{\"@id\":\"https:\/\/blog.panrotas.com.br\/direto-de-paris\/#website\"},\"primaryImageOfPage\":{\"@id\":\"https:\/\/blog.panrotas.com.br\/direto-de-paris\/2014\/07\/17\/paris-para-cinefilos-e-solteiras\/#primaryimage\"},\"datePublished\":\"2014-07-17T13:57:16+00:00\",\"dateModified\":\"2014-07-17T13:57:16+00:00\",\"author\":{\"@id\":\"https:\/\/blog.panrotas.com.br\/direto-de-paris\/#\/schema\/person\/0137bff12a66d9bd80e250aa2c7000b3\"},\"breadcrumb\":{\"@id\":\"https:\/\/blog.panrotas.com.br\/direto-de-paris\/2014\/07\/17\/paris-para-cinefilos-e-solteiras\/#breadcrumb\"},\"inLanguage\":\"pt-BR\",\"potentialAction\":[{\"@type\":\"ReadAction\",\"target\":[\"https:\/\/blog.panrotas.com.br\/direto-de-paris\/2014\/07\/17\/paris-para-cinefilos-e-solteiras\/\"]}]},{\"@type\":\"BreadcrumbList\",\"@id\":\"https:\/\/blog.panrotas.com.br\/direto-de-paris\/2014\/07\/17\/paris-para-cinefilos-e-solteiras\/#breadcrumb\",\"itemListElement\":[{\"@type\":\"ListItem\",\"position\":1,\"name\":\"In\\u00edcio\",\"item\":\"https:\/\/blog.panrotas.com.br\/direto-de-paris\/\"},{\"@type\":\"ListItem\",\"position\":2,\"name\":\"Paris para cin\\u00e9filos e solteiras.\"}]},{\"@type\":\"Person\",\"@id\":\"https:\/\/blog.panrotas.com.br\/direto-de-paris\/#\/schema\/person\/0137bff12a66d9bd80e250aa2c7000b3\",\"name\":\"Silvia Helena\",\"image\":{\"@type\":\"ImageObject\",\"@id\":\"https:\/\/blog.panrotas.com.br\/direto-de-paris\/#personlogo\",\"inLanguage\":\"pt-BR\",\"url\":\"https:\/\/secure.gravatar.com\/avatar\/0278ededd1c842496785759e4fa61c99?s=96&d=mm&r=g\",\"contentUrl\":\"https:\/\/secure.gravatar.com\/avatar\/0278ededd1c842496785759e4fa61c99?s=96&d=mm&r=g\",\"caption\":\"Silvia Helena\"},\"description\":\"Ap\\u00f3s breves passagens pela Faculdade Metodista de S\\u00e3o Bernardo e Belas Artes de S\\u00e3o Paulo, aos 18 anos fui estudar no Canad\\u00e1, onde vivi durante 23 anos. L\\u00e1 me formei em Hist\\u00f3ria da Arte pela Universidade de Montr\\u00e9al, estudei turismo no Coll\\u00e8ge Lasalle de Montr\\u00e9al e no Institut de Tourisme et H\\u00f4tellerie du Qu\\u00e9bec. Comecei minha carreira na \\u00e1rea trabalhando em Cuba. Durante os anos vividos no Canad\\u00e1, entre outras coisas, fui guia de circuitos pela costa leste e abri minha primeira ag\\u00eancia de receptivo para brasileiros. H\\u00e1 18 anos um vento forte bateu nas velas da minha vida me conduzindo at\\u00e9 Fran\\u00e7a. Atualmente escrevo de Paris, onde vivo e trabalho dirigindo a empresa de receptivo, LA BELLE VIE.\",\"sameAs\":[\"http:\/\/brasileirosemparis.com\",\"https:\/\/www.facebook.com\/Passeiosemparis\/\",\"https:\/\/www.instagram.com\/labellevietour\",\"https:\/\/www.linkedin.com\/in\/silvia-helena-96864a17\/\"],\"url\":\"https:\/\/blog.panrotas.com.br\/direto-de-paris\/author\/silvia\/\"}]}<\/script>\n<!-- \/ Yoast SEO plugin. -->","yoast_head_json":{"title":"Paris para cin\u00e9filos e solteiras. - Direto de Paris","robots":{"index":"index","follow":"follow","max-snippet":"max-snippet:-1","max-image-preview":"max-image-preview:large","max-video-preview":"max-video-preview:-1"},"canonical":"https:\/\/blog.panrotas.com.br\/direto-de-paris\/2014\/07\/17\/paris-para-cinefilos-e-solteiras\/","og_locale":"pt_BR","og_type":"article","og_title":"Paris para cin\u00e9filos e solteiras. - Direto de Paris","og_description":"Julho exige, h\u00e1 duas semanas escrevo sobre Paris para crian\u00e7as e adultos. Algu\u00e9m j\u00e1 deve ter se perguntado: e os adolescentes? Ser\u00e1 que n\u00e3o gostam de nada? Ser\u00e1 que n\u00e3o h\u00e1 nada para eles em Paris? Lojas e parques de divers\u00e3o interessam a todos, mas estava esperando para falar do tema certo: alguma coisa para&hellip; Continue reading &rarr;","og_url":"https:\/\/blog.panrotas.com.br\/direto-de-paris\/2014\/07\/17\/paris-para-cinefilos-e-solteiras\/","og_site_name":"Direto de Paris","article_author":"https:\/\/www.facebook.com\/Passeiosemparis\/","article_published_time":"2014-07-17T13:57:16+00:00","og_image":[{"url":"http:\/\/blog.panrotas.com.br\/direto-de-paris\/wp-content\/uploads\/2014\/07\/10520594_805706272796714_6958938881110283264_o-150x150.jpg"}],"twitter_card":"summary_large_image","twitter_misc":{"Escrito por":"Silvia Helena","Est. tempo de leitura":"3 minutos"},"schema":{"@context":"https:\/\/schema.org","@graph":[{"@type":"WebSite","@id":"https:\/\/blog.panrotas.com.br\/direto-de-paris\/#website","url":"https:\/\/blog.panrotas.com.br\/direto-de-paris\/","name":"Direto de Paris","description":"Blogosfera PANROTAS","potentialAction":[{"@type":"SearchAction","target":{"@type":"EntryPoint","urlTemplate":"https:\/\/blog.panrotas.com.br\/direto-de-paris\/?s={search_term_string}"},"query-input":"required name=search_term_string"}],"inLanguage":"pt-BR"},{"@type":"ImageObject","@id":"https:\/\/blog.panrotas.com.br\/direto-de-paris\/2014\/07\/17\/paris-para-cinefilos-e-solteiras\/#primaryimage","inLanguage":"pt-BR","url":"http:\/\/blog.panrotas.com.br\/direto-de-paris\/wp-content\/uploads\/2014\/07\/10520594_805706272796714_6958938881110283264_o-150x150.jpg","contentUrl":"http:\/\/blog.panrotas.com.br\/direto-de-paris\/wp-content\/uploads\/2014\/07\/10520594_805706272796714_6958938881110283264_o-150x150.jpg"},{"@type":"WebPage","@id":"https:\/\/blog.panrotas.com.br\/direto-de-paris\/2014\/07\/17\/paris-para-cinefilos-e-solteiras\/#webpage","url":"https:\/\/blog.panrotas.com.br\/direto-de-paris\/2014\/07\/17\/paris-para-cinefilos-e-solteiras\/","name":"Paris para cin\u00e9filos e solteiras. - Direto de Paris","isPartOf":{"@id":"https:\/\/blog.panrotas.com.br\/direto-de-paris\/#website"},"primaryImageOfPage":{"@id":"https:\/\/blog.panrotas.com.br\/direto-de-paris\/2014\/07\/17\/paris-para-cinefilos-e-solteiras\/#primaryimage"},"datePublished":"2014-07-17T13:57:16+00:00","dateModified":"2014-07-17T13:57:16+00:00","author":{"@id":"https:\/\/blog.panrotas.com.br\/direto-de-paris\/#\/schema\/person\/0137bff12a66d9bd80e250aa2c7000b3"},"breadcrumb":{"@id":"https:\/\/blog.panrotas.com.br\/direto-de-paris\/2014\/07\/17\/paris-para-cinefilos-e-solteiras\/#breadcrumb"},"inLanguage":"pt-BR","potentialAction":[{"@type":"ReadAction","target":["https:\/\/blog.panrotas.com.br\/direto-de-paris\/2014\/07\/17\/paris-para-cinefilos-e-solteiras\/"]}]},{"@type":"BreadcrumbList","@id":"https:\/\/blog.panrotas.com.br\/direto-de-paris\/2014\/07\/17\/paris-para-cinefilos-e-solteiras\/#breadcrumb","itemListElement":[{"@type":"ListItem","position":1,"name":"In\u00edcio","item":"https:\/\/blog.panrotas.com.br\/direto-de-paris\/"},{"@type":"ListItem","position":2,"name":"Paris para cin\u00e9filos e solteiras."}]},{"@type":"Person","@id":"https:\/\/blog.panrotas.com.br\/direto-de-paris\/#\/schema\/person\/0137bff12a66d9bd80e250aa2c7000b3","name":"Silvia Helena","image":{"@type":"ImageObject","@id":"https:\/\/blog.panrotas.com.br\/direto-de-paris\/#personlogo","inLanguage":"pt-BR","url":"https:\/\/secure.gravatar.com\/avatar\/0278ededd1c842496785759e4fa61c99?s=96&d=mm&r=g","contentUrl":"https:\/\/secure.gravatar.com\/avatar\/0278ededd1c842496785759e4fa61c99?s=96&d=mm&r=g","caption":"Silvia Helena"},"description":"Ap\u00f3s breves passagens pela Faculdade Metodista de S\u00e3o Bernardo e Belas Artes de S\u00e3o Paulo, aos 18 anos fui estudar no Canad\u00e1, onde vivi durante 23 anos. L\u00e1 me formei em Hist\u00f3ria da Arte pela Universidade de Montr\u00e9al, estudei turismo no Coll\u00e8ge Lasalle de Montr\u00e9al e no Institut de Tourisme et H\u00f4tellerie du Qu\u00e9bec. Comecei minha carreira na \u00e1rea trabalhando em Cuba. Durante os anos vividos no Canad\u00e1, entre outras coisas, fui guia de circuitos pela costa leste e abri minha primeira ag\u00eancia de receptivo para brasileiros. H\u00e1 18 anos um vento forte bateu nas velas da minha vida me conduzindo at\u00e9 Fran\u00e7a. Atualmente escrevo de Paris, onde vivo e trabalho dirigindo a empresa de receptivo, LA BELLE VIE.","sameAs":["http:\/\/brasileirosemparis.com","https:\/\/www.facebook.com\/Passeiosemparis\/","https:\/\/www.instagram.com\/labellevietour","https:\/\/www.linkedin.com\/in\/silvia-helena-96864a17\/"],"url":"https:\/\/blog.panrotas.com.br\/direto-de-paris\/author\/silvia\/"}]}},"jetpack_featured_media_url":"","_links":{"self":[{"href":"https:\/\/blog.panrotas.com.br\/direto-de-paris\/wp-json\/wp\/v2\/posts\/274"}],"collection":[{"href":"https:\/\/blog.panrotas.com.br\/direto-de-paris\/wp-json\/wp\/v2\/posts"}],"about":[{"href":"https:\/\/blog.panrotas.com.br\/direto-de-paris\/wp-json\/wp\/v2\/types\/post"}],"author":[{"embeddable":true,"href":"https:\/\/blog.panrotas.com.br\/direto-de-paris\/wp-json\/wp\/v2\/users\/15"}],"replies":[{"embeddable":true,"href":"https:\/\/blog.panrotas.com.br\/direto-de-paris\/wp-json\/wp\/v2\/comments?post=274"}],"version-history":[{"count":0,"href":"https:\/\/blog.panrotas.com.br\/direto-de-paris\/wp-json\/wp\/v2\/posts\/274\/revisions"}],"wp:attachment":[{"href":"https:\/\/blog.panrotas.com.br\/direto-de-paris\/wp-json\/wp\/v2\/media?parent=274"}],"wp:term":[{"taxonomy":"category","embeddable":true,"href":"https:\/\/blog.panrotas.com.br\/direto-de-paris\/wp-json\/wp\/v2\/categories?post=274"},{"taxonomy":"post_tag","embeddable":true,"href":"https:\/\/blog.panrotas.com.br\/direto-de-paris\/wp-json\/wp\/v2\/tags?post=274"}],"curies":[{"name":"wp","href":"https:\/\/api.w.org\/{rel}","templated":true}]}}