{"id":300,"date":"2014-07-31T21:11:41","date_gmt":"2014-08-01T00:11:41","guid":{"rendered":"http:\/\/blog.panrotas.com.br\/direto-de-paris\/?p=300"},"modified":"2014-07-31T21:11:41","modified_gmt":"2014-08-01T00:11:41","slug":"o-parque-asterix-uma-divertida-viagem-no-tempo","status":"publish","type":"post","link":"https:\/\/blog.panrotas.com.br\/direto-de-paris\/2014\/07\/31\/o-parque-asterix-uma-divertida-viagem-no-tempo\/","title":{"rendered":"O Parque Asterix, uma divertida viagem no tempo."},"content":{"rendered":"<p>Nunca foi t\u00e3o f\u00e1cil e divertido aprender hist\u00f3ria.<br \/>\nEnquanto as crian\u00e7as voltam\u00a0\u00a0\u00e0s aulas no Brasil, aqui as f\u00e9rias escolares de ver\u00e3o est\u00e3o de vento em popa. E como algumas atra\u00e7\u00f5es abrem somente durante a temporada de ver\u00e3o ou f\u00e9rias escolares vamos continuar falando sobre uma delas.<\/p>\n<p>Asterix, Ob\u00e9lix e seus amigos gauleses, criados pela dupla Goscinny e Uderzo, recebem visitantes de todas as idades num ambiente m\u00e1gico e extraordin\u00e1rio.<br \/>\nAs in\u00fameras atra\u00e7\u00f5es est\u00e3o situadas em seis diferentes universos hist\u00f3ricos: A G\u00e1lia, Roma, Gr\u00e9cia, o Egito, o mundo Viking e a Belle \u00c9poque. O quotidiano destas civiliza\u00e7\u00f5es, sua arquitetura, costumes e culturas servem de cen\u00e1rio para muita divers\u00e3o em trinta e cinco brinquedos dos mais familiares, at\u00e9 os mais radicais. Al\u00e9m disso, as pe\u00e7as de teatro e anima\u00e7\u00f5es contam com os melhores criadores e artistas do ramo: pantomima, com\u00e9dia ou simplesmente o encontro com os personagens do famoso desenho, tudo \u00e9 divers\u00e3o e cultura.<br \/>\nEste ano as novidades s\u00e3o as atividades instaladas na floresta que cerca o parque, cinco atra\u00e7\u00f5es e duas \u00e1reas de repouso em plena natureza.<\/p>\n<p>Eu e minha fam\u00edlia gostamos muito deste parque porque al\u00e9m da originalidade, da beleza e da convivialidade, as filas para os brinquedos tem tamanho humano e os seis restaurantes oferecem comidas boas e variadas. \u00c9 poss\u00edvel tamb\u00e9m levar seu pic-nic e utilizar as \u00e1reas dispon\u00edveis para estes fins. Um verdadeiro parque familiar!<br \/>\nO Parque Asterix disp\u00f5e ainda de um hotel, o Hotel des Trois Hiboux ( Hotel das Tr\u00eas Corujas) que oferece espa\u00e7os amplos com uma decora\u00e7\u00e3o rustica de muito bom gosto. O estabelecimento est\u00e1 situado tamb\u00e9m em plena floresta. N\u00e3o oferece muitas comodidades, mas as crian\u00e7as ficam felizes em brincar com seus novos amigos e recentes fantasias adquiridas no parque. Sim, por que al\u00e9m da divers\u00e3o h\u00e1 lojinhas. E quem resiste a ser um viking, um gaul\u00eas ou ainda uma princesa de outrora?<br \/>\nPara ter uma pequena id\u00e9ia da dimens\u00e3o cultural e do ambiente n\u00e3o deixe de visitar o site e ver um pouco de cada universo http:\/\/www.parcasterix.fr\/univers.<\/p>\n<figure id=\"attachment_334\" aria-describedby=\"caption-attachment-334\" style=\"width: 767px\" class=\"wp-caption aligncenter\"><a href=\"http:\/\/blog.panrotas.com.br\/direto-de-paris\/wp-content\/uploads\/2014\/07\/galere-bann.jpg\"><img loading=\"lazy\" class=\"wp-image-334 size-full\" src=\"http:\/\/blog.panrotas.com.br\/direto-de-paris\/wp-content\/uploads\/2014\/07\/galere-bann.jpg\" alt=\"La Gal\u00e8re \" width=\"767\" height=\"333\" srcset=\"https:\/\/blog.panrotas.com.br\/direto-de-paris\/wp-content\/uploads\/sites\/26\/2014\/07\/galere-bann.jpg 767w, https:\/\/blog.panrotas.com.br\/direto-de-paris\/wp-content\/uploads\/sites\/26\/2014\/07\/galere-bann-300x130.jpg 300w\" sizes=\"(max-width: 767px) 100vw, 767px\" \/><\/a><figcaption id=\"caption-attachment-334\" class=\"wp-caption-text\">La Gal\u00e8re<\/figcaption><\/figure>\n<figure id=\"attachment_335\" aria-describedby=\"caption-attachment-335\" style=\"width: 740px\" class=\"wp-caption aligncenter\"><a href=\"http:\/\/blog.panrotas.com.br\/direto-de-paris\/wp-content\/uploads\/2014\/07\/mbj-bann.jpg\"><img loading=\"lazy\" class=\"wp-image-335 size-large\" src=\"http:\/\/blog.panrotas.com.br\/direto-de-paris\/wp-content\/uploads\/2014\/07\/mbj-bann-1024x263.jpg\" alt=\"O Roubo da Gioconda\" width=\"740\" height=\"190\" \/><\/a><figcaption id=\"caption-attachment-335\" class=\"wp-caption-text\">Pe\u00e7a de Teatro O Roubo da Gioconda<\/figcaption><\/figure>\n<figure id=\"attachment_336\" aria-describedby=\"caption-attachment-336\" style=\"width: 740px\" class=\"wp-caption aligncenter\"><a href=\"http:\/\/blog.panrotas.com.br\/direto-de-paris\/wp-content\/uploads\/2014\/07\/rencontre-personnages_0.jpg\"><img loading=\"lazy\" class=\"wp-image-336 size-large\" src=\"http:\/\/blog.panrotas.com.br\/direto-de-paris\/wp-content\/uploads\/2014\/07\/rencontre-personnages_0-1024x263.jpg\" alt=\"Personagens\" width=\"740\" height=\"190\" \/><\/a><figcaption id=\"caption-attachment-336\" class=\"wp-caption-text\">Personagens<\/figcaption><\/figure>\n<figure id=\"attachment_330\" aria-describedby=\"caption-attachment-330\" style=\"width: 740px\" class=\"wp-caption aligncenter\"><a href=\"http:\/\/blog.panrotas.com.br\/direto-de-paris\/wp-content\/uploads\/2014\/07\/grand-splash.jpg\"><img loading=\"lazy\" class=\"wp-image-330 size-large\" src=\"http:\/\/blog.panrotas.com.br\/direto-de-paris\/wp-content\/uploads\/2014\/07\/grand-splash-1024x263.jpg\" alt=\"Le Grand Splash\" width=\"740\" height=\"190\" \/><\/a><figcaption id=\"caption-attachment-330\" class=\"wp-caption-text\">Le Grand Splash<\/figcaption><\/figure>\n<figure id=\"attachment_333\" aria-describedby=\"caption-attachment-333\" style=\"width: 767px\" class=\"wp-caption aligncenter\"><a href=\"http:\/\/blog.panrotas.com.br\/direto-de-paris\/wp-content\/uploads\/2014\/07\/header-escadrille-2013.jpg\"><img loading=\"lazy\" class=\"wp-image-333 size-full\" src=\"http:\/\/blog.panrotas.com.br\/direto-de-paris\/wp-content\/uploads\/2014\/07\/header-escadrille-2013.jpg\" alt=\"Escadrille de As\" width=\"767\" height=\"333\" srcset=\"https:\/\/blog.panrotas.com.br\/direto-de-paris\/wp-content\/uploads\/sites\/26\/2014\/07\/header-escadrille-2013.jpg 767w, https:\/\/blog.panrotas.com.br\/direto-de-paris\/wp-content\/uploads\/sites\/26\/2014\/07\/header-escadrille-2013-300x130.jpg 300w\" sizes=\"(max-width: 767px) 100vw, 767px\" \/><\/a><figcaption id=\"caption-attachment-333\" class=\"wp-caption-text\">Escadrille de As<\/figcaption><\/figure>\n<figure id=\"attachment_339\" aria-describedby=\"caption-attachment-339\" style=\"width: 740px\" class=\"wp-caption alignnone\"><a href=\"http:\/\/blog.panrotas.com.br\/direto-de-paris\/wp-content\/uploads\/2014\/07\/fastes-rome-bann.jpg\"><img loading=\"lazy\" class=\"wp-image-339 size-large\" src=\"http:\/\/blog.panrotas.com.br\/direto-de-paris\/wp-content\/uploads\/2014\/07\/fastes-rome-bann-1024x263.jpg\" alt=\"Restaurante Fartura Romana\" width=\"740\" height=\"190\" \/><\/a><figcaption id=\"caption-attachment-339\" class=\"wp-caption-text\">Restaurante Fartura Romana<\/figcaption><\/figure>\n<p style=\"margin: 0cm 0cm 10pt\"><span style=\"color: #000000;font-family: Calibri;font-size: medium\">H\u00e1 f\u00e9rias escolares de 2 semanas a cada tr\u00eas meses que se intercalam entre diferentes regi\u00f5es da Fran\u00e7a. H\u00e1 muitas f\u00e9rias e dias de parques abertos. Em caso de duvida consulte o calend\u00e1rio do parque dispon\u00edvel no site. <\/span><\/p>\n","protected":false},"excerpt":{"rendered":"<p>Nunca foi t\u00e3o f\u00e1cil e divertido aprender hist\u00f3ria. Enquanto as crian\u00e7as voltam\u00a0\u00a0\u00e0s aulas no Brasil, aqui as f\u00e9rias escolares de ver\u00e3o est\u00e3o de vento em popa. E como algumas atra\u00e7\u00f5es abrem somente durante a temporada de ver\u00e3o ou f\u00e9rias escolares vamos continuar falando sobre uma delas. Asterix, Ob\u00e9lix e seus amigos gauleses, criados pela dupla&hellip; <a class=\"more-link\" href=\"https:\/\/blog.panrotas.com.br\/direto-de-paris\/2014\/07\/31\/o-parque-asterix-uma-divertida-viagem-no-tempo\/\">Continue reading &rarr;<\/a><\/p>\n","protected":false},"author":15,"featured_media":0,"comment_status":"open","ping_status":"open","sticky":false,"template":"","format":"standard","meta":{"spay_email":""},"categories":[44],"tags":[392,396],"yoast_head":"<!-- This site is optimized with the Yoast SEO plugin v17.3 - https:\/\/yoast.com\/wordpress\/plugins\/seo\/ -->\n<title>O Parque Asterix, uma divertida viagem no tempo. - Direto de Paris<\/title>\n<meta name=\"robots\" content=\"index, follow, max-snippet:-1, max-image-preview:large, max-video-preview:-1\" \/>\n<link rel=\"canonical\" href=\"https:\/\/blog.panrotas.com.br\/direto-de-paris\/2014\/07\/31\/o-parque-asterix-uma-divertida-viagem-no-tempo\/\" \/>\n<meta property=\"og:locale\" content=\"pt_BR\" \/>\n<meta property=\"og:type\" content=\"article\" \/>\n<meta property=\"og:title\" content=\"O Parque Asterix, uma divertida viagem no tempo. - Direto de Paris\" \/>\n<meta property=\"og:description\" content=\"Nunca foi t\u00e3o f\u00e1cil e divertido aprender hist\u00f3ria. Enquanto as crian\u00e7as voltam\u00a0\u00a0\u00e0s aulas no Brasil, aqui as f\u00e9rias escolares de ver\u00e3o est\u00e3o de vento em popa. E como algumas atra\u00e7\u00f5es abrem somente durante a temporada de ver\u00e3o ou f\u00e9rias escolares vamos continuar falando sobre uma delas. Asterix, Ob\u00e9lix e seus amigos gauleses, criados pela dupla&hellip; Continue reading &rarr;\" \/>\n<meta property=\"og:url\" content=\"https:\/\/blog.panrotas.com.br\/direto-de-paris\/2014\/07\/31\/o-parque-asterix-uma-divertida-viagem-no-tempo\/\" \/>\n<meta property=\"og:site_name\" content=\"Direto de Paris\" \/>\n<meta property=\"article:author\" content=\"https:\/\/www.facebook.com\/Passeiosemparis\/\" \/>\n<meta property=\"article:published_time\" content=\"2014-08-01T00:11:41+00:00\" \/>\n<meta property=\"og:image\" content=\"http:\/\/blog.panrotas.com.br\/direto-de-paris\/wp-content\/uploads\/2014\/07\/galere-bann.jpg\" \/>\n<meta name=\"twitter:card\" content=\"summary_large_image\" \/>\n<meta name=\"twitter:label1\" content=\"Escrito por\" \/>\n\t<meta name=\"twitter:data1\" content=\"Silvia Helena\" \/>\n\t<meta name=\"twitter:label2\" content=\"Est. tempo de leitura\" \/>\n\t<meta name=\"twitter:data2\" content=\"2 minutos\" \/>\n<script type=\"application\/ld+json\" class=\"yoast-schema-graph\">{\"@context\":\"https:\/\/schema.org\",\"@graph\":[{\"@type\":\"WebSite\",\"@id\":\"https:\/\/blog.panrotas.com.br\/direto-de-paris\/#website\",\"url\":\"https:\/\/blog.panrotas.com.br\/direto-de-paris\/\",\"name\":\"Direto de Paris\",\"description\":\"Blogosfera PANROTAS\",\"potentialAction\":[{\"@type\":\"SearchAction\",\"target\":{\"@type\":\"EntryPoint\",\"urlTemplate\":\"https:\/\/blog.panrotas.com.br\/direto-de-paris\/?s={search_term_string}\"},\"query-input\":\"required name=search_term_string\"}],\"inLanguage\":\"pt-BR\"},{\"@type\":\"ImageObject\",\"@id\":\"https:\/\/blog.panrotas.com.br\/direto-de-paris\/2014\/07\/31\/o-parque-asterix-uma-divertida-viagem-no-tempo\/#primaryimage\",\"inLanguage\":\"pt-BR\",\"url\":\"http:\/\/blog.panrotas.com.br\/direto-de-paris\/wp-content\/uploads\/2014\/07\/galere-bann.jpg\",\"contentUrl\":\"http:\/\/blog.panrotas.com.br\/direto-de-paris\/wp-content\/uploads\/2014\/07\/galere-bann.jpg\"},{\"@type\":\"WebPage\",\"@id\":\"https:\/\/blog.panrotas.com.br\/direto-de-paris\/2014\/07\/31\/o-parque-asterix-uma-divertida-viagem-no-tempo\/#webpage\",\"url\":\"https:\/\/blog.panrotas.com.br\/direto-de-paris\/2014\/07\/31\/o-parque-asterix-uma-divertida-viagem-no-tempo\/\",\"name\":\"O Parque Asterix, uma divertida viagem no tempo. - Direto de Paris\",\"isPartOf\":{\"@id\":\"https:\/\/blog.panrotas.com.br\/direto-de-paris\/#website\"},\"primaryImageOfPage\":{\"@id\":\"https:\/\/blog.panrotas.com.br\/direto-de-paris\/2014\/07\/31\/o-parque-asterix-uma-divertida-viagem-no-tempo\/#primaryimage\"},\"datePublished\":\"2014-08-01T00:11:41+00:00\",\"dateModified\":\"2014-08-01T00:11:41+00:00\",\"author\":{\"@id\":\"https:\/\/blog.panrotas.com.br\/direto-de-paris\/#\/schema\/person\/0137bff12a66d9bd80e250aa2c7000b3\"},\"breadcrumb\":{\"@id\":\"https:\/\/blog.panrotas.com.br\/direto-de-paris\/2014\/07\/31\/o-parque-asterix-uma-divertida-viagem-no-tempo\/#breadcrumb\"},\"inLanguage\":\"pt-BR\",\"potentialAction\":[{\"@type\":\"ReadAction\",\"target\":[\"https:\/\/blog.panrotas.com.br\/direto-de-paris\/2014\/07\/31\/o-parque-asterix-uma-divertida-viagem-no-tempo\/\"]}]},{\"@type\":\"BreadcrumbList\",\"@id\":\"https:\/\/blog.panrotas.com.br\/direto-de-paris\/2014\/07\/31\/o-parque-asterix-uma-divertida-viagem-no-tempo\/#breadcrumb\",\"itemListElement\":[{\"@type\":\"ListItem\",\"position\":1,\"name\":\"In\\u00edcio\",\"item\":\"https:\/\/blog.panrotas.com.br\/direto-de-paris\/\"},{\"@type\":\"ListItem\",\"position\":2,\"name\":\"O Parque Asterix, uma divertida viagem no tempo.\"}]},{\"@type\":\"Person\",\"@id\":\"https:\/\/blog.panrotas.com.br\/direto-de-paris\/#\/schema\/person\/0137bff12a66d9bd80e250aa2c7000b3\",\"name\":\"Silvia Helena\",\"image\":{\"@type\":\"ImageObject\",\"@id\":\"https:\/\/blog.panrotas.com.br\/direto-de-paris\/#personlogo\",\"inLanguage\":\"pt-BR\",\"url\":\"https:\/\/secure.gravatar.com\/avatar\/0278ededd1c842496785759e4fa61c99?s=96&d=mm&r=g\",\"contentUrl\":\"https:\/\/secure.gravatar.com\/avatar\/0278ededd1c842496785759e4fa61c99?s=96&d=mm&r=g\",\"caption\":\"Silvia Helena\"},\"description\":\"Ap\\u00f3s breves passagens pela Faculdade Metodista de S\\u00e3o Bernardo e Belas Artes de S\\u00e3o Paulo, aos 18 anos fui estudar no Canad\\u00e1, onde vivi durante 23 anos. L\\u00e1 me formei em Hist\\u00f3ria da Arte pela Universidade de Montr\\u00e9al, estudei turismo no Coll\\u00e8ge Lasalle de Montr\\u00e9al e no Institut de Tourisme et H\\u00f4tellerie du Qu\\u00e9bec. Comecei minha carreira na \\u00e1rea trabalhando em Cuba. Durante os anos vividos no Canad\\u00e1, entre outras coisas, fui guia de circuitos pela costa leste e abri minha primeira ag\\u00eancia de receptivo para brasileiros. H\\u00e1 18 anos um vento forte bateu nas velas da minha vida me conduzindo at\\u00e9 Fran\\u00e7a. Atualmente escrevo de Paris, onde vivo e trabalho dirigindo a empresa de receptivo, LA BELLE VIE.\",\"sameAs\":[\"http:\/\/brasileirosemparis.com\",\"https:\/\/www.facebook.com\/Passeiosemparis\/\",\"https:\/\/www.instagram.com\/labellevietour\",\"https:\/\/www.linkedin.com\/in\/silvia-helena-96864a17\/\"],\"url\":\"https:\/\/blog.panrotas.com.br\/direto-de-paris\/author\/silvia\/\"}]}<\/script>\n<!-- \/ Yoast SEO plugin. -->","yoast_head_json":{"title":"O Parque Asterix, uma divertida viagem no tempo. - Direto de Paris","robots":{"index":"index","follow":"follow","max-snippet":"max-snippet:-1","max-image-preview":"max-image-preview:large","max-video-preview":"max-video-preview:-1"},"canonical":"https:\/\/blog.panrotas.com.br\/direto-de-paris\/2014\/07\/31\/o-parque-asterix-uma-divertida-viagem-no-tempo\/","og_locale":"pt_BR","og_type":"article","og_title":"O Parque Asterix, uma divertida viagem no tempo. - Direto de Paris","og_description":"Nunca foi t\u00e3o f\u00e1cil e divertido aprender hist\u00f3ria. Enquanto as crian\u00e7as voltam\u00a0\u00a0\u00e0s aulas no Brasil, aqui as f\u00e9rias escolares de ver\u00e3o est\u00e3o de vento em popa. E como algumas atra\u00e7\u00f5es abrem somente durante a temporada de ver\u00e3o ou f\u00e9rias escolares vamos continuar falando sobre uma delas. Asterix, Ob\u00e9lix e seus amigos gauleses, criados pela dupla&hellip; Continue reading &rarr;","og_url":"https:\/\/blog.panrotas.com.br\/direto-de-paris\/2014\/07\/31\/o-parque-asterix-uma-divertida-viagem-no-tempo\/","og_site_name":"Direto de Paris","article_author":"https:\/\/www.facebook.com\/Passeiosemparis\/","article_published_time":"2014-08-01T00:11:41+00:00","og_image":[{"url":"http:\/\/blog.panrotas.com.br\/direto-de-paris\/wp-content\/uploads\/2014\/07\/galere-bann.jpg"}],"twitter_card":"summary_large_image","twitter_misc":{"Escrito por":"Silvia Helena","Est. tempo de leitura":"2 minutos"},"schema":{"@context":"https:\/\/schema.org","@graph":[{"@type":"WebSite","@id":"https:\/\/blog.panrotas.com.br\/direto-de-paris\/#website","url":"https:\/\/blog.panrotas.com.br\/direto-de-paris\/","name":"Direto de Paris","description":"Blogosfera PANROTAS","potentialAction":[{"@type":"SearchAction","target":{"@type":"EntryPoint","urlTemplate":"https:\/\/blog.panrotas.com.br\/direto-de-paris\/?s={search_term_string}"},"query-input":"required name=search_term_string"}],"inLanguage":"pt-BR"},{"@type":"ImageObject","@id":"https:\/\/blog.panrotas.com.br\/direto-de-paris\/2014\/07\/31\/o-parque-asterix-uma-divertida-viagem-no-tempo\/#primaryimage","inLanguage":"pt-BR","url":"http:\/\/blog.panrotas.com.br\/direto-de-paris\/wp-content\/uploads\/2014\/07\/galere-bann.jpg","contentUrl":"http:\/\/blog.panrotas.com.br\/direto-de-paris\/wp-content\/uploads\/2014\/07\/galere-bann.jpg"},{"@type":"WebPage","@id":"https:\/\/blog.panrotas.com.br\/direto-de-paris\/2014\/07\/31\/o-parque-asterix-uma-divertida-viagem-no-tempo\/#webpage","url":"https:\/\/blog.panrotas.com.br\/direto-de-paris\/2014\/07\/31\/o-parque-asterix-uma-divertida-viagem-no-tempo\/","name":"O Parque Asterix, uma divertida viagem no tempo. - Direto de Paris","isPartOf":{"@id":"https:\/\/blog.panrotas.com.br\/direto-de-paris\/#website"},"primaryImageOfPage":{"@id":"https:\/\/blog.panrotas.com.br\/direto-de-paris\/2014\/07\/31\/o-parque-asterix-uma-divertida-viagem-no-tempo\/#primaryimage"},"datePublished":"2014-08-01T00:11:41+00:00","dateModified":"2014-08-01T00:11:41+00:00","author":{"@id":"https:\/\/blog.panrotas.com.br\/direto-de-paris\/#\/schema\/person\/0137bff12a66d9bd80e250aa2c7000b3"},"breadcrumb":{"@id":"https:\/\/blog.panrotas.com.br\/direto-de-paris\/2014\/07\/31\/o-parque-asterix-uma-divertida-viagem-no-tempo\/#breadcrumb"},"inLanguage":"pt-BR","potentialAction":[{"@type":"ReadAction","target":["https:\/\/blog.panrotas.com.br\/direto-de-paris\/2014\/07\/31\/o-parque-asterix-uma-divertida-viagem-no-tempo\/"]}]},{"@type":"BreadcrumbList","@id":"https:\/\/blog.panrotas.com.br\/direto-de-paris\/2014\/07\/31\/o-parque-asterix-uma-divertida-viagem-no-tempo\/#breadcrumb","itemListElement":[{"@type":"ListItem","position":1,"name":"In\u00edcio","item":"https:\/\/blog.panrotas.com.br\/direto-de-paris\/"},{"@type":"ListItem","position":2,"name":"O Parque Asterix, uma divertida viagem no tempo."}]},{"@type":"Person","@id":"https:\/\/blog.panrotas.com.br\/direto-de-paris\/#\/schema\/person\/0137bff12a66d9bd80e250aa2c7000b3","name":"Silvia Helena","image":{"@type":"ImageObject","@id":"https:\/\/blog.panrotas.com.br\/direto-de-paris\/#personlogo","inLanguage":"pt-BR","url":"https:\/\/secure.gravatar.com\/avatar\/0278ededd1c842496785759e4fa61c99?s=96&d=mm&r=g","contentUrl":"https:\/\/secure.gravatar.com\/avatar\/0278ededd1c842496785759e4fa61c99?s=96&d=mm&r=g","caption":"Silvia Helena"},"description":"Ap\u00f3s breves passagens pela Faculdade Metodista de S\u00e3o Bernardo e Belas Artes de S\u00e3o Paulo, aos 18 anos fui estudar no Canad\u00e1, onde vivi durante 23 anos. L\u00e1 me formei em Hist\u00f3ria da Arte pela Universidade de Montr\u00e9al, estudei turismo no Coll\u00e8ge Lasalle de Montr\u00e9al e no Institut de Tourisme et H\u00f4tellerie du Qu\u00e9bec. Comecei minha carreira na \u00e1rea trabalhando em Cuba. Durante os anos vividos no Canad\u00e1, entre outras coisas, fui guia de circuitos pela costa leste e abri minha primeira ag\u00eancia de receptivo para brasileiros. H\u00e1 18 anos um vento forte bateu nas velas da minha vida me conduzindo at\u00e9 Fran\u00e7a. Atualmente escrevo de Paris, onde vivo e trabalho dirigindo a empresa de receptivo, LA BELLE VIE.","sameAs":["http:\/\/brasileirosemparis.com","https:\/\/www.facebook.com\/Passeiosemparis\/","https:\/\/www.instagram.com\/labellevietour","https:\/\/www.linkedin.com\/in\/silvia-helena-96864a17\/"],"url":"https:\/\/blog.panrotas.com.br\/direto-de-paris\/author\/silvia\/"}]}},"jetpack_featured_media_url":"","_links":{"self":[{"href":"https:\/\/blog.panrotas.com.br\/direto-de-paris\/wp-json\/wp\/v2\/posts\/300"}],"collection":[{"href":"https:\/\/blog.panrotas.com.br\/direto-de-paris\/wp-json\/wp\/v2\/posts"}],"about":[{"href":"https:\/\/blog.panrotas.com.br\/direto-de-paris\/wp-json\/wp\/v2\/types\/post"}],"author":[{"embeddable":true,"href":"https:\/\/blog.panrotas.com.br\/direto-de-paris\/wp-json\/wp\/v2\/users\/15"}],"replies":[{"embeddable":true,"href":"https:\/\/blog.panrotas.com.br\/direto-de-paris\/wp-json\/wp\/v2\/comments?post=300"}],"version-history":[{"count":0,"href":"https:\/\/blog.panrotas.com.br\/direto-de-paris\/wp-json\/wp\/v2\/posts\/300\/revisions"}],"wp:attachment":[{"href":"https:\/\/blog.panrotas.com.br\/direto-de-paris\/wp-json\/wp\/v2\/media?parent=300"}],"wp:term":[{"taxonomy":"category","embeddable":true,"href":"https:\/\/blog.panrotas.com.br\/direto-de-paris\/wp-json\/wp\/v2\/categories?post=300"},{"taxonomy":"post_tag","embeddable":true,"href":"https:\/\/blog.panrotas.com.br\/direto-de-paris\/wp-json\/wp\/v2\/tags?post=300"}],"curies":[{"name":"wp","href":"https:\/\/api.w.org\/{rel}","templated":true}]}}