{"id":541,"date":"2014-09-29T06:27:29","date_gmt":"2014-09-29T09:27:29","guid":{"rendered":"http:\/\/blog.panrotas.com.br\/direto-de-paris\/?p=541"},"modified":"2014-09-29T06:27:29","modified_gmt":"2014-09-29T09:27:29","slug":"vampiros-e-noite-branca-animam-paris-em-outubro","status":"publish","type":"post","link":"https:\/\/blog.panrotas.com.br\/direto-de-paris\/2014\/09\/29\/vampiros-e-noite-branca-animam-paris-em-outubro\/","title":{"rendered":"Vampiros e Noite Branca animam Paris em outubro."},"content":{"rendered":"<p>O m\u00eas de outubro chega trazendo dias mais curtos e noites frescas. O dia dos finados, a Noite Branca e a estr\u00e9ia de Baile dos Vampiros lembram a t\u00e3o americana festa de Halloween, de uma maneira bem parisiense \u00e9 claro!<\/p>\n<p>Perdoe o jogo de palavras f\u00e1cil, mas a Noite Branca n\u00e3o passar\u00e1 em branco com suas diversas manifesta\u00e7\u00f5es culturais. Os organizadores preparam um verdadeiro percurso pela cidade com instala\u00e7\u00f5es art\u00edsticas, esculturas interativas, espet\u00e1culos, encontros com performers, baile popular, certos parques e museus abertos at\u00e9 \u00e0s duas da manh\u00e3 ou ainda eventos que acontecer\u00e3o durante toda noite. S\u00e1bado 4 de outubro. A programa\u00e7\u00e3o \u00e9 extensa e pode ser consultada no site <a href=\"http:\/\/quefaire.paris.fr\/nuitblanche\">Nuit Blanche Paris- site do evento<\/a><\/p>\n<p>Enquanto isso vampiros se preparam para invadir o teatro Morgador na famosa obra de Roman Polansky, o Baile dos Vampiros, filme \u201cculte\u201d de 1967, transformado em musical teatral em 1997. Apresentado pela primeira vez em Paris e em franc\u00eas, o musical \u00e9 dirigido por Polansky e musicado por Jim Steinman e Michael Kunze. Fui dar uma olhada nos clipes e achei Total Eclypse of the Heart de Bonnie Tyler, que ali\u00e1s nunca gostei, linda em franc\u00eas. Verifique voc\u00ea mesmo se franc\u00eas n\u00e3o \u00e9 a l\u00edngua mais rom\u00e2ntica do mundo! Inicio da temporada 16 de outubro.<\/p>\n<p><a href=\"http:\/\/www.youtube.com\/watch?v=Q-ywMy1olPA\">&#8220;Cette nuit restera \u00e9ternelle&#8221; Le Bal de Vampire<\/a><\/p>\n<p>E nada mais franc\u00eas que umas f\u00e9rias para as comemora\u00e7\u00f5es do dia de finados. Quinze dias para a rede escolar, que voltou \u00e0s aulas dia primeiro de setembro. Nenhum \u201ctreat or trick\u201dpara as criancinhas, mas muito descanso e tempo para brincar.<\/p>\n<p><a href=\"http:\/\/blog.panrotas.com.br\/direto-de-paris\/wp-content\/uploads\/2014\/09\/DRAMA2011230-6109.jpg\"><img loading=\"lazy\" class=\"alignnone size-medium wp-image-544\" src=\"http:\/\/blog.panrotas.com.br\/direto-de-paris\/wp-content\/uploads\/2014\/09\/DRAMA2011230-6109-300x200.jpg\" alt=\"D\" width=\"300\" height=\"200\" srcset=\"https:\/\/blog.panrotas.com.br\/direto-de-paris\/wp-content\/uploads\/sites\/26\/2014\/09\/DRAMA2011230-6109-300x200.jpg 300w, https:\/\/blog.panrotas.com.br\/direto-de-paris\/wp-content\/uploads\/sites\/26\/2014\/09\/DRAMA2011230-6109-768x512.jpg 768w, https:\/\/blog.panrotas.com.br\/direto-de-paris\/wp-content\/uploads\/sites\/26\/2014\/09\/DRAMA2011230-6109.jpg 1024w\" sizes=\"(max-width: 300px) 100vw, 300px\" \/><\/a><a href=\"http:\/\/blog.panrotas.com.br\/direto-de-paris\/wp-content\/uploads\/2014\/09\/lbdv_8seitig.jpg\"><img loading=\"lazy\" class=\"alignnone size-medium wp-image-545\" src=\"http:\/\/blog.panrotas.com.br\/direto-de-paris\/wp-content\/uploads\/2014\/09\/lbdv_8seitig-300x162.jpg\" alt=\"lbdv_8seitig\" width=\"300\" height=\"162\" srcset=\"https:\/\/blog.panrotas.com.br\/direto-de-paris\/wp-content\/uploads\/sites\/26\/2014\/09\/lbdv_8seitig-300x162.jpg 300w, https:\/\/blog.panrotas.com.br\/direto-de-paris\/wp-content\/uploads\/sites\/26\/2014\/09\/lbdv_8seitig-768x416.jpg 768w, https:\/\/blog.panrotas.com.br\/direto-de-paris\/wp-content\/uploads\/sites\/26\/2014\/09\/lbdv_8seitig.jpg 1024w\" sizes=\"(max-width: 300px) 100vw, 300px\" \/><\/a><\/p>\n","protected":false},"excerpt":{"rendered":"<p>O m\u00eas de outubro chega trazendo dias mais curtos e noites frescas. O dia dos finados, a Noite Branca e a estr\u00e9ia de Baile dos Vampiros lembram a t\u00e3o americana festa de Halloween, de uma maneira bem parisiense \u00e9 claro! Perdoe o jogo de palavras f\u00e1cil, mas a Noite Branca n\u00e3o passar\u00e1 em branco com&hellip; <a class=\"more-link\" href=\"https:\/\/blog.panrotas.com.br\/direto-de-paris\/2014\/09\/29\/vampiros-e-noite-branca-animam-paris-em-outubro\/\">Continue reading &rarr;<\/a><\/p>\n","protected":false},"author":15,"featured_media":0,"comment_status":"open","ping_status":"open","sticky":false,"template":"","format":"standard","meta":{"spay_email":""},"categories":[44],"tags":[98,276,347],"yoast_head":"<!-- This site is optimized with the Yoast SEO plugin v17.3 - https:\/\/yoast.com\/wordpress\/plugins\/seo\/ -->\n<title>Vampiros e Noite Branca animam Paris em outubro. - Direto de Paris<\/title>\n<meta name=\"robots\" content=\"index, follow, max-snippet:-1, max-image-preview:large, max-video-preview:-1\" \/>\n<link rel=\"canonical\" href=\"https:\/\/blog.panrotas.com.br\/direto-de-paris\/2014\/09\/29\/vampiros-e-noite-branca-animam-paris-em-outubro\/\" \/>\n<meta property=\"og:locale\" content=\"pt_BR\" \/>\n<meta property=\"og:type\" content=\"article\" \/>\n<meta property=\"og:title\" content=\"Vampiros e Noite Branca animam Paris em outubro. - Direto de Paris\" \/>\n<meta property=\"og:description\" content=\"O m\u00eas de outubro chega trazendo dias mais curtos e noites frescas. O dia dos finados, a Noite Branca e a estr\u00e9ia de Baile dos Vampiros lembram a t\u00e3o americana festa de Halloween, de uma maneira bem parisiense \u00e9 claro! Perdoe o jogo de palavras f\u00e1cil, mas a Noite Branca n\u00e3o passar\u00e1 em branco com&hellip; Continue reading &rarr;\" \/>\n<meta property=\"og:url\" content=\"https:\/\/blog.panrotas.com.br\/direto-de-paris\/2014\/09\/29\/vampiros-e-noite-branca-animam-paris-em-outubro\/\" \/>\n<meta property=\"og:site_name\" content=\"Direto de Paris\" \/>\n<meta property=\"article:author\" content=\"https:\/\/www.facebook.com\/Passeiosemparis\/\" \/>\n<meta property=\"article:published_time\" content=\"2014-09-29T09:27:29+00:00\" \/>\n<meta property=\"og:image\" content=\"http:\/\/blog.panrotas.com.br\/direto-de-paris\/wp-content\/uploads\/2014\/09\/DRAMA2011230-6109-300x200.jpg\" \/>\n<meta name=\"twitter:card\" content=\"summary_large_image\" \/>\n<meta name=\"twitter:label1\" content=\"Escrito por\" \/>\n\t<meta name=\"twitter:data1\" content=\"Silvia Helena\" \/>\n\t<meta name=\"twitter:label2\" content=\"Est. tempo de leitura\" \/>\n\t<meta name=\"twitter:data2\" content=\"1 minuto\" \/>\n<script type=\"application\/ld+json\" class=\"yoast-schema-graph\">{\"@context\":\"https:\/\/schema.org\",\"@graph\":[{\"@type\":\"WebSite\",\"@id\":\"https:\/\/blog.panrotas.com.br\/direto-de-paris\/#website\",\"url\":\"https:\/\/blog.panrotas.com.br\/direto-de-paris\/\",\"name\":\"Direto de Paris\",\"description\":\"Blogosfera PANROTAS\",\"potentialAction\":[{\"@type\":\"SearchAction\",\"target\":{\"@type\":\"EntryPoint\",\"urlTemplate\":\"https:\/\/blog.panrotas.com.br\/direto-de-paris\/?s={search_term_string}\"},\"query-input\":\"required name=search_term_string\"}],\"inLanguage\":\"pt-BR\"},{\"@type\":\"ImageObject\",\"@id\":\"https:\/\/blog.panrotas.com.br\/direto-de-paris\/2014\/09\/29\/vampiros-e-noite-branca-animam-paris-em-outubro\/#primaryimage\",\"inLanguage\":\"pt-BR\",\"url\":\"http:\/\/blog.panrotas.com.br\/direto-de-paris\/wp-content\/uploads\/2014\/09\/DRAMA2011230-6109-300x200.jpg\",\"contentUrl\":\"http:\/\/blog.panrotas.com.br\/direto-de-paris\/wp-content\/uploads\/2014\/09\/DRAMA2011230-6109-300x200.jpg\"},{\"@type\":\"WebPage\",\"@id\":\"https:\/\/blog.panrotas.com.br\/direto-de-paris\/2014\/09\/29\/vampiros-e-noite-branca-animam-paris-em-outubro\/#webpage\",\"url\":\"https:\/\/blog.panrotas.com.br\/direto-de-paris\/2014\/09\/29\/vampiros-e-noite-branca-animam-paris-em-outubro\/\",\"name\":\"Vampiros e Noite Branca animam Paris em outubro. - Direto de Paris\",\"isPartOf\":{\"@id\":\"https:\/\/blog.panrotas.com.br\/direto-de-paris\/#website\"},\"primaryImageOfPage\":{\"@id\":\"https:\/\/blog.panrotas.com.br\/direto-de-paris\/2014\/09\/29\/vampiros-e-noite-branca-animam-paris-em-outubro\/#primaryimage\"},\"datePublished\":\"2014-09-29T09:27:29+00:00\",\"dateModified\":\"2014-09-29T09:27:29+00:00\",\"author\":{\"@id\":\"https:\/\/blog.panrotas.com.br\/direto-de-paris\/#\/schema\/person\/0137bff12a66d9bd80e250aa2c7000b3\"},\"breadcrumb\":{\"@id\":\"https:\/\/blog.panrotas.com.br\/direto-de-paris\/2014\/09\/29\/vampiros-e-noite-branca-animam-paris-em-outubro\/#breadcrumb\"},\"inLanguage\":\"pt-BR\",\"potentialAction\":[{\"@type\":\"ReadAction\",\"target\":[\"https:\/\/blog.panrotas.com.br\/direto-de-paris\/2014\/09\/29\/vampiros-e-noite-branca-animam-paris-em-outubro\/\"]}]},{\"@type\":\"BreadcrumbList\",\"@id\":\"https:\/\/blog.panrotas.com.br\/direto-de-paris\/2014\/09\/29\/vampiros-e-noite-branca-animam-paris-em-outubro\/#breadcrumb\",\"itemListElement\":[{\"@type\":\"ListItem\",\"position\":1,\"name\":\"In\\u00edcio\",\"item\":\"https:\/\/blog.panrotas.com.br\/direto-de-paris\/\"},{\"@type\":\"ListItem\",\"position\":2,\"name\":\"Vampiros e Noite Branca animam Paris em outubro.\"}]},{\"@type\":\"Person\",\"@id\":\"https:\/\/blog.panrotas.com.br\/direto-de-paris\/#\/schema\/person\/0137bff12a66d9bd80e250aa2c7000b3\",\"name\":\"Silvia Helena\",\"image\":{\"@type\":\"ImageObject\",\"@id\":\"https:\/\/blog.panrotas.com.br\/direto-de-paris\/#personlogo\",\"inLanguage\":\"pt-BR\",\"url\":\"https:\/\/secure.gravatar.com\/avatar\/0278ededd1c842496785759e4fa61c99?s=96&d=mm&r=g\",\"contentUrl\":\"https:\/\/secure.gravatar.com\/avatar\/0278ededd1c842496785759e4fa61c99?s=96&d=mm&r=g\",\"caption\":\"Silvia Helena\"},\"description\":\"Ap\\u00f3s breves passagens pela Faculdade Metodista de S\\u00e3o Bernardo e Belas Artes de S\\u00e3o Paulo, aos 18 anos fui estudar no Canad\\u00e1, onde vivi durante 23 anos. L\\u00e1 me formei em Hist\\u00f3ria da Arte pela Universidade de Montr\\u00e9al, estudei turismo no Coll\\u00e8ge Lasalle de Montr\\u00e9al e no Institut de Tourisme et H\\u00f4tellerie du Qu\\u00e9bec. Comecei minha carreira na \\u00e1rea trabalhando em Cuba. Durante os anos vividos no Canad\\u00e1, entre outras coisas, fui guia de circuitos pela costa leste e abri minha primeira ag\\u00eancia de receptivo para brasileiros. H\\u00e1 18 anos um vento forte bateu nas velas da minha vida me conduzindo at\\u00e9 Fran\\u00e7a. Atualmente escrevo de Paris, onde vivo e trabalho dirigindo a empresa de receptivo, LA BELLE VIE.\",\"sameAs\":[\"http:\/\/brasileirosemparis.com\",\"https:\/\/www.facebook.com\/Passeiosemparis\/\",\"https:\/\/www.instagram.com\/labellevietour\",\"https:\/\/www.linkedin.com\/in\/silvia-helena-96864a17\/\"],\"url\":\"https:\/\/blog.panrotas.com.br\/direto-de-paris\/author\/silvia\/\"}]}<\/script>\n<!-- \/ Yoast SEO plugin. -->","yoast_head_json":{"title":"Vampiros e Noite Branca animam Paris em outubro. - Direto de Paris","robots":{"index":"index","follow":"follow","max-snippet":"max-snippet:-1","max-image-preview":"max-image-preview:large","max-video-preview":"max-video-preview:-1"},"canonical":"https:\/\/blog.panrotas.com.br\/direto-de-paris\/2014\/09\/29\/vampiros-e-noite-branca-animam-paris-em-outubro\/","og_locale":"pt_BR","og_type":"article","og_title":"Vampiros e Noite Branca animam Paris em outubro. - Direto de Paris","og_description":"O m\u00eas de outubro chega trazendo dias mais curtos e noites frescas. O dia dos finados, a Noite Branca e a estr\u00e9ia de Baile dos Vampiros lembram a t\u00e3o americana festa de Halloween, de uma maneira bem parisiense \u00e9 claro! Perdoe o jogo de palavras f\u00e1cil, mas a Noite Branca n\u00e3o passar\u00e1 em branco com&hellip; Continue reading &rarr;","og_url":"https:\/\/blog.panrotas.com.br\/direto-de-paris\/2014\/09\/29\/vampiros-e-noite-branca-animam-paris-em-outubro\/","og_site_name":"Direto de Paris","article_author":"https:\/\/www.facebook.com\/Passeiosemparis\/","article_published_time":"2014-09-29T09:27:29+00:00","og_image":[{"url":"http:\/\/blog.panrotas.com.br\/direto-de-paris\/wp-content\/uploads\/2014\/09\/DRAMA2011230-6109-300x200.jpg"}],"twitter_card":"summary_large_image","twitter_misc":{"Escrito por":"Silvia Helena","Est. tempo de leitura":"1 minuto"},"schema":{"@context":"https:\/\/schema.org","@graph":[{"@type":"WebSite","@id":"https:\/\/blog.panrotas.com.br\/direto-de-paris\/#website","url":"https:\/\/blog.panrotas.com.br\/direto-de-paris\/","name":"Direto de Paris","description":"Blogosfera PANROTAS","potentialAction":[{"@type":"SearchAction","target":{"@type":"EntryPoint","urlTemplate":"https:\/\/blog.panrotas.com.br\/direto-de-paris\/?s={search_term_string}"},"query-input":"required name=search_term_string"}],"inLanguage":"pt-BR"},{"@type":"ImageObject","@id":"https:\/\/blog.panrotas.com.br\/direto-de-paris\/2014\/09\/29\/vampiros-e-noite-branca-animam-paris-em-outubro\/#primaryimage","inLanguage":"pt-BR","url":"http:\/\/blog.panrotas.com.br\/direto-de-paris\/wp-content\/uploads\/2014\/09\/DRAMA2011230-6109-300x200.jpg","contentUrl":"http:\/\/blog.panrotas.com.br\/direto-de-paris\/wp-content\/uploads\/2014\/09\/DRAMA2011230-6109-300x200.jpg"},{"@type":"WebPage","@id":"https:\/\/blog.panrotas.com.br\/direto-de-paris\/2014\/09\/29\/vampiros-e-noite-branca-animam-paris-em-outubro\/#webpage","url":"https:\/\/blog.panrotas.com.br\/direto-de-paris\/2014\/09\/29\/vampiros-e-noite-branca-animam-paris-em-outubro\/","name":"Vampiros e Noite Branca animam Paris em outubro. - Direto de Paris","isPartOf":{"@id":"https:\/\/blog.panrotas.com.br\/direto-de-paris\/#website"},"primaryImageOfPage":{"@id":"https:\/\/blog.panrotas.com.br\/direto-de-paris\/2014\/09\/29\/vampiros-e-noite-branca-animam-paris-em-outubro\/#primaryimage"},"datePublished":"2014-09-29T09:27:29+00:00","dateModified":"2014-09-29T09:27:29+00:00","author":{"@id":"https:\/\/blog.panrotas.com.br\/direto-de-paris\/#\/schema\/person\/0137bff12a66d9bd80e250aa2c7000b3"},"breadcrumb":{"@id":"https:\/\/blog.panrotas.com.br\/direto-de-paris\/2014\/09\/29\/vampiros-e-noite-branca-animam-paris-em-outubro\/#breadcrumb"},"inLanguage":"pt-BR","potentialAction":[{"@type":"ReadAction","target":["https:\/\/blog.panrotas.com.br\/direto-de-paris\/2014\/09\/29\/vampiros-e-noite-branca-animam-paris-em-outubro\/"]}]},{"@type":"BreadcrumbList","@id":"https:\/\/blog.panrotas.com.br\/direto-de-paris\/2014\/09\/29\/vampiros-e-noite-branca-animam-paris-em-outubro\/#breadcrumb","itemListElement":[{"@type":"ListItem","position":1,"name":"In\u00edcio","item":"https:\/\/blog.panrotas.com.br\/direto-de-paris\/"},{"@type":"ListItem","position":2,"name":"Vampiros e Noite Branca animam Paris em outubro."}]},{"@type":"Person","@id":"https:\/\/blog.panrotas.com.br\/direto-de-paris\/#\/schema\/person\/0137bff12a66d9bd80e250aa2c7000b3","name":"Silvia Helena","image":{"@type":"ImageObject","@id":"https:\/\/blog.panrotas.com.br\/direto-de-paris\/#personlogo","inLanguage":"pt-BR","url":"https:\/\/secure.gravatar.com\/avatar\/0278ededd1c842496785759e4fa61c99?s=96&d=mm&r=g","contentUrl":"https:\/\/secure.gravatar.com\/avatar\/0278ededd1c842496785759e4fa61c99?s=96&d=mm&r=g","caption":"Silvia Helena"},"description":"Ap\u00f3s breves passagens pela Faculdade Metodista de S\u00e3o Bernardo e Belas Artes de S\u00e3o Paulo, aos 18 anos fui estudar no Canad\u00e1, onde vivi durante 23 anos. L\u00e1 me formei em Hist\u00f3ria da Arte pela Universidade de Montr\u00e9al, estudei turismo no Coll\u00e8ge Lasalle de Montr\u00e9al e no Institut de Tourisme et H\u00f4tellerie du Qu\u00e9bec. Comecei minha carreira na \u00e1rea trabalhando em Cuba. Durante os anos vividos no Canad\u00e1, entre outras coisas, fui guia de circuitos pela costa leste e abri minha primeira ag\u00eancia de receptivo para brasileiros. H\u00e1 18 anos um vento forte bateu nas velas da minha vida me conduzindo at\u00e9 Fran\u00e7a. Atualmente escrevo de Paris, onde vivo e trabalho dirigindo a empresa de receptivo, LA BELLE VIE.","sameAs":["http:\/\/brasileirosemparis.com","https:\/\/www.facebook.com\/Passeiosemparis\/","https:\/\/www.instagram.com\/labellevietour","https:\/\/www.linkedin.com\/in\/silvia-helena-96864a17\/"],"url":"https:\/\/blog.panrotas.com.br\/direto-de-paris\/author\/silvia\/"}]}},"jetpack_featured_media_url":"","_links":{"self":[{"href":"https:\/\/blog.panrotas.com.br\/direto-de-paris\/wp-json\/wp\/v2\/posts\/541"}],"collection":[{"href":"https:\/\/blog.panrotas.com.br\/direto-de-paris\/wp-json\/wp\/v2\/posts"}],"about":[{"href":"https:\/\/blog.panrotas.com.br\/direto-de-paris\/wp-json\/wp\/v2\/types\/post"}],"author":[{"embeddable":true,"href":"https:\/\/blog.panrotas.com.br\/direto-de-paris\/wp-json\/wp\/v2\/users\/15"}],"replies":[{"embeddable":true,"href":"https:\/\/blog.panrotas.com.br\/direto-de-paris\/wp-json\/wp\/v2\/comments?post=541"}],"version-history":[{"count":0,"href":"https:\/\/blog.panrotas.com.br\/direto-de-paris\/wp-json\/wp\/v2\/posts\/541\/revisions"}],"wp:attachment":[{"href":"https:\/\/blog.panrotas.com.br\/direto-de-paris\/wp-json\/wp\/v2\/media?parent=541"}],"wp:term":[{"taxonomy":"category","embeddable":true,"href":"https:\/\/blog.panrotas.com.br\/direto-de-paris\/wp-json\/wp\/v2\/categories?post=541"},{"taxonomy":"post_tag","embeddable":true,"href":"https:\/\/blog.panrotas.com.br\/direto-de-paris\/wp-json\/wp\/v2\/tags?post=541"}],"curies":[{"name":"wp","href":"https:\/\/api.w.org\/{rel}","templated":true}]}}