{"id":7222,"date":"2017-02-04T07:53:09","date_gmt":"2017-02-04T09:53:09","guid":{"rendered":"http:\/\/blog.panrotas.com.br\/direto-de-paris\/?p=4650"},"modified":"2017-02-04T07:53:09","modified_gmt":"2017-02-04T09:53:09","slug":"grupo-galeries-lafayette-apresenta-seu-primeiro-video-institucional","status":"publish","type":"post","link":"https:\/\/blog.panrotas.com.br\/direto-de-paris\/2017\/02\/04\/grupo-galeries-lafayette-apresenta-seu-primeiro-video-institucional\/","title":{"rendered":"Grupo Galeries Lafayette apresenta seu primeiro v\u00eddeo institucional"},"content":{"rendered":"<p>Mais de 120 anos de hist\u00f3ria resumidos em 2 minutos e 42 segundos. Trata-se de\u00a0\u201cVoyage au Coeur du Groupe Galeries Lafayette\u201d (Viagem ao Cora\u00e7\u00e3o do Grupo Galeries Lafayette), primeiro v\u00eddeo institucional do Grupo Galeries Lafayette. O filme, que est\u00e1 sendo lan\u00e7ado mundialmente, tem por objetivo valorizar a identidade da marca, assim como das outras empresas que o comp\u00f5e. Com timing din\u00e2mico, a produ\u00e7\u00e3o expressa em imagens de delicada beleza o DNA vanguardista do conglomerado, que inclui a Fondation d\u2019Entreprise Galeries Lafayette, dedicada \u00e0 arte contempor\u00e2nea, que ser\u00e1 inaugurada no segundo semestre deste ano.<\/p>\n<p>&nbsp;<\/p>\n<div class=\"jetpack-video-wrapper\"><iframe loading=\"lazy\" src=\"https:\/\/player.vimeo.com\/video\/198064009\" width=\"740\" height=\"416\" frameborder=\"0\" title=\"Voyage au coeur du groupe Galeries Lafayette\" webkitallowfullscreen mozallowfullscreen allowfullscreen><\/iframe><\/div>\n<h6>fonte: Baob\u00e1 Comunica\u00e7\u00e3o<\/h6>\n","protected":false},"excerpt":{"rendered":"<p>Mais de 120 anos de hist\u00f3ria resumidos em 2 minutos e 42 segundos. Trata-se de\u00a0\u201cVoyage au Coeur du Groupe Galeries Lafayette\u201d (Viagem ao Cora\u00e7\u00e3o do Grupo Galeries Lafayette), primeiro v\u00eddeo institucional do Grupo Galeries Lafayette. O filme, que est\u00e1 sendo lan\u00e7ado mundialmente, tem por objetivo valorizar a identidade da marca, assim como das outras empresas&hellip; <a class=\"more-link\" href=\"https:\/\/blog.panrotas.com.br\/direto-de-paris\/2017\/02\/04\/grupo-galeries-lafayette-apresenta-seu-primeiro-video-institucional\/\">Continue reading &rarr;<\/a><\/p>\n","protected":false},"author":15,"featured_media":2544,"comment_status":"open","ping_status":"open","sticky":false,"template":"","format":"standard","meta":{"spay_email":""},"categories":[4,5,7,44],"tags":[150,223,361,446],"yoast_head":"<!-- This site is optimized with the Yoast SEO plugin v17.3 - https:\/\/yoast.com\/wordpress\/plugins\/seo\/ -->\n<title>Grupo Galeries Lafayette apresenta seu primeiro v\u00eddeo institucional - Direto de Paris<\/title>\n<meta name=\"robots\" content=\"index, follow, max-snippet:-1, max-image-preview:large, max-video-preview:-1\" \/>\n<link rel=\"canonical\" href=\"https:\/\/blog.panrotas.com.br\/direto-de-paris\/2017\/02\/04\/grupo-galeries-lafayette-apresenta-seu-primeiro-video-institucional\/\" \/>\n<meta property=\"og:locale\" content=\"pt_BR\" \/>\n<meta property=\"og:type\" content=\"article\" \/>\n<meta property=\"og:title\" content=\"Grupo Galeries Lafayette apresenta seu primeiro v\u00eddeo institucional - Direto de Paris\" \/>\n<meta property=\"og:description\" content=\"Mais de 120 anos de hist\u00f3ria resumidos em 2 minutos e 42 segundos. Trata-se de\u00a0\u201cVoyage au Coeur du Groupe Galeries Lafayette\u201d (Viagem ao Cora\u00e7\u00e3o do Grupo Galeries Lafayette), primeiro v\u00eddeo institucional do Grupo Galeries Lafayette. O filme, que est\u00e1 sendo lan\u00e7ado mundialmente, tem por objetivo valorizar a identidade da marca, assim como das outras empresas&hellip; Continue reading &rarr;\" \/>\n<meta property=\"og:url\" content=\"https:\/\/blog.panrotas.com.br\/direto-de-paris\/2017\/02\/04\/grupo-galeries-lafayette-apresenta-seu-primeiro-video-institucional\/\" \/>\n<meta property=\"og:site_name\" content=\"Direto de Paris\" \/>\n<meta property=\"article:author\" content=\"https:\/\/www.facebook.com\/Passeiosemparis\/\" \/>\n<meta property=\"article:published_time\" content=\"2017-02-04T09:53:09+00:00\" \/>\n<meta property=\"og:image\" content=\"https:\/\/blog.panrotas.com.br\/direto-de-paris\/wp-content\/uploads\/sites\/26\/2015\/12\/IMG_9135-1.jpg\" \/>\n\t<meta property=\"og:image:width\" content=\"1024\" \/>\n\t<meta property=\"og:image:height\" content=\"768\" \/>\n<meta name=\"twitter:card\" content=\"summary_large_image\" \/>\n<meta name=\"twitter:label1\" content=\"Escrito por\" \/>\n\t<meta name=\"twitter:data1\" content=\"Silvia Helena\" \/>\n\t<meta name=\"twitter:label2\" content=\"Est. tempo de leitura\" \/>\n\t<meta name=\"twitter:data2\" content=\"1 minuto\" \/>\n<script type=\"application\/ld+json\" class=\"yoast-schema-graph\">{\"@context\":\"https:\/\/schema.org\",\"@graph\":[{\"@type\":\"WebSite\",\"@id\":\"https:\/\/blog.panrotas.com.br\/direto-de-paris\/#website\",\"url\":\"https:\/\/blog.panrotas.com.br\/direto-de-paris\/\",\"name\":\"Direto de Paris\",\"description\":\"Blogosfera PANROTAS\",\"potentialAction\":[{\"@type\":\"SearchAction\",\"target\":{\"@type\":\"EntryPoint\",\"urlTemplate\":\"https:\/\/blog.panrotas.com.br\/direto-de-paris\/?s={search_term_string}\"},\"query-input\":\"required name=search_term_string\"}],\"inLanguage\":\"pt-BR\"},{\"@type\":\"ImageObject\",\"@id\":\"https:\/\/blog.panrotas.com.br\/direto-de-paris\/2017\/02\/04\/grupo-galeries-lafayette-apresenta-seu-primeiro-video-institucional\/#primaryimage\",\"inLanguage\":\"pt-BR\",\"url\":\"https:\/\/blog.panrotas.com.br\/direto-de-paris\/wp-content\/uploads\/sites\/26\/2015\/12\/IMG_9135-1.jpg\",\"contentUrl\":\"https:\/\/blog.panrotas.com.br\/direto-de-paris\/wp-content\/uploads\/sites\/26\/2015\/12\/IMG_9135-1.jpg\",\"width\":1024,\"height\":768},{\"@type\":\"WebPage\",\"@id\":\"https:\/\/blog.panrotas.com.br\/direto-de-paris\/2017\/02\/04\/grupo-galeries-lafayette-apresenta-seu-primeiro-video-institucional\/#webpage\",\"url\":\"https:\/\/blog.panrotas.com.br\/direto-de-paris\/2017\/02\/04\/grupo-galeries-lafayette-apresenta-seu-primeiro-video-institucional\/\",\"name\":\"Grupo Galeries Lafayette apresenta seu primeiro v\\u00eddeo institucional - Direto de Paris\",\"isPartOf\":{\"@id\":\"https:\/\/blog.panrotas.com.br\/direto-de-paris\/#website\"},\"primaryImageOfPage\":{\"@id\":\"https:\/\/blog.panrotas.com.br\/direto-de-paris\/2017\/02\/04\/grupo-galeries-lafayette-apresenta-seu-primeiro-video-institucional\/#primaryimage\"},\"datePublished\":\"2017-02-04T09:53:09+00:00\",\"dateModified\":\"2017-02-04T09:53:09+00:00\",\"author\":{\"@id\":\"https:\/\/blog.panrotas.com.br\/direto-de-paris\/#\/schema\/person\/0137bff12a66d9bd80e250aa2c7000b3\"},\"breadcrumb\":{\"@id\":\"https:\/\/blog.panrotas.com.br\/direto-de-paris\/2017\/02\/04\/grupo-galeries-lafayette-apresenta-seu-primeiro-video-institucional\/#breadcrumb\"},\"inLanguage\":\"pt-BR\",\"potentialAction\":[{\"@type\":\"ReadAction\",\"target\":[\"https:\/\/blog.panrotas.com.br\/direto-de-paris\/2017\/02\/04\/grupo-galeries-lafayette-apresenta-seu-primeiro-video-institucional\/\"]}]},{\"@type\":\"BreadcrumbList\",\"@id\":\"https:\/\/blog.panrotas.com.br\/direto-de-paris\/2017\/02\/04\/grupo-galeries-lafayette-apresenta-seu-primeiro-video-institucional\/#breadcrumb\",\"itemListElement\":[{\"@type\":\"ListItem\",\"position\":1,\"name\":\"In\\u00edcio\",\"item\":\"https:\/\/blog.panrotas.com.br\/direto-de-paris\/\"},{\"@type\":\"ListItem\",\"position\":2,\"name\":\"Grupo Galeries Lafayette apresenta seu primeiro v\\u00eddeo institucional\"}]},{\"@type\":\"Person\",\"@id\":\"https:\/\/blog.panrotas.com.br\/direto-de-paris\/#\/schema\/person\/0137bff12a66d9bd80e250aa2c7000b3\",\"name\":\"Silvia Helena\",\"image\":{\"@type\":\"ImageObject\",\"@id\":\"https:\/\/blog.panrotas.com.br\/direto-de-paris\/#personlogo\",\"inLanguage\":\"pt-BR\",\"url\":\"https:\/\/secure.gravatar.com\/avatar\/0278ededd1c842496785759e4fa61c99?s=96&d=mm&r=g\",\"contentUrl\":\"https:\/\/secure.gravatar.com\/avatar\/0278ededd1c842496785759e4fa61c99?s=96&d=mm&r=g\",\"caption\":\"Silvia Helena\"},\"description\":\"Ap\\u00f3s breves passagens pela Faculdade Metodista de S\\u00e3o Bernardo e Belas Artes de S\\u00e3o Paulo, aos 18 anos fui estudar no Canad\\u00e1, onde vivi durante 23 anos. L\\u00e1 me formei em Hist\\u00f3ria da Arte pela Universidade de Montr\\u00e9al, estudei turismo no Coll\\u00e8ge Lasalle de Montr\\u00e9al e no Institut de Tourisme et H\\u00f4tellerie du Qu\\u00e9bec. Comecei minha carreira na \\u00e1rea trabalhando em Cuba. Durante os anos vividos no Canad\\u00e1, entre outras coisas, fui guia de circuitos pela costa leste e abri minha primeira ag\\u00eancia de receptivo para brasileiros. H\\u00e1 18 anos um vento forte bateu nas velas da minha vida me conduzindo at\\u00e9 Fran\\u00e7a. Atualmente escrevo de Paris, onde vivo e trabalho dirigindo a empresa de receptivo, LA BELLE VIE.\",\"sameAs\":[\"http:\/\/brasileirosemparis.com\",\"https:\/\/www.facebook.com\/Passeiosemparis\/\",\"https:\/\/www.instagram.com\/labellevietour\",\"https:\/\/www.linkedin.com\/in\/silvia-helena-96864a17\/\"],\"url\":\"https:\/\/blog.panrotas.com.br\/direto-de-paris\/author\/silvia\/\"}]}<\/script>\n<!-- \/ Yoast SEO plugin. -->","yoast_head_json":{"title":"Grupo Galeries Lafayette apresenta seu primeiro v\u00eddeo institucional - Direto de Paris","robots":{"index":"index","follow":"follow","max-snippet":"max-snippet:-1","max-image-preview":"max-image-preview:large","max-video-preview":"max-video-preview:-1"},"canonical":"https:\/\/blog.panrotas.com.br\/direto-de-paris\/2017\/02\/04\/grupo-galeries-lafayette-apresenta-seu-primeiro-video-institucional\/","og_locale":"pt_BR","og_type":"article","og_title":"Grupo Galeries Lafayette apresenta seu primeiro v\u00eddeo institucional - Direto de Paris","og_description":"Mais de 120 anos de hist\u00f3ria resumidos em 2 minutos e 42 segundos. Trata-se de\u00a0\u201cVoyage au Coeur du Groupe Galeries Lafayette\u201d (Viagem ao Cora\u00e7\u00e3o do Grupo Galeries Lafayette), primeiro v\u00eddeo institucional do Grupo Galeries Lafayette. O filme, que est\u00e1 sendo lan\u00e7ado mundialmente, tem por objetivo valorizar a identidade da marca, assim como das outras empresas&hellip; Continue reading &rarr;","og_url":"https:\/\/blog.panrotas.com.br\/direto-de-paris\/2017\/02\/04\/grupo-galeries-lafayette-apresenta-seu-primeiro-video-institucional\/","og_site_name":"Direto de Paris","article_author":"https:\/\/www.facebook.com\/Passeiosemparis\/","article_published_time":"2017-02-04T09:53:09+00:00","og_image":[{"width":1024,"height":768,"url":"https:\/\/blog.panrotas.com.br\/direto-de-paris\/wp-content\/uploads\/sites\/26\/2015\/12\/IMG_9135-1.jpg","type":"image\/jpeg"}],"twitter_card":"summary_large_image","twitter_misc":{"Escrito por":"Silvia Helena","Est. tempo de leitura":"1 minuto"},"schema":{"@context":"https:\/\/schema.org","@graph":[{"@type":"WebSite","@id":"https:\/\/blog.panrotas.com.br\/direto-de-paris\/#website","url":"https:\/\/blog.panrotas.com.br\/direto-de-paris\/","name":"Direto de Paris","description":"Blogosfera PANROTAS","potentialAction":[{"@type":"SearchAction","target":{"@type":"EntryPoint","urlTemplate":"https:\/\/blog.panrotas.com.br\/direto-de-paris\/?s={search_term_string}"},"query-input":"required name=search_term_string"}],"inLanguage":"pt-BR"},{"@type":"ImageObject","@id":"https:\/\/blog.panrotas.com.br\/direto-de-paris\/2017\/02\/04\/grupo-galeries-lafayette-apresenta-seu-primeiro-video-institucional\/#primaryimage","inLanguage":"pt-BR","url":"https:\/\/blog.panrotas.com.br\/direto-de-paris\/wp-content\/uploads\/sites\/26\/2015\/12\/IMG_9135-1.jpg","contentUrl":"https:\/\/blog.panrotas.com.br\/direto-de-paris\/wp-content\/uploads\/sites\/26\/2015\/12\/IMG_9135-1.jpg","width":1024,"height":768},{"@type":"WebPage","@id":"https:\/\/blog.panrotas.com.br\/direto-de-paris\/2017\/02\/04\/grupo-galeries-lafayette-apresenta-seu-primeiro-video-institucional\/#webpage","url":"https:\/\/blog.panrotas.com.br\/direto-de-paris\/2017\/02\/04\/grupo-galeries-lafayette-apresenta-seu-primeiro-video-institucional\/","name":"Grupo Galeries Lafayette apresenta seu primeiro v\u00eddeo institucional - Direto de Paris","isPartOf":{"@id":"https:\/\/blog.panrotas.com.br\/direto-de-paris\/#website"},"primaryImageOfPage":{"@id":"https:\/\/blog.panrotas.com.br\/direto-de-paris\/2017\/02\/04\/grupo-galeries-lafayette-apresenta-seu-primeiro-video-institucional\/#primaryimage"},"datePublished":"2017-02-04T09:53:09+00:00","dateModified":"2017-02-04T09:53:09+00:00","author":{"@id":"https:\/\/blog.panrotas.com.br\/direto-de-paris\/#\/schema\/person\/0137bff12a66d9bd80e250aa2c7000b3"},"breadcrumb":{"@id":"https:\/\/blog.panrotas.com.br\/direto-de-paris\/2017\/02\/04\/grupo-galeries-lafayette-apresenta-seu-primeiro-video-institucional\/#breadcrumb"},"inLanguage":"pt-BR","potentialAction":[{"@type":"ReadAction","target":["https:\/\/blog.panrotas.com.br\/direto-de-paris\/2017\/02\/04\/grupo-galeries-lafayette-apresenta-seu-primeiro-video-institucional\/"]}]},{"@type":"BreadcrumbList","@id":"https:\/\/blog.panrotas.com.br\/direto-de-paris\/2017\/02\/04\/grupo-galeries-lafayette-apresenta-seu-primeiro-video-institucional\/#breadcrumb","itemListElement":[{"@type":"ListItem","position":1,"name":"In\u00edcio","item":"https:\/\/blog.panrotas.com.br\/direto-de-paris\/"},{"@type":"ListItem","position":2,"name":"Grupo Galeries Lafayette apresenta seu primeiro v\u00eddeo institucional"}]},{"@type":"Person","@id":"https:\/\/blog.panrotas.com.br\/direto-de-paris\/#\/schema\/person\/0137bff12a66d9bd80e250aa2c7000b3","name":"Silvia Helena","image":{"@type":"ImageObject","@id":"https:\/\/blog.panrotas.com.br\/direto-de-paris\/#personlogo","inLanguage":"pt-BR","url":"https:\/\/secure.gravatar.com\/avatar\/0278ededd1c842496785759e4fa61c99?s=96&d=mm&r=g","contentUrl":"https:\/\/secure.gravatar.com\/avatar\/0278ededd1c842496785759e4fa61c99?s=96&d=mm&r=g","caption":"Silvia Helena"},"description":"Ap\u00f3s breves passagens pela Faculdade Metodista de S\u00e3o Bernardo e Belas Artes de S\u00e3o Paulo, aos 18 anos fui estudar no Canad\u00e1, onde vivi durante 23 anos. L\u00e1 me formei em Hist\u00f3ria da Arte pela Universidade de Montr\u00e9al, estudei turismo no Coll\u00e8ge Lasalle de Montr\u00e9al e no Institut de Tourisme et H\u00f4tellerie du Qu\u00e9bec. Comecei minha carreira na \u00e1rea trabalhando em Cuba. Durante os anos vividos no Canad\u00e1, entre outras coisas, fui guia de circuitos pela costa leste e abri minha primeira ag\u00eancia de receptivo para brasileiros. H\u00e1 18 anos um vento forte bateu nas velas da minha vida me conduzindo at\u00e9 Fran\u00e7a. Atualmente escrevo de Paris, onde vivo e trabalho dirigindo a empresa de receptivo, LA BELLE VIE.","sameAs":["http:\/\/brasileirosemparis.com","https:\/\/www.facebook.com\/Passeiosemparis\/","https:\/\/www.instagram.com\/labellevietour","https:\/\/www.linkedin.com\/in\/silvia-helena-96864a17\/"],"url":"https:\/\/blog.panrotas.com.br\/direto-de-paris\/author\/silvia\/"}]}},"jetpack_featured_media_url":"https:\/\/blog.panrotas.com.br\/direto-de-paris\/wp-content\/uploads\/sites\/26\/2015\/12\/IMG_9135-1.jpg","_links":{"self":[{"href":"https:\/\/blog.panrotas.com.br\/direto-de-paris\/wp-json\/wp\/v2\/posts\/7222"}],"collection":[{"href":"https:\/\/blog.panrotas.com.br\/direto-de-paris\/wp-json\/wp\/v2\/posts"}],"about":[{"href":"https:\/\/blog.panrotas.com.br\/direto-de-paris\/wp-json\/wp\/v2\/types\/post"}],"author":[{"embeddable":true,"href":"https:\/\/blog.panrotas.com.br\/direto-de-paris\/wp-json\/wp\/v2\/users\/15"}],"replies":[{"embeddable":true,"href":"https:\/\/blog.panrotas.com.br\/direto-de-paris\/wp-json\/wp\/v2\/comments?post=7222"}],"version-history":[{"count":0,"href":"https:\/\/blog.panrotas.com.br\/direto-de-paris\/wp-json\/wp\/v2\/posts\/7222\/revisions"}],"wp:featuredmedia":[{"embeddable":true,"href":"https:\/\/blog.panrotas.com.br\/direto-de-paris\/wp-json\/wp\/v2\/media\/2544"}],"wp:attachment":[{"href":"https:\/\/blog.panrotas.com.br\/direto-de-paris\/wp-json\/wp\/v2\/media?parent=7222"}],"wp:term":[{"taxonomy":"category","embeddable":true,"href":"https:\/\/blog.panrotas.com.br\/direto-de-paris\/wp-json\/wp\/v2\/categories?post=7222"},{"taxonomy":"post_tag","embeddable":true,"href":"https:\/\/blog.panrotas.com.br\/direto-de-paris\/wp-json\/wp\/v2\/tags?post=7222"}],"curies":[{"name":"wp","href":"https:\/\/api.w.org\/{rel}","templated":true}]}}