{"id":7223,"date":"2017-02-09T16:46:43","date_gmt":"2017-02-09T18:46:43","guid":{"rendered":"http:\/\/blog.panrotas.com.br\/direto-de-paris\/?p=4678"},"modified":"2017-02-09T16:46:43","modified_gmt":"2017-02-09T18:46:43","slug":"um-muro-de-vidro-em-volta-da-torre-eiffel","status":"publish","type":"post","link":"https:\/\/blog.panrotas.com.br\/direto-de-paris\/2017\/02\/09\/um-muro-de-vidro-em-volta-da-torre-eiffel\/","title":{"rendered":"Um muro de vidro em volta da Torre Eiffel?"},"content":{"rendered":"<p>Face \u00e0 amea\u00e7a terrorista, a grande dama de ferro deve ficar mais segura . Um muro de vidro \u00e0 prova de balas de 2,50 m de altura com o custo de 20 milh\u00f5es \u00e9 a medida que est\u00e1 sendo estudada para prevenir a amea\u00e7a terrorista em torno da Torre Eiffel.\u00a0Segundo o projeto em estudo o tr\u00e2nsito tamb\u00e9m ser\u00e1 alterado, o acesso \u00e0 Torre ser\u00e1 feito a partir do Champs de Mars integrando assim a Torre aos jardins.<\/p>\n<p>Desde as festividades do Euro 2016, uma cerca tempor\u00e1ria, pouco atraente, foi instalada na pra\u00e7a em volta do monumento.\u00a0A ideia da cidade de Paris \u00e9 de melhorar a seguran\u00e7a e a est\u00e9tica ambiente.<\/p>\n<p>Questionada pelo jornal Liberation quanto a poss\u00edvel descaracteriza\u00e7\u00e3o do monumento, Catherine Dumas, ex senadora e atual membro do Conselho da Cidade de Paris garante \u00abEstas medidas n\u00e3o devem distorcer os aspectos arquitet\u00f4nicos da \u00e1rea circundante.&#8221; Caso o projeto seja aprovado a instala\u00e7\u00e3o est\u00e1 prevista para final 2017. A seguir&#8230;<\/p>\n<figure id=\"attachment_4682\" aria-describedby=\"caption-attachment-4682\" style=\"width: 960px\" class=\"wp-caption aligncenter\"><img loading=\"lazy\" class=\"wp-image-4682 size-full\" src=\"http:\/\/panrotas.blog.br\/direto-de-paris\/wp-content\/uploads\/sites\/26\/2017\/02\/Torre-jan2017.jpg\" width=\"960\" height=\"720\" \/><figcaption id=\"caption-attachment-4682\" class=\"wp-caption-text\">O acesso por este lado fica fechado por um vidro, mas passear sob a Torre Eiffel continua gratuito segundo os planos<\/figcaption><\/figure>\n<p><img loading=\"lazy\" class=\"aligncenter size-full wp-image-4681\" src=\"http:\/\/panrotas.blog.br\/direto-de-paris\/wp-content\/uploads\/sites\/26\/2017\/02\/Torre-Carrossel.jpg\" alt=\"\" width=\"720\" height=\"960\" \/><\/p>\n","protected":false},"excerpt":{"rendered":"<p>Face \u00e0 amea\u00e7a terrorista, a grande dama de ferro deve ficar mais segura . Um muro de vidro \u00e0 prova de balas de 2,50 m de altura com o custo de 20 milh\u00f5es \u00e9 a medida que est\u00e1 sendo estudada para prevenir a amea\u00e7a terrorista em torno da Torre Eiffel.\u00a0Segundo o projeto em estudo o&hellip; <a class=\"more-link\" href=\"https:\/\/blog.panrotas.com.br\/direto-de-paris\/2017\/02\/09\/um-muro-de-vidro-em-volta-da-torre-eiffel\/\">Continue reading &rarr;<\/a><\/p>\n","protected":false},"author":15,"featured_media":5593,"comment_status":"open","ping_status":"open","sticky":false,"template":"","format":"standard","meta":{"spay_email":""},"categories":[78,44,65],"tags":[319,344,458],"yoast_head":"<!-- This site is optimized with the Yoast SEO plugin v17.3 - https:\/\/yoast.com\/wordpress\/plugins\/seo\/ -->\n<title>Um muro de vidro em volta da Torre Eiffel? - Direto de Paris<\/title>\n<meta name=\"robots\" content=\"index, follow, max-snippet:-1, max-image-preview:large, max-video-preview:-1\" \/>\n<link rel=\"canonical\" href=\"https:\/\/blog.panrotas.com.br\/direto-de-paris\/2017\/02\/09\/um-muro-de-vidro-em-volta-da-torre-eiffel\/\" \/>\n<meta property=\"og:locale\" content=\"pt_BR\" \/>\n<meta property=\"og:type\" content=\"article\" \/>\n<meta property=\"og:title\" content=\"Um muro de vidro em volta da Torre Eiffel? - Direto de Paris\" \/>\n<meta property=\"og:description\" content=\"Face \u00e0 amea\u00e7a terrorista, a grande dama de ferro deve ficar mais segura . Um muro de vidro \u00e0 prova de balas de 2,50 m de altura com o custo de 20 milh\u00f5es \u00e9 a medida que est\u00e1 sendo estudada para prevenir a amea\u00e7a terrorista em torno da Torre Eiffel.\u00a0Segundo o projeto em estudo o&hellip; Continue reading &rarr;\" \/>\n<meta property=\"og:url\" content=\"https:\/\/blog.panrotas.com.br\/direto-de-paris\/2017\/02\/09\/um-muro-de-vidro-em-volta-da-torre-eiffel\/\" \/>\n<meta property=\"og:site_name\" content=\"Direto de Paris\" \/>\n<meta property=\"article:author\" content=\"https:\/\/www.facebook.com\/Passeiosemparis\/\" \/>\n<meta property=\"article:published_time\" content=\"2017-02-09T18:46:43+00:00\" \/>\n<meta property=\"og:image\" content=\"https:\/\/blog.panrotas.com.br\/direto-de-paris\/wp-content\/uploads\/sites\/26\/2017\/02\/Torre-.jpg\" \/>\n\t<meta property=\"og:image:width\" content=\"720\" \/>\n\t<meta property=\"og:image:height\" content=\"960\" \/>\n<meta name=\"twitter:card\" content=\"summary_large_image\" \/>\n<meta name=\"twitter:label1\" content=\"Escrito por\" \/>\n\t<meta name=\"twitter:data1\" content=\"Silvia Helena\" \/>\n\t<meta name=\"twitter:label2\" content=\"Est. tempo de leitura\" \/>\n\t<meta name=\"twitter:data2\" content=\"1 minuto\" \/>\n<script type=\"application\/ld+json\" class=\"yoast-schema-graph\">{\"@context\":\"https:\/\/schema.org\",\"@graph\":[{\"@type\":\"WebSite\",\"@id\":\"https:\/\/blog.panrotas.com.br\/direto-de-paris\/#website\",\"url\":\"https:\/\/blog.panrotas.com.br\/direto-de-paris\/\",\"name\":\"Direto de Paris\",\"description\":\"Blogosfera PANROTAS\",\"potentialAction\":[{\"@type\":\"SearchAction\",\"target\":{\"@type\":\"EntryPoint\",\"urlTemplate\":\"https:\/\/blog.panrotas.com.br\/direto-de-paris\/?s={search_term_string}\"},\"query-input\":\"required name=search_term_string\"}],\"inLanguage\":\"pt-BR\"},{\"@type\":\"ImageObject\",\"@id\":\"https:\/\/blog.panrotas.com.br\/direto-de-paris\/2017\/02\/09\/um-muro-de-vidro-em-volta-da-torre-eiffel\/#primaryimage\",\"inLanguage\":\"pt-BR\",\"url\":\"https:\/\/blog.panrotas.com.br\/direto-de-paris\/wp-content\/uploads\/sites\/26\/2017\/02\/Torre-.jpg\",\"contentUrl\":\"https:\/\/blog.panrotas.com.br\/direto-de-paris\/wp-content\/uploads\/sites\/26\/2017\/02\/Torre-.jpg\",\"width\":720,\"height\":960},{\"@type\":\"WebPage\",\"@id\":\"https:\/\/blog.panrotas.com.br\/direto-de-paris\/2017\/02\/09\/um-muro-de-vidro-em-volta-da-torre-eiffel\/#webpage\",\"url\":\"https:\/\/blog.panrotas.com.br\/direto-de-paris\/2017\/02\/09\/um-muro-de-vidro-em-volta-da-torre-eiffel\/\",\"name\":\"Um muro de vidro em volta da Torre Eiffel? - Direto de Paris\",\"isPartOf\":{\"@id\":\"https:\/\/blog.panrotas.com.br\/direto-de-paris\/#website\"},\"primaryImageOfPage\":{\"@id\":\"https:\/\/blog.panrotas.com.br\/direto-de-paris\/2017\/02\/09\/um-muro-de-vidro-em-volta-da-torre-eiffel\/#primaryimage\"},\"datePublished\":\"2017-02-09T18:46:43+00:00\",\"dateModified\":\"2017-02-09T18:46:43+00:00\",\"author\":{\"@id\":\"https:\/\/blog.panrotas.com.br\/direto-de-paris\/#\/schema\/person\/0137bff12a66d9bd80e250aa2c7000b3\"},\"breadcrumb\":{\"@id\":\"https:\/\/blog.panrotas.com.br\/direto-de-paris\/2017\/02\/09\/um-muro-de-vidro-em-volta-da-torre-eiffel\/#breadcrumb\"},\"inLanguage\":\"pt-BR\",\"potentialAction\":[{\"@type\":\"ReadAction\",\"target\":[\"https:\/\/blog.panrotas.com.br\/direto-de-paris\/2017\/02\/09\/um-muro-de-vidro-em-volta-da-torre-eiffel\/\"]}]},{\"@type\":\"BreadcrumbList\",\"@id\":\"https:\/\/blog.panrotas.com.br\/direto-de-paris\/2017\/02\/09\/um-muro-de-vidro-em-volta-da-torre-eiffel\/#breadcrumb\",\"itemListElement\":[{\"@type\":\"ListItem\",\"position\":1,\"name\":\"In\\u00edcio\",\"item\":\"https:\/\/blog.panrotas.com.br\/direto-de-paris\/\"},{\"@type\":\"ListItem\",\"position\":2,\"name\":\"Um muro de vidro em volta da Torre Eiffel?\"}]},{\"@type\":\"Person\",\"@id\":\"https:\/\/blog.panrotas.com.br\/direto-de-paris\/#\/schema\/person\/0137bff12a66d9bd80e250aa2c7000b3\",\"name\":\"Silvia Helena\",\"image\":{\"@type\":\"ImageObject\",\"@id\":\"https:\/\/blog.panrotas.com.br\/direto-de-paris\/#personlogo\",\"inLanguage\":\"pt-BR\",\"url\":\"https:\/\/secure.gravatar.com\/avatar\/0278ededd1c842496785759e4fa61c99?s=96&d=mm&r=g\",\"contentUrl\":\"https:\/\/secure.gravatar.com\/avatar\/0278ededd1c842496785759e4fa61c99?s=96&d=mm&r=g\",\"caption\":\"Silvia Helena\"},\"description\":\"Ap\\u00f3s breves passagens pela Faculdade Metodista de S\\u00e3o Bernardo e Belas Artes de S\\u00e3o Paulo, aos 18 anos fui estudar no Canad\\u00e1, onde vivi durante 23 anos. L\\u00e1 me formei em Hist\\u00f3ria da Arte pela Universidade de Montr\\u00e9al, estudei turismo no Coll\\u00e8ge Lasalle de Montr\\u00e9al e no Institut de Tourisme et H\\u00f4tellerie du Qu\\u00e9bec. Comecei minha carreira na \\u00e1rea trabalhando em Cuba. Durante os anos vividos no Canad\\u00e1, entre outras coisas, fui guia de circuitos pela costa leste e abri minha primeira ag\\u00eancia de receptivo para brasileiros. H\\u00e1 18 anos um vento forte bateu nas velas da minha vida me conduzindo at\\u00e9 Fran\\u00e7a. Atualmente escrevo de Paris, onde vivo e trabalho dirigindo a empresa de receptivo, LA BELLE VIE.\",\"sameAs\":[\"http:\/\/brasileirosemparis.com\",\"https:\/\/www.facebook.com\/Passeiosemparis\/\",\"https:\/\/www.instagram.com\/labellevietour\",\"https:\/\/www.linkedin.com\/in\/silvia-helena-96864a17\/\"],\"url\":\"https:\/\/blog.panrotas.com.br\/direto-de-paris\/author\/silvia\/\"}]}<\/script>\n<!-- \/ Yoast SEO plugin. -->","yoast_head_json":{"title":"Um muro de vidro em volta da Torre Eiffel? - Direto de Paris","robots":{"index":"index","follow":"follow","max-snippet":"max-snippet:-1","max-image-preview":"max-image-preview:large","max-video-preview":"max-video-preview:-1"},"canonical":"https:\/\/blog.panrotas.com.br\/direto-de-paris\/2017\/02\/09\/um-muro-de-vidro-em-volta-da-torre-eiffel\/","og_locale":"pt_BR","og_type":"article","og_title":"Um muro de vidro em volta da Torre Eiffel? - Direto de Paris","og_description":"Face \u00e0 amea\u00e7a terrorista, a grande dama de ferro deve ficar mais segura . Um muro de vidro \u00e0 prova de balas de 2,50 m de altura com o custo de 20 milh\u00f5es \u00e9 a medida que est\u00e1 sendo estudada para prevenir a amea\u00e7a terrorista em torno da Torre Eiffel.\u00a0Segundo o projeto em estudo o&hellip; Continue reading &rarr;","og_url":"https:\/\/blog.panrotas.com.br\/direto-de-paris\/2017\/02\/09\/um-muro-de-vidro-em-volta-da-torre-eiffel\/","og_site_name":"Direto de Paris","article_author":"https:\/\/www.facebook.com\/Passeiosemparis\/","article_published_time":"2017-02-09T18:46:43+00:00","og_image":[{"width":720,"height":960,"url":"https:\/\/blog.panrotas.com.br\/direto-de-paris\/wp-content\/uploads\/sites\/26\/2017\/02\/Torre-.jpg","type":"image\/jpeg"}],"twitter_card":"summary_large_image","twitter_misc":{"Escrito por":"Silvia Helena","Est. tempo de leitura":"1 minuto"},"schema":{"@context":"https:\/\/schema.org","@graph":[{"@type":"WebSite","@id":"https:\/\/blog.panrotas.com.br\/direto-de-paris\/#website","url":"https:\/\/blog.panrotas.com.br\/direto-de-paris\/","name":"Direto de Paris","description":"Blogosfera PANROTAS","potentialAction":[{"@type":"SearchAction","target":{"@type":"EntryPoint","urlTemplate":"https:\/\/blog.panrotas.com.br\/direto-de-paris\/?s={search_term_string}"},"query-input":"required name=search_term_string"}],"inLanguage":"pt-BR"},{"@type":"ImageObject","@id":"https:\/\/blog.panrotas.com.br\/direto-de-paris\/2017\/02\/09\/um-muro-de-vidro-em-volta-da-torre-eiffel\/#primaryimage","inLanguage":"pt-BR","url":"https:\/\/blog.panrotas.com.br\/direto-de-paris\/wp-content\/uploads\/sites\/26\/2017\/02\/Torre-.jpg","contentUrl":"https:\/\/blog.panrotas.com.br\/direto-de-paris\/wp-content\/uploads\/sites\/26\/2017\/02\/Torre-.jpg","width":720,"height":960},{"@type":"WebPage","@id":"https:\/\/blog.panrotas.com.br\/direto-de-paris\/2017\/02\/09\/um-muro-de-vidro-em-volta-da-torre-eiffel\/#webpage","url":"https:\/\/blog.panrotas.com.br\/direto-de-paris\/2017\/02\/09\/um-muro-de-vidro-em-volta-da-torre-eiffel\/","name":"Um muro de vidro em volta da Torre Eiffel? - Direto de Paris","isPartOf":{"@id":"https:\/\/blog.panrotas.com.br\/direto-de-paris\/#website"},"primaryImageOfPage":{"@id":"https:\/\/blog.panrotas.com.br\/direto-de-paris\/2017\/02\/09\/um-muro-de-vidro-em-volta-da-torre-eiffel\/#primaryimage"},"datePublished":"2017-02-09T18:46:43+00:00","dateModified":"2017-02-09T18:46:43+00:00","author":{"@id":"https:\/\/blog.panrotas.com.br\/direto-de-paris\/#\/schema\/person\/0137bff12a66d9bd80e250aa2c7000b3"},"breadcrumb":{"@id":"https:\/\/blog.panrotas.com.br\/direto-de-paris\/2017\/02\/09\/um-muro-de-vidro-em-volta-da-torre-eiffel\/#breadcrumb"},"inLanguage":"pt-BR","potentialAction":[{"@type":"ReadAction","target":["https:\/\/blog.panrotas.com.br\/direto-de-paris\/2017\/02\/09\/um-muro-de-vidro-em-volta-da-torre-eiffel\/"]}]},{"@type":"BreadcrumbList","@id":"https:\/\/blog.panrotas.com.br\/direto-de-paris\/2017\/02\/09\/um-muro-de-vidro-em-volta-da-torre-eiffel\/#breadcrumb","itemListElement":[{"@type":"ListItem","position":1,"name":"In\u00edcio","item":"https:\/\/blog.panrotas.com.br\/direto-de-paris\/"},{"@type":"ListItem","position":2,"name":"Um muro de vidro em volta da Torre Eiffel?"}]},{"@type":"Person","@id":"https:\/\/blog.panrotas.com.br\/direto-de-paris\/#\/schema\/person\/0137bff12a66d9bd80e250aa2c7000b3","name":"Silvia Helena","image":{"@type":"ImageObject","@id":"https:\/\/blog.panrotas.com.br\/direto-de-paris\/#personlogo","inLanguage":"pt-BR","url":"https:\/\/secure.gravatar.com\/avatar\/0278ededd1c842496785759e4fa61c99?s=96&d=mm&r=g","contentUrl":"https:\/\/secure.gravatar.com\/avatar\/0278ededd1c842496785759e4fa61c99?s=96&d=mm&r=g","caption":"Silvia Helena"},"description":"Ap\u00f3s breves passagens pela Faculdade Metodista de S\u00e3o Bernardo e Belas Artes de S\u00e3o Paulo, aos 18 anos fui estudar no Canad\u00e1, onde vivi durante 23 anos. L\u00e1 me formei em Hist\u00f3ria da Arte pela Universidade de Montr\u00e9al, estudei turismo no Coll\u00e8ge Lasalle de Montr\u00e9al e no Institut de Tourisme et H\u00f4tellerie du Qu\u00e9bec. Comecei minha carreira na \u00e1rea trabalhando em Cuba. Durante os anos vividos no Canad\u00e1, entre outras coisas, fui guia de circuitos pela costa leste e abri minha primeira ag\u00eancia de receptivo para brasileiros. H\u00e1 18 anos um vento forte bateu nas velas da minha vida me conduzindo at\u00e9 Fran\u00e7a. Atualmente escrevo de Paris, onde vivo e trabalho dirigindo a empresa de receptivo, LA BELLE VIE.","sameAs":["http:\/\/brasileirosemparis.com","https:\/\/www.facebook.com\/Passeiosemparis\/","https:\/\/www.instagram.com\/labellevietour","https:\/\/www.linkedin.com\/in\/silvia-helena-96864a17\/"],"url":"https:\/\/blog.panrotas.com.br\/direto-de-paris\/author\/silvia\/"}]}},"jetpack_featured_media_url":"https:\/\/blog.panrotas.com.br\/direto-de-paris\/wp-content\/uploads\/sites\/26\/2017\/02\/Torre-.jpg","_links":{"self":[{"href":"https:\/\/blog.panrotas.com.br\/direto-de-paris\/wp-json\/wp\/v2\/posts\/7223"}],"collection":[{"href":"https:\/\/blog.panrotas.com.br\/direto-de-paris\/wp-json\/wp\/v2\/posts"}],"about":[{"href":"https:\/\/blog.panrotas.com.br\/direto-de-paris\/wp-json\/wp\/v2\/types\/post"}],"author":[{"embeddable":true,"href":"https:\/\/blog.panrotas.com.br\/direto-de-paris\/wp-json\/wp\/v2\/users\/15"}],"replies":[{"embeddable":true,"href":"https:\/\/blog.panrotas.com.br\/direto-de-paris\/wp-json\/wp\/v2\/comments?post=7223"}],"version-history":[{"count":0,"href":"https:\/\/blog.panrotas.com.br\/direto-de-paris\/wp-json\/wp\/v2\/posts\/7223\/revisions"}],"wp:featuredmedia":[{"embeddable":true,"href":"https:\/\/blog.panrotas.com.br\/direto-de-paris\/wp-json\/wp\/v2\/media\/5593"}],"wp:attachment":[{"href":"https:\/\/blog.panrotas.com.br\/direto-de-paris\/wp-json\/wp\/v2\/media?parent=7223"}],"wp:term":[{"taxonomy":"category","embeddable":true,"href":"https:\/\/blog.panrotas.com.br\/direto-de-paris\/wp-json\/wp\/v2\/categories?post=7223"},{"taxonomy":"post_tag","embeddable":true,"href":"https:\/\/blog.panrotas.com.br\/direto-de-paris\/wp-json\/wp\/v2\/tags?post=7223"}],"curies":[{"name":"wp","href":"https:\/\/api.w.org\/{rel}","templated":true}]}}