{"id":7258,"date":"2018-02-06T15:26:35","date_gmt":"2018-02-06T17:26:35","guid":{"rendered":"http:\/\/blog.panrotas.com.br\/direto-de-paris\/?p=5769"},"modified":"2018-02-06T15:26:35","modified_gmt":"2018-02-06T17:26:35","slug":"o-cliente-a-internet-e-a-razao","status":"publish","type":"post","link":"https:\/\/blog.panrotas.com.br\/direto-de-paris\/2018\/02\/06\/o-cliente-a-internet-e-a-razao\/","title":{"rendered":"O cliente, a internet e a raz\u00e3o"},"content":{"rendered":"<p>O cliente tem sempre raz\u00e3o?<\/p>\n<p>Outro dia um jovem senhor n\u00e3o obteve resposta via messenger quanto ao pre\u00e7o de um servi\u00e7o e teve a brilhante id\u00e9ia de declarar em meu Facebook que a empresa onde trabalho \u00e9 a pior do mundo. Como interlocutora da empresa eu pedi muitas desculpas e expliquei que a mensagem n\u00e3o havia sido vista devido a uma falha humana, escrevi que sent\u00edamos muito sua rea\u00e7\u00e3o. E neste caso, quando escrevi \u201crea\u00e7\u00e3o\u201d eu me referia, sem dar precis\u00f5es, tanto ao seu sentimento de insatisfa\u00e7\u00e3o quanto a seu comportamento hostil.<\/p>\n<p><img loading=\"lazy\" class=\"alignright wp-image-5773 size-medium\" src=\"http:\/\/panrotas.blog.br\/direto-de-paris\/wp-content\/uploads\/sites\/26\/2018\/02\/light-bulb-3104355_1280-300x169.jpg\" alt=\"\" width=\"300\" height=\"169\" \/>Para qu\u00ea? A\u00ed a \u201ccoisa\u201d ficou pior, o jovem achou que eu estava \u201crespondendo\u201d e como \u201csabemos\u201d que cliente tem sempre raz\u00e3o, minhas explica\u00e7\u00f5es e defesa foram percebidas como uma agress\u00e3o. Ser\u00e1 que ele queria que eu dissesse sim voc\u00ea tem raz\u00e3o? Somos os piores mesmo! E dizer que somos os piores n\u00e3o me machuca o ego, mas seria um desrespeito para com meus colaboradores, atendentes, motoristas, t\u00e9cnicos de opera\u00e7\u00f5es e pessoas que trabalham (sem falsa mod\u00e9stia) muito bem. Chamar gente a quem voc\u00ea nunca viu em rede social de \u201cpiores do mundo\u201d e colocar em jogo suas vidas ou ganha p\u00e3o, na minha cartilha, chama-se simplesmente cal\u00fania, aparentemente oriunda de uma maldade egoc\u00eantrica. O cliente tem sempre raz\u00e3o, mas esse senhor n\u00e3o era meu cliente, era s\u00f3 algu\u00e9m impaciente e inconseq\u00fcente quanto \u00e0 vida alheia. Como reagir? Bastante frustrada e confusa quanto a essa experi\u00eancia, encontrei consolo nas palavras de meu colega franc\u00eas, turism\u00f3logo e especialista em direitos do consumidor, Fran\u00e7ois Teyssier. Fran\u00e7ois n\u00e3o tem piedade deste \u201cnovo\u201d consumidor a quem chama de d\u00e9spota em sua cr\u00f4nica do jornal on-line La Quotidienne du Tourisme.<\/p>\n<p>Gostei de ler e divido com voc\u00eas. Vale a pena conhecer sua an\u00e1lise e opini\u00e3o:<\/p>\n<p><em><strong>Um cyber viajante um tanto quanto d\u00e9spota*, n\u00e3o? <\/strong><\/em><\/p>\n<p><em><strong>Ao longo do tempo, o &#8220;neo-consumidor&#8221; tornou-se o mestre dos rel\u00f3gios. Ele imp\u00f5e o ritmo. Ele \u00e9 um tirano que avalia, julga, puni e \u00e0s vezes assedia com base em suas experi\u00eancias de consumo. N\u00e3o \u00e9 mais um viajante. Mas, \u201cnuance\u201d, um consumidor de produtos tur\u00edsticos.<\/strong><\/em><\/p>\n<p><em><img loading=\"lazy\" class=\"alignright wp-image-5774 size-medium\" src=\"http:\/\/panrotas.blog.br\/direto-de-paris\/wp-content\/uploads\/sites\/26\/2018\/02\/mobile-phone-1917737_1280-1-300x200.jpg\" alt=\"\" width=\"300\" height=\"200\" \/>O uso generalizado de smartphones e redes sociais mudou o bra\u00e7o de ferro entre consumidores e profissionais.<\/em><br \/>\n<em> O que leva a:<\/em><br \/>\n<em> <strong><br \/>\nUma impaci\u00eancia generalizada<\/strong>. Agora, tudo deve ser feito na escala dos segundos. Uma demora no site de reservas muitas vezes provoca imediata \u201czapping\u201d para o site de um concorrente. Um par\u00e2metro t\u00e9cnico a ser sempre monitorado e melhorado.<\/em><\/p>\n<p><em><strong>Um aumento de infidelidade<\/strong><strong>.<\/strong> O cyber consumidor n\u00e3o tem mais medo de mudar de fornecedor. Ele tornou-se oportunista e impulsivo. Refer\u00eancias n\u00e3o existem mais. Isso \u00e9 um fato que impera regularmente.<\/em><\/p>\n<p><em><strong>Uma total falta de mod\u00e9stia<\/strong><strong>.<\/strong> Todo cyber viajante que se preze est\u00e1 em constante intera\u00e7\u00e3o com os &#8220;seguidores&#8221; de suas redes. \u00c0s vezes s\u00e3o alguns milhares. O que cria um sentimento de onipot\u00eancia, utilizado gra\u00e7as a suas afirma\u00e7\u00f5es, instantaneamente com um \u00fanico clique.<\/em><\/p>\n<p><em><img loading=\"lazy\" class=\"alignleft wp-image-5772 size-medium\" src=\"http:\/\/panrotas.blog.br\/direto-de-paris\/wp-content\/uploads\/sites\/26\/2018\/02\/social-media-3129488_1280-300x141.jpg\" alt=\"\" width=\"300\" height=\"141\" \/>Assim que \u00e9 infeliz ou insatisfeito com algo, ele diz, mais exatamente, ele compartilha com muitas pessoas a raiva que ele sente. O que d\u00e1 uma sensa\u00e7\u00e3o de autoridade absoluta que ele usa e abusa. Certo ou errado, porque vale a pena.<\/em><\/p>\n<p><em>Alguns oportunistas est\u00e3o no limite da chantagem quando buscam compensa\u00e7\u00e3o inadequada.<\/em><\/p>\n<p><em>Agentes de viagens devem estar cientes desse fen\u00f4meno e n\u00e3o sentir mais empatia equivocada em rela\u00e7\u00e3o a alguns desses clientes. Claro, o cliente \u00e9 rei, mas n\u00e3o de tudo e qualquer coisa.<\/em><\/p>\n<p><em>Devemos come\u00e7ar por estar cientes.<\/em><\/p>\n<p><em><strong>Fran\u00e7ois Teyssier<\/strong><\/em><\/p>\n","protected":false},"excerpt":{"rendered":"<p>O cliente tem sempre raz\u00e3o? Outro dia um jovem senhor n\u00e3o obteve resposta via messenger quanto ao pre\u00e7o de um servi\u00e7o e teve a brilhante id\u00e9ia de declarar em meu Facebook que a empresa onde trabalho \u00e9 a pior do mundo. Como interlocutora da empresa eu pedi muitas desculpas e expliquei que a mensagem n\u00e3o&hellip; <a class=\"more-link\" href=\"https:\/\/blog.panrotas.com.br\/direto-de-paris\/2018\/02\/06\/o-cliente-a-internet-e-a-razao\/\">Continue reading &rarr;<\/a><\/p>\n","protected":false},"author":15,"featured_media":6268,"comment_status":"open","ping_status":"open","sticky":false,"template":"","format":"standard","meta":{"spay_email":""},"categories":[11,12,44],"tags":[183,219,253,419,479],"yoast_head":"<!-- This site is optimized with the Yoast SEO plugin v17.3 - https:\/\/yoast.com\/wordpress\/plugins\/seo\/ -->\n<title>O cliente, a internet e a raz\u00e3o - Direto de Paris<\/title>\n<meta name=\"robots\" content=\"index, follow, max-snippet:-1, max-image-preview:large, max-video-preview:-1\" \/>\n<link rel=\"canonical\" href=\"https:\/\/blog.panrotas.com.br\/direto-de-paris\/2018\/02\/06\/o-cliente-a-internet-e-a-razao\/\" \/>\n<meta property=\"og:locale\" content=\"pt_BR\" \/>\n<meta property=\"og:type\" content=\"article\" \/>\n<meta property=\"og:title\" content=\"O cliente, a internet e a raz\u00e3o - Direto de Paris\" \/>\n<meta property=\"og:description\" content=\"O cliente tem sempre raz\u00e3o? Outro dia um jovem senhor n\u00e3o obteve resposta via messenger quanto ao pre\u00e7o de um servi\u00e7o e teve a brilhante id\u00e9ia de declarar em meu Facebook que a empresa onde trabalho \u00e9 a pior do mundo. Como interlocutora da empresa eu pedi muitas desculpas e expliquei que a mensagem n\u00e3o&hellip; Continue reading &rarr;\" \/>\n<meta property=\"og:url\" content=\"https:\/\/blog.panrotas.com.br\/direto-de-paris\/2018\/02\/06\/o-cliente-a-internet-e-a-razao\/\" \/>\n<meta property=\"og:site_name\" content=\"Direto de Paris\" \/>\n<meta property=\"article:author\" content=\"https:\/\/www.facebook.com\/Passeiosemparis\/\" \/>\n<meta property=\"article:published_time\" content=\"2018-02-06T17:26:35+00:00\" \/>\n<meta property=\"og:image\" content=\"https:\/\/blog.panrotas.com.br\/direto-de-paris\/wp-content\/uploads\/sites\/26\/2018\/02\/woman-1446557_1280.jpg\" \/>\n\t<meta property=\"og:image:width\" content=\"1280\" \/>\n\t<meta property=\"og:image:height\" content=\"853\" \/>\n<meta name=\"twitter:card\" content=\"summary_large_image\" \/>\n<meta name=\"twitter:label1\" content=\"Escrito por\" \/>\n\t<meta name=\"twitter:data1\" content=\"Silvia Helena\" \/>\n\t<meta name=\"twitter:label2\" content=\"Est. tempo de leitura\" \/>\n\t<meta name=\"twitter:data2\" content=\"3 minutos\" \/>\n<script type=\"application\/ld+json\" class=\"yoast-schema-graph\">{\"@context\":\"https:\/\/schema.org\",\"@graph\":[{\"@type\":\"WebSite\",\"@id\":\"https:\/\/blog.panrotas.com.br\/direto-de-paris\/#website\",\"url\":\"https:\/\/blog.panrotas.com.br\/direto-de-paris\/\",\"name\":\"Direto de Paris\",\"description\":\"Blogosfera PANROTAS\",\"potentialAction\":[{\"@type\":\"SearchAction\",\"target\":{\"@type\":\"EntryPoint\",\"urlTemplate\":\"https:\/\/blog.panrotas.com.br\/direto-de-paris\/?s={search_term_string}\"},\"query-input\":\"required name=search_term_string\"}],\"inLanguage\":\"pt-BR\"},{\"@type\":\"ImageObject\",\"@id\":\"https:\/\/blog.panrotas.com.br\/direto-de-paris\/2018\/02\/06\/o-cliente-a-internet-e-a-razao\/#primaryimage\",\"inLanguage\":\"pt-BR\",\"url\":\"https:\/\/blog.panrotas.com.br\/direto-de-paris\/wp-content\/uploads\/sites\/26\/2018\/02\/woman-1446557_1280.jpg\",\"contentUrl\":\"https:\/\/blog.panrotas.com.br\/direto-de-paris\/wp-content\/uploads\/sites\/26\/2018\/02\/woman-1446557_1280.jpg\",\"width\":1280,\"height\":853},{\"@type\":\"WebPage\",\"@id\":\"https:\/\/blog.panrotas.com.br\/direto-de-paris\/2018\/02\/06\/o-cliente-a-internet-e-a-razao\/#webpage\",\"url\":\"https:\/\/blog.panrotas.com.br\/direto-de-paris\/2018\/02\/06\/o-cliente-a-internet-e-a-razao\/\",\"name\":\"O cliente, a internet e a raz\\u00e3o - Direto de Paris\",\"isPartOf\":{\"@id\":\"https:\/\/blog.panrotas.com.br\/direto-de-paris\/#website\"},\"primaryImageOfPage\":{\"@id\":\"https:\/\/blog.panrotas.com.br\/direto-de-paris\/2018\/02\/06\/o-cliente-a-internet-e-a-razao\/#primaryimage\"},\"datePublished\":\"2018-02-06T17:26:35+00:00\",\"dateModified\":\"2018-02-06T17:26:35+00:00\",\"author\":{\"@id\":\"https:\/\/blog.panrotas.com.br\/direto-de-paris\/#\/schema\/person\/0137bff12a66d9bd80e250aa2c7000b3\"},\"breadcrumb\":{\"@id\":\"https:\/\/blog.panrotas.com.br\/direto-de-paris\/2018\/02\/06\/o-cliente-a-internet-e-a-razao\/#breadcrumb\"},\"inLanguage\":\"pt-BR\",\"potentialAction\":[{\"@type\":\"ReadAction\",\"target\":[\"https:\/\/blog.panrotas.com.br\/direto-de-paris\/2018\/02\/06\/o-cliente-a-internet-e-a-razao\/\"]}]},{\"@type\":\"BreadcrumbList\",\"@id\":\"https:\/\/blog.panrotas.com.br\/direto-de-paris\/2018\/02\/06\/o-cliente-a-internet-e-a-razao\/#breadcrumb\",\"itemListElement\":[{\"@type\":\"ListItem\",\"position\":1,\"name\":\"In\\u00edcio\",\"item\":\"https:\/\/blog.panrotas.com.br\/direto-de-paris\/\"},{\"@type\":\"ListItem\",\"position\":2,\"name\":\"O cliente, a internet e a raz\\u00e3o\"}]},{\"@type\":\"Person\",\"@id\":\"https:\/\/blog.panrotas.com.br\/direto-de-paris\/#\/schema\/person\/0137bff12a66d9bd80e250aa2c7000b3\",\"name\":\"Silvia Helena\",\"image\":{\"@type\":\"ImageObject\",\"@id\":\"https:\/\/blog.panrotas.com.br\/direto-de-paris\/#personlogo\",\"inLanguage\":\"pt-BR\",\"url\":\"https:\/\/secure.gravatar.com\/avatar\/0278ededd1c842496785759e4fa61c99?s=96&d=mm&r=g\",\"contentUrl\":\"https:\/\/secure.gravatar.com\/avatar\/0278ededd1c842496785759e4fa61c99?s=96&d=mm&r=g\",\"caption\":\"Silvia Helena\"},\"description\":\"Ap\\u00f3s breves passagens pela Faculdade Metodista de S\\u00e3o Bernardo e Belas Artes de S\\u00e3o Paulo, aos 18 anos fui estudar no Canad\\u00e1, onde vivi durante 23 anos. L\\u00e1 me formei em Hist\\u00f3ria da Arte pela Universidade de Montr\\u00e9al, estudei turismo no Coll\\u00e8ge Lasalle de Montr\\u00e9al e no Institut de Tourisme et H\\u00f4tellerie du Qu\\u00e9bec. Comecei minha carreira na \\u00e1rea trabalhando em Cuba. Durante os anos vividos no Canad\\u00e1, entre outras coisas, fui guia de circuitos pela costa leste e abri minha primeira ag\\u00eancia de receptivo para brasileiros. H\\u00e1 18 anos um vento forte bateu nas velas da minha vida me conduzindo at\\u00e9 Fran\\u00e7a. Atualmente escrevo de Paris, onde vivo e trabalho dirigindo a empresa de receptivo, LA BELLE VIE.\",\"sameAs\":[\"http:\/\/brasileirosemparis.com\",\"https:\/\/www.facebook.com\/Passeiosemparis\/\",\"https:\/\/www.instagram.com\/labellevietour\",\"https:\/\/www.linkedin.com\/in\/silvia-helena-96864a17\/\"],\"url\":\"https:\/\/blog.panrotas.com.br\/direto-de-paris\/author\/silvia\/\"}]}<\/script>\n<!-- \/ Yoast SEO plugin. -->","yoast_head_json":{"title":"O cliente, a internet e a raz\u00e3o - Direto de Paris","robots":{"index":"index","follow":"follow","max-snippet":"max-snippet:-1","max-image-preview":"max-image-preview:large","max-video-preview":"max-video-preview:-1"},"canonical":"https:\/\/blog.panrotas.com.br\/direto-de-paris\/2018\/02\/06\/o-cliente-a-internet-e-a-razao\/","og_locale":"pt_BR","og_type":"article","og_title":"O cliente, a internet e a raz\u00e3o - Direto de Paris","og_description":"O cliente tem sempre raz\u00e3o? Outro dia um jovem senhor n\u00e3o obteve resposta via messenger quanto ao pre\u00e7o de um servi\u00e7o e teve a brilhante id\u00e9ia de declarar em meu Facebook que a empresa onde trabalho \u00e9 a pior do mundo. Como interlocutora da empresa eu pedi muitas desculpas e expliquei que a mensagem n\u00e3o&hellip; Continue reading &rarr;","og_url":"https:\/\/blog.panrotas.com.br\/direto-de-paris\/2018\/02\/06\/o-cliente-a-internet-e-a-razao\/","og_site_name":"Direto de Paris","article_author":"https:\/\/www.facebook.com\/Passeiosemparis\/","article_published_time":"2018-02-06T17:26:35+00:00","og_image":[{"width":1280,"height":853,"url":"https:\/\/blog.panrotas.com.br\/direto-de-paris\/wp-content\/uploads\/sites\/26\/2018\/02\/woman-1446557_1280.jpg","type":"image\/jpeg"}],"twitter_card":"summary_large_image","twitter_misc":{"Escrito por":"Silvia Helena","Est. tempo de leitura":"3 minutos"},"schema":{"@context":"https:\/\/schema.org","@graph":[{"@type":"WebSite","@id":"https:\/\/blog.panrotas.com.br\/direto-de-paris\/#website","url":"https:\/\/blog.panrotas.com.br\/direto-de-paris\/","name":"Direto de Paris","description":"Blogosfera PANROTAS","potentialAction":[{"@type":"SearchAction","target":{"@type":"EntryPoint","urlTemplate":"https:\/\/blog.panrotas.com.br\/direto-de-paris\/?s={search_term_string}"},"query-input":"required name=search_term_string"}],"inLanguage":"pt-BR"},{"@type":"ImageObject","@id":"https:\/\/blog.panrotas.com.br\/direto-de-paris\/2018\/02\/06\/o-cliente-a-internet-e-a-razao\/#primaryimage","inLanguage":"pt-BR","url":"https:\/\/blog.panrotas.com.br\/direto-de-paris\/wp-content\/uploads\/sites\/26\/2018\/02\/woman-1446557_1280.jpg","contentUrl":"https:\/\/blog.panrotas.com.br\/direto-de-paris\/wp-content\/uploads\/sites\/26\/2018\/02\/woman-1446557_1280.jpg","width":1280,"height":853},{"@type":"WebPage","@id":"https:\/\/blog.panrotas.com.br\/direto-de-paris\/2018\/02\/06\/o-cliente-a-internet-e-a-razao\/#webpage","url":"https:\/\/blog.panrotas.com.br\/direto-de-paris\/2018\/02\/06\/o-cliente-a-internet-e-a-razao\/","name":"O cliente, a internet e a raz\u00e3o - Direto de Paris","isPartOf":{"@id":"https:\/\/blog.panrotas.com.br\/direto-de-paris\/#website"},"primaryImageOfPage":{"@id":"https:\/\/blog.panrotas.com.br\/direto-de-paris\/2018\/02\/06\/o-cliente-a-internet-e-a-razao\/#primaryimage"},"datePublished":"2018-02-06T17:26:35+00:00","dateModified":"2018-02-06T17:26:35+00:00","author":{"@id":"https:\/\/blog.panrotas.com.br\/direto-de-paris\/#\/schema\/person\/0137bff12a66d9bd80e250aa2c7000b3"},"breadcrumb":{"@id":"https:\/\/blog.panrotas.com.br\/direto-de-paris\/2018\/02\/06\/o-cliente-a-internet-e-a-razao\/#breadcrumb"},"inLanguage":"pt-BR","potentialAction":[{"@type":"ReadAction","target":["https:\/\/blog.panrotas.com.br\/direto-de-paris\/2018\/02\/06\/o-cliente-a-internet-e-a-razao\/"]}]},{"@type":"BreadcrumbList","@id":"https:\/\/blog.panrotas.com.br\/direto-de-paris\/2018\/02\/06\/o-cliente-a-internet-e-a-razao\/#breadcrumb","itemListElement":[{"@type":"ListItem","position":1,"name":"In\u00edcio","item":"https:\/\/blog.panrotas.com.br\/direto-de-paris\/"},{"@type":"ListItem","position":2,"name":"O cliente, a internet e a raz\u00e3o"}]},{"@type":"Person","@id":"https:\/\/blog.panrotas.com.br\/direto-de-paris\/#\/schema\/person\/0137bff12a66d9bd80e250aa2c7000b3","name":"Silvia Helena","image":{"@type":"ImageObject","@id":"https:\/\/blog.panrotas.com.br\/direto-de-paris\/#personlogo","inLanguage":"pt-BR","url":"https:\/\/secure.gravatar.com\/avatar\/0278ededd1c842496785759e4fa61c99?s=96&d=mm&r=g","contentUrl":"https:\/\/secure.gravatar.com\/avatar\/0278ededd1c842496785759e4fa61c99?s=96&d=mm&r=g","caption":"Silvia Helena"},"description":"Ap\u00f3s breves passagens pela Faculdade Metodista de S\u00e3o Bernardo e Belas Artes de S\u00e3o Paulo, aos 18 anos fui estudar no Canad\u00e1, onde vivi durante 23 anos. L\u00e1 me formei em Hist\u00f3ria da Arte pela Universidade de Montr\u00e9al, estudei turismo no Coll\u00e8ge Lasalle de Montr\u00e9al e no Institut de Tourisme et H\u00f4tellerie du Qu\u00e9bec. Comecei minha carreira na \u00e1rea trabalhando em Cuba. Durante os anos vividos no Canad\u00e1, entre outras coisas, fui guia de circuitos pela costa leste e abri minha primeira ag\u00eancia de receptivo para brasileiros. H\u00e1 18 anos um vento forte bateu nas velas da minha vida me conduzindo at\u00e9 Fran\u00e7a. Atualmente escrevo de Paris, onde vivo e trabalho dirigindo a empresa de receptivo, LA BELLE VIE.","sameAs":["http:\/\/brasileirosemparis.com","https:\/\/www.facebook.com\/Passeiosemparis\/","https:\/\/www.instagram.com\/labellevietour","https:\/\/www.linkedin.com\/in\/silvia-helena-96864a17\/"],"url":"https:\/\/blog.panrotas.com.br\/direto-de-paris\/author\/silvia\/"}]}},"jetpack_featured_media_url":"https:\/\/blog.panrotas.com.br\/direto-de-paris\/wp-content\/uploads\/sites\/26\/2018\/02\/woman-1446557_1280.jpg","_links":{"self":[{"href":"https:\/\/blog.panrotas.com.br\/direto-de-paris\/wp-json\/wp\/v2\/posts\/7258"}],"collection":[{"href":"https:\/\/blog.panrotas.com.br\/direto-de-paris\/wp-json\/wp\/v2\/posts"}],"about":[{"href":"https:\/\/blog.panrotas.com.br\/direto-de-paris\/wp-json\/wp\/v2\/types\/post"}],"author":[{"embeddable":true,"href":"https:\/\/blog.panrotas.com.br\/direto-de-paris\/wp-json\/wp\/v2\/users\/15"}],"replies":[{"embeddable":true,"href":"https:\/\/blog.panrotas.com.br\/direto-de-paris\/wp-json\/wp\/v2\/comments?post=7258"}],"version-history":[{"count":0,"href":"https:\/\/blog.panrotas.com.br\/direto-de-paris\/wp-json\/wp\/v2\/posts\/7258\/revisions"}],"wp:featuredmedia":[{"embeddable":true,"href":"https:\/\/blog.panrotas.com.br\/direto-de-paris\/wp-json\/wp\/v2\/media\/6268"}],"wp:attachment":[{"href":"https:\/\/blog.panrotas.com.br\/direto-de-paris\/wp-json\/wp\/v2\/media?parent=7258"}],"wp:term":[{"taxonomy":"category","embeddable":true,"href":"https:\/\/blog.panrotas.com.br\/direto-de-paris\/wp-json\/wp\/v2\/categories?post=7258"},{"taxonomy":"post_tag","embeddable":true,"href":"https:\/\/blog.panrotas.com.br\/direto-de-paris\/wp-json\/wp\/v2\/tags?post=7258"}],"curies":[{"name":"wp","href":"https:\/\/api.w.org\/{rel}","templated":true}]}}