{"id":7264,"date":"2018-03-28T08:28:33","date_gmt":"2018-03-28T11:28:33","guid":{"rendered":"http:\/\/blog.panrotas.com.br\/direto-de-paris\/?p=5895"},"modified":"2021-05-24T06:59:57","modified_gmt":"2021-05-24T09:59:57","slug":"castelos-do-vale-do-loire-le-clos-luce","status":"publish","type":"post","link":"https:\/\/blog.panrotas.com.br\/direto-de-paris\/2018\/03\/28\/castelos-do-vale-do-loire-le-clos-luce\/","title":{"rendered":"Castelos do Vale do Loire &#8211; Le Clos Luc\u00e9"},"content":{"rendered":"<p>Castelos do Vale do Loire- Le Clos Luc\u00e9- Quero dar boas-vindas \u00e0 Patricia Mattos, assim como a todos os novos blogueiros e aproveitar do post da Patricia sobre o <a href=\"http:\/\/blog.panrotas.com.br\/descobri-viajando\/index.php\/2018\/03\/21\/a-maior-rota-para-passeios-de-bike-da-franca\/\">passeios de bicicleta<\/a>\u00a0atrav\u00e9s do Vale do Loire para finalmente escrever sobre algumas outras atra\u00e7\u00f5es da regi\u00e3o. \u00a0Digo finalmente, pois h\u00e1 tempos penso em escrever sobre o assunto, por\u00e9m h\u00e1 tanto para contar que hesitei em entrar na quest\u00e3o, sabendo que um s\u00f3 post n\u00e3o seria suficiente.<\/p>\n<p>Para exemplificar quanto o destino La Loire tem a oferecer, al\u00e9m dos vinhedos e paisagens ideais para passeios de bicicleta \u00e0s margens do Rio Loire e seus afluentes, o vale do Rio Loire abriga quase 3000 castelos. N\u00famero que explica a classifica\u00e7\u00e3o do lugar pela Unesco como Patrim\u00f4nio Hist\u00f3rico da Humanidade e minha indecis\u00e3o sobre \u00e0 quais monumentos dar destaque neste post.<\/p>\n<p>De fato, este imenso patrim\u00f4nio \u00e9 constitu\u00eddo mais precisamente por 2450 castelos, os quais recebem diferentes classifica\u00e7\u00f5es, tais como: <em>Castelos Reais, Castelos Pertencentes a Nobres, \u00a0Castelos de Grande Import\u00e2ncia Arquitet\u00f4nica ou Castelos de Grande Import\u00e2ncia Hist\u00f3rica<\/em> e demais <em>Castelos Menos Importantes<\/em>.<\/p>\n<p>Vamos come\u00e7ar o assunto com um castelinho aparentemente menos importante, visto que foi constru\u00eddo em 1471 como um \u201cfief\u201d ou \u201creduto\u201d do ent\u00e3o Castelo Senhorial de Amboise.<\/p>\n<div class=\"jetpack-video-wrapper\"><iframe loading=\"lazy\" title=\"Ch\u00e2teau du Clos Luc\u00e9 - Parc Leonardo Da Vinci\" width=\"740\" height=\"416\" src=\"https:\/\/www.youtube.com\/embed\/UjIT-w2i-gc?feature=oembed\" frameborder=\"0\" allow=\"accelerometer; autoplay; clipboard-write; encrypted-media; gyroscope; picture-in-picture\" allowfullscreen><\/iframe><\/div>\n<p>Localizado no cora\u00e7\u00e3o do Vale do Loire, o Castelo de Amboise impera desde o s\u00e9culo XV at\u00e9 os dias de hoje sobre a paisagem\u00a0 ribeirinha da cidade do mesmo nome.\u00a0Logo ao lado se encontra o Clos Luc\u00e9.<\/p>\n<figure id=\"attachment_5982\" aria-describedby=\"caption-attachment-5982\" style=\"width: 740px\" class=\"wp-caption aligncenter\"><img loading=\"lazy\" class=\"wp-image-5982 size-large\" src=\"http:\/\/panrotas.blog.br\/direto-de-paris\/wp-content\/uploads\/sites\/26\/2018\/03\/2.-Ch\u00e2teau-dAmboise-\u00a9-L.-de-Serres-1024x301.jpg\" alt=\"Castelo Real de Amboise , Vale do Loire \" width=\"740\" height=\"218\" \/><figcaption id=\"caption-attachment-5982\" class=\"wp-caption-text\">Castelo Real de Amboise , Vale do Loire<\/figcaption><\/figure>\n<p>O\u00a0<em>fief<\/em> ou <em>reduto<\/em> era concebido como parte de um dom\u00ednio a ser conferido a um vassalo capaz de prover renda ou servi\u00e7os ao senhor durante a Idade M\u00e9dia. Algo entre a nossa <em>casa de caseiro e casa secund\u00e1ria de aluguel<\/em> . Este <em>fief<\/em> \u00a0constru\u00eddo em 1471 ao lado do importante Castelo de Amboise foi inicialmente chamado de Mans\u00e3o des Cloux e mais tarde de Clos Luc\u00e9. A\u00a0 propriedade passou por v\u00e1rias m\u00e3os antes de ser comprada pelo Rei Charles VIII em 1490 e tornar-se uma resid\u00eancia de ver\u00e3o dos reis da Fran\u00e7a.<\/p>\n<figure id=\"attachment_5955\" aria-describedby=\"caption-attachment-5955\" style=\"width: 740px\" class=\"wp-caption aligncenter\"><img loading=\"lazy\" class=\"wp-image-5955 size-large\" src=\"http:\/\/panrotas.blog.br\/direto-de-paris\/wp-content\/uploads\/sites\/26\/2018\/03\/@L\u00e9onard-de-Serres-60-1024x594.jpg\" alt=\"Le Clos Luc\u00e9 , casa de Leonardo da Vinci \" width=\"740\" height=\"429\" \/><figcaption id=\"caption-attachment-5955\" class=\"wp-caption-text\">Le Clos Luc\u00e9 , casa de Leonardo da Vinci<\/figcaption><\/figure>\n<p>Por\u00e9m, o que fez do Clos Luc\u00e9 um castelo de Grande Import\u00e2ncia Hist\u00f3rica e um espa\u00e7o extremamente especial n\u00e3o foi sua inusitada origem ou ainda sua charmosa arquitetura, mas sim o ilustre habitante que acolheu a partir do ano de 1516.<\/p>\n<p><img loading=\"lazy\" class=\"alignleft wp-image-5972 size-medium\" src=\"http:\/\/panrotas.blog.br\/direto-de-paris\/wp-content\/uploads\/sites\/26\/2018\/03\/Mona-Lisa-207x300.jpg\" alt=\"\" width=\"207\" height=\"300\" \/><\/p>\n<p>Durante uma estadia na It\u00e1lia, o Rei Fran\u00e7ois\u00a01\u00ba se apaixonou pelo Renascimento e decidiu convidar um dos mais renomados artistas da \u00e9poca para viver na Fran\u00e7a. Assim, em 1516, com 64 anos de idade, <a href=\"https:\/\/fr.wikipedia.org\/wiki\/L%C3%A9onard_de_Vinci\">Leonardo da Vinci<\/a> deixou Roma, atravessou a It\u00e1lia trazendo\u00a0 seus cadernos de desenhos e tr\u00eas pinturas : a Mona Lisa, A Virgem, o menino Jesus e Santa Ana e Jo\u00e3o, para se instalar no CLos Luc\u00e9.\u00a0Fran\u00e7ois 1\u00ba, encantado pelo o talento de Leonardo da Vinci nomeou-o primeiro pintor, engenheiro e arquiteto do rei, cargos que exerceu at\u00e9 sua morte em maio de 1519.<\/p>\n<p>Leonardo gozou do mecenato de Fran\u00e7ois 1\u00ba e viveu durante seus \u00faltimos anos de vida como vizinho, servidor e fiel amigo\u00a0 do rei , ent\u00e3o residente do Castelo Real de Amboise. \u00a0Um subterr\u00e2neo ligando o Castelo do Clos Luc\u00e9 e o Castelo Real de Amboise permitia que Fran\u00e7ois 1\u00ba e Leonardo se encontrarem diariamente.<\/p>\n<p>Hoje, o Castelo do Clos Luc\u00e9 tem como miss\u00e3o oferecer ao p\u00fablico um resumo da obra de mestre renascentista.\u00a0<span style=\"font-size: 1rem\">Atrav\u00e9s da reconstitui\u00e7\u00e3o de sua morada, seus desenhos, apresenta\u00e7\u00e3o de frases famosas, anima\u00e7\u00f5es 3D, amostras e maquetes de suas inven\u00e7\u00f5es, \u00e9 poss\u00edvel descobrir Leonardo da Vinci e seu universo de maneira intimista e po\u00e9tica.<\/span><\/p>\n<figure id=\"attachment_5977\" aria-describedby=\"caption-attachment-5977\" style=\"width: 740px\" class=\"wp-caption aligncenter\"><img loading=\"lazy\" class=\"wp-image-5977 size-large\" src=\"http:\/\/panrotas.blog.br\/direto-de-paris\/wp-content\/uploads\/sites\/26\/2018\/03\/Salle-du-Conseil-L\u00e9onard-de-Serres-1-1024x618.jpg\" alt=\"Sal\u00e3o de Da Vinci no Clos Luc\u00e9 em dia comum \" width=\"740\" height=\"447\" \/><figcaption id=\"caption-attachment-5977\" class=\"wp-caption-text\">Sal\u00e3o de Da Vinci no Clos Luc\u00e9 em dia comum<\/figcaption><\/figure>\n<figure id=\"attachment_5975\" aria-describedby=\"caption-attachment-5975\" style=\"width: 740px\" class=\"wp-caption aligncenter\"><img loading=\"lazy\" class=\"wp-image-5975 size-large\" src=\"http:\/\/panrotas.blog.br\/direto-de-paris\/wp-content\/uploads\/sites\/26\/2018\/03\/Photo-060-1024x680.jpg\" alt=\"Sal\u00e3o de Da Vinci no CLos Luc\u00e9 \u00e9poca natalina \" width=\"740\" height=\"491\" \/><figcaption id=\"caption-attachment-5975\" class=\"wp-caption-text\">Sal\u00e3o de Da Vinci no CLos Luc\u00e9 \u00e9poca natalina<\/figcaption><\/figure>\n<p><img loading=\"lazy\" class=\"aligncenter wp-image-5974 size-large\" src=\"http:\/\/panrotas.blog.br\/direto-de-paris\/wp-content\/uploads\/sites\/26\/2018\/03\/Photo-057-1024x680.jpg\" alt=\"\" width=\"740\" height=\"491\" \/><\/p>\n<p><strong>Dois anos de pesquisa e trabalho, trinta pessoas e mais de quinze profiss\u00f5es\u00a0\u00a0foram envolvidos no recente processo de restaura\u00e7\u00e3o do\u00a0ateli\u00ea, da biblioteca e do escrit\u00f3rio de Leonardo da Vinci.<\/strong><\/p>\n<p><strong><img loading=\"lazy\" class=\"aligncenter wp-image-5969 size-large\" src=\"http:\/\/panrotas.blog.br\/direto-de-paris\/wp-content\/uploads\/sites\/26\/2018\/03\/Leonardo-da-Vinci-1024x768.jpg\" alt=\"\" width=\"740\" height=\"555\" \/> <img loading=\"lazy\" class=\"alignnone wp-image-5970 size-large\" src=\"http:\/\/panrotas.blog.br\/direto-de-paris\/wp-content\/uploads\/sites\/26\/2018\/03\/Leonardo-da-vinci1-1024x768.jpg\" alt=\"\" width=\"740\" height=\"555\" \/> <img loading=\"lazy\" class=\"aligncenter wp-image-5971 size-large\" src=\"http:\/\/panrotas.blog.br\/direto-de-paris\/wp-content\/uploads\/sites\/26\/2018\/03\/Leonardo-1024x768.jpg\" alt=\"\" width=\"740\" height=\"555\" \/> <img loading=\"lazy\" class=\"aligncenter wp-image-5961 size-large\" src=\"http:\/\/panrotas.blog.br\/direto-de-paris\/wp-content\/uploads\/sites\/26\/2018\/03\/cabinete-Leonard-1024x768.jpg\" alt=\"\" width=\"740\" height=\"555\" \/><\/strong><\/p>\n<figure id=\"attachment_5898\" aria-describedby=\"caption-attachment-5898\" style=\"width: 740px\" class=\"wp-caption aligncenter\"><img loading=\"lazy\" class=\"wp-image-5898 size-large\" src=\"http:\/\/panrotas.blog.br\/direto-de-paris\/wp-content\/uploads\/sites\/26\/2018\/03\/@L\u00e9onard-de-Serres-3-1024x681.jpg\" alt=\"No Clos Luc\u00e9, Leonardo da Vinci, o esp\u00edrito do homem que sonhava em voar, que imaginava o futuro, o pintor, inventor, engenheiro, cientista, fil\u00f3sofo e humanista permanece vivo.\" width=\"740\" height=\"492\" \/><figcaption id=\"caption-attachment-5898\" class=\"wp-caption-text\">No Clos Luc\u00e9 o esp\u00edrito do homem que sonhava em voar, que imaginava o futuro, do pintor, do inventor, engenheiro, cientista, fil\u00f3sofo e humanista permanece vivo.<\/figcaption><\/figure>\n<figure id=\"attachment_5905\" aria-describedby=\"caption-attachment-5905\" style=\"width: 740px\" class=\"wp-caption aligncenter\"><img loading=\"lazy\" class=\"wp-image-5905 size-large\" src=\"http:\/\/panrotas.blog.br\/direto-de-paris\/wp-content\/uploads\/sites\/26\/2018\/03\/@L\u00e9onard-de-Serres-10-1024x681.jpg\" alt=\"Projeto de Seguran\u00e7a Nacional - Tanque de Guerra, maquete realizada a partir de esbo\u00e7o\" width=\"740\" height=\"492\" \/><figcaption id=\"caption-attachment-5905\" class=\"wp-caption-text\">Projeto de Seguran\u00e7a Nacional &#8211; Tanque de Guerra, maquete realizada a partir de esbo\u00e7o<\/figcaption><\/figure>\n<figure id=\"attachment_5941\" aria-describedby=\"caption-attachment-5941\" style=\"width: 740px\" class=\"wp-caption aligncenter\"><img loading=\"lazy\" class=\"wp-image-5941 size-large\" src=\"http:\/\/panrotas.blog.br\/direto-de-paris\/wp-content\/uploads\/sites\/26\/2018\/03\/@L\u00e9onard-de-Serres-46-1024x681.jpg\" alt=\"\" width=\"740\" height=\"492\" \/><figcaption id=\"caption-attachment-5941\" class=\"wp-caption-text\">Durante toda sua vida Leonardo de Vinci tentou desvendar os segredos da natureza e da f\u00edsica em seus trabalhos. Quinhentos anos depois, Leonardo da Vinci est\u00e1 presente em nossas vidas e cotidiano atrav\u00e9s de sua heran\u00e7a.<\/figcaption><\/figure>\n<p>Os restos mortais de Leonardo reposam no castelo vizinho ao Clos Luc\u00e9, a antiga casa de Fran\u00e7ois 1\u00ba, o Castelo\u00a0 de Amboise, mas isso \u00e9 assunto para outro post.<\/p>\n","protected":false},"excerpt":{"rendered":"<p>Castelos do Vale do Loire- Le Clos Luc\u00e9- Quero dar boas-vindas \u00e0 Patricia Mattos, assim como a todos os novos blogueiros e aproveitar do post da Patricia sobre o passeios de bicicleta\u00a0atrav\u00e9s do Vale do Loire para finalmente escrever sobre algumas outras atra\u00e7\u00f5es da regi\u00e3o. \u00a0Digo finalmente, pois h\u00e1 tempos penso em escrever sobre o&hellip; <a class=\"more-link\" href=\"https:\/\/blog.panrotas.com.br\/direto-de-paris\/2018\/03\/28\/castelos-do-vale-do-loire-le-clos-luce\/\">Continue reading &rarr;<\/a><\/p>\n","protected":false},"author":15,"featured_media":6334,"comment_status":"open","ping_status":"open","sticky":false,"template":"","format":"standard","meta":{"spay_email":""},"categories":[44,45],"tags":[134,136,302,473],"yoast_head":"<!-- This site is optimized with the Yoast SEO plugin v17.3 - https:\/\/yoast.com\/wordpress\/plugins\/seo\/ -->\n<title>Castelos do Vale do Loire - Le Clos Luc\u00e9 - Direto de Paris<\/title>\n<meta name=\"description\" content=\"Le Clos Luc\u00e9, Castelos do Vale do Loire- o que dele um castelo de Grande Import\u00e2ncia Hist\u00f3rica foi seu habitante a partir do ano de 1516\" \/>\n<meta name=\"robots\" content=\"index, follow, max-snippet:-1, max-image-preview:large, max-video-preview:-1\" \/>\n<link rel=\"canonical\" href=\"https:\/\/blog.panrotas.com.br\/direto-de-paris\/2018\/03\/28\/castelos-do-vale-do-loire-le-clos-luce\/\" \/>\n<meta property=\"og:locale\" content=\"pt_BR\" \/>\n<meta property=\"og:type\" content=\"article\" \/>\n<meta property=\"og:title\" content=\"Castelos do Vale do Loire - Le Clos Luc\u00e9 - Direto de Paris\" \/>\n<meta property=\"og:description\" content=\"Le Clos Luc\u00e9, Castelos do Vale do Loire- o que dele um castelo de Grande Import\u00e2ncia Hist\u00f3rica foi seu habitante a partir do ano de 1516\" \/>\n<meta property=\"og:url\" content=\"https:\/\/blog.panrotas.com.br\/direto-de-paris\/2018\/03\/28\/castelos-do-vale-do-loire-le-clos-luce\/\" \/>\n<meta property=\"og:site_name\" content=\"Direto de Paris\" \/>\n<meta property=\"article:author\" content=\"https:\/\/www.facebook.com\/Passeiosemparis\/\" \/>\n<meta property=\"article:published_time\" content=\"2018-03-28T11:28:33+00:00\" \/>\n<meta property=\"article:modified_time\" content=\"2021-05-24T09:59:57+00:00\" \/>\n<meta property=\"og:image\" content=\"http:\/\/blog.panrotas.com.br\/direto-de-paris\/wp-content\/uploads\/sites\/26\/2018\/03\/@L\u00e9onard-de-Serres-19.jpg\" \/>\n\t<meta property=\"og:image:width\" content=\"1862\" \/>\n\t<meta property=\"og:image:height\" content=\"1080\" \/>\n<meta name=\"twitter:card\" content=\"summary_large_image\" \/>\n<meta name=\"twitter:label1\" content=\"Escrito por\" \/>\n\t<meta name=\"twitter:data1\" content=\"Silvia Helena\" \/>\n\t<meta name=\"twitter:label2\" content=\"Est. tempo de leitura\" \/>\n\t<meta name=\"twitter:data2\" content=\"7 minutos\" \/>\n<script type=\"application\/ld+json\" class=\"yoast-schema-graph\">{\"@context\":\"https:\/\/schema.org\",\"@graph\":[{\"@type\":\"WebSite\",\"@id\":\"https:\/\/blog.panrotas.com.br\/direto-de-paris\/#website\",\"url\":\"https:\/\/blog.panrotas.com.br\/direto-de-paris\/\",\"name\":\"Direto de Paris\",\"description\":\"Blogosfera PANROTAS\",\"potentialAction\":[{\"@type\":\"SearchAction\",\"target\":{\"@type\":\"EntryPoint\",\"urlTemplate\":\"https:\/\/blog.panrotas.com.br\/direto-de-paris\/?s={search_term_string}\"},\"query-input\":\"required name=search_term_string\"}],\"inLanguage\":\"pt-BR\"},{\"@type\":\"ImageObject\",\"@id\":\"https:\/\/blog.panrotas.com.br\/direto-de-paris\/2018\/03\/28\/castelos-do-vale-do-loire-le-clos-luce\/#primaryimage\",\"inLanguage\":\"pt-BR\",\"url\":\"https:\/\/blog.panrotas.com.br\/direto-de-paris\/wp-content\/uploads\/sites\/26\/2018\/03\/@L\\u00e9onard-de-Serres-19.jpg\",\"contentUrl\":\"https:\/\/blog.panrotas.com.br\/direto-de-paris\/wp-content\/uploads\/sites\/26\/2018\/03\/@L\\u00e9onard-de-Serres-19.jpg\",\"width\":1862,\"height\":1080,\"caption\":\"fotos @L\\u00e9onard de Serres\"},{\"@type\":\"WebPage\",\"@id\":\"https:\/\/blog.panrotas.com.br\/direto-de-paris\/2018\/03\/28\/castelos-do-vale-do-loire-le-clos-luce\/#webpage\",\"url\":\"https:\/\/blog.panrotas.com.br\/direto-de-paris\/2018\/03\/28\/castelos-do-vale-do-loire-le-clos-luce\/\",\"name\":\"Castelos do Vale do Loire - Le Clos Luc\\u00e9 - Direto de Paris\",\"isPartOf\":{\"@id\":\"https:\/\/blog.panrotas.com.br\/direto-de-paris\/#website\"},\"primaryImageOfPage\":{\"@id\":\"https:\/\/blog.panrotas.com.br\/direto-de-paris\/2018\/03\/28\/castelos-do-vale-do-loire-le-clos-luce\/#primaryimage\"},\"datePublished\":\"2018-03-28T11:28:33+00:00\",\"dateModified\":\"2021-05-24T09:59:57+00:00\",\"author\":{\"@id\":\"https:\/\/blog.panrotas.com.br\/direto-de-paris\/#\/schema\/person\/0137bff12a66d9bd80e250aa2c7000b3\"},\"description\":\"Le Clos Luc\\u00e9, Castelos do Vale do Loire- o que dele um castelo de Grande Import\\u00e2ncia Hist\\u00f3rica foi seu habitante a partir do ano de 1516\",\"breadcrumb\":{\"@id\":\"https:\/\/blog.panrotas.com.br\/direto-de-paris\/2018\/03\/28\/castelos-do-vale-do-loire-le-clos-luce\/#breadcrumb\"},\"inLanguage\":\"pt-BR\",\"potentialAction\":[{\"@type\":\"ReadAction\",\"target\":[\"https:\/\/blog.panrotas.com.br\/direto-de-paris\/2018\/03\/28\/castelos-do-vale-do-loire-le-clos-luce\/\"]}]},{\"@type\":\"BreadcrumbList\",\"@id\":\"https:\/\/blog.panrotas.com.br\/direto-de-paris\/2018\/03\/28\/castelos-do-vale-do-loire-le-clos-luce\/#breadcrumb\",\"itemListElement\":[{\"@type\":\"ListItem\",\"position\":1,\"name\":\"In\\u00edcio\",\"item\":\"https:\/\/blog.panrotas.com.br\/direto-de-paris\/\"},{\"@type\":\"ListItem\",\"position\":2,\"name\":\"Castelos do Vale do Loire &#8211; Le Clos Luc\\u00e9\"}]},{\"@type\":\"Person\",\"@id\":\"https:\/\/blog.panrotas.com.br\/direto-de-paris\/#\/schema\/person\/0137bff12a66d9bd80e250aa2c7000b3\",\"name\":\"Silvia Helena\",\"image\":{\"@type\":\"ImageObject\",\"@id\":\"https:\/\/blog.panrotas.com.br\/direto-de-paris\/#personlogo\",\"inLanguage\":\"pt-BR\",\"url\":\"https:\/\/secure.gravatar.com\/avatar\/0278ededd1c842496785759e4fa61c99?s=96&d=mm&r=g\",\"contentUrl\":\"https:\/\/secure.gravatar.com\/avatar\/0278ededd1c842496785759e4fa61c99?s=96&d=mm&r=g\",\"caption\":\"Silvia Helena\"},\"description\":\"Ap\\u00f3s breves passagens pela Faculdade Metodista de S\\u00e3o Bernardo e Belas Artes de S\\u00e3o Paulo, aos 18 anos fui estudar no Canad\\u00e1, onde vivi durante 23 anos. L\\u00e1 me formei em Hist\\u00f3ria da Arte pela Universidade de Montr\\u00e9al, estudei turismo no Coll\\u00e8ge Lasalle de Montr\\u00e9al e no Institut de Tourisme et H\\u00f4tellerie du Qu\\u00e9bec. Comecei minha carreira na \\u00e1rea trabalhando em Cuba. Durante os anos vividos no Canad\\u00e1, entre outras coisas, fui guia de circuitos pela costa leste e abri minha primeira ag\\u00eancia de receptivo para brasileiros. H\\u00e1 18 anos um vento forte bateu nas velas da minha vida me conduzindo at\\u00e9 Fran\\u00e7a. Atualmente escrevo de Paris, onde vivo e trabalho dirigindo a empresa de receptivo, LA BELLE VIE.\",\"sameAs\":[\"http:\/\/brasileirosemparis.com\",\"https:\/\/www.facebook.com\/Passeiosemparis\/\",\"https:\/\/www.instagram.com\/labellevietour\",\"https:\/\/www.linkedin.com\/in\/silvia-helena-96864a17\/\"],\"url\":\"https:\/\/blog.panrotas.com.br\/direto-de-paris\/author\/silvia\/\"}]}<\/script>\n<!-- \/ Yoast SEO plugin. -->","yoast_head_json":{"title":"Castelos do Vale do Loire - Le Clos Luc\u00e9 - Direto de Paris","description":"Le Clos Luc\u00e9, Castelos do Vale do Loire- o que dele um castelo de Grande Import\u00e2ncia Hist\u00f3rica foi seu habitante a partir do ano de 1516","robots":{"index":"index","follow":"follow","max-snippet":"max-snippet:-1","max-image-preview":"max-image-preview:large","max-video-preview":"max-video-preview:-1"},"canonical":"https:\/\/blog.panrotas.com.br\/direto-de-paris\/2018\/03\/28\/castelos-do-vale-do-loire-le-clos-luce\/","og_locale":"pt_BR","og_type":"article","og_title":"Castelos do Vale do Loire - Le Clos Luc\u00e9 - Direto de Paris","og_description":"Le Clos Luc\u00e9, Castelos do Vale do Loire- o que dele um castelo de Grande Import\u00e2ncia Hist\u00f3rica foi seu habitante a partir do ano de 1516","og_url":"https:\/\/blog.panrotas.com.br\/direto-de-paris\/2018\/03\/28\/castelos-do-vale-do-loire-le-clos-luce\/","og_site_name":"Direto de Paris","article_author":"https:\/\/www.facebook.com\/Passeiosemparis\/","article_published_time":"2018-03-28T11:28:33+00:00","article_modified_time":"2021-05-24T09:59:57+00:00","og_image":[{"width":1862,"height":1080,"url":"http:\/\/blog.panrotas.com.br\/direto-de-paris\/wp-content\/uploads\/sites\/26\/2018\/03\/@L\u00e9onard-de-Serres-19.jpg","type":"image\/jpeg"}],"twitter_card":"summary_large_image","twitter_misc":{"Escrito por":"Silvia Helena","Est. tempo de leitura":"7 minutos"},"schema":{"@context":"https:\/\/schema.org","@graph":[{"@type":"WebSite","@id":"https:\/\/blog.panrotas.com.br\/direto-de-paris\/#website","url":"https:\/\/blog.panrotas.com.br\/direto-de-paris\/","name":"Direto de Paris","description":"Blogosfera PANROTAS","potentialAction":[{"@type":"SearchAction","target":{"@type":"EntryPoint","urlTemplate":"https:\/\/blog.panrotas.com.br\/direto-de-paris\/?s={search_term_string}"},"query-input":"required name=search_term_string"}],"inLanguage":"pt-BR"},{"@type":"ImageObject","@id":"https:\/\/blog.panrotas.com.br\/direto-de-paris\/2018\/03\/28\/castelos-do-vale-do-loire-le-clos-luce\/#primaryimage","inLanguage":"pt-BR","url":"https:\/\/blog.panrotas.com.br\/direto-de-paris\/wp-content\/uploads\/sites\/26\/2018\/03\/@L\u00e9onard-de-Serres-19.jpg","contentUrl":"https:\/\/blog.panrotas.com.br\/direto-de-paris\/wp-content\/uploads\/sites\/26\/2018\/03\/@L\u00e9onard-de-Serres-19.jpg","width":1862,"height":1080,"caption":"fotos @L\u00e9onard de Serres"},{"@type":"WebPage","@id":"https:\/\/blog.panrotas.com.br\/direto-de-paris\/2018\/03\/28\/castelos-do-vale-do-loire-le-clos-luce\/#webpage","url":"https:\/\/blog.panrotas.com.br\/direto-de-paris\/2018\/03\/28\/castelos-do-vale-do-loire-le-clos-luce\/","name":"Castelos do Vale do Loire - Le Clos Luc\u00e9 - Direto de Paris","isPartOf":{"@id":"https:\/\/blog.panrotas.com.br\/direto-de-paris\/#website"},"primaryImageOfPage":{"@id":"https:\/\/blog.panrotas.com.br\/direto-de-paris\/2018\/03\/28\/castelos-do-vale-do-loire-le-clos-luce\/#primaryimage"},"datePublished":"2018-03-28T11:28:33+00:00","dateModified":"2021-05-24T09:59:57+00:00","author":{"@id":"https:\/\/blog.panrotas.com.br\/direto-de-paris\/#\/schema\/person\/0137bff12a66d9bd80e250aa2c7000b3"},"description":"Le Clos Luc\u00e9, Castelos do Vale do Loire- o que dele um castelo de Grande Import\u00e2ncia Hist\u00f3rica foi seu habitante a partir do ano de 1516","breadcrumb":{"@id":"https:\/\/blog.panrotas.com.br\/direto-de-paris\/2018\/03\/28\/castelos-do-vale-do-loire-le-clos-luce\/#breadcrumb"},"inLanguage":"pt-BR","potentialAction":[{"@type":"ReadAction","target":["https:\/\/blog.panrotas.com.br\/direto-de-paris\/2018\/03\/28\/castelos-do-vale-do-loire-le-clos-luce\/"]}]},{"@type":"BreadcrumbList","@id":"https:\/\/blog.panrotas.com.br\/direto-de-paris\/2018\/03\/28\/castelos-do-vale-do-loire-le-clos-luce\/#breadcrumb","itemListElement":[{"@type":"ListItem","position":1,"name":"In\u00edcio","item":"https:\/\/blog.panrotas.com.br\/direto-de-paris\/"},{"@type":"ListItem","position":2,"name":"Castelos do Vale do Loire &#8211; Le Clos Luc\u00e9"}]},{"@type":"Person","@id":"https:\/\/blog.panrotas.com.br\/direto-de-paris\/#\/schema\/person\/0137bff12a66d9bd80e250aa2c7000b3","name":"Silvia Helena","image":{"@type":"ImageObject","@id":"https:\/\/blog.panrotas.com.br\/direto-de-paris\/#personlogo","inLanguage":"pt-BR","url":"https:\/\/secure.gravatar.com\/avatar\/0278ededd1c842496785759e4fa61c99?s=96&d=mm&r=g","contentUrl":"https:\/\/secure.gravatar.com\/avatar\/0278ededd1c842496785759e4fa61c99?s=96&d=mm&r=g","caption":"Silvia Helena"},"description":"Ap\u00f3s breves passagens pela Faculdade Metodista de S\u00e3o Bernardo e Belas Artes de S\u00e3o Paulo, aos 18 anos fui estudar no Canad\u00e1, onde vivi durante 23 anos. L\u00e1 me formei em Hist\u00f3ria da Arte pela Universidade de Montr\u00e9al, estudei turismo no Coll\u00e8ge Lasalle de Montr\u00e9al e no Institut de Tourisme et H\u00f4tellerie du Qu\u00e9bec. Comecei minha carreira na \u00e1rea trabalhando em Cuba. Durante os anos vividos no Canad\u00e1, entre outras coisas, fui guia de circuitos pela costa leste e abri minha primeira ag\u00eancia de receptivo para brasileiros. H\u00e1 18 anos um vento forte bateu nas velas da minha vida me conduzindo at\u00e9 Fran\u00e7a. Atualmente escrevo de Paris, onde vivo e trabalho dirigindo a empresa de receptivo, LA BELLE VIE.","sameAs":["http:\/\/brasileirosemparis.com","https:\/\/www.facebook.com\/Passeiosemparis\/","https:\/\/www.instagram.com\/labellevietour","https:\/\/www.linkedin.com\/in\/silvia-helena-96864a17\/"],"url":"https:\/\/blog.panrotas.com.br\/direto-de-paris\/author\/silvia\/"}]}},"jetpack_featured_media_url":"https:\/\/blog.panrotas.com.br\/direto-de-paris\/wp-content\/uploads\/sites\/26\/2018\/03\/@L\u00e9onard-de-Serres-19.jpg","_links":{"self":[{"href":"https:\/\/blog.panrotas.com.br\/direto-de-paris\/wp-json\/wp\/v2\/posts\/7264"}],"collection":[{"href":"https:\/\/blog.panrotas.com.br\/direto-de-paris\/wp-json\/wp\/v2\/posts"}],"about":[{"href":"https:\/\/blog.panrotas.com.br\/direto-de-paris\/wp-json\/wp\/v2\/types\/post"}],"author":[{"embeddable":true,"href":"https:\/\/blog.panrotas.com.br\/direto-de-paris\/wp-json\/wp\/v2\/users\/15"}],"replies":[{"embeddable":true,"href":"https:\/\/blog.panrotas.com.br\/direto-de-paris\/wp-json\/wp\/v2\/comments?post=7264"}],"version-history":[{"count":3,"href":"https:\/\/blog.panrotas.com.br\/direto-de-paris\/wp-json\/wp\/v2\/posts\/7264\/revisions"}],"predecessor-version":[{"id":8939,"href":"https:\/\/blog.panrotas.com.br\/direto-de-paris\/wp-json\/wp\/v2\/posts\/7264\/revisions\/8939"}],"wp:featuredmedia":[{"embeddable":true,"href":"https:\/\/blog.panrotas.com.br\/direto-de-paris\/wp-json\/wp\/v2\/media\/6334"}],"wp:attachment":[{"href":"https:\/\/blog.panrotas.com.br\/direto-de-paris\/wp-json\/wp\/v2\/media?parent=7264"}],"wp:term":[{"taxonomy":"category","embeddable":true,"href":"https:\/\/blog.panrotas.com.br\/direto-de-paris\/wp-json\/wp\/v2\/categories?post=7264"},{"taxonomy":"post_tag","embeddable":true,"href":"https:\/\/blog.panrotas.com.br\/direto-de-paris\/wp-json\/wp\/v2\/tags?post=7264"}],"curies":[{"name":"wp","href":"https:\/\/api.w.org\/{rel}","templated":true}]}}