{"id":805,"date":"2014-11-24T11:58:18","date_gmt":"2014-11-24T13:58:18","guid":{"rendered":"http:\/\/blog.panrotas.com.br\/direto-de-paris\/?p=805"},"modified":"2014-11-24T11:58:18","modified_gmt":"2014-11-24T13:58:18","slug":"cirque-du-soleil-celine-dion-macau-e-o-lido-de-paris-o-que-eles-tem-em-comum","status":"publish","type":"post","link":"https:\/\/blog.panrotas.com.br\/direto-de-paris\/2014\/11\/24\/cirque-du-soleil-celine-dion-macau-e-o-lido-de-paris-o-que-eles-tem-em-comum\/","title":{"rendered":"Cirque du Soleil, Celine Dion, Macau e o Lido de Paris. O que eles t\u00eam em comum?"},"content":{"rendered":"<p>Franco Dragone! Voc\u00ea n\u00e3o sabe quem \u00e9? Ent\u00e3o marca ai o nome, por que vale a pena conhecer seu trabalho.<\/p>\n<p>Italiano, formado desde sua inf\u00e2ncia pela Comedia Del\u2019 Arte, viveu na B\u00e9lgica, estudou teatro em Paris e rodou a Europa como autor, ator e diretor de teatro antes de se juntar a Guy Lalibert\u00e9, propriet\u00e1rio do Circo do Soleil. Ap\u00f3s ter participado da cria\u00e7\u00e3o art\u00edstica dos 10 primeiros espet\u00e1culos do Circo, o menino prod\u00edgio de Guy Lalibert\u00e9 voltou a voar com suas pr\u00f3prias asas se consagrando em espet\u00e1culos na Fran\u00e7a e em seguida criando sua pr\u00f3pria empresa de produ\u00e7\u00f5es na B\u00e9lgica.<\/p>\n<p>O espet\u00e1culo A New Day de Celine Dion em Las Vegas propulsou Franco \u00e0 posi\u00e7\u00e3o de estrela no mundo da cria\u00e7\u00e3o e dire\u00e7\u00e3o art\u00edstica internacional. Por\u00e9m s\u00e3o trabalhos como The House of the Enchanting Water em Macau que\u00a0me encantam mais.<\/p>\n<p>Em abril o talento de Franco Dragone ser\u00e1 novamente exaltado na Fran\u00e7a em uma das casas mais prestigiosas de Paris: o Cabar\u00e9 Lido.<\/p>\n<p>Franco Dragone est\u00e1 contando com colaboradores de peso, tais como:<\/p>\n<p>&#8211; o\u00a0core\u00f3grafo, Beno\u00eet Swan Pouffer, ganhador de pr\u00eamios cinematogr\u00e1ficos e refer\u00eancia no ramo;<\/p>\n<p>&#8211; o criador de costumes Nicolas Vaudelet, estilista das maiores casas de moda da Fran\u00e7a tais como Dior, Louis Vuitton, Christian Lacroix, Givenchy e Jean-Paul Gaultier;<\/p>\n<p>&#8211; o cen\u00f3grafo e artista gr\u00e1fico Jean Rabasse, que tem ampla experi\u00eancia em cenografia cinematogr\u00e1fica, teatral, circense entre outras modalidades. Jean Rabasse foi premiado por seus trabalhos em filmes como\u00a0Ladr\u00e3o de Sonhos,\u00a0Vatel, Vidocq, Asterix e Delicatessen.<\/p>\n<p>Aten\u00e7\u00e3o,\u00a0a\u00a0\u00faltima apresenta\u00e7\u00e3o do\u00a0teatro de revista Bonheur do Lido ser\u00e1 dia 2 de dezembro, quando este\u00a0fechar\u00e1 suas portas para uma mudan\u00e7a geral de cen\u00e1rios at\u00e9 abril 2015. Para quem vem \u00e0 Paris nos pr\u00f3ximos dias ser\u00e1 a\u00a0\u00fanica chance de ver o famoso show Bonheur.<\/p>\n<p>Para os brasileiros que prev\u00eaem a vinda em 2015, fica a dica.<\/p>\n<figure id=\"attachment_807\" aria-describedby=\"caption-attachment-807\" style=\"width: 300px\" class=\"wp-caption alignnone\"><a href=\"http:\/\/blog.panrotas.com.br\/direto-de-paris\/wp-content\/uploads\/2014\/11\/tableau1.jpg\"><img loading=\"lazy\" class=\"size-medium wp-image-807\" src=\"http:\/\/blog.panrotas.com.br\/direto-de-paris\/wp-content\/uploads\/2014\/11\/tableau1-300x191.jpg\" alt=\"Art Nouveau\" width=\"300\" height=\"191\" srcset=\"https:\/\/blog.panrotas.com.br\/direto-de-paris\/wp-content\/uploads\/sites\/26\/2014\/11\/tableau1-300x191.jpg 300w, https:\/\/blog.panrotas.com.br\/direto-de-paris\/wp-content\/uploads\/sites\/26\/2014\/11\/tableau1-768x489.jpg 768w, https:\/\/blog.panrotas.com.br\/direto-de-paris\/wp-content\/uploads\/sites\/26\/2014\/11\/tableau1.jpg 1000w\" sizes=\"(max-width: 300px) 100vw, 300px\" \/><\/a><figcaption id=\"caption-attachment-807\" class=\"wp-caption-text\">Art Nouveau<\/figcaption><\/figure>\n<figure id=\"attachment_806\" aria-describedby=\"caption-attachment-806\" style=\"width: 300px\" class=\"wp-caption alignnone\"><a href=\"http:\/\/blog.panrotas.com.br\/direto-de-paris\/wp-content\/uploads\/2014\/11\/tableau2.jpg\"><img loading=\"lazy\" class=\"size-medium wp-image-806\" src=\"http:\/\/blog.panrotas.com.br\/direto-de-paris\/wp-content\/uploads\/2014\/11\/tableau2-300x191.jpg\" alt=\"Cena do quadro A Torre Eiffel\" width=\"300\" height=\"191\" srcset=\"https:\/\/blog.panrotas.com.br\/direto-de-paris\/wp-content\/uploads\/sites\/26\/2014\/11\/tableau2-300x191.jpg 300w, https:\/\/blog.panrotas.com.br\/direto-de-paris\/wp-content\/uploads\/sites\/26\/2014\/11\/tableau2-768x490.jpg 768w, https:\/\/blog.panrotas.com.br\/direto-de-paris\/wp-content\/uploads\/sites\/26\/2014\/11\/tableau2.jpg 1000w\" sizes=\"(max-width: 300px) 100vw, 300px\" \/><\/a><figcaption id=\"caption-attachment-806\" class=\"wp-caption-text\">Cena do quadro A Torre Eiffel<\/figcaption><\/figure>\n<p>O Lido est\u00e1 soltando imagens aos poucos de seu novo espet\u00e1culo para fazer perdurar o mist\u00e9rio.<\/p>\n<p><span lang=\"PT-BR\">Outra dica: Marcel Duchamp no Centro Georges Pompidou, sua arte moderna e debochada at\u00e9 5 de Janeiro. <\/span><\/p>\n","protected":false},"excerpt":{"rendered":"<p>Franco Dragone! Voc\u00ea n\u00e3o sabe quem \u00e9? Ent\u00e3o marca ai o nome, por que vale a pena conhecer seu trabalho. Italiano, formado desde sua inf\u00e2ncia pela Comedia Del\u2019 Arte, viveu na B\u00e9lgica, estudou teatro em Paris e rodou a Europa como autor, ator e diretor de teatro antes de se juntar a Guy Lalibert\u00e9, propriet\u00e1rio&hellip; <a class=\"more-link\" href=\"https:\/\/blog.panrotas.com.br\/direto-de-paris\/2014\/11\/24\/cirque-du-soleil-celine-dion-macau-e-o-lido-de-paris-o-que-eles-tem-em-comum\/\">Continue reading &rarr;<\/a><\/p>\n","protected":false},"author":15,"featured_media":0,"comment_status":"open","ping_status":"open","sticky":false,"template":"","format":"standard","meta":{"spay_email":""},"categories":[44],"tags":[],"yoast_head":"<!-- This site is optimized with the Yoast SEO plugin v17.3 - https:\/\/yoast.com\/wordpress\/plugins\/seo\/ -->\n<title>Cirque du Soleil, Celine Dion, Macau e o Lido de Paris. O que eles t\u00eam em comum? - Direto de Paris<\/title>\n<meta name=\"robots\" content=\"index, follow, max-snippet:-1, max-image-preview:large, max-video-preview:-1\" \/>\n<link rel=\"canonical\" href=\"https:\/\/blog.panrotas.com.br\/direto-de-paris\/2014\/11\/24\/cirque-du-soleil-celine-dion-macau-e-o-lido-de-paris-o-que-eles-tem-em-comum\/\" \/>\n<meta property=\"og:locale\" content=\"pt_BR\" \/>\n<meta property=\"og:type\" content=\"article\" \/>\n<meta property=\"og:title\" content=\"Cirque du Soleil, Celine Dion, Macau e o Lido de Paris. O que eles t\u00eam em comum? - Direto de Paris\" \/>\n<meta property=\"og:description\" content=\"Franco Dragone! Voc\u00ea n\u00e3o sabe quem \u00e9? Ent\u00e3o marca ai o nome, por que vale a pena conhecer seu trabalho. Italiano, formado desde sua inf\u00e2ncia pela Comedia Del\u2019 Arte, viveu na B\u00e9lgica, estudou teatro em Paris e rodou a Europa como autor, ator e diretor de teatro antes de se juntar a Guy Lalibert\u00e9, propriet\u00e1rio&hellip; Continue reading &rarr;\" \/>\n<meta property=\"og:url\" content=\"https:\/\/blog.panrotas.com.br\/direto-de-paris\/2014\/11\/24\/cirque-du-soleil-celine-dion-macau-e-o-lido-de-paris-o-que-eles-tem-em-comum\/\" \/>\n<meta property=\"og:site_name\" content=\"Direto de Paris\" \/>\n<meta property=\"article:author\" content=\"https:\/\/www.facebook.com\/Passeiosemparis\/\" \/>\n<meta property=\"article:published_time\" content=\"2014-11-24T13:58:18+00:00\" \/>\n<meta property=\"og:image\" content=\"http:\/\/blog.panrotas.com.br\/direto-de-paris\/wp-content\/uploads\/2014\/11\/tableau1-300x191.jpg\" \/>\n<meta name=\"twitter:card\" content=\"summary_large_image\" \/>\n<meta name=\"twitter:label1\" content=\"Escrito por\" \/>\n\t<meta name=\"twitter:data1\" content=\"Silvia Helena\" \/>\n\t<meta name=\"twitter:label2\" content=\"Est. tempo de leitura\" \/>\n\t<meta name=\"twitter:data2\" content=\"2 minutos\" \/>\n<script type=\"application\/ld+json\" class=\"yoast-schema-graph\">{\"@context\":\"https:\/\/schema.org\",\"@graph\":[{\"@type\":\"WebSite\",\"@id\":\"https:\/\/blog.panrotas.com.br\/direto-de-paris\/#website\",\"url\":\"https:\/\/blog.panrotas.com.br\/direto-de-paris\/\",\"name\":\"Direto de Paris\",\"description\":\"Blogosfera PANROTAS\",\"potentialAction\":[{\"@type\":\"SearchAction\",\"target\":{\"@type\":\"EntryPoint\",\"urlTemplate\":\"https:\/\/blog.panrotas.com.br\/direto-de-paris\/?s={search_term_string}\"},\"query-input\":\"required name=search_term_string\"}],\"inLanguage\":\"pt-BR\"},{\"@type\":\"ImageObject\",\"@id\":\"https:\/\/blog.panrotas.com.br\/direto-de-paris\/2014\/11\/24\/cirque-du-soleil-celine-dion-macau-e-o-lido-de-paris-o-que-eles-tem-em-comum\/#primaryimage\",\"inLanguage\":\"pt-BR\",\"url\":\"http:\/\/blog.panrotas.com.br\/direto-de-paris\/wp-content\/uploads\/2014\/11\/tableau1-300x191.jpg\",\"contentUrl\":\"http:\/\/blog.panrotas.com.br\/direto-de-paris\/wp-content\/uploads\/2014\/11\/tableau1-300x191.jpg\"},{\"@type\":\"WebPage\",\"@id\":\"https:\/\/blog.panrotas.com.br\/direto-de-paris\/2014\/11\/24\/cirque-du-soleil-celine-dion-macau-e-o-lido-de-paris-o-que-eles-tem-em-comum\/#webpage\",\"url\":\"https:\/\/blog.panrotas.com.br\/direto-de-paris\/2014\/11\/24\/cirque-du-soleil-celine-dion-macau-e-o-lido-de-paris-o-que-eles-tem-em-comum\/\",\"name\":\"Cirque du Soleil, Celine Dion, Macau e o Lido de Paris. O que eles t\\u00eam em comum? - Direto de Paris\",\"isPartOf\":{\"@id\":\"https:\/\/blog.panrotas.com.br\/direto-de-paris\/#website\"},\"primaryImageOfPage\":{\"@id\":\"https:\/\/blog.panrotas.com.br\/direto-de-paris\/2014\/11\/24\/cirque-du-soleil-celine-dion-macau-e-o-lido-de-paris-o-que-eles-tem-em-comum\/#primaryimage\"},\"datePublished\":\"2014-11-24T13:58:18+00:00\",\"dateModified\":\"2014-11-24T13:58:18+00:00\",\"author\":{\"@id\":\"https:\/\/blog.panrotas.com.br\/direto-de-paris\/#\/schema\/person\/0137bff12a66d9bd80e250aa2c7000b3\"},\"breadcrumb\":{\"@id\":\"https:\/\/blog.panrotas.com.br\/direto-de-paris\/2014\/11\/24\/cirque-du-soleil-celine-dion-macau-e-o-lido-de-paris-o-que-eles-tem-em-comum\/#breadcrumb\"},\"inLanguage\":\"pt-BR\",\"potentialAction\":[{\"@type\":\"ReadAction\",\"target\":[\"https:\/\/blog.panrotas.com.br\/direto-de-paris\/2014\/11\/24\/cirque-du-soleil-celine-dion-macau-e-o-lido-de-paris-o-que-eles-tem-em-comum\/\"]}]},{\"@type\":\"BreadcrumbList\",\"@id\":\"https:\/\/blog.panrotas.com.br\/direto-de-paris\/2014\/11\/24\/cirque-du-soleil-celine-dion-macau-e-o-lido-de-paris-o-que-eles-tem-em-comum\/#breadcrumb\",\"itemListElement\":[{\"@type\":\"ListItem\",\"position\":1,\"name\":\"In\\u00edcio\",\"item\":\"https:\/\/blog.panrotas.com.br\/direto-de-paris\/\"},{\"@type\":\"ListItem\",\"position\":2,\"name\":\"Cirque du Soleil, Celine Dion, Macau e o Lido de Paris. O que eles t\\u00eam em comum?\"}]},{\"@type\":\"Person\",\"@id\":\"https:\/\/blog.panrotas.com.br\/direto-de-paris\/#\/schema\/person\/0137bff12a66d9bd80e250aa2c7000b3\",\"name\":\"Silvia Helena\",\"image\":{\"@type\":\"ImageObject\",\"@id\":\"https:\/\/blog.panrotas.com.br\/direto-de-paris\/#personlogo\",\"inLanguage\":\"pt-BR\",\"url\":\"https:\/\/secure.gravatar.com\/avatar\/0278ededd1c842496785759e4fa61c99?s=96&d=mm&r=g\",\"contentUrl\":\"https:\/\/secure.gravatar.com\/avatar\/0278ededd1c842496785759e4fa61c99?s=96&d=mm&r=g\",\"caption\":\"Silvia Helena\"},\"description\":\"Ap\\u00f3s breves passagens pela Faculdade Metodista de S\\u00e3o Bernardo e Belas Artes de S\\u00e3o Paulo, aos 18 anos fui estudar no Canad\\u00e1, onde vivi durante 23 anos. L\\u00e1 me formei em Hist\\u00f3ria da Arte pela Universidade de Montr\\u00e9al, estudei turismo no Coll\\u00e8ge Lasalle de Montr\\u00e9al e no Institut de Tourisme et H\\u00f4tellerie du Qu\\u00e9bec. Comecei minha carreira na \\u00e1rea trabalhando em Cuba. Durante os anos vividos no Canad\\u00e1, entre outras coisas, fui guia de circuitos pela costa leste e abri minha primeira ag\\u00eancia de receptivo para brasileiros. H\\u00e1 18 anos um vento forte bateu nas velas da minha vida me conduzindo at\\u00e9 Fran\\u00e7a. Atualmente escrevo de Paris, onde vivo e trabalho dirigindo a empresa de receptivo, LA BELLE VIE.\",\"sameAs\":[\"http:\/\/brasileirosemparis.com\",\"https:\/\/www.facebook.com\/Passeiosemparis\/\",\"https:\/\/www.instagram.com\/labellevietour\",\"https:\/\/www.linkedin.com\/in\/silvia-helena-96864a17\/\"],\"url\":\"https:\/\/blog.panrotas.com.br\/direto-de-paris\/author\/silvia\/\"}]}<\/script>\n<!-- \/ Yoast SEO plugin. -->","yoast_head_json":{"title":"Cirque du Soleil, Celine Dion, Macau e o Lido de Paris. O que eles t\u00eam em comum? - Direto de Paris","robots":{"index":"index","follow":"follow","max-snippet":"max-snippet:-1","max-image-preview":"max-image-preview:large","max-video-preview":"max-video-preview:-1"},"canonical":"https:\/\/blog.panrotas.com.br\/direto-de-paris\/2014\/11\/24\/cirque-du-soleil-celine-dion-macau-e-o-lido-de-paris-o-que-eles-tem-em-comum\/","og_locale":"pt_BR","og_type":"article","og_title":"Cirque du Soleil, Celine Dion, Macau e o Lido de Paris. O que eles t\u00eam em comum? - Direto de Paris","og_description":"Franco Dragone! Voc\u00ea n\u00e3o sabe quem \u00e9? Ent\u00e3o marca ai o nome, por que vale a pena conhecer seu trabalho. Italiano, formado desde sua inf\u00e2ncia pela Comedia Del\u2019 Arte, viveu na B\u00e9lgica, estudou teatro em Paris e rodou a Europa como autor, ator e diretor de teatro antes de se juntar a Guy Lalibert\u00e9, propriet\u00e1rio&hellip; Continue reading &rarr;","og_url":"https:\/\/blog.panrotas.com.br\/direto-de-paris\/2014\/11\/24\/cirque-du-soleil-celine-dion-macau-e-o-lido-de-paris-o-que-eles-tem-em-comum\/","og_site_name":"Direto de Paris","article_author":"https:\/\/www.facebook.com\/Passeiosemparis\/","article_published_time":"2014-11-24T13:58:18+00:00","og_image":[{"url":"http:\/\/blog.panrotas.com.br\/direto-de-paris\/wp-content\/uploads\/2014\/11\/tableau1-300x191.jpg"}],"twitter_card":"summary_large_image","twitter_misc":{"Escrito por":"Silvia Helena","Est. tempo de leitura":"2 minutos"},"schema":{"@context":"https:\/\/schema.org","@graph":[{"@type":"WebSite","@id":"https:\/\/blog.panrotas.com.br\/direto-de-paris\/#website","url":"https:\/\/blog.panrotas.com.br\/direto-de-paris\/","name":"Direto de Paris","description":"Blogosfera PANROTAS","potentialAction":[{"@type":"SearchAction","target":{"@type":"EntryPoint","urlTemplate":"https:\/\/blog.panrotas.com.br\/direto-de-paris\/?s={search_term_string}"},"query-input":"required name=search_term_string"}],"inLanguage":"pt-BR"},{"@type":"ImageObject","@id":"https:\/\/blog.panrotas.com.br\/direto-de-paris\/2014\/11\/24\/cirque-du-soleil-celine-dion-macau-e-o-lido-de-paris-o-que-eles-tem-em-comum\/#primaryimage","inLanguage":"pt-BR","url":"http:\/\/blog.panrotas.com.br\/direto-de-paris\/wp-content\/uploads\/2014\/11\/tableau1-300x191.jpg","contentUrl":"http:\/\/blog.panrotas.com.br\/direto-de-paris\/wp-content\/uploads\/2014\/11\/tableau1-300x191.jpg"},{"@type":"WebPage","@id":"https:\/\/blog.panrotas.com.br\/direto-de-paris\/2014\/11\/24\/cirque-du-soleil-celine-dion-macau-e-o-lido-de-paris-o-que-eles-tem-em-comum\/#webpage","url":"https:\/\/blog.panrotas.com.br\/direto-de-paris\/2014\/11\/24\/cirque-du-soleil-celine-dion-macau-e-o-lido-de-paris-o-que-eles-tem-em-comum\/","name":"Cirque du Soleil, Celine Dion, Macau e o Lido de Paris. O que eles t\u00eam em comum? - Direto de Paris","isPartOf":{"@id":"https:\/\/blog.panrotas.com.br\/direto-de-paris\/#website"},"primaryImageOfPage":{"@id":"https:\/\/blog.panrotas.com.br\/direto-de-paris\/2014\/11\/24\/cirque-du-soleil-celine-dion-macau-e-o-lido-de-paris-o-que-eles-tem-em-comum\/#primaryimage"},"datePublished":"2014-11-24T13:58:18+00:00","dateModified":"2014-11-24T13:58:18+00:00","author":{"@id":"https:\/\/blog.panrotas.com.br\/direto-de-paris\/#\/schema\/person\/0137bff12a66d9bd80e250aa2c7000b3"},"breadcrumb":{"@id":"https:\/\/blog.panrotas.com.br\/direto-de-paris\/2014\/11\/24\/cirque-du-soleil-celine-dion-macau-e-o-lido-de-paris-o-que-eles-tem-em-comum\/#breadcrumb"},"inLanguage":"pt-BR","potentialAction":[{"@type":"ReadAction","target":["https:\/\/blog.panrotas.com.br\/direto-de-paris\/2014\/11\/24\/cirque-du-soleil-celine-dion-macau-e-o-lido-de-paris-o-que-eles-tem-em-comum\/"]}]},{"@type":"BreadcrumbList","@id":"https:\/\/blog.panrotas.com.br\/direto-de-paris\/2014\/11\/24\/cirque-du-soleil-celine-dion-macau-e-o-lido-de-paris-o-que-eles-tem-em-comum\/#breadcrumb","itemListElement":[{"@type":"ListItem","position":1,"name":"In\u00edcio","item":"https:\/\/blog.panrotas.com.br\/direto-de-paris\/"},{"@type":"ListItem","position":2,"name":"Cirque du Soleil, Celine Dion, Macau e o Lido de Paris. O que eles t\u00eam em comum?"}]},{"@type":"Person","@id":"https:\/\/blog.panrotas.com.br\/direto-de-paris\/#\/schema\/person\/0137bff12a66d9bd80e250aa2c7000b3","name":"Silvia Helena","image":{"@type":"ImageObject","@id":"https:\/\/blog.panrotas.com.br\/direto-de-paris\/#personlogo","inLanguage":"pt-BR","url":"https:\/\/secure.gravatar.com\/avatar\/0278ededd1c842496785759e4fa61c99?s=96&d=mm&r=g","contentUrl":"https:\/\/secure.gravatar.com\/avatar\/0278ededd1c842496785759e4fa61c99?s=96&d=mm&r=g","caption":"Silvia Helena"},"description":"Ap\u00f3s breves passagens pela Faculdade Metodista de S\u00e3o Bernardo e Belas Artes de S\u00e3o Paulo, aos 18 anos fui estudar no Canad\u00e1, onde vivi durante 23 anos. L\u00e1 me formei em Hist\u00f3ria da Arte pela Universidade de Montr\u00e9al, estudei turismo no Coll\u00e8ge Lasalle de Montr\u00e9al e no Institut de Tourisme et H\u00f4tellerie du Qu\u00e9bec. Comecei minha carreira na \u00e1rea trabalhando em Cuba. Durante os anos vividos no Canad\u00e1, entre outras coisas, fui guia de circuitos pela costa leste e abri minha primeira ag\u00eancia de receptivo para brasileiros. H\u00e1 18 anos um vento forte bateu nas velas da minha vida me conduzindo at\u00e9 Fran\u00e7a. Atualmente escrevo de Paris, onde vivo e trabalho dirigindo a empresa de receptivo, LA BELLE VIE.","sameAs":["http:\/\/brasileirosemparis.com","https:\/\/www.facebook.com\/Passeiosemparis\/","https:\/\/www.instagram.com\/labellevietour","https:\/\/www.linkedin.com\/in\/silvia-helena-96864a17\/"],"url":"https:\/\/blog.panrotas.com.br\/direto-de-paris\/author\/silvia\/"}]}},"jetpack_featured_media_url":"","_links":{"self":[{"href":"https:\/\/blog.panrotas.com.br\/direto-de-paris\/wp-json\/wp\/v2\/posts\/805"}],"collection":[{"href":"https:\/\/blog.panrotas.com.br\/direto-de-paris\/wp-json\/wp\/v2\/posts"}],"about":[{"href":"https:\/\/blog.panrotas.com.br\/direto-de-paris\/wp-json\/wp\/v2\/types\/post"}],"author":[{"embeddable":true,"href":"https:\/\/blog.panrotas.com.br\/direto-de-paris\/wp-json\/wp\/v2\/users\/15"}],"replies":[{"embeddable":true,"href":"https:\/\/blog.panrotas.com.br\/direto-de-paris\/wp-json\/wp\/v2\/comments?post=805"}],"version-history":[{"count":0,"href":"https:\/\/blog.panrotas.com.br\/direto-de-paris\/wp-json\/wp\/v2\/posts\/805\/revisions"}],"wp:attachment":[{"href":"https:\/\/blog.panrotas.com.br\/direto-de-paris\/wp-json\/wp\/v2\/media?parent=805"}],"wp:term":[{"taxonomy":"category","embeddable":true,"href":"https:\/\/blog.panrotas.com.br\/direto-de-paris\/wp-json\/wp\/v2\/categories?post=805"},{"taxonomy":"post_tag","embeddable":true,"href":"https:\/\/blog.panrotas.com.br\/direto-de-paris\/wp-json\/wp\/v2\/tags?post=805"}],"curies":[{"name":"wp","href":"https:\/\/api.w.org\/{rel}","templated":true}]}}