{"id":8294,"date":"2020-11-03T17:32:53","date_gmt":"2020-11-03T19:32:53","guid":{"rendered":"http:\/\/blog.panrotas.com.br\/direto-de-paris\/?p=8294"},"modified":"2020-11-03T17:32:55","modified_gmt":"2020-11-03T19:32:55","slug":"nacionalizacao-air-france-em-vista","status":"publish","type":"post","link":"https:\/\/blog.panrotas.com.br\/direto-de-paris\/2020\/11\/03\/nacionalizacao-air-france-em-vista\/","title":{"rendered":"Nacionaliza\u00e7\u00e3o Air France em vista?"},"content":{"rendered":"\n<p>A <strong>Air France-KLM,<\/strong> o grupo de transporte a\u00e9reo de passageiros oriundo da <strong>alian\u00e7a franco-holandesa da Air France e da KLM Royal Dutch Airlines<\/strong>, bem como outras seis companhias a\u00e9reas subsidi\u00e1rias, pode desaparecer sem interven\u00e7\u00e3o estatal. O grupo \u00e9 organizado em torno de um holding (Air France-KLM SA) da qual o <strong>Estado franc\u00eas \u00e9 acionista de 14,3% e o Estado holand\u00eas 14%.<\/strong><\/p>\n\n\n\n<p>Assim como a maioria das empresas a\u00e9reas mundiais, a Air France-KLM segue submersa pela crise. O grupo, que<strong> reportou resultados de perda l\u00edquida avaliada a 1,6 bilh\u00e3o de euros no terceiro trimestre<\/strong>, n\u00e3o tem obviamente perspectivas de melhorias nos pr\u00f3ximos meses tendo-se em vista a situa\u00e7\u00e3o sanit\u00e1ria. <strong>Assim, todos os olhares est\u00e3o voltados para os acionistas majorit\u00e1rios, os estados franceses e holandeses e a nacionaliza\u00e7\u00e3o \u00e9 uma id\u00e9ia recorrente na mente das pessoas.<\/strong><\/p>\n\n\n\n<p>Deve-se dizer que, diante da viol\u00eancia da crise, os sete bilh\u00f5es de euros concedidos pelo Estado Franc\u00eas para apoiar a empresa poder\u00e3o n\u00e3o ser suficientes. Triste pensar que muito provavelmente <strong>grande parte desse valor cobriu os gastos do licenciamento de 7600 funcion\u00e1rios anunciado pela empresa em julho 2020. <\/strong><\/p>\n\n\n\n<h4>Nacionaliza\u00e7\u00e3o\nAir France KLM \u00e9 inevit\u00e1vel?<\/h4>\n\n\n\n<p><strong>&#8220;A nacionaliza\u00e7\u00e3o da Air France \u00e9 uma op\u00e7\u00e3o t\u00e9cnica&#8221;, deu a entender o secret\u00e1rio de Estado dos Transportes, Jean-Baptiste Djebbari<\/strong> h\u00e1 alguns dias, segundo o canal de informa\u00e7\u00e3o <em>BFMTV Economie<\/em> . De fato, o rumor j\u00e1 anda como um fantasma nas <a href=\"https:\/\/www.liberation.fr\/france\/2020\/07\/30\/si-cette-nationalisation-se-fait-elle-ne-serait-que-temporaire_1795686\">mat\u00e9rias de jornais<\/a> desde <a href=\"https:\/\/www.clubic.com\/aeronautique\/actualite-891633-air-france-nationalisation-temporaire-unique-solution.html\">abril deste ano<\/a>. <\/p>\n\n\n\n<p><strong>Afinal, quanto dinheiro pode investir o Estado sem perspectivas de retorno?<\/strong> Assim, o mesmo Estado que tentou vender suas a\u00e7\u00f5es do holding Air-France KLM ao grupo Accord sem sucesso no passado e pretendia privatizar os Aeroportos de Paris em 2020, fala agora em nacionalizar a Air France, ainda que temporariamente. <\/p>\n\n\n\n<h4>Nacionaliza\u00e7\u00e3o da Air France-KLM \u00e9 poss\u00edvel? &nbsp;<\/h4>\n\n\n\n<p>Em entrevista para o jornal Libera\u00e7\u00e3o Marc Ivaldi, pesquisador da <a href=\"https:\/\/www.ehess.fr\/fr\">Ehess<\/a> e <strong>presidente da Associa\u00e7\u00e3o Internacional de Economistas de Transporte, discute suas d\u00favidas sobre a potencial nacionaliza\u00e7\u00e3o da Air France-KLM.<\/strong><\/p>\n\n\n\n<p>\u201c<strong>Ficaria muito surpreso se a Comiss\u00e3o Europ\u00e9ia validasse a nacionaliza\u00e7\u00e3o da Air France. <\/strong>H\u00e1 duas etapas para isso acontecer. O primeiro passo \u00e9 recomprar as a\u00e7\u00f5es dos acionistas e, em seguida, injetar um valor adicional para inflar o capital da companhia. <strong>E isso seria um problema para a Dire\u00e7\u00e3o Geral da Concorr\u00eancia<\/strong>, porque ao contr\u00e1rio do empr\u00e9stimo de 7 bilh\u00f5es de d\u00f3lares que o Estado acabou de fazer \u00e0 empresa francesa, <strong>envolveria uma interven\u00e7\u00e3o direta no capital por um longo per\u00edodo de tempo<\/strong>. A n\u00edvel franc\u00eas pode passar, mas a n\u00edvel europeu, \u00e9 claro que <strong>outras companhias a\u00e9reas, como a Ryanair, se oporiam<\/strong>. <\/p>\n\n\n\n<p>Se, no entanto, <strong>essa nacionaliza\u00e7\u00e3o ocorrer, ser\u00e1 apenas tempor\u00e1ria,<\/strong> n\u00e3o \u00e9 papel do Estado gerir empreendimentos comerciais desse tipo. <strong>Penso que estamos caminhando mais para uma reestrutura\u00e7\u00e3o do setor a\u00e9reo na Europa, com fus\u00f5es entre empresas, por exemplo<\/strong>. Nesta fase, a \u00fanica solu\u00e7\u00e3o duradoura para a crise que afeta o setor de avia\u00e7\u00e3o \u00e9 a cura para o v\u00edrus, concluiu Marc Ivaldi.\u201d <\/p>\n\n\n\n<h4>Quando a falta de dinheiro entra porta o amor sai pela janela? <\/h4>\n\n\n\n<figure class=\"wp-block-image size-large\"><img loading=\"lazy\" width=\"640\" height=\"426\" src=\"https:\/\/blog.panrotas.com.br\/direto-de-paris\/wp-content\/uploads\/sites\/26\/2020\/11\/divorce-619195_640.jpg\" alt=\"\" class=\"wp-image-8305\" srcset=\"https:\/\/blog.panrotas.com.br\/direto-de-paris\/wp-content\/uploads\/sites\/26\/2020\/11\/divorce-619195_640.jpg 640w, https:\/\/blog.panrotas.com.br\/direto-de-paris\/wp-content\/uploads\/sites\/26\/2020\/11\/divorce-619195_640-300x200.jpg 300w\" sizes=\"(max-width: 640px) 100vw, 640px\" \/><\/figure>\n\n\n\n<p>Enquanto isso, nos Pa\u00edses Baixos, a situa\u00e7\u00e3o n\u00e3o \u00e9 melhor<strong>. Ap\u00f3s o an\u00fancio de um aux\u00edlio de quase 3,5 bilh\u00f5es de euros condicionado a um plano social, <\/strong>a KLM est\u00e1 novamente considerando um &#8220;redimensionamento&#8221; de seus neg\u00f3cios. <\/p>\n\n\n\n<div class=\"wp-block-image\"><figure class=\"alignright size-large is-resized\"><img loading=\"lazy\" src=\"https:\/\/blog.panrotas.com.br\/direto-de-paris\/wp-content\/uploads\/sites\/26\/2020\/11\/group-464644_640.jpg\" alt=\"\" class=\"wp-image-8306\" width=\"247\" height=\"174\" srcset=\"https:\/\/blog.panrotas.com.br\/direto-de-paris\/wp-content\/uploads\/sites\/26\/2020\/11\/group-464644_640.jpg 640w, https:\/\/blog.panrotas.com.br\/direto-de-paris\/wp-content\/uploads\/sites\/26\/2020\/11\/group-464644_640-300x212.jpg 300w\" sizes=\"(max-width: 247px) 100vw, 247px\" \/><\/figure><\/div>\n\n\n\n<p><strong>( Gente! \u201c<em>En passant<\/em>\u201d: quem foi o espertinho que decidiu que uma onda de licenciamento e renegocia\u00e7\u00e3o de sal\u00e1rios denomina-se <em>plano social <\/em>?! )<\/strong><\/p>\n\n\n\n<h4>Cis\u00e3o pr\u00f3xima com KLM? <\/h4>\n\n\n\n<p>De acordo com o jornal La Tribune, o governo holand\u00eas congelou sua ajuda \u00e0 empresa, exigindo uma redu\u00e7\u00e3o dos sal\u00e1rios durante cinco anos para garantir o auxilio prometido. <strong>Alguns membros do Senado bat\u00e1vio querem que &#8220;KLM se torne independente novamente.<\/strong>&#8221; Uma proposta que o ministro das finan\u00e7as holand\u00eas <strong>Wopke Hoekstra<\/strong> n\u00e3o descarta: &#8220;Todos os cen\u00e1rios conceb\u00edveis est\u00e3o em estudo&#8221;, disse ele.<\/p>\n\n\n\n<p>A verdade \u00e9 que embora o servi\u00e7o de ambas as empresas tenham se mantidos impec\u00e1veis durante e ap\u00f3s a cria\u00e7\u00e3o do holding, <strong>nos bastidores a situa\u00e7\u00e3o foi freq\u00fcentemente controversa entre os dirigentes que queriam mais integra\u00e7\u00e3o e aqueles desejosos de manter maior autonomia entre os parceiros de v\u00f4o. <\/strong><\/p>\n\n\n\n<p>Agora, <strong>as rela\u00e7\u00f5es entre Paris e Haia voltaram a ficar tensas, especialmente por causa das diferen\u00e7as sobre as estrat\u00e9gias e da distribui\u00e7\u00e3o de capital<\/strong>. Desacordos que, segundo alguns analistas, podem acabar levando a uma cis\u00e3o. Recentemente, o Ministro das Finan\u00e7as holand\u00eas lembrou a Fran\u00e7a que a sobreviv\u00eancia da uni\u00e3o Air France-KLM n\u00e3o \u00e9 sistem\u00e1tica.<\/p>\n\n\n\n<p>Ou seja, visto as incertezas ligadas \u00e0 situa\u00e7\u00e3o sanit\u00e1ria, as in\u00fameras quest\u00f5es econ\u00f4micas e complexas regras comerciais que regem o mercado a\u00e9reo e suas fus\u00f5es, al\u00e9m dos desentendimentos entre os acionistas majorit\u00e1rios, essa \u201cnovela\u201d ainda vai longe. \u00a0<strong>Dif\u00edcil ainda saber se a nacionaliza\u00e7\u00e3o ficar\u00e1 no patamar dos rumores ou se tornar\u00e1 realidade. \u00a0<\/strong><\/p>\n\n\n\n<p>Veja a atual organiza\u00e7\u00e3o da empresa Air France KLM, privatizada entre 1999 e 2004.<\/p>\n\n\n\n<h4>Subsidi\u00e1rias e a\u00e7\u00f5es a\u00e9reas Air France-KLM <\/h4>\n\n\n\n<ul><li><a href=\"https:\/\/commons.wikimedia.org\/wiki\/File:Flag_of_France.svg?uselang=fr\"><\/a>&nbsp;<a href=\"https:\/\/fr.wikipedia.org\/wiki\/Air_France\">Air France<\/a><\/li><\/ul>\n\n\n\n<ul><li><a href=\"https:\/\/commons.wikimedia.org\/wiki\/File:Flag_of_France.svg?uselang=fr\"><\/a>&nbsp;<a href=\"https:\/\/fr.wikipedia.org\/wiki\/Air_France_Hop\">Air France Hop<\/a>&nbsp;(<em>fus\u00e3o\ndas empresas <a href=\"https:\/\/fr.wikipedia.org\/wiki\/R%C3%A9gional_(compagnie_a%C3%A9rienne)\">R\u00e9gional<\/a><\/em>,&nbsp;<em><a href=\"https:\/\/fr.wikipedia.org\/wiki\/Brit_Air\">Brit Air<\/a><\/em>&nbsp;et&nbsp;<em><a href=\"https:\/\/fr.wikipedia.org\/wiki\/Airlinair\">Airlinair<\/a><\/em>)<\/li><\/ul>\n\n\n\n<ul><li><a href=\"https:\/\/commons.wikimedia.org\/wiki\/File:Flag_of_France.svg?uselang=fr\"><\/a>&nbsp;<a href=\"https:\/\/fr.wikipedia.org\/wiki\/Transavia_France\">Transavia France<\/a>&nbsp;(95%\nde propriedade <a href=\"https:\/\/fr.wikipedia.org\/wiki\/Air_France\">Air France<\/a>&nbsp;et 5&nbsp;%&nbsp;<a href=\"https:\/\/fr.wikipedia.org\/wiki\/Transavia.com\">Transavia\nAirlines<\/a>)<\/li><\/ul>\n\n\n\n<ul><li><a href=\"https:\/\/commons.wikimedia.org\/wiki\/File:Flag_of_the_Netherlands.svg?uselang=fr\"><\/a>&nbsp;<a href=\"https:\/\/fr.wikipedia.org\/wiki\/KLM_Royal_Dutch_Airlines\">KLM<\/a><\/li><\/ul>\n\n\n\n<ul><li><a href=\"https:\/\/commons.wikimedia.org\/wiki\/File:Flag_of_the_Netherlands.svg?uselang=fr\"><\/a>&nbsp;<a href=\"https:\/\/fr.wikipedia.org\/wiki\/KLM_Cityhopper\">KLM Cityhopper<\/a><\/li><\/ul>\n\n\n\n<ul><li><a href=\"https:\/\/commons.wikimedia.org\/wiki\/File:Flag_of_the_Netherlands.svg?uselang=fr\"><\/a>&nbsp;<a href=\"https:\/\/fr.wikipedia.org\/wiki\/Martinair_Holland\">Martinair<\/a><\/li><\/ul>\n\n\n\n<ul><li><a href=\"https:\/\/commons.wikimedia.org\/wiki\/File:Flag_of_the_Netherlands.svg?uselang=fr\"><\/a>\u00a0<a href=\"https:\/\/fr.wikipedia.org\/wiki\/Transavia.com\">Transavia Holland<\/a>\u00a0(grupo\u00a0<a href=\"https:\/\/fr.wikipedia.org\/wiki\/Transavia.com\">Transavia Airlines<\/a>)<\/li><\/ul>\n\n\n\n<h4>Companhias a\u00e9reas onde a Air France-KLM tem uma participa\u00e7\u00e3o minorit\u00e1ria <\/h4>\n\n\n\n<ul><li><a href=\"https:\/\/commons.wikimedia.org\/wiki\/File:Flag_of_Kenya.svg?uselang=fr\"><\/a>&nbsp;<a href=\"https:\/\/fr.wikipedia.org\/wiki\/Kenya_Airways\">Kenya Airways<\/a>&nbsp;26&nbsp;<abbr title=\"pourcent\">%<\/abbr><\/li><\/ul>\n\n\n\n<ul><li><a href=\"https:\/\/commons.wikimedia.org\/wiki\/File:Flag_of_Tanzania.svg?uselang=fr\"><\/a>&nbsp;<a href=\"https:\/\/fr.wikipedia.org\/wiki\/Precision_Air\">Precision Air<\/a>&nbsp;41,23&nbsp;<abbr title=\"pourcent\">%<\/abbr>&nbsp;detentos\nvia <a href=\"https:\/\/fr.wikipedia.org\/wiki\/Kenya_Airways\">Kenya Airways<\/a><\/li><\/ul>\n\n\n\n<ul><li><a href=\"https:\/\/commons.wikimedia.org\/wiki\/File:Flag_of_C%C3%B4te_d%27Ivoire.svg?uselang=fr\"><\/a>&nbsp;<a href=\"https:\/\/fr.wikipedia.org\/wiki\/Air_C%C3%B4te_d%27Ivoire\">Air C\u00f4te d&#8217;Ivoire<\/a>&nbsp;20&nbsp;<abbr title=\"pourcent\">%<\/abbr><\/li><\/ul>\n\n\n\n<ul><li><a href=\"https:\/\/commons.wikimedia.org\/wiki\/File:Flag_of_the_Democratic_Republic_of_the_Congo.svg?uselang=fr\"><\/a>&nbsp;<a href=\"https:\/\/fr.wikipedia.org\/wiki\/Congo_Airways\">Congo Airways<\/a>&nbsp;15,9&nbsp;<abbr title=\"pourcent\">%<\/abbr><\/li><\/ul>\n\n\n\n<ul><li><a href=\"https:\/\/commons.wikimedia.org\/wiki\/File:Flag_of_France.svg?uselang=fr\"><\/a>&nbsp;<a href=\"https:\/\/fr.wikipedia.org\/wiki\/Air_Corsica\">Air Corsica<\/a>&nbsp;11,95&nbsp;<abbr title=\"pourcent\">%<\/abbr><\/li><\/ul>\n\n\n\n<ul><li><a href=\"https:\/\/commons.wikimedia.org\/wiki\/File:Flag_of_France.svg?uselang=fr\"><\/a>&nbsp;<a href=\"https:\/\/fr.wikipedia.org\/wiki\/Air_Tahiti\">Air Tahiti<\/a>&nbsp;7,48&nbsp;<abbr title=\"pourcent\">%<\/abbr><\/li><\/ul>\n\n\n\n<ul><li><a href=\"https:\/\/commons.wikimedia.org\/wiki\/File:Flag_of_Italy.svg?uselang=fr\"><\/a>&nbsp;<a href=\"https:\/\/fr.wikipedia.org\/wiki\/Alitalia\">Alitalia<\/a>&nbsp;7,08&nbsp;<abbr title=\"pourcent\">%<\/abbr>,\ne a filial&nbsp;<a href=\"https:\/\/commons.wikimedia.org\/wiki\/File:Flag_of_Italy.svg?uselang=fr\"><\/a>&nbsp;<a href=\"https:\/\/fr.wikipedia.org\/wiki\/Alitalia_CityLiner\">Alitalia CityLiner<\/a><\/li><\/ul>\n\n\n\n<ul><li><a href=\"https:\/\/commons.wikimedia.org\/wiki\/File:Flag_of_Mauritius.svg?uselang=fr\"><\/a>&nbsp;<a href=\"https:\/\/fr.wikipedia.org\/wiki\/Air_Mauritius\">Air Mauritius<\/a>&nbsp;4,89&nbsp;<abbr title=\"pourcent\">%<\/abbr><\/li><\/ul>\n\n\n\n<ul><li><a href=\"https:\/\/commons.wikimedia.org\/wiki\/File:Flag_of_France.svg?uselang=fr\"><\/a>&nbsp;<a href=\"https:\/\/fr.wikipedia.org\/wiki\/Air_Cal%C3%A9donie\">Air Cal\u00e9donie<\/a>&nbsp;2,09&nbsp;<abbr title=\"pourcent\">%<\/abbr><\/li><\/ul>\n\n\n\n<ul><li><a href=\"https:\/\/commons.wikimedia.org\/wiki\/File:Flag_of_Madagascar.svg?uselang=fr\"><\/a>&nbsp;<a href=\"https:\/\/fr.wikipedia.org\/wiki\/Air_Madagascar\">Air Madagascar<\/a>&nbsp;1,65&nbsp;<abbr title=\"pourcent\">%<\/abbr><\/li><\/ul>\n\n\n\n<ul><li><a href=\"https:\/\/commons.wikimedia.org\/wiki\/File:Flag_of_Brazil.svg?uselang=fr\"><\/a>&nbsp;<a href=\"https:\/\/fr.wikipedia.org\/wiki\/GOL_Transportes_A%C3%A9reos\">GOL Transportes A\u00e9reos<\/a>&nbsp;1,5&nbsp;<abbr title=\"pourcent\">%<\/abbr><\/li><\/ul>\n\n\n\n<ul><li><a href=\"https:\/\/commons.wikimedia.org\/wiki\/File:Flag_of_Morocco.svg?uselang=fr\"><\/a>\u00a0<a href=\"https:\/\/fr.wikipedia.org\/wiki\/Royal_Air_Maroc\">Royal Air Maroc<\/a>\u00a01,25\u00a0<abbr title=\"pourcent\">%<\/abbr><\/li><\/ul>\n\n\n\n<h4> Outras atividades totalmente de propriedade da Air France-KLM <\/h4>\n\n\n\n<ul><li><a href=\"https:\/\/commons.wikimedia.org\/wiki\/File:Flag_of_France.svg?uselang=fr\"><\/a>&nbsp;Air\nFrance Consulting<\/li><li><a href=\"https:\/\/fr.wikipedia.org\/wiki\/Air_France_Industries\">Air France Industries<\/a>&nbsp;KLM Engineering &amp; Maintenance<\/li><\/ul>\n\n\n\n<ul><li><a href=\"https:\/\/commons.wikimedia.org\/wiki\/File:Flag_of_France.svg?uselang=fr\"><\/a>&nbsp;<a href=\"https:\/\/fr.wikipedia.org\/wiki\/Air_France-KLM_Cargo\">Air France Cargo<\/a><\/li><\/ul>\n\n\n\n<ul><li><a href=\"https:\/\/commons.wikimedia.org\/wiki\/File:Flag_of_the_United_States.svg?uselang=fr\"><\/a>&nbsp;<a href=\"https:\/\/fr.wikipedia.org\/wiki\/Barfield_(entreprise)\">Barfield<\/a>&nbsp;(manuten\u00e7\u00e3o de aeronaves \u00c9tats-Unis)<\/li><\/ul>\n\n\n\n<ul><li><a href=\"https:\/\/commons.wikimedia.org\/wiki\/File:Flag_of_France.svg?uselang=fr\"><\/a>\u00a0<a href=\"https:\/\/fr.wikipedia.org\/wiki\/Soci%C3%A9t%C3%A9_de_construction_et_de_r%C3%A9paration_de_mat%C3%A9riel_a%C3%A9ronautique\">CRMA<\/a><\/li><li>AFI KLM E&amp;M Components China<\/li><li>KLM UK Engineering<\/li><\/ul>\n\n\n\n<ul><li><a href=\"https:\/\/commons.wikimedia.org\/wiki\/File:Flag_of_the_Netherlands.svg?uselang=fr\"><\/a>&nbsp;EPCOR<\/li><\/ul>\n\n\n\n<ul><li><a href=\"https:\/\/commons.wikimedia.org\/wiki\/File:Flag_of_the_United_States.svg?uselang=fr\"><\/a>&nbsp;Aero\nMaintenance Group<\/li><\/ul>\n\n\n\n<ul><li><a href=\"https:\/\/commons.wikimedia.org\/wiki\/File:Flag_of_the_Netherlands.svg?uselang=fr\"><\/a>&nbsp;<a href=\"https:\/\/fr.wikipedia.org\/wiki\/KLM_Cargo\">KLM Cargo<\/a><\/li><\/ul>\n\n\n\n<ul><li><a href=\"https:\/\/commons.wikimedia.org\/wiki\/File:Flag_of_France.svg?uselang=fr\"><\/a>&nbsp;<a href=\"https:\/\/fr.wikipedia.org\/wiki\/Servair\">Servair<\/a><\/li><\/ul>\n\n\n\n<h4>Frota <\/h4>\n\n\n\n<ul><li>A\nempresa tem 516 aeronaves<\/li><li>157 aeronaves de longo curso;<\/li><li>248 aeronaves de transporte m\u00e9dio;<\/li><li>105 aeronaves regionais;<\/li><li>6 avi\u00f5es de carga.<\/li><\/ul>\n\n\n\n<p>45% dessas\naeronaves s\u00e3o de propriedade do grupo, 19% s\u00e3o alugadas e 36% s\u00e3o alugu\u00e9is\noperacionais.<br><\/p>\n","protected":false},"excerpt":{"rendered":"<p>A Air France-KLM, o grupo de transporte a\u00e9reo de passageiros oriundo da alian\u00e7a franco-holandesa da Air France e da KLM Royal Dutch Airlines, bem como outras seis companhias a\u00e9reas subsidi\u00e1rias, pode desaparecer sem interven\u00e7\u00e3o estatal. O grupo \u00e9 organizado em torno de um holding (Air France-KLM SA) da qual o Estado franc\u00eas \u00e9 acionista de&hellip; <a class=\"more-link\" href=\"https:\/\/blog.panrotas.com.br\/direto-de-paris\/2020\/11\/03\/nacionalizacao-air-france-em-vista\/\">Continue reading &rarr;<\/a><\/p>\n","protected":false},"author":15,"featured_media":7973,"comment_status":"open","ping_status":"open","sticky":false,"template":"","format":"standard","meta":{"spay_email":""},"categories":[2,8],"tags":[88],"yoast_head":"<!-- This site is optimized with the Yoast SEO plugin v17.3 - https:\/\/yoast.com\/wordpress\/plugins\/seo\/ -->\n<title>Nacionaliza\u00e7\u00e3o Air France em vista? - Direto de Paris<\/title>\n<meta name=\"description\" content=\"A nacionaliza\u00e7\u00e3o da Air France \u00e9 uma op\u00e7\u00e3o t\u00e9cnica&quot;, deu a entender o secret\u00e1rio de Estado dos Transportes, Jean-Baptiste Djebbari\" \/>\n<meta name=\"robots\" content=\"index, follow, max-snippet:-1, max-image-preview:large, max-video-preview:-1\" \/>\n<link rel=\"canonical\" href=\"http:\/\/blog.panrotas.com.br\/direto-de-paris\/2020\/11\/03\/nacionalizacao-air-france-em-vista\/\" \/>\n<meta property=\"og:locale\" content=\"pt_BR\" \/>\n<meta property=\"og:type\" content=\"article\" \/>\n<meta property=\"og:title\" content=\"Nacionaliza\u00e7\u00e3o Air France em vista? - Direto de Paris\" \/>\n<meta property=\"og:description\" content=\"A nacionaliza\u00e7\u00e3o da Air France \u00e9 uma op\u00e7\u00e3o t\u00e9cnica&quot;, deu a entender o secret\u00e1rio de Estado dos Transportes, Jean-Baptiste Djebbari\" \/>\n<meta property=\"og:url\" content=\"http:\/\/blog.panrotas.com.br\/direto-de-paris\/2020\/11\/03\/nacionalizacao-air-france-em-vista\/\" \/>\n<meta property=\"og:site_name\" content=\"Direto de Paris\" \/>\n<meta property=\"article:author\" content=\"https:\/\/www.facebook.com\/Passeiosemparis\/\" \/>\n<meta property=\"article:published_time\" content=\"2020-11-03T19:32:53+00:00\" \/>\n<meta property=\"article:modified_time\" content=\"2020-11-03T19:32:55+00:00\" \/>\n<meta property=\"og:image\" content=\"http:\/\/blog.panrotas.com.br\/direto-de-paris\/wp-content\/uploads\/sites\/26\/2020\/05\/air-france.jpg\" \/>\n\t<meta property=\"og:image:width\" content=\"1280\" \/>\n\t<meta property=\"og:image:height\" content=\"960\" \/>\n<meta name=\"twitter:card\" content=\"summary_large_image\" \/>\n<meta name=\"twitter:label1\" content=\"Escrito por\" \/>\n\t<meta name=\"twitter:data1\" content=\"Silvia Helena\" \/>\n\t<meta name=\"twitter:label2\" content=\"Est. tempo de leitura\" \/>\n\t<meta name=\"twitter:data2\" content=\"6 minutos\" \/>\n<script type=\"application\/ld+json\" class=\"yoast-schema-graph\">{\"@context\":\"https:\/\/schema.org\",\"@graph\":[{\"@type\":\"WebSite\",\"@id\":\"https:\/\/blog.panrotas.com.br\/direto-de-paris\/#website\",\"url\":\"https:\/\/blog.panrotas.com.br\/direto-de-paris\/\",\"name\":\"Direto de Paris\",\"description\":\"Blogosfera PANROTAS\",\"potentialAction\":[{\"@type\":\"SearchAction\",\"target\":{\"@type\":\"EntryPoint\",\"urlTemplate\":\"https:\/\/blog.panrotas.com.br\/direto-de-paris\/?s={search_term_string}\"},\"query-input\":\"required name=search_term_string\"}],\"inLanguage\":\"pt-BR\"},{\"@type\":\"ImageObject\",\"@id\":\"http:\/\/blog.panrotas.com.br\/direto-de-paris\/2020\/11\/03\/nacionalizacao-air-france-em-vista\/#primaryimage\",\"inLanguage\":\"pt-BR\",\"url\":\"https:\/\/blog.panrotas.com.br\/direto-de-paris\/wp-content\/uploads\/sites\/26\/2020\/05\/air-france.jpg\",\"contentUrl\":\"https:\/\/blog.panrotas.com.br\/direto-de-paris\/wp-content\/uploads\/sites\/26\/2020\/05\/air-france.jpg\",\"width\":1280,\"height\":960},{\"@type\":\"WebPage\",\"@id\":\"http:\/\/blog.panrotas.com.br\/direto-de-paris\/2020\/11\/03\/nacionalizacao-air-france-em-vista\/#webpage\",\"url\":\"http:\/\/blog.panrotas.com.br\/direto-de-paris\/2020\/11\/03\/nacionalizacao-air-france-em-vista\/\",\"name\":\"Nacionaliza\\u00e7\\u00e3o Air France em vista? - Direto de Paris\",\"isPartOf\":{\"@id\":\"https:\/\/blog.panrotas.com.br\/direto-de-paris\/#website\"},\"primaryImageOfPage\":{\"@id\":\"http:\/\/blog.panrotas.com.br\/direto-de-paris\/2020\/11\/03\/nacionalizacao-air-france-em-vista\/#primaryimage\"},\"datePublished\":\"2020-11-03T19:32:53+00:00\",\"dateModified\":\"2020-11-03T19:32:55+00:00\",\"author\":{\"@id\":\"https:\/\/blog.panrotas.com.br\/direto-de-paris\/#\/schema\/person\/0137bff12a66d9bd80e250aa2c7000b3\"},\"description\":\"A nacionaliza\\u00e7\\u00e3o da Air France \\u00e9 uma op\\u00e7\\u00e3o t\\u00e9cnica\\\", deu a entender o secret\\u00e1rio de Estado dos Transportes, Jean-Baptiste Djebbari\",\"breadcrumb\":{\"@id\":\"http:\/\/blog.panrotas.com.br\/direto-de-paris\/2020\/11\/03\/nacionalizacao-air-france-em-vista\/#breadcrumb\"},\"inLanguage\":\"pt-BR\",\"potentialAction\":[{\"@type\":\"ReadAction\",\"target\":[\"http:\/\/blog.panrotas.com.br\/direto-de-paris\/2020\/11\/03\/nacionalizacao-air-france-em-vista\/\"]}]},{\"@type\":\"BreadcrumbList\",\"@id\":\"http:\/\/blog.panrotas.com.br\/direto-de-paris\/2020\/11\/03\/nacionalizacao-air-france-em-vista\/#breadcrumb\",\"itemListElement\":[{\"@type\":\"ListItem\",\"position\":1,\"name\":\"In\\u00edcio\",\"item\":\"https:\/\/blog.panrotas.com.br\/direto-de-paris\/\"},{\"@type\":\"ListItem\",\"position\":2,\"name\":\"Nacionaliza\\u00e7\\u00e3o Air France em vista?\"}]},{\"@type\":\"Person\",\"@id\":\"https:\/\/blog.panrotas.com.br\/direto-de-paris\/#\/schema\/person\/0137bff12a66d9bd80e250aa2c7000b3\",\"name\":\"Silvia Helena\",\"image\":{\"@type\":\"ImageObject\",\"@id\":\"https:\/\/blog.panrotas.com.br\/direto-de-paris\/#personlogo\",\"inLanguage\":\"pt-BR\",\"url\":\"https:\/\/secure.gravatar.com\/avatar\/0278ededd1c842496785759e4fa61c99?s=96&d=mm&r=g\",\"contentUrl\":\"https:\/\/secure.gravatar.com\/avatar\/0278ededd1c842496785759e4fa61c99?s=96&d=mm&r=g\",\"caption\":\"Silvia Helena\"},\"description\":\"Ap\\u00f3s breves passagens pela Faculdade Metodista de S\\u00e3o Bernardo e Belas Artes de S\\u00e3o Paulo, aos 18 anos fui estudar no Canad\\u00e1, onde vivi durante 23 anos. L\\u00e1 me formei em Hist\\u00f3ria da Arte pela Universidade de Montr\\u00e9al, estudei turismo no Coll\\u00e8ge Lasalle de Montr\\u00e9al e no Institut de Tourisme et H\\u00f4tellerie du Qu\\u00e9bec. Comecei minha carreira na \\u00e1rea trabalhando em Cuba. Durante os anos vividos no Canad\\u00e1, entre outras coisas, fui guia de circuitos pela costa leste e abri minha primeira ag\\u00eancia de receptivo para brasileiros. H\\u00e1 18 anos um vento forte bateu nas velas da minha vida me conduzindo at\\u00e9 Fran\\u00e7a. Atualmente escrevo de Paris, onde vivo e trabalho dirigindo a empresa de receptivo, LA BELLE VIE.\",\"sameAs\":[\"http:\/\/brasileirosemparis.com\",\"https:\/\/www.facebook.com\/Passeiosemparis\/\",\"https:\/\/www.instagram.com\/labellevietour\",\"https:\/\/www.linkedin.com\/in\/silvia-helena-96864a17\/\"],\"url\":\"https:\/\/blog.panrotas.com.br\/direto-de-paris\/author\/silvia\/\"}]}<\/script>\n<!-- \/ Yoast SEO plugin. -->","yoast_head_json":{"title":"Nacionaliza\u00e7\u00e3o Air France em vista? - Direto de Paris","description":"A nacionaliza\u00e7\u00e3o da Air France \u00e9 uma op\u00e7\u00e3o t\u00e9cnica\", deu a entender o secret\u00e1rio de Estado dos Transportes, Jean-Baptiste Djebbari","robots":{"index":"index","follow":"follow","max-snippet":"max-snippet:-1","max-image-preview":"max-image-preview:large","max-video-preview":"max-video-preview:-1"},"canonical":"http:\/\/blog.panrotas.com.br\/direto-de-paris\/2020\/11\/03\/nacionalizacao-air-france-em-vista\/","og_locale":"pt_BR","og_type":"article","og_title":"Nacionaliza\u00e7\u00e3o Air France em vista? - Direto de Paris","og_description":"A nacionaliza\u00e7\u00e3o da Air France \u00e9 uma op\u00e7\u00e3o t\u00e9cnica\", deu a entender o secret\u00e1rio de Estado dos Transportes, Jean-Baptiste Djebbari","og_url":"http:\/\/blog.panrotas.com.br\/direto-de-paris\/2020\/11\/03\/nacionalizacao-air-france-em-vista\/","og_site_name":"Direto de Paris","article_author":"https:\/\/www.facebook.com\/Passeiosemparis\/","article_published_time":"2020-11-03T19:32:53+00:00","article_modified_time":"2020-11-03T19:32:55+00:00","og_image":[{"width":1280,"height":960,"url":"http:\/\/blog.panrotas.com.br\/direto-de-paris\/wp-content\/uploads\/sites\/26\/2020\/05\/air-france.jpg","type":"image\/jpeg"}],"twitter_card":"summary_large_image","twitter_misc":{"Escrito por":"Silvia Helena","Est. tempo de leitura":"6 minutos"},"schema":{"@context":"https:\/\/schema.org","@graph":[{"@type":"WebSite","@id":"https:\/\/blog.panrotas.com.br\/direto-de-paris\/#website","url":"https:\/\/blog.panrotas.com.br\/direto-de-paris\/","name":"Direto de Paris","description":"Blogosfera PANROTAS","potentialAction":[{"@type":"SearchAction","target":{"@type":"EntryPoint","urlTemplate":"https:\/\/blog.panrotas.com.br\/direto-de-paris\/?s={search_term_string}"},"query-input":"required name=search_term_string"}],"inLanguage":"pt-BR"},{"@type":"ImageObject","@id":"http:\/\/blog.panrotas.com.br\/direto-de-paris\/2020\/11\/03\/nacionalizacao-air-france-em-vista\/#primaryimage","inLanguage":"pt-BR","url":"https:\/\/blog.panrotas.com.br\/direto-de-paris\/wp-content\/uploads\/sites\/26\/2020\/05\/air-france.jpg","contentUrl":"https:\/\/blog.panrotas.com.br\/direto-de-paris\/wp-content\/uploads\/sites\/26\/2020\/05\/air-france.jpg","width":1280,"height":960},{"@type":"WebPage","@id":"http:\/\/blog.panrotas.com.br\/direto-de-paris\/2020\/11\/03\/nacionalizacao-air-france-em-vista\/#webpage","url":"http:\/\/blog.panrotas.com.br\/direto-de-paris\/2020\/11\/03\/nacionalizacao-air-france-em-vista\/","name":"Nacionaliza\u00e7\u00e3o Air France em vista? - Direto de Paris","isPartOf":{"@id":"https:\/\/blog.panrotas.com.br\/direto-de-paris\/#website"},"primaryImageOfPage":{"@id":"http:\/\/blog.panrotas.com.br\/direto-de-paris\/2020\/11\/03\/nacionalizacao-air-france-em-vista\/#primaryimage"},"datePublished":"2020-11-03T19:32:53+00:00","dateModified":"2020-11-03T19:32:55+00:00","author":{"@id":"https:\/\/blog.panrotas.com.br\/direto-de-paris\/#\/schema\/person\/0137bff12a66d9bd80e250aa2c7000b3"},"description":"A nacionaliza\u00e7\u00e3o da Air France \u00e9 uma op\u00e7\u00e3o t\u00e9cnica\", deu a entender o secret\u00e1rio de Estado dos Transportes, Jean-Baptiste Djebbari","breadcrumb":{"@id":"http:\/\/blog.panrotas.com.br\/direto-de-paris\/2020\/11\/03\/nacionalizacao-air-france-em-vista\/#breadcrumb"},"inLanguage":"pt-BR","potentialAction":[{"@type":"ReadAction","target":["http:\/\/blog.panrotas.com.br\/direto-de-paris\/2020\/11\/03\/nacionalizacao-air-france-em-vista\/"]}]},{"@type":"BreadcrumbList","@id":"http:\/\/blog.panrotas.com.br\/direto-de-paris\/2020\/11\/03\/nacionalizacao-air-france-em-vista\/#breadcrumb","itemListElement":[{"@type":"ListItem","position":1,"name":"In\u00edcio","item":"https:\/\/blog.panrotas.com.br\/direto-de-paris\/"},{"@type":"ListItem","position":2,"name":"Nacionaliza\u00e7\u00e3o Air France em vista?"}]},{"@type":"Person","@id":"https:\/\/blog.panrotas.com.br\/direto-de-paris\/#\/schema\/person\/0137bff12a66d9bd80e250aa2c7000b3","name":"Silvia Helena","image":{"@type":"ImageObject","@id":"https:\/\/blog.panrotas.com.br\/direto-de-paris\/#personlogo","inLanguage":"pt-BR","url":"https:\/\/secure.gravatar.com\/avatar\/0278ededd1c842496785759e4fa61c99?s=96&d=mm&r=g","contentUrl":"https:\/\/secure.gravatar.com\/avatar\/0278ededd1c842496785759e4fa61c99?s=96&d=mm&r=g","caption":"Silvia Helena"},"description":"Ap\u00f3s breves passagens pela Faculdade Metodista de S\u00e3o Bernardo e Belas Artes de S\u00e3o Paulo, aos 18 anos fui estudar no Canad\u00e1, onde vivi durante 23 anos. L\u00e1 me formei em Hist\u00f3ria da Arte pela Universidade de Montr\u00e9al, estudei turismo no Coll\u00e8ge Lasalle de Montr\u00e9al e no Institut de Tourisme et H\u00f4tellerie du Qu\u00e9bec. Comecei minha carreira na \u00e1rea trabalhando em Cuba. Durante os anos vividos no Canad\u00e1, entre outras coisas, fui guia de circuitos pela costa leste e abri minha primeira ag\u00eancia de receptivo para brasileiros. H\u00e1 18 anos um vento forte bateu nas velas da minha vida me conduzindo at\u00e9 Fran\u00e7a. Atualmente escrevo de Paris, onde vivo e trabalho dirigindo a empresa de receptivo, LA BELLE VIE.","sameAs":["http:\/\/brasileirosemparis.com","https:\/\/www.facebook.com\/Passeiosemparis\/","https:\/\/www.instagram.com\/labellevietour","https:\/\/www.linkedin.com\/in\/silvia-helena-96864a17\/"],"url":"https:\/\/blog.panrotas.com.br\/direto-de-paris\/author\/silvia\/"}]}},"jetpack_featured_media_url":"https:\/\/blog.panrotas.com.br\/direto-de-paris\/wp-content\/uploads\/sites\/26\/2020\/05\/air-france.jpg","_links":{"self":[{"href":"https:\/\/blog.panrotas.com.br\/direto-de-paris\/wp-json\/wp\/v2\/posts\/8294"}],"collection":[{"href":"https:\/\/blog.panrotas.com.br\/direto-de-paris\/wp-json\/wp\/v2\/posts"}],"about":[{"href":"https:\/\/blog.panrotas.com.br\/direto-de-paris\/wp-json\/wp\/v2\/types\/post"}],"author":[{"embeddable":true,"href":"https:\/\/blog.panrotas.com.br\/direto-de-paris\/wp-json\/wp\/v2\/users\/15"}],"replies":[{"embeddable":true,"href":"https:\/\/blog.panrotas.com.br\/direto-de-paris\/wp-json\/wp\/v2\/comments?post=8294"}],"version-history":[{"count":12,"href":"https:\/\/blog.panrotas.com.br\/direto-de-paris\/wp-json\/wp\/v2\/posts\/8294\/revisions"}],"predecessor-version":[{"id":8310,"href":"https:\/\/blog.panrotas.com.br\/direto-de-paris\/wp-json\/wp\/v2\/posts\/8294\/revisions\/8310"}],"wp:featuredmedia":[{"embeddable":true,"href":"https:\/\/blog.panrotas.com.br\/direto-de-paris\/wp-json\/wp\/v2\/media\/7973"}],"wp:attachment":[{"href":"https:\/\/blog.panrotas.com.br\/direto-de-paris\/wp-json\/wp\/v2\/media?parent=8294"}],"wp:term":[{"taxonomy":"category","embeddable":true,"href":"https:\/\/blog.panrotas.com.br\/direto-de-paris\/wp-json\/wp\/v2\/categories?post=8294"},{"taxonomy":"post_tag","embeddable":true,"href":"https:\/\/blog.panrotas.com.br\/direto-de-paris\/wp-json\/wp\/v2\/tags?post=8294"}],"curies":[{"name":"wp","href":"https:\/\/api.w.org\/{rel}","templated":true}]}}