{"id":9227,"date":"2021-09-15T09:32:14","date_gmt":"2021-09-15T12:32:14","guid":{"rendered":"https:\/\/blog.panrotas.com.br\/direto-de-paris\/?p=9227"},"modified":"2021-09-15T09:44:48","modified_gmt":"2021-09-15T12:44:48","slug":"paris-na-pratica","status":"publish","type":"post","link":"https:\/\/blog.panrotas.com.br\/direto-de-paris\/2021\/09\/15\/paris-na-pratica\/","title":{"rendered":"Viajar para Paris e Fran\u00e7a em 2021 na pr\u00e1tica"},"content":{"rendered":"\n<p>Neste artigo vamos ver como est\u00e3o se passando as viagens para <strong>Paris e Fran\u00e7a em 2021 na pr\u00e1tica<\/strong><\/p>\n\n\n\n<p>Muita gente est\u00e1 curiosa ou at\u00e9 mesmo necessitando saber como est\u00e3o as coisas por aqui e <strong>sobretudo como est\u00e3o as coisas para chegar aqui.<\/strong><\/p>\n\n\n\n<p>Como sabido, est\u00e1 liberada a entrada na Fran\u00e7a de brasileiros vacinados com <strong><a href=\"https:\/\/www.panrotas.com.br\/mercado\/destinos\/2021\/09\/franca-tem-novo-procedimento-para-emissao-de-passe-sanitario_183937.html\" target=\"_blank\" rel=\"noreferrer noopener\">Pfizer, Moderna, AstraZeneca ou Janssen.&nbsp;<\/a><\/strong><\/p>\n\n\n\n<h3>Mas na pr\u00e1tica como funciona? &nbsp;<\/h3>\n\n\n\n<p>O Minist\u00e9rio da Europa e das Rela\u00e7\u00f5es Exteriores criou um sistema espec\u00edfico que permite aos turistas estrangeiros vacinados com uma das vacinas reconhecidas pela Ag\u00eancia Europeia de Medicamentos (EMA) obtenham um passe de sa\u00fade v\u00e1lido em territ\u00f3rio franc\u00eas.<\/p>\n\n\n\n<p>O <a href=\"https:\/\/blog.panrotas.com.br\/direto-de-paris\/2021\/07\/13\/passe-sanitario\/\" target=\"_blank\" rel=\"noreferrer noopener\">passe sanit\u00e1rio<\/a> para turistas estrangeiros vacinados pode ser solicitado nas seguintes condi\u00e7\u00f5es:<\/p>\n\n\n\n<ul><li>Ter 18 anos ou mais (at\u00e9 30 de setembro de 2021 o passe sanit\u00e1rio n\u00e3o \u00e9 exigido para menores de 12 a 17 anos; al\u00e9m disso, menores de 12 anos n\u00e3o est\u00e3o sujeitos \u00e0 obriga\u00e7\u00e3o de passagem sanit\u00e1ria);<\/li><li>Ter sido vacinado com uma vacina aprovada pela EMA ou equivalente e ter um calend\u00e1rio de vacina\u00e7\u00e3o completa;<\/li><li>J\u00e1 ter cumprido mais de 4 semanas ap\u00f3s a inje\u00e7\u00e3o para vacinas de uma dose (Johnson &amp; Johnson), mais de 7 dias ap\u00f3s a segunda inje\u00e7\u00e3o para vacinas de duas doses (por exemplo, Pfizer, Moderna, AstraZeneca); &nbsp;mais de 7 dias ap\u00f3s a inje\u00e7\u00e3o se voc\u00ea se recuperou de Covid-19 (neste caso, apenas uma inje\u00e7\u00e3o \u00e9 necess\u00e1ria);<\/li><\/ul>\n\n\n\n<p><strong>Para se beneficiar deste dispositivo, o passageiro deve acessar o <em>link<\/em> a seguir<\/strong> <a href=\"https:\/\/www.demarches-simplifiees.fr\/commencer\/passe-sanitaire-etrangers\">Demande de conversion d\u2019un certificat de vaccination \u00e9tranger en passe sanitaire fran\u00e7ais (\u00e9trangers) \u00b7 demarches-simplifiees.fr<\/a><\/p>\n\n\n\n<p>Assim que a solicita\u00e7\u00e3o for processada, um correio eletr\u00f4nico contendo o c\u00f3digo QR ser\u00e1 enviado. Pode ser impresso e apresentado em papel ou em formato digital e sua dura\u00e7\u00e3o n\u00e3o ser\u00e1 limitada.<\/p>\n\n\n\n<p>As informa\u00e7\u00f5es acima podem ser encontradas no Panrotas e tamb\u00e9m site da embaixada francesa no Brasil e meu <strong>post aqui n\u00e3o teria raz\u00e3o nenhuma de existir se o sistema estivesse funcionando perfeitamente. Teoricamente parece f\u00e1cil, por\u00e9m&#8230;<\/strong><\/p>\n\n\n\n<div class=\"wp-block-image\"><figure class=\"aligncenter size-large\"><img loading=\"lazy\" width=\"371\" height=\"640\" src=\"https:\/\/blog.panrotas.com.br\/direto-de-paris\/wp-content\/uploads\/sites\/26\/2021\/09\/passe-sanitario-tramite.jpg\" alt=\"\" class=\"wp-image-9228\" srcset=\"https:\/\/blog.panrotas.com.br\/direto-de-paris\/wp-content\/uploads\/sites\/26\/2021\/09\/passe-sanitario-tramite.jpg 371w, https:\/\/blog.panrotas.com.br\/direto-de-paris\/wp-content\/uploads\/sites\/26\/2021\/09\/passe-sanitario-tramite-174x300.jpg 174w\" sizes=\"(max-width: 371px) 100vw, 371px\" \/><\/figure><\/div>\n\n\n\n<h3>Paris e a Fran\u00e7a na pr\u00e1tica: Bug no sistema, o que fazer<\/h3>\n\n\n\n<p>De fato, na pr\u00e1tica esse tr\u00e2mite pode n\u00e3o funcionar, <strong>devido ao grande n\u00famero de pedidos. <\/strong>&nbsp;<\/p>\n\n\n\n<p>Assim, alguns clientes j\u00e1 chegaram aqui viajando com o passe emitido pelo SUS. Esse documento do SUS \u00e9 na grande maioria das vezes aceito em locais tur\u00edsticos e restaurantes, <strong>por\u00e9m aten\u00e7\u00e3o, essa n\u00e3o \u00e9 uma informa\u00e7\u00e3o oficial, trata-se de uma constata\u00e7\u00e3o pr\u00e1tica que depende completamente do controlador na porta do estabelecimento. A grande maioria dos controles n\u00e3o \u00e9 excessivamente zelosa.<\/strong><\/p>\n\n\n\n<div class=\"wp-block-image\"><figure class=\"aligncenter size-large\"><img loading=\"lazy\" width=\"480\" height=\"640\" src=\"https:\/\/blog.panrotas.com.br\/direto-de-paris\/wp-content\/uploads\/sites\/26\/2021\/09\/placa-passe-sanitario.jpg\" alt=\"\" class=\"wp-image-9229\" srcset=\"https:\/\/blog.panrotas.com.br\/direto-de-paris\/wp-content\/uploads\/sites\/26\/2021\/09\/placa-passe-sanitario.jpg 480w, https:\/\/blog.panrotas.com.br\/direto-de-paris\/wp-content\/uploads\/sites\/26\/2021\/09\/placa-passe-sanitario-225x300.jpg 225w\" sizes=\"(max-width: 480px) 100vw, 480px\" \/><figcaption>Nos bares e restaurantes os gar\u00e7ons controlam os passes, <em>scaneam<\/em> o QR code e pronto! <\/figcaption><\/figure><\/div>\n\n\n\n<h3>Um passe emitido em territ\u00f3rio franc\u00eas v\u00e1lido por 72h<\/h3>\n\n\n\n<div class=\"wp-block-image\"><figure class=\"aligncenter size-large\"><img loading=\"lazy\" width=\"480\" height=\"640\" src=\"https:\/\/blog.panrotas.com.br\/direto-de-paris\/wp-content\/uploads\/sites\/26\/2021\/09\/quiosque-teste-covid-paris.jpg\" alt=\"\" class=\"wp-image-9233\" srcset=\"https:\/\/blog.panrotas.com.br\/direto-de-paris\/wp-content\/uploads\/sites\/26\/2021\/09\/quiosque-teste-covid-paris.jpg 480w, https:\/\/blog.panrotas.com.br\/direto-de-paris\/wp-content\/uploads\/sites\/26\/2021\/09\/quiosque-teste-covid-paris-225x300.jpg 225w\" sizes=\"(max-width: 480px) 100vw, 480px\" \/><figcaption>Quiosques para testes em v\u00e1rias esquinas <\/figcaption><\/figure><\/div>\n\n\n\n<p>Alternativamente, se o passageiro<strong> tem hora marcada para uma visita e n\u00e3o quer correr o risco de ser barrado<\/strong>, uma vez na Fran\u00e7a, um passe sanit\u00e1rio limitado a 72 horas tamb\u00e9m pode ser obtido atrav\u00e9s de um teste negativo.<\/p>\n\n\n\n<div class=\"wp-block-image\"><figure class=\"aligncenter size-large is-resized\"><img loading=\"lazy\" src=\"https:\/\/blog.panrotas.com.br\/direto-de-paris\/wp-content\/uploads\/sites\/26\/2021\/09\/certificado-europeu-1.jpg\" alt=\"\" class=\"wp-image-9231\" width=\"496\" height=\"659\" \/><\/figure><\/div>\n\n\n\n<p>Pois na teoria, para pessoas <strong>sem vacina\u00e7\u00e3o ou comprovante europeu da mesma, \u00e9 necess\u00e1rio um teste negativo de menos de 72 horas para atividades sujeitas ao passe<\/strong> (restaurantes, museus, grandes eventos, etc.). Esses testes podem ser feitos em laborat\u00f3rios, <strong>mas tamb\u00e9m nos in\u00fameros quiosques espalhados pelas cidades.<\/strong> A entrega do resultado se faz em 15 minutos e seu custo varia entre 30 e 35 euros.  Reitero: na pr\u00e1tica, em muitos lugares o comprovante do SUS \u00e9 aceito, mas para certas visitas, melhor n\u00e3o arriscar. <\/p>\n\n\n\n<p>A realiza\u00e7\u00e3o deste teste negativo ser\u00e1 tamb\u00e9m necess\u00e1ria para a volta do passageiro ao Brasil.<\/p>\n\n\n\n<p class=\"has-text-align-center\"><a href=\"https:\/\/www-sante-fr.translate.goog\/cf\/centres-depistage-covid\/departement-75-paris.html?_x_tr_sl=auto&amp;_x_tr_tl=pt&amp;_x_tr_hl=pt-BR&amp;_x_tr_pto=ajax,nv,elem\">Aqui a lista dos laborat\u00f3rios para realiza\u00e7\u00e3o do teste PCR<\/a> na Fran\u00e7a<\/p>\n\n\n\n<h3>Passageiros n\u00e3o vacinados \u2013 somente motivo imperativo<\/h3>\n\n\n\n<p>Todos os viajantes n\u00e3o vacinados <strong>est\u00e3o sujeitos ao regime de motivos imperativos, da qual a lista est\u00e1 especificada no <a href=\"https:\/\/static.ccm2.net\/scrib-files\/25647391.pdf\">certificado de viagem emitido pelo Minist\u00e9rio do Interior<\/a>.<\/strong><\/p>\n\n\n\n<p>Os passageiros n\u00e3o vacinados devem apresentar documento que comprove o <strong>motivo imperativo da viagem <\/strong>e um teste PCR ou de ant\u00edgeno com resultado negativo e realizado 48 horas antes do embarque. Nesta lista, podem entrar na Fran\u00e7a: o<strong>s franceses, seus c\u00f4njuges e filhos, nacionais da \u00e1rea europeia, bem como seus c\u00f4njuges e filhos que t\u00eam sua resid\u00eancia principal na Fran\u00e7a<\/strong> ou que se juntam, em tr\u00e2nsito pela Fran\u00e7a, \u00e0 sua principal resid\u00eancia em um pa\u00eds da \u00e1rea europeia. <\/p>\n\n\n\n<p>Esses passageiros dever\u00e3o igualmente efetuar <strong>uma quarentena obrigat\u00f3ria de 10 dias, controlada pelas for\u00e7as de seguran\u00e7a<\/strong>.  <\/p>\n\n\n\n<p>Tendo escrito tudo isso, agora s\u00f3 me basta rezar para que as normas n\u00e3o mudem repentinamente! <\/p>\n\n\n\n<p>E Paris? Como est\u00e1? <\/p>\n\n\n\n<div class=\"wp-block-jetpack-tiled-gallery is-style-rectangular\"><div class=\"tiled-gallery__gallery\"><div class=\"tiled-gallery__row\"><div class=\"tiled-gallery__col\" style=\"flex-basis:46.94323%\"><figure class=\"tiled-gallery__item\"><img srcset=\"https:\/\/i1.wp.com\/blog.panrotas.com.br\/direto-de-paris\/wp-content\/uploads\/sites\/26\/2021\/09\/cafe-calcada-paris.jpg?strip=info&#038;w=600&#038;ssl=1 600w,https:\/\/i1.wp.com\/blog.panrotas.com.br\/direto-de-paris\/wp-content\/uploads\/sites\/26\/2021\/09\/cafe-calcada-paris.jpg?strip=info&#038;w=900&#038;ssl=1 900w,https:\/\/i1.wp.com\/blog.panrotas.com.br\/direto-de-paris\/wp-content\/uploads\/sites\/26\/2021\/09\/cafe-calcada-paris.jpg?strip=info&#038;w=1175&#038;ssl=1 1175w\" alt=\"\" data-height=\"881\" data-id=\"9236\" data-link=\"https:\/\/blog.panrotas.com.br\/direto-de-paris\/?attachment_id=9236\" data-url=\"https:\/\/blog.panrotas.com.br\/direto-de-paris\/wp-content\/uploads\/sites\/26\/2021\/09\/cafe-calcada-paris.jpg\" data-width=\"1175\" src=\"https:\/\/i1.wp.com\/blog.panrotas.com.br\/direto-de-paris\/wp-content\/uploads\/sites\/26\/2021\/09\/cafe-calcada-paris.jpg?ssl=1\" data-amp-layout=\"responsive\" \/><\/figure><figure class=\"tiled-gallery__item\"><img srcset=\"https:\/\/i1.wp.com\/blog.panrotas.com.br\/direto-de-paris\/wp-content\/uploads\/sites\/26\/2021\/09\/mesas-calcada-paris.jpg?strip=info&#038;w=600&#038;ssl=1 600w,https:\/\/i1.wp.com\/blog.panrotas.com.br\/direto-de-paris\/wp-content\/uploads\/sites\/26\/2021\/09\/mesas-calcada-paris.jpg?strip=info&#038;w=640&#038;ssl=1 640w\" alt=\"\" data-height=\"480\" data-id=\"9237\" data-link=\"https:\/\/blog.panrotas.com.br\/direto-de-paris\/?attachment_id=9237\" data-url=\"https:\/\/blog.panrotas.com.br\/direto-de-paris\/wp-content\/uploads\/sites\/26\/2021\/09\/mesas-calcada-paris.jpg\" data-width=\"640\" src=\"https:\/\/i1.wp.com\/blog.panrotas.com.br\/direto-de-paris\/wp-content\/uploads\/sites\/26\/2021\/09\/mesas-calcada-paris.jpg?ssl=1\" data-amp-layout=\"responsive\" \/><\/figure><\/div><div class=\"tiled-gallery__col\" style=\"flex-basis:53.05677%\"><figure class=\"tiled-gallery__item\"><img srcset=\"https:\/\/i2.wp.com\/blog.panrotas.com.br\/direto-de-paris\/wp-content\/uploads\/sites\/26\/2021\/09\/restaurante-calcada-paris.jpg?strip=info&#038;w=480&#038;ssl=1 480w\" alt=\"\" data-height=\"640\" data-id=\"9238\" data-link=\"https:\/\/blog.panrotas.com.br\/direto-de-paris\/?attachment_id=9238\" data-url=\"https:\/\/blog.panrotas.com.br\/direto-de-paris\/wp-content\/uploads\/sites\/26\/2021\/09\/restaurante-calcada-paris.jpg\" data-width=\"480\" src=\"https:\/\/i2.wp.com\/blog.panrotas.com.br\/direto-de-paris\/wp-content\/uploads\/sites\/26\/2021\/09\/restaurante-calcada-paris.jpg?ssl=1\" data-amp-layout=\"responsive\" \/><\/figure><\/div><\/div><div class=\"tiled-gallery__row\"><div class=\"tiled-gallery__col\" style=\"flex-basis:32.61026%\"><figure class=\"tiled-gallery__item\"><img srcset=\"https:\/\/i0.wp.com\/blog.panrotas.com.br\/direto-de-paris\/wp-content\/uploads\/sites\/26\/2021\/09\/varanda-cafe-paris.jpg?strip=info&#038;w=480&#038;ssl=1 480w\" alt=\"\" data-height=\"640\" data-id=\"9239\" data-link=\"https:\/\/blog.panrotas.com.br\/direto-de-paris\/?attachment_id=9239\" data-url=\"https:\/\/blog.panrotas.com.br\/direto-de-paris\/wp-content\/uploads\/sites\/26\/2021\/09\/varanda-cafe-paris.jpg\" data-width=\"480\" src=\"https:\/\/i0.wp.com\/blog.panrotas.com.br\/direto-de-paris\/wp-content\/uploads\/sites\/26\/2021\/09\/varanda-cafe-paris.jpg?ssl=1\" data-amp-layout=\"responsive\" \/><\/figure><\/div><div class=\"tiled-gallery__col\" style=\"flex-basis:34.77948%\"><figure class=\"tiled-gallery__item\"><img srcset=\"https:\/\/i0.wp.com\/blog.panrotas.com.br\/direto-de-paris\/wp-content\/uploads\/sites\/26\/2021\/09\/viajar-para-paris-e-a-franca-na-pratica.jpg?strip=info&#038;w=480&#038;ssl=1 480w\" alt=\"\" data-height=\"600\" data-id=\"9240\" data-link=\"https:\/\/blog.panrotas.com.br\/direto-de-paris\/?attachment_id=9240\" data-url=\"https:\/\/blog.panrotas.com.br\/direto-de-paris\/wp-content\/uploads\/sites\/26\/2021\/09\/viajar-para-paris-e-a-franca-na-pratica.jpg\" data-width=\"480\" src=\"https:\/\/i0.wp.com\/blog.panrotas.com.br\/direto-de-paris\/wp-content\/uploads\/sites\/26\/2021\/09\/viajar-para-paris-e-a-franca-na-pratica.jpg?ssl=1\" data-amp-layout=\"responsive\" \/><\/figure><\/div><div class=\"tiled-gallery__col\" style=\"flex-basis:32.61026%\"><figure class=\"tiled-gallery__item\"><img srcset=\"https:\/\/i1.wp.com\/blog.panrotas.com.br\/direto-de-paris\/wp-content\/uploads\/sites\/26\/2021\/09\/gare-de-lest-paris.jpg?strip=info&#038;w=480&#038;ssl=1 480w\" alt=\"\" data-height=\"640\" data-id=\"9241\" data-link=\"https:\/\/blog.panrotas.com.br\/direto-de-paris\/?attachment_id=9241\" data-url=\"https:\/\/blog.panrotas.com.br\/direto-de-paris\/wp-content\/uploads\/sites\/26\/2021\/09\/gare-de-lest-paris.jpg\" data-width=\"480\" src=\"https:\/\/i1.wp.com\/blog.panrotas.com.br\/direto-de-paris\/wp-content\/uploads\/sites\/26\/2021\/09\/gare-de-lest-paris.jpg?ssl=1\" data-amp-layout=\"responsive\" \/><\/figure><\/div><\/div><\/div><\/div>\n\n\n\n<p>Medidas anti-covid a parte, a vida aqui continua como antes, vida cultural intensa, muitas atra\u00e7\u00f5es, muita gente nas varandas dos caf\u00e9s, enfim <em>L&#8217;art de vivre<\/em> francesa est\u00e1 de volta. <\/p>\n","protected":false},"excerpt":{"rendered":"<p>Neste artigo vamos ver como est\u00e3o se passando as viagens para Paris e Fran\u00e7a em 2021 na pr\u00e1tica Muita gente est\u00e1 curiosa ou at\u00e9 mesmo necessitando saber como est\u00e3o as coisas por aqui e sobretudo como est\u00e3o as coisas para chegar aqui. Como sabido, est\u00e1 liberada a entrada na Fran\u00e7a de brasileiros vacinados com Pfizer,&hellip; <a class=\"more-link\" href=\"https:\/\/blog.panrotas.com.br\/direto-de-paris\/2021\/09\/15\/paris-na-pratica\/\">Continue reading &rarr;<\/a><\/p>\n","protected":false},"author":15,"featured_media":9245,"comment_status":"open","ping_status":"open","sticky":false,"template":"","format":"standard","meta":{"spay_email":""},"categories":[2],"tags":[],"yoast_head":"<!-- This site is optimized with the Yoast SEO plugin v17.3 - https:\/\/yoast.com\/wordpress\/plugins\/seo\/ -->\n<title>Viajar para Paris e Fran\u00e7a em 2021 na pr\u00e1tica - Direto de Paris<\/title>\n<meta name=\"description\" content=\"Neste artigo vamos ver como est\u00e3o se passando as viagens para Paris e Fran\u00e7a em 2021 na pr\u00e1tica. Como est\u00e3o se passando as viagens para...\" \/>\n<meta name=\"robots\" content=\"index, follow, max-snippet:-1, max-image-preview:large, max-video-preview:-1\" \/>\n<link rel=\"canonical\" href=\"https:\/\/blog.panrotas.com.br\/direto-de-paris\/2021\/09\/15\/paris-na-pratica\/\" \/>\n<meta property=\"og:locale\" content=\"pt_BR\" \/>\n<meta property=\"og:type\" content=\"article\" \/>\n<meta property=\"og:title\" content=\"Viajar para Paris e Fran\u00e7a em 2021 na pr\u00e1tica - Direto de Paris\" \/>\n<meta property=\"og:description\" content=\"Neste artigo vamos ver como est\u00e3o se passando as viagens para Paris e Fran\u00e7a em 2021 na pr\u00e1tica. Como est\u00e3o se passando as viagens para...\" \/>\n<meta property=\"og:url\" content=\"https:\/\/blog.panrotas.com.br\/direto-de-paris\/2021\/09\/15\/paris-na-pratica\/\" \/>\n<meta property=\"og:site_name\" content=\"Direto de Paris\" \/>\n<meta property=\"article:author\" content=\"https:\/\/www.facebook.com\/Passeiosemparis\/\" \/>\n<meta property=\"article:published_time\" content=\"2021-09-15T12:32:14+00:00\" \/>\n<meta property=\"article:modified_time\" content=\"2021-09-15T12:44:48+00:00\" \/>\n<meta property=\"og:image\" content=\"http:\/\/blog.panrotas.com.br\/direto-de-paris\/wp-content\/uploads\/sites\/26\/2021\/09\/quiosque-teste-covid-paris-1.jpg\" \/>\n\t<meta property=\"og:image:width\" content=\"960\" \/>\n\t<meta property=\"og:image:height\" content=\"768\" \/>\n<meta name=\"twitter:card\" content=\"summary_large_image\" \/>\n<meta name=\"twitter:label1\" content=\"Escrito por\" \/>\n\t<meta name=\"twitter:data1\" content=\"Silvia Helena\" \/>\n\t<meta name=\"twitter:label2\" content=\"Est. tempo de leitura\" \/>\n\t<meta name=\"twitter:data2\" content=\"6 minutos\" \/>\n<script type=\"application\/ld+json\" class=\"yoast-schema-graph\">{\"@context\":\"https:\/\/schema.org\",\"@graph\":[{\"@type\":\"WebSite\",\"@id\":\"https:\/\/blog.panrotas.com.br\/direto-de-paris\/#website\",\"url\":\"https:\/\/blog.panrotas.com.br\/direto-de-paris\/\",\"name\":\"Direto de Paris\",\"description\":\"Blogosfera PANROTAS\",\"potentialAction\":[{\"@type\":\"SearchAction\",\"target\":{\"@type\":\"EntryPoint\",\"urlTemplate\":\"https:\/\/blog.panrotas.com.br\/direto-de-paris\/?s={search_term_string}\"},\"query-input\":\"required name=search_term_string\"}],\"inLanguage\":\"pt-BR\"},{\"@type\":\"ImageObject\",\"@id\":\"https:\/\/blog.panrotas.com.br\/direto-de-paris\/2021\/09\/15\/paris-na-pratica\/#primaryimage\",\"inLanguage\":\"pt-BR\",\"url\":\"https:\/\/blog.panrotas.com.br\/direto-de-paris\/wp-content\/uploads\/sites\/26\/2021\/09\/quiosque-teste-covid-paris-1.jpg\",\"contentUrl\":\"https:\/\/blog.panrotas.com.br\/direto-de-paris\/wp-content\/uploads\/sites\/26\/2021\/09\/quiosque-teste-covid-paris-1.jpg\",\"width\":960,\"height\":768},{\"@type\":\"WebPage\",\"@id\":\"https:\/\/blog.panrotas.com.br\/direto-de-paris\/2021\/09\/15\/paris-na-pratica\/#webpage\",\"url\":\"https:\/\/blog.panrotas.com.br\/direto-de-paris\/2021\/09\/15\/paris-na-pratica\/\",\"name\":\"Viajar para Paris e Fran\\u00e7a em 2021 na pr\\u00e1tica - Direto de Paris\",\"isPartOf\":{\"@id\":\"https:\/\/blog.panrotas.com.br\/direto-de-paris\/#website\"},\"primaryImageOfPage\":{\"@id\":\"https:\/\/blog.panrotas.com.br\/direto-de-paris\/2021\/09\/15\/paris-na-pratica\/#primaryimage\"},\"datePublished\":\"2021-09-15T12:32:14+00:00\",\"dateModified\":\"2021-09-15T12:44:48+00:00\",\"author\":{\"@id\":\"https:\/\/blog.panrotas.com.br\/direto-de-paris\/#\/schema\/person\/0137bff12a66d9bd80e250aa2c7000b3\"},\"description\":\"Neste artigo vamos ver como est\\u00e3o se passando as viagens para Paris e Fran\\u00e7a em 2021 na pr\\u00e1tica. Como est\\u00e3o se passando as viagens para...\",\"breadcrumb\":{\"@id\":\"https:\/\/blog.panrotas.com.br\/direto-de-paris\/2021\/09\/15\/paris-na-pratica\/#breadcrumb\"},\"inLanguage\":\"pt-BR\",\"potentialAction\":[{\"@type\":\"ReadAction\",\"target\":[\"https:\/\/blog.panrotas.com.br\/direto-de-paris\/2021\/09\/15\/paris-na-pratica\/\"]}]},{\"@type\":\"BreadcrumbList\",\"@id\":\"https:\/\/blog.panrotas.com.br\/direto-de-paris\/2021\/09\/15\/paris-na-pratica\/#breadcrumb\",\"itemListElement\":[{\"@type\":\"ListItem\",\"position\":1,\"name\":\"In\\u00edcio\",\"item\":\"https:\/\/blog.panrotas.com.br\/direto-de-paris\/\"},{\"@type\":\"ListItem\",\"position\":2,\"name\":\"Viajar para Paris e Fran\\u00e7a em 2021 na pr\\u00e1tica\"}]},{\"@type\":\"Person\",\"@id\":\"https:\/\/blog.panrotas.com.br\/direto-de-paris\/#\/schema\/person\/0137bff12a66d9bd80e250aa2c7000b3\",\"name\":\"Silvia Helena\",\"image\":{\"@type\":\"ImageObject\",\"@id\":\"https:\/\/blog.panrotas.com.br\/direto-de-paris\/#personlogo\",\"inLanguage\":\"pt-BR\",\"url\":\"https:\/\/secure.gravatar.com\/avatar\/0278ededd1c842496785759e4fa61c99?s=96&d=mm&r=g\",\"contentUrl\":\"https:\/\/secure.gravatar.com\/avatar\/0278ededd1c842496785759e4fa61c99?s=96&d=mm&r=g\",\"caption\":\"Silvia Helena\"},\"description\":\"Ap\\u00f3s breves passagens pela Faculdade Metodista de S\\u00e3o Bernardo e Belas Artes de S\\u00e3o Paulo, aos 18 anos fui estudar no Canad\\u00e1, onde vivi durante 23 anos. L\\u00e1 me formei em Hist\\u00f3ria da Arte pela Universidade de Montr\\u00e9al, estudei turismo no Coll\\u00e8ge Lasalle de Montr\\u00e9al e no Institut de Tourisme et H\\u00f4tellerie du Qu\\u00e9bec. Comecei minha carreira na \\u00e1rea trabalhando em Cuba. Durante os anos vividos no Canad\\u00e1, entre outras coisas, fui guia de circuitos pela costa leste e abri minha primeira ag\\u00eancia de receptivo para brasileiros. H\\u00e1 18 anos um vento forte bateu nas velas da minha vida me conduzindo at\\u00e9 Fran\\u00e7a. Atualmente escrevo de Paris, onde vivo e trabalho dirigindo a empresa de receptivo, LA BELLE VIE.\",\"sameAs\":[\"http:\/\/brasileirosemparis.com\",\"https:\/\/www.facebook.com\/Passeiosemparis\/\",\"https:\/\/www.instagram.com\/labellevietour\",\"https:\/\/www.linkedin.com\/in\/silvia-helena-96864a17\/\"],\"url\":\"https:\/\/blog.panrotas.com.br\/direto-de-paris\/author\/silvia\/\"}]}<\/script>\n<!-- \/ Yoast SEO plugin. -->","yoast_head_json":{"title":"Viajar para Paris e Fran\u00e7a em 2021 na pr\u00e1tica - Direto de Paris","description":"Neste artigo vamos ver como est\u00e3o se passando as viagens para Paris e Fran\u00e7a em 2021 na pr\u00e1tica. Como est\u00e3o se passando as viagens para...","robots":{"index":"index","follow":"follow","max-snippet":"max-snippet:-1","max-image-preview":"max-image-preview:large","max-video-preview":"max-video-preview:-1"},"canonical":"https:\/\/blog.panrotas.com.br\/direto-de-paris\/2021\/09\/15\/paris-na-pratica\/","og_locale":"pt_BR","og_type":"article","og_title":"Viajar para Paris e Fran\u00e7a em 2021 na pr\u00e1tica - Direto de Paris","og_description":"Neste artigo vamos ver como est\u00e3o se passando as viagens para Paris e Fran\u00e7a em 2021 na pr\u00e1tica. Como est\u00e3o se passando as viagens para...","og_url":"https:\/\/blog.panrotas.com.br\/direto-de-paris\/2021\/09\/15\/paris-na-pratica\/","og_site_name":"Direto de Paris","article_author":"https:\/\/www.facebook.com\/Passeiosemparis\/","article_published_time":"2021-09-15T12:32:14+00:00","article_modified_time":"2021-09-15T12:44:48+00:00","og_image":[{"width":960,"height":768,"url":"http:\/\/blog.panrotas.com.br\/direto-de-paris\/wp-content\/uploads\/sites\/26\/2021\/09\/quiosque-teste-covid-paris-1.jpg","type":"image\/jpeg"}],"twitter_card":"summary_large_image","twitter_misc":{"Escrito por":"Silvia Helena","Est. tempo de leitura":"6 minutos"},"schema":{"@context":"https:\/\/schema.org","@graph":[{"@type":"WebSite","@id":"https:\/\/blog.panrotas.com.br\/direto-de-paris\/#website","url":"https:\/\/blog.panrotas.com.br\/direto-de-paris\/","name":"Direto de Paris","description":"Blogosfera PANROTAS","potentialAction":[{"@type":"SearchAction","target":{"@type":"EntryPoint","urlTemplate":"https:\/\/blog.panrotas.com.br\/direto-de-paris\/?s={search_term_string}"},"query-input":"required name=search_term_string"}],"inLanguage":"pt-BR"},{"@type":"ImageObject","@id":"https:\/\/blog.panrotas.com.br\/direto-de-paris\/2021\/09\/15\/paris-na-pratica\/#primaryimage","inLanguage":"pt-BR","url":"https:\/\/blog.panrotas.com.br\/direto-de-paris\/wp-content\/uploads\/sites\/26\/2021\/09\/quiosque-teste-covid-paris-1.jpg","contentUrl":"https:\/\/blog.panrotas.com.br\/direto-de-paris\/wp-content\/uploads\/sites\/26\/2021\/09\/quiosque-teste-covid-paris-1.jpg","width":960,"height":768},{"@type":"WebPage","@id":"https:\/\/blog.panrotas.com.br\/direto-de-paris\/2021\/09\/15\/paris-na-pratica\/#webpage","url":"https:\/\/blog.panrotas.com.br\/direto-de-paris\/2021\/09\/15\/paris-na-pratica\/","name":"Viajar para Paris e Fran\u00e7a em 2021 na pr\u00e1tica - Direto de Paris","isPartOf":{"@id":"https:\/\/blog.panrotas.com.br\/direto-de-paris\/#website"},"primaryImageOfPage":{"@id":"https:\/\/blog.panrotas.com.br\/direto-de-paris\/2021\/09\/15\/paris-na-pratica\/#primaryimage"},"datePublished":"2021-09-15T12:32:14+00:00","dateModified":"2021-09-15T12:44:48+00:00","author":{"@id":"https:\/\/blog.panrotas.com.br\/direto-de-paris\/#\/schema\/person\/0137bff12a66d9bd80e250aa2c7000b3"},"description":"Neste artigo vamos ver como est\u00e3o se passando as viagens para Paris e Fran\u00e7a em 2021 na pr\u00e1tica. Como est\u00e3o se passando as viagens para...","breadcrumb":{"@id":"https:\/\/blog.panrotas.com.br\/direto-de-paris\/2021\/09\/15\/paris-na-pratica\/#breadcrumb"},"inLanguage":"pt-BR","potentialAction":[{"@type":"ReadAction","target":["https:\/\/blog.panrotas.com.br\/direto-de-paris\/2021\/09\/15\/paris-na-pratica\/"]}]},{"@type":"BreadcrumbList","@id":"https:\/\/blog.panrotas.com.br\/direto-de-paris\/2021\/09\/15\/paris-na-pratica\/#breadcrumb","itemListElement":[{"@type":"ListItem","position":1,"name":"In\u00edcio","item":"https:\/\/blog.panrotas.com.br\/direto-de-paris\/"},{"@type":"ListItem","position":2,"name":"Viajar para Paris e Fran\u00e7a em 2021 na pr\u00e1tica"}]},{"@type":"Person","@id":"https:\/\/blog.panrotas.com.br\/direto-de-paris\/#\/schema\/person\/0137bff12a66d9bd80e250aa2c7000b3","name":"Silvia Helena","image":{"@type":"ImageObject","@id":"https:\/\/blog.panrotas.com.br\/direto-de-paris\/#personlogo","inLanguage":"pt-BR","url":"https:\/\/secure.gravatar.com\/avatar\/0278ededd1c842496785759e4fa61c99?s=96&d=mm&r=g","contentUrl":"https:\/\/secure.gravatar.com\/avatar\/0278ededd1c842496785759e4fa61c99?s=96&d=mm&r=g","caption":"Silvia Helena"},"description":"Ap\u00f3s breves passagens pela Faculdade Metodista de S\u00e3o Bernardo e Belas Artes de S\u00e3o Paulo, aos 18 anos fui estudar no Canad\u00e1, onde vivi durante 23 anos. L\u00e1 me formei em Hist\u00f3ria da Arte pela Universidade de Montr\u00e9al, estudei turismo no Coll\u00e8ge Lasalle de Montr\u00e9al e no Institut de Tourisme et H\u00f4tellerie du Qu\u00e9bec. Comecei minha carreira na \u00e1rea trabalhando em Cuba. Durante os anos vividos no Canad\u00e1, entre outras coisas, fui guia de circuitos pela costa leste e abri minha primeira ag\u00eancia de receptivo para brasileiros. H\u00e1 18 anos um vento forte bateu nas velas da minha vida me conduzindo at\u00e9 Fran\u00e7a. Atualmente escrevo de Paris, onde vivo e trabalho dirigindo a empresa de receptivo, LA BELLE VIE.","sameAs":["http:\/\/brasileirosemparis.com","https:\/\/www.facebook.com\/Passeiosemparis\/","https:\/\/www.instagram.com\/labellevietour","https:\/\/www.linkedin.com\/in\/silvia-helena-96864a17\/"],"url":"https:\/\/blog.panrotas.com.br\/direto-de-paris\/author\/silvia\/"}]}},"jetpack_featured_media_url":"https:\/\/blog.panrotas.com.br\/direto-de-paris\/wp-content\/uploads\/sites\/26\/2021\/09\/quiosque-teste-covid-paris-1.jpg","_links":{"self":[{"href":"https:\/\/blog.panrotas.com.br\/direto-de-paris\/wp-json\/wp\/v2\/posts\/9227"}],"collection":[{"href":"https:\/\/blog.panrotas.com.br\/direto-de-paris\/wp-json\/wp\/v2\/posts"}],"about":[{"href":"https:\/\/blog.panrotas.com.br\/direto-de-paris\/wp-json\/wp\/v2\/types\/post"}],"author":[{"embeddable":true,"href":"https:\/\/blog.panrotas.com.br\/direto-de-paris\/wp-json\/wp\/v2\/users\/15"}],"replies":[{"embeddable":true,"href":"https:\/\/blog.panrotas.com.br\/direto-de-paris\/wp-json\/wp\/v2\/comments?post=9227"}],"version-history":[{"count":9,"href":"https:\/\/blog.panrotas.com.br\/direto-de-paris\/wp-json\/wp\/v2\/posts\/9227\/revisions"}],"predecessor-version":[{"id":9252,"href":"https:\/\/blog.panrotas.com.br\/direto-de-paris\/wp-json\/wp\/v2\/posts\/9227\/revisions\/9252"}],"wp:featuredmedia":[{"embeddable":true,"href":"https:\/\/blog.panrotas.com.br\/direto-de-paris\/wp-json\/wp\/v2\/media\/9245"}],"wp:attachment":[{"href":"https:\/\/blog.panrotas.com.br\/direto-de-paris\/wp-json\/wp\/v2\/media?parent=9227"}],"wp:term":[{"taxonomy":"category","embeddable":true,"href":"https:\/\/blog.panrotas.com.br\/direto-de-paris\/wp-json\/wp\/v2\/categories?post=9227"},{"taxonomy":"post_tag","embeddable":true,"href":"https:\/\/blog.panrotas.com.br\/direto-de-paris\/wp-json\/wp\/v2\/tags?post=9227"}],"curies":[{"name":"wp","href":"https:\/\/api.w.org\/{rel}","templated":true}]}}