{"id":9476,"date":"2022-05-06T11:58:07","date_gmt":"2022-05-06T14:58:07","guid":{"rendered":"https:\/\/blog.panrotas.com.br\/direto-de-paris\/?p=9476"},"modified":"2022-05-09T06:43:32","modified_gmt":"2022-05-09T09:43:32","slug":"convite-90-aniversario-do-skal-em-paris","status":"publish","type":"post","link":"https:\/\/blog.panrotas.com.br\/direto-de-paris\/2022\/05\/06\/convite-90-aniversario-do-skal-em-paris\/","title":{"rendered":"Sk\u00e5l ! este \u00e9 um convite"},"content":{"rendered":"\n<p>Este \u00e9 um convite para todos <strong>Sk\u00e5legas do Brasil<\/strong>: venham celebrar conosco o 90\u00b0 anivers\u00e1rio do Sk\u00e5l Internacional.  Se voc\u00ea n\u00e3o \u00e9 membro, este \u00e9 um convite para conhecer um pouco mais sobre essa associa\u00e7\u00e3o e tamb\u00e9m sobre atra\u00e7\u00f5es incr\u00edveis em Paris. <\/p>\n\n\n\n<h4>Cria\u00e7\u00e3o do primeiro comit\u00ea em Paris<\/h4>\n\n\n\n<p>O Sk\u00e5l International <strong>deu seus primeiros passos em 1932 com a funda\u00e7\u00e3o do primeiro Clube em Paris,<\/strong> impulsionada pela amizade entre um grupo de agentes de viagens parisienses convidados  para a inaugura\u00e7\u00e3o de um voo conectando Paris \u00e0 Amsterd\u00e3-Copenhague-Malmo. <strong>Sk\u00e5l<\/strong> \u00e9 a palavra pronunciada durante os brindes na Escandin\u00e1via, como nosso &#8220;sa\u00fade&#8221;. <\/p>\n\n\n\n<div class=\"wp-block-image\"><figure class=\"aligncenter size-full\"><img loading=\"lazy\" width=\"800\" height=\"551\" src=\"https:\/\/blog.panrotas.com.br\/direto-de-paris\/wp-content\/uploads\/sites\/26\/2022\/05\/skal-coorporative-1934.jpg\" alt=\"\" class=\"wp-image-9477\" srcset=\"https:\/\/blog.panrotas.com.br\/direto-de-paris\/wp-content\/uploads\/sites\/26\/2022\/05\/skal-coorporative-1934.jpg 800w, https:\/\/blog.panrotas.com.br\/direto-de-paris\/wp-content\/uploads\/sites\/26\/2022\/05\/skal-coorporative-1934-300x207.jpg 300w, https:\/\/blog.panrotas.com.br\/direto-de-paris\/wp-content\/uploads\/sites\/26\/2022\/05\/skal-coorporative-1934-768x529.jpg 768w, https:\/\/blog.panrotas.com.br\/direto-de-paris\/wp-content\/uploads\/sites\/26\/2022\/05\/skal-coorporative-1934-740x510.jpg 740w\" sizes=\"(max-width: 800px) 100vw, 800px\" \/><figcaption>Membros do Sk\u00e5l International 1934<\/figcaption><\/figure><\/div>\n\n\n\n<h4>Um encontro profissional e amig\u00e1vel <\/h4>\n\n\n\n<p>A presidente atual do clube Sk\u00e5l de Paris, <strong>Karine Coulanges<\/strong> e sua equipe, em colabora\u00e7\u00e3o com o <strong>Of\u00edcio de Turismo de Paris<\/strong>, prepararam uma experi\u00eancia fabulosa e inesquec\u00edvel para seus associados.<\/p>\n\n\n\n<p>Atualmente, seus 12.377&nbsp;membros, incluindo <strong>tomadores de decis\u00e3o e executivos do setor<\/strong>, se re\u00fanem em n\u00edveis locais, nacionais, regionais e internacionais em torno de quest\u00f5es profissionais, mas tamb\u00e9m como amigos em mais de&nbsp;<strong>317&nbsp;Clubes Sk\u00e5l&nbsp;em&nbsp;103&nbsp;pa\u00edses<\/strong>.<\/p>\n\n\n\n<p>A<strong> comemora\u00e7\u00e3o da funda\u00e7\u00e3o do Sk\u00e5l em Paris <\/strong>ser\u00e1 uma oportunidade \u00fanica de encontro entre muitos desses membros.<\/p>\n\n\n\n<h4>ATRA\u00c7\u00d5ES MEMOR\u00c1VEIS <\/h4>\n\n\n\n<p>O evento comemorativo desta data foi preparado para que os participantes possam n\u00e3o somente <strong>\u201cfazer neg\u00f3cios entre amigos\u201d<\/strong> (lema da associa\u00e7\u00e3o), mas tamb\u00e9m descobrir lugares <strong>inusitados e extraordin\u00e1rios<\/strong> da capital francesa. <\/p>\n\n\n\n<p>O<a href=\"https:\/\/blog.panrotas.com.br\/direto-de-paris\/2021\/11\/29\/dois-minutos-no-paradis\/\"> Paradis Latin <\/a>n\u00e3o precisa de apresenta\u00e7\u00e3o para os leitores do blog, mas al\u00e9m deste cabar\u00e9, atra\u00e7\u00f5es como o moderno <a href=\"https:\/\/www.flyview360.com\/\">Flyview 360,<\/a> o imponente e recentemente inaugurado para visitas <a href=\"https:\/\/www.hotel-de-la-marine.paris\/\">Hotel da Marinha<\/a> e principalmente, o jantar de gala no <a href=\"https:\/\/www.senat.fr\/visite\/\">Pal\u00e1cio de Luxemburgo, sede do Senado Franc\u00eas<\/a> comp\u00f5em uma programa\u00e7\u00e3o sem falhas, misturando glamour, hist\u00f3ria, modernidade e tudo que Paris tem de bom e de melhor para oferecer. <\/p>\n\n\n\n<div class=\"wp-block-image\"><figure class=\"aligncenter size-large\"><img loading=\"lazy\" width=\"1024\" height=\"462\" src=\"https:\/\/blog.panrotas.com.br\/direto-de-paris\/wp-content\/uploads\/sites\/26\/2022\/05\/renata-e-ukr-1024x462.jpg\" alt=\"\" class=\"wp-image-9481\" srcset=\"https:\/\/blog.panrotas.com.br\/direto-de-paris\/wp-content\/uploads\/sites\/26\/2022\/05\/renata-e-ukr-1024x462.jpg 1024w, https:\/\/blog.panrotas.com.br\/direto-de-paris\/wp-content\/uploads\/sites\/26\/2022\/05\/renata-e-ukr-300x135.jpg 300w, https:\/\/blog.panrotas.com.br\/direto-de-paris\/wp-content\/uploads\/sites\/26\/2022\/05\/renata-e-ukr-768x346.jpg 768w, https:\/\/blog.panrotas.com.br\/direto-de-paris\/wp-content\/uploads\/sites\/26\/2022\/05\/renata-e-ukr-1536x692.jpg 1536w, https:\/\/blog.panrotas.com.br\/direto-de-paris\/wp-content\/uploads\/sites\/26\/2022\/05\/renata-e-ukr-740x334.jpg 740w, https:\/\/blog.panrotas.com.br\/direto-de-paris\/wp-content\/uploads\/sites\/26\/2022\/05\/renata-e-ukr.jpg 2048w\" sizes=\"(max-width: 1024px) 100vw, 1024px\" \/><figcaption>Membros do Skal de Paris e Espanha unidos em a\u00e7\u00e3o caritativa para refugiados Ukranianos<\/figcaption><\/figure><\/div>\n\n\n\n<h4>Conhe\u00e7a agora a programa\u00e7\u00e3o:<\/h4>\n\n\n\n<p>01 de Julho de 2022<\/p>\n\n\n\n<ul><li>14h-16h: <strong>Discurso de boas-vindas de Karine Coulanges &amp; Presidente Mundial Bur\u00e7in Turkkan.<\/strong><\/li><li>Cocktail de boas vindas.<\/li><li>Troca B2B entre membros da Sk\u00e5l International e nossos parceiros.<\/li><li>Pausa para o caf\u00e9.<\/li><li>18h30: Transfer do hotel de \u00f4nibus para o fabuloso <strong>show de jantar &#8216;Paradis Latin&#8217;<\/strong>: &#8216; L&#8217;oiseau de Paradis&#8217;.<\/li><li>23h00: Transfer de volta para hotel.<\/li><\/ul>\n\n\n\n<div class=\"wp-block-jetpack-tiled-gallery aligncenter is-style-rectangular\"><div class=\"tiled-gallery__gallery\"><div class=\"tiled-gallery__row\"><div class=\"tiled-gallery__col\" style=\"flex-basis:71.48383%\"><figure class=\"tiled-gallery__item\"><img srcset=\"https:\/\/i1.wp.com\/blog.panrotas.com.br\/direto-de-paris\/wp-content\/uploads\/sites\/26\/2022\/05\/french-cancan-1-jeremie-lamarch.jpg?strip=info&#038;w=600&#038;ssl=1 600w,https:\/\/i1.wp.com\/blog.panrotas.com.br\/direto-de-paris\/wp-content\/uploads\/sites\/26\/2022\/05\/french-cancan-1-jeremie-lamarch.jpg?strip=info&#038;w=640&#038;ssl=1 640w\" alt=\"\" data-height=\"427\" data-id=\"9484\" data-link=\"https:\/\/blog.panrotas.com.br\/direto-de-paris\/?attachment_id=9484\" data-url=\"https:\/\/blog.panrotas.com.br\/direto-de-paris\/wp-content\/uploads\/sites\/26\/2022\/05\/french-cancan-1-jeremie-lamarch.jpg\" data-width=\"640\" src=\"https:\/\/i1.wp.com\/blog.panrotas.com.br\/direto-de-paris\/wp-content\/uploads\/sites\/26\/2022\/05\/french-cancan-1-jeremie-lamarch.jpg?ssl=1\" data-amp-layout=\"responsive\" \/><\/figure><\/div><div class=\"tiled-gallery__col\" style=\"flex-basis:28.51617%\"><figure class=\"tiled-gallery__item\"><img srcset=\"https:\/\/i1.wp.com\/blog.panrotas.com.br\/direto-de-paris\/wp-content\/uploads\/sites\/26\/2022\/05\/decors-marins-des-salons-de-reception-1024x684.jpg?strip=info&#038;w=600&#038;ssl=1 600w,https:\/\/i1.wp.com\/blog.panrotas.com.br\/direto-de-paris\/wp-content\/uploads\/sites\/26\/2022\/05\/decors-marins-des-salons-de-reception-1024x684.jpg?strip=info&#038;w=900&#038;ssl=1 900w,https:\/\/i1.wp.com\/blog.panrotas.com.br\/direto-de-paris\/wp-content\/uploads\/sites\/26\/2022\/05\/decors-marins-des-salons-de-reception-1024x684.jpg?strip=info&#038;w=1200&#038;ssl=1 1200w,https:\/\/i1.wp.com\/blog.panrotas.com.br\/direto-de-paris\/wp-content\/uploads\/sites\/26\/2022\/05\/decors-marins-des-salons-de-reception-1024x684.jpg?strip=info&#038;w=1252&#038;ssl=1 1252w\" alt=\"\" data-height=\"836\" data-id=\"9482\" data-link=\"https:\/\/blog.panrotas.com.br\/direto-de-paris\/?attachment_id=9482\" data-url=\"https:\/\/blog.panrotas.com.br\/direto-de-paris\/wp-content\/uploads\/sites\/26\/2022\/05\/decors-marins-des-salons-de-reception-1024x684.jpg\" data-width=\"1252\" src=\"https:\/\/i1.wp.com\/blog.panrotas.com.br\/direto-de-paris\/wp-content\/uploads\/sites\/26\/2022\/05\/decors-marins-des-salons-de-reception-1024x684.jpg?ssl=1\" data-amp-layout=\"responsive\" \/><\/figure><figure class=\"tiled-gallery__item\"><img srcset=\"https:\/\/i1.wp.com\/blog.panrotas.com.br\/direto-de-paris\/wp-content\/uploads\/sites\/26\/2022\/05\/flyview.jpg?strip=info&#038;w=270&#038;ssl=1 270w\" alt=\"\" data-height=\"270\" data-id=\"9483\" data-link=\"https:\/\/blog.panrotas.com.br\/direto-de-paris\/?attachment_id=9483\" data-url=\"https:\/\/blog.panrotas.com.br\/direto-de-paris\/wp-content\/uploads\/sites\/26\/2022\/05\/flyview.jpg\" data-width=\"270\" src=\"https:\/\/i1.wp.com\/blog.panrotas.com.br\/direto-de-paris\/wp-content\/uploads\/sites\/26\/2022\/05\/flyview.jpg?ssl=1\" data-amp-layout=\"responsive\" \/><\/figure><\/div><\/div><\/div><\/div>\n\n\n\n<figure class=\"wp-block-embed is-type-video is-provider-youtube wp-block-embed-youtube wp-embed-aspect-16-9 wp-has-aspect-ratio\"><div class=\"wp-block-embed__wrapper\">\n<div class=\"jetpack-video-wrapper\"><iframe loading=\"lazy\" title=\"L&#039;Incroyable Survol - FlyView - Long Trailer\" width=\"740\" height=\"416\" src=\"https:\/\/www.youtube.com\/embed\/-dmtkeE_PO8?feature=oembed\" frameborder=\"0\" allow=\"accelerometer; autoplay; clipboard-write; encrypted-media; gyroscope; picture-in-picture\" allowfullscreen><\/iframe><\/div>\n<\/div><figcaption>FlyView 360 Voando sobre Paris em realidade virtual<\/figcaption><\/figure>\n\n\n\n<p>02 de Julho<\/p>\n\n\n\n<ul><li>Caf\u00e9 da manh\u00e3 no hotel.<\/li><li>Reuni\u00e3o \u00e0s 10h00 no sagu\u00e3o seguido de partida para o <strong>Cemit\u00e9rio P\u00e8re Lachaise <\/strong>para uma homenagem ao fundador da Sk\u00e5l International Florimond Volckaert na presen\u00e7a de seu neto Mickael Volckaert.<\/li><li>12:00: Transfer para <strong>Hotel Scribe<\/strong>, sede hist\u00f3rica do Sk\u00e5l International de Paris,.<\/li><li>Coquetel de almo\u00e7o no Hotel Scribe.<\/li><li>14h00: <strong>&#8216;Flyview 360&#8217;<\/strong>, uma nova atra\u00e7\u00e3o fant\u00e1stica em Paris (5 minutos a p\u00e9 do Hotel Scribe).<\/li><li>15h00: Visita o <strong>&#8216;Hotel de la Marine&#8217; na Place Concorde.<\/strong> Ou tempo livre.<\/li><li>18h30: Transfer do Hotel para o edif\u00edcio do <strong>Senado Franc\u00eas<\/strong> para coquetel &amp; jantar de gala.<\/li><li>22h30: Transfer de volta para o hotel.<\/li><\/ul>\n\n\n\n<p>Se voc\u00ea \u00e9 membro do Sk\u00e5l, voc\u00ea n\u00e3o pode perder essa oportunidade. E se voc\u00ea ainda n\u00e3o \u00e9 membro, <strong>fale com um representante do Sk\u00e5l de sua regi\u00e3o e junte-se a n\u00f3s. &nbsp;<\/strong><\/p>\n\n\n\n<p>Veja a seguir <strong>Karines Coulanges<\/strong> que nos conta um pouco mais sobre o que esperar desse encontro que promete ser memor\u00e1vel.<\/p>\n\n\n\n<figure class=\"wp-block-embed is-type-video is-provider-youtube wp-block-embed-youtube wp-embed-aspect-16-9 wp-has-aspect-ratio\"><div class=\"wp-block-embed__wrapper\">\n<div class=\"jetpack-video-wrapper\"><iframe loading=\"lazy\" title=\"SKAL Paris will be 90 in July - and you&#039;re invited to the Party\" width=\"740\" height=\"416\" src=\"https:\/\/www.youtube.com\/embed\/z8g7vTvYXU8?feature=oembed\" frameborder=\"0\" allow=\"accelerometer; autoplay; clipboard-write; encrypted-media; gyroscope; picture-in-picture\" allowfullscreen><\/iframe><\/div>\n<\/div><\/figure>\n","protected":false},"excerpt":{"rendered":"<p>Este \u00e9 um convite para todos Sk\u00e5legas do Brasil: venham celebrar conosco o 90\u00b0 anivers\u00e1rio do Sk\u00e5l Internacional. Se voc\u00ea n\u00e3o \u00e9 membro, este \u00e9 um convite para conhecer um pouco mais sobre essa associa\u00e7\u00e3o e tamb\u00e9m sobre atra\u00e7\u00f5es incr\u00edveis em Paris. Cria\u00e7\u00e3o do primeiro comit\u00ea em Paris O Sk\u00e5l International deu seus primeiros passos&hellip; <a class=\"more-link\" href=\"https:\/\/blog.panrotas.com.br\/direto-de-paris\/2022\/05\/06\/convite-90-aniversario-do-skal-em-paris\/\">Continue reading &rarr;<\/a><\/p>\n","protected":false},"author":15,"featured_media":9479,"comment_status":"open","ping_status":"open","sticky":false,"template":"","format":"standard","meta":{"spay_email":""},"categories":[5,11],"tags":[361,600,601],"yoast_head":"<!-- This site is optimized with the Yoast SEO plugin v17.3 - https:\/\/yoast.com\/wordpress\/plugins\/seo\/ -->\n<title>Sk\u00e5l ! este \u00e9 um convite - Direto de Paris<\/title>\n<meta name=\"description\" content=\"90\u00b0 anivers\u00e1rio do Sk\u00e5l Internacional ocorrer\u00e1 em Paris dias 1 e 2 de julho 2022. Uma festa incr\u00edvel, dois dias de atividades\" \/>\n<meta name=\"robots\" content=\"index, follow, max-snippet:-1, max-image-preview:large, max-video-preview:-1\" \/>\n<link rel=\"canonical\" href=\"https:\/\/blog.panrotas.com.br\/direto-de-paris\/2022\/05\/06\/convite-90-aniversario-do-skal-em-paris\/\" \/>\n<meta property=\"og:locale\" content=\"pt_BR\" \/>\n<meta property=\"og:type\" content=\"article\" \/>\n<meta property=\"og:title\" content=\"Sk\u00e5l ! este \u00e9 um convite - Direto de Paris\" \/>\n<meta property=\"og:description\" content=\"90\u00b0 anivers\u00e1rio do Sk\u00e5l Internacional ocorrer\u00e1 em Paris dias 1 e 2 de julho 2022. Uma festa incr\u00edvel, dois dias de atividades\" \/>\n<meta property=\"og:url\" content=\"https:\/\/blog.panrotas.com.br\/direto-de-paris\/2022\/05\/06\/convite-90-aniversario-do-skal-em-paris\/\" \/>\n<meta property=\"og:site_name\" content=\"Direto de Paris\" \/>\n<meta property=\"article:author\" content=\"https:\/\/www.facebook.com\/Passeiosemparis\/\" \/>\n<meta property=\"article:published_time\" content=\"2022-05-06T14:58:07+00:00\" \/>\n<meta property=\"article:modified_time\" content=\"2022-05-09T09:43:32+00:00\" \/>\n<meta property=\"og:image\" content=\"http:\/\/blog.panrotas.com.br\/direto-de-paris\/wp-content\/uploads\/sites\/26\/2022\/05\/paper-airplane-gb27c680b7-1280.png\" \/>\n\t<meta property=\"og:image:width\" content=\"1280\" \/>\n\t<meta property=\"og:image:height\" content=\"640\" \/>\n<meta name=\"twitter:card\" content=\"summary_large_image\" \/>\n<meta name=\"twitter:label1\" content=\"Escrito por\" \/>\n\t<meta name=\"twitter:data1\" content=\"Silvia Helena\" \/>\n\t<meta name=\"twitter:label2\" content=\"Est. tempo de leitura\" \/>\n\t<meta name=\"twitter:data2\" content=\"4 minutos\" \/>\n<script type=\"application\/ld+json\" class=\"yoast-schema-graph\">{\"@context\":\"https:\/\/schema.org\",\"@graph\":[{\"@type\":\"WebSite\",\"@id\":\"https:\/\/blog.panrotas.com.br\/direto-de-paris\/#website\",\"url\":\"https:\/\/blog.panrotas.com.br\/direto-de-paris\/\",\"name\":\"Direto de Paris\",\"description\":\"Blogosfera PANROTAS\",\"potentialAction\":[{\"@type\":\"SearchAction\",\"target\":{\"@type\":\"EntryPoint\",\"urlTemplate\":\"https:\/\/blog.panrotas.com.br\/direto-de-paris\/?s={search_term_string}\"},\"query-input\":\"required name=search_term_string\"}],\"inLanguage\":\"pt-BR\"},{\"@type\":\"ImageObject\",\"@id\":\"https:\/\/blog.panrotas.com.br\/direto-de-paris\/2022\/05\/06\/convite-90-aniversario-do-skal-em-paris\/#primaryimage\",\"inLanguage\":\"pt-BR\",\"url\":\"https:\/\/blog.panrotas.com.br\/direto-de-paris\/wp-content\/uploads\/sites\/26\/2022\/05\/paper-airplane-gb27c680b7-1280.png\",\"contentUrl\":\"https:\/\/blog.panrotas.com.br\/direto-de-paris\/wp-content\/uploads\/sites\/26\/2022\/05\/paper-airplane-gb27c680b7-1280.png\",\"width\":1280,\"height\":640},{\"@type\":\"WebPage\",\"@id\":\"https:\/\/blog.panrotas.com.br\/direto-de-paris\/2022\/05\/06\/convite-90-aniversario-do-skal-em-paris\/#webpage\",\"url\":\"https:\/\/blog.panrotas.com.br\/direto-de-paris\/2022\/05\/06\/convite-90-aniversario-do-skal-em-paris\/\",\"name\":\"Sk\\u00e5l ! este \\u00e9 um convite - Direto de Paris\",\"isPartOf\":{\"@id\":\"https:\/\/blog.panrotas.com.br\/direto-de-paris\/#website\"},\"primaryImageOfPage\":{\"@id\":\"https:\/\/blog.panrotas.com.br\/direto-de-paris\/2022\/05\/06\/convite-90-aniversario-do-skal-em-paris\/#primaryimage\"},\"datePublished\":\"2022-05-06T14:58:07+00:00\",\"dateModified\":\"2022-05-09T09:43:32+00:00\",\"author\":{\"@id\":\"https:\/\/blog.panrotas.com.br\/direto-de-paris\/#\/schema\/person\/0137bff12a66d9bd80e250aa2c7000b3\"},\"description\":\"90\\u00b0 anivers\\u00e1rio do Sk\\u00e5l Internacional ocorrer\\u00e1 em Paris dias 1 e 2 de julho 2022. Uma festa incr\\u00edvel, dois dias de atividades\",\"breadcrumb\":{\"@id\":\"https:\/\/blog.panrotas.com.br\/direto-de-paris\/2022\/05\/06\/convite-90-aniversario-do-skal-em-paris\/#breadcrumb\"},\"inLanguage\":\"pt-BR\",\"potentialAction\":[{\"@type\":\"ReadAction\",\"target\":[\"https:\/\/blog.panrotas.com.br\/direto-de-paris\/2022\/05\/06\/convite-90-aniversario-do-skal-em-paris\/\"]}]},{\"@type\":\"BreadcrumbList\",\"@id\":\"https:\/\/blog.panrotas.com.br\/direto-de-paris\/2022\/05\/06\/convite-90-aniversario-do-skal-em-paris\/#breadcrumb\",\"itemListElement\":[{\"@type\":\"ListItem\",\"position\":1,\"name\":\"In\\u00edcio\",\"item\":\"https:\/\/blog.panrotas.com.br\/direto-de-paris\/\"},{\"@type\":\"ListItem\",\"position\":2,\"name\":\"Sk\\u00e5l ! este \\u00e9 um convite\"}]},{\"@type\":\"Person\",\"@id\":\"https:\/\/blog.panrotas.com.br\/direto-de-paris\/#\/schema\/person\/0137bff12a66d9bd80e250aa2c7000b3\",\"name\":\"Silvia Helena\",\"image\":{\"@type\":\"ImageObject\",\"@id\":\"https:\/\/blog.panrotas.com.br\/direto-de-paris\/#personlogo\",\"inLanguage\":\"pt-BR\",\"url\":\"https:\/\/secure.gravatar.com\/avatar\/0278ededd1c842496785759e4fa61c99?s=96&d=mm&r=g\",\"contentUrl\":\"https:\/\/secure.gravatar.com\/avatar\/0278ededd1c842496785759e4fa61c99?s=96&d=mm&r=g\",\"caption\":\"Silvia Helena\"},\"description\":\"Ap\\u00f3s breves passagens pela Faculdade Metodista de S\\u00e3o Bernardo e Belas Artes de S\\u00e3o Paulo, aos 18 anos fui estudar no Canad\\u00e1, onde vivi durante 23 anos. L\\u00e1 me formei em Hist\\u00f3ria da Arte pela Universidade de Montr\\u00e9al, estudei turismo no Coll\\u00e8ge Lasalle de Montr\\u00e9al e no Institut de Tourisme et H\\u00f4tellerie du Qu\\u00e9bec. Comecei minha carreira na \\u00e1rea trabalhando em Cuba. Durante os anos vividos no Canad\\u00e1, entre outras coisas, fui guia de circuitos pela costa leste e abri minha primeira ag\\u00eancia de receptivo para brasileiros. H\\u00e1 18 anos um vento forte bateu nas velas da minha vida me conduzindo at\\u00e9 Fran\\u00e7a. Atualmente escrevo de Paris, onde vivo e trabalho dirigindo a empresa de receptivo, LA BELLE VIE.\",\"sameAs\":[\"http:\/\/brasileirosemparis.com\",\"https:\/\/www.facebook.com\/Passeiosemparis\/\",\"https:\/\/www.instagram.com\/labellevietour\",\"https:\/\/www.linkedin.com\/in\/silvia-helena-96864a17\/\"],\"url\":\"https:\/\/blog.panrotas.com.br\/direto-de-paris\/author\/silvia\/\"}]}<\/script>\n<!-- \/ Yoast SEO plugin. -->","yoast_head_json":{"title":"Sk\u00e5l ! este \u00e9 um convite - Direto de Paris","description":"90\u00b0 anivers\u00e1rio do Sk\u00e5l Internacional ocorrer\u00e1 em Paris dias 1 e 2 de julho 2022. Uma festa incr\u00edvel, dois dias de atividades","robots":{"index":"index","follow":"follow","max-snippet":"max-snippet:-1","max-image-preview":"max-image-preview:large","max-video-preview":"max-video-preview:-1"},"canonical":"https:\/\/blog.panrotas.com.br\/direto-de-paris\/2022\/05\/06\/convite-90-aniversario-do-skal-em-paris\/","og_locale":"pt_BR","og_type":"article","og_title":"Sk\u00e5l ! este \u00e9 um convite - Direto de Paris","og_description":"90\u00b0 anivers\u00e1rio do Sk\u00e5l Internacional ocorrer\u00e1 em Paris dias 1 e 2 de julho 2022. Uma festa incr\u00edvel, dois dias de atividades","og_url":"https:\/\/blog.panrotas.com.br\/direto-de-paris\/2022\/05\/06\/convite-90-aniversario-do-skal-em-paris\/","og_site_name":"Direto de Paris","article_author":"https:\/\/www.facebook.com\/Passeiosemparis\/","article_published_time":"2022-05-06T14:58:07+00:00","article_modified_time":"2022-05-09T09:43:32+00:00","og_image":[{"width":1280,"height":640,"url":"http:\/\/blog.panrotas.com.br\/direto-de-paris\/wp-content\/uploads\/sites\/26\/2022\/05\/paper-airplane-gb27c680b7-1280.png","type":"image\/png"}],"twitter_card":"summary_large_image","twitter_misc":{"Escrito por":"Silvia Helena","Est. tempo de leitura":"4 minutos"},"schema":{"@context":"https:\/\/schema.org","@graph":[{"@type":"WebSite","@id":"https:\/\/blog.panrotas.com.br\/direto-de-paris\/#website","url":"https:\/\/blog.panrotas.com.br\/direto-de-paris\/","name":"Direto de Paris","description":"Blogosfera PANROTAS","potentialAction":[{"@type":"SearchAction","target":{"@type":"EntryPoint","urlTemplate":"https:\/\/blog.panrotas.com.br\/direto-de-paris\/?s={search_term_string}"},"query-input":"required name=search_term_string"}],"inLanguage":"pt-BR"},{"@type":"ImageObject","@id":"https:\/\/blog.panrotas.com.br\/direto-de-paris\/2022\/05\/06\/convite-90-aniversario-do-skal-em-paris\/#primaryimage","inLanguage":"pt-BR","url":"https:\/\/blog.panrotas.com.br\/direto-de-paris\/wp-content\/uploads\/sites\/26\/2022\/05\/paper-airplane-gb27c680b7-1280.png","contentUrl":"https:\/\/blog.panrotas.com.br\/direto-de-paris\/wp-content\/uploads\/sites\/26\/2022\/05\/paper-airplane-gb27c680b7-1280.png","width":1280,"height":640},{"@type":"WebPage","@id":"https:\/\/blog.panrotas.com.br\/direto-de-paris\/2022\/05\/06\/convite-90-aniversario-do-skal-em-paris\/#webpage","url":"https:\/\/blog.panrotas.com.br\/direto-de-paris\/2022\/05\/06\/convite-90-aniversario-do-skal-em-paris\/","name":"Sk\u00e5l ! este \u00e9 um convite - Direto de Paris","isPartOf":{"@id":"https:\/\/blog.panrotas.com.br\/direto-de-paris\/#website"},"primaryImageOfPage":{"@id":"https:\/\/blog.panrotas.com.br\/direto-de-paris\/2022\/05\/06\/convite-90-aniversario-do-skal-em-paris\/#primaryimage"},"datePublished":"2022-05-06T14:58:07+00:00","dateModified":"2022-05-09T09:43:32+00:00","author":{"@id":"https:\/\/blog.panrotas.com.br\/direto-de-paris\/#\/schema\/person\/0137bff12a66d9bd80e250aa2c7000b3"},"description":"90\u00b0 anivers\u00e1rio do Sk\u00e5l Internacional ocorrer\u00e1 em Paris dias 1 e 2 de julho 2022. Uma festa incr\u00edvel, dois dias de atividades","breadcrumb":{"@id":"https:\/\/blog.panrotas.com.br\/direto-de-paris\/2022\/05\/06\/convite-90-aniversario-do-skal-em-paris\/#breadcrumb"},"inLanguage":"pt-BR","potentialAction":[{"@type":"ReadAction","target":["https:\/\/blog.panrotas.com.br\/direto-de-paris\/2022\/05\/06\/convite-90-aniversario-do-skal-em-paris\/"]}]},{"@type":"BreadcrumbList","@id":"https:\/\/blog.panrotas.com.br\/direto-de-paris\/2022\/05\/06\/convite-90-aniversario-do-skal-em-paris\/#breadcrumb","itemListElement":[{"@type":"ListItem","position":1,"name":"In\u00edcio","item":"https:\/\/blog.panrotas.com.br\/direto-de-paris\/"},{"@type":"ListItem","position":2,"name":"Sk\u00e5l ! este \u00e9 um convite"}]},{"@type":"Person","@id":"https:\/\/blog.panrotas.com.br\/direto-de-paris\/#\/schema\/person\/0137bff12a66d9bd80e250aa2c7000b3","name":"Silvia Helena","image":{"@type":"ImageObject","@id":"https:\/\/blog.panrotas.com.br\/direto-de-paris\/#personlogo","inLanguage":"pt-BR","url":"https:\/\/secure.gravatar.com\/avatar\/0278ededd1c842496785759e4fa61c99?s=96&d=mm&r=g","contentUrl":"https:\/\/secure.gravatar.com\/avatar\/0278ededd1c842496785759e4fa61c99?s=96&d=mm&r=g","caption":"Silvia Helena"},"description":"Ap\u00f3s breves passagens pela Faculdade Metodista de S\u00e3o Bernardo e Belas Artes de S\u00e3o Paulo, aos 18 anos fui estudar no Canad\u00e1, onde vivi durante 23 anos. L\u00e1 me formei em Hist\u00f3ria da Arte pela Universidade de Montr\u00e9al, estudei turismo no Coll\u00e8ge Lasalle de Montr\u00e9al e no Institut de Tourisme et H\u00f4tellerie du Qu\u00e9bec. Comecei minha carreira na \u00e1rea trabalhando em Cuba. Durante os anos vividos no Canad\u00e1, entre outras coisas, fui guia de circuitos pela costa leste e abri minha primeira ag\u00eancia de receptivo para brasileiros. H\u00e1 18 anos um vento forte bateu nas velas da minha vida me conduzindo at\u00e9 Fran\u00e7a. Atualmente escrevo de Paris, onde vivo e trabalho dirigindo a empresa de receptivo, LA BELLE VIE.","sameAs":["http:\/\/brasileirosemparis.com","https:\/\/www.facebook.com\/Passeiosemparis\/","https:\/\/www.instagram.com\/labellevietour","https:\/\/www.linkedin.com\/in\/silvia-helena-96864a17\/"],"url":"https:\/\/blog.panrotas.com.br\/direto-de-paris\/author\/silvia\/"}]}},"jetpack_featured_media_url":"https:\/\/blog.panrotas.com.br\/direto-de-paris\/wp-content\/uploads\/sites\/26\/2022\/05\/paper-airplane-gb27c680b7-1280.png","_links":{"self":[{"href":"https:\/\/blog.panrotas.com.br\/direto-de-paris\/wp-json\/wp\/v2\/posts\/9476"}],"collection":[{"href":"https:\/\/blog.panrotas.com.br\/direto-de-paris\/wp-json\/wp\/v2\/posts"}],"about":[{"href":"https:\/\/blog.panrotas.com.br\/direto-de-paris\/wp-json\/wp\/v2\/types\/post"}],"author":[{"embeddable":true,"href":"https:\/\/blog.panrotas.com.br\/direto-de-paris\/wp-json\/wp\/v2\/users\/15"}],"replies":[{"embeddable":true,"href":"https:\/\/blog.panrotas.com.br\/direto-de-paris\/wp-json\/wp\/v2\/comments?post=9476"}],"version-history":[{"count":12,"href":"https:\/\/blog.panrotas.com.br\/direto-de-paris\/wp-json\/wp\/v2\/posts\/9476\/revisions"}],"predecessor-version":[{"id":9498,"href":"https:\/\/blog.panrotas.com.br\/direto-de-paris\/wp-json\/wp\/v2\/posts\/9476\/revisions\/9498"}],"wp:featuredmedia":[{"embeddable":true,"href":"https:\/\/blog.panrotas.com.br\/direto-de-paris\/wp-json\/wp\/v2\/media\/9479"}],"wp:attachment":[{"href":"https:\/\/blog.panrotas.com.br\/direto-de-paris\/wp-json\/wp\/v2\/media?parent=9476"}],"wp:term":[{"taxonomy":"category","embeddable":true,"href":"https:\/\/blog.panrotas.com.br\/direto-de-paris\/wp-json\/wp\/v2\/categories?post=9476"},{"taxonomy":"post_tag","embeddable":true,"href":"https:\/\/blog.panrotas.com.br\/direto-de-paris\/wp-json\/wp\/v2\/tags?post=9476"}],"curies":[{"name":"wp","href":"https:\/\/api.w.org\/{rel}","templated":true}]}}